{"id":9200,"date":"2020-09-22T14:58:58","date_gmt":"2020-09-22T12:58:58","guid":{"rendered":"http:\/\/blog.zhaw.ch\/languagematters\/?p=9200"},"modified":"2024-08-20T13:46:44","modified_gmt":"2024-08-20T11:46:44","slug":"wien-kommunikationsstrategie-covid19","status":"publish","type":"post","link":"https:\/\/blog.zhaw.ch\/languagematters\/2020\/09\/22\/wien-kommunikationsstrategie-covid19\/","title":{"rendered":"Die unklare Kommunikationsstrategie \u00d6sterreichs"},"content":{"rendered":"\n<p style=\"font-size:20px\">Die erste Zeit der Coronakrise f\u00fchlte sich in \u00d6sterreich ernster an als in der Schweiz. Der freie Texter und IAM-Berufspraxisassistent Lionel Hausheer berichtet, wie er die Entschleunigung im Eiltempo erlebt hat, wie sich ein Wien ohne Wiener angef\u00fchlt hat und warum er d<a>i<\/a>e Kommunikationsstrategie \u00d6sterreichs als einen rhetorischen Winkelzug bezeichnen w\u00fcrde.<\/p>\n\n\n\n<p style=\"font-size:14px\">Von Lionel Hausheer, Berufspraxisassistent am IAM Institut f\u00fcr Angewandte Medienwissenschaft, freier Texter und Philosophie-Student an der Universit\u00e4t Wien<\/p>\n\n\n\n<p>Die sechs Tage Skiurlaub hatten wir schon l\u00e4nger geplant, planen m\u00fcssen, weil der gr\u00f6ssere Teil unserer Gruppe vom anderen Ende Europas anreiste. Auf die Skiwoche im Tirol zu verzichten, h\u00e4tte geheissen, f\u00fcnf Monate Vorfreude zu entt\u00e4uschen. Wir scherzten, es g\u00e4be, im absoluten Notfall, keinen besseren Ort f\u00fcr eine gepflegte Quarant\u00e4ne als die Tiroler Berge. Trotzdem: Am dritten Tag mieden wir die H\u00fctten. Am vierten leerten sich die Pisten, am f\u00fcnften Tag reisten wir verfr\u00fcht ab, weil wir Angst hatten, tats\u00e4chlich in den Tiroler Bergen zwei Wochen Quarant\u00e4ne verbringen zu m\u00fcssen.<\/p>\n\n\n\n<h2 class=\"wp-block-heading\">Das Virus ist jetzt bei uns<\/h2>\n\n\n\n<p>Wir fuhren so schnell es ging \u00fcber die Landesgrenze nach Salzburg, nur die Google-Maps-Stimme redete. Gesperrte Landesgrenzen, Quarant\u00e4ne, alles schien m\u00f6glich. Erst in Salzburg, auf der Autobahn nach Wien tankten wir unser Mietauto. Ich fasste nichts an und desinfizierte mir die H\u00e4nde. Wieder auf der Autobahn, zwang ich mich, vern\u00fcnftig zu denken.&nbsp; Was wird schon sein, vor ein paar Tagen Isolation f\u00fcrchtete ich mich nicht, dachte ich. Das war der Abend vom 14. M\u00e4rz 2020.<\/p>\n\n\n\n<div class=\"wp-block-image\"><figure class=\"aligncenter size-large\"><img loading=\"lazy\" decoding=\"async\" width=\"1024\" height=\"768\" src=\"http:\/\/blog.zhaw.ch\/languagematters\/files\/2020\/09\/wien-shutdown-kommunikationsstrategie-iam-zhaw-1024x768.jpg\" alt=\"Wien im Shutdown. \u00d6sterreich und die anfangs unklare Kommunikationsstrategie\" class=\"wp-image-9240\" srcset=\"https:\/\/blog.zhaw.ch\/languagematters\/files\/2020\/09\/wien-shutdown-kommunikationsstrategie-iam-zhaw-1024x768.jpg 1024w, https:\/\/blog.zhaw.ch\/languagematters\/files\/2020\/09\/wien-shutdown-kommunikationsstrategie-iam-zhaw-300x225.jpg 300w, https:\/\/blog.zhaw.ch\/languagematters\/files\/2020\/09\/wien-shutdown-kommunikationsstrategie-iam-zhaw-768x576.jpg 768w, https:\/\/blog.zhaw.ch\/languagematters\/files\/2020\/09\/wien-shutdown-kommunikationsstrategie-iam-zhaw-1536x1152.jpg 1536w, https:\/\/blog.zhaw.ch\/languagematters\/files\/2020\/09\/wien-shutdown-kommunikationsstrategie-iam-zhaw.jpg 2048w\" sizes=\"auto, (max-width: 1024px) 100vw, 1024px\" \/><figcaption>Kein Mensch weit und breit: Unterwegs in den leeren Strassen Wiens.<\/figcaption><\/figure><\/div>\n\n\n\n<p>Die Sendung \u00abZeit im Bild\u00bb zeigte seit 11 Uhr vormittags durchgehend: Steigende Zahlen, Experten mit Einsch\u00e4tzungen zu wissenschaftlichen Differenzierungen. Der \u00f6sterreichische Gesundheitsminister Rudolf Anschober, ein wacher Mann mit ruhiger Stimme und einer Igel \u00e4hnlichen Frisur, war f\u00fcr die Fakten zust\u00e4ndig. Es gab 835 Ansteckungen in \u00d6sterreich, gestern noch zweihundert weniger und \u00fcbermorgen, am 16. M\u00e4rz 2020, werden es bereits \u00fcber 1300 sein. \u00abBitte halten Sie sich an die Massnahmen, wir haben Experten konsultiert, wir tun das Beste, das Virus ist jetzt bei uns.\u00bb<\/p>\n\n\n\n<h2 class=\"wp-block-heading\">Wir k\u00f6nnten gef\u00e4hrlich sein<\/h2>\n\n\n\n<p>Der Innenminister Karl Nehammer, James-Bond-Kiefer und die Frisur noch aus seiner Zeit beim Bundesheer, war f\u00fcr die Disziplin zust\u00e4ndig. Sebastian Kurz, der Kanzler, er \u00fcbernahm das Thema Vertrauen. Mit genormten Gesten und Schwiegersohnblick erkl\u00e4rte er, er werde \u00d6sterreich auf \u00abNotbetrieb herunterfahren\u00bb und das \u00abTeam \u00d6sterreich\u00bb m\u00fcsse jetzt einig sein. Die Sondersendung dauerte zw\u00f6lf Stunden. Irgendwann zwischendrin bestellten meine Freundin und ich Pizza, f\u00fcr die Moral. Aber wir verpassten nicht eine Minute der Corona-Sondersendung. Ab morgen, Montag dem 16. M\u00e4rz wird \u00d6sterreich f\u00fcr 50 Tage auf Pause gestellt.<\/p>\n\n\n\n<div class=\"wp-block-image\"><figure class=\"aligncenter size-large\"><img loading=\"lazy\" decoding=\"async\" width=\"819\" height=\"1024\" src=\"http:\/\/blog.zhaw.ch\/languagematters\/files\/2020\/09\/shutdown-wien-kommunikationsstrategie-zhaw-iam-heimlieferservice-819x1024.jpg\" alt=\"Spaziergang durch Wien nach dem Shutdown w\u00e4hrend Covid-19.\" class=\"wp-image-9199\" srcset=\"https:\/\/blog.zhaw.ch\/languagematters\/files\/2020\/09\/shutdown-wien-kommunikationsstrategie-zhaw-iam-heimlieferservice-819x1024.jpg 819w, https:\/\/blog.zhaw.ch\/languagematters\/files\/2020\/09\/shutdown-wien-kommunikationsstrategie-zhaw-iam-heimlieferservice-240x300.jpg 240w, https:\/\/blog.zhaw.ch\/languagematters\/files\/2020\/09\/shutdown-wien-kommunikationsstrategie-zhaw-iam-heimlieferservice-768x960.jpg 768w, https:\/\/blog.zhaw.ch\/languagematters\/files\/2020\/09\/shutdown-wien-kommunikationsstrategie-zhaw-iam-heimlieferservice-1229x1536.jpg 1229w, https:\/\/blog.zhaw.ch\/languagematters\/files\/2020\/09\/shutdown-wien-kommunikationsstrategie-zhaw-iam-heimlieferservice.jpg 1638w\" sizes=\"auto, (max-width: 819px) 100vw, 819px\" \/><figcaption>Hauslieferung bevorzugt: Lionel Hausheer vor dem Schaufenster eines Lebensmittelh\u00e4ndlers in Wien. <\/figcaption><\/figure><\/div>\n\n\n\n<p>Die Universit\u00e4t hatte geschlossen, alle L\u00e4den, ausser Lebensmittelh\u00e4ndler, mussten ebenfalls schliessen. Ende der ersten Woche h\u00f6rten wir, dass ein Freund aus dem Skiurlaub krank war. Wir k\u00f6nnten jetzt eine Gefahr sein und verliessen das Haus nur noch, wenn es absolut sein musste. Ich verdiente mein Geld gr\u00f6sstenteils als Texter, es machte f\u00fcr mich keinen Unterschied, wo ich arbeitete. Ich kann gut von \u00fcberall her schreiben.<\/p>\n\n\n\n<h2 class=\"wp-block-heading\">Vier gute Gr\u00fcnde und das Team \u00d6sterreich<\/h2>\n\n\n\n<p>Innenminister Nehammer wiederholte in dieser Zeit Mantra-artig: \u00abEs gibt nur drei Gr\u00fcnde das Haus zu verlassen: Systemrelevante Arbeit, einmal die Woche Dinge des t\u00e4glichen Bedarfs einkaufen und drittens, anderen helfen.\u00bb Die Regierung pr\u00fcgelte in Rekordzeit Gesetze durchs Parlament, teilweise ohne Gegenstimmen. Im Treppenhaus hingen Zettel mit Hilfsangeboten f\u00fcr \u00e4ltere Nachbarn. Social Media wurde von Solidarit\u00e4t durchtr\u00e4nkt. Vielleicht war das jetzt tats\u00e4chlich Kurz\u2019 nationalromantisches \u00abTeam \u00d6sterreich.\u00bb<\/p>\n\n\n\n<p>Ende der dritten Woche war ich noch immer nicht krank geworden und wollte mein Fahrrad holen, das am anderen Ende Wiens stehen geblieben war. Der Spaziergang f\u00fchlte sich verboten an und ich formulierte im Kopf Erkl\u00e4rungen, falls Kurz oder Nehammer mich draussen erwischen w\u00fcrden. Ich brauchte das Rad, weil die U-Bahn bestenfalls sporadisch verkehrte und man den \u00f6ffentlichen Verkehr nicht benutzen soll, sagten Sie ja selber, die Herrn Anschober und Nehammer. Ich ging \u00fcber die Mariahilferstrasse, eine grosse Einkaufsstrasse, die so leer war, dass ich mir sicher war, meine Schritte m\u00fcssten wie in einer Kirche hallen. Georg Kreisler singt, Wien ohne Wiener, dann w\u00e4re es richtig sch\u00f6n hier. Aber Wien ohne Wiener ist trotz Fr\u00fchlingssonne traurig.<\/p>\n\n\n\n<h2 class=\"wp-block-heading\">\u00abEs sind die Fakten, die mir Angst machen!\u00bb<\/h2>\n\n\n\n<p>Auf dem Weg rufe ich meine Eltern in der Schweiz an und sage ihnen, sie sollen nicht mehr aus dem Haus gehen. Sie w\u00fcrden schon aufpassen, sagen sie. \u00abNein, ernsthaft, das ist gef\u00e4hrlich!\u00bb Man sieht es ja in den Nachrichten, die Schweizer, die verstehen das nicht richtig, die nehmen das nicht ernst, da steigen die Zahlen, Leute sterben, ein Corona-Drittwelt-Land. \u00abWerde nicht panisch\u00bb, sagte meine Mutter. \u00abIch bin nicht panisch! Es sind Fakten, die mir Angst machen!\u00bb, sagte ich w\u00fctend. Seit vier Wochen war ich zuhause, ganz Wien blieb zuhause und die Zahlen sind noch immer jeden Abend gestiegen, wenn auch zuletzt nur noch schwach. Es war der dritte April und wir hatten an dem Tag den H\u00f6chststand erreicht, aber das konnte ich nicht wissen.<\/p>\n\n\n\n<p>April und Mai waren Routine. Kurz, Anschober und Nehammer erlaubten nun Spazieren mit Leuten aus dem gleichen Haushalt. Ein P\u00e4rchen erz\u00e4hlte aus zwei Meter Abstand, dass Bussen verteilt werden, sicher so 500 Euro. Wir nickten, erst gestern sahen wir, wie Polizisten einen Mann mit Kaffee auf einer Parkbank umkreisten, das musste sowas gewesen sein. Tja, so sind gerade die Regeln, vier Gr\u00fcnde, man weiss es.<\/p>\n\n\n\n<h2 class=\"wp-block-heading\">So normal wie m\u00f6glich<\/h2>\n\n\n\n<p>Ostern war \u00f6sterreichweit abgesagt, Geburtstage feierten wir per Videocall, Zuprosten und Gl\u00fcckw\u00fcnschen ging gut, Umarmen und Kerzenausblasen nicht. Die Tutorien f\u00fcr mein Philosophie-Studium fanden per Zoom-Call statt, sie waren chaotisch, das Tool wechselte mit jedem Versuch. Irgendwann gab ich frustriert auf, und f\u00fchlte mich noch ein wenig mehr isoliert. Manchmal f\u00fchlte sich das an, wie ein langer fauler Tag am Strand.<\/p>\n\n\n\n<p>Ab der zweiten Maiwoche war ein Ende in Sicht. Als Erstes gingen die Baum\u00e4rkte wieder auf, dann kleine L\u00e4den, gr\u00f6ssere L\u00e4den. Der Verkehr nahm wieder zu, die U-Bahn fuhr im gewohnten Takt. Am 15. Mai 2020 sperrten die Lokale wieder auf, nach 50 Tagen Notbetrieb wurde es wieder so normal wie m\u00f6glich, bloss mit mehr Masken und etwas saubereren Oberfl\u00e4chen.<\/p>\n\n\n\n<h2 class=\"wp-block-heading\">Vier wackelige Gr\u00fcnde und eine gelungene Kommunikationsstrategie<\/h2>\n\n\n\n<p>Am 10. Juni entschied das Wiener Verwaltungsgericht, dass man jederzeit das Haus h\u00e4tte verlassen d\u00fcrfen. Die vier Gr\u00fcnde sind also, so wie sie kommuniziert wurden, nie Gesetz gewesen. Strafen in der H\u00f6he von 500 oder 600 Euro m\u00fcssten in diesem Zusammenhang nicht bezahlt werden, schreibt das Gericht im Urteil. In der Zeitung \u00abDer Kurier\u00bb schreibt ein Verfassungsjurist, die Corona-Verordnungen seien so verungl\u00fcckt gewesen, dass eigentlich weder Polizei noch B\u00fcrger h\u00e4tten wissen k\u00f6nnen, was rechtens sei. Die Tageszeitung \u00abDer Standard\u00bb berichtete von einem Sitzungsprotokoll, in dem Sebastian Kurz davon redet, die Angst der Bev\u00f6lkerung, nahe Verwandte zu verlieren, k\u00f6nne man als Strategie in der Krisenkommunikation verwenden. Bei mir hat es gewirkt.<\/p>\n\n\n\n<hr class=\"wp-block-separator is-style-wide\" \/>\n\n\n\n<div class=\"wp-block-image\"><figure class=\"aligncenter size-large\"><a href=\"https:\/\/www.zhaw.ch\/de\/linguistik\/studium\/bachelor-kommunikation\/?utm_source=google-search-ads&amp;utm_medium=%2Bbachelor%20%2Bkommunikation%20%2Bzhaw&amp;utm_campaign=L_BAJO&amp;utm_content=%2Bbachelor%20%2Bkommunikation%20%2Bzhaw&amp;gclid=EAIaIQobChMIrdXx5fnt6wIVGO7tCh0SPA5SEAAYASAAEgJnFfD_BwE\" target=\"_blank\" rel=\"noopener noreferrer\"><img loading=\"lazy\" decoding=\"async\" width=\"1024\" height=\"273\" src=\"http:\/\/blog.zhaw.ch\/languagematters\/files\/2020\/07\/2020_02_Blogfooter_BA-JO_4-1024x273.gif\" alt=\"Bachelor-Kommunikation-ZHAW\" class=\"wp-image-8649\" srcset=\"https:\/\/blog.zhaw.ch\/languagematters\/files\/2020\/07\/2020_02_Blogfooter_BA-JO_4-1024x273.gif 1024w, https:\/\/blog.zhaw.ch\/languagematters\/files\/2020\/07\/2020_02_Blogfooter_BA-JO_4-300x80.gif 300w, https:\/\/blog.zhaw.ch\/languagematters\/files\/2020\/07\/2020_02_Blogfooter_BA-JO_4-768x205.gif 768w\" sizes=\"auto, (max-width: 1024px) 100vw, 1024px\" \/><\/a><\/figure><\/div>\n\n\n\n<hr class=\"wp-block-separator is-style-wide\" \/>\n\n\n\n<h2 class=\"wp-block-heading\">Weitere Beitr\u00e4ge:<\/h2>\n\n\n\n<ul class=\"wp-block-list\"><li><a rel=\"noreferrer noopener\" href=\"https:\/\/blog.zhaw.ch\/languagematters\/2020\/09\/17\/interne-kommunikation-covid-19\/\" target=\"_blank\">Interne Kommunikation in Zeiten von Covid-19<\/a><\/li><li><a href=\"https:\/\/blog.zhaw.ch\/languagematters\/2020\/05\/21\/letzte-studienreise-vor-corona\/\">Ein R\u00fcckblick auf die letzte Studienreise vor der Krise<\/a><\/li><li><a href=\"https:\/\/blog.zhaw.ch\/languagematters\/2020\/05\/14\/datenvisualisierungen-und-ihre-gesellschaftliche-relevanz\/\">Datenvisualisierungen und ihre gesellschaftliche Relevanz<\/a><\/li><li><a rel=\"noreferrer noopener\" href=\"https:\/\/blog.zhaw.ch\/languagematters\/2020\/04\/27\/die-krise-zwingt-zur-strategiekommunikation\/\" target=\"_blank\">Die Krise zwingt zur Strategiekommunikation<\/a><\/li><li><a href=\"https:\/\/blog.zhaw.ch\/languagematters\/2020\/04\/02\/die-rolle-des-journalismus-in-der-corona-krise\/\">Die Rolle des Journalismus in der Corona-Krise<\/a><\/li><\/ul>\n<div class=\"pt-sm\">Schlagw\u00f6rter: <a href=\"http:\/\/blog.zhaw.ch\/languagematters\/tag\/bachelor-kommunikation-und-medien\/\">Bachelor Kommunikation und Medien<\/a>, <a href=\"http:\/\/blog.zhaw.ch\/languagematters\/tag\/iam\/\">IAM Institut f\u00fcr Angewandte Medienwissenschaft<\/a>, <a href=\"http:\/\/blog.zhaw.ch\/languagematters\/tag\/strategische-kommunikation\/\">Strategische Kommunikation<\/a><br><\/div>","protected":false},"excerpt":{"rendered":"<p>Die erste Zeit der Coronakrise f\u00fchlte sich in \u00d6sterreich ernster an als in der Schweiz. Der freie Texter und IAM-Berufspraxisassistent Lionel Hausheer berichtet, wie er die Entschleunigung im Eiltempo erlebt hat, wie sich ein Wien ohne Wiener angef\u00fchlt hat und warum er die Kommunikationsstrategie \u00d6sterreichs als einen rhetorischen Winkelzug bezeichnen w\u00fcrde.<\/p>\n","protected":false},"author":487,"featured_media":9238,"comment_status":"open","ping_status":"open","sticky":false,"template":"","format":"standard","meta":{"ngg_post_thumbnail":0,"footnotes":""},"categories":[1],"tags":[14,200,99],"features":[],"class_list":["post-9200","post","type-post","status-publish","format-standard","has-post-thumbnail","hentry","category-allgemein","tag-bachelor-kommunikation-und-medien","tag-iam","tag-strategische-kommunikation"],"yoast_head":"<!-- This site is optimized with the Yoast SEO Premium plugin v27.2 (Yoast SEO v27.2) - https:\/\/yoast.com\/product\/yoast-seo-premium-wordpress\/ -->\n<title>Die unklare Kommunikationsstrategie \u00d6sterreichs - Language matters.<\/title>\n<meta name=\"robots\" content=\"index, follow, max-snippet:-1, max-image-preview:large, max-video-preview:-1\" \/>\n<link rel=\"canonical\" href=\"https:\/\/blog.zhaw.ch\/languagematters\/2020\/09\/22\/wien-kommunikationsstrategie-covid19\/\" \/>\n<meta property=\"og:locale\" content=\"de_DE\" \/>\n<meta property=\"og:type\" content=\"article\" \/>\n<meta property=\"og:title\" content=\"Die unklare Kommunikationsstrategie \u00d6sterreichs\" \/>\n<meta property=\"og:description\" content=\"Die erste Zeit der Coronakrise f\u00fchlte sich in \u00d6sterreich ernster an als in der Schweiz. Der freie Texter und IAM-Berufspraxisassistent Lionel Hausheer berichtet, wie er die Entschleunigung im Eiltempo erlebt hat, wie sich ein Wien ohne Wiener angef\u00fchlt hat und warum er die Kommunikationsstrategie \u00d6sterreichs als einen rhetorischen Winkelzug bezeichnen w\u00fcrde.\" \/>\n<meta property=\"og:url\" content=\"https:\/\/blog.zhaw.ch\/languagematters\/2020\/09\/22\/wien-kommunikationsstrategie-covid19\/\" \/>\n<meta property=\"og:site_name\" content=\"Language matters.\" \/>\n<meta property=\"article:published_time\" content=\"2020-09-22T12:58:58+00:00\" \/>\n<meta property=\"article:modified_time\" content=\"2024-08-20T11:46:44+00:00\" \/>\n<meta property=\"og:image\" content=\"http:\/\/blog.zhaw.ch\/languagematters\/files\/2020\/09\/wien-zhaw-shutdown-kommunikationsstrategie-zhaw-iam.jpg\" \/>\n\t<meta property=\"og:image:width\" content=\"1365\" \/>\n\t<meta property=\"og:image:height\" content=\"714\" \/>\n\t<meta property=\"og:image:type\" content=\"image\/jpeg\" \/>\n<meta name=\"author\" content=\"spoi\" \/>\n<meta name=\"twitter:card\" content=\"summary_large_image\" \/>\n<meta name=\"twitter:label1\" content=\"Verfasst von\" \/>\n\t<meta name=\"twitter:data1\" content=\"spoi\" \/>\n\t<meta name=\"twitter:label2\" content=\"Gesch\u00e4tzte Lesezeit\" \/>\n\t<meta name=\"twitter:data2\" content=\"8\u00a0Minuten\" \/>\n<script type=\"application\/ld+json\" class=\"yoast-schema-graph\">{\"@context\":\"https:\/\/schema.org\",\"@graph\":[{\"@type\":\"Article\",\"@id\":\"https:\/\/blog.zhaw.ch\/languagematters\/2020\/09\/22\/wien-kommunikationsstrategie-covid19\/#article\",\"isPartOf\":{\"@id\":\"https:\/\/blog.zhaw.ch\/languagematters\/2020\/09\/22\/wien-kommunikationsstrategie-covid19\/\"},\"author\":{\"name\":\"spoi\",\"@id\":\"https:\/\/blog.zhaw.ch\/languagematters\/#\/schema\/person\/605ea8801668a20ac9d53a501827f818\"},\"headline\":\"Die unklare Kommunikationsstrategie \u00d6sterreichs\",\"datePublished\":\"2020-09-22T12:58:58+00:00\",\"dateModified\":\"2024-08-20T11:46:44+00:00\",\"mainEntityOfPage\":{\"@id\":\"https:\/\/blog.zhaw.ch\/languagematters\/2020\/09\/22\/wien-kommunikationsstrategie-covid19\/\"},\"wordCount\":1248,\"commentCount\":0,\"image\":{\"@id\":\"https:\/\/blog.zhaw.ch\/languagematters\/2020\/09\/22\/wien-kommunikationsstrategie-covid19\/#primaryimage\"},\"thumbnailUrl\":\"https:\/\/blog.zhaw.ch\/languagematters\/files\/2020\/09\/wien-zhaw-shutdown-kommunikationsstrategie-zhaw-iam.jpg\",\"keywords\":[\"Bachelor Kommunikation und Medien\",\"IAM Institut f\u00fcr Angewandte Medienwissenschaft\",\"Strategische Kommunikation\"],\"inLanguage\":\"de\",\"potentialAction\":[{\"@type\":\"CommentAction\",\"name\":\"Comment\",\"target\":[\"https:\/\/blog.zhaw.ch\/languagematters\/2020\/09\/22\/wien-kommunikationsstrategie-covid19\/#respond\"]}]},{\"@type\":\"WebPage\",\"@id\":\"https:\/\/blog.zhaw.ch\/languagematters\/2020\/09\/22\/wien-kommunikationsstrategie-covid19\/\",\"url\":\"https:\/\/blog.zhaw.ch\/languagematters\/2020\/09\/22\/wien-kommunikationsstrategie-covid19\/\",\"name\":\"Die unklare Kommunikationsstrategie \u00d6sterreichs - Language matters.\",\"isPartOf\":{\"@id\":\"https:\/\/blog.zhaw.ch\/languagematters\/#website\"},\"primaryImageOfPage\":{\"@id\":\"https:\/\/blog.zhaw.ch\/languagematters\/2020\/09\/22\/wien-kommunikationsstrategie-covid19\/#primaryimage\"},\"image\":{\"@id\":\"https:\/\/blog.zhaw.ch\/languagematters\/2020\/09\/22\/wien-kommunikationsstrategie-covid19\/#primaryimage\"},\"thumbnailUrl\":\"https:\/\/blog.zhaw.ch\/languagematters\/files\/2020\/09\/wien-zhaw-shutdown-kommunikationsstrategie-zhaw-iam.jpg\",\"datePublished\":\"2020-09-22T12:58:58+00:00\",\"dateModified\":\"2024-08-20T11:46:44+00:00\",\"author\":{\"@id\":\"https:\/\/blog.zhaw.ch\/languagematters\/#\/schema\/person\/605ea8801668a20ac9d53a501827f818\"},\"breadcrumb\":{\"@id\":\"https:\/\/blog.zhaw.ch\/languagematters\/2020\/09\/22\/wien-kommunikationsstrategie-covid19\/#breadcrumb\"},\"inLanguage\":\"de\",\"potentialAction\":[{\"@type\":\"ReadAction\",\"target\":[\"https:\/\/blog.zhaw.ch\/languagematters\/2020\/09\/22\/wien-kommunikationsstrategie-covid19\/\"]}]},{\"@type\":\"ImageObject\",\"inLanguage\":\"de\",\"@id\":\"https:\/\/blog.zhaw.ch\/languagematters\/2020\/09\/22\/wien-kommunikationsstrategie-covid19\/#primaryimage\",\"url\":\"https:\/\/blog.zhaw.ch\/languagematters\/files\/2020\/09\/wien-zhaw-shutdown-kommunikationsstrategie-zhaw-iam.jpg\",\"contentUrl\":\"https:\/\/blog.zhaw.ch\/languagematters\/files\/2020\/09\/wien-zhaw-shutdown-kommunikationsstrategie-zhaw-iam.jpg\",\"width\":1365,\"height\":714,\"caption\":\"Wien im Shutdown. Der Autor berichtet \u00fcber eine unklare Kommunikationsstrategie zu Beginn der Coronakrise\"},{\"@type\":\"BreadcrumbList\",\"@id\":\"https:\/\/blog.zhaw.ch\/languagematters\/2020\/09\/22\/wien-kommunikationsstrategie-covid19\/#breadcrumb\",\"itemListElement\":[{\"@type\":\"ListItem\",\"position\":1,\"name\":\"Startseite\",\"item\":\"https:\/\/blog.zhaw.ch\/languagematters\/\"},{\"@type\":\"ListItem\",\"position\":2,\"name\":\"Die unklare Kommunikationsstrategie \u00d6sterreichs\"}]},{\"@type\":\"WebSite\",\"@id\":\"https:\/\/blog.zhaw.ch\/languagematters\/#website\",\"url\":\"https:\/\/blog.zhaw.ch\/languagematters\/\",\"name\":\"Language matters.\",\"description\":\"Ein Blog der ZHAW Z\u00fcrcher Hochschule f\u00fcr Angewandte Wissenschaften\",\"potentialAction\":[{\"@type\":\"SearchAction\",\"target\":{\"@type\":\"EntryPoint\",\"urlTemplate\":\"https:\/\/blog.zhaw.ch\/languagematters\/?s={search_term_string}\"},\"query-input\":{\"@type\":\"PropertyValueSpecification\",\"valueRequired\":true,\"valueName\":\"search_term_string\"}}],\"inLanguage\":\"de\"},{\"@type\":\"Person\",\"@id\":\"https:\/\/blog.zhaw.ch\/languagematters\/#\/schema\/person\/605ea8801668a20ac9d53a501827f818\",\"name\":\"spoi\",\"image\":{\"@type\":\"ImageObject\",\"inLanguage\":\"de\",\"@id\":\"https:\/\/secure.gravatar.com\/avatar\/059ef4d6a19f5d97714a8703de5169cd243767c225b4ce20e2f174ba440f5ff8?s=96&d=mm&r=g\",\"url\":\"https:\/\/secure.gravatar.com\/avatar\/059ef4d6a19f5d97714a8703de5169cd243767c225b4ce20e2f174ba440f5ff8?s=96&d=mm&r=g\",\"contentUrl\":\"https:\/\/secure.gravatar.com\/avatar\/059ef4d6a19f5d97714a8703de5169cd243767c225b4ce20e2f174ba440f5ff8?s=96&d=mm&r=g\",\"caption\":\"spoi\"},\"url\":\"https:\/\/blog.zhaw.ch\/languagematters\/author\/spoi\/\"}]}<\/script>\n<!-- \/ Yoast SEO Premium plugin. -->","yoast_head_json":{"title":"Die unklare Kommunikationsstrategie \u00d6sterreichs - Language matters.","robots":{"index":"index","follow":"follow","max-snippet":"max-snippet:-1","max-image-preview":"max-image-preview:large","max-video-preview":"max-video-preview:-1"},"canonical":"https:\/\/blog.zhaw.ch\/languagematters\/2020\/09\/22\/wien-kommunikationsstrategie-covid19\/","og_locale":"de_DE","og_type":"article","og_title":"Die unklare Kommunikationsstrategie \u00d6sterreichs","og_description":"Die erste Zeit der Coronakrise f\u00fchlte sich in \u00d6sterreich ernster an als in der Schweiz. Der freie Texter und IAM-Berufspraxisassistent Lionel Hausheer berichtet, wie er die Entschleunigung im Eiltempo erlebt hat, wie sich ein Wien ohne Wiener angef\u00fchlt hat und warum er die Kommunikationsstrategie \u00d6sterreichs als einen rhetorischen Winkelzug bezeichnen w\u00fcrde.","og_url":"https:\/\/blog.zhaw.ch\/languagematters\/2020\/09\/22\/wien-kommunikationsstrategie-covid19\/","og_site_name":"Language matters.","article_published_time":"2020-09-22T12:58:58+00:00","article_modified_time":"2024-08-20T11:46:44+00:00","og_image":[{"width":1365,"height":714,"url":"http:\/\/blog.zhaw.ch\/languagematters\/files\/2020\/09\/wien-zhaw-shutdown-kommunikationsstrategie-zhaw-iam.jpg","type":"image\/jpeg"}],"author":"spoi","twitter_card":"summary_large_image","twitter_misc":{"Verfasst von":"spoi","Gesch\u00e4tzte Lesezeit":"8\u00a0Minuten"},"schema":{"@context":"https:\/\/schema.org","@graph":[{"@type":"Article","@id":"https:\/\/blog.zhaw.ch\/languagematters\/2020\/09\/22\/wien-kommunikationsstrategie-covid19\/#article","isPartOf":{"@id":"https:\/\/blog.zhaw.ch\/languagematters\/2020\/09\/22\/wien-kommunikationsstrategie-covid19\/"},"author":{"name":"spoi","@id":"https:\/\/blog.zhaw.ch\/languagematters\/#\/schema\/person\/605ea8801668a20ac9d53a501827f818"},"headline":"Die unklare Kommunikationsstrategie \u00d6sterreichs","datePublished":"2020-09-22T12:58:58+00:00","dateModified":"2024-08-20T11:46:44+00:00","mainEntityOfPage":{"@id":"https:\/\/blog.zhaw.ch\/languagematters\/2020\/09\/22\/wien-kommunikationsstrategie-covid19\/"},"wordCount":1248,"commentCount":0,"image":{"@id":"https:\/\/blog.zhaw.ch\/languagematters\/2020\/09\/22\/wien-kommunikationsstrategie-covid19\/#primaryimage"},"thumbnailUrl":"https:\/\/blog.zhaw.ch\/languagematters\/files\/2020\/09\/wien-zhaw-shutdown-kommunikationsstrategie-zhaw-iam.jpg","keywords":["Bachelor Kommunikation und Medien","IAM Institut f\u00fcr Angewandte Medienwissenschaft","Strategische Kommunikation"],"inLanguage":"de","potentialAction":[{"@type":"CommentAction","name":"Comment","target":["https:\/\/blog.zhaw.ch\/languagematters\/2020\/09\/22\/wien-kommunikationsstrategie-covid19\/#respond"]}]},{"@type":"WebPage","@id":"https:\/\/blog.zhaw.ch\/languagematters\/2020\/09\/22\/wien-kommunikationsstrategie-covid19\/","url":"https:\/\/blog.zhaw.ch\/languagematters\/2020\/09\/22\/wien-kommunikationsstrategie-covid19\/","name":"Die unklare Kommunikationsstrategie \u00d6sterreichs - Language matters.","isPartOf":{"@id":"https:\/\/blog.zhaw.ch\/languagematters\/#website"},"primaryImageOfPage":{"@id":"https:\/\/blog.zhaw.ch\/languagematters\/2020\/09\/22\/wien-kommunikationsstrategie-covid19\/#primaryimage"},"image":{"@id":"https:\/\/blog.zhaw.ch\/languagematters\/2020\/09\/22\/wien-kommunikationsstrategie-covid19\/#primaryimage"},"thumbnailUrl":"https:\/\/blog.zhaw.ch\/languagematters\/files\/2020\/09\/wien-zhaw-shutdown-kommunikationsstrategie-zhaw-iam.jpg","datePublished":"2020-09-22T12:58:58+00:00","dateModified":"2024-08-20T11:46:44+00:00","author":{"@id":"https:\/\/blog.zhaw.ch\/languagematters\/#\/schema\/person\/605ea8801668a20ac9d53a501827f818"},"breadcrumb":{"@id":"https:\/\/blog.zhaw.ch\/languagematters\/2020\/09\/22\/wien-kommunikationsstrategie-covid19\/#breadcrumb"},"inLanguage":"de","potentialAction":[{"@type":"ReadAction","target":["https:\/\/blog.zhaw.ch\/languagematters\/2020\/09\/22\/wien-kommunikationsstrategie-covid19\/"]}]},{"@type":"ImageObject","inLanguage":"de","@id":"https:\/\/blog.zhaw.ch\/languagematters\/2020\/09\/22\/wien-kommunikationsstrategie-covid19\/#primaryimage","url":"https:\/\/blog.zhaw.ch\/languagematters\/files\/2020\/09\/wien-zhaw-shutdown-kommunikationsstrategie-zhaw-iam.jpg","contentUrl":"https:\/\/blog.zhaw.ch\/languagematters\/files\/2020\/09\/wien-zhaw-shutdown-kommunikationsstrategie-zhaw-iam.jpg","width":1365,"height":714,"caption":"Wien im Shutdown. Der Autor berichtet \u00fcber eine unklare Kommunikationsstrategie zu Beginn der Coronakrise"},{"@type":"BreadcrumbList","@id":"https:\/\/blog.zhaw.ch\/languagematters\/2020\/09\/22\/wien-kommunikationsstrategie-covid19\/#breadcrumb","itemListElement":[{"@type":"ListItem","position":1,"name":"Startseite","item":"https:\/\/blog.zhaw.ch\/languagematters\/"},{"@type":"ListItem","position":2,"name":"Die unklare Kommunikationsstrategie \u00d6sterreichs"}]},{"@type":"WebSite","@id":"https:\/\/blog.zhaw.ch\/languagematters\/#website","url":"https:\/\/blog.zhaw.ch\/languagematters\/","name":"Language matters.","description":"Ein Blog der ZHAW Z\u00fcrcher Hochschule f\u00fcr Angewandte Wissenschaften","potentialAction":[{"@type":"SearchAction","target":{"@type":"EntryPoint","urlTemplate":"https:\/\/blog.zhaw.ch\/languagematters\/?s={search_term_string}"},"query-input":{"@type":"PropertyValueSpecification","valueRequired":true,"valueName":"search_term_string"}}],"inLanguage":"de"},{"@type":"Person","@id":"https:\/\/blog.zhaw.ch\/languagematters\/#\/schema\/person\/605ea8801668a20ac9d53a501827f818","name":"spoi","image":{"@type":"ImageObject","inLanguage":"de","@id":"https:\/\/secure.gravatar.com\/avatar\/059ef4d6a19f5d97714a8703de5169cd243767c225b4ce20e2f174ba440f5ff8?s=96&d=mm&r=g","url":"https:\/\/secure.gravatar.com\/avatar\/059ef4d6a19f5d97714a8703de5169cd243767c225b4ce20e2f174ba440f5ff8?s=96&d=mm&r=g","contentUrl":"https:\/\/secure.gravatar.com\/avatar\/059ef4d6a19f5d97714a8703de5169cd243767c225b4ce20e2f174ba440f5ff8?s=96&d=mm&r=g","caption":"spoi"},"url":"https:\/\/blog.zhaw.ch\/languagematters\/author\/spoi\/"}]}},"_links":{"self":[{"href":"https:\/\/blog.zhaw.ch\/languagematters\/wp-json\/wp\/v2\/posts\/9200","targetHints":{"allow":["GET"]}}],"collection":[{"href":"https:\/\/blog.zhaw.ch\/languagematters\/wp-json\/wp\/v2\/posts"}],"about":[{"href":"https:\/\/blog.zhaw.ch\/languagematters\/wp-json\/wp\/v2\/types\/post"}],"author":[{"embeddable":true,"href":"https:\/\/blog.zhaw.ch\/languagematters\/wp-json\/wp\/v2\/users\/487"}],"replies":[{"embeddable":true,"href":"https:\/\/blog.zhaw.ch\/languagematters\/wp-json\/wp\/v2\/comments?post=9200"}],"version-history":[{"count":42,"href":"https:\/\/blog.zhaw.ch\/languagematters\/wp-json\/wp\/v2\/posts\/9200\/revisions"}],"predecessor-version":[{"id":9246,"href":"https:\/\/blog.zhaw.ch\/languagematters\/wp-json\/wp\/v2\/posts\/9200\/revisions\/9246"}],"wp:featuredmedia":[{"embeddable":true,"href":"https:\/\/blog.zhaw.ch\/languagematters\/wp-json\/wp\/v2\/media\/9238"}],"wp:attachment":[{"href":"https:\/\/blog.zhaw.ch\/languagematters\/wp-json\/wp\/v2\/media?parent=9200"}],"wp:term":[{"taxonomy":"category","embeddable":true,"href":"https:\/\/blog.zhaw.ch\/languagematters\/wp-json\/wp\/v2\/categories?post=9200"},{"taxonomy":"post_tag","embeddable":true,"href":"https:\/\/blog.zhaw.ch\/languagematters\/wp-json\/wp\/v2\/tags?post=9200"},{"taxonomy":"features","embeddable":true,"href":"https:\/\/blog.zhaw.ch\/languagematters\/wp-json\/wp\/v2\/features?post=9200"}],"curies":[{"name":"wp","href":"https:\/\/api.w.org\/{rel}","templated":true}]}}