{"id":9144,"date":"2020-09-17T08:04:56","date_gmt":"2020-09-17T06:04:56","guid":{"rendered":"http:\/\/blog.zhaw.ch\/languagematters\/?p=9144"},"modified":"2024-08-15T10:01:02","modified_gmt":"2024-08-15T08:01:02","slug":"interne-kommunikation-covid-19","status":"publish","type":"post","link":"https:\/\/blog.zhaw.ch\/languagematters\/2020\/09\/17\/interne-kommunikation-covid-19\/","title":{"rendered":"Interne Kommunikation in Zeiten von Covid-19"},"content":{"rendered":"\n<p style=\"font-size:20px\">Wie die Pandemie die interne Kommunikation ver\u00e4ndert hat \u2013 Ergebnisse einer qualitativen Studie und Ausblick auf k\u00fcnftige Herausforderungen.<\/p>\n\n\n\n<p style=\"font-size:14px\">Von&nbsp;<a href=\"https:\/\/www.zhaw.ch\/de\/ueber-uns\/person\/urba\/\">Katharina Kr\u00e4mer<\/a>, Dozentin, Forscherin und Beraterin und <a href=\"https:\/\/www.zhaw.ch\/de\/ueber-uns\/person\/pfiz\/\">Annette Pfizenmayer<\/a>, Dozentin, Forscherin und Beraterin am IAM Institut f\u00fcr Angewandte Medienwissenschaft.<\/p>\n\n\n\n<p>Im Rahmen der dreiteiligen Blog-Reihe \u201eInterne Kommunikation im Wandel\u201c gibt dieser dritte Beitrag einen \u00dcberblick zu den Ergebnissen der qualitativen Studie, die im Fr\u00fchjahrssemester 2020 an der ZHAW durchgef\u00fchrt wurde. Im Fokus: die Herausforderungen der internen Kommunikation in Zeiten von Covid-19. Befragt wurden Ende April sieben Kommunikationsverantwortliche aus ausgew\u00e4hlten Schweizer (Gross-)Unternehmen in den Sektoren Logistik, Luftfahrt, \u00f6ffentlicher Verkehr, Gesundheitswesen, Versicherungen und Technologie. Die Befragten sind f\u00fcr die interne Unternehmenskommunikation verantwortlich, die in den Organisationen institutionell verankert ist. Das Studienprojekt wurde im Fr\u00fchjahrssemester mit 13 Studierenden des Bachelorstudiengangs Kommunikation im Forschungs- und Arbeitsbereichs OKM \u00abOrganisationskommunikation und Management\u00bb umgesetzt. Im weiteren Forschungsprozess wird im kommenden Herbstsemester das Thema \u201eInterne Kommunikation in Zeiten von Covid-19\u201c weiter vertieft und gezielt versucht, Best Practices zu eruieren.<\/p>\n\n\n\n<figure class=\"wp-block-image size-large\"><img loading=\"lazy\" decoding=\"async\" width=\"906\" height=\"510\" src=\"https:\/\/blog.zhaw.ch\/languagematters\/files\/2020\/09\/dozentinnen-studierende-forschungsseminar-interne-kommunikation-iam-zhaw.png\" alt=\"\" class=\"wp-image-9149\" srcset=\"https:\/\/blog.zhaw.ch\/languagematters\/files\/2020\/09\/dozentinnen-studierende-forschungsseminar-interne-kommunikation-iam-zhaw.png 906w, https:\/\/blog.zhaw.ch\/languagematters\/files\/2020\/09\/dozentinnen-studierende-forschungsseminar-interne-kommunikation-iam-zhaw-300x169.png 300w, https:\/\/blog.zhaw.ch\/languagematters\/files\/2020\/09\/dozentinnen-studierende-forschungsseminar-interne-kommunikation-iam-zhaw-768x432.png 768w\" sizes=\"auto, (max-width: 906px) 100vw, 906px\" \/><figcaption>Das Projektseminar-Team \u00abInterne Kommunikation in Zeiten von Covid-19\u00bb von links oben nach rechts unten: Annette Pfizenmayer (Seminarleitung), Katharina Kr\u00e4mer (Seminarleitung), Lea Keller, Timea Hunkeler, Livia Miliffi, Saara Iten, Lea Waxenberger, Olivia K\u00f6lbli, No\u00e8 Freiburghaus, Nuria Rogger, Perissa Bu\u0308schi, Maurus Held, Magdalena Rast, Sara Triacca, Patrick Siegrist. Aufgrund der ausserordentlichen Lage erfolgte die Zusammenarbeit im Forschungsprojekt virtuell mittels digitaler Kollaborationstools.<\/figcaption><\/figure>\n\n\n\n<p><\/p>\n\n\n\n<h2 class=\"wp-block-heading\"><strong>Die f\u00fcnf wichtigsten Key Findings aus der qualitativen Befragung<\/strong><\/h2>\n\n\n\n<p><strong>1. Die interne Unternehmenskommunikation hat in den befragten Organisationen an strategischer Relevanz gewonnen.<\/strong><\/p>\n\n\n\n<p class=\"has-text-align-center\"><em>\u00abBesonders sch\u00f6n f\u00fcr die interne Kommunikation war es zu sehen, dass wir von Anfang an aktiv in der Entscheidungsfindung mit der Konzernleitung eingebunden waren.\u00bb<\/em><br><br><em>\u00abEs ist wichtig, dass die (Kommunikations-) Projekte trotzdem weiterlaufen,<br>\u00a0welche nichts mit Covid-19 zu tun haben.\u00bb<\/em><\/p>\n\n\n\n<p>Interne Kommunikation ist in der Covid-Krise nicht nur auf operativer sondern auch auf&nbsp; strategischer Ebene gefragter denn je.&nbsp; Operativ wurde \u201erun the business\u201c zur t\u00e4glichen An- und Herausforderung. Auf strategischer Ebene gewannen interne Beratungsleistungen der IK-Verantwortlichen an Relevanz: Die Kommunikationsverantwortlichen wurden teilweise sehr fr\u00fch in Entscheidungsfindungen der Konzernleitung eingebunden. Die Studienergebnisse lassen vermuten, dass die gesamte Kommunikationsabteilung in einigen Organisationen an N\u00e4he zur obersten Management-Ebene gewonnen hat.<\/p>\n\n\n\n<p>F\u00fcr diesen Bedeutungszuwachs sind insbesondere zwei Gr\u00fcnde verantwortlich: 1. In Zeiten von Covid-19 r\u00fcckten interne Themen wie Gestaltung von Home-Office und digitale Kollaboration sowie die Sicherheit des Arbeitsplatzes in den Vordergrund. Dementsprechend wurde der internen Kommunikation auch auf Gesch\u00e4ftsleitungsebene eine h\u00f6here erfolgskritische Relevanz beigemessen. 2. CEO-Kommunikation hat in Zeiten von Covid-19 an Bedeutung gewonnen. Mit dem Ziel der Authentizit\u00e4t und Vertrauensbildung bei den Mitarbeitenden wurde die Unternehmensspitze in einigen Organisationen ganz bewusst sehr viel mehr in die Kommunikation eingebunden als in \u00abnormalen\u00bb Zeiten.<\/p>\n\n\n\n<p><strong>2. Covid-19 hat zu einem Digitalisierungsschub in der internen Kommunikation gef\u00fchrt. Insbesondere Video-Kommunikation wurde nicht nur f\u00fcr die Kollaboration, sondern auch das interne Storytelling im Wandel wichtiger.<\/strong><\/p>\n\n\n\n<p class=\"has-text-align-center\"><em>\u00abEs gibt Video-Ansprachen vom CEO einmal pro Woche und Updates zu Neuerungen sowie wichtigen Beschl\u00fcssen des Bundesrats\u00bb<\/em><\/p>\n\n\n\n<p class=\"has-text-align-center\"><em>\u00abJeden Tag um 15 Uhr schalten wir uns zusammen und jede*r hat einen Kaffee<br>oder sitzt mit der Sonnenbrille draussen und die Regel ist, dass wir nichts Berufliches besprechen\u00bb<\/em><em><\/em><\/p>\n\n\n\n<p>Mit Covid-19 und der damit verbundenen Zunahme an Home-Office-T\u00e4tigkeit haben digitale Kan\u00e4le in der internen Kommunikation an Bedeutung gewonnen. Je nach vorheriger digitaler Aufstellung respektive je nach Digitalisierungsgrad wurden elektronische Kan\u00e4le und Kollaborationstools st\u00e4rker genutzt oder neu eingef\u00fchrt. Insbesondere der Video-Kommunikation kam eine wesentliche Rolle zu. MS Teams, Zoom und Co wurden dabei nicht nur f\u00fcr die formale Kommunikation und zur Kollaboration genutzt. Teilweise wurden virtuelle R\u00e4ume f\u00fcr den informellen Austausch eingerichtet. So trafen sich die Mitarbeitenden einer Organisation regelm\u00e4ssig zu einem \u00abVirtual Coffee\u00bb.<\/p>\n\n\n\n<p>Videokommunikation findet aber nicht nur in der digitalen Kollaboration Verwendung, generell hat das Bewegtbild im Rahmen des internen Storytellings klar an Relevanz gewonnen. Dies bedeutet nicht, dass Schriftlichkeit keine Rolle mehr spielt. Insgesamt nutzen aber beispielsweise Gesch\u00e4ftsleitungsmitglieder nun h\u00e4ufiger Videokommunikation, um \u00fcber strategische Belange zu informieren und mit den Mitarbeitenden zu kommunizieren.<\/p>\n\n\n\n<p><strong>3. In Zeiten von Covid-19 war es eine der gr\u00f6ssten Herausforderungen f\u00fcr die Organisationen, die emotionale Bindung zu den Mitarbeitenden aufrecht zu erhalten.<\/strong><\/p>\n\n\n\n<p class=\"has-text-align-center\"><em>\u00abWir halten Kontakt zu den Mitarbeitenden und wollen<br>herausfinden, was bei Ihnen l\u00e4uft.\u00bb<\/em><\/p>\n\n\n\n<p class=\"has-text-align-center\"><em>\u00abWas wir jetzt merken ist, dass wir die Digitalkommunikation oder die\u00a0<br>Hybridkommunikation noch st\u00e4rker in den Vordergrund r\u00fccken m\u00fcssen.\u00bb<\/em><\/p>\n\n\n\n<p class=\"has-text-align-center\"><em>\u00abMan sieht nun zwar, was Teams oder Zoom alles kann,<br>&nbsp;aber es gibt noch Verz\u00f6gerungen und M\u00fchseligkeiten bez\u00fcglich Technik usw.\u00bb<\/em><\/p>\n\n\n\n<p>Die Verlagerung des Fokus auf digitale Kommunikationskan\u00e4le stellte die Kommunikationsverantwortlichen vor neue Herausforderungen: Wie kann trotz physischer Distanz eine Bindung zu den Mitarbeitenden hergestellt und aufrechterhalten werden? Wie schafft es die Organisation, dass sich die Mitarbeitenden nicht emotional vom Unternehmen distanzieren? Wie gelingt es trotz Home-Office nahbar zu bleiben? In Zeiten der Krise wird in den Unternehmen mehr denn je sichtbar, wie wichtig es ist, mit den Mitarbeitenden im Dialog zu sein. In Zeiten von Covid-19 wurden hier auch die Grenzen von digitalen Kan\u00e4len sichtbar.<\/p>\n\n\n\n<p><strong>4. Durch Covid-19 haben sich die Erwartungen der Mitarbeitenden an die Kommunikation stark ver\u00e4ndert. Das Bed\u00fcrfnis nach Information und Orientierung ist gestiegen.<\/strong><\/p>\n\n\n\n<p class=\"has-text-align-center\"><em>\u00ab[Es] kommen unglaublich viele Fragen rein; gestern hat der CEO innerhalb von 45 Minuten rund 64 Fragen beantwortet und wir h\u00e4tten noch 200 mehr beantworten k\u00f6nnen\u00bb<\/em><\/p>\n\n\n\n<p class=\"has-text-align-center\"><em>\u00abWie sieht unsere Zukunft aus? [\u2026] Werden Stellen gestrichen und wie lange dauert die Kurzarbeit [an]?\u00bb<\/em><\/p>\n\n\n\n<p>Die Mitarbeitenden haben in Zeiten von Corona ver\u00e4nderte Erwartungen an die Kommunikation ihrer Organisation und damit an das interne Kommunikationsmanagement und an die Kommunikation mit der Gesch\u00e4ftsleitung. Dies \u00e4ussert sich insbesondere in einem generell erh\u00f6hten Informationsbed\u00fcrfnis. Dar\u00fcber hinaus haben sich die Themen der internen Kommunikation ver\u00e4ndert: Zeitnahe Updates zu den aktuellen Entwicklungen bzgl. Covid-19 und deren Auswirkungen auf die eigene Organisation und die eigene Arbeitst\u00e4tigkeit, sind dabei nur ein Teilbereich. Unsicherheiten und \u00c4ngste der Mitarbeitenden f\u00fchrten auch zu einem erh\u00f6hten Informationsbed\u00fcrfnis bez\u00fcglich der Zukunft der Organisation und dem eigenen Arbeitsplatz. Dar\u00fcber hinaus galt es, die Mitarbeitenden zu bef\u00e4higen und zu unterst\u00fctzen, die neuen digitalen Kommunikations- und Kollaborationskan\u00e4le auch zu nutzen.<\/p>\n\n\n\n<p><strong>5. Mehr Home-Office, mehr Video-Kommunikation, bessere interne Vernetzung \u2013 die Kommunikationsverantwortlichen sind der Meinung, dass Covid-19 die interne Kommunikation nachhaltig ver\u00e4ndert.<\/strong><\/p>\n\n\n\n<p class=\"has-text-align-center\"><em>\u00abDie Corona-Situation wird die Arbeitswelt insofern ver\u00e4ndern, dass Home-Office<br>beispielweise f\u00fcr Bereiche \u00fcblicher wird, wo es zuvor unm\u00f6glich schien.<br>Denn nun konnte ja das Gegenteil bewiesen werden.\u00bb<\/em><\/p>\n\n\n\n<p class=\"has-text-align-center\"><em>\u00abMan wird mehr Verbindungen schaffen und gewisse Aufgaben<br>gemeinsam in die Hand nehmen <\/em>[IT, HR, Kommunikation]<em>. Die interne Vernetzung im Unternehmen w\u00fcrde so weiter zunehmen.\u00bb<\/em><\/p>\n\n\n\n<p>Die Mehrheit der befragten Kommunikationsverantwortlichen ist der Meinung, dass Covid-19 die Zusammenarbeit und damit auch die interne Kommunikation nachhaltig ver\u00e4ndert hat bzw. weiter ver\u00e4ndern wird. Dementsprechend wollen auch alle befragten Unternehmen ihre digitalen Kan\u00e4le ausbauen und aufr\u00fcsten, aber auch b\u00fcndeln. So wird die Kommunikation nach Covid-19 mehr via Video funktionieren, ist sich die Mehrheit der befragten KommunikatorInnen sicher. Ebenso zeigt die Befragung, dass der Austausch an den Schnittstellen Kommunikation, IT und HR wichtiger wird.<\/p>\n\n\n\n<h2 class=\"wp-block-heading\"><strong>Ausblick<\/strong><\/h2>\n\n\n\n<p>Unser Fazit: Die Entwicklungen rund um Covid-19 haben die interne Kommunikation ver\u00e4ndert und die&nbsp; internen Kommunikationsverantwortlichen vor neue Herausforderungen gestellt. Das \u00abrun the business\u00bb der internen Kommunikation ist den Befragten in der akuten Phase von Covid-19 gut gelungen. Eins ist aber klar: Erst in den n\u00e4chsten Wochen und Monaten wird sich zeigen, welche Auswirkungen Covid-19 auf Wirtschaft, Gesellschaft und Unternehmen haben wird. Reorganisationen, Kurzarbeit, Stellenabbau und \u00abHome-Office und Remote Work f\u00fcr alle\u00bb sind nur einige der Themen, die die Unternehmen nun besch\u00e4ftigen. Diese tiefgreifenden Ver\u00e4nderungen und Transformationen zu begleiten und mitzugestalten, wird zum Gradmesser f\u00fcr die interne Kommunikation werden: Wie gelingt es beispielsweise, unvermeidliche Stellenstreichungen zu kommunizieren und Mitarbeitende w\u00fcrdig zu verabschieden, so dass bei den zur\u00fcckbleibenden Mitarbeitenden weiterhin eine Vertrauensbasis bestehen bleibt? Braucht es eine Verabschiedungskultur? Wie k\u00f6nnen Mitarbeitende in diesen unsicheren Zeiten motiviert werden, sich f\u00fcr die Organisation mit voller Kraft einzusetzen? Wie kommt die Firmenkultur nach Hause, wenn Home-Office und Remote Work sich etablieren?&nbsp; Welchen aktiven Part kann die interne Kommunikation bei diesem kulturellen Wandel \u00fcbernehmen? Was ist zuk\u00fcnftig der zielf\u00fchrendste Mix aus analogen und digitalen Kommunikationskan\u00e4len? Wie k\u00f6nnen Desk-Worker genauso erreicht werden wie Non-Desk-Worker, Teilzeit-Angestellte genauso wie Vollzeit-Mitarbeitende? Wichtig ist zudem die Frage, wie es Kommunikationsabteilungen gelingt, die N\u00e4he zum Top Management und damit auch das jetzige Wirkungspotenzial beizubehalten.<\/p>\n\n\n\n<p>Ausserdem wird es weiterhin darum gehen, dass interne Kommunikationsverantwortliche in beratender Funktion die digitale Transformation von Organisationen mitgestalten und begleiten. Hierzu geh\u00f6rt ganz essentiell, die Mitarbeitenden und F\u00fchrungskr\u00e4fte auf die digitale Reise mitzunehmen und sie zu bef\u00e4higen, das heisst, darin zu unterst\u00fctzen, digitale Kompetenzen weiter auszubauen und Skills in der digitalen Kommunikation zu st\u00e4rken (vgl. Niederh\u00e4user\/Rosenberger 2018; Rosenberger\/Niederh\u00e4user 2020; Kr\u00e4mer et al. 2020).<\/p>\n\n\n\n<p>Im Herbstsemester 2020 werden wir unsere Studie zu \u00abInterne Kommunikation in Zeiten von Covid-19\u00bb weiter vertiefen mit dem Ziel, Antworten und Best Practices auf die formulierten Fragen zu finden.&nbsp;<\/p>\n\n\n\n<hr class=\"wp-block-separator is-style-wide\" \/>\n\n\n\n<h2 class=\"wp-block-heading\"><strong>Zur Studie<\/strong><\/h2>\n\n\n\n<p><a rel=\"noreferrer noopener\" href=\"https:\/\/digitalcollection.zhaw.ch\/bitstream\/11475\/20443\/3\/2020_Kr%c3%a4mer-Pfizenmayer_Interne-Kommunikation-Covid-19.pdf\" target=\"_blank\">Interne Kommunikation in Zeiten von Covid-19. Wie die Pandemie die interne Kommunikation ver\u00e4ndert hat.<\/a><\/p>\n\n\n\n<p>Die Autorinnen der Studie: &nbsp;<a href=\"https:\/\/www.zhaw.ch\/de\/ueber-uns\/person\/urba\/\">Katharina Kr\u00e4mer<\/a> und <a href=\"https:\/\/www.zhaw.ch\/de\/ueber-uns\/person\/pfiz\/\">Annette Pfizenmayer<\/a>, <\/p>\n\n\n\n<hr class=\"wp-block-separator is-style-wide\" \/>\n\n\n\n<p>Die Studie ist Teil einer qualitativen Studienreihe zum Thema \u00abDigitale Transformation und Kommunikation\u00bb im Forschungs- und Arbeitsbereich <a href=\"https:\/\/www.zhaw.ch\/de\/linguistik\/forschung\/organisationskommunikation-und-management\/#c40825\">OKM \u00abOrganisationskommunikation und Management\u00bb<\/a> des IAM Institut f\u00fcr Angewandte Medienwissenschaft der &nbsp;ZHAW Z\u00fcrcher Hochschule f\u00fcr Angewandte Wissenschaften. Den Ausgangspunkt f\u00fcr die Theorie- und Forschungsarbeiten in diesem Bereich bildet das Framework zur Rolle der Corporate Communications in der digitalen Transformation\u00bb (Niederh\u00e4user\/ Rosenberger 2018). Im Rahmen der Vertiefung des Themenfeldes \u201eInterne Kommunikation in der digitalen Transformation\u201c wurde in zwei ersten Teilen zun\u00e4chst der Forschungsstand systematisch aufgearbeitet sowie empirische Ergebnisse zur internen Kommunikation von ausgew\u00e4hlten mittelgrossen Unternehmen in der Schweiz erhoben. Daraus wurde eine Agenda f\u00fcr die interne Kommunikation formuliert (siehe Kr\u00e4mer et al. 2020).<\/p>\n\n\n\n<p><a href=\"https:\/\/digitalcollection.zhaw.ch\/bitstream\/11475\/20107\/3\/2020_Kr%c3%a4mer_Interne_Kommunikation_von_mittelgrossen_Unternehmen.pdf\" target=\"_blank\" rel=\"noreferrer noopener\">Interne Kommunikation von mittelgrossen Unternehmen: Bestandsaufnahme und Entwicklungsbedarf des internen Kommunikationsmanagements in der digitalen Transformation<\/a><\/p>\n\n\n\n<hr class=\"wp-block-separator is-style-wide\" \/>\n\n\n\n<figure class=\"wp-block-image size-large\"><a href=\"https:\/\/www.zhaw.ch\/de\/linguistik\/studium\/bachelor-kommunikation\/?utm_source=google-search-ads&amp;utm_medium=%2Bbachelor%20%2Bkommunikation%20%2Bzhaw&amp;utm_campaign=L_BAJO&amp;utm_content=%2Bbachelor%20%2Bkommunikation%20%2Bzhaw&amp;gclid=EAIaIQobChMIrdXx5fnt6wIVGO7tCh0SPA5SEAAYASAAEgJnFfD_BwE\" target=\"_blank\" rel=\"noopener noreferrer\"><img loading=\"lazy\" decoding=\"async\" width=\"1024\" height=\"273\" src=\"http:\/\/blog.zhaw.ch\/languagematters\/files\/2020\/07\/2020_02_Blogfooter_BA-JO_4-1024x273.gif\" alt=\"Bachelor-Kommunikation-ZHAW\" class=\"wp-image-8649\" srcset=\"https:\/\/blog.zhaw.ch\/languagematters\/files\/2020\/07\/2020_02_Blogfooter_BA-JO_4-1024x273.gif 1024w, https:\/\/blog.zhaw.ch\/languagematters\/files\/2020\/07\/2020_02_Blogfooter_BA-JO_4-300x80.gif 300w, https:\/\/blog.zhaw.ch\/languagematters\/files\/2020\/07\/2020_02_Blogfooter_BA-JO_4-768x205.gif 768w\" sizes=\"auto, (max-width: 1024px) 100vw, 1024px\" \/><\/a><\/figure>\n\n\n\n<hr class=\"wp-block-separator is-style-wide\" \/>\n\n\n\n<h2 class=\"wp-block-heading\">\u00c4hnliche Beitr\u00e4ge:<\/h2>\n\n\n\n<ul class=\"wp-block-list\"><li><a href=\"https:\/\/blog.zhaw.ch\/languagematters\/2020\/07\/21\/agenda-interne-kommunikation-digitale-transformation\/\" target=\"_blank\" rel=\"noreferrer noopener\">Agenda f\u00fcr die interne Kommunikation in der digitalen Transformation<\/a><\/li><li><a rel=\"noreferrer noopener\" href=\"https:\/\/blog.zhaw.ch\/languagematters\/2020\/06\/15\/interne-kommunikation-in-digitaler-transformation\/\" target=\"_blank\">Die interne Kommunikation in der digitalen Transformation<\/a><\/li><li><a rel=\"noreferrer noopener\" href=\"https:\/\/blog.zhaw.ch\/languagematters\/2018\/12\/12\/wie-kommunikation-die-digitale-transformation-ermoeglicht\/\" target=\"_blank\">Wie Kommunikation die digitale Transformation erm\u00f6glicht<\/a><\/li><li><a rel=\"noreferrer noopener\" href=\"https:\/\/blog.zhaw.ch\/languagematters\/2018\/10\/03\/botschaften-und-daten-kommunikation-braucht-gleichgewicht\/\" target=\"_blank\">Botschaften UND Daten: Kommunikation braucht Gleichgewicht<\/a><\/li><li><a rel=\"noreferrer noopener\" href=\"https:\/\/blog.zhaw.ch\/languagematters\/2018\/09\/19\/maeuschen-oder-manager\/\" target=\"_blank\">M\u00e4uschen oder Manager<\/a><\/li><li><a rel=\"noreferrer noopener\" href=\"https:\/\/blog.zhaw.ch\/languagematters\/2018\/06\/13\/was-macht-mitarbeitende-zu-influencern\/\" target=\"_blank\">Was macht Mitarbeitende zu Influencern?<\/a><\/li><li><a rel=\"noreferrer noopener\" href=\"https:\/\/blog.zhaw.ch\/languagematters\/2018\/04\/05\/was-kommunikation-mit-kuenstlicher-intelligenz-zu-tun-hat\/\" target=\"_blank\">Was Kommunikation mit k\u00fcnstlicher Intelligenz zu tun hat<\/a><\/li><li><a rel=\"noreferrer noopener\" href=\"https:\/\/blog.zhaw.ch\/languagematters\/2018\/07\/30\/ki-bietet-ganz-neue-moeglichkeiten\/\" target=\"_blank\">\u00abKI bietet ganz neue M\u00f6glichkeiten\u00bb<\/a><\/li><li><a rel=\"noreferrer noopener\" href=\"https:\/\/blog.zhaw.ch\/languagematters\/2017\/05\/09\/ein-megatrend-und-noch-keiner-macht-mit\/\" target=\"_blank\">Ein Megatrend \u2013 und (noch) keiner macht mit<\/a><\/li><li><a rel=\"noreferrer noopener\" href=\"https:\/\/blog.zhaw.ch\/languagematters\/2017\/06\/28\/offen-schnell-und-dialogisch\/\" target=\"_blank\">Offen \u2013 schnell und dialogisch<\/a><\/li><\/ul>\n<div class=\"pt-sm\">Schlagw\u00f6rter: <a href=\"http:\/\/blog.zhaw.ch\/languagematters\/tag\/bachelor-kommunikation-und-medien\/\">Bachelor Kommunikation und Medien<\/a>, <a href=\"http:\/\/blog.zhaw.ch\/languagematters\/tag\/iam\/\">IAM Institut f\u00fcr Angewandte Medienwissenschaft<\/a>, <a href=\"http:\/\/blog.zhaw.ch\/languagematters\/tag\/organisationskommunikation\/\">Organisationskommunikation<\/a>, <a href=\"http:\/\/blog.zhaw.ch\/languagematters\/tag\/organisationskommunikation-und-management\/\">Organisationskommunikation und Management<\/a><br><\/div>","protected":false},"excerpt":{"rendered":"<p>Wie die Pandemie die interne Kommunikation ver\u00e4ndert hat \u2013 Ergebnisse einer qualitativen Studie und Ausblick auf k\u00fcnftige Herausforderungen.<\/p>\n","protected":false},"author":487,"featured_media":9186,"comment_status":"open","ping_status":"open","sticky":false,"template":"","format":"standard","meta":{"ngg_post_thumbnail":0,"footnotes":""},"categories":[201],"tags":[14,200,80,81],"features":[],"class_list":["post-9144","post","type-post","status-publish","format-standard","has-post-thumbnail","hentry","category-studium","tag-bachelor-kommunikation-und-medien","tag-iam","tag-organisationskommunikation","tag-organisationskommunikation-und-management"],"yoast_head":"<!-- This site is optimized with the Yoast SEO Premium plugin v27.2 (Yoast SEO v27.2) - https:\/\/yoast.com\/product\/yoast-seo-premium-wordpress\/ -->\n<title>Interne Kommunikation in Zeiten von Covid-19 - Language matters.<\/title>\n<meta name=\"robots\" content=\"index, follow, max-snippet:-1, max-image-preview:large, max-video-preview:-1\" \/>\n<link rel=\"canonical\" href=\"https:\/\/blog.zhaw.ch\/languagematters\/2020\/09\/17\/interne-kommunikation-covid-19\/\" \/>\n<meta property=\"og:locale\" content=\"de_DE\" \/>\n<meta property=\"og:type\" content=\"article\" \/>\n<meta property=\"og:title\" content=\"Interne Kommunikation in Zeiten von Covid-19\" \/>\n<meta property=\"og:description\" content=\"Wie die Pandemie die interne Kommunikation ver\u00e4ndert hat \u2013 Ergebnisse einer qualitativen Studie und Ausblick auf k\u00fcnftige Herausforderungen.\" \/>\n<meta property=\"og:url\" content=\"https:\/\/blog.zhaw.ch\/languagematters\/2020\/09\/17\/interne-kommunikation-covid-19\/\" \/>\n<meta property=\"og:site_name\" content=\"Language matters.\" \/>\n<meta property=\"article:published_time\" content=\"2020-09-17T06:04:56+00:00\" \/>\n<meta property=\"article:modified_time\" content=\"2024-08-15T08:01:02+00:00\" \/>\n<meta property=\"og:image\" content=\"http:\/\/blog.zhaw.ch\/languagematters\/files\/2020\/09\/forschungsseminar-interne-kommunikation-iam-zhaw-blog.jpg\" \/>\n\t<meta property=\"og:image:width\" content=\"1134\" \/>\n\t<meta property=\"og:image:height\" content=\"593\" \/>\n\t<meta property=\"og:image:type\" content=\"image\/jpeg\" \/>\n<meta name=\"author\" content=\"spoi\" \/>\n<meta name=\"twitter:card\" content=\"summary_large_image\" \/>\n<meta name=\"twitter:label1\" content=\"Verfasst von\" \/>\n\t<meta name=\"twitter:data1\" content=\"spoi\" \/>\n\t<meta name=\"twitter:label2\" content=\"Gesch\u00e4tzte Lesezeit\" \/>\n\t<meta name=\"twitter:data2\" content=\"9\u00a0Minuten\" \/>\n<script type=\"application\/ld+json\" class=\"yoast-schema-graph\">{\"@context\":\"https:\/\/schema.org\",\"@graph\":[{\"@type\":\"Article\",\"@id\":\"https:\/\/blog.zhaw.ch\/languagematters\/2020\/09\/17\/interne-kommunikation-covid-19\/#article\",\"isPartOf\":{\"@id\":\"https:\/\/blog.zhaw.ch\/languagematters\/2020\/09\/17\/interne-kommunikation-covid-19\/\"},\"author\":{\"name\":\"spoi\",\"@id\":\"https:\/\/blog.zhaw.ch\/languagematters\/#\/schema\/person\/605ea8801668a20ac9d53a501827f818\"},\"headline\":\"Interne Kommunikation in Zeiten von Covid-19\",\"datePublished\":\"2020-09-17T06:04:56+00:00\",\"dateModified\":\"2024-08-15T08:01:02+00:00\",\"mainEntityOfPage\":{\"@id\":\"https:\/\/blog.zhaw.ch\/languagematters\/2020\/09\/17\/interne-kommunikation-covid-19\/\"},\"wordCount\":1749,\"commentCount\":0,\"image\":{\"@id\":\"https:\/\/blog.zhaw.ch\/languagematters\/2020\/09\/17\/interne-kommunikation-covid-19\/#primaryimage\"},\"thumbnailUrl\":\"https:\/\/blog.zhaw.ch\/languagematters\/files\/2020\/09\/forschungsseminar-interne-kommunikation-iam-zhaw-blog.jpg\",\"keywords\":[\"Bachelor Kommunikation und Medien\",\"IAM Institut f\u00fcr Angewandte Medienwissenschaft\",\"Organisationskommunikation\",\"Organisationskommunikation und Management\"],\"articleSection\":[\"Studium\"],\"inLanguage\":\"de\",\"potentialAction\":[{\"@type\":\"CommentAction\",\"name\":\"Comment\",\"target\":[\"https:\/\/blog.zhaw.ch\/languagematters\/2020\/09\/17\/interne-kommunikation-covid-19\/#respond\"]}]},{\"@type\":\"WebPage\",\"@id\":\"https:\/\/blog.zhaw.ch\/languagematters\/2020\/09\/17\/interne-kommunikation-covid-19\/\",\"url\":\"https:\/\/blog.zhaw.ch\/languagematters\/2020\/09\/17\/interne-kommunikation-covid-19\/\",\"name\":\"Interne Kommunikation in Zeiten von Covid-19 - Language matters.\",\"isPartOf\":{\"@id\":\"https:\/\/blog.zhaw.ch\/languagematters\/#website\"},\"primaryImageOfPage\":{\"@id\":\"https:\/\/blog.zhaw.ch\/languagematters\/2020\/09\/17\/interne-kommunikation-covid-19\/#primaryimage\"},\"image\":{\"@id\":\"https:\/\/blog.zhaw.ch\/languagematters\/2020\/09\/17\/interne-kommunikation-covid-19\/#primaryimage\"},\"thumbnailUrl\":\"https:\/\/blog.zhaw.ch\/languagematters\/files\/2020\/09\/forschungsseminar-interne-kommunikation-iam-zhaw-blog.jpg\",\"datePublished\":\"2020-09-17T06:04:56+00:00\",\"dateModified\":\"2024-08-15T08:01:02+00:00\",\"author\":{\"@id\":\"https:\/\/blog.zhaw.ch\/languagematters\/#\/schema\/person\/605ea8801668a20ac9d53a501827f818\"},\"breadcrumb\":{\"@id\":\"https:\/\/blog.zhaw.ch\/languagematters\/2020\/09\/17\/interne-kommunikation-covid-19\/#breadcrumb\"},\"inLanguage\":\"de\",\"potentialAction\":[{\"@type\":\"ReadAction\",\"target\":[\"https:\/\/blog.zhaw.ch\/languagematters\/2020\/09\/17\/interne-kommunikation-covid-19\/\"]}]},{\"@type\":\"ImageObject\",\"inLanguage\":\"de\",\"@id\":\"https:\/\/blog.zhaw.ch\/languagematters\/2020\/09\/17\/interne-kommunikation-covid-19\/#primaryimage\",\"url\":\"https:\/\/blog.zhaw.ch\/languagematters\/files\/2020\/09\/forschungsseminar-interne-kommunikation-iam-zhaw-blog.jpg\",\"contentUrl\":\"https:\/\/blog.zhaw.ch\/languagematters\/files\/2020\/09\/forschungsseminar-interne-kommunikation-iam-zhaw-blog.jpg\",\"width\":1134,\"height\":593,\"caption\":\"forschungsseminar-interne-kommunikation-iam-zhaw\"},{\"@type\":\"BreadcrumbList\",\"@id\":\"https:\/\/blog.zhaw.ch\/languagematters\/2020\/09\/17\/interne-kommunikation-covid-19\/#breadcrumb\",\"itemListElement\":[{\"@type\":\"ListItem\",\"position\":1,\"name\":\"Startseite\",\"item\":\"https:\/\/blog.zhaw.ch\/languagematters\/\"},{\"@type\":\"ListItem\",\"position\":2,\"name\":\"Interne Kommunikation in Zeiten von Covid-19\"}]},{\"@type\":\"WebSite\",\"@id\":\"https:\/\/blog.zhaw.ch\/languagematters\/#website\",\"url\":\"https:\/\/blog.zhaw.ch\/languagematters\/\",\"name\":\"Language matters.\",\"description\":\"Ein Blog der ZHAW Z\u00fcrcher Hochschule f\u00fcr Angewandte Wissenschaften\",\"potentialAction\":[{\"@type\":\"SearchAction\",\"target\":{\"@type\":\"EntryPoint\",\"urlTemplate\":\"https:\/\/blog.zhaw.ch\/languagematters\/?s={search_term_string}\"},\"query-input\":{\"@type\":\"PropertyValueSpecification\",\"valueRequired\":true,\"valueName\":\"search_term_string\"}}],\"inLanguage\":\"de\"},{\"@type\":\"Person\",\"@id\":\"https:\/\/blog.zhaw.ch\/languagematters\/#\/schema\/person\/605ea8801668a20ac9d53a501827f818\",\"name\":\"spoi\",\"image\":{\"@type\":\"ImageObject\",\"inLanguage\":\"de\",\"@id\":\"https:\/\/secure.gravatar.com\/avatar\/059ef4d6a19f5d97714a8703de5169cd243767c225b4ce20e2f174ba440f5ff8?s=96&d=mm&r=g\",\"url\":\"https:\/\/secure.gravatar.com\/avatar\/059ef4d6a19f5d97714a8703de5169cd243767c225b4ce20e2f174ba440f5ff8?s=96&d=mm&r=g\",\"contentUrl\":\"https:\/\/secure.gravatar.com\/avatar\/059ef4d6a19f5d97714a8703de5169cd243767c225b4ce20e2f174ba440f5ff8?s=96&d=mm&r=g\",\"caption\":\"spoi\"},\"url\":\"https:\/\/blog.zhaw.ch\/languagematters\/author\/spoi\/\"}]}<\/script>\n<!-- \/ Yoast SEO Premium plugin. -->","yoast_head_json":{"title":"Interne Kommunikation in Zeiten von Covid-19 - Language matters.","robots":{"index":"index","follow":"follow","max-snippet":"max-snippet:-1","max-image-preview":"max-image-preview:large","max-video-preview":"max-video-preview:-1"},"canonical":"https:\/\/blog.zhaw.ch\/languagematters\/2020\/09\/17\/interne-kommunikation-covid-19\/","og_locale":"de_DE","og_type":"article","og_title":"Interne Kommunikation in Zeiten von Covid-19","og_description":"Wie die Pandemie die interne Kommunikation ver\u00e4ndert hat \u2013 Ergebnisse einer qualitativen Studie und Ausblick auf k\u00fcnftige Herausforderungen.","og_url":"https:\/\/blog.zhaw.ch\/languagematters\/2020\/09\/17\/interne-kommunikation-covid-19\/","og_site_name":"Language matters.","article_published_time":"2020-09-17T06:04:56+00:00","article_modified_time":"2024-08-15T08:01:02+00:00","og_image":[{"width":1134,"height":593,"url":"http:\/\/blog.zhaw.ch\/languagematters\/files\/2020\/09\/forschungsseminar-interne-kommunikation-iam-zhaw-blog.jpg","type":"image\/jpeg"}],"author":"spoi","twitter_card":"summary_large_image","twitter_misc":{"Verfasst von":"spoi","Gesch\u00e4tzte Lesezeit":"9\u00a0Minuten"},"schema":{"@context":"https:\/\/schema.org","@graph":[{"@type":"Article","@id":"https:\/\/blog.zhaw.ch\/languagematters\/2020\/09\/17\/interne-kommunikation-covid-19\/#article","isPartOf":{"@id":"https:\/\/blog.zhaw.ch\/languagematters\/2020\/09\/17\/interne-kommunikation-covid-19\/"},"author":{"name":"spoi","@id":"https:\/\/blog.zhaw.ch\/languagematters\/#\/schema\/person\/605ea8801668a20ac9d53a501827f818"},"headline":"Interne Kommunikation in Zeiten von Covid-19","datePublished":"2020-09-17T06:04:56+00:00","dateModified":"2024-08-15T08:01:02+00:00","mainEntityOfPage":{"@id":"https:\/\/blog.zhaw.ch\/languagematters\/2020\/09\/17\/interne-kommunikation-covid-19\/"},"wordCount":1749,"commentCount":0,"image":{"@id":"https:\/\/blog.zhaw.ch\/languagematters\/2020\/09\/17\/interne-kommunikation-covid-19\/#primaryimage"},"thumbnailUrl":"https:\/\/blog.zhaw.ch\/languagematters\/files\/2020\/09\/forschungsseminar-interne-kommunikation-iam-zhaw-blog.jpg","keywords":["Bachelor Kommunikation und Medien","IAM Institut f\u00fcr Angewandte Medienwissenschaft","Organisationskommunikation","Organisationskommunikation und Management"],"articleSection":["Studium"],"inLanguage":"de","potentialAction":[{"@type":"CommentAction","name":"Comment","target":["https:\/\/blog.zhaw.ch\/languagematters\/2020\/09\/17\/interne-kommunikation-covid-19\/#respond"]}]},{"@type":"WebPage","@id":"https:\/\/blog.zhaw.ch\/languagematters\/2020\/09\/17\/interne-kommunikation-covid-19\/","url":"https:\/\/blog.zhaw.ch\/languagematters\/2020\/09\/17\/interne-kommunikation-covid-19\/","name":"Interne Kommunikation in Zeiten von Covid-19 - Language matters.","isPartOf":{"@id":"https:\/\/blog.zhaw.ch\/languagematters\/#website"},"primaryImageOfPage":{"@id":"https:\/\/blog.zhaw.ch\/languagematters\/2020\/09\/17\/interne-kommunikation-covid-19\/#primaryimage"},"image":{"@id":"https:\/\/blog.zhaw.ch\/languagematters\/2020\/09\/17\/interne-kommunikation-covid-19\/#primaryimage"},"thumbnailUrl":"https:\/\/blog.zhaw.ch\/languagematters\/files\/2020\/09\/forschungsseminar-interne-kommunikation-iam-zhaw-blog.jpg","datePublished":"2020-09-17T06:04:56+00:00","dateModified":"2024-08-15T08:01:02+00:00","author":{"@id":"https:\/\/blog.zhaw.ch\/languagematters\/#\/schema\/person\/605ea8801668a20ac9d53a501827f818"},"breadcrumb":{"@id":"https:\/\/blog.zhaw.ch\/languagematters\/2020\/09\/17\/interne-kommunikation-covid-19\/#breadcrumb"},"inLanguage":"de","potentialAction":[{"@type":"ReadAction","target":["https:\/\/blog.zhaw.ch\/languagematters\/2020\/09\/17\/interne-kommunikation-covid-19\/"]}]},{"@type":"ImageObject","inLanguage":"de","@id":"https:\/\/blog.zhaw.ch\/languagematters\/2020\/09\/17\/interne-kommunikation-covid-19\/#primaryimage","url":"https:\/\/blog.zhaw.ch\/languagematters\/files\/2020\/09\/forschungsseminar-interne-kommunikation-iam-zhaw-blog.jpg","contentUrl":"https:\/\/blog.zhaw.ch\/languagematters\/files\/2020\/09\/forschungsseminar-interne-kommunikation-iam-zhaw-blog.jpg","width":1134,"height":593,"caption":"forschungsseminar-interne-kommunikation-iam-zhaw"},{"@type":"BreadcrumbList","@id":"https:\/\/blog.zhaw.ch\/languagematters\/2020\/09\/17\/interne-kommunikation-covid-19\/#breadcrumb","itemListElement":[{"@type":"ListItem","position":1,"name":"Startseite","item":"https:\/\/blog.zhaw.ch\/languagematters\/"},{"@type":"ListItem","position":2,"name":"Interne Kommunikation in Zeiten von Covid-19"}]},{"@type":"WebSite","@id":"https:\/\/blog.zhaw.ch\/languagematters\/#website","url":"https:\/\/blog.zhaw.ch\/languagematters\/","name":"Language matters.","description":"Ein Blog der ZHAW Z\u00fcrcher Hochschule f\u00fcr Angewandte Wissenschaften","potentialAction":[{"@type":"SearchAction","target":{"@type":"EntryPoint","urlTemplate":"https:\/\/blog.zhaw.ch\/languagematters\/?s={search_term_string}"},"query-input":{"@type":"PropertyValueSpecification","valueRequired":true,"valueName":"search_term_string"}}],"inLanguage":"de"},{"@type":"Person","@id":"https:\/\/blog.zhaw.ch\/languagematters\/#\/schema\/person\/605ea8801668a20ac9d53a501827f818","name":"spoi","image":{"@type":"ImageObject","inLanguage":"de","@id":"https:\/\/secure.gravatar.com\/avatar\/059ef4d6a19f5d97714a8703de5169cd243767c225b4ce20e2f174ba440f5ff8?s=96&d=mm&r=g","url":"https:\/\/secure.gravatar.com\/avatar\/059ef4d6a19f5d97714a8703de5169cd243767c225b4ce20e2f174ba440f5ff8?s=96&d=mm&r=g","contentUrl":"https:\/\/secure.gravatar.com\/avatar\/059ef4d6a19f5d97714a8703de5169cd243767c225b4ce20e2f174ba440f5ff8?s=96&d=mm&r=g","caption":"spoi"},"url":"https:\/\/blog.zhaw.ch\/languagematters\/author\/spoi\/"}]}},"_links":{"self":[{"href":"https:\/\/blog.zhaw.ch\/languagematters\/wp-json\/wp\/v2\/posts\/9144","targetHints":{"allow":["GET"]}}],"collection":[{"href":"https:\/\/blog.zhaw.ch\/languagematters\/wp-json\/wp\/v2\/posts"}],"about":[{"href":"https:\/\/blog.zhaw.ch\/languagematters\/wp-json\/wp\/v2\/types\/post"}],"author":[{"embeddable":true,"href":"https:\/\/blog.zhaw.ch\/languagematters\/wp-json\/wp\/v2\/users\/487"}],"replies":[{"embeddable":true,"href":"https:\/\/blog.zhaw.ch\/languagematters\/wp-json\/wp\/v2\/comments?post=9144"}],"version-history":[{"count":40,"href":"https:\/\/blog.zhaw.ch\/languagematters\/wp-json\/wp\/v2\/posts\/9144\/revisions"}],"predecessor-version":[{"id":9189,"href":"https:\/\/blog.zhaw.ch\/languagematters\/wp-json\/wp\/v2\/posts\/9144\/revisions\/9189"}],"wp:featuredmedia":[{"embeddable":true,"href":"https:\/\/blog.zhaw.ch\/languagematters\/wp-json\/wp\/v2\/media\/9186"}],"wp:attachment":[{"href":"https:\/\/blog.zhaw.ch\/languagematters\/wp-json\/wp\/v2\/media?parent=9144"}],"wp:term":[{"taxonomy":"category","embeddable":true,"href":"https:\/\/blog.zhaw.ch\/languagematters\/wp-json\/wp\/v2\/categories?post=9144"},{"taxonomy":"post_tag","embeddable":true,"href":"https:\/\/blog.zhaw.ch\/languagematters\/wp-json\/wp\/v2\/tags?post=9144"},{"taxonomy":"features","embeddable":true,"href":"https:\/\/blog.zhaw.ch\/languagematters\/wp-json\/wp\/v2\/features?post=9144"}],"curies":[{"name":"wp","href":"https:\/\/api.w.org\/{rel}","templated":true}]}}