{"id":7198,"date":"2020-01-17T12:52:43","date_gmt":"2020-01-17T11:52:43","guid":{"rendered":"http:\/\/blog.zhaw.ch\/languagematters\/?p=7198"},"modified":"2023-04-04T19:26:48","modified_gmt":"2023-04-04T17:26:48","slug":"auf-dem-weg-zur-kommunikationsmanagerin","status":"publish","type":"post","link":"https:\/\/blog.zhaw.ch\/languagematters\/2020\/01\/17\/auf-dem-weg-zur-kommunikationsmanagerin\/","title":{"rendered":"Auf dem Weg zur Kommunikationsmanagerin"},"content":{"rendered":"\n<p style=\"font-size:20px\">Nach mehreren Auslandaufenthalten habe ich mich daf\u00fcr entschieden, in der Schweiz am IAM Institut f\u00fcr Angewandte Medienwissenschaft der ZHAW den Master in Organisationskommunikation zu absolvieren. Ich kann ihn perfekt mit meinen pers\u00f6nlichen Interessen verbinden und lege so den Grundstein f\u00fcr meine zuk\u00fcnftige Karriere.<\/p>\n\n\n\n<p style=\"font-size:14px\">von Anna Untern\u00e4hrer, Studentin Masterstudiengang Angewandte Linguistik, Vertiefung Organisationskommunikation, 2. Semester  <\/p>\n\n\n\n<p>Kurz nachdem ich mein Bachelorstudium in Deutschen und\nEnglischen Sprach- und Literaturwissenschaften abgeschlossen hatte, ging ich\nf\u00fcr ein Praktikum in Communications and Community Management nach Sydney. Dort\nwar ich verantwortlich f\u00fcr die Konzeption, Planung und Kreation eines\nOnline-Kurses und habe zudem gelernt, wie man Kampagnen erstellt und Online-Communities\nbetreut und aufbaut. Ich wollte konkrete Praxiserfahrung sammeln, von B\u00fcchern\nund Theorien loskommen und Einblicke ins Arbeitsleben gewinnen. Auch wollte ich\nerfahren, was es bedeutet, im internationalen Umfeld t\u00e4tig zu sein. Mein\nPraktikum war sehr abwechslungsreich, aber irgendetwas fehlte. Je l\u00e4nger ich in\nder Kommunikationsbranche arbeitete, desto st\u00e4rker wurde mein Bed\u00fcrfnis, mich\nzu spezialisieren und selber Kommunikationsexpertin zu werden. Da ich den Praxisbezug\naufrechterhalten wollte, entschied ich mich f\u00fcr den Master in Angewandter\nLinguistik mit Vertiefung Organisationskommunikation am IAM.<\/p>\n\n\n\n<h2 class=\"wp-block-heading\">Expertenwissen aneignen, Netzwerke pflegen und praxisnahe Erfahrungen sammeln<\/h2>\n\n\n\n<p>Was mir am Master Organisationskommunikation besonders gut gef\u00e4llt: Die Tatsache, dass ich mich nicht nur auf professioneller, sondern auch auf pers\u00f6nlicher Ebene weiterentwickeln kann. Die \u00fcberschaubare Klassengr\u00f6sse erm\u00f6glicht einen direkten und aktiven Austausch mit unseren DozentInnen und externen KommunikationsexpertInnen, die als GastdozentenInnen in die Seminare kommen und mit uns konkrete Anwendungsbeispiele aus ihrem Arbeitsalltag besprechen. Auch haben wir die M\u00f6glichkeit, an echten Kommunikationsprojekten mitzuwirken. So kreieren wir beispielsweise ein CR-Kommunikationskonzept f\u00fcr die SWISS, erforschen den Ruf der AXA in der Medienberichterstattung oder erstellen detaillierte Projektpl\u00e4ne f\u00fcr das \u00abLife Design Festival\u00bb, das 2021 stattfindet. Es sind&nbsp;teilweise durchaus herausfordernde, vor allem aber spannende und extrem lehrreiche Erfahrungen, die uns realit\u00e4tsnah auf die Berufswelt vorbereiten.&nbsp;<\/p>\n\n\n\n<figure class=\"wp-block-image\"><img loading=\"lazy\" decoding=\"async\" width=\"1024\" height=\"683\" src=\"http:\/\/blog.zhaw.ch\/languagematters\/files\/2020\/01\/Anna-Unterna\u0308hrer_Surfend-Photographen-Luis-Bento-erwa\u0308hnen-Kopie-1024x683.jpg\" alt=\"\" class=\"wp-image-7200\" srcset=\"https:\/\/blog.zhaw.ch\/languagematters\/files\/2020\/01\/Anna-Unterna\u0308hrer_Surfend-Photographen-Luis-Bento-erwa\u0308hnen-Kopie-1024x683.jpg 1024w, https:\/\/blog.zhaw.ch\/languagematters\/files\/2020\/01\/Anna-Unterna\u0308hrer_Surfend-Photographen-Luis-Bento-erwa\u0308hnen-Kopie-300x200.jpg 300w, https:\/\/blog.zhaw.ch\/languagematters\/files\/2020\/01\/Anna-Unterna\u0308hrer_Surfend-Photographen-Luis-Bento-erwa\u0308hnen-Kopie-768x512.jpg 768w, https:\/\/blog.zhaw.ch\/languagematters\/files\/2020\/01\/Anna-Unterna\u0308hrer_Surfend-Photographen-Luis-Bento-erwa\u0308hnen-Kopie.jpg 1500w\" sizes=\"auto, (max-width: 1024px) 100vw, 1024px\" \/><\/figure>\n\n\n\n<p class=\"has-small-font-size\"><em>Meine Freizeit verbringe ich am liebsten mit Surfen und tr\u00e4ume davon, nach dem Studium als Kommunikationsmanagerin f\u00fcr ein in der Sportbranche t\u00e4tiges Unternehmen zu arbeiten. (Fotograf: Luis Bento) <\/em><\/p>\n\n\n\n<h2 class=\"wp-block-heading\">Zur\u00fcck nach Australien <\/h2>\n\n\n\n<p>Meine beruflichen Entscheidungen habe ich immer sehr stark nach meinen pers\u00f6nlichen Interessen ausgerichtet: Surfkultur, Tanz, Sport, Menschen, Kreativit\u00e4t, Internationalit\u00e4t, Sprachen und Online-Kommunikation. Weil ich meinem Lieblingshobby, dem Surfen, nur am Meer nachgehen kann, war f\u00fcr mich fr\u00fch klar, dass ich einen Beruf aus\u00fcben m\u00f6chte, bei dem ich orts- und zeitunabh\u00e4ngig Geld verdienen kann. Schon heute arbeite ich als freischaffende Redakteurin und wirke nebenbei in diversen kreativen Projekten mit, wie beispielsweise dem \u00abSwiss Surf Film Festival\u00bb, das wir 2018 erstmals ins Leben gerufen haben. Nach meinem Master plane ich, irgendwann nach Sydney zur\u00fcckzukehren, und m\u00f6chte dort versuchen, in der Sportbranche als Kommunikationsmanagerin oder -beraterin Fuss zu fassen. Wie ich meine Ausgangslage einsch\u00e4tze? Ich denke, dass meine Berufserfahrung, mein Studium und meine Masterarbeit zum Thema \u00abInstagram: A Marketing and Branding Tool for Professional Surfing Athletes and Beverage Companies\u00bb mir helfen werden, dieses Ziel zu erreichen und meinen Berufstraum zu verwirklichen.<\/p>\n\n\n\n<hr class=\"wp-block-separator has-css-opacity is-style-wide\" \/>\n\n\n\n<figure class=\"wp-block-image size-full\"><a href=\"https:\/\/www.zhaw.ch\/de\/linguistik\/studium\/master-angewandte-linguistik\/vertiefung-organisationskommunikation\/?utm_source=google-search-ads&amp;utm_medium=L_MAAL(s-de-ch)&amp;utm_campaign=L_MAOK&amp;utm_content=%2Bmaster%20%2Borganisationskommunikation&amp;gclid=EAIaIQobChMI_tuLw7Ka6QIVB8qyCh1vOQ8REAAYASAAEgL1QvD_BwE\" target=\"_blank\" rel=\"noreferrer noopener\"><img loading=\"lazy\" decoding=\"async\" width=\"1500\" height=\"400\" src=\"https:\/\/blog.zhaw.ch\/languagematters\/files\/2020\/05\/2020_02_Blogfooter_MA-AL_3-1.gif\" alt=\"\" class=\"wp-image-8087\" \/><\/a><\/figure>\n\n\n\n<hr class=\"wp-block-separator has-css-opacity is-style-wide\" \/>\n\n\n\n<h2 class=\"wp-block-heading\">\u00c4hnliche Beitr\u00e4ge:<\/h2>\n\n\n\n<ul class=\"wp-block-list\">\n<li><a href=\"https:\/\/blog.zhaw.ch\/languagematters\/2020\/02\/26\/von-der-zhaw-in-die-masoala-halle\/\">Von der ZHAW in die \u00abMasoala-Halle\u00bb<\/a><\/li>\n\n\n\n<li><a href=\"https:\/\/blog.zhaw.ch\/languagematters\/2019\/08\/13\/warum-der-master-einen-direkten-praxisbezug-hat\/\" target=\"_blank\" rel=\"noreferrer noopener\" aria-label=\"Warum der Master einen direkten Praxisbezug hat (\u00f6ffnet in neuem Tab)\">Warum der Master einen direkten Praxisbezug hat<\/a><\/li>\n<\/ul>\n\n\n\n<p><\/p>\n<div class=\"pt-sm\">Schlagw\u00f6rter: <a href=\"http:\/\/blog.zhaw.ch\/languagematters\/tag\/iam\/\">IAM Institut f\u00fcr Angewandte Medienwissenschaft<\/a>, <a href=\"http:\/\/blog.zhaw.ch\/languagematters\/tag\/tag-master-language-and-communication\/\">Master Language and Communication<\/a>, <a href=\"http:\/\/blog.zhaw.ch\/languagematters\/tag\/master-strategic-communication-management\/\">Masterprofil Strategic Communication Management<\/a>, <a href=\"http:\/\/blog.zhaw.ch\/languagematters\/tag\/organisationskommunikation\/\">Organisationskommunikation<\/a><br><\/div>","protected":false},"excerpt":{"rendered":"<p>Nach mehreren Auslandaufenthalten habe ich mich daf\u00fcr entschieden, in der Schweiz am IAM Institut f\u00fcr Angewandte Medienwissenschaft der ZHAW den Master in Organisationskommunikation zu absolvieren. Ich kann ihn perfekt mit meinen pers\u00f6nlichen Interessen verbinden und lege so den Grundstein f\u00fcr meine zuk\u00fcnftige Karriere.<\/p>\n","protected":false},"author":432,"featured_media":7202,"comment_status":"open","ping_status":"open","sticky":false,"template":"","format":"standard","meta":{"ngg_post_thumbnail":0,"footnotes":""},"categories":[201],"tags":[200,68,315,80],"features":[],"class_list":["post-7198","post","type-post","status-publish","format-standard","has-post-thumbnail","hentry","category-studium","tag-iam","tag-tag-master-language-and-communication","tag-master-strategic-communication-management","tag-organisationskommunikation"],"yoast_head":"<!-- This site is optimized with the Yoast SEO Premium plugin v27.2 (Yoast SEO v27.2) - https:\/\/yoast.com\/product\/yoast-seo-premium-wordpress\/ -->\n<title>Auf dem Weg zur Kommunikationsmanagerin - Language matters.<\/title>\n<meta name=\"robots\" content=\"index, follow, max-snippet:-1, max-image-preview:large, max-video-preview:-1\" \/>\n<link rel=\"canonical\" href=\"https:\/\/blog.zhaw.ch\/languagematters\/2020\/01\/17\/auf-dem-weg-zur-kommunikationsmanagerin\/\" \/>\n<meta property=\"og:locale\" content=\"de_DE\" \/>\n<meta property=\"og:type\" content=\"article\" \/>\n<meta property=\"og:title\" content=\"Auf dem Weg zur Kommunikationsmanagerin\" \/>\n<meta property=\"og:description\" content=\"Nach mehreren Auslandaufenthalten habe ich mich daf\u00fcr entschieden, in der Schweiz am IAM Institut f\u00fcr Angewandte Medienwissenschaft der ZHAW den Master in Organisationskommunikation zu absolvieren. Ich kann ihn perfekt mit meinen pers\u00f6nlichen Interessen verbinden und lege so den Grundstein f\u00fcr meine zuk\u00fcnftige Karriere.\" \/>\n<meta property=\"og:url\" content=\"https:\/\/blog.zhaw.ch\/languagematters\/2020\/01\/17\/auf-dem-weg-zur-kommunikationsmanagerin\/\" \/>\n<meta property=\"og:site_name\" content=\"Language matters.\" \/>\n<meta property=\"article:published_time\" content=\"2020-01-17T11:52:43+00:00\" \/>\n<meta property=\"article:modified_time\" content=\"2023-04-04T17:26:48+00:00\" \/>\n<meta property=\"og:image\" content=\"http:\/\/blog.zhaw.ch\/languagematters\/files\/2020\/01\/Anna.png\" \/>\n\t<meta property=\"og:image:width\" content=\"1002\" \/>\n\t<meta property=\"og:image:height\" content=\"668\" \/>\n\t<meta property=\"og:image:type\" content=\"image\/png\" \/>\n<meta name=\"author\" content=\"weru\" \/>\n<meta name=\"twitter:card\" content=\"summary_large_image\" \/>\n<meta name=\"twitter:label1\" content=\"Verfasst von\" \/>\n\t<meta name=\"twitter:data1\" content=\"weru\" \/>\n\t<meta name=\"twitter:label2\" content=\"Gesch\u00e4tzte Lesezeit\" \/>\n\t<meta name=\"twitter:data2\" content=\"4\u00a0Minuten\" \/>\n<script type=\"application\/ld+json\" class=\"yoast-schema-graph\">{\"@context\":\"https:\/\/schema.org\",\"@graph\":[{\"@type\":\"Article\",\"@id\":\"https:\/\/blog.zhaw.ch\/languagematters\/2020\/01\/17\/auf-dem-weg-zur-kommunikationsmanagerin\/#article\",\"isPartOf\":{\"@id\":\"https:\/\/blog.zhaw.ch\/languagematters\/2020\/01\/17\/auf-dem-weg-zur-kommunikationsmanagerin\/\"},\"author\":{\"name\":\"weru\",\"@id\":\"https:\/\/blog.zhaw.ch\/languagematters\/#\/schema\/person\/c20133af31942c1364a310998e328a28\"},\"headline\":\"Auf dem Weg zur Kommunikationsmanagerin\",\"datePublished\":\"2020-01-17T11:52:43+00:00\",\"dateModified\":\"2023-04-04T17:26:48+00:00\",\"mainEntityOfPage\":{\"@id\":\"https:\/\/blog.zhaw.ch\/languagematters\/2020\/01\/17\/auf-dem-weg-zur-kommunikationsmanagerin\/\"},\"wordCount\":539,\"commentCount\":0,\"image\":{\"@id\":\"https:\/\/blog.zhaw.ch\/languagematters\/2020\/01\/17\/auf-dem-weg-zur-kommunikationsmanagerin\/#primaryimage\"},\"thumbnailUrl\":\"https:\/\/blog.zhaw.ch\/languagematters\/files\/2020\/01\/Anna.png\",\"keywords\":[\"IAM Institut f\u00fcr Angewandte Medienwissenschaft\",\"Master Language and Communication\",\"Masterprofil Strategic Communication Management\",\"Organisationskommunikation\"],\"articleSection\":[\"Studium\"],\"inLanguage\":\"de\",\"potentialAction\":[{\"@type\":\"CommentAction\",\"name\":\"Comment\",\"target\":[\"https:\/\/blog.zhaw.ch\/languagematters\/2020\/01\/17\/auf-dem-weg-zur-kommunikationsmanagerin\/#respond\"]}]},{\"@type\":\"WebPage\",\"@id\":\"https:\/\/blog.zhaw.ch\/languagematters\/2020\/01\/17\/auf-dem-weg-zur-kommunikationsmanagerin\/\",\"url\":\"https:\/\/blog.zhaw.ch\/languagematters\/2020\/01\/17\/auf-dem-weg-zur-kommunikationsmanagerin\/\",\"name\":\"Auf dem Weg zur Kommunikationsmanagerin - Language matters.\",\"isPartOf\":{\"@id\":\"https:\/\/blog.zhaw.ch\/languagematters\/#website\"},\"primaryImageOfPage\":{\"@id\":\"https:\/\/blog.zhaw.ch\/languagematters\/2020\/01\/17\/auf-dem-weg-zur-kommunikationsmanagerin\/#primaryimage\"},\"image\":{\"@id\":\"https:\/\/blog.zhaw.ch\/languagematters\/2020\/01\/17\/auf-dem-weg-zur-kommunikationsmanagerin\/#primaryimage\"},\"thumbnailUrl\":\"https:\/\/blog.zhaw.ch\/languagematters\/files\/2020\/01\/Anna.png\",\"datePublished\":\"2020-01-17T11:52:43+00:00\",\"dateModified\":\"2023-04-04T17:26:48+00:00\",\"author\":{\"@id\":\"https:\/\/blog.zhaw.ch\/languagematters\/#\/schema\/person\/c20133af31942c1364a310998e328a28\"},\"breadcrumb\":{\"@id\":\"https:\/\/blog.zhaw.ch\/languagematters\/2020\/01\/17\/auf-dem-weg-zur-kommunikationsmanagerin\/#breadcrumb\"},\"inLanguage\":\"de\",\"potentialAction\":[{\"@type\":\"ReadAction\",\"target\":[\"https:\/\/blog.zhaw.ch\/languagematters\/2020\/01\/17\/auf-dem-weg-zur-kommunikationsmanagerin\/\"]}]},{\"@type\":\"ImageObject\",\"inLanguage\":\"de\",\"@id\":\"https:\/\/blog.zhaw.ch\/languagematters\/2020\/01\/17\/auf-dem-weg-zur-kommunikationsmanagerin\/#primaryimage\",\"url\":\"https:\/\/blog.zhaw.ch\/languagematters\/files\/2020\/01\/Anna.png\",\"contentUrl\":\"https:\/\/blog.zhaw.ch\/languagematters\/files\/2020\/01\/Anna.png\",\"width\":1002,\"height\":668},{\"@type\":\"BreadcrumbList\",\"@id\":\"https:\/\/blog.zhaw.ch\/languagematters\/2020\/01\/17\/auf-dem-weg-zur-kommunikationsmanagerin\/#breadcrumb\",\"itemListElement\":[{\"@type\":\"ListItem\",\"position\":1,\"name\":\"Startseite\",\"item\":\"https:\/\/blog.zhaw.ch\/languagematters\/\"},{\"@type\":\"ListItem\",\"position\":2,\"name\":\"Auf dem Weg zur Kommunikationsmanagerin\"}]},{\"@type\":\"WebSite\",\"@id\":\"https:\/\/blog.zhaw.ch\/languagematters\/#website\",\"url\":\"https:\/\/blog.zhaw.ch\/languagematters\/\",\"name\":\"Language matters.\",\"description\":\"Ein Blog der ZHAW Z\u00fcrcher Hochschule f\u00fcr Angewandte Wissenschaften\",\"potentialAction\":[{\"@type\":\"SearchAction\",\"target\":{\"@type\":\"EntryPoint\",\"urlTemplate\":\"https:\/\/blog.zhaw.ch\/languagematters\/?s={search_term_string}\"},\"query-input\":{\"@type\":\"PropertyValueSpecification\",\"valueRequired\":true,\"valueName\":\"search_term_string\"}}],\"inLanguage\":\"de\"},{\"@type\":\"Person\",\"@id\":\"https:\/\/blog.zhaw.ch\/languagematters\/#\/schema\/person\/c20133af31942c1364a310998e328a28\",\"name\":\"weru\",\"image\":{\"@type\":\"ImageObject\",\"inLanguage\":\"de\",\"@id\":\"https:\/\/secure.gravatar.com\/avatar\/9cef7e19cfe5153e04aad76165ad4cba5b3fd424d833b69d14e42701bc3f5cca?s=96&d=mm&r=g\",\"url\":\"https:\/\/secure.gravatar.com\/avatar\/9cef7e19cfe5153e04aad76165ad4cba5b3fd424d833b69d14e42701bc3f5cca?s=96&d=mm&r=g\",\"contentUrl\":\"https:\/\/secure.gravatar.com\/avatar\/9cef7e19cfe5153e04aad76165ad4cba5b3fd424d833b69d14e42701bc3f5cca?s=96&d=mm&r=g\",\"caption\":\"weru\"},\"url\":\"https:\/\/blog.zhaw.ch\/languagematters\/author\/weru\/\"}]}<\/script>\n<!-- \/ Yoast SEO Premium plugin. -->","yoast_head_json":{"title":"Auf dem Weg zur Kommunikationsmanagerin - Language matters.","robots":{"index":"index","follow":"follow","max-snippet":"max-snippet:-1","max-image-preview":"max-image-preview:large","max-video-preview":"max-video-preview:-1"},"canonical":"https:\/\/blog.zhaw.ch\/languagematters\/2020\/01\/17\/auf-dem-weg-zur-kommunikationsmanagerin\/","og_locale":"de_DE","og_type":"article","og_title":"Auf dem Weg zur Kommunikationsmanagerin","og_description":"Nach mehreren Auslandaufenthalten habe ich mich daf\u00fcr entschieden, in der Schweiz am IAM Institut f\u00fcr Angewandte Medienwissenschaft der ZHAW den Master in Organisationskommunikation zu absolvieren. Ich kann ihn perfekt mit meinen pers\u00f6nlichen Interessen verbinden und lege so den Grundstein f\u00fcr meine zuk\u00fcnftige Karriere.","og_url":"https:\/\/blog.zhaw.ch\/languagematters\/2020\/01\/17\/auf-dem-weg-zur-kommunikationsmanagerin\/","og_site_name":"Language matters.","article_published_time":"2020-01-17T11:52:43+00:00","article_modified_time":"2023-04-04T17:26:48+00:00","og_image":[{"width":1002,"height":668,"url":"http:\/\/blog.zhaw.ch\/languagematters\/files\/2020\/01\/Anna.png","type":"image\/png"}],"author":"weru","twitter_card":"summary_large_image","twitter_misc":{"Verfasst von":"weru","Gesch\u00e4tzte Lesezeit":"4\u00a0Minuten"},"schema":{"@context":"https:\/\/schema.org","@graph":[{"@type":"Article","@id":"https:\/\/blog.zhaw.ch\/languagematters\/2020\/01\/17\/auf-dem-weg-zur-kommunikationsmanagerin\/#article","isPartOf":{"@id":"https:\/\/blog.zhaw.ch\/languagematters\/2020\/01\/17\/auf-dem-weg-zur-kommunikationsmanagerin\/"},"author":{"name":"weru","@id":"https:\/\/blog.zhaw.ch\/languagematters\/#\/schema\/person\/c20133af31942c1364a310998e328a28"},"headline":"Auf dem Weg zur Kommunikationsmanagerin","datePublished":"2020-01-17T11:52:43+00:00","dateModified":"2023-04-04T17:26:48+00:00","mainEntityOfPage":{"@id":"https:\/\/blog.zhaw.ch\/languagematters\/2020\/01\/17\/auf-dem-weg-zur-kommunikationsmanagerin\/"},"wordCount":539,"commentCount":0,"image":{"@id":"https:\/\/blog.zhaw.ch\/languagematters\/2020\/01\/17\/auf-dem-weg-zur-kommunikationsmanagerin\/#primaryimage"},"thumbnailUrl":"https:\/\/blog.zhaw.ch\/languagematters\/files\/2020\/01\/Anna.png","keywords":["IAM Institut f\u00fcr Angewandte Medienwissenschaft","Master Language and Communication","Masterprofil Strategic Communication Management","Organisationskommunikation"],"articleSection":["Studium"],"inLanguage":"de","potentialAction":[{"@type":"CommentAction","name":"Comment","target":["https:\/\/blog.zhaw.ch\/languagematters\/2020\/01\/17\/auf-dem-weg-zur-kommunikationsmanagerin\/#respond"]}]},{"@type":"WebPage","@id":"https:\/\/blog.zhaw.ch\/languagematters\/2020\/01\/17\/auf-dem-weg-zur-kommunikationsmanagerin\/","url":"https:\/\/blog.zhaw.ch\/languagematters\/2020\/01\/17\/auf-dem-weg-zur-kommunikationsmanagerin\/","name":"Auf dem Weg zur Kommunikationsmanagerin - Language matters.","isPartOf":{"@id":"https:\/\/blog.zhaw.ch\/languagematters\/#website"},"primaryImageOfPage":{"@id":"https:\/\/blog.zhaw.ch\/languagematters\/2020\/01\/17\/auf-dem-weg-zur-kommunikationsmanagerin\/#primaryimage"},"image":{"@id":"https:\/\/blog.zhaw.ch\/languagematters\/2020\/01\/17\/auf-dem-weg-zur-kommunikationsmanagerin\/#primaryimage"},"thumbnailUrl":"https:\/\/blog.zhaw.ch\/languagematters\/files\/2020\/01\/Anna.png","datePublished":"2020-01-17T11:52:43+00:00","dateModified":"2023-04-04T17:26:48+00:00","author":{"@id":"https:\/\/blog.zhaw.ch\/languagematters\/#\/schema\/person\/c20133af31942c1364a310998e328a28"},"breadcrumb":{"@id":"https:\/\/blog.zhaw.ch\/languagematters\/2020\/01\/17\/auf-dem-weg-zur-kommunikationsmanagerin\/#breadcrumb"},"inLanguage":"de","potentialAction":[{"@type":"ReadAction","target":["https:\/\/blog.zhaw.ch\/languagematters\/2020\/01\/17\/auf-dem-weg-zur-kommunikationsmanagerin\/"]}]},{"@type":"ImageObject","inLanguage":"de","@id":"https:\/\/blog.zhaw.ch\/languagematters\/2020\/01\/17\/auf-dem-weg-zur-kommunikationsmanagerin\/#primaryimage","url":"https:\/\/blog.zhaw.ch\/languagematters\/files\/2020\/01\/Anna.png","contentUrl":"https:\/\/blog.zhaw.ch\/languagematters\/files\/2020\/01\/Anna.png","width":1002,"height":668},{"@type":"BreadcrumbList","@id":"https:\/\/blog.zhaw.ch\/languagematters\/2020\/01\/17\/auf-dem-weg-zur-kommunikationsmanagerin\/#breadcrumb","itemListElement":[{"@type":"ListItem","position":1,"name":"Startseite","item":"https:\/\/blog.zhaw.ch\/languagematters\/"},{"@type":"ListItem","position":2,"name":"Auf dem Weg zur Kommunikationsmanagerin"}]},{"@type":"WebSite","@id":"https:\/\/blog.zhaw.ch\/languagematters\/#website","url":"https:\/\/blog.zhaw.ch\/languagematters\/","name":"Language matters.","description":"Ein Blog der ZHAW Z\u00fcrcher Hochschule f\u00fcr Angewandte Wissenschaften","potentialAction":[{"@type":"SearchAction","target":{"@type":"EntryPoint","urlTemplate":"https:\/\/blog.zhaw.ch\/languagematters\/?s={search_term_string}"},"query-input":{"@type":"PropertyValueSpecification","valueRequired":true,"valueName":"search_term_string"}}],"inLanguage":"de"},{"@type":"Person","@id":"https:\/\/blog.zhaw.ch\/languagematters\/#\/schema\/person\/c20133af31942c1364a310998e328a28","name":"weru","image":{"@type":"ImageObject","inLanguage":"de","@id":"https:\/\/secure.gravatar.com\/avatar\/9cef7e19cfe5153e04aad76165ad4cba5b3fd424d833b69d14e42701bc3f5cca?s=96&d=mm&r=g","url":"https:\/\/secure.gravatar.com\/avatar\/9cef7e19cfe5153e04aad76165ad4cba5b3fd424d833b69d14e42701bc3f5cca?s=96&d=mm&r=g","contentUrl":"https:\/\/secure.gravatar.com\/avatar\/9cef7e19cfe5153e04aad76165ad4cba5b3fd424d833b69d14e42701bc3f5cca?s=96&d=mm&r=g","caption":"weru"},"url":"https:\/\/blog.zhaw.ch\/languagematters\/author\/weru\/"}]}},"_links":{"self":[{"href":"https:\/\/blog.zhaw.ch\/languagematters\/wp-json\/wp\/v2\/posts\/7198","targetHints":{"allow":["GET"]}}],"collection":[{"href":"https:\/\/blog.zhaw.ch\/languagematters\/wp-json\/wp\/v2\/posts"}],"about":[{"href":"https:\/\/blog.zhaw.ch\/languagematters\/wp-json\/wp\/v2\/types\/post"}],"author":[{"embeddable":true,"href":"https:\/\/blog.zhaw.ch\/languagematters\/wp-json\/wp\/v2\/users\/432"}],"replies":[{"embeddable":true,"href":"https:\/\/blog.zhaw.ch\/languagematters\/wp-json\/wp\/v2\/comments?post=7198"}],"version-history":[{"count":24,"href":"https:\/\/blog.zhaw.ch\/languagematters\/wp-json\/wp\/v2\/posts\/7198\/revisions"}],"predecessor-version":[{"id":14527,"href":"https:\/\/blog.zhaw.ch\/languagematters\/wp-json\/wp\/v2\/posts\/7198\/revisions\/14527"}],"wp:featuredmedia":[{"embeddable":true,"href":"https:\/\/blog.zhaw.ch\/languagematters\/wp-json\/wp\/v2\/media\/7202"}],"wp:attachment":[{"href":"https:\/\/blog.zhaw.ch\/languagematters\/wp-json\/wp\/v2\/media?parent=7198"}],"wp:term":[{"taxonomy":"category","embeddable":true,"href":"https:\/\/blog.zhaw.ch\/languagematters\/wp-json\/wp\/v2\/categories?post=7198"},{"taxonomy":"post_tag","embeddable":true,"href":"https:\/\/blog.zhaw.ch\/languagematters\/wp-json\/wp\/v2\/tags?post=7198"},{"taxonomy":"features","embeddable":true,"href":"https:\/\/blog.zhaw.ch\/languagematters\/wp-json\/wp\/v2\/features?post=7198"}],"curies":[{"name":"wp","href":"https:\/\/api.w.org\/{rel}","templated":true}]}}