{"id":6557,"date":"2019-10-01T16:12:11","date_gmt":"2019-10-01T14:12:11","guid":{"rendered":"http:\/\/blog.zhaw.ch\/languagematters\/?p=6557"},"modified":"2020-08-06T13:43:59","modified_gmt":"2020-08-06T11:43:59","slug":"warum-sprachliche-integration-studieren","status":"publish","type":"post","link":"https:\/\/blog.zhaw.ch\/languagematters\/2019\/10\/01\/warum-sprachliche-integration-studieren\/","title":{"rendered":"Warum Sprachliche Integration  studieren?"},"content":{"rendered":"\n<p style=\"font-size:20px\">Im Herbstsemester 2020 startet erstmals der neue Studiengang \u00abBachelor Sprachliche Integration \u2013 Deutsch als Fremd- und Zweitsprache\u00bb am Departement Angewandte Linguistik. Aleksandra Opacic hat von Beginn weg im Konzeptteam mitgewirkt und selbst Deutsch als Fremd- und Zweitsprache studiert. In diesem Interview beantwortet sie die wichtigsten Fragen rund um den neuen Studiengang.&nbsp; <\/p>\n\n\n\n<p style=\"font-size:14px\">von <a aria-label=\"Lisa Gubler (\u00f6ffnet in neuem Tab)\" href=\"https:\/\/www.zhaw.ch\/de\/ueber-uns\/person\/gulr\/\" target=\"_blank\" rel=\"noreferrer noopener\">Lisa Gubler<\/a> im Gespr\u00e4ch mit <a aria-label=\"Aleksandra Opacic (\u00f6ffnet in neuem Tab)\" href=\"https:\/\/www.zhaw.ch\/de\/ueber-uns\/person\/opac\/\" target=\"_blank\" rel=\"noreferrer noopener\">Aleksandra Opacic<\/a> vom ILC Institute of Language Competence<\/p>\n\n\n\n<p><strong>Weshalb braucht es diesen Studiengang und um was geht es genau?<\/strong><\/p>\n\n\n\n<p>In den letzten Jahren ist in den deutschsprachigen L\u00e4ndern der Bedarf an hochschulqualifizierten Fachkr\u00e4ften im Bereich der sprachlichen Integration gewachsen. Besonders im Kontext von Mobilit\u00e4t und Migration braucht es mehr ExpertInnen. Der Bachelor-Studiengang <a aria-label=\"\u00abSprachliche Integration \u2013 Deutsch als Fremd- und Zweitsprache\u00bb (\u00f6ffnet in neuem Tab)\" href=\"https:\/\/www.zhaw.ch\/de\/linguistik\/studium\/bachelor-sprachliche-integration\/\" target=\"_blank\" rel=\"noreferrer noopener\">\u00abSprachliche Integration \u2013 Deutsch als Fremd- und Zweitsprache\u00bb<\/a> ist derzeitig der einzige seiner Art in der Schweiz und soll diesen Bedarf langfristig decken. Die Studierenden sollen im Bereich der Vermittlung von sprachlich-kommunikativen Kompetenzen f\u00fcr Erwachsene ausgebildet werden. <\/p>\n\n\n\n<p><strong>Wann ist Studienbeginn des neuen Studiengangs Sprachliche Integration \u2013 Deutsch als Fremd- und Zweitsprache? Bis wann muss ich mich daf\u00fcr einschreiben?<\/strong><\/p>\n\n\n\n<p>Der erste Durchgang startet im Herbst 2020. Der Anmeldezeitraum ist von 31. Oktober 2019 bis zum 31. M\u00e4rz 2020.<\/p>\n\n\n\n<p><strong>An wen richtet sich dieser Studiengang? Was sind die Aufnahmebedingungen?<\/strong><\/p>\n\n\n\n<p>Der Studiengang richtet sich an junge Menschen, die ein Fachhochschulstudium anstreben und gegebenenfalls selbst im mehrsprachigen Migrationskontext aufgewachsen sind. Dar\u00fcber hinaus sollten sie eine sprachliche Affinit\u00e4t, Kommunikationsf\u00e4higkeit sowie eine gewisse Auftrittskompetenz besitzen. Gefragt sind auch eine interkulturelle Sensibilit\u00e4t und ein Interesse an globalen Themen wie Politik, Wirtschaft und Recht. Auch \u00abreifere\u00bb, junge Menschen, die schon Berufserfahrung mitbringen oder schon eine Lehre abgeschlossen haben, k\u00f6nnen sich f\u00fcr den Studiengang bewerben. Voraussetzung ist ein Maturit\u00e4tszeugnis (gymnasiale Maturit\u00e4t, Fachmaturit\u00e4t, Berufsmaturit\u00e4t bzw. ein ausl\u00e4ndisches \u00c4quivalent), das Bestehen der Eignungsabkl\u00e4rung sowie eine einj\u00e4hrige Berufspraxis. Dabei spielt es keine Rolle, in welchem Berufsfeld diese erworben wurde.<\/p>\n\n\n\n<p><strong>Wie lange dauert das Studium? Ist es m\u00f6glich, den Bachelor berufsbegleitend zu absolvieren?<\/strong><\/p>\n\n\n\n<p>Das Vollzeitstudium dauert 6 Semester. Es ist aber auch\nm\u00f6glich, den Bachelor berufsbegleitend zu absolvieren, dann ben\u00f6tigt man ca.\n7-8 Semester. Sehr lukrativ ist, dass man nur drei Tage Pr\u00e4senzunterricht hat\nund das Studium somit sehr gut mit dem Beruf vereinbaren kann. <\/p>\n\n\n\n<p><strong>Wie ist das Studium aufgebaut? Welche Schwerpunkte und F\u00e4cher werden behandelt?<\/strong><\/p>\n\n\n\n<p>Der Studiengang besteht aus drei Teilen: Grundstudium (1-3. Semester), ein Praxissemester (im 4. Semester) und das Hauptstudium (5.-6. Semester). Das Studium besteht aus f\u00fcnf Lernbereichen, die eng miteinander verzahnt sind: Linguistik, Didaktik, Praxis, Kontexte und das wissenschaftliche Arbeiten. Ab dem 5. Semester kann man einen der zwei Schwerpunkte \u00abSprachberatung und -coaching\u00bb oder \u00abSprachbildungsmanagement\u00bb w\u00e4hlen. <\/p>\n\n\n\n<p><strong>In welchen Berufsfeldern kann man mit diesem Abschluss arbeiten? Welche Chancen haben AbsolventInnen auf dem Arbeitsmarkt?<\/strong><\/p>\n\n\n\n<p>Den AbsolventInnen steht eine Vielzahl an Berufsfeldern\noffen: in der Sprachf\u00f6rderung Deutsch als Fremd- und Zweitsprache f\u00fcr\nErwachsene, als SprachkursleiterIn im In- und Ausland, als SprachberaterIn im\nMigrations- bzw. Integrationsbereich, als SprachbildungsmanagerIn oder als\nEntwicklerIn von Lehr-\/Lernmaterialien. Zudem besteht immer auch die\nM\u00f6glichkeit an Privatschulen, Hochschulen oder Universit\u00e4ten zu arbeiten.<\/p>\n\n\n\n<p><strong>Welche weiterf\u00fchrenden Studieng\u00e4nge k\u00f6nnen nach dem Bachelorabschluss absolviert werden?<\/strong><\/p>\n\n\n\n<p>Nach dem Bachelorabschluss k\u00f6nnen die AbsolventInnen ihre Kenntnisse in einem Masterstudium vertiefen. Zum Beispiel bietet das Departement Mehrsprachigkeitsforschung und Fremdsprachendidaktik der Universit\u00e4t Freiburg (CH) f\u00fcnf Masterprogramme an: Mehrsprachigkeitsforschung, Fremdsprachendidaktik, Deutsch als Fremdsprache (DaF), Franz\u00f6sisch als Fremdsprache (FLE) und R\u00e4toromanisch. Der Master kann auch in Deutschland oder anderswo im Ausland erworben werden.<\/p>\n\n\n\n<p><strong>Was ist der Unterschied zu anderen DaF-\/DaZ-Ausbildungen, z.B. an der P\u00e4dagogischen Hochschule Z\u00fcrich?<\/strong><\/p>\n\n\n\n<p>Der\nBA-Studiengang \u00abSprachliche Integration \u2013 Deutsch als Fremd- und\nZweitsprache\u00bb grenzt sich durch die\nAusrichtung auf den Erwachsenenbereich von den anderen DaF-\/DaZ-Ausbildungen\nab. Er bef\u00e4higt die AbsolventInnen zur Aus\u00fcbung des Berufs \u00abFachperson\nSprachf\u00f6rderung Deutsch als Fremd- und Zweitsprache f\u00fcr Erwachsene\u00bb.<\/p>\n\n\n\n<hr class=\"wp-block-separator is-style-default\" \/>\n\n\n\n<h2 class=\"wp-block-heading\">Willst du mit Sprache die Welt ver\u00e4ndern?<\/h2>\n\n\n\n<p>Der<a aria-label=\"&nbsp;Bachelor\u00adstudiengang Sprachliche Integration (\u00f6ffnet in neuem Tab)\" href=\"https:\/\/www.zhaw.ch\/de\/linguistik\/studium\/bachelor-sprachliche-integration\/\" target=\"_blank\" rel=\"noreferrer noopener\">&nbsp;Bachelor\u00adstudiengang Sprachliche Integration<\/a>&nbsp;bereitet dich auf eine T\u00e4tigkeit mit Sprache(n) und Menschen im inter\u00adkulturellen Kontext vor. Studienstart ist im Herbst 2020 am I<a aria-label=\"LC Institute of Language Competence (\u00f6ffnet in neuem Tab)\" href=\"https:\/\/www.zhaw.ch\/de\/linguistik\/institute-zentren\/ilc\/\" target=\"_blank\" rel=\"noreferrer noopener\">LC Institute of Language Competence<\/a>. <\/p>\n\n\n\n<p><strong>Melde dich jetzt an zum <\/strong><a aria-label=\"Info-Anlass (\u00f6ffnet in neuem Tab)\" href=\"https:\/\/www.zhaw.ch\/de\/linguistik\/studium\/bachelor-sprachliche-integration\/info-veranstaltungen\/\" target=\"_blank\" rel=\"noreferrer noopener\"><strong>Info-Anlass<\/strong><\/a><strong>!<\/strong><br><\/p>\n\n\n<figure class=\"wp-block-embed-youtube wp-block-embed is-type-video is-provider-youtube wp-embed-aspect-16-9 wp-has-aspect-ratio\"><div class=\"lyte-wrapper\" title=\"Warum Sprache in der Integration wichtig ist\" style=\"width:640px;max-width:100%;margin:5px;\"><div class=\"lyMe\" id=\"WYL_lk7CeLBgqUU\"><div id=\"lyte_lk7CeLBgqUU\" data-src=\"https:\/\/blog.zhaw.ch\/languagematters\/wp-content\/plugins\/wp-youtube-lyte\/lyteCache.php?origThumbUrl=https%3A%2F%2Fi.ytimg.com%2Fvi%2Flk7CeLBgqUU%2Fhqdefault.jpg\" class=\"pL\"><div class=\"tC\"><div class=\"tT\">Warum Sprache in der Integration wichtig ist<\/div><\/div><div class=\"play\"><\/div><div class=\"ctrl\"><div class=\"Lctrl\"><\/div><div class=\"Rctrl\"><\/div><\/div><\/div><noscript><a href=\"https:\/\/youtu.be\/lk7CeLBgqUU\" rel=\"nofollow\"><img loading=\"lazy\" decoding=\"async\" src=\"https:\/\/blog.zhaw.ch\/languagematters\/wp-content\/plugins\/wp-youtube-lyte\/lyteCache.php?origThumbUrl=https%3A%2F%2Fi.ytimg.com%2Fvi%2Flk7CeLBgqUU%2F0.jpg\" alt=\"Warum Sprache in der Integration wichtig ist\" width=\"640\" height=\"340\" \/><br \/>Dieses Video auf YouTube ansehen<\/a><\/noscript><\/div><\/div><div class=\"lL\" style=\"max-width:100%;width:640px;margin:5px;\"><br\/><span class=\"lyte_disclaimer\">Defaulttext aus wp-youtube-lyte.php<\/span><\/div><figcaption><\/figcaption><\/figure><div class=\"pt-sm\">Schlagw\u00f6rter: <a href=\"http:\/\/blog.zhaw.ch\/languagematters\/tag\/bachelor-sprachliche-integration\/\">Bachelor Sprachliche Integration<\/a>, <a href=\"http:\/\/blog.zhaw.ch\/languagematters\/tag\/daf-daz\/\">DaF\/DaZ<\/a>, <a href=\"http:\/\/blog.zhaw.ch\/languagematters\/tag\/ilc\/\">ILC Institute of Language Competence<\/a><br><\/div>","protected":false},"excerpt":{"rendered":"<p>Im Herbstsemester 2020 startet erstmals der neue Studiengang \u00abBachelor Sprachliche Integration \u2013 Deutsch als Fremd- und Zweitsprache\u00bb am Departement Angewandte Linguistik. Aleksandra Opacic hat von Beginn weg im Konzeptteam mitgewirkt und selbst Deutsch als Fremd- und Zweitsprache studiert. In diesem Interview beantwortet sie die wichtigsten Fragen rund um den neuen Studiengang.&nbsp; von Lisa Gubler im [&hellip;]<\/p>\n","protected":false},"author":488,"featured_media":0,"comment_status":"open","ping_status":"open","sticky":false,"template":"","format":"standard","meta":{"ngg_post_thumbnail":0,"footnotes":""},"categories":[201],"tags":[259,258,218],"features":[],"class_list":["post-6557","post","type-post","status-publish","format-standard","hentry","category-studium","tag-bachelor-sprachliche-integration","tag-daf-daz","tag-ilc"],"yoast_head":"<!-- This site is optimized with the Yoast SEO Premium plugin v27.2 (Yoast SEO v27.2) - https:\/\/yoast.com\/product\/yoast-seo-premium-wordpress\/ -->\n<title>Warum Sprachliche Integration studieren? - Language matters.<\/title>\n<meta name=\"robots\" content=\"index, follow, max-snippet:-1, max-image-preview:large, max-video-preview:-1\" \/>\n<link rel=\"canonical\" href=\"https:\/\/blog.zhaw.ch\/languagematters\/2019\/10\/01\/warum-sprachliche-integration-studieren\/\" \/>\n<meta property=\"og:locale\" content=\"de_DE\" \/>\n<meta property=\"og:type\" content=\"article\" \/>\n<meta property=\"og:title\" content=\"Warum Sprachliche Integration studieren?\" \/>\n<meta property=\"og:description\" content=\"Im Herbstsemester 2020 startet erstmals der neue Studiengang \u00abBachelor Sprachliche Integration \u2013 Deutsch als Fremd- und Zweitsprache\u00bb am Departement Angewandte Linguistik. Aleksandra Opacic hat von Beginn weg im Konzeptteam mitgewirkt und selbst Deutsch als Fremd- und Zweitsprache studiert. In diesem Interview beantwortet sie die wichtigsten Fragen rund um den neuen Studiengang.&nbsp; von Lisa Gubler im [&hellip;]\" \/>\n<meta property=\"og:url\" content=\"https:\/\/blog.zhaw.ch\/languagematters\/2019\/10\/01\/warum-sprachliche-integration-studieren\/\" \/>\n<meta property=\"og:site_name\" content=\"Language matters.\" \/>\n<meta property=\"article:published_time\" content=\"2019-10-01T14:12:11+00:00\" \/>\n<meta property=\"article:modified_time\" content=\"2020-08-06T11:43:59+00:00\" \/>\n<meta property=\"og:image\" content=\"https:\/\/blog.zhaw.ch\/languagematters\/files\/2019\/10\/Blogbeitrag_Studiengang_SI_opac.jpeg\" \/>\n\t<meta property=\"og:image:width\" content=\"1432\" \/>\n\t<meta property=\"og:image:height\" content=\"1016\" \/>\n\t<meta property=\"og:image:type\" content=\"image\/jpeg\" \/>\n<meta name=\"author\" content=\"magt\" \/>\n<meta name=\"twitter:card\" content=\"summary_large_image\" \/>\n<meta name=\"twitter:label1\" content=\"Verfasst von\" \/>\n\t<meta name=\"twitter:data1\" content=\"magt\" \/>\n\t<meta name=\"twitter:label2\" content=\"Gesch\u00e4tzte Lesezeit\" \/>\n\t<meta name=\"twitter:data2\" content=\"3\u00a0Minuten\" \/>\n<script type=\"application\/ld+json\" class=\"yoast-schema-graph\">{\"@context\":\"https:\/\/schema.org\",\"@graph\":[{\"@type\":\"Article\",\"@id\":\"https:\/\/blog.zhaw.ch\/languagematters\/2019\/10\/01\/warum-sprachliche-integration-studieren\/#article\",\"isPartOf\":{\"@id\":\"https:\/\/blog.zhaw.ch\/languagematters\/2019\/10\/01\/warum-sprachliche-integration-studieren\/\"},\"author\":{\"name\":\"magt\",\"@id\":\"https:\/\/blog.zhaw.ch\/languagematters\/#\/schema\/person\/51b204eda8a3da1624c2171b3f74fa82\"},\"headline\":\"Warum Sprachliche Integration studieren?\",\"datePublished\":\"2019-10-01T14:12:11+00:00\",\"dateModified\":\"2020-08-06T11:43:59+00:00\",\"mainEntityOfPage\":{\"@id\":\"https:\/\/blog.zhaw.ch\/languagematters\/2019\/10\/01\/warum-sprachliche-integration-studieren\/\"},\"wordCount\":691,\"commentCount\":2,\"keywords\":[\"Bachelor Sprachliche Integration\",\"DaF\/DaZ\",\"ILC Institute of Language Competence\"],\"articleSection\":[\"Studium\"],\"inLanguage\":\"de\",\"potentialAction\":[{\"@type\":\"CommentAction\",\"name\":\"Comment\",\"target\":[\"https:\/\/blog.zhaw.ch\/languagematters\/2019\/10\/01\/warum-sprachliche-integration-studieren\/#respond\"]}]},{\"@type\":\"WebPage\",\"@id\":\"https:\/\/blog.zhaw.ch\/languagematters\/2019\/10\/01\/warum-sprachliche-integration-studieren\/\",\"url\":\"https:\/\/blog.zhaw.ch\/languagematters\/2019\/10\/01\/warum-sprachliche-integration-studieren\/\",\"name\":\"Warum Sprachliche Integration studieren? - Language matters.\",\"isPartOf\":{\"@id\":\"https:\/\/blog.zhaw.ch\/languagematters\/#website\"},\"datePublished\":\"2019-10-01T14:12:11+00:00\",\"dateModified\":\"2020-08-06T11:43:59+00:00\",\"author\":{\"@id\":\"https:\/\/blog.zhaw.ch\/languagematters\/#\/schema\/person\/51b204eda8a3da1624c2171b3f74fa82\"},\"breadcrumb\":{\"@id\":\"https:\/\/blog.zhaw.ch\/languagematters\/2019\/10\/01\/warum-sprachliche-integration-studieren\/#breadcrumb\"},\"inLanguage\":\"de\",\"potentialAction\":[{\"@type\":\"ReadAction\",\"target\":[\"https:\/\/blog.zhaw.ch\/languagematters\/2019\/10\/01\/warum-sprachliche-integration-studieren\/\"]}]},{\"@type\":\"BreadcrumbList\",\"@id\":\"https:\/\/blog.zhaw.ch\/languagematters\/2019\/10\/01\/warum-sprachliche-integration-studieren\/#breadcrumb\",\"itemListElement\":[{\"@type\":\"ListItem\",\"position\":1,\"name\":\"Startseite\",\"item\":\"https:\/\/blog.zhaw.ch\/languagematters\/\"},{\"@type\":\"ListItem\",\"position\":2,\"name\":\"Warum Sprachliche Integration studieren?\"}]},{\"@type\":\"WebSite\",\"@id\":\"https:\/\/blog.zhaw.ch\/languagematters\/#website\",\"url\":\"https:\/\/blog.zhaw.ch\/languagematters\/\",\"name\":\"Language matters.\",\"description\":\"Ein Blog der ZHAW Z\u00fcrcher Hochschule f\u00fcr Angewandte Wissenschaften\",\"potentialAction\":[{\"@type\":\"SearchAction\",\"target\":{\"@type\":\"EntryPoint\",\"urlTemplate\":\"https:\/\/blog.zhaw.ch\/languagematters\/?s={search_term_string}\"},\"query-input\":{\"@type\":\"PropertyValueSpecification\",\"valueRequired\":true,\"valueName\":\"search_term_string\"}}],\"inLanguage\":\"de\"},{\"@type\":\"Person\",\"@id\":\"https:\/\/blog.zhaw.ch\/languagematters\/#\/schema\/person\/51b204eda8a3da1624c2171b3f74fa82\",\"name\":\"magt\",\"image\":{\"@type\":\"ImageObject\",\"inLanguage\":\"de\",\"@id\":\"https:\/\/secure.gravatar.com\/avatar\/1ceb7ca3c868c633416c2489a80fb1b6700ad73e4c911f5e3bb826fa1a8f4781?s=96&d=mm&r=g\",\"url\":\"https:\/\/secure.gravatar.com\/avatar\/1ceb7ca3c868c633416c2489a80fb1b6700ad73e4c911f5e3bb826fa1a8f4781?s=96&d=mm&r=g\",\"contentUrl\":\"https:\/\/secure.gravatar.com\/avatar\/1ceb7ca3c868c633416c2489a80fb1b6700ad73e4c911f5e3bb826fa1a8f4781?s=96&d=mm&r=g\",\"caption\":\"magt\"},\"url\":\"https:\/\/blog.zhaw.ch\/languagematters\/author\/magt\/\"}]}<\/script>\n<!-- \/ Yoast SEO Premium plugin. -->","yoast_head_json":{"title":"Warum Sprachliche Integration studieren? - Language matters.","robots":{"index":"index","follow":"follow","max-snippet":"max-snippet:-1","max-image-preview":"max-image-preview:large","max-video-preview":"max-video-preview:-1"},"canonical":"https:\/\/blog.zhaw.ch\/languagematters\/2019\/10\/01\/warum-sprachliche-integration-studieren\/","og_locale":"de_DE","og_type":"article","og_title":"Warum Sprachliche Integration studieren?","og_description":"Im Herbstsemester 2020 startet erstmals der neue Studiengang \u00abBachelor Sprachliche Integration \u2013 Deutsch als Fremd- und Zweitsprache\u00bb am Departement Angewandte Linguistik. Aleksandra Opacic hat von Beginn weg im Konzeptteam mitgewirkt und selbst Deutsch als Fremd- und Zweitsprache studiert. In diesem Interview beantwortet sie die wichtigsten Fragen rund um den neuen Studiengang.&nbsp; von Lisa Gubler im [&hellip;]","og_url":"https:\/\/blog.zhaw.ch\/languagematters\/2019\/10\/01\/warum-sprachliche-integration-studieren\/","og_site_name":"Language matters.","article_published_time":"2019-10-01T14:12:11+00:00","article_modified_time":"2020-08-06T11:43:59+00:00","og_image":[{"width":1432,"height":1016,"url":"https:\/\/blog.zhaw.ch\/languagematters\/files\/2019\/10\/Blogbeitrag_Studiengang_SI_opac.jpeg","type":"image\/jpeg"}],"author":"magt","twitter_card":"summary_large_image","twitter_misc":{"Verfasst von":"magt","Gesch\u00e4tzte Lesezeit":"3\u00a0Minuten"},"schema":{"@context":"https:\/\/schema.org","@graph":[{"@type":"Article","@id":"https:\/\/blog.zhaw.ch\/languagematters\/2019\/10\/01\/warum-sprachliche-integration-studieren\/#article","isPartOf":{"@id":"https:\/\/blog.zhaw.ch\/languagematters\/2019\/10\/01\/warum-sprachliche-integration-studieren\/"},"author":{"name":"magt","@id":"https:\/\/blog.zhaw.ch\/languagematters\/#\/schema\/person\/51b204eda8a3da1624c2171b3f74fa82"},"headline":"Warum Sprachliche Integration studieren?","datePublished":"2019-10-01T14:12:11+00:00","dateModified":"2020-08-06T11:43:59+00:00","mainEntityOfPage":{"@id":"https:\/\/blog.zhaw.ch\/languagematters\/2019\/10\/01\/warum-sprachliche-integration-studieren\/"},"wordCount":691,"commentCount":2,"keywords":["Bachelor Sprachliche Integration","DaF\/DaZ","ILC Institute of Language Competence"],"articleSection":["Studium"],"inLanguage":"de","potentialAction":[{"@type":"CommentAction","name":"Comment","target":["https:\/\/blog.zhaw.ch\/languagematters\/2019\/10\/01\/warum-sprachliche-integration-studieren\/#respond"]}]},{"@type":"WebPage","@id":"https:\/\/blog.zhaw.ch\/languagematters\/2019\/10\/01\/warum-sprachliche-integration-studieren\/","url":"https:\/\/blog.zhaw.ch\/languagematters\/2019\/10\/01\/warum-sprachliche-integration-studieren\/","name":"Warum Sprachliche Integration studieren? - Language matters.","isPartOf":{"@id":"https:\/\/blog.zhaw.ch\/languagematters\/#website"},"datePublished":"2019-10-01T14:12:11+00:00","dateModified":"2020-08-06T11:43:59+00:00","author":{"@id":"https:\/\/blog.zhaw.ch\/languagematters\/#\/schema\/person\/51b204eda8a3da1624c2171b3f74fa82"},"breadcrumb":{"@id":"https:\/\/blog.zhaw.ch\/languagematters\/2019\/10\/01\/warum-sprachliche-integration-studieren\/#breadcrumb"},"inLanguage":"de","potentialAction":[{"@type":"ReadAction","target":["https:\/\/blog.zhaw.ch\/languagematters\/2019\/10\/01\/warum-sprachliche-integration-studieren\/"]}]},{"@type":"BreadcrumbList","@id":"https:\/\/blog.zhaw.ch\/languagematters\/2019\/10\/01\/warum-sprachliche-integration-studieren\/#breadcrumb","itemListElement":[{"@type":"ListItem","position":1,"name":"Startseite","item":"https:\/\/blog.zhaw.ch\/languagematters\/"},{"@type":"ListItem","position":2,"name":"Warum Sprachliche Integration studieren?"}]},{"@type":"WebSite","@id":"https:\/\/blog.zhaw.ch\/languagematters\/#website","url":"https:\/\/blog.zhaw.ch\/languagematters\/","name":"Language matters.","description":"Ein Blog der ZHAW Z\u00fcrcher Hochschule f\u00fcr Angewandte Wissenschaften","potentialAction":[{"@type":"SearchAction","target":{"@type":"EntryPoint","urlTemplate":"https:\/\/blog.zhaw.ch\/languagematters\/?s={search_term_string}"},"query-input":{"@type":"PropertyValueSpecification","valueRequired":true,"valueName":"search_term_string"}}],"inLanguage":"de"},{"@type":"Person","@id":"https:\/\/blog.zhaw.ch\/languagematters\/#\/schema\/person\/51b204eda8a3da1624c2171b3f74fa82","name":"magt","image":{"@type":"ImageObject","inLanguage":"de","@id":"https:\/\/secure.gravatar.com\/avatar\/1ceb7ca3c868c633416c2489a80fb1b6700ad73e4c911f5e3bb826fa1a8f4781?s=96&d=mm&r=g","url":"https:\/\/secure.gravatar.com\/avatar\/1ceb7ca3c868c633416c2489a80fb1b6700ad73e4c911f5e3bb826fa1a8f4781?s=96&d=mm&r=g","contentUrl":"https:\/\/secure.gravatar.com\/avatar\/1ceb7ca3c868c633416c2489a80fb1b6700ad73e4c911f5e3bb826fa1a8f4781?s=96&d=mm&r=g","caption":"magt"},"url":"https:\/\/blog.zhaw.ch\/languagematters\/author\/magt\/"}]}},"_links":{"self":[{"href":"https:\/\/blog.zhaw.ch\/languagematters\/wp-json\/wp\/v2\/posts\/6557","targetHints":{"allow":["GET"]}}],"collection":[{"href":"https:\/\/blog.zhaw.ch\/languagematters\/wp-json\/wp\/v2\/posts"}],"about":[{"href":"https:\/\/blog.zhaw.ch\/languagematters\/wp-json\/wp\/v2\/types\/post"}],"author":[{"embeddable":true,"href":"https:\/\/blog.zhaw.ch\/languagematters\/wp-json\/wp\/v2\/users\/488"}],"replies":[{"embeddable":true,"href":"https:\/\/blog.zhaw.ch\/languagematters\/wp-json\/wp\/v2\/comments?post=6557"}],"version-history":[{"count":18,"href":"https:\/\/blog.zhaw.ch\/languagematters\/wp-json\/wp\/v2\/posts\/6557\/revisions"}],"predecessor-version":[{"id":8948,"href":"https:\/\/blog.zhaw.ch\/languagematters\/wp-json\/wp\/v2\/posts\/6557\/revisions\/8948"}],"wp:attachment":[{"href":"https:\/\/blog.zhaw.ch\/languagematters\/wp-json\/wp\/v2\/media?parent=6557"}],"wp:term":[{"taxonomy":"category","embeddable":true,"href":"https:\/\/blog.zhaw.ch\/languagematters\/wp-json\/wp\/v2\/categories?post=6557"},{"taxonomy":"post_tag","embeddable":true,"href":"https:\/\/blog.zhaw.ch\/languagematters\/wp-json\/wp\/v2\/tags?post=6557"},{"taxonomy":"features","embeddable":true,"href":"https:\/\/blog.zhaw.ch\/languagematters\/wp-json\/wp\/v2\/features?post=6557"}],"curies":[{"name":"wp","href":"https:\/\/api.w.org\/{rel}","templated":true}]}}