{"id":5727,"date":"2019-03-13T06:22:04","date_gmt":"2019-03-13T05:22:04","guid":{"rendered":"http:\/\/blog.zhaw.ch\/languagematters\/?p=5727"},"modified":"2024-09-13T11:03:36","modified_gmt":"2024-09-13T09:03:36","slug":"dank-eines-austauschsemesters-an-der-zhaw-einen-schritt-naeher-am-traumberuf","status":"publish","type":"post","link":"https:\/\/blog.zhaw.ch\/languagematters\/2019\/03\/13\/dank-eines-austauschsemesters-an-der-zhaw-einen-schritt-naeher-am-traumberuf\/","title":{"rendered":"Dank eines Austauschsemesters an der ZHAW einen Schritt n\u00e4her am Traumberuf"},"content":{"rendered":"\n<p style=\"font-size:20px\">Im\nHerbst 2018 hat Anna Chepizhko ein Auslandsemester im Master\nOrganisationskommunikation an der ZHAW Departement f\u00fcr Angewandte Linguistik\nabsolviert. Warum die geb\u00fcrtige Ukrainerin sich f\u00fcr die ZHAW entschieden hat\nund inwiefern ihr Auslandsemester ihrer beruflichen Zukunft n\u00fctzt, erz\u00e4hlt sie\nuns im Gespr\u00e4ch.<\/p>\n\n\n\n<p style=\"font-size:14px\">von <a href=\"https:\/\/www.zhaw.ch\/de\/ueber-uns\/person\/veti\/\">Christine Vettiger<\/a> und <a href=\"https:\/\/www.zhaw.ch\/de\/ueber-uns\/person\/calz\/\">Maura Calzado,<\/a> International Relations Office<\/p>\n\n\n\n<p><strong>Anna, du hast bereits mit dem Internationalen Parlamentsstipendium im Deutschen Bundestag in Berlin gearbeitet und studierst jetzt als Stipendiatin der Friedrich-Naumann-Stiftung Medienwissenschaft an der Universit\u00e4t Trier. Warum hast du dich f\u00fcr ein Austauschsemester in der Schweiz an der ZHAW entschieden?<\/strong><\/p>\n\n\n\n<p>Mein Studium in Trier ist sehr theoretisch. F\u00fcr mein Auslandsemester habe ich etwas Praxisorientiertes gesucht. Zudem wollte ich ein Semester auf Englisch studieren, daf\u00fcr aber nicht zwingend in den angels\u00e4chsischen Raum gehen. An der ZHAW sah ich diese beiden W\u00fcnsche kombiniert. In Winterthur spricht man ausserdem Deutsch, ich konnte somit auch meine Deutschkenntnisse anwenden.<\/p>\n\n\n\n<p>Zudem hat mich die gute Organisation des Studiengangs angesprochen. Ich bekam schon lange vor Semesterbeginn einen Stundenplan mit F\u00e4chern, die mich \u00fcberzeugten. <\/p>\n\n\n\n<p><strong>Und warum hast du genau den Master Angewandte Linguistik mit Vertiefung Organisationskommunikation gew\u00e4hlt?<\/strong><\/p>\n\n\n\n<p>Wegen des Fokus&#8216; auf internationaler und interkultureller Organisationskommunikation bzw. Public Relations. Das war genau das, was ich brauchte und wollte. Ich habe in meinem Bachelor in der Ukraine auch Public Relations studiert und w\u00e4hrend meines Studiums dort ebenfalls in diesem Berufsfeld gearbeitet. Danach habe ich mich dazu entschieden, an der Universit\u00e4t Trier Medienwissenschaft zu studieren. Das ist zwar interessant, aber auch sehr, sehr forschungsorientiert und fast nur auf die Beziehung zwischen Politik und Medien ausgerichtet. Der praktische Input hat mir gefehlt und den fand ich hier in Winterthur \u2013 und dann noch auf Englisch.<\/p>\n\n\n\n<p><strong>Woran hattest du dieses Semester am meisten Freude? Gab es ein Lieblingsfach?<\/strong><\/p>\n\n\n\n<p>Mein absolutes Highlight waren die beiden Projekte, die wir von Unternehmen erhielten und an denen wir gearbeitet haben. Das eine war f\u00fcr Barry Callebaut, den weltgr\u00f6ssten B2B Kakao- und Schokoladenproduzenten, im Fach <em>Intercultural und International Organisational Communication<\/em>. Dort haben wir das internationale Mitarbeitermagazin des Unternehmens \u00fcberpr\u00fcft und uns ein neues Konzept \u00fcberlegt.<\/p>\n\n\n\n<p>Das andere Projekt war f\u00fcr das Versicherungsunternehmen AXA im Fach <em>Applied Research Projects<\/em>, wo wir einen Korpus von Artikeln, die im Rahmen eines Medienmonitorings gesammelt wurden, codiert und analysiert haben. Wir haben die beiden Unternehmen auch besucht, das war eine tolle Erfahrung. Dank des direkten Kontakts zur Unternehmenspraxis und der Arbeit an einem realen Auftrag habe ich mich viel st\u00e4rker involviert gef\u00fchlt und war extrem motiviert. &nbsp;<\/p>\n\n\n\n<p>Wirklich sehr spannend und aufschlussreich in Bezug\nauf die Kommunikationspraxis war auch <em>Organisational\nCommunication for Specific Industries<\/em>. In diesem Fach hatten wir die Kommunikationsleitenden\nvon verschiedenen Unternehmen zu Gast, die uns Einblick in die Kommunikation\nihrer Firmen gew\u00e4hrten und auch die besonderen Herausforderungen in ihrer Branche\nthematisiert haben. Unter anderem waren die Kommunikationschefs der UBS, der\nAllianz Suisse, der ABB, von Swiss International Airlines und der\nPrivatklinikgruppe Hirslanden zu Gast.<\/p>\n\n\n\n<p>Mein absolutes Lieblingsfach war <em>Intercultural and International Organisational Communication<\/em>.\nEinerseits war es sehr gut strukturiert und hat mir die verschiedenen Kulturdimensionen\nn\u00e4hergebracht, und andererseits konnten wir von der pers\u00f6nlichen Erfahrung der\nDozentin profitieren, die mehrere Jahre in China gearbeitet hat.<\/p>\n\n\n\n<p><strong>Welchen Beruf m\u00f6chtest du sp\u00e4ter aus\u00fcben? Und wo am liebsten?<\/strong><\/p>\n\n\n\n<p>Das ist eine spannende Frage. Letztlich wollte ich immer in Richtung Public Affairs gehen, weil ich mich sehr f\u00fcr Politik interessiere. Ich habe ja im Bundestag gearbeitet und verfolge die Politik in den USA, in Grossbritannien, Deutschland und auch meinem Heimatlandm der Ukraine, sehr aufmerksam. Allerdings wollte ich nie direkt in der Politik arbeiten, sondern an der Schnittstelle zwischen Unternehmen und Politik. Und daf\u00fcr braucht es ein tiefgreifendes Verst\u00e4ndnis von Organisationskommunikation, deswegen war auch mein Austauschsemester hier so wertvoll. Ich kann wirklich einiges mitnehmen. Aufgrund meines multikulturellen Erfahrungsschatzes m\u00f6chte ich auf jeden Fall in einer internationalen Organisation arbeiten. <\/p>\n\n\n\n<p><strong>Wie war deine Erfahrung mit der Klasse, wurdest du gut aufgenommen?<\/strong><\/p>\n\n\n\n<p>Ja, auf jeden Fall, das waren alles tolle Leute.\nGleich am ersten Tag habe ich Kontakte gekn\u00fcpft, die Studienkolleginnen und\n-kollegen waren alle sehr offen. Allerdings hat das auch Offenheit von meiner\nSeite bedingt. Die Schweizer sind \u00fcberhaupt nicht zur\u00fcckhaltend, das ist nur\nein Vorurteil. Aber man muss auch auf sie zugehen. Wenn man ehrliches Interesse\nzeigt, dann kommt viel zur\u00fcck. Wir waren wirklich eine super Gruppe.<\/p>\n\n\n\n<p><strong>Wie sind deine Eindr\u00fccke vom Campus, hast du Tipps f\u00fcr zuk\u00fcnftige Incomings?<\/strong><\/p>\n\n\n\n<p>Die Infrastruktur ist wirklich ausgezeichnet, alles ist digital ausgerichtet. Ich musste zum Beispiel selten in die Bibliothek, um B\u00fccher zu holen, sondern konnte auf die Online-Exemplare zugreifen. Aber wenn ich in der Bibliothek war, dann vor allem auch aus einem anderen Grund: Die <a href=\"https:\/\/www.zhaw.ch\/de\/hochschulbibliothek\/arbeiten-lernen\/hochschulbibliothek-winterthur\/\">Lernlandschaft<\/a> dort ist total beeindruckend. Ich habe Fotos davon auf Social Media gepostet, meine Freunde zuhause waren alle begeistert. Anderen Incomings kann ich vor allem empfehlen, alle F\u00e4cher zu belegen, die sie interessieren, selbst wenn sie an der Heimathochschule nicht angerechnet werden. Das war bei mir der Fall und ich bereue es keine Sekunde. Ich habe dadurch so viel gelernt. Das ist schlussendlich viel mehr wert als die verbuchten Credits. <\/p>\n\n\n\n<div class=\"wp-block-image\"><figure class=\"alignleft\"><img loading=\"lazy\" decoding=\"async\" width=\"1024\" height=\"545\" src=\"http:\/\/blog.zhaw.ch\/languagematters\/files\/2019\/03\/DSC_0350-Kopie-e1552397410876-1024x545.jpg\" alt=\"\" class=\"wp-image-5728\" srcset=\"https:\/\/blog.zhaw.ch\/languagematters\/files\/2019\/03\/DSC_0350-Kopie-e1552397410876-1024x545.jpg 1024w, https:\/\/blog.zhaw.ch\/languagematters\/files\/2019\/03\/DSC_0350-Kopie-e1552397410876-300x160.jpg 300w, https:\/\/blog.zhaw.ch\/languagematters\/files\/2019\/03\/DSC_0350-Kopie-e1552397410876-768x409.jpg 768w, https:\/\/blog.zhaw.ch\/languagematters\/files\/2019\/03\/DSC_0350-Kopie-e1552397410876.jpg 1500w\" sizes=\"auto, (max-width: 1024px) 100vw, 1024px\" \/><figcaption>Regine Wieder, Leiterin Master-Vertiefung Organisationskommunikation und Incoming-Studentin Anna Chepizhko (v.l. Credit: Maura Calzado)<\/figcaption><\/figure><\/div>\n<div class=\"pt-sm\">Schlagw\u00f6rter: <a href=\"http:\/\/blog.zhaw.ch\/languagematters\/tag\/auslandssemester\/\">Auslandssemester<\/a>, <a href=\"http:\/\/blog.zhaw.ch\/languagematters\/tag\/auslandsemester-km\/\">Auslandssemester BA Kommunikation und Medien<\/a>, <a href=\"http:\/\/blog.zhaw.ch\/languagematters\/tag\/iam\/\">IAM Institut f\u00fcr Angewandte Medienwissenschaft<\/a>, <a href=\"http:\/\/blog.zhaw.ch\/languagematters\/tag\/international\/\">International<\/a>, <a href=\"http:\/\/blog.zhaw.ch\/languagematters\/tag\/tag-master-language-and-communication\/\">Master Language and Communication<\/a>, <a href=\"http:\/\/blog.zhaw.ch\/languagematters\/tag\/organisationskommunikation\/\">Organisationskommunikation<\/a><br><\/div>","protected":false},"excerpt":{"rendered":"<p>Im Herbst 2018 hat Anna Chepizhko ein Auslandsemester im Master Organisationskommunikation an der ZHAW Departement f\u00fcr Angewandte Linguistik absolviert. Warum die geb\u00fcrtige Ukrainerin sich f\u00fcr die ZHAW entschieden hat und inwiefern ihr Auslandsemester ihrer beruflichen Zukunft n\u00fctzt, erz\u00e4hlt sie uns im Gespr\u00e4ch.<\/p>\n","protected":false},"author":432,"featured_media":5738,"comment_status":"open","ping_status":"open","sticky":false,"template":"","format":"standard","meta":{"ngg_post_thumbnail":0,"footnotes":""},"categories":[201],"tags":[12,374,200,306,68,80],"features":[],"class_list":["post-5727","post","type-post","status-publish","format-standard","has-post-thumbnail","hentry","category-studium","tag-auslandssemester","tag-auslandsemester-km","tag-iam","tag-international","tag-tag-master-language-and-communication","tag-organisationskommunikation"],"yoast_head":"<!-- This site is optimized with the Yoast SEO Premium plugin v27.2 (Yoast SEO v27.2) - https:\/\/yoast.com\/product\/yoast-seo-premium-wordpress\/ -->\n<title>Dank eines Austauschsemesters an der ZHAW einen Schritt n\u00e4her am Traumberuf - Language matters.<\/title>\n<meta name=\"robots\" content=\"index, follow, max-snippet:-1, max-image-preview:large, max-video-preview:-1\" \/>\n<link rel=\"canonical\" href=\"https:\/\/blog.zhaw.ch\/languagematters\/2019\/03\/13\/dank-eines-austauschsemesters-an-der-zhaw-einen-schritt-naeher-am-traumberuf\/\" \/>\n<meta property=\"og:locale\" content=\"de_DE\" \/>\n<meta property=\"og:type\" content=\"article\" \/>\n<meta property=\"og:title\" content=\"Dank eines Austauschsemesters an der ZHAW einen Schritt n\u00e4her am Traumberuf\" \/>\n<meta property=\"og:description\" content=\"Im Herbst 2018 hat Anna Chepizhko ein Auslandsemester im Master Organisationskommunikation an der ZHAW Departement f\u00fcr Angewandte Linguistik absolviert. Warum die geb\u00fcrtige Ukrainerin sich f\u00fcr die ZHAW entschieden hat und inwiefern ihr Auslandsemester ihrer beruflichen Zukunft n\u00fctzt, erz\u00e4hlt sie uns im Gespr\u00e4ch.\" \/>\n<meta property=\"og:url\" content=\"https:\/\/blog.zhaw.ch\/languagematters\/2019\/03\/13\/dank-eines-austauschsemesters-an-der-zhaw-einen-schritt-naeher-am-traumberuf\/\" \/>\n<meta property=\"og:site_name\" content=\"Language matters.\" \/>\n<meta property=\"article:published_time\" content=\"2019-03-13T05:22:04+00:00\" \/>\n<meta property=\"article:modified_time\" content=\"2024-09-13T09:03:36+00:00\" \/>\n<meta property=\"og:image\" content=\"http:\/\/blog.zhaw.ch\/languagematters\/files\/2019\/03\/Ma\u0308ander_Studierende.jpg\" \/>\n\t<meta property=\"og:image:width\" content=\"1200\" \/>\n\t<meta property=\"og:image:height\" content=\"800\" \/>\n\t<meta property=\"og:image:type\" content=\"image\/jpeg\" \/>\n<meta name=\"author\" content=\"weru\" \/>\n<meta name=\"twitter:card\" content=\"summary_large_image\" \/>\n<meta name=\"twitter:label1\" content=\"Verfasst von\" \/>\n\t<meta name=\"twitter:data1\" content=\"weru\" \/>\n\t<meta name=\"twitter:label2\" content=\"Gesch\u00e4tzte Lesezeit\" \/>\n\t<meta name=\"twitter:data2\" content=\"4\u00a0Minuten\" \/>\n<script type=\"application\/ld+json\" class=\"yoast-schema-graph\">{\"@context\":\"https:\/\/schema.org\",\"@graph\":[{\"@type\":\"Article\",\"@id\":\"https:\/\/blog.zhaw.ch\/languagematters\/2019\/03\/13\/dank-eines-austauschsemesters-an-der-zhaw-einen-schritt-naeher-am-traumberuf\/#article\",\"isPartOf\":{\"@id\":\"https:\/\/blog.zhaw.ch\/languagematters\/2019\/03\/13\/dank-eines-austauschsemesters-an-der-zhaw-einen-schritt-naeher-am-traumberuf\/\"},\"author\":{\"name\":\"weru\",\"@id\":\"https:\/\/blog.zhaw.ch\/languagematters\/#\/schema\/person\/c20133af31942c1364a310998e328a28\"},\"headline\":\"Dank eines Austauschsemesters an der ZHAW einen Schritt n\u00e4her am Traumberuf\",\"datePublished\":\"2019-03-13T05:22:04+00:00\",\"dateModified\":\"2024-09-13T09:03:36+00:00\",\"mainEntityOfPage\":{\"@id\":\"https:\/\/blog.zhaw.ch\/languagematters\/2019\/03\/13\/dank-eines-austauschsemesters-an-der-zhaw-einen-schritt-naeher-am-traumberuf\/\"},\"wordCount\":891,\"commentCount\":0,\"image\":{\"@id\":\"https:\/\/blog.zhaw.ch\/languagematters\/2019\/03\/13\/dank-eines-austauschsemesters-an-der-zhaw-einen-schritt-naeher-am-traumberuf\/#primaryimage\"},\"thumbnailUrl\":\"https:\/\/blog.zhaw.ch\/languagematters\/files\/2019\/03\/Ma\u0308ander_Studierende.jpg\",\"keywords\":[\"Auslandssemester\",\"Auslandssemester BA Kommunikation und Medien\",\"IAM Institut f\u00fcr Angewandte Medienwissenschaft\",\"International\",\"Master Language and Communication\",\"Organisationskommunikation\"],\"articleSection\":[\"Studium\"],\"inLanguage\":\"de\",\"potentialAction\":[{\"@type\":\"CommentAction\",\"name\":\"Comment\",\"target\":[\"https:\/\/blog.zhaw.ch\/languagematters\/2019\/03\/13\/dank-eines-austauschsemesters-an-der-zhaw-einen-schritt-naeher-am-traumberuf\/#respond\"]}]},{\"@type\":\"WebPage\",\"@id\":\"https:\/\/blog.zhaw.ch\/languagematters\/2019\/03\/13\/dank-eines-austauschsemesters-an-der-zhaw-einen-schritt-naeher-am-traumberuf\/\",\"url\":\"https:\/\/blog.zhaw.ch\/languagematters\/2019\/03\/13\/dank-eines-austauschsemesters-an-der-zhaw-einen-schritt-naeher-am-traumberuf\/\",\"name\":\"Dank eines Austauschsemesters an der ZHAW einen Schritt n\u00e4her am Traumberuf - Language matters.\",\"isPartOf\":{\"@id\":\"https:\/\/blog.zhaw.ch\/languagematters\/#website\"},\"primaryImageOfPage\":{\"@id\":\"https:\/\/blog.zhaw.ch\/languagematters\/2019\/03\/13\/dank-eines-austauschsemesters-an-der-zhaw-einen-schritt-naeher-am-traumberuf\/#primaryimage\"},\"image\":{\"@id\":\"https:\/\/blog.zhaw.ch\/languagematters\/2019\/03\/13\/dank-eines-austauschsemesters-an-der-zhaw-einen-schritt-naeher-am-traumberuf\/#primaryimage\"},\"thumbnailUrl\":\"https:\/\/blog.zhaw.ch\/languagematters\/files\/2019\/03\/Ma\u0308ander_Studierende.jpg\",\"datePublished\":\"2019-03-13T05:22:04+00:00\",\"dateModified\":\"2024-09-13T09:03:36+00:00\",\"author\":{\"@id\":\"https:\/\/blog.zhaw.ch\/languagematters\/#\/schema\/person\/c20133af31942c1364a310998e328a28\"},\"breadcrumb\":{\"@id\":\"https:\/\/blog.zhaw.ch\/languagematters\/2019\/03\/13\/dank-eines-austauschsemesters-an-der-zhaw-einen-schritt-naeher-am-traumberuf\/#breadcrumb\"},\"inLanguage\":\"de\",\"potentialAction\":[{\"@type\":\"ReadAction\",\"target\":[\"https:\/\/blog.zhaw.ch\/languagematters\/2019\/03\/13\/dank-eines-austauschsemesters-an-der-zhaw-einen-schritt-naeher-am-traumberuf\/\"]}]},{\"@type\":\"ImageObject\",\"inLanguage\":\"de\",\"@id\":\"https:\/\/blog.zhaw.ch\/languagematters\/2019\/03\/13\/dank-eines-austauschsemesters-an-der-zhaw-einen-schritt-naeher-am-traumberuf\/#primaryimage\",\"url\":\"https:\/\/blog.zhaw.ch\/languagematters\/files\/2019\/03\/Ma\u0308ander_Studierende.jpg\",\"contentUrl\":\"https:\/\/blog.zhaw.ch\/languagematters\/files\/2019\/03\/Ma\u0308ander_Studierende.jpg\",\"width\":1200,\"height\":800,\"caption\":\"ZHAW, Departement L, Winterthur, 12.10.2017\"},{\"@type\":\"BreadcrumbList\",\"@id\":\"https:\/\/blog.zhaw.ch\/languagematters\/2019\/03\/13\/dank-eines-austauschsemesters-an-der-zhaw-einen-schritt-naeher-am-traumberuf\/#breadcrumb\",\"itemListElement\":[{\"@type\":\"ListItem\",\"position\":1,\"name\":\"Startseite\",\"item\":\"https:\/\/blog.zhaw.ch\/languagematters\/\"},{\"@type\":\"ListItem\",\"position\":2,\"name\":\"Dank eines Austauschsemesters an der ZHAW einen Schritt n\u00e4her am Traumberuf\"}]},{\"@type\":\"WebSite\",\"@id\":\"https:\/\/blog.zhaw.ch\/languagematters\/#website\",\"url\":\"https:\/\/blog.zhaw.ch\/languagematters\/\",\"name\":\"Language matters.\",\"description\":\"Ein Blog der ZHAW Z\u00fcrcher Hochschule f\u00fcr Angewandte Wissenschaften\",\"potentialAction\":[{\"@type\":\"SearchAction\",\"target\":{\"@type\":\"EntryPoint\",\"urlTemplate\":\"https:\/\/blog.zhaw.ch\/languagematters\/?s={search_term_string}\"},\"query-input\":{\"@type\":\"PropertyValueSpecification\",\"valueRequired\":true,\"valueName\":\"search_term_string\"}}],\"inLanguage\":\"de\"},{\"@type\":\"Person\",\"@id\":\"https:\/\/blog.zhaw.ch\/languagematters\/#\/schema\/person\/c20133af31942c1364a310998e328a28\",\"name\":\"weru\",\"image\":{\"@type\":\"ImageObject\",\"inLanguage\":\"de\",\"@id\":\"https:\/\/secure.gravatar.com\/avatar\/9cef7e19cfe5153e04aad76165ad4cba5b3fd424d833b69d14e42701bc3f5cca?s=96&d=mm&r=g\",\"url\":\"https:\/\/secure.gravatar.com\/avatar\/9cef7e19cfe5153e04aad76165ad4cba5b3fd424d833b69d14e42701bc3f5cca?s=96&d=mm&r=g\",\"contentUrl\":\"https:\/\/secure.gravatar.com\/avatar\/9cef7e19cfe5153e04aad76165ad4cba5b3fd424d833b69d14e42701bc3f5cca?s=96&d=mm&r=g\",\"caption\":\"weru\"},\"url\":\"https:\/\/blog.zhaw.ch\/languagematters\/author\/weru\/\"}]}<\/script>\n<!-- \/ Yoast SEO Premium plugin. -->","yoast_head_json":{"title":"Dank eines Austauschsemesters an der ZHAW einen Schritt n\u00e4her am Traumberuf - Language matters.","robots":{"index":"index","follow":"follow","max-snippet":"max-snippet:-1","max-image-preview":"max-image-preview:large","max-video-preview":"max-video-preview:-1"},"canonical":"https:\/\/blog.zhaw.ch\/languagematters\/2019\/03\/13\/dank-eines-austauschsemesters-an-der-zhaw-einen-schritt-naeher-am-traumberuf\/","og_locale":"de_DE","og_type":"article","og_title":"Dank eines Austauschsemesters an der ZHAW einen Schritt n\u00e4her am Traumberuf","og_description":"Im Herbst 2018 hat Anna Chepizhko ein Auslandsemester im Master Organisationskommunikation an der ZHAW Departement f\u00fcr Angewandte Linguistik absolviert. Warum die geb\u00fcrtige Ukrainerin sich f\u00fcr die ZHAW entschieden hat und inwiefern ihr Auslandsemester ihrer beruflichen Zukunft n\u00fctzt, erz\u00e4hlt sie uns im Gespr\u00e4ch.","og_url":"https:\/\/blog.zhaw.ch\/languagematters\/2019\/03\/13\/dank-eines-austauschsemesters-an-der-zhaw-einen-schritt-naeher-am-traumberuf\/","og_site_name":"Language matters.","article_published_time":"2019-03-13T05:22:04+00:00","article_modified_time":"2024-09-13T09:03:36+00:00","og_image":[{"width":1200,"height":800,"url":"http:\/\/blog.zhaw.ch\/languagematters\/files\/2019\/03\/Ma\u0308ander_Studierende.jpg","type":"image\/jpeg"}],"author":"weru","twitter_card":"summary_large_image","twitter_misc":{"Verfasst von":"weru","Gesch\u00e4tzte Lesezeit":"4\u00a0Minuten"},"schema":{"@context":"https:\/\/schema.org","@graph":[{"@type":"Article","@id":"https:\/\/blog.zhaw.ch\/languagematters\/2019\/03\/13\/dank-eines-austauschsemesters-an-der-zhaw-einen-schritt-naeher-am-traumberuf\/#article","isPartOf":{"@id":"https:\/\/blog.zhaw.ch\/languagematters\/2019\/03\/13\/dank-eines-austauschsemesters-an-der-zhaw-einen-schritt-naeher-am-traumberuf\/"},"author":{"name":"weru","@id":"https:\/\/blog.zhaw.ch\/languagematters\/#\/schema\/person\/c20133af31942c1364a310998e328a28"},"headline":"Dank eines Austauschsemesters an der ZHAW einen Schritt n\u00e4her am Traumberuf","datePublished":"2019-03-13T05:22:04+00:00","dateModified":"2024-09-13T09:03:36+00:00","mainEntityOfPage":{"@id":"https:\/\/blog.zhaw.ch\/languagematters\/2019\/03\/13\/dank-eines-austauschsemesters-an-der-zhaw-einen-schritt-naeher-am-traumberuf\/"},"wordCount":891,"commentCount":0,"image":{"@id":"https:\/\/blog.zhaw.ch\/languagematters\/2019\/03\/13\/dank-eines-austauschsemesters-an-der-zhaw-einen-schritt-naeher-am-traumberuf\/#primaryimage"},"thumbnailUrl":"https:\/\/blog.zhaw.ch\/languagematters\/files\/2019\/03\/Ma\u0308ander_Studierende.jpg","keywords":["Auslandssemester","Auslandssemester BA Kommunikation und Medien","IAM Institut f\u00fcr Angewandte Medienwissenschaft","International","Master Language and Communication","Organisationskommunikation"],"articleSection":["Studium"],"inLanguage":"de","potentialAction":[{"@type":"CommentAction","name":"Comment","target":["https:\/\/blog.zhaw.ch\/languagematters\/2019\/03\/13\/dank-eines-austauschsemesters-an-der-zhaw-einen-schritt-naeher-am-traumberuf\/#respond"]}]},{"@type":"WebPage","@id":"https:\/\/blog.zhaw.ch\/languagematters\/2019\/03\/13\/dank-eines-austauschsemesters-an-der-zhaw-einen-schritt-naeher-am-traumberuf\/","url":"https:\/\/blog.zhaw.ch\/languagematters\/2019\/03\/13\/dank-eines-austauschsemesters-an-der-zhaw-einen-schritt-naeher-am-traumberuf\/","name":"Dank eines Austauschsemesters an der ZHAW einen Schritt n\u00e4her am Traumberuf - Language matters.","isPartOf":{"@id":"https:\/\/blog.zhaw.ch\/languagematters\/#website"},"primaryImageOfPage":{"@id":"https:\/\/blog.zhaw.ch\/languagematters\/2019\/03\/13\/dank-eines-austauschsemesters-an-der-zhaw-einen-schritt-naeher-am-traumberuf\/#primaryimage"},"image":{"@id":"https:\/\/blog.zhaw.ch\/languagematters\/2019\/03\/13\/dank-eines-austauschsemesters-an-der-zhaw-einen-schritt-naeher-am-traumberuf\/#primaryimage"},"thumbnailUrl":"https:\/\/blog.zhaw.ch\/languagematters\/files\/2019\/03\/Ma\u0308ander_Studierende.jpg","datePublished":"2019-03-13T05:22:04+00:00","dateModified":"2024-09-13T09:03:36+00:00","author":{"@id":"https:\/\/blog.zhaw.ch\/languagematters\/#\/schema\/person\/c20133af31942c1364a310998e328a28"},"breadcrumb":{"@id":"https:\/\/blog.zhaw.ch\/languagematters\/2019\/03\/13\/dank-eines-austauschsemesters-an-der-zhaw-einen-schritt-naeher-am-traumberuf\/#breadcrumb"},"inLanguage":"de","potentialAction":[{"@type":"ReadAction","target":["https:\/\/blog.zhaw.ch\/languagematters\/2019\/03\/13\/dank-eines-austauschsemesters-an-der-zhaw-einen-schritt-naeher-am-traumberuf\/"]}]},{"@type":"ImageObject","inLanguage":"de","@id":"https:\/\/blog.zhaw.ch\/languagematters\/2019\/03\/13\/dank-eines-austauschsemesters-an-der-zhaw-einen-schritt-naeher-am-traumberuf\/#primaryimage","url":"https:\/\/blog.zhaw.ch\/languagematters\/files\/2019\/03\/Ma\u0308ander_Studierende.jpg","contentUrl":"https:\/\/blog.zhaw.ch\/languagematters\/files\/2019\/03\/Ma\u0308ander_Studierende.jpg","width":1200,"height":800,"caption":"ZHAW, Departement L, Winterthur, 12.10.2017"},{"@type":"BreadcrumbList","@id":"https:\/\/blog.zhaw.ch\/languagematters\/2019\/03\/13\/dank-eines-austauschsemesters-an-der-zhaw-einen-schritt-naeher-am-traumberuf\/#breadcrumb","itemListElement":[{"@type":"ListItem","position":1,"name":"Startseite","item":"https:\/\/blog.zhaw.ch\/languagematters\/"},{"@type":"ListItem","position":2,"name":"Dank eines Austauschsemesters an der ZHAW einen Schritt n\u00e4her am Traumberuf"}]},{"@type":"WebSite","@id":"https:\/\/blog.zhaw.ch\/languagematters\/#website","url":"https:\/\/blog.zhaw.ch\/languagematters\/","name":"Language matters.","description":"Ein Blog der ZHAW Z\u00fcrcher Hochschule f\u00fcr Angewandte Wissenschaften","potentialAction":[{"@type":"SearchAction","target":{"@type":"EntryPoint","urlTemplate":"https:\/\/blog.zhaw.ch\/languagematters\/?s={search_term_string}"},"query-input":{"@type":"PropertyValueSpecification","valueRequired":true,"valueName":"search_term_string"}}],"inLanguage":"de"},{"@type":"Person","@id":"https:\/\/blog.zhaw.ch\/languagematters\/#\/schema\/person\/c20133af31942c1364a310998e328a28","name":"weru","image":{"@type":"ImageObject","inLanguage":"de","@id":"https:\/\/secure.gravatar.com\/avatar\/9cef7e19cfe5153e04aad76165ad4cba5b3fd424d833b69d14e42701bc3f5cca?s=96&d=mm&r=g","url":"https:\/\/secure.gravatar.com\/avatar\/9cef7e19cfe5153e04aad76165ad4cba5b3fd424d833b69d14e42701bc3f5cca?s=96&d=mm&r=g","contentUrl":"https:\/\/secure.gravatar.com\/avatar\/9cef7e19cfe5153e04aad76165ad4cba5b3fd424d833b69d14e42701bc3f5cca?s=96&d=mm&r=g","caption":"weru"},"url":"https:\/\/blog.zhaw.ch\/languagematters\/author\/weru\/"}]}},"_links":{"self":[{"href":"https:\/\/blog.zhaw.ch\/languagematters\/wp-json\/wp\/v2\/posts\/5727","targetHints":{"allow":["GET"]}}],"collection":[{"href":"https:\/\/blog.zhaw.ch\/languagematters\/wp-json\/wp\/v2\/posts"}],"about":[{"href":"https:\/\/blog.zhaw.ch\/languagematters\/wp-json\/wp\/v2\/types\/post"}],"author":[{"embeddable":true,"href":"https:\/\/blog.zhaw.ch\/languagematters\/wp-json\/wp\/v2\/users\/432"}],"replies":[{"embeddable":true,"href":"https:\/\/blog.zhaw.ch\/languagematters\/wp-json\/wp\/v2\/comments?post=5727"}],"version-history":[{"count":18,"href":"https:\/\/blog.zhaw.ch\/languagematters\/wp-json\/wp\/v2\/posts\/5727\/revisions"}],"predecessor-version":[{"id":10849,"href":"https:\/\/blog.zhaw.ch\/languagematters\/wp-json\/wp\/v2\/posts\/5727\/revisions\/10849"}],"wp:featuredmedia":[{"embeddable":true,"href":"https:\/\/blog.zhaw.ch\/languagematters\/wp-json\/wp\/v2\/media\/5738"}],"wp:attachment":[{"href":"https:\/\/blog.zhaw.ch\/languagematters\/wp-json\/wp\/v2\/media?parent=5727"}],"wp:term":[{"taxonomy":"category","embeddable":true,"href":"https:\/\/blog.zhaw.ch\/languagematters\/wp-json\/wp\/v2\/categories?post=5727"},{"taxonomy":"post_tag","embeddable":true,"href":"https:\/\/blog.zhaw.ch\/languagematters\/wp-json\/wp\/v2\/tags?post=5727"},{"taxonomy":"features","embeddable":true,"href":"https:\/\/blog.zhaw.ch\/languagematters\/wp-json\/wp\/v2\/features?post=5727"}],"curies":[{"name":"wp","href":"https:\/\/api.w.org\/{rel}","templated":true}]}}