{"id":16536,"date":"2024-12-12T07:48:00","date_gmt":"2024-12-12T06:48:00","guid":{"rendered":"https:\/\/blog.zhaw.ch\/languagematters\/?p=16536"},"modified":"2025-07-30T09:32:54","modified_gmt":"2025-07-30T07:32:54","slug":"master-strategic-communication-nachhaltigkeitskommunikation","status":"publish","type":"post","link":"https:\/\/blog.zhaw.ch\/languagematters\/2024\/12\/12\/master-strategic-communication-nachhaltigkeitskommunikation\/","title":{"rendered":"Mit dem Masterstudium in Strategic Communication Management gewappnet f\u00fcr die Nachhaltigkeits-Kommunikation"},"content":{"rendered":"\n<p style=\"font-size:20px\"><strong>Glaubw\u00fcrdig zu kommunizieren ist f\u00fcr Eva Nebel essentiell in der Nachhaltigkeitskommunikation. Eva ist seit kurzem Communication &amp; Sustainability Specialist bei Holcim Schweiz. Die Absolventin der Mastervertiefung Strategic Communication Management erz\u00e4hlt im Portrait, was ihr an ihrem Job gef\u00e4llt und wie sie das Masterstudium auf den Beruf vorbereitet hat.<\/strong><\/p>\n\n\n\n<p style=\"font-size:14px\">Autorin: <a href=\"https:\/\/www.zhaw.ch\/de\/ueber-uns\/person\/stoc\/\" target=\"_blank\" rel=\"noreferrer noopener\">Christa Stocker<\/a><\/p>\n\n\n\n<p>Die 27-J\u00e4hrige arbeitet seit einigen Monaten im Kommunikationsteam von Holcim Schweiz und begleitet die Nachhaltigkeitsprojekte des Unternehmens kommunikativ intern und extern. Dass sie zweisprachig mit Deutsch und Franz\u00f6sisch aufgewachsen ist, kommt Eva Nebel dabei sehr zugute: Ihr neuer Arbeitgeber hat Zement-, Kies- und Betonwerke in der ganzen Schweiz. \u00abUnser Kommunikationsteam unterst\u00fctzt schweizweit die Holcim-Werke bei ihrer Kommunikation\u00bb.<\/p>\n\n\n\n<h2 class=\"wp-block-heading\" id=\"h-aufgaben-als-communication-amp-sustainability-specialist\">Aufgaben als Communication &amp; Sustainability Specialist<\/h2>\n\n\n\n<p>Ihre Aufgaben sind vielf\u00e4ltig; Eva organisiert Medienanl\u00e4sse, schreibt Medienmitteilungen und kommuniziert \u00fcber Social Media sowie das Intranet. Auch am Nachhaltigkeitsreport arbeitet sie aktiv mit.<\/p>\n\n\n\n<p>Nachhaltigkeitskommunikation hat einen grossen Stellenwert in ihrer T\u00e4tigkeit. Eva kommuniziert \u00fcber die verschiedenen Initiativen von <a href=\"https:\/\/www.holcim.ch\/de\" target=\"_blank\" rel=\"noreferrer noopener\">Holcim Schweiz<\/a> und berichtet beispielsweise \u00fcber Biodiversit\u00e4tsprojekte, bei denen bestimmte Fl\u00e4chen eines Werks aufgewertet und auf denen neue Lebensr\u00e4ume f\u00fcr Tiere geschaffen werden.<\/p>\n\n\n\n<h2 class=\"wp-block-heading\" id=\"h-wie-unternehmen-nachhaltigkeit-glaubwurdig-kommunizieren-konnen\">Wie Unternehmen Nachhaltigkeit glaubw\u00fcrdig kommunizieren k\u00f6nnen<\/h2>\n\n\n\n<p>\u00abNachhaltigkeit ist ein kontinuierlicher Prozess und der Weg zu Netto-Null erfordert grosse Anstrengungen.\u00bb Als Kommunikatorin nimmt Eva diese Herausforderung gerne an, um f\u00fcr mehr Klarheit und Transparenz in Sachen Nachhaltigkeit zu sorgen.<\/p>\n\n\n\n<p>\u00abAuch wenn der Weg bis Netto-Null lang ist, kann ein Unternehmen \u00fcber Nachhaltigkeit sprechen, sofern es sich seiner Verantwortung bewusst ist und Massnahmen zur Reduzierung der Emissionen ergreift.\u00bb Zentral ist f\u00fcr Eva dabei, dass das Unternehmen faktenbasiert kommuniziert, ohne zu \u00fcbertreiben oder die Realit\u00e4t zu besch\u00f6nigen. Ihr Grundsatz: Erkl\u00e4ren, was getan wird, welche Herausforderungen bestehen und wie man diese angeht. So k\u00f6nne das Unternehmen Glaubw\u00fcrdigkeit erlangen und behalten.<\/p>\n\n\n\n<h2 class=\"wp-block-heading\" id=\"h-mehr-praxis-nach-dem-uni-studium\">Mehr Praxis nach dem Uni-Studium<\/h2>\n\n\n\n<p>Nach dem Bachelor an der Universit\u00e4t Z\u00fcrich \u2013 Publizistik und Kommunikationswissenschaften im Hauptfach, Betriebswirtschaft im Nebenfach \u2013 und einem Kommunikationspraktikum beim Migros-Genossenschafts-Bund entschied sich Eva f\u00fcr den <a href=\"https:\/\/www.zhaw.ch\/de\/linguistik\/studium\/master-angewandte-linguistik\/vertiefung-strategic-communication-management\/\" target=\"_blank\" rel=\"noreferrer noopener\">Master Language and Communication mit Vertiefung Strategic Communication Management<\/a>. Die starke Verbindung zur Praxis \u00fcberzeugte sie: \u00abIch wollte einen Masterstudiengang studieren, in dem die Inhalte anhand von Praxisbeispielen erkl\u00e4rt werden \u2013 von Fachleuten, die einen Fuss in der Praxis haben.\u00bb<\/p>\n\n\n\n<p>Diese Entscheidung hat sie nicht bereut: \u00abIch bin super happy, meinen Weg so gew\u00e4hlt zu haben. An der Uni habe ich ein solides Basiswissen und die Kommunikationstheorien erworben. An der ZHAW konnte ich erg\u00e4nzend dazu Erfahrungen und n\u00fctzliches Wissen f\u00fcr die Arbeitswelt gewinnen.\u00bb<\/p>\n\n\n\n<h2 class=\"wp-block-heading\" id=\"h-der-master-language-and-communication-hat-eva-auf-die-berufliche-tatigkeit-vorbereitet\">Der Master Language and Communication hat Eva auf die berufliche T\u00e4tigkeit vorbereitet<\/h2>\n\n\n\n<p>Auf die Frage, wie sie das Masterstudium auf die berufliche T\u00e4tigkeit vorbereitet hat, muss Eva nicht lange nachdenken: \u00abWir haben generell im Studium guteKonzepte und Instrumente erhalten, um verschiedene Projekte anzugehen.\u00bb Drei Aspekte greift sie besonders heraus:<\/p>\n\n\n\n<h3 class=\"wp-block-heading\" id=\"h-arbeit-mit-realen-fallbeispielen\">Arbeit mit realen Fallbeispielen<\/h3>\n\n\n\n<p>\u00abIm Kommunikationsberuf geht es immer wieder darum, Kommunikationskonzepte zu erstellen, sei es f\u00fcr eine bestimmte Kampagne oder f\u00fcr ein Projekt. Das haben wir im Studium in einem Praxisprojekt durchgespielt. Wir konnten mit einem Unternehmen den ganzen Zyklus durchlaufen \u2013 von der Analyse \u00fcber die Definition der Strategie bis zu den Massnahmen. Das bringt mir auch jetzt noch viel. Auch, weil es mir Sicherheit gegeben hat, als ich das im Beruf an einem eigenen Projekt machen musste.\u00bb<\/p>\n\n\n\n<h3 class=\"wp-block-heading\" id=\"h-fokus-auf-kulturelle-unterschiede\">Fokus auf kulturelle Unterschiede<\/h3>\n\n\n\n<p>F\u00fcrs eigene Mindset wertvoll sei f\u00fcr sie auch die Besch\u00e4ftigung mit der interkulturellen Kommunikation gewesen. Zum Beispiel habe sie nicht gewusst, dass im asiatischen Raum sehr viel st\u00e4rker indirekt kommuniziert werde. Im Studium habe sie gelernt, dass man sich bewusst sein m\u00fcsse, mit wem man zusammenarbeite, insbesondere in einem internationalen Unternehmen: \u00abIn meinem jetzigen Job merke ich nur schon innerhalb des eigenen Landes, wie anders die Kultur zwischen der Deutsch- und der Westschweiz ist \u2013 bei Meetings oder auch im pers\u00f6nlichen Umgang.\u00bb<\/p>\n\n\n\n<h3 class=\"wp-block-heading\" id=\"h-projektmanagement\">Projektmanagement<\/h3>\n\n\n\n<p>Wesentlich war f\u00fcr sie ausserdem das Projektmanagement: \u00abAls Kommunikator:in f\u00fchrt man st\u00e4ndig irgendwelche Projekte durch.\u00bb Deshalb sei es wichtig, dass man wisse, wie ein Projekt gegliedert und organisiert werde.<\/p>\n\n\n\n<p>Der Master Language and Communication mit Vertiefung Strategic Communication Management hat offensichtlich erf\u00fcllt, was sich Eva von ihm versprochen hat.<\/p>\n\n\n\n<h2 class=\"wp-block-heading\" id=\"h-freundschaften-furs-leben-ein-netzwerk-fur-den-beruf\">Freundschaften f\u00fcrs Leben, ein Netzwerk f\u00fcr den Beruf<\/h2>\n\n\n\n<p>Das absolute Highlight im Masterstudium und dar\u00fcber hinaus sind f\u00fcr Eva die Menschen: \u00abIch hatte eine tolle Klasse.\u00bb Das ist f\u00fcr sie gleich ein doppelter Gewinn: \u00abIch habe privat noch engen Kontakt mit einigen Mitstudierenden. Und weil wir alle in der Kommunikation arbeiten, habe ich f\u00fcr mein berufliches Leben Gleichgesinnte gefunden, mit denen man sich austauschen, sich unterst\u00fctzen und beraten kann.\u00bb<\/p>\n\n\n\n<p>Dazu hat auch der Studienalltag beigetragen: \u00abIn diesem Studium arbeitet man st\u00e4ndig zusammen. Man arbeitet in verschiedenen Gruppen und immer wieder in anderen Konstellationen. Im Job ist das nicht anders: Man tauscht sich st\u00e4ndig mit Fachleuten und im Kommunikationsteam aus, um die Projekte richtig zu verstehen und zu kommunizieren.\u00bb<\/p>\n\n\n\n<p>Und mit Blick zur\u00fcck aufs Studium schw\u00e4rmt sie: \u00abWir hatten eine konstruktive Stimmung, eine gute Feedbackkultur und haben uns gegenseitig unterst\u00fctzt.\u00bb Auch sch\u00e4tzte Eva den Austausch mit den Dozierenden und dass auf die Studierenden eingegangen worden sei.<\/p>\n\n\n\n<h2 class=\"wp-block-heading\" id=\"h-wunsche-fur-die-zukunft\">W\u00fcnsche f\u00fcr die Zukunft<\/h2>\n\n\n\n<p>Zurzeit f\u00fchlt sich Eva in den Nachhaltigkeitsprojekten wohl und liebt die Herausforderungen, die sich daraus f\u00fcr die Kommunikation ergeben. Wie es weitergehen soll, l\u00e4sst sie offen: \u00abIch geniesse im Moment meine Funktion als \u2018Teamgschp\u00e4nli\u2019 mit einem gewissen Grad an Verantwortung f\u00fcr einige Projekte. Aktuell ist es spannend und ich kann noch vieles dazulernen.\u00bb<\/p>\n\n\n\n<hr class=\"wp-block-separator has-alpha-channel-opacity\" \/>\n\n\n\n<figure class=\"wp-block-image size-large\"><a href=\"https:\/\/www.zhaw.ch\/de\/linguistik\/studium\/master-language-and-communication\/vertiefung-strategic-communication-management\" target=\"_blank\" rel=\" noreferrer noopener\"><img loading=\"lazy\" decoding=\"async\" width=\"1024\" height=\"273\" src=\"http:\/\/blog.zhaw.ch\/languagematters\/files\/2025\/04\/2504_Blogfooter_MA_SCM_1500x400_A-1024x273.jpg\" alt=\"\" class=\"wp-image-16715\" srcset=\"https:\/\/blog.zhaw.ch\/languagematters\/files\/2025\/04\/2504_Blogfooter_MA_SCM_1500x400_A-1024x273.jpg 1024w, https:\/\/blog.zhaw.ch\/languagematters\/files\/2025\/04\/2504_Blogfooter_MA_SCM_1500x400_A-300x80.jpg 300w, https:\/\/blog.zhaw.ch\/languagematters\/files\/2025\/04\/2504_Blogfooter_MA_SCM_1500x400_A-768x205.jpg 768w, https:\/\/blog.zhaw.ch\/languagematters\/files\/2025\/04\/2504_Blogfooter_MA_SCM_1500x400_A.jpg 1500w\" sizes=\"auto, (max-width: 1024px) 100vw, 1024px\" \/><\/a><\/figure>\n\n\n\n<p><\/p>\n<div class=\"pt-sm\">Schlagw\u00f6rter: <a href=\"http:\/\/blog.zhaw.ch\/languagematters\/tag\/alumni-master-strategic-communication-management\/\">Alumni Masterprofil Strategic Communication Management<\/a>, <a href=\"http:\/\/blog.zhaw.ch\/languagematters\/tag\/iam\/\">IAM Institut f\u00fcr Angewandte Medienwissenschaft<\/a>, <a href=\"http:\/\/blog.zhaw.ch\/languagematters\/tag\/kommunikation\/\">Kommunikation<\/a>, <a href=\"http:\/\/blog.zhaw.ch\/languagematters\/tag\/tag-master-language-and-communication\/\">Master Language and Communication<\/a>, <a href=\"http:\/\/blog.zhaw.ch\/languagematters\/tag\/master-strategic-communication-management\/\">Masterprofil Strategic Communication Management<\/a>, <a href=\"http:\/\/blog.zhaw.ch\/languagematters\/tag\/webeinzug-ma-lc\/\">Webeinzug MA LC<\/a>, <a href=\"http:\/\/blog.zhaw.ch\/languagematters\/tag\/webeinzug-ma-scm\/\">Webeinzug MA SCM<\/a><br><\/div>","protected":false},"excerpt":{"rendered":"<p>Glaubw\u00fcrdig zu kommunizieren ist f\u00fcr Eva Nebel essentiell in der Nachhaltigkeitskommunikation. Eva ist seit kurzem Communication &amp; Sustainability Specialist bei Holcim Schweiz. Die Absolventin der Mastervertiefung Strategic Communication Management erz\u00e4hlt im Portrait, was ihr an ihrem Job gef\u00e4llt und wie sie das Masterstudium auf den Beruf vorbereitet hat.<\/p>\n","protected":false},"author":477,"featured_media":16538,"comment_status":"open","ping_status":"open","sticky":false,"template":"","format":"standard","meta":{"ngg_post_thumbnail":0,"footnotes":""},"categories":[202],"tags":[380,200,147,68,315,419,417],"features":[],"class_list":["post-16536","post","type-post","status-publish","format-standard","has-post-thumbnail","hentry","category-alumni","tag-alumni-master-strategic-communication-management","tag-iam","tag-kommunikation","tag-tag-master-language-and-communication","tag-master-strategic-communication-management","tag-webeinzug-ma-lc","tag-webeinzug-ma-scm"],"yoast_head":"<!-- This site is optimized with the Yoast SEO Premium plugin v27.2 (Yoast SEO v27.2) - https:\/\/yoast.com\/product\/yoast-seo-premium-wordpress\/ -->\n<title>MA Strategic Communication Management f\u00fcr Nachhaltigkeit<\/title>\n<meta name=\"description\" content=\"Glaubw\u00fcrdig zu kommunizieren ist f\u00fcr Eva Nebel essentiell in der Nachhaltigkeitskommunikation. Im Portrait, erz\u00e4hlt die Absolventin warum.\" \/>\n<meta name=\"robots\" content=\"index, follow, max-snippet:-1, max-image-preview:large, max-video-preview:-1\" \/>\n<link rel=\"canonical\" href=\"https:\/\/blog.zhaw.ch\/languagematters\/2024\/12\/12\/master-strategic-communication-nachhaltigkeitskommunikation\/\" \/>\n<meta property=\"og:locale\" content=\"de_DE\" \/>\n<meta property=\"og:type\" content=\"article\" \/>\n<meta property=\"og:title\" content=\"Mit dem Masterstudium in Strategic Communication Management gewappnet f\u00fcr die Nachhaltigkeits-Kommunikation\" \/>\n<meta property=\"og:description\" content=\"Glaubw\u00fcrdig zu kommunizieren ist f\u00fcr Eva Nebel essentiell in der Nachhaltigkeitskommunikation. Im Portrait, erz\u00e4hlt die Absolventin warum.\" \/>\n<meta property=\"og:url\" content=\"https:\/\/blog.zhaw.ch\/languagematters\/2024\/12\/12\/master-strategic-communication-nachhaltigkeitskommunikation\/\" \/>\n<meta property=\"og:site_name\" content=\"Language matters.\" \/>\n<meta property=\"article:published_time\" content=\"2024-12-12T06:48:00+00:00\" \/>\n<meta property=\"article:modified_time\" content=\"2025-07-30T07:32:54+00:00\" \/>\n<meta property=\"og:image\" content=\"http:\/\/blog.zhaw.ch\/languagematters\/files\/2024\/12\/Foto-02.12.24-21-28-35.jpg\" \/>\n\t<meta property=\"og:image:width\" content=\"1476\" \/>\n\t<meta property=\"og:image:height\" content=\"774\" \/>\n\t<meta property=\"og:image:type\" content=\"image\/jpeg\" \/>\n<meta name=\"author\" content=\"ZHAW Language matters\" \/>\n<meta name=\"twitter:card\" content=\"summary_large_image\" \/>\n<meta name=\"twitter:label1\" content=\"Verfasst von\" \/>\n\t<meta name=\"twitter:data1\" content=\"ZHAW Language matters\" \/>\n\t<meta name=\"twitter:label2\" content=\"Gesch\u00e4tzte Lesezeit\" \/>\n\t<meta name=\"twitter:data2\" content=\"6\u00a0Minuten\" \/>\n<script type=\"application\/ld+json\" class=\"yoast-schema-graph\">{\"@context\":\"https:\/\/schema.org\",\"@graph\":[{\"@type\":\"Article\",\"@id\":\"https:\/\/blog.zhaw.ch\/languagematters\/2024\/12\/12\/master-strategic-communication-nachhaltigkeitskommunikation\/#article\",\"isPartOf\":{\"@id\":\"https:\/\/blog.zhaw.ch\/languagematters\/2024\/12\/12\/master-strategic-communication-nachhaltigkeitskommunikation\/\"},\"author\":{\"name\":\"ZHAW Language matters\",\"@id\":\"https:\/\/blog.zhaw.ch\/languagematters\/#\/schema\/person\/aa084f536a466bb6435a802f4606646b\"},\"headline\":\"Mit dem Masterstudium in Strategic Communication Management gewappnet f\u00fcr die Nachhaltigkeits-Kommunikation\",\"datePublished\":\"2024-12-12T06:48:00+00:00\",\"dateModified\":\"2025-07-30T07:32:54+00:00\",\"mainEntityOfPage\":{\"@id\":\"https:\/\/blog.zhaw.ch\/languagematters\/2024\/12\/12\/master-strategic-communication-nachhaltigkeitskommunikation\/\"},\"wordCount\":947,\"commentCount\":0,\"image\":{\"@id\":\"https:\/\/blog.zhaw.ch\/languagematters\/2024\/12\/12\/master-strategic-communication-nachhaltigkeitskommunikation\/#primaryimage\"},\"thumbnailUrl\":\"https:\/\/blog.zhaw.ch\/languagematters\/files\/2024\/12\/Foto-02.12.24-21-28-35.jpg\",\"keywords\":[\"Alumni Masterprofil Strategic Communication Management\",\"IAM Institut f\u00fcr Angewandte Medienwissenschaft\",\"Kommunikation\",\"Master Language and Communication\",\"Masterprofil Strategic Communication Management\",\"Webeinzug MA LC\",\"Webeinzug MA SCM\"],\"articleSection\":[\"Alumni\"],\"inLanguage\":\"de\",\"potentialAction\":[{\"@type\":\"CommentAction\",\"name\":\"Comment\",\"target\":[\"https:\/\/blog.zhaw.ch\/languagematters\/2024\/12\/12\/master-strategic-communication-nachhaltigkeitskommunikation\/#respond\"]}]},{\"@type\":\"WebPage\",\"@id\":\"https:\/\/blog.zhaw.ch\/languagematters\/2024\/12\/12\/master-strategic-communication-nachhaltigkeitskommunikation\/\",\"url\":\"https:\/\/blog.zhaw.ch\/languagematters\/2024\/12\/12\/master-strategic-communication-nachhaltigkeitskommunikation\/\",\"name\":\"MA Strategic Communication Management f\u00fcr Nachhaltigkeit\",\"isPartOf\":{\"@id\":\"https:\/\/blog.zhaw.ch\/languagematters\/#website\"},\"primaryImageOfPage\":{\"@id\":\"https:\/\/blog.zhaw.ch\/languagematters\/2024\/12\/12\/master-strategic-communication-nachhaltigkeitskommunikation\/#primaryimage\"},\"image\":{\"@id\":\"https:\/\/blog.zhaw.ch\/languagematters\/2024\/12\/12\/master-strategic-communication-nachhaltigkeitskommunikation\/#primaryimage\"},\"thumbnailUrl\":\"https:\/\/blog.zhaw.ch\/languagematters\/files\/2024\/12\/Foto-02.12.24-21-28-35.jpg\",\"datePublished\":\"2024-12-12T06:48:00+00:00\",\"dateModified\":\"2025-07-30T07:32:54+00:00\",\"author\":{\"@id\":\"https:\/\/blog.zhaw.ch\/languagematters\/#\/schema\/person\/aa084f536a466bb6435a802f4606646b\"},\"description\":\"Glaubw\u00fcrdig zu kommunizieren ist f\u00fcr Eva Nebel essentiell in der Nachhaltigkeitskommunikation. Im Portrait, erz\u00e4hlt die Absolventin warum.\",\"breadcrumb\":{\"@id\":\"https:\/\/blog.zhaw.ch\/languagematters\/2024\/12\/12\/master-strategic-communication-nachhaltigkeitskommunikation\/#breadcrumb\"},\"inLanguage\":\"de\",\"potentialAction\":[{\"@type\":\"ReadAction\",\"target\":[\"https:\/\/blog.zhaw.ch\/languagematters\/2024\/12\/12\/master-strategic-communication-nachhaltigkeitskommunikation\/\"]}]},{\"@type\":\"ImageObject\",\"inLanguage\":\"de\",\"@id\":\"https:\/\/blog.zhaw.ch\/languagematters\/2024\/12\/12\/master-strategic-communication-nachhaltigkeitskommunikation\/#primaryimage\",\"url\":\"https:\/\/blog.zhaw.ch\/languagematters\/files\/2024\/12\/Foto-02.12.24-21-28-35.jpg\",\"contentUrl\":\"https:\/\/blog.zhaw.ch\/languagematters\/files\/2024\/12\/Foto-02.12.24-21-28-35.jpg\",\"width\":1476,\"height\":774,\"caption\":\"Eva-Nachhaltigkeitskommunikation-zhaw-master-strategic-communication\"},{\"@type\":\"BreadcrumbList\",\"@id\":\"https:\/\/blog.zhaw.ch\/languagematters\/2024\/12\/12\/master-strategic-communication-nachhaltigkeitskommunikation\/#breadcrumb\",\"itemListElement\":[{\"@type\":\"ListItem\",\"position\":1,\"name\":\"Startseite\",\"item\":\"https:\/\/blog.zhaw.ch\/languagematters\/\"},{\"@type\":\"ListItem\",\"position\":2,\"name\":\"Mit dem Masterstudium in Strategic Communication Management gewappnet f\u00fcr die Nachhaltigkeits-Kommunikation\"}]},{\"@type\":\"WebSite\",\"@id\":\"https:\/\/blog.zhaw.ch\/languagematters\/#website\",\"url\":\"https:\/\/blog.zhaw.ch\/languagematters\/\",\"name\":\"Language matters.\",\"description\":\"Ein Blog der ZHAW Z\u00fcrcher Hochschule f\u00fcr Angewandte Wissenschaften\",\"potentialAction\":[{\"@type\":\"SearchAction\",\"target\":{\"@type\":\"EntryPoint\",\"urlTemplate\":\"https:\/\/blog.zhaw.ch\/languagematters\/?s={search_term_string}\"},\"query-input\":{\"@type\":\"PropertyValueSpecification\",\"valueRequired\":true,\"valueName\":\"search_term_string\"}}],\"inLanguage\":\"de\"},{\"@type\":\"Person\",\"@id\":\"https:\/\/blog.zhaw.ch\/languagematters\/#\/schema\/person\/aa084f536a466bb6435a802f4606646b\",\"name\":\"ZHAW Language matters\",\"image\":{\"@type\":\"ImageObject\",\"inLanguage\":\"de\",\"@id\":\"https:\/\/secure.gravatar.com\/avatar\/1311e7d332cc363ef9b3e3a290a7a7f6e1dadbc66d250832041e89065c581b44?s=96&d=mm&r=g\",\"url\":\"https:\/\/secure.gravatar.com\/avatar\/1311e7d332cc363ef9b3e3a290a7a7f6e1dadbc66d250832041e89065c581b44?s=96&d=mm&r=g\",\"contentUrl\":\"https:\/\/secure.gravatar.com\/avatar\/1311e7d332cc363ef9b3e3a290a7a7f6e1dadbc66d250832041e89065c581b44?s=96&d=mm&r=g\",\"caption\":\"ZHAW Language matters\"},\"url\":\"https:\/\/blog.zhaw.ch\/languagematters\/author\/stoc\/\"}]}<\/script>\n<!-- \/ Yoast SEO Premium plugin. -->","yoast_head_json":{"title":"MA Strategic Communication Management f\u00fcr Nachhaltigkeit","description":"Glaubw\u00fcrdig zu kommunizieren ist f\u00fcr Eva Nebel essentiell in der Nachhaltigkeitskommunikation. Im Portrait, erz\u00e4hlt die Absolventin warum.","robots":{"index":"index","follow":"follow","max-snippet":"max-snippet:-1","max-image-preview":"max-image-preview:large","max-video-preview":"max-video-preview:-1"},"canonical":"https:\/\/blog.zhaw.ch\/languagematters\/2024\/12\/12\/master-strategic-communication-nachhaltigkeitskommunikation\/","og_locale":"de_DE","og_type":"article","og_title":"Mit dem Masterstudium in Strategic Communication Management gewappnet f\u00fcr die Nachhaltigkeits-Kommunikation","og_description":"Glaubw\u00fcrdig zu kommunizieren ist f\u00fcr Eva Nebel essentiell in der Nachhaltigkeitskommunikation. Im Portrait, erz\u00e4hlt die Absolventin warum.","og_url":"https:\/\/blog.zhaw.ch\/languagematters\/2024\/12\/12\/master-strategic-communication-nachhaltigkeitskommunikation\/","og_site_name":"Language matters.","article_published_time":"2024-12-12T06:48:00+00:00","article_modified_time":"2025-07-30T07:32:54+00:00","og_image":[{"width":1476,"height":774,"url":"http:\/\/blog.zhaw.ch\/languagematters\/files\/2024\/12\/Foto-02.12.24-21-28-35.jpg","type":"image\/jpeg"}],"author":"ZHAW Language matters","twitter_card":"summary_large_image","twitter_misc":{"Verfasst von":"ZHAW Language matters","Gesch\u00e4tzte Lesezeit":"6\u00a0Minuten"},"schema":{"@context":"https:\/\/schema.org","@graph":[{"@type":"Article","@id":"https:\/\/blog.zhaw.ch\/languagematters\/2024\/12\/12\/master-strategic-communication-nachhaltigkeitskommunikation\/#article","isPartOf":{"@id":"https:\/\/blog.zhaw.ch\/languagematters\/2024\/12\/12\/master-strategic-communication-nachhaltigkeitskommunikation\/"},"author":{"name":"ZHAW Language matters","@id":"https:\/\/blog.zhaw.ch\/languagematters\/#\/schema\/person\/aa084f536a466bb6435a802f4606646b"},"headline":"Mit dem Masterstudium in Strategic Communication Management gewappnet f\u00fcr die Nachhaltigkeits-Kommunikation","datePublished":"2024-12-12T06:48:00+00:00","dateModified":"2025-07-30T07:32:54+00:00","mainEntityOfPage":{"@id":"https:\/\/blog.zhaw.ch\/languagematters\/2024\/12\/12\/master-strategic-communication-nachhaltigkeitskommunikation\/"},"wordCount":947,"commentCount":0,"image":{"@id":"https:\/\/blog.zhaw.ch\/languagematters\/2024\/12\/12\/master-strategic-communication-nachhaltigkeitskommunikation\/#primaryimage"},"thumbnailUrl":"https:\/\/blog.zhaw.ch\/languagematters\/files\/2024\/12\/Foto-02.12.24-21-28-35.jpg","keywords":["Alumni Masterprofil Strategic Communication Management","IAM Institut f\u00fcr Angewandte Medienwissenschaft","Kommunikation","Master Language and Communication","Masterprofil Strategic Communication Management","Webeinzug MA LC","Webeinzug MA SCM"],"articleSection":["Alumni"],"inLanguage":"de","potentialAction":[{"@type":"CommentAction","name":"Comment","target":["https:\/\/blog.zhaw.ch\/languagematters\/2024\/12\/12\/master-strategic-communication-nachhaltigkeitskommunikation\/#respond"]}]},{"@type":"WebPage","@id":"https:\/\/blog.zhaw.ch\/languagematters\/2024\/12\/12\/master-strategic-communication-nachhaltigkeitskommunikation\/","url":"https:\/\/blog.zhaw.ch\/languagematters\/2024\/12\/12\/master-strategic-communication-nachhaltigkeitskommunikation\/","name":"MA Strategic Communication Management f\u00fcr Nachhaltigkeit","isPartOf":{"@id":"https:\/\/blog.zhaw.ch\/languagematters\/#website"},"primaryImageOfPage":{"@id":"https:\/\/blog.zhaw.ch\/languagematters\/2024\/12\/12\/master-strategic-communication-nachhaltigkeitskommunikation\/#primaryimage"},"image":{"@id":"https:\/\/blog.zhaw.ch\/languagematters\/2024\/12\/12\/master-strategic-communication-nachhaltigkeitskommunikation\/#primaryimage"},"thumbnailUrl":"https:\/\/blog.zhaw.ch\/languagematters\/files\/2024\/12\/Foto-02.12.24-21-28-35.jpg","datePublished":"2024-12-12T06:48:00+00:00","dateModified":"2025-07-30T07:32:54+00:00","author":{"@id":"https:\/\/blog.zhaw.ch\/languagematters\/#\/schema\/person\/aa084f536a466bb6435a802f4606646b"},"description":"Glaubw\u00fcrdig zu kommunizieren ist f\u00fcr Eva Nebel essentiell in der Nachhaltigkeitskommunikation. Im Portrait, erz\u00e4hlt die Absolventin warum.","breadcrumb":{"@id":"https:\/\/blog.zhaw.ch\/languagematters\/2024\/12\/12\/master-strategic-communication-nachhaltigkeitskommunikation\/#breadcrumb"},"inLanguage":"de","potentialAction":[{"@type":"ReadAction","target":["https:\/\/blog.zhaw.ch\/languagematters\/2024\/12\/12\/master-strategic-communication-nachhaltigkeitskommunikation\/"]}]},{"@type":"ImageObject","inLanguage":"de","@id":"https:\/\/blog.zhaw.ch\/languagematters\/2024\/12\/12\/master-strategic-communication-nachhaltigkeitskommunikation\/#primaryimage","url":"https:\/\/blog.zhaw.ch\/languagematters\/files\/2024\/12\/Foto-02.12.24-21-28-35.jpg","contentUrl":"https:\/\/blog.zhaw.ch\/languagematters\/files\/2024\/12\/Foto-02.12.24-21-28-35.jpg","width":1476,"height":774,"caption":"Eva-Nachhaltigkeitskommunikation-zhaw-master-strategic-communication"},{"@type":"BreadcrumbList","@id":"https:\/\/blog.zhaw.ch\/languagematters\/2024\/12\/12\/master-strategic-communication-nachhaltigkeitskommunikation\/#breadcrumb","itemListElement":[{"@type":"ListItem","position":1,"name":"Startseite","item":"https:\/\/blog.zhaw.ch\/languagematters\/"},{"@type":"ListItem","position":2,"name":"Mit dem Masterstudium in Strategic Communication Management gewappnet f\u00fcr die Nachhaltigkeits-Kommunikation"}]},{"@type":"WebSite","@id":"https:\/\/blog.zhaw.ch\/languagematters\/#website","url":"https:\/\/blog.zhaw.ch\/languagematters\/","name":"Language matters.","description":"Ein Blog der ZHAW Z\u00fcrcher Hochschule f\u00fcr Angewandte Wissenschaften","potentialAction":[{"@type":"SearchAction","target":{"@type":"EntryPoint","urlTemplate":"https:\/\/blog.zhaw.ch\/languagematters\/?s={search_term_string}"},"query-input":{"@type":"PropertyValueSpecification","valueRequired":true,"valueName":"search_term_string"}}],"inLanguage":"de"},{"@type":"Person","@id":"https:\/\/blog.zhaw.ch\/languagematters\/#\/schema\/person\/aa084f536a466bb6435a802f4606646b","name":"ZHAW Language matters","image":{"@type":"ImageObject","inLanguage":"de","@id":"https:\/\/secure.gravatar.com\/avatar\/1311e7d332cc363ef9b3e3a290a7a7f6e1dadbc66d250832041e89065c581b44?s=96&d=mm&r=g","url":"https:\/\/secure.gravatar.com\/avatar\/1311e7d332cc363ef9b3e3a290a7a7f6e1dadbc66d250832041e89065c581b44?s=96&d=mm&r=g","contentUrl":"https:\/\/secure.gravatar.com\/avatar\/1311e7d332cc363ef9b3e3a290a7a7f6e1dadbc66d250832041e89065c581b44?s=96&d=mm&r=g","caption":"ZHAW Language matters"},"url":"https:\/\/blog.zhaw.ch\/languagematters\/author\/stoc\/"}]}},"_links":{"self":[{"href":"https:\/\/blog.zhaw.ch\/languagematters\/wp-json\/wp\/v2\/posts\/16536","targetHints":{"allow":["GET"]}}],"collection":[{"href":"https:\/\/blog.zhaw.ch\/languagematters\/wp-json\/wp\/v2\/posts"}],"about":[{"href":"https:\/\/blog.zhaw.ch\/languagematters\/wp-json\/wp\/v2\/types\/post"}],"author":[{"embeddable":true,"href":"https:\/\/blog.zhaw.ch\/languagematters\/wp-json\/wp\/v2\/users\/477"}],"replies":[{"embeddable":true,"href":"https:\/\/blog.zhaw.ch\/languagematters\/wp-json\/wp\/v2\/comments?post=16536"}],"version-history":[{"count":12,"href":"https:\/\/blog.zhaw.ch\/languagematters\/wp-json\/wp\/v2\/posts\/16536\/revisions"}],"predecessor-version":[{"id":16908,"href":"https:\/\/blog.zhaw.ch\/languagematters\/wp-json\/wp\/v2\/posts\/16536\/revisions\/16908"}],"wp:featuredmedia":[{"embeddable":true,"href":"https:\/\/blog.zhaw.ch\/languagematters\/wp-json\/wp\/v2\/media\/16538"}],"wp:attachment":[{"href":"https:\/\/blog.zhaw.ch\/languagematters\/wp-json\/wp\/v2\/media?parent=16536"}],"wp:term":[{"taxonomy":"category","embeddable":true,"href":"https:\/\/blog.zhaw.ch\/languagematters\/wp-json\/wp\/v2\/categories?post=16536"},{"taxonomy":"post_tag","embeddable":true,"href":"https:\/\/blog.zhaw.ch\/languagematters\/wp-json\/wp\/v2\/tags?post=16536"},{"taxonomy":"features","embeddable":true,"href":"https:\/\/blog.zhaw.ch\/languagematters\/wp-json\/wp\/v2\/features?post=16536"}],"curies":[{"name":"wp","href":"https:\/\/api.w.org\/{rel}","templated":true}]}}