{"id":16518,"date":"2025-02-10T08:35:09","date_gmt":"2025-02-10T07:35:09","guid":{"rendered":"https:\/\/blog.zhaw.ch\/languagematters\/?p=16518"},"modified":"2025-04-23T15:31:15","modified_gmt":"2025-04-23T13:31:15","slug":"projektplus-eth-solar-racing","status":"publish","type":"post","link":"https:\/\/blog.zhaw.ch\/languagematters\/2025\/02\/10\/projektplus-eth-solar-racing\/","title":{"rendered":"Mit ProjektPlus: Live-Berichterstattung beim European Solar Race in Belgien"},"content":{"rendered":"\n<p>Ein aufregendes Abenteuer, das Engagement und Kreativit\u00e4t forderte: Im Rahmen von ProjektPlus begleiteten Clara Delissen, Katharina Tognon und Sheila Widmer aus dem Bachelor Kommunikation und Medien das&nbsp;<a href=\"https:\/\/sph.ethz.ch\/projects\/%CE%B1centauri-solar-racing\">ETH Solar Racing Team<\/a>&nbsp;<a href=\"https:\/\/www.acentauri.ch\/\">aCentauri<\/a>&nbsp;zum&nbsp;<a href=\"https:\/\/www.europeansolarchallenge.eu\/\">European Solar Race<\/a>&nbsp;in Belgien \u2013 und kehrten mit inspirierenden Geschichten und wertvollen Erkenntnissen zur\u00fcck.<\/p>\n\n\n\n<p class=\"has-small-font-size\">Autorinnen: Clara Delissen, Katharina Tognon und Sheila Widmer aus dem Bachelor Kommunikation und Medien \u2013 ProjektPlus<\/p>\n\n\n\n<h2 class=\"wp-block-heading has-medium-font-size\" id=\"h-erwartungen-und-vorbereitung-ein-projekt-der-besonderen-art\">Erwartungen und Vorbereitung: Ein Projekt der besonderen Art<\/h2>\n\n\n\n<p>Die Idee entstand im Juni 2024, als wir uns entschlossen, Teil des Projekts aCentauri zu werden. Unsere Mission: Das European Solar Race hautnah zu begleiten und ein mediales Konzept zu entwickeln, das die Dynamik und den Teamgeist dieses einzigartigen Rennens einf\u00e4ngt.<\/p>\n\n\n\n<p>Nach einem erfolgreichen Bewerbungsprozess starteten wir mit der intensiven Vorbereitung. \u00dcber Social-Media-Kan\u00e4le und die Website von aCentauri machten wir uns mit dem Team und seiner Mission vertraut. Erste Skizzen f\u00fcr ein Storyboard entstanden, das klare Ziele definierte: Sechs Videos, die nicht nur das Rennen dokumentieren, sondern auch die Menschen und Geschichten dahinter lebendig machen.<\/p>\n\n\n\n<p>Ein entscheidender Meilenstein war der pers\u00f6nliche Austausch mit dem Kommunikationsteam von aCentauri. Dabei wurde schnell klar: Neben unserer kreativen Arbeit warteten auch logistische Herausforderungen auf uns \u2013 von der Anreise im Auto bis zur Unterkunft auf einem Campingplatz.<\/p>\n\n\n\n<h2 class=\"wp-block-heading has-medium-font-size\" id=\"h-die-erfahrung-flexibilitat-und-teamgeist\">Die Erfahrung: Flexibilit\u00e4t und Teamgeist<\/h2>\n\n\n\n<p>Sechs Tage lang begleiteten wir das ETH-Team vor Ort. Von den konzentrierten Vorbereitungen bis zur Spannung des 24-Stunden-Rennens dokumentierten wir jeden Moment.&nbsp;W\u00e4hrend des Projekts arbeiteten wir flexibel und strukturiert \u2013 kein leichtes Unterfangen angesichts der unvorhergesehenen Herausforderungen und der Dynamik. Spontanit\u00e4t und schnelle Anpassungsf\u00e4higkeit wurden rasch zu unseren gr\u00f6ssten St\u00e4rken. Dank der t\u00e4glichen Arbeitsteilung und regelm\u00e4ssiger Briefings konnten wir stets den \u00dcberblick behalten und zielgerichtet vorgehen.<\/p>\n\n\n\n<figure class=\"wp-block-gallery has-nested-images columns-default is-cropped wp-block-gallery-1 is-layout-flex wp-block-gallery-is-layout-flex\">\n<figure class=\"wp-block-image size-large\"><img loading=\"lazy\" decoding=\"async\" width=\"1024\" height=\"683\" data-id=\"16522\" src=\"https:\/\/blog.zhaw.ch\/languagematters\/files\/2024\/12\/ETH-Solar-Race-Erfahrung-1024x683.jpg\" alt=\"Zwei ProjektPlus Studentinnen der ZHAW Angewandte Linguistik lachen in die Kamera w\u00e4hrend des Events\" class=\"wp-image-16522\" srcset=\"https:\/\/blog.zhaw.ch\/languagematters\/files\/2024\/12\/ETH-Solar-Race-Erfahrung-1024x683.jpg 1024w, https:\/\/blog.zhaw.ch\/languagematters\/files\/2024\/12\/ETH-Solar-Race-Erfahrung-300x200.jpg 300w, https:\/\/blog.zhaw.ch\/languagematters\/files\/2024\/12\/ETH-Solar-Race-Erfahrung-768x512.jpg 768w, https:\/\/blog.zhaw.ch\/languagematters\/files\/2024\/12\/ETH-Solar-Race-Erfahrung.jpg 1080w\" sizes=\"auto, (max-width: 1024px) 100vw, 1024px\" \/><\/figure>\n\n\n\n<figure class=\"wp-block-image size-large\"><img loading=\"lazy\" decoding=\"async\" width=\"1024\" height=\"683\" data-id=\"16523\" src=\"https:\/\/blog.zhaw.ch\/languagematters\/files\/2024\/12\/ETH-Solar-Race-Erfahrung-4-1024x683.jpg\" alt=\"Das aCentauri Team schaut den Event\" class=\"wp-image-16523\" srcset=\"https:\/\/blog.zhaw.ch\/languagematters\/files\/2024\/12\/ETH-Solar-Race-Erfahrung-4-1024x683.jpg 1024w, https:\/\/blog.zhaw.ch\/languagematters\/files\/2024\/12\/ETH-Solar-Race-Erfahrung-4-300x200.jpg 300w, https:\/\/blog.zhaw.ch\/languagematters\/files\/2024\/12\/ETH-Solar-Race-Erfahrung-4-768x512.jpg 768w, https:\/\/blog.zhaw.ch\/languagematters\/files\/2024\/12\/ETH-Solar-Race-Erfahrung-4.jpg 1080w\" sizes=\"auto, (max-width: 1024px) 100vw, 1024px\" \/><\/figure>\n<\/figure>\n\n\n\n<figure class=\"wp-block-image size-large\"><img loading=\"lazy\" decoding=\"async\" width=\"1024\" height=\"768\" src=\"https:\/\/blog.zhaw.ch\/languagematters\/files\/2024\/12\/ETH-1-1-1024x768.jpg\" alt=\"Das ganze aCentauri Team feiert zusammen am ETH Solar Race in Belgien\" class=\"wp-image-16532\" srcset=\"https:\/\/blog.zhaw.ch\/languagematters\/files\/2024\/12\/ETH-1-1-1024x768.jpg 1024w, https:\/\/blog.zhaw.ch\/languagematters\/files\/2024\/12\/ETH-1-1-300x225.jpg 300w, https:\/\/blog.zhaw.ch\/languagematters\/files\/2024\/12\/ETH-1-1-768x576.jpg 768w, https:\/\/blog.zhaw.ch\/languagematters\/files\/2024\/12\/ETH-1-1-1536x1152.jpg 1536w, https:\/\/blog.zhaw.ch\/languagematters\/files\/2024\/12\/ETH-1-1-2048x1536.jpg 2048w\" sizes=\"auto, (max-width: 1024px) 100vw, 1024px\" \/><\/figure>\n\n\n\n<p><\/p>\n\n\n\n<h3 class=\"wp-block-heading\" id=\"h-unsere-ergebnisse\"><strong>Unsere Ergebnisse<\/strong><\/h3>\n\n\n\n<ul class=\"wp-block-list\">\n<li>Sechs Instagram-Reels, darunter \u201eRoad to ESC\u201c, \u201eMeet the Team\u201c und das \u201e24-Stunden-Update\u201c. Diese Reels wurden auf Wunsch des aCentauri-Teams im Abstand von zwei Tagen ver\u00f6ffentlicht.<\/li>\n\n\n\n<li>Hochwertige Fotos f\u00fcr Social Media (LinkedIn) und interne Zwecke, die als Dokumentation dienten.&nbsp;<\/li>\n\n\n\n<li>Tolle Geschichten, die das Publikum auf verschiedenen Kan\u00e4len begeisterten.<\/li>\n<\/ul>\n\n\n\n<figure class=\"wp-block-gallery has-nested-images columns-default is-cropped wp-block-gallery-2 is-layout-flex wp-block-gallery-is-layout-flex\">\n<figure class=\"wp-block-image size-large\"><img loading=\"lazy\" decoding=\"async\" width=\"1024\" height=\"683\" data-id=\"16528\" src=\"https:\/\/blog.zhaw.ch\/languagematters\/files\/2024\/12\/Solar-Race-in-Belgien_aCentauri-Team-1024x683.jpg\" alt=\"Photoshooting am Abend w\u00e4hrend der ETH Solar Race\" class=\"wp-image-16528\" srcset=\"https:\/\/blog.zhaw.ch\/languagematters\/files\/2024\/12\/Solar-Race-in-Belgien_aCentauri-Team-1024x683.jpg 1024w, https:\/\/blog.zhaw.ch\/languagematters\/files\/2024\/12\/Solar-Race-in-Belgien_aCentauri-Team-300x200.jpg 300w, https:\/\/blog.zhaw.ch\/languagematters\/files\/2024\/12\/Solar-Race-in-Belgien_aCentauri-Team-768x512.jpg 768w, https:\/\/blog.zhaw.ch\/languagematters\/files\/2024\/12\/Solar-Race-in-Belgien_aCentauri-Team.jpg 1350w\" sizes=\"auto, (max-width: 1024px) 100vw, 1024px\" \/><\/figure>\n\n\n\n<figure class=\"wp-block-image size-large\"><img loading=\"lazy\" decoding=\"async\" width=\"1024\" height=\"683\" data-id=\"16529\" src=\"https:\/\/blog.zhaw.ch\/languagematters\/files\/2024\/12\/Solar-Race-Erfahrung-1-1024x683.jpg\" alt=\"Behind the scenes mit dem aCentauri Team in Belgien bei der ETH Solar Race\" class=\"wp-image-16529\" srcset=\"https:\/\/blog.zhaw.ch\/languagematters\/files\/2024\/12\/Solar-Race-Erfahrung-1-1024x683.jpg 1024w, https:\/\/blog.zhaw.ch\/languagematters\/files\/2024\/12\/Solar-Race-Erfahrung-1-300x200.jpg 300w, https:\/\/blog.zhaw.ch\/languagematters\/files\/2024\/12\/Solar-Race-Erfahrung-1-768x512.jpg 768w, https:\/\/blog.zhaw.ch\/languagematters\/files\/2024\/12\/Solar-Race-Erfahrung-1.jpg 1350w\" sizes=\"auto, (max-width: 1024px) 100vw, 1024px\" \/><\/figure>\n<\/figure>\n\n\n\n<p><\/p>\n\n\n\n<h2 class=\"wp-block-heading has-medium-font-size\" id=\"h-ruckblick-was-wir-gelernt-haben\">R\u00fcckblick: Was wir gelernt haben<\/h2>\n\n\n\n<p>Dieses Projekt und die Reise nach Belgien waren mehr als nur ein spannendes Kommunikationsprojekt \u2013 es war eine Schule f\u00fcrs Leben. Vom herzlichen Empfang im aCentauri-Team bis zur gemeinsamen Nachbesprechung lernten wir, wie Engagement und Teamgeist zu aussergew\u00f6hnlichen Ergebnissen f\u00fchren kann. Der respektvolle Umgang und die offene Kommunikation im Team waren inspirierend und trugen wesentlich zu unserem Projekterfolg bei. Besonders beeindruckt hat uns, wie alle Mitglieder \u2013 von Fahrer:innen bis hin zum technischen Support \u2013 ihr Herzblut in das Projekt steckten.<\/p>\n\n\n\n<p>F\u00fcr uns war es eine Reise der Erkenntnisse: Wie wichtig eine klare Struktur, eine offene Kommunikation und Flexibilit\u00e4t sind, um gemeinsam Grosses zu leisten. Von diesen Erfahrungen werden wir in zuk\u00fcnftigen Projekten profitieren. Mit der Gewissheit: Wer sich engagiert und gut zusammenarbeitet, kann viel erreichen.<\/p>\n\n\n\n<hr class=\"wp-block-separator has-alpha-channel-opacity\" \/>\n\n\n\n<p>Ein herzliches Dankesch\u00f6n an das aCentauri-Team und Felicitas H\u00f6gger von der Modull-Leitung des ProjektPlus f\u00fcr die Realisierung und Organisation dieses Projekts. Wir nehmen nicht nur wertvolle Einblicke, sondern auch tolle Erinnerungen mit nach Hause und sind f\u00fcr die n\u00e4chsten Herausforderungen ger\u00fcstet! <\/p>\n<div class=\"pt-sm\">Schlagw\u00f6rter: <a href=\"http:\/\/blog.zhaw.ch\/languagematters\/tag\/bachelor-kommunikation-und-medien\/\">Bachelor Kommunikation und Medien<\/a>, <a href=\"http:\/\/blog.zhaw.ch\/languagematters\/tag\/iam\/\">IAM Institut f\u00fcr Angewandte Medienwissenschaft<\/a>, <a href=\"http:\/\/blog.zhaw.ch\/languagematters\/tag\/iam-medialab\/\">IAM Medialab<\/a>, <a href=\"http:\/\/blog.zhaw.ch\/languagematters\/tag\/praxisbezogen-studieren\/\">Praxisbezogen studieren<\/a>, <a href=\"http:\/\/blog.zhaw.ch\/languagematters\/tag\/studibeitrag\/\">Studibeitrag<\/a>, <a href=\"http:\/\/blog.zhaw.ch\/languagematters\/tag\/webeinzug-ba-km\/\">Webeinzug BA KM<\/a><br><\/div>","protected":false},"excerpt":{"rendered":"<p>Ein aufregendes Abenteuer, das Engagement und Kreativit\u00e4t forderte: Im Rahmen von ProjektPlus begleiteten Clara Delissen, Katharina Tognon und Sheila Widmer aus dem Bachelor Kommunikation und Medien das\u00a0ETH Solar Racing Team\u00a0aCentauri\u00a0zum\u00a0European Solar Race\u00a0in Belgien \u2013 und kehrten mit inspirierenden Geschichten und wertvollen Erkenntnissen zur\u00fcck.<\/p>\n","protected":false},"author":686,"featured_media":16520,"comment_status":"open","ping_status":"open","sticky":false,"template":"","format":"standard","meta":{"ngg_post_thumbnail":0,"footnotes":""},"categories":[1,201],"tags":[14,200,249,333,100,406],"features":[],"class_list":["post-16518","post","type-post","status-publish","format-standard","has-post-thumbnail","hentry","category-allgemein","category-studium","tag-bachelor-kommunikation-und-medien","tag-iam","tag-iam-medialab","tag-praxisbezogen-studieren","tag-studibeitrag","tag-webeinzug-ba-km"],"yoast_head":"<!-- This site is optimized with the Yoast SEO Premium plugin v27.2 (Yoast SEO v27.2) - https:\/\/yoast.com\/product\/yoast-seo-premium-wordpress\/ -->\n<title>ProjektPlus und ETH Solar Racing Team aCentauri in Belgien<\/title>\n<meta name=\"description\" content=\"ProjektPlus begleitet das ETH Solar Racing Team aCentauri in Belgien - ein Projekt voller Abenteuer, Engagement, Kreativit\u00e4t und Teamgeist.\" \/>\n<meta name=\"robots\" content=\"index, follow, max-snippet:-1, max-image-preview:large, max-video-preview:-1\" \/>\n<link rel=\"canonical\" href=\"https:\/\/blog.zhaw.ch\/languagematters\/2025\/02\/10\/projektplus-eth-solar-racing\/\" \/>\n<meta property=\"og:locale\" content=\"de_DE\" \/>\n<meta property=\"og:type\" content=\"article\" \/>\n<meta property=\"og:title\" content=\"Mit ProjektPlus: Live-Berichterstattung beim European Solar Race in Belgien\" \/>\n<meta property=\"og:description\" content=\"ProjektPlus begleitet das ETH Solar Racing Team aCentauri in Belgien - ein Projekt voller Abenteuer, Engagement, Kreativit\u00e4t und Teamgeist.\" \/>\n<meta property=\"og:url\" content=\"https:\/\/blog.zhaw.ch\/languagematters\/2025\/02\/10\/projektplus-eth-solar-racing\/\" \/>\n<meta property=\"og:site_name\" content=\"Language matters.\" \/>\n<meta property=\"article:published_time\" content=\"2025-02-10T07:35:09+00:00\" \/>\n<meta property=\"article:modified_time\" content=\"2025-04-23T13:31:15+00:00\" \/>\n<meta property=\"og:image\" content=\"http:\/\/blog.zhaw.ch\/languagematters\/files\/2024\/12\/Titelbild_ProjektPlus_ETH-Solar-Race.jpg\" \/>\n\t<meta property=\"og:image:width\" content=\"2100\" \/>\n\t<meta property=\"og:image:height\" content=\"1400\" \/>\n\t<meta property=\"og:image:type\" content=\"image\/jpeg\" \/>\n<meta name=\"author\" content=\"feee\" \/>\n<meta name=\"twitter:card\" content=\"summary_large_image\" \/>\n<meta name=\"twitter:label1\" content=\"Verfasst von\" \/>\n\t<meta name=\"twitter:data1\" content=\"feee\" \/>\n\t<meta name=\"twitter:label2\" content=\"Gesch\u00e4tzte Lesezeit\" \/>\n\t<meta name=\"twitter:data2\" content=\"4\u00a0Minuten\" \/>\n<script type=\"application\/ld+json\" class=\"yoast-schema-graph\">{\"@context\":\"https:\/\/schema.org\",\"@graph\":[{\"@type\":\"Article\",\"@id\":\"https:\/\/blog.zhaw.ch\/languagematters\/2025\/02\/10\/projektplus-eth-solar-racing\/#article\",\"isPartOf\":{\"@id\":\"https:\/\/blog.zhaw.ch\/languagematters\/2025\/02\/10\/projektplus-eth-solar-racing\/\"},\"author\":{\"name\":\"feee\",\"@id\":\"https:\/\/blog.zhaw.ch\/languagematters\/#\/schema\/person\/b55c192a72eeb97abab8f648aa99b9cc\"},\"headline\":\"Mit ProjektPlus: Live-Berichterstattung beim European Solar Race in Belgien\",\"datePublished\":\"2025-02-10T07:35:09+00:00\",\"dateModified\":\"2025-04-23T13:31:15+00:00\",\"mainEntityOfPage\":{\"@id\":\"https:\/\/blog.zhaw.ch\/languagematters\/2025\/02\/10\/projektplus-eth-solar-racing\/\"},\"wordCount\":537,\"commentCount\":0,\"image\":{\"@id\":\"https:\/\/blog.zhaw.ch\/languagematters\/2025\/02\/10\/projektplus-eth-solar-racing\/#primaryimage\"},\"thumbnailUrl\":\"https:\/\/blog.zhaw.ch\/languagematters\/files\/2024\/12\/Titelbild_ProjektPlus_ETH-Solar-Race.jpg\",\"keywords\":[\"Bachelor Kommunikation und Medien\",\"IAM Institut f\u00fcr Angewandte Medienwissenschaft\",\"IAM Medialab\",\"Praxisbezogen studieren\",\"Studibeitrag\",\"Webeinzug BA KM\"],\"articleSection\":{\"1\":\"Studium\"},\"inLanguage\":\"de\",\"potentialAction\":[{\"@type\":\"CommentAction\",\"name\":\"Comment\",\"target\":[\"https:\/\/blog.zhaw.ch\/languagematters\/2025\/02\/10\/projektplus-eth-solar-racing\/#respond\"]}]},{\"@type\":\"WebPage\",\"@id\":\"https:\/\/blog.zhaw.ch\/languagematters\/2025\/02\/10\/projektplus-eth-solar-racing\/\",\"url\":\"https:\/\/blog.zhaw.ch\/languagematters\/2025\/02\/10\/projektplus-eth-solar-racing\/\",\"name\":\"ProjektPlus und ETH Solar Racing Team aCentauri in Belgien\",\"isPartOf\":{\"@id\":\"https:\/\/blog.zhaw.ch\/languagematters\/#website\"},\"primaryImageOfPage\":{\"@id\":\"https:\/\/blog.zhaw.ch\/languagematters\/2025\/02\/10\/projektplus-eth-solar-racing\/#primaryimage\"},\"image\":{\"@id\":\"https:\/\/blog.zhaw.ch\/languagematters\/2025\/02\/10\/projektplus-eth-solar-racing\/#primaryimage\"},\"thumbnailUrl\":\"https:\/\/blog.zhaw.ch\/languagematters\/files\/2024\/12\/Titelbild_ProjektPlus_ETH-Solar-Race.jpg\",\"datePublished\":\"2025-02-10T07:35:09+00:00\",\"dateModified\":\"2025-04-23T13:31:15+00:00\",\"author\":{\"@id\":\"https:\/\/blog.zhaw.ch\/languagematters\/#\/schema\/person\/b55c192a72eeb97abab8f648aa99b9cc\"},\"description\":\"ProjektPlus begleitet das ETH Solar Racing Team aCentauri in Belgien - ein Projekt voller Abenteuer, Engagement, Kreativit\u00e4t und Teamgeist.\",\"breadcrumb\":{\"@id\":\"https:\/\/blog.zhaw.ch\/languagematters\/2025\/02\/10\/projektplus-eth-solar-racing\/#breadcrumb\"},\"inLanguage\":\"de\",\"potentialAction\":[{\"@type\":\"ReadAction\",\"target\":[\"https:\/\/blog.zhaw.ch\/languagematters\/2025\/02\/10\/projektplus-eth-solar-racing\/\"]}]},{\"@type\":\"ImageObject\",\"inLanguage\":\"de\",\"@id\":\"https:\/\/blog.zhaw.ch\/languagematters\/2025\/02\/10\/projektplus-eth-solar-racing\/#primaryimage\",\"url\":\"https:\/\/blog.zhaw.ch\/languagematters\/files\/2024\/12\/Titelbild_ProjektPlus_ETH-Solar-Race.jpg\",\"contentUrl\":\"https:\/\/blog.zhaw.ch\/languagematters\/files\/2024\/12\/Titelbild_ProjektPlus_ETH-Solar-Race.jpg\",\"width\":2100,\"height\":1400,\"caption\":\"Drei Studentinnen vor einer Race-Maschine von der ETH Solar Race in Belgien\"},{\"@type\":\"BreadcrumbList\",\"@id\":\"https:\/\/blog.zhaw.ch\/languagematters\/2025\/02\/10\/projektplus-eth-solar-racing\/#breadcrumb\",\"itemListElement\":[{\"@type\":\"ListItem\",\"position\":1,\"name\":\"Startseite\",\"item\":\"https:\/\/blog.zhaw.ch\/languagematters\/\"},{\"@type\":\"ListItem\",\"position\":2,\"name\":\"Mit ProjektPlus: Live-Berichterstattung beim European Solar Race in Belgien\"}]},{\"@type\":\"WebSite\",\"@id\":\"https:\/\/blog.zhaw.ch\/languagematters\/#website\",\"url\":\"https:\/\/blog.zhaw.ch\/languagematters\/\",\"name\":\"Language matters.\",\"description\":\"Ein Blog der ZHAW Z\u00fcrcher Hochschule f\u00fcr Angewandte Wissenschaften\",\"potentialAction\":[{\"@type\":\"SearchAction\",\"target\":{\"@type\":\"EntryPoint\",\"urlTemplate\":\"https:\/\/blog.zhaw.ch\/languagematters\/?s={search_term_string}\"},\"query-input\":{\"@type\":\"PropertyValueSpecification\",\"valueRequired\":true,\"valueName\":\"search_term_string\"}}],\"inLanguage\":\"de\"},{\"@type\":\"Person\",\"@id\":\"https:\/\/blog.zhaw.ch\/languagematters\/#\/schema\/person\/b55c192a72eeb97abab8f648aa99b9cc\",\"name\":\"feee\",\"image\":{\"@type\":\"ImageObject\",\"inLanguage\":\"de\",\"@id\":\"https:\/\/secure.gravatar.com\/avatar\/2ba454e2c7f5bc51a10ad8e41086456ec16ec122c528fab29df72d1577026697?s=96&d=mm&r=g\",\"url\":\"https:\/\/secure.gravatar.com\/avatar\/2ba454e2c7f5bc51a10ad8e41086456ec16ec122c528fab29df72d1577026697?s=96&d=mm&r=g\",\"contentUrl\":\"https:\/\/secure.gravatar.com\/avatar\/2ba454e2c7f5bc51a10ad8e41086456ec16ec122c528fab29df72d1577026697?s=96&d=mm&r=g\",\"caption\":\"feee\"},\"url\":\"https:\/\/blog.zhaw.ch\/languagematters\/author\/feee\/\"}]}<\/script>\n<!-- \/ Yoast SEO Premium plugin. -->","yoast_head_json":{"title":"ProjektPlus und ETH Solar Racing Team aCentauri in Belgien","description":"ProjektPlus begleitet das ETH Solar Racing Team aCentauri in Belgien - ein Projekt voller Abenteuer, Engagement, Kreativit\u00e4t und Teamgeist.","robots":{"index":"index","follow":"follow","max-snippet":"max-snippet:-1","max-image-preview":"max-image-preview:large","max-video-preview":"max-video-preview:-1"},"canonical":"https:\/\/blog.zhaw.ch\/languagematters\/2025\/02\/10\/projektplus-eth-solar-racing\/","og_locale":"de_DE","og_type":"article","og_title":"Mit ProjektPlus: Live-Berichterstattung beim European Solar Race in Belgien","og_description":"ProjektPlus begleitet das ETH Solar Racing Team aCentauri in Belgien - ein Projekt voller Abenteuer, Engagement, Kreativit\u00e4t und Teamgeist.","og_url":"https:\/\/blog.zhaw.ch\/languagematters\/2025\/02\/10\/projektplus-eth-solar-racing\/","og_site_name":"Language matters.","article_published_time":"2025-02-10T07:35:09+00:00","article_modified_time":"2025-04-23T13:31:15+00:00","og_image":[{"width":2100,"height":1400,"url":"http:\/\/blog.zhaw.ch\/languagematters\/files\/2024\/12\/Titelbild_ProjektPlus_ETH-Solar-Race.jpg","type":"image\/jpeg"}],"author":"feee","twitter_card":"summary_large_image","twitter_misc":{"Verfasst von":"feee","Gesch\u00e4tzte Lesezeit":"4\u00a0Minuten"},"schema":{"@context":"https:\/\/schema.org","@graph":[{"@type":"Article","@id":"https:\/\/blog.zhaw.ch\/languagematters\/2025\/02\/10\/projektplus-eth-solar-racing\/#article","isPartOf":{"@id":"https:\/\/blog.zhaw.ch\/languagematters\/2025\/02\/10\/projektplus-eth-solar-racing\/"},"author":{"name":"feee","@id":"https:\/\/blog.zhaw.ch\/languagematters\/#\/schema\/person\/b55c192a72eeb97abab8f648aa99b9cc"},"headline":"Mit ProjektPlus: Live-Berichterstattung beim European Solar Race in Belgien","datePublished":"2025-02-10T07:35:09+00:00","dateModified":"2025-04-23T13:31:15+00:00","mainEntityOfPage":{"@id":"https:\/\/blog.zhaw.ch\/languagematters\/2025\/02\/10\/projektplus-eth-solar-racing\/"},"wordCount":537,"commentCount":0,"image":{"@id":"https:\/\/blog.zhaw.ch\/languagematters\/2025\/02\/10\/projektplus-eth-solar-racing\/#primaryimage"},"thumbnailUrl":"https:\/\/blog.zhaw.ch\/languagematters\/files\/2024\/12\/Titelbild_ProjektPlus_ETH-Solar-Race.jpg","keywords":["Bachelor Kommunikation und Medien","IAM Institut f\u00fcr Angewandte Medienwissenschaft","IAM Medialab","Praxisbezogen studieren","Studibeitrag","Webeinzug BA KM"],"articleSection":{"1":"Studium"},"inLanguage":"de","potentialAction":[{"@type":"CommentAction","name":"Comment","target":["https:\/\/blog.zhaw.ch\/languagematters\/2025\/02\/10\/projektplus-eth-solar-racing\/#respond"]}]},{"@type":"WebPage","@id":"https:\/\/blog.zhaw.ch\/languagematters\/2025\/02\/10\/projektplus-eth-solar-racing\/","url":"https:\/\/blog.zhaw.ch\/languagematters\/2025\/02\/10\/projektplus-eth-solar-racing\/","name":"ProjektPlus und ETH Solar Racing Team aCentauri in Belgien","isPartOf":{"@id":"https:\/\/blog.zhaw.ch\/languagematters\/#website"},"primaryImageOfPage":{"@id":"https:\/\/blog.zhaw.ch\/languagematters\/2025\/02\/10\/projektplus-eth-solar-racing\/#primaryimage"},"image":{"@id":"https:\/\/blog.zhaw.ch\/languagematters\/2025\/02\/10\/projektplus-eth-solar-racing\/#primaryimage"},"thumbnailUrl":"https:\/\/blog.zhaw.ch\/languagematters\/files\/2024\/12\/Titelbild_ProjektPlus_ETH-Solar-Race.jpg","datePublished":"2025-02-10T07:35:09+00:00","dateModified":"2025-04-23T13:31:15+00:00","author":{"@id":"https:\/\/blog.zhaw.ch\/languagematters\/#\/schema\/person\/b55c192a72eeb97abab8f648aa99b9cc"},"description":"ProjektPlus begleitet das ETH Solar Racing Team aCentauri in Belgien - ein Projekt voller Abenteuer, Engagement, Kreativit\u00e4t und Teamgeist.","breadcrumb":{"@id":"https:\/\/blog.zhaw.ch\/languagematters\/2025\/02\/10\/projektplus-eth-solar-racing\/#breadcrumb"},"inLanguage":"de","potentialAction":[{"@type":"ReadAction","target":["https:\/\/blog.zhaw.ch\/languagematters\/2025\/02\/10\/projektplus-eth-solar-racing\/"]}]},{"@type":"ImageObject","inLanguage":"de","@id":"https:\/\/blog.zhaw.ch\/languagematters\/2025\/02\/10\/projektplus-eth-solar-racing\/#primaryimage","url":"https:\/\/blog.zhaw.ch\/languagematters\/files\/2024\/12\/Titelbild_ProjektPlus_ETH-Solar-Race.jpg","contentUrl":"https:\/\/blog.zhaw.ch\/languagematters\/files\/2024\/12\/Titelbild_ProjektPlus_ETH-Solar-Race.jpg","width":2100,"height":1400,"caption":"Drei Studentinnen vor einer Race-Maschine von der ETH Solar Race in Belgien"},{"@type":"BreadcrumbList","@id":"https:\/\/blog.zhaw.ch\/languagematters\/2025\/02\/10\/projektplus-eth-solar-racing\/#breadcrumb","itemListElement":[{"@type":"ListItem","position":1,"name":"Startseite","item":"https:\/\/blog.zhaw.ch\/languagematters\/"},{"@type":"ListItem","position":2,"name":"Mit ProjektPlus: Live-Berichterstattung beim European Solar Race in Belgien"}]},{"@type":"WebSite","@id":"https:\/\/blog.zhaw.ch\/languagematters\/#website","url":"https:\/\/blog.zhaw.ch\/languagematters\/","name":"Language matters.","description":"Ein Blog der ZHAW Z\u00fcrcher Hochschule f\u00fcr Angewandte Wissenschaften","potentialAction":[{"@type":"SearchAction","target":{"@type":"EntryPoint","urlTemplate":"https:\/\/blog.zhaw.ch\/languagematters\/?s={search_term_string}"},"query-input":{"@type":"PropertyValueSpecification","valueRequired":true,"valueName":"search_term_string"}}],"inLanguage":"de"},{"@type":"Person","@id":"https:\/\/blog.zhaw.ch\/languagematters\/#\/schema\/person\/b55c192a72eeb97abab8f648aa99b9cc","name":"feee","image":{"@type":"ImageObject","inLanguage":"de","@id":"https:\/\/secure.gravatar.com\/avatar\/2ba454e2c7f5bc51a10ad8e41086456ec16ec122c528fab29df72d1577026697?s=96&d=mm&r=g","url":"https:\/\/secure.gravatar.com\/avatar\/2ba454e2c7f5bc51a10ad8e41086456ec16ec122c528fab29df72d1577026697?s=96&d=mm&r=g","contentUrl":"https:\/\/secure.gravatar.com\/avatar\/2ba454e2c7f5bc51a10ad8e41086456ec16ec122c528fab29df72d1577026697?s=96&d=mm&r=g","caption":"feee"},"url":"https:\/\/blog.zhaw.ch\/languagematters\/author\/feee\/"}]}},"_links":{"self":[{"href":"https:\/\/blog.zhaw.ch\/languagematters\/wp-json\/wp\/v2\/posts\/16518","targetHints":{"allow":["GET"]}}],"collection":[{"href":"https:\/\/blog.zhaw.ch\/languagematters\/wp-json\/wp\/v2\/posts"}],"about":[{"href":"https:\/\/blog.zhaw.ch\/languagematters\/wp-json\/wp\/v2\/types\/post"}],"author":[{"embeddable":true,"href":"https:\/\/blog.zhaw.ch\/languagematters\/wp-json\/wp\/v2\/users\/686"}],"replies":[{"embeddable":true,"href":"https:\/\/blog.zhaw.ch\/languagematters\/wp-json\/wp\/v2\/comments?post=16518"}],"version-history":[{"count":5,"href":"https:\/\/blog.zhaw.ch\/languagematters\/wp-json\/wp\/v2\/posts\/16518\/revisions"}],"predecessor-version":[{"id":16534,"href":"https:\/\/blog.zhaw.ch\/languagematters\/wp-json\/wp\/v2\/posts\/16518\/revisions\/16534"}],"wp:featuredmedia":[{"embeddable":true,"href":"https:\/\/blog.zhaw.ch\/languagematters\/wp-json\/wp\/v2\/media\/16520"}],"wp:attachment":[{"href":"https:\/\/blog.zhaw.ch\/languagematters\/wp-json\/wp\/v2\/media?parent=16518"}],"wp:term":[{"taxonomy":"category","embeddable":true,"href":"https:\/\/blog.zhaw.ch\/languagematters\/wp-json\/wp\/v2\/categories?post=16518"},{"taxonomy":"post_tag","embeddable":true,"href":"https:\/\/blog.zhaw.ch\/languagematters\/wp-json\/wp\/v2\/tags?post=16518"},{"taxonomy":"features","embeddable":true,"href":"https:\/\/blog.zhaw.ch\/languagematters\/wp-json\/wp\/v2\/features?post=16518"}],"curies":[{"name":"wp","href":"https:\/\/api.w.org\/{rel}","templated":true}]}}