{"id":1610,"date":"2016-07-05T09:09:55","date_gmt":"2016-07-05T07:09:55","guid":{"rendered":"https:\/\/blog.zhaw.ch\/iam\/?p=1610"},"modified":"2024-08-16T09:14:57","modified_gmt":"2024-08-16T07:14:57","slug":"aus-gutem-grund-public-storytelling-und-argumentation","status":"publish","type":"post","link":"https:\/\/blog.zhaw.ch\/languagematters\/2016\/07\/05\/aus-gutem-grund-public-storytelling-und-argumentation\/","title":{"rendered":"Aus gutem Grund: Public Storytelling und Argumentation"},"content":{"rendered":"\n<p>Themen ausw\u00e4hlen, Geschichten gestalten, Rollen verteilen, Priorit\u00e4ten setzen, Vor- und Nachteile abw\u00e4gen, und all dies unter Zeit- und Leistungsdruck: Aus diesen und anderen Aufgaben besteht die t\u00e4gliche Arbeit von Journalisten, sowohl in traditionellen als auch in Onlinemedien. Der Prozess der Nachrichtenherstellung stellt eine immer komplexere Herausforderung f\u00fcr Medienschaffende dar \u2013&nbsp;und damit auch ein spannendes Forschungsfeld. Die Medienlinguistik am IAM schaut seit 15 Jahren in gro\u00dfen Forschungsprojekten hinter den Kulissen journalistischer Produktion und nutzt ihre Erkenntnisse f\u00fcr die Praxisausbildung. In neuen Projekten geht es dabei um das Zusammenspiel von Argumentation und Narration in Public Storytelling.<\/p>\n\n\n\n<p style=\"font-size:14px\">von <a href=\"https:\/\/www.zhaw.ch\/de\/ueber-uns\/person\/zamp\/\" target=\"_blank\" rel=\"noopener noreferrer\">Dr. Marta Zampa<\/a>, Wissenschaftliche Mitarbeiterin IAM<\/p>\n\n\n\n<h2 class=\"wp-block-heading\">Erforschen \u2026<\/h2>\n\n\n\n<p>Seit 2012 ist Argumentation in redaktionellen Interaktionen Untersuchungsgegenstand am IAM. Wie NachrichtenjournalistInnen argumentieren, war das Hauptaugenmerk des Nationalsfonds-Projekts \u201eArgumentation in newsmaking process and product\u201c, welches das IAM zusammen mit der Universit\u00e0 della Svizzera italiana (Lugano) und der Universit\u00e4t Lausanne durchf\u00fchrte. Das Projekt hat gezeigt, wie Journalisten an allen Schnittstellen ihrer Arbeit \u00fcber ihre Entscheidungen argumentieren: in Redaktionssitzungen, in Unterhaltungen am Schnittplatz, aber auch mit sich selbst, w\u00e4hrend sie schreiben. Die Forschungsergebnisse wurden an zahlreichen Tagungen pr\u00e4sentiert und werden in <a rel=\"noopener noreferrer\" href=\"https:\/\/www.zhaw.ch\/de\/ueber-uns\/person\/zamp\/\" target=\"_blank\">Marta Zampas<\/a> Dissertation \u201cNews values as endoxa of newsmaking. An investigation of argumentative practices in the newsroom\u201d systematisch dargestellt. Einen Ausschnitt der Forschung stellt eine Sonderausgabe der Zeitschrift <a rel=\"noopener noreferrer\" href=\"https:\/\/benjamins.com\/#catalog\/journals\/jaic\/main\" target=\"_blank\">\u201eJournal of Argumentation in Context\u201c\u00a0<\/a>vor.<\/p>\n\n\n\n<h2 class=\"wp-block-heading\">\u2026 f\u00fcr Theorie \u2026<\/h2>\n\n\n\n<p>Um das Zusammenspiel von Argumentation und Narration auszuleuchten, haben nun <a rel=\"noopener noreferrer\" href=\"https:\/\/www.zhaw.ch\/de\/ueber-uns\/person\/pdan\/\" target=\"_blank\">Daniel Perrin <\/a>und Marta Zampa einen <a rel=\"noopener noreferrer\" href=\"http:\/\/www.journals.elsevier.com\/studies-in-communication-sciences\/call-for-papers\/beyond-the-myth-of-journalistic-storytelling-why-a-narrative\" target=\"_blank\">Call for Papers<\/a>\u00a0von f\u00fcr ein Sonderheft der Zeitschrift \u201c<a rel=\"noopener noreferrer\" href=\"http:\/\/www.journals.elsevier.com\/studies-in-communication-sciences\" target=\"_blank\">Studies in Communication Sciences<\/a>\u201d\u00a0ver\u00f6ffentlicht. Ziel ist, in f\u00fcnf bis sieben dichten Beitr\u00e4gen Ursprung, Gr\u00fcnde und Beschr\u00e4nkungen der traditionellen Auffassung von Journalismus als Storytelling aufzuzeigen und zu diskutieren.<\/p>\n\n\n\n<h2 class=\"wp-block-heading\">\u2026 und Praxis<\/h2>\n\n\n\n<p>Seit dem Fr\u00fchlingsemester 2016 ist dieses Thema zudem Teil des Lehrangebotes am IAM. Marta Zampa und <a rel=\"noopener noreferrer\" href=\"https:\/\/www.zhaw.ch\/de\/ueber-uns\/person\/gnaa\/\" target=\"_blank\">Aleksandra Gnach <\/a>bieten das MeFo Seminar \u201cArgumentieren und entscheiden in Journalismus und Organisationskommunikation\u201c an. Bachelorstudierende haben somit die Gelegenheit, die Grundlagen der Argumentationstheorie zu lernen und unmittelbar f\u00fcr die Analyse von Entscheidungsprozessen in Redaktionen anzuwenden. Lisa Aeschlimann, Bachelorstudentin, sagt es so: \u201eGut argumentieren zu k\u00f6nnen ist eine wichtige Kernkompetenz f\u00fcr Journalistinnen und Kommunikatoren. Der Kurs hilft, sich seiner eigenen Argumentation bewusster zu werden und die Argumente anderer besser zu verstehen.\u201c<\/p>\n\n\n\n<div class=\"wp-block-image\"><figure class=\"aligncenter\"><a href=\"http:\/\/blog.zhaw.ch\/vis-a-vis\/files\/2016\/06\/zamp.jpg\"><img decoding=\"async\" src=\"http:\/\/blog.zhaw.ch\/vis-a-vis\/files\/2016\/06\/zamp.jpg\" alt=\"marta zampa\" class=\"wp-image-1616\" \/><\/a><figcaption>Dr. Marta Zampa ist seit September 2015 Wissenschaftliche Mitarbeiterin am IAM.<\/figcaption><\/figure><\/div>\n<div class=\"pt-sm\">Schlagw\u00f6rter: <a href=\"http:\/\/blog.zhaw.ch\/languagematters\/tag\/iam\/\">IAM Institut f\u00fcr Angewandte Medienwissenschaft<\/a><br><\/div>","protected":false},"excerpt":{"rendered":"<p>Themen ausw\u00e4hlen, Geschichten gestalten, Rollen verteilen, Priorit\u00e4ten setzen, Vor- und Nachteile abw\u00e4gen, und all dies unter Zeit- und Leistungsdruck: Aus diesen und anderen Aufgaben besteht die t\u00e4gliche Arbeit von Journalisten, sowohl in traditionellen als auch in Onlinemedien. Der Prozess der Nachrichtenherstellung stellt eine immer komplexere Herausforderung f\u00fcr Medienschaffende dar \u2013&nbsp;und damit auch ein spannendes Forschungsfeld. [&hellip;]<\/p>\n","protected":false},"author":2,"featured_media":0,"comment_status":"open","ping_status":"open","sticky":false,"template":"","format":"standard","meta":{"ngg_post_thumbnail":0,"footnotes":""},"categories":[203,201],"tags":[200],"features":[],"class_list":["post-1610","post","type-post","status-publish","format-standard","hentry","category-forschung","category-studium","tag-iam"],"yoast_head":"<!-- This site is optimized with the Yoast SEO Premium plugin v27.2 (Yoast SEO v27.2) - https:\/\/yoast.com\/product\/yoast-seo-premium-wordpress\/ -->\n<title>Aus gutem Grund: Public Storytelling und Argumentation - Language matters.<\/title>\n<meta name=\"robots\" content=\"index, follow, max-snippet:-1, max-image-preview:large, max-video-preview:-1\" \/>\n<link rel=\"canonical\" href=\"https:\/\/blog.zhaw.ch\/languagematters\/2016\/07\/05\/aus-gutem-grund-public-storytelling-und-argumentation\/\" \/>\n<meta property=\"og:locale\" content=\"de_DE\" \/>\n<meta property=\"og:type\" content=\"article\" \/>\n<meta property=\"og:title\" content=\"Aus gutem Grund: Public Storytelling und Argumentation\" \/>\n<meta property=\"og:description\" content=\"Themen ausw\u00e4hlen, Geschichten gestalten, Rollen verteilen, Priorit\u00e4ten setzen, Vor- und Nachteile abw\u00e4gen, und all dies unter Zeit- und Leistungsdruck: Aus diesen und anderen Aufgaben besteht die t\u00e4gliche Arbeit von Journalisten, sowohl in traditionellen als auch in Onlinemedien. Der Prozess der Nachrichtenherstellung stellt eine immer komplexere Herausforderung f\u00fcr Medienschaffende dar \u2013&nbsp;und damit auch ein spannendes Forschungsfeld. [&hellip;]\" \/>\n<meta property=\"og:url\" content=\"https:\/\/blog.zhaw.ch\/languagematters\/2016\/07\/05\/aus-gutem-grund-public-storytelling-und-argumentation\/\" \/>\n<meta property=\"og:site_name\" content=\"Language matters.\" \/>\n<meta property=\"article:published_time\" content=\"2016-07-05T07:09:55+00:00\" \/>\n<meta property=\"article:modified_time\" content=\"2024-08-16T07:14:57+00:00\" \/>\n<meta property=\"og:image\" content=\"http:\/\/blog.zhaw.ch\/languagematters\/files\/2016\/06\/luca-della-robbia.jpg\" \/>\n\t<meta property=\"og:image:width\" content=\"1024\" \/>\n\t<meta property=\"og:image:height\" content=\"967\" \/>\n\t<meta property=\"og:image:type\" content=\"image\/jpeg\" \/>\n<meta name=\"author\" content=\"Wolfgang Stettller\" \/>\n<meta name=\"twitter:card\" content=\"summary_large_image\" \/>\n<meta name=\"twitter:label1\" content=\"Verfasst von\" \/>\n\t<meta name=\"twitter:data1\" content=\"Wolfgang Stettller\" \/>\n\t<meta name=\"twitter:label2\" content=\"Gesch\u00e4tzte Lesezeit\" \/>\n\t<meta name=\"twitter:data2\" content=\"2\u00a0Minuten\" \/>\n<script type=\"application\/ld+json\" class=\"yoast-schema-graph\">{\"@context\":\"https:\/\/schema.org\",\"@graph\":[{\"@type\":\"Article\",\"@id\":\"https:\/\/blog.zhaw.ch\/languagematters\/2016\/07\/05\/aus-gutem-grund-public-storytelling-und-argumentation\/#article\",\"isPartOf\":{\"@id\":\"https:\/\/blog.zhaw.ch\/languagematters\/2016\/07\/05\/aus-gutem-grund-public-storytelling-und-argumentation\/\"},\"author\":{\"name\":\"Wolfgang Stettller\",\"@id\":\"https:\/\/blog.zhaw.ch\/languagematters\/#\/schema\/person\/1629e1adf2b860564fd0700a7874f529\"},\"headline\":\"Aus gutem Grund: Public Storytelling und Argumentation\",\"datePublished\":\"2016-07-05T07:09:55+00:00\",\"dateModified\":\"2024-08-16T07:14:57+00:00\",\"mainEntityOfPage\":{\"@id\":\"https:\/\/blog.zhaw.ch\/languagematters\/2016\/07\/05\/aus-gutem-grund-public-storytelling-und-argumentation\/\"},\"wordCount\":395,\"commentCount\":0,\"image\":{\"@id\":\"https:\/\/blog.zhaw.ch\/languagematters\/2016\/07\/05\/aus-gutem-grund-public-storytelling-und-argumentation\/#primaryimage\"},\"thumbnailUrl\":\"http:\/\/blog.zhaw.ch\/vis-a-vis\/files\/2016\/06\/zamp.jpg\",\"keywords\":[\"IAM Institut f\u00fcr Angewandte Medienwissenschaft\"],\"articleSection\":[\"Forschung\",\"Studium\"],\"inLanguage\":\"de\",\"potentialAction\":[{\"@type\":\"CommentAction\",\"name\":\"Comment\",\"target\":[\"https:\/\/blog.zhaw.ch\/languagematters\/2016\/07\/05\/aus-gutem-grund-public-storytelling-und-argumentation\/#respond\"]}]},{\"@type\":\"WebPage\",\"@id\":\"https:\/\/blog.zhaw.ch\/languagematters\/2016\/07\/05\/aus-gutem-grund-public-storytelling-und-argumentation\/\",\"url\":\"https:\/\/blog.zhaw.ch\/languagematters\/2016\/07\/05\/aus-gutem-grund-public-storytelling-und-argumentation\/\",\"name\":\"Aus gutem Grund: Public Storytelling und Argumentation - Language matters.\",\"isPartOf\":{\"@id\":\"https:\/\/blog.zhaw.ch\/languagematters\/#website\"},\"primaryImageOfPage\":{\"@id\":\"https:\/\/blog.zhaw.ch\/languagematters\/2016\/07\/05\/aus-gutem-grund-public-storytelling-und-argumentation\/#primaryimage\"},\"image\":{\"@id\":\"https:\/\/blog.zhaw.ch\/languagematters\/2016\/07\/05\/aus-gutem-grund-public-storytelling-und-argumentation\/#primaryimage\"},\"thumbnailUrl\":\"http:\/\/blog.zhaw.ch\/vis-a-vis\/files\/2016\/06\/zamp.jpg\",\"datePublished\":\"2016-07-05T07:09:55+00:00\",\"dateModified\":\"2024-08-16T07:14:57+00:00\",\"author\":{\"@id\":\"https:\/\/blog.zhaw.ch\/languagematters\/#\/schema\/person\/1629e1adf2b860564fd0700a7874f529\"},\"breadcrumb\":{\"@id\":\"https:\/\/blog.zhaw.ch\/languagematters\/2016\/07\/05\/aus-gutem-grund-public-storytelling-und-argumentation\/#breadcrumb\"},\"inLanguage\":\"de\",\"potentialAction\":[{\"@type\":\"ReadAction\",\"target\":[\"https:\/\/blog.zhaw.ch\/languagematters\/2016\/07\/05\/aus-gutem-grund-public-storytelling-und-argumentation\/\"]}]},{\"@type\":\"ImageObject\",\"inLanguage\":\"de\",\"@id\":\"https:\/\/blog.zhaw.ch\/languagematters\/2016\/07\/05\/aus-gutem-grund-public-storytelling-und-argumentation\/#primaryimage\",\"url\":\"http:\/\/blog.zhaw.ch\/vis-a-vis\/files\/2016\/06\/zamp.jpg\",\"contentUrl\":\"http:\/\/blog.zhaw.ch\/vis-a-vis\/files\/2016\/06\/zamp.jpg\"},{\"@type\":\"BreadcrumbList\",\"@id\":\"https:\/\/blog.zhaw.ch\/languagematters\/2016\/07\/05\/aus-gutem-grund-public-storytelling-und-argumentation\/#breadcrumb\",\"itemListElement\":[{\"@type\":\"ListItem\",\"position\":1,\"name\":\"Startseite\",\"item\":\"https:\/\/blog.zhaw.ch\/languagematters\/\"},{\"@type\":\"ListItem\",\"position\":2,\"name\":\"Aus gutem Grund: Public Storytelling und Argumentation\"}]},{\"@type\":\"WebSite\",\"@id\":\"https:\/\/blog.zhaw.ch\/languagematters\/#website\",\"url\":\"https:\/\/blog.zhaw.ch\/languagematters\/\",\"name\":\"Language matters.\",\"description\":\"Ein Blog der ZHAW Z\u00fcrcher Hochschule f\u00fcr Angewandte Wissenschaften\",\"potentialAction\":[{\"@type\":\"SearchAction\",\"target\":{\"@type\":\"EntryPoint\",\"urlTemplate\":\"https:\/\/blog.zhaw.ch\/languagematters\/?s={search_term_string}\"},\"query-input\":{\"@type\":\"PropertyValueSpecification\",\"valueRequired\":true,\"valueName\":\"search_term_string\"}}],\"inLanguage\":\"de\"},{\"@type\":\"Person\",\"@id\":\"https:\/\/blog.zhaw.ch\/languagematters\/#\/schema\/person\/1629e1adf2b860564fd0700a7874f529\",\"name\":\"Wolfgang Stettller\",\"image\":{\"@type\":\"ImageObject\",\"inLanguage\":\"de\",\"@id\":\"https:\/\/secure.gravatar.com\/avatar\/b5566f4990d3b36cc483525db6de78b094d30d8aec86e6cbf33cc0a7b013866e?s=96&d=mm&r=g\",\"url\":\"https:\/\/secure.gravatar.com\/avatar\/b5566f4990d3b36cc483525db6de78b094d30d8aec86e6cbf33cc0a7b013866e?s=96&d=mm&r=g\",\"contentUrl\":\"https:\/\/secure.gravatar.com\/avatar\/b5566f4990d3b36cc483525db6de78b094d30d8aec86e6cbf33cc0a7b013866e?s=96&d=mm&r=g\",\"caption\":\"Wolfgang Stettller\"},\"url\":\"https:\/\/blog.zhaw.ch\/languagematters\/author\/stew\/\"}]}<\/script>\n<!-- \/ Yoast SEO Premium plugin. -->","yoast_head_json":{"title":"Aus gutem Grund: Public Storytelling und Argumentation - Language matters.","robots":{"index":"index","follow":"follow","max-snippet":"max-snippet:-1","max-image-preview":"max-image-preview:large","max-video-preview":"max-video-preview:-1"},"canonical":"https:\/\/blog.zhaw.ch\/languagematters\/2016\/07\/05\/aus-gutem-grund-public-storytelling-und-argumentation\/","og_locale":"de_DE","og_type":"article","og_title":"Aus gutem Grund: Public Storytelling und Argumentation","og_description":"Themen ausw\u00e4hlen, Geschichten gestalten, Rollen verteilen, Priorit\u00e4ten setzen, Vor- und Nachteile abw\u00e4gen, und all dies unter Zeit- und Leistungsdruck: Aus diesen und anderen Aufgaben besteht die t\u00e4gliche Arbeit von Journalisten, sowohl in traditionellen als auch in Onlinemedien. Der Prozess der Nachrichtenherstellung stellt eine immer komplexere Herausforderung f\u00fcr Medienschaffende dar \u2013&nbsp;und damit auch ein spannendes Forschungsfeld. [&hellip;]","og_url":"https:\/\/blog.zhaw.ch\/languagematters\/2016\/07\/05\/aus-gutem-grund-public-storytelling-und-argumentation\/","og_site_name":"Language matters.","article_published_time":"2016-07-05T07:09:55+00:00","article_modified_time":"2024-08-16T07:14:57+00:00","og_image":[{"width":1024,"height":967,"url":"http:\/\/blog.zhaw.ch\/languagematters\/files\/2016\/06\/luca-della-robbia.jpg","type":"image\/jpeg"}],"author":"Wolfgang Stettller","twitter_card":"summary_large_image","twitter_misc":{"Verfasst von":"Wolfgang Stettller","Gesch\u00e4tzte Lesezeit":"2\u00a0Minuten"},"schema":{"@context":"https:\/\/schema.org","@graph":[{"@type":"Article","@id":"https:\/\/blog.zhaw.ch\/languagematters\/2016\/07\/05\/aus-gutem-grund-public-storytelling-und-argumentation\/#article","isPartOf":{"@id":"https:\/\/blog.zhaw.ch\/languagematters\/2016\/07\/05\/aus-gutem-grund-public-storytelling-und-argumentation\/"},"author":{"name":"Wolfgang Stettller","@id":"https:\/\/blog.zhaw.ch\/languagematters\/#\/schema\/person\/1629e1adf2b860564fd0700a7874f529"},"headline":"Aus gutem Grund: Public Storytelling und Argumentation","datePublished":"2016-07-05T07:09:55+00:00","dateModified":"2024-08-16T07:14:57+00:00","mainEntityOfPage":{"@id":"https:\/\/blog.zhaw.ch\/languagematters\/2016\/07\/05\/aus-gutem-grund-public-storytelling-und-argumentation\/"},"wordCount":395,"commentCount":0,"image":{"@id":"https:\/\/blog.zhaw.ch\/languagematters\/2016\/07\/05\/aus-gutem-grund-public-storytelling-und-argumentation\/#primaryimage"},"thumbnailUrl":"http:\/\/blog.zhaw.ch\/vis-a-vis\/files\/2016\/06\/zamp.jpg","keywords":["IAM Institut f\u00fcr Angewandte Medienwissenschaft"],"articleSection":["Forschung","Studium"],"inLanguage":"de","potentialAction":[{"@type":"CommentAction","name":"Comment","target":["https:\/\/blog.zhaw.ch\/languagematters\/2016\/07\/05\/aus-gutem-grund-public-storytelling-und-argumentation\/#respond"]}]},{"@type":"WebPage","@id":"https:\/\/blog.zhaw.ch\/languagematters\/2016\/07\/05\/aus-gutem-grund-public-storytelling-und-argumentation\/","url":"https:\/\/blog.zhaw.ch\/languagematters\/2016\/07\/05\/aus-gutem-grund-public-storytelling-und-argumentation\/","name":"Aus gutem Grund: Public Storytelling und Argumentation - Language matters.","isPartOf":{"@id":"https:\/\/blog.zhaw.ch\/languagematters\/#website"},"primaryImageOfPage":{"@id":"https:\/\/blog.zhaw.ch\/languagematters\/2016\/07\/05\/aus-gutem-grund-public-storytelling-und-argumentation\/#primaryimage"},"image":{"@id":"https:\/\/blog.zhaw.ch\/languagematters\/2016\/07\/05\/aus-gutem-grund-public-storytelling-und-argumentation\/#primaryimage"},"thumbnailUrl":"http:\/\/blog.zhaw.ch\/vis-a-vis\/files\/2016\/06\/zamp.jpg","datePublished":"2016-07-05T07:09:55+00:00","dateModified":"2024-08-16T07:14:57+00:00","author":{"@id":"https:\/\/blog.zhaw.ch\/languagematters\/#\/schema\/person\/1629e1adf2b860564fd0700a7874f529"},"breadcrumb":{"@id":"https:\/\/blog.zhaw.ch\/languagematters\/2016\/07\/05\/aus-gutem-grund-public-storytelling-und-argumentation\/#breadcrumb"},"inLanguage":"de","potentialAction":[{"@type":"ReadAction","target":["https:\/\/blog.zhaw.ch\/languagematters\/2016\/07\/05\/aus-gutem-grund-public-storytelling-und-argumentation\/"]}]},{"@type":"ImageObject","inLanguage":"de","@id":"https:\/\/blog.zhaw.ch\/languagematters\/2016\/07\/05\/aus-gutem-grund-public-storytelling-und-argumentation\/#primaryimage","url":"http:\/\/blog.zhaw.ch\/vis-a-vis\/files\/2016\/06\/zamp.jpg","contentUrl":"http:\/\/blog.zhaw.ch\/vis-a-vis\/files\/2016\/06\/zamp.jpg"},{"@type":"BreadcrumbList","@id":"https:\/\/blog.zhaw.ch\/languagematters\/2016\/07\/05\/aus-gutem-grund-public-storytelling-und-argumentation\/#breadcrumb","itemListElement":[{"@type":"ListItem","position":1,"name":"Startseite","item":"https:\/\/blog.zhaw.ch\/languagematters\/"},{"@type":"ListItem","position":2,"name":"Aus gutem Grund: Public Storytelling und Argumentation"}]},{"@type":"WebSite","@id":"https:\/\/blog.zhaw.ch\/languagematters\/#website","url":"https:\/\/blog.zhaw.ch\/languagematters\/","name":"Language matters.","description":"Ein Blog der ZHAW Z\u00fcrcher Hochschule f\u00fcr Angewandte Wissenschaften","potentialAction":[{"@type":"SearchAction","target":{"@type":"EntryPoint","urlTemplate":"https:\/\/blog.zhaw.ch\/languagematters\/?s={search_term_string}"},"query-input":{"@type":"PropertyValueSpecification","valueRequired":true,"valueName":"search_term_string"}}],"inLanguage":"de"},{"@type":"Person","@id":"https:\/\/blog.zhaw.ch\/languagematters\/#\/schema\/person\/1629e1adf2b860564fd0700a7874f529","name":"Wolfgang Stettller","image":{"@type":"ImageObject","inLanguage":"de","@id":"https:\/\/secure.gravatar.com\/avatar\/b5566f4990d3b36cc483525db6de78b094d30d8aec86e6cbf33cc0a7b013866e?s=96&d=mm&r=g","url":"https:\/\/secure.gravatar.com\/avatar\/b5566f4990d3b36cc483525db6de78b094d30d8aec86e6cbf33cc0a7b013866e?s=96&d=mm&r=g","contentUrl":"https:\/\/secure.gravatar.com\/avatar\/b5566f4990d3b36cc483525db6de78b094d30d8aec86e6cbf33cc0a7b013866e?s=96&d=mm&r=g","caption":"Wolfgang Stettller"},"url":"https:\/\/blog.zhaw.ch\/languagematters\/author\/stew\/"}]}},"_links":{"self":[{"href":"https:\/\/blog.zhaw.ch\/languagematters\/wp-json\/wp\/v2\/posts\/1610","targetHints":{"allow":["GET"]}}],"collection":[{"href":"https:\/\/blog.zhaw.ch\/languagematters\/wp-json\/wp\/v2\/posts"}],"about":[{"href":"https:\/\/blog.zhaw.ch\/languagematters\/wp-json\/wp\/v2\/types\/post"}],"author":[{"embeddable":true,"href":"https:\/\/blog.zhaw.ch\/languagematters\/wp-json\/wp\/v2\/users\/2"}],"replies":[{"embeddable":true,"href":"https:\/\/blog.zhaw.ch\/languagematters\/wp-json\/wp\/v2\/comments?post=1610"}],"version-history":[{"count":3,"href":"https:\/\/blog.zhaw.ch\/languagematters\/wp-json\/wp\/v2\/posts\/1610\/revisions"}],"predecessor-version":[{"id":8840,"href":"https:\/\/blog.zhaw.ch\/languagematters\/wp-json\/wp\/v2\/posts\/1610\/revisions\/8840"}],"wp:attachment":[{"href":"https:\/\/blog.zhaw.ch\/languagematters\/wp-json\/wp\/v2\/media?parent=1610"}],"wp:term":[{"taxonomy":"category","embeddable":true,"href":"https:\/\/blog.zhaw.ch\/languagematters\/wp-json\/wp\/v2\/categories?post=1610"},{"taxonomy":"post_tag","embeddable":true,"href":"https:\/\/blog.zhaw.ch\/languagematters\/wp-json\/wp\/v2\/tags?post=1610"},{"taxonomy":"features","embeddable":true,"href":"https:\/\/blog.zhaw.ch\/languagematters\/wp-json\/wp\/v2\/features?post=1610"}],"curies":[{"name":"wp","href":"https:\/\/api.w.org\/{rel}","templated":true}]}}