{"id":15567,"date":"2023-12-07T08:17:02","date_gmt":"2023-12-07T07:17:02","guid":{"rendered":"https:\/\/blog.zhaw.ch\/languagematters\/?p=15567"},"modified":"2024-08-08T16:26:55","modified_gmt":"2024-08-08T14:26:55","slug":"rueckblick-sprachliche-integration","status":"publish","type":"post","link":"https:\/\/blog.zhaw.ch\/languagematters\/2023\/12\/07\/rueckblick-sprachliche-integration\/","title":{"rendered":"3 Jahre Sprachliche Integration: Ein Blick zur\u00fcck, ein Blick nach vorn"},"content":{"rendered":"\n<p><strong>Der Studiengang \u00abSprachliche Integration\u00bb feiert seinen dritten Geburtstag. Ein Anlass, der nicht nur nach vorne schauen l\u00e4sst, sondern auch dazu einl\u00e4dt, die vergangenen drei Jahre Revue passieren zu lassen. In einem Interview mit der Studiengangsleitung blicken wir deshalb auf pr\u00e4gende Momente zur\u00fcck, reflektieren Herausforderungen und werfen einen Blick in die Zukunft.<\/strong><\/p>\n\n\n\n<p class=\"has-small-font-size\">Autorin: Kyra Jetzer<\/p>\n\n\n\n<h2 class=\"wp-block-heading has-medium-font-size\" id=\"h-liebe-marina-lieber-oliver-vor-kurzem-haben-wieder-neue-studierende-gestartet-wie-ist-die-stimmung\"><strong>Liebe Marina, lieber Oliver vor Kurzem haben wieder neue Studierende gestartet, wie ist die Stimmung?<\/strong><\/h2>\n\n\n\n<p>Der Start war super. Wir sp\u00fcren wirklich, dass wir und die Dozierenden uns bereits eingespielt haben. Es war auch eine sehr sch\u00f6ne Einf\u00fchrungsveranstaltung f\u00fcr die neuen Studierenden, da wir bereits viel Erfahrung damit haben. Wir geben nur die notwendigen Informationen und stellen die Beziehung in den Vordergrund. Dies hat dazu gef\u00fchrt, dass sich sehr schnell eine tolle Gemeinschaft bildete, die ein Gef\u00fchl von Zugeh\u00f6rigkeit schafft \u2013 und das ist wirklich sch\u00f6n.<\/p>\n\n\n\n<h2 class=\"wp-block-heading has-medium-font-size\" id=\"h-die-ersten-absolvent-innen-sind-nun-in-der-berufswelt-wie-ist-das-fur-euch\"><strong>Die ersten Absolvent:innen sind nun in der Berufswelt, wie ist das f\u00fcr euch?<\/strong><\/h2>\n\n\n\n<p>Ganz toll. Das Besondere war, dass wir schon vor dem eigentlichen Abschluss die Sicherheit hatten, dass alle mit offenen H\u00e4nden auf dem Arbeitsmarkt empfangen wurden und schnell spannende Stellen gefunden haben. Dass einige ausserdem gleich schon Verantwortung \u00fcbernehmen d\u00fcrfen, zeigt, dass unser Konzept mit der praxisorientierten Lehre funktioniert.<\/p>\n\n\n\n<h2 class=\"wp-block-heading has-medium-font-size\" id=\"h-wie-hat-sich-der-studiengang-bis-jetzt-verandert\"><strong>Wie hat sich der Studiengang bis jetzt ver\u00e4ndert?<\/strong><\/h2>\n\n\n\n<p>Eine grosse Ver\u00e4nderung war wohl die Umstrukturierung des Teilzeitmodells. F\u00fcr Personen, die arbeitst\u00e4tig sind, war der Workload viel zu hoch \u2013 deshalb haben wir das neue Modell mit den wechselbaren Tracks geschaffen. So k\u00f6nnen Interessierte das Studien-Tempo selbst bestimmen und den pers\u00f6nlichen Lebensrealit\u00e4ten anpassen.<br><br>Des Weiteren haben sich auch die einzelnen Module weiterentwickelt, wir haben uns mit den technologischen Fortschritten wie KI auseinandergesetzt und M\u00f6glichkeiten gefunden, diese in die Lehre mit einzubeziehen.<\/p>\n\n\n\n<h2 class=\"wp-block-heading has-medium-font-size\" id=\"h-habt-ihr-einen-moment-der-euch-besonders-in-erinnerung-geblieben-ist\"><strong>Habt ihr einen Moment, der euch besonders in Erinnerung geblieben ist?<\/strong><\/h2>\n\n\n\n<p>Marina: Mir kommt direkt das Fest in den Sinn, das wir mit den jetzigen Absolvent:innen zum Abschluss ihres Studiums gemacht haben. Wir haben Pizza bestellt, Spiele gespielt und gemeinsam die letzten drei Jahre verabschiedet \u2013 ein sch\u00f6ner und pers\u00f6nlicher Moment, der gezeigt hat, wie fest alle zusammengewachsen sind.<br><br>Oliver: Als ein besonders pr\u00e4gendes Erlebnis habe ich die Coronapandemie empfunden. Ziemlich genau zum Start des Studiums hatten wir den ersten Ausbruch und mussten rasch L\u00f6sungen finden und Systeme umstellen. Das war sowohl f\u00fcr die Studierenden als auch f\u00fcr die Dozierenden eine Herausforderung \u2013 und f\u00fcr die Zusammenarbeit zwischen Marina und mir war es sozusagen die Feuerprobe. \ud83d\ude09<\/p>\n\n\n\n<h2 class=\"wp-block-heading has-medium-font-size\" id=\"h-vor-welche-herausforderungen-wurdet-ihr-gestellt-und-wie-habt-ihr-sie-gemeistert\"><strong>Vor welche Herausforderungen wurdet ihr gestellt und wie habt ihr sie gemeistert?<\/strong><\/h2>\n\n\n\n<p>Wie bereits erw\u00e4hnt, war Corona sehr herausfordernd \u2013 aber auch das Aufkommen von ChatGPT und \u00e4hnlichen Programmen war im Bildungsbereich ein krasser Schlag, auf den wir reagieren mussten. Zusammen mit dem Institut und den Dozierenden haben wir schliesslich M\u00f6glichkeiten evaluiert, wie wir KI in die Lehre integrieren k\u00f6nnen, um den Studierenden den Umgang damit beizubringen \u2013 damit sind wir nat\u00fcrlich noch nicht am Ende.<\/p>\n\n\n\n<h2 class=\"wp-block-heading has-medium-font-size\" id=\"h-was-hat-die-position-der-studiengangsleitung-mit-euch-personlich-gemacht-was-waren-eure-learnings\"><strong>Was hat die Position der Studiengangsleitung mit euch pers\u00f6nlich gemacht? Was waren eure Learnings?<\/strong><\/h2>\n\n\n\n<p>Oliver: Ich habe sicherlich gelernt, besser mit belastenden Situationen umzugehen. Es ist nicht immer einfach, die Bed\u00fcrfnisse aller Beteiligten zu sehen, darauf einzugehen und sich dabei selbst an der Oberfl\u00e4che zu halten und zufrieden zu bleiben.<br><br>Marina: Alles in allem haben wir sicher gelernt, gelassener zu sein. Wir haben aber auch gesp\u00fcrt, wie wertvoll ein guter Zusammenhalt im Team ist und dass es wichtig ist, den Humor zu behalten.<br><br>Oliver: Ja, der ist definitiv wichtig.<\/p>\n\n\n\n<h2 class=\"wp-block-heading has-medium-font-size\" id=\"h-wagen-wir-einen-blick-in-die-zukunft-wo-seht-ihr-den-studiengang-sprachliche-integration-in-ein-paar-jahren\"><strong>Wagen wir einen Blick in die Zukunft \u2013 wo seht ihr den Studiengang \u00abSprachliche Integration\u00bb in ein paar Jahren?<\/strong><\/h2>\n\n\n\n<p>Unser Ziel ist es auf jeden Fall, unseren Studiengang in diesem Feld zu verankern und mehr Leute daf\u00fcr zu begeistern, Sprache und soziales Engagement zu verbinden. Ebenso legen wir grossen Wert auf die Erweiterung unseres jetzt schon beachtlichen Praxisnetzwerkes \u2013 vielleicht auch mit einem Event, um Erfahrungen auszutauschen und Potenziale zu entdecken.<\/p>\n\n\n\n<h2 class=\"wp-block-heading has-medium-font-size\" id=\"h-was-macht-den-studiengang-sprachliche-integration-aus\"><strong>Was macht den Studiengang \u00abSprachliche Integration\u00bb aus?<\/strong><\/h2>\n\n\n\n<p>Es ist ein kleiner Studiengang, der mit sehr viel Herzblut agiert \u2013 von uns, den Dozierenden, aber auch den Studierenden aus. Unsere Absolvent:innen sind Expert:innen der Sprachvermittlung im Integrationsbereich, haben Kenntnisse in Sprachbildungsmanagement und Sprachcoaching und k\u00f6nnen so das Praxisfeld mit einer reflektierten und kompetenten Art sowie mit ihrer professionellen Haltung nachhaltig mitgestalten. Auch international k\u00f6nnen sie einen Beitrag f\u00fcr die Bedeutung und Verankerung des Deutschen leisten. Es geht bei uns darum, den gesellschaftlichen Zusammenhalt zu st\u00e4rken und Werte weiterzutragen \u2013 diese Sinnhaftigkeit ist das, was uns alle motiviert und vorantreibt.<\/p>\n\n\n\n<figure class=\"wp-block-image\"><img decoding=\"async\" src=\"https:\/\/blog.zhaw.ch\/languagematters\/files\/2022\/10\/2020_02_Blogfooter_BA-SI.gif\" alt=\"Dieses Bild hat ein leeres Alt-Attribut. Der Dateiname ist 2020_02_Blogfooter_BA-SI.gif\" \/><\/figure>\n<div class=\"pt-sm\">Schlagw\u00f6rter: <a href=\"http:\/\/blog.zhaw.ch\/languagematters\/tag\/bachelor-sprachliche-integration\/\">Bachelor Sprachliche Integration<\/a>, <a href=\"http:\/\/blog.zhaw.ch\/languagematters\/tag\/ilc\/\">ILC Institute of Language Competence<\/a>, <a href=\"http:\/\/blog.zhaw.ch\/languagematters\/tag\/sprachliche-integration\/\">Sprachliche Integration<\/a>, <a href=\"http:\/\/blog.zhaw.ch\/languagematters\/tag\/webeinzug-ba-si\/\">Webeinzug BA SI<\/a><br><\/div>","protected":false},"excerpt":{"rendered":"<p>Der Studiengang \u00abSprachliche Integration\u00bb feiert seinen dritten Geburtstag. Ein Anlass, der nicht nur nach vorne schauen l\u00e4sst, sondern auch dazu einl\u00e4dt, die vergangenen drei Jahre Revue passieren zu lassen. In einem Interview mit der Studiengangsleitung blicken wir deshalb auf pr\u00e4gende Momente zur\u00fcck, reflektieren Herausforderungen und werfen einen Blick in die Zukunft.<\/p>\n","protected":false},"author":477,"featured_media":15569,"comment_status":"open","ping_status":"open","sticky":false,"template":"","format":"standard","meta":{"ngg_post_thumbnail":0,"footnotes":""},"categories":[201],"tags":[259,218,257,407],"features":[],"class_list":["post-15567","post","type-post","status-publish","format-standard","has-post-thumbnail","hentry","category-studium","tag-bachelor-sprachliche-integration","tag-ilc","tag-sprachliche-integration","tag-webeinzug-ba-si"],"yoast_head":"<!-- This site is optimized with the Yoast SEO Premium plugin v27.2 (Yoast SEO v27.2) - https:\/\/yoast.com\/product\/yoast-seo-premium-wordpress\/ -->\n<title>3 Jahre Sprachliche Integration: R\u00fcckblick und Ausblick<\/title>\n<meta name=\"description\" content=\"3 Jahre Bachelor Sprachliche Integration: Pr\u00e4gende Momente, Herausforderungen und ein Blick in die Zukunft mit der Studiengangsleitung.\" \/>\n<meta name=\"robots\" content=\"index, follow, max-snippet:-1, max-image-preview:large, max-video-preview:-1\" \/>\n<link rel=\"canonical\" href=\"https:\/\/blog.zhaw.ch\/languagematters\/2023\/12\/07\/rueckblick-sprachliche-integration\/\" \/>\n<meta property=\"og:locale\" content=\"de_DE\" \/>\n<meta property=\"og:type\" content=\"article\" \/>\n<meta property=\"og:title\" content=\"3 Jahre Sprachliche Integration: Ein Blick zur\u00fcck, ein Blick nach vorn\" \/>\n<meta property=\"og:description\" content=\"3 Jahre Bachelor Sprachliche Integration: Pr\u00e4gende Momente, Herausforderungen und ein Blick in die Zukunft mit der Studiengangsleitung.\" \/>\n<meta property=\"og:url\" content=\"https:\/\/blog.zhaw.ch\/languagematters\/2023\/12\/07\/rueckblick-sprachliche-integration\/\" \/>\n<meta property=\"og:site_name\" content=\"Language matters.\" \/>\n<meta property=\"article:published_time\" content=\"2023-12-07T07:17:02+00:00\" \/>\n<meta property=\"article:modified_time\" content=\"2024-08-08T14:26:55+00:00\" \/>\n<meta property=\"og:image\" content=\"http:\/\/blog.zhaw.ch\/languagematters\/files\/2023\/12\/Ruckblick_BA_SIblog.jpg\" \/>\n\t<meta property=\"og:image:width\" content=\"1800\" \/>\n\t<meta property=\"og:image:height\" content=\"1200\" \/>\n\t<meta property=\"og:image:type\" content=\"image\/jpeg\" \/>\n<meta name=\"author\" content=\"ZHAW Language matters\" \/>\n<meta name=\"twitter:card\" content=\"summary_large_image\" \/>\n<meta name=\"twitter:label1\" content=\"Verfasst von\" \/>\n\t<meta name=\"twitter:data1\" content=\"ZHAW Language matters\" \/>\n\t<meta name=\"twitter:label2\" content=\"Gesch\u00e4tzte Lesezeit\" \/>\n\t<meta name=\"twitter:data2\" content=\"5\u00a0Minuten\" \/>\n<script type=\"application\/ld+json\" class=\"yoast-schema-graph\">{\"@context\":\"https:\/\/schema.org\",\"@graph\":[{\"@type\":\"Article\",\"@id\":\"https:\/\/blog.zhaw.ch\/languagematters\/2023\/12\/07\/rueckblick-sprachliche-integration\/#article\",\"isPartOf\":{\"@id\":\"https:\/\/blog.zhaw.ch\/languagematters\/2023\/12\/07\/rueckblick-sprachliche-integration\/\"},\"author\":{\"name\":\"ZHAW Language matters\",\"@id\":\"https:\/\/blog.zhaw.ch\/languagematters\/#\/schema\/person\/aa084f536a466bb6435a802f4606646b\"},\"headline\":\"3 Jahre Sprachliche Integration: Ein Blick zur\u00fcck, ein Blick nach vorn\",\"datePublished\":\"2023-12-07T07:17:02+00:00\",\"dateModified\":\"2024-08-08T14:26:55+00:00\",\"mainEntityOfPage\":{\"@id\":\"https:\/\/blog.zhaw.ch\/languagematters\/2023\/12\/07\/rueckblick-sprachliche-integration\/\"},\"wordCount\":779,\"commentCount\":0,\"image\":{\"@id\":\"https:\/\/blog.zhaw.ch\/languagematters\/2023\/12\/07\/rueckblick-sprachliche-integration\/#primaryimage\"},\"thumbnailUrl\":\"https:\/\/blog.zhaw.ch\/languagematters\/files\/2023\/12\/Ruckblick_BA_SIblog.jpg\",\"keywords\":[\"Bachelor Sprachliche Integration\",\"ILC Institute of Language Competence\",\"Sprachliche Integration\",\"Webeinzug BA SI\"],\"articleSection\":[\"Studium\"],\"inLanguage\":\"de\",\"potentialAction\":[{\"@type\":\"CommentAction\",\"name\":\"Comment\",\"target\":[\"https:\/\/blog.zhaw.ch\/languagematters\/2023\/12\/07\/rueckblick-sprachliche-integration\/#respond\"]}]},{\"@type\":\"WebPage\",\"@id\":\"https:\/\/blog.zhaw.ch\/languagematters\/2023\/12\/07\/rueckblick-sprachliche-integration\/\",\"url\":\"https:\/\/blog.zhaw.ch\/languagematters\/2023\/12\/07\/rueckblick-sprachliche-integration\/\",\"name\":\"3 Jahre Sprachliche Integration: R\u00fcckblick und Ausblick\",\"isPartOf\":{\"@id\":\"https:\/\/blog.zhaw.ch\/languagematters\/#website\"},\"primaryImageOfPage\":{\"@id\":\"https:\/\/blog.zhaw.ch\/languagematters\/2023\/12\/07\/rueckblick-sprachliche-integration\/#primaryimage\"},\"image\":{\"@id\":\"https:\/\/blog.zhaw.ch\/languagematters\/2023\/12\/07\/rueckblick-sprachliche-integration\/#primaryimage\"},\"thumbnailUrl\":\"https:\/\/blog.zhaw.ch\/languagematters\/files\/2023\/12\/Ruckblick_BA_SIblog.jpg\",\"datePublished\":\"2023-12-07T07:17:02+00:00\",\"dateModified\":\"2024-08-08T14:26:55+00:00\",\"author\":{\"@id\":\"https:\/\/blog.zhaw.ch\/languagematters\/#\/schema\/person\/aa084f536a466bb6435a802f4606646b\"},\"description\":\"3 Jahre Bachelor Sprachliche Integration: Pr\u00e4gende Momente, Herausforderungen und ein Blick in die Zukunft mit der Studiengangsleitung.\",\"breadcrumb\":{\"@id\":\"https:\/\/blog.zhaw.ch\/languagematters\/2023\/12\/07\/rueckblick-sprachliche-integration\/#breadcrumb\"},\"inLanguage\":\"de\",\"potentialAction\":[{\"@type\":\"ReadAction\",\"target\":[\"https:\/\/blog.zhaw.ch\/languagematters\/2023\/12\/07\/rueckblick-sprachliche-integration\/\"]}]},{\"@type\":\"ImageObject\",\"inLanguage\":\"de\",\"@id\":\"https:\/\/blog.zhaw.ch\/languagematters\/2023\/12\/07\/rueckblick-sprachliche-integration\/#primaryimage\",\"url\":\"https:\/\/blog.zhaw.ch\/languagematters\/files\/2023\/12\/Ruckblick_BA_SIblog.jpg\",\"contentUrl\":\"https:\/\/blog.zhaw.ch\/languagematters\/files\/2023\/12\/Ruckblick_BA_SIblog.jpg\",\"width\":1800,\"height\":1200,\"caption\":\"Bachelor Sprachliche Integration, R\u00fcckblick und Blick in die Zukunft\"},{\"@type\":\"BreadcrumbList\",\"@id\":\"https:\/\/blog.zhaw.ch\/languagematters\/2023\/12\/07\/rueckblick-sprachliche-integration\/#breadcrumb\",\"itemListElement\":[{\"@type\":\"ListItem\",\"position\":1,\"name\":\"Startseite\",\"item\":\"https:\/\/blog.zhaw.ch\/languagematters\/\"},{\"@type\":\"ListItem\",\"position\":2,\"name\":\"3 Jahre Sprachliche Integration: Ein Blick zur\u00fcck, ein Blick nach vorn\"}]},{\"@type\":\"WebSite\",\"@id\":\"https:\/\/blog.zhaw.ch\/languagematters\/#website\",\"url\":\"https:\/\/blog.zhaw.ch\/languagematters\/\",\"name\":\"Language matters.\",\"description\":\"Ein Blog der ZHAW Z\u00fcrcher Hochschule f\u00fcr Angewandte Wissenschaften\",\"potentialAction\":[{\"@type\":\"SearchAction\",\"target\":{\"@type\":\"EntryPoint\",\"urlTemplate\":\"https:\/\/blog.zhaw.ch\/languagematters\/?s={search_term_string}\"},\"query-input\":{\"@type\":\"PropertyValueSpecification\",\"valueRequired\":true,\"valueName\":\"search_term_string\"}}],\"inLanguage\":\"de\"},{\"@type\":\"Person\",\"@id\":\"https:\/\/blog.zhaw.ch\/languagematters\/#\/schema\/person\/aa084f536a466bb6435a802f4606646b\",\"name\":\"ZHAW Language matters\",\"image\":{\"@type\":\"ImageObject\",\"inLanguage\":\"de\",\"@id\":\"https:\/\/secure.gravatar.com\/avatar\/1311e7d332cc363ef9b3e3a290a7a7f6e1dadbc66d250832041e89065c581b44?s=96&d=mm&r=g\",\"url\":\"https:\/\/secure.gravatar.com\/avatar\/1311e7d332cc363ef9b3e3a290a7a7f6e1dadbc66d250832041e89065c581b44?s=96&d=mm&r=g\",\"contentUrl\":\"https:\/\/secure.gravatar.com\/avatar\/1311e7d332cc363ef9b3e3a290a7a7f6e1dadbc66d250832041e89065c581b44?s=96&d=mm&r=g\",\"caption\":\"ZHAW Language matters\"},\"url\":\"https:\/\/blog.zhaw.ch\/languagematters\/author\/stoc\/\"}]}<\/script>\n<!-- \/ Yoast SEO Premium plugin. -->","yoast_head_json":{"title":"3 Jahre Sprachliche Integration: R\u00fcckblick und Ausblick","description":"3 Jahre Bachelor Sprachliche Integration: Pr\u00e4gende Momente, Herausforderungen und ein Blick in die Zukunft mit der Studiengangsleitung.","robots":{"index":"index","follow":"follow","max-snippet":"max-snippet:-1","max-image-preview":"max-image-preview:large","max-video-preview":"max-video-preview:-1"},"canonical":"https:\/\/blog.zhaw.ch\/languagematters\/2023\/12\/07\/rueckblick-sprachliche-integration\/","og_locale":"de_DE","og_type":"article","og_title":"3 Jahre Sprachliche Integration: Ein Blick zur\u00fcck, ein Blick nach vorn","og_description":"3 Jahre Bachelor Sprachliche Integration: Pr\u00e4gende Momente, Herausforderungen und ein Blick in die Zukunft mit der Studiengangsleitung.","og_url":"https:\/\/blog.zhaw.ch\/languagematters\/2023\/12\/07\/rueckblick-sprachliche-integration\/","og_site_name":"Language matters.","article_published_time":"2023-12-07T07:17:02+00:00","article_modified_time":"2024-08-08T14:26:55+00:00","og_image":[{"width":1800,"height":1200,"url":"http:\/\/blog.zhaw.ch\/languagematters\/files\/2023\/12\/Ruckblick_BA_SIblog.jpg","type":"image\/jpeg"}],"author":"ZHAW Language matters","twitter_card":"summary_large_image","twitter_misc":{"Verfasst von":"ZHAW Language matters","Gesch\u00e4tzte Lesezeit":"5\u00a0Minuten"},"schema":{"@context":"https:\/\/schema.org","@graph":[{"@type":"Article","@id":"https:\/\/blog.zhaw.ch\/languagematters\/2023\/12\/07\/rueckblick-sprachliche-integration\/#article","isPartOf":{"@id":"https:\/\/blog.zhaw.ch\/languagematters\/2023\/12\/07\/rueckblick-sprachliche-integration\/"},"author":{"name":"ZHAW Language matters","@id":"https:\/\/blog.zhaw.ch\/languagematters\/#\/schema\/person\/aa084f536a466bb6435a802f4606646b"},"headline":"3 Jahre Sprachliche Integration: Ein Blick zur\u00fcck, ein Blick nach vorn","datePublished":"2023-12-07T07:17:02+00:00","dateModified":"2024-08-08T14:26:55+00:00","mainEntityOfPage":{"@id":"https:\/\/blog.zhaw.ch\/languagematters\/2023\/12\/07\/rueckblick-sprachliche-integration\/"},"wordCount":779,"commentCount":0,"image":{"@id":"https:\/\/blog.zhaw.ch\/languagematters\/2023\/12\/07\/rueckblick-sprachliche-integration\/#primaryimage"},"thumbnailUrl":"https:\/\/blog.zhaw.ch\/languagematters\/files\/2023\/12\/Ruckblick_BA_SIblog.jpg","keywords":["Bachelor Sprachliche Integration","ILC Institute of Language Competence","Sprachliche Integration","Webeinzug BA SI"],"articleSection":["Studium"],"inLanguage":"de","potentialAction":[{"@type":"CommentAction","name":"Comment","target":["https:\/\/blog.zhaw.ch\/languagematters\/2023\/12\/07\/rueckblick-sprachliche-integration\/#respond"]}]},{"@type":"WebPage","@id":"https:\/\/blog.zhaw.ch\/languagematters\/2023\/12\/07\/rueckblick-sprachliche-integration\/","url":"https:\/\/blog.zhaw.ch\/languagematters\/2023\/12\/07\/rueckblick-sprachliche-integration\/","name":"3 Jahre Sprachliche Integration: R\u00fcckblick und Ausblick","isPartOf":{"@id":"https:\/\/blog.zhaw.ch\/languagematters\/#website"},"primaryImageOfPage":{"@id":"https:\/\/blog.zhaw.ch\/languagematters\/2023\/12\/07\/rueckblick-sprachliche-integration\/#primaryimage"},"image":{"@id":"https:\/\/blog.zhaw.ch\/languagematters\/2023\/12\/07\/rueckblick-sprachliche-integration\/#primaryimage"},"thumbnailUrl":"https:\/\/blog.zhaw.ch\/languagematters\/files\/2023\/12\/Ruckblick_BA_SIblog.jpg","datePublished":"2023-12-07T07:17:02+00:00","dateModified":"2024-08-08T14:26:55+00:00","author":{"@id":"https:\/\/blog.zhaw.ch\/languagematters\/#\/schema\/person\/aa084f536a466bb6435a802f4606646b"},"description":"3 Jahre Bachelor Sprachliche Integration: Pr\u00e4gende Momente, Herausforderungen und ein Blick in die Zukunft mit der Studiengangsleitung.","breadcrumb":{"@id":"https:\/\/blog.zhaw.ch\/languagematters\/2023\/12\/07\/rueckblick-sprachliche-integration\/#breadcrumb"},"inLanguage":"de","potentialAction":[{"@type":"ReadAction","target":["https:\/\/blog.zhaw.ch\/languagematters\/2023\/12\/07\/rueckblick-sprachliche-integration\/"]}]},{"@type":"ImageObject","inLanguage":"de","@id":"https:\/\/blog.zhaw.ch\/languagematters\/2023\/12\/07\/rueckblick-sprachliche-integration\/#primaryimage","url":"https:\/\/blog.zhaw.ch\/languagematters\/files\/2023\/12\/Ruckblick_BA_SIblog.jpg","contentUrl":"https:\/\/blog.zhaw.ch\/languagematters\/files\/2023\/12\/Ruckblick_BA_SIblog.jpg","width":1800,"height":1200,"caption":"Bachelor Sprachliche Integration, R\u00fcckblick und Blick in die Zukunft"},{"@type":"BreadcrumbList","@id":"https:\/\/blog.zhaw.ch\/languagematters\/2023\/12\/07\/rueckblick-sprachliche-integration\/#breadcrumb","itemListElement":[{"@type":"ListItem","position":1,"name":"Startseite","item":"https:\/\/blog.zhaw.ch\/languagematters\/"},{"@type":"ListItem","position":2,"name":"3 Jahre Sprachliche Integration: Ein Blick zur\u00fcck, ein Blick nach vorn"}]},{"@type":"WebSite","@id":"https:\/\/blog.zhaw.ch\/languagematters\/#website","url":"https:\/\/blog.zhaw.ch\/languagematters\/","name":"Language matters.","description":"Ein Blog der ZHAW Z\u00fcrcher Hochschule f\u00fcr Angewandte Wissenschaften","potentialAction":[{"@type":"SearchAction","target":{"@type":"EntryPoint","urlTemplate":"https:\/\/blog.zhaw.ch\/languagematters\/?s={search_term_string}"},"query-input":{"@type":"PropertyValueSpecification","valueRequired":true,"valueName":"search_term_string"}}],"inLanguage":"de"},{"@type":"Person","@id":"https:\/\/blog.zhaw.ch\/languagematters\/#\/schema\/person\/aa084f536a466bb6435a802f4606646b","name":"ZHAW Language matters","image":{"@type":"ImageObject","inLanguage":"de","@id":"https:\/\/secure.gravatar.com\/avatar\/1311e7d332cc363ef9b3e3a290a7a7f6e1dadbc66d250832041e89065c581b44?s=96&d=mm&r=g","url":"https:\/\/secure.gravatar.com\/avatar\/1311e7d332cc363ef9b3e3a290a7a7f6e1dadbc66d250832041e89065c581b44?s=96&d=mm&r=g","contentUrl":"https:\/\/secure.gravatar.com\/avatar\/1311e7d332cc363ef9b3e3a290a7a7f6e1dadbc66d250832041e89065c581b44?s=96&d=mm&r=g","caption":"ZHAW Language matters"},"url":"https:\/\/blog.zhaw.ch\/languagematters\/author\/stoc\/"}]}},"_links":{"self":[{"href":"https:\/\/blog.zhaw.ch\/languagematters\/wp-json\/wp\/v2\/posts\/15567","targetHints":{"allow":["GET"]}}],"collection":[{"href":"https:\/\/blog.zhaw.ch\/languagematters\/wp-json\/wp\/v2\/posts"}],"about":[{"href":"https:\/\/blog.zhaw.ch\/languagematters\/wp-json\/wp\/v2\/types\/post"}],"author":[{"embeddable":true,"href":"https:\/\/blog.zhaw.ch\/languagematters\/wp-json\/wp\/v2\/users\/477"}],"replies":[{"embeddable":true,"href":"https:\/\/blog.zhaw.ch\/languagematters\/wp-json\/wp\/v2\/comments?post=15567"}],"version-history":[{"count":5,"href":"https:\/\/blog.zhaw.ch\/languagematters\/wp-json\/wp\/v2\/posts\/15567\/revisions"}],"predecessor-version":[{"id":16226,"href":"https:\/\/blog.zhaw.ch\/languagematters\/wp-json\/wp\/v2\/posts\/15567\/revisions\/16226"}],"wp:featuredmedia":[{"embeddable":true,"href":"https:\/\/blog.zhaw.ch\/languagematters\/wp-json\/wp\/v2\/media\/15569"}],"wp:attachment":[{"href":"https:\/\/blog.zhaw.ch\/languagematters\/wp-json\/wp\/v2\/media?parent=15567"}],"wp:term":[{"taxonomy":"category","embeddable":true,"href":"https:\/\/blog.zhaw.ch\/languagematters\/wp-json\/wp\/v2\/categories?post=15567"},{"taxonomy":"post_tag","embeddable":true,"href":"https:\/\/blog.zhaw.ch\/languagematters\/wp-json\/wp\/v2\/tags?post=15567"},{"taxonomy":"features","embeddable":true,"href":"https:\/\/blog.zhaw.ch\/languagematters\/wp-json\/wp\/v2\/features?post=15567"}],"curies":[{"name":"wp","href":"https:\/\/api.w.org\/{rel}","templated":true}]}}