{"id":13213,"date":"2022-10-03T16:30:00","date_gmt":"2022-10-03T14:30:00","guid":{"rendered":"https:\/\/blog.zhaw.ch\/languagematters\/?p=13213"},"modified":"2024-08-08T16:29:24","modified_gmt":"2024-08-08T14:29:24","slug":"bachelor-sprachliche-integration","status":"publish","type":"post","link":"https:\/\/blog.zhaw.ch\/languagematters\/2022\/10\/03\/bachelor-sprachliche-integration\/","title":{"rendered":"Unterschiedliche Zukunftspl\u00e4ne mit dem Bachelor Sprachliche Integration"},"content":{"rendered":"\n<p style=\"font-size:18px\"><strong>Herausforderungen. Aha-Momente. H\u00f6hen und Tiefen. Das erste Semester gleicht oft einer Achterbahnfahrt. Doch die zwei Schwestern sind sich einig: Der Bachelor Sprachliche Integration ist trotz unterschiedlicher Zukunftspl\u00e4ne genau das richtige f\u00fcr sie. Ihren Entscheid, an der ZHAW zu studieren, haben sie keine Sekunde bereut. Im Beitrag erz\u00e4hlen Sabrina und Samira Kentouche wie sie zu diesem Bachelorstudiengang gekommen sind und wo sie sich in Zukunft beruflich sehen.<\/strong><\/p>\n\n\n\n<p style=\"font-size:14px\">Autorin: <a href=\"https:\/\/www.zhaw.ch\/de\/ueber-uns\/person\/krui\/\">Stefanie Kr\u00fcsi<\/a><\/p>\n\n\n\n<p>Das erste Studienjahr haben Samira und Sabrina Kentouche hinter sich. Die H\u00f6hen und Tiefen eines Studiums, die Herausforderungen und Aha-Momente haben beide durchgemacht. Der Bachelor Sprachliche Integration ist aber definitiv das richtige f\u00fcr die Schwestern \u2013 da sind sie sich jetzt noch sicherer. \u00abDer BA Sprachliche Integration beinhaltet linguistische und sozio-politische Themen. Das sind beides Gebiete, die mich pers\u00f6nlich sehr interessieren\u00bb, erz\u00e4hlt die 27-j\u00e4hrige Samira. F\u00fcr sie war schnell klar, dass sie diesen Bachelor absolvieren m\u00f6chte. \u00abIch finde es total spannend, mich mit den sprachlichen Entwicklungen wissenschaftlich zu befassen, um gesellschaftliche Prozesse \u00fcber die Linguistik hinaus besser zu verstehen. Dieses Studium jetzt sogar mit Sabrina teilen zu k\u00f6nnen, sch\u00e4tze ich sehr.\u00bb<\/p>\n\n\n\n<h2 class=\"wp-block-heading\" id=\"h-mit-dem-ba-sprachliche-integration-zur-lehrerin-oder-wissenschaftlichen-mitarbeiterin\"><strong>Mit dem BA Sprachliche Integration zur Lehrerin oder Wissenschaftlichen Mitarbeiterin<\/strong><\/h2>\n\n\n\n<p>Sabrina hatte urspr\u00fcnglich andere Pl\u00e4ne. Doch als \u00abgeborene Lehrerin\u00bb, wie ihre Schwester sie bezeichnet, war schnell klar, dass der Bachelor Sprachliche Integration auch f\u00fcr sie interessant sein k\u00f6nnte. \u00abDass ich etwas Soziales studieren m\u00f6chte, wusste ich schon lange, da ich sehr gerne mit Menschen zusammenarbeite. Am Bachelor Sprachliche Integration gef\u00e4llt mir nun besonders, dass wir uns methodisch didaktisches Wissen aneignen, um einen guten, zielgruppengerechten Unterricht gestalten zu k\u00f6nnen.\u00bb Das ist f\u00fcr die bald 25-j\u00e4hrige Sabrina wichtig, da ihr das Unterrichten besonders Spass macht und sie sich in Zukunft in diesem Berufsfeld sieht.<\/p>\n\n\n\n<p>Samira befasst sich hingegen sehr gerne mit Abstraktem und liest oft wissenschaftliche Texte zu gesellschaftsrelevanten Themen. Ihre Zukunft k\u00f6nnte sie sich in der Wissenschaft vorstellen. \u00abEin Master zu absolvieren und dann als wissenschaftliche Assistentin t\u00e4tig zu sein, w\u00fcrde mich sehr reizen.\u00bb<\/p>\n\n\n\n<h2 class=\"wp-block-heading\" id=\"h-kulturverstandnis-als-herausforderung\"><strong>Kulturverst\u00e4ndnis als Herausforderung<\/strong><\/h2>\n\n\n\n<p>Die beiden Schwestern wurden, seit sie denken k\u00f6nnen, mit sprachlicher Integration konfrontiert. Sie sind bilingual aufgewachsen, ihre Eltern stammen aus unterschiedlichen L\u00e4ndern. \u00abIntegration ist vielmehr als das Sprechen einer fremden Sprache. Obwohl ich nie M\u00fche hatte mit der deutschen Sprache, war mir schon als Kind bewusst, dass die Gesellschaft teilweise stark in \u00abSchweizer:innen\u00bb und \u00abAusl\u00e4nder:innen\u00bb oder eben Menschen mit Migrationshintergrund geteilt ist \u2013 so war zumindest mein Empfinden. Als wir klein waren, war es oft schwierig, das Kulturverst\u00e4ndnis von unserer Mutter und unserem Vater sowie das erforderte Kulturverst\u00e4ndnis der Gesellschaft unter einen Hut zu bringen\u00bb, erz\u00e4hlt Samira.<\/p>\n\n\n\n<h2 class=\"wp-block-heading\" id=\"h-unterstutzung-von-allen-seiten\"><strong>Unterst\u00fctzung von allen Seiten<\/strong><\/h2>\n\n\n\n<p>Heute befassen sich Sabrina und Samira mit all diesen Themen in ihrem Studienalltag. \u00abBesonders bereichernd ist der Austausch mit den spannenden Dozierenden und grossartigen Mitstudierenden. Das ganze Studiengangteam unterst\u00fctzt uns Studierenden zudem sehr, was wir so noch nie erlebt haben und unglaublich sch\u00e4tzen\u00bb, erz\u00e4hlen die beiden Familienmenschen. \u00abIch bin sehr dankbar f\u00fcr diese Chance, ein Teil der ZHAW sein zu d\u00fcrfen. Und es macht mich sehr gl\u00fccklich, dies mit meiner Schwester erleben zu d\u00fcrfen\u00bb, so Sabrina.<\/p>\n\n\n<figure class=\"wp-block-embed-youtube wp-block-embed is-type-video is-provider-youtube wp-embed-aspect-16-9 wp-has-aspect-ratio\"><div class=\"lyte-wrapper\" title=\"Familiengeschichten sprachliche Integration\" style=\"width:640px;max-width:100%;margin:5px;\"><div class=\"lyMe\" id=\"WYL_HmXjkNcxKx0\"><div id=\"lyte_HmXjkNcxKx0\" data-src=\"https:\/\/blog.zhaw.ch\/languagematters\/wp-content\/plugins\/wp-youtube-lyte\/lyteCache.php?origThumbUrl=https%3A%2F%2Fi.ytimg.com%2Fvi%2FHmXjkNcxKx0%2Fhqdefault.jpg\" class=\"pL\"><div class=\"tC\"><div class=\"tT\">Familiengeschichten sprachliche Integration<\/div><\/div><div class=\"play\"><\/div><div class=\"ctrl\"><div class=\"Lctrl\"><\/div><div class=\"Rctrl\"><\/div><\/div><\/div><noscript><a href=\"https:\/\/youtu.be\/HmXjkNcxKx0\" rel=\"nofollow\"><img loading=\"lazy\" decoding=\"async\" src=\"https:\/\/blog.zhaw.ch\/languagematters\/wp-content\/plugins\/wp-youtube-lyte\/lyteCache.php?origThumbUrl=https%3A%2F%2Fi.ytimg.com%2Fvi%2FHmXjkNcxKx0%2F0.jpg\" alt=\"Familiengeschichten sprachliche Integration\" width=\"640\" height=\"340\" \/><br \/>Dieses Video auf YouTube ansehen<\/a><\/noscript><\/div><\/div><div class=\"lL\" style=\"max-width:100%;width:640px;margin:5px;\"><br\/><span class=\"lyte_disclaimer\">Defaulttext aus wp-youtube-lyte.php<\/span><\/div><figcaption>In &#8222;Familiengeschichten&#8220; f\u00fchren unter anderem Sabrina und Samira ein Gespr\u00e4ch mit ihrer Mutter \u00fcber ihre Migrationsgeschichte und den pers\u00f6nlichen Bezug zur sprachlichen Integration.<\/figcaption><\/figure>\n\n\n<figure class=\"wp-block-image size-large\"><a href=\"https:\/\/www.zhaw.ch\/de\/linguistik\/studium\/bachelor-sprachliche-integration\/\"><img loading=\"lazy\" decoding=\"async\" width=\"1024\" height=\"273\" src=\"http:\/\/blog.zhaw.ch\/languagematters\/files\/2022\/02\/2020_02_Blogfooter_BA-SI_3-1024x273.gif\" alt=\"\" class=\"wp-image-12104\" srcset=\"https:\/\/blog.zhaw.ch\/languagematters\/files\/2022\/02\/2020_02_Blogfooter_BA-SI_3-1024x273.gif 1024w, https:\/\/blog.zhaw.ch\/languagematters\/files\/2022\/02\/2020_02_Blogfooter_BA-SI_3-300x80.gif 300w, https:\/\/blog.zhaw.ch\/languagematters\/files\/2022\/02\/2020_02_Blogfooter_BA-SI_3-768x205.gif 768w\" sizes=\"auto, (max-width: 1024px) 100vw, 1024px\" \/><\/a><\/figure>\n<div class=\"pt-sm\">Schlagw\u00f6rter: <a href=\"http:\/\/blog.zhaw.ch\/languagematters\/tag\/bachelor-sprachliche-integration\/\">Bachelor Sprachliche Integration<\/a>, <a href=\"http:\/\/blog.zhaw.ch\/languagematters\/tag\/ilc\/\">ILC Institute of Language Competence<\/a>, <a href=\"http:\/\/blog.zhaw.ch\/languagematters\/tag\/integration\/\">Integration<\/a>, <a href=\"http:\/\/blog.zhaw.ch\/languagematters\/tag\/migration\/\">Migration<\/a>, <a href=\"http:\/\/blog.zhaw.ch\/languagematters\/tag\/sprachliche-integration\/\">Sprachliche Integration<\/a>, <a href=\"http:\/\/blog.zhaw.ch\/languagematters\/tag\/studi-portraits-si\/\">Studi-Portrait BA Sprachliche Integration<\/a><br><\/div>","protected":false},"excerpt":{"rendered":"<p>F\u00fcr Samira war schnell klar: Sie m\u00f6chte im Bachelor Sprachliche Integration studieren. Bei ihrer j\u00fcngeren Schwester Sabrina war es \u00abLiebe auf den zweiten Blick\u00bb. Samira ermutigte ihre Schwester \u2013 unter anderem aufgrund ihrer Passion f\u00fcrs Unterrichten \u2013 sich doch auch f\u00fcr den Bachelorstudiengang Sprachliche Integration zu entscheiden. Beide haben ihren Entscheid, an der ZHAW zu studieren, keine Sekunde bereut.<\/p>\n","protected":false},"author":552,"featured_media":13232,"comment_status":"open","ping_status":"open","sticky":false,"template":"","format":"standard","meta":{"ngg_post_thumbnail":0,"footnotes":""},"categories":[201],"tags":[259,218,279,275,257,338],"features":[],"class_list":["post-13213","post","type-post","status-publish","format-standard","has-post-thumbnail","hentry","category-studium","tag-bachelor-sprachliche-integration","tag-ilc","tag-integration","tag-migration","tag-sprachliche-integration","tag-studi-portraits-si"],"yoast_head":"<!-- This site is optimized with the Yoast SEO Premium plugin v27.2 (Yoast SEO v27.2) - https:\/\/yoast.com\/product\/yoast-seo-premium-wordpress\/ -->\n<title>Zukunftspl\u00e4ne mit dem Bachelor Sprachliche Integration<\/title>\n<meta name=\"description\" content=\"Zwei Schwestern, zwei Pl\u00e4ne \u2013 mit dem Bachelor Sprachliche Integration zur Lehrerin oder Wissenschaftlichen Assistentin.\" \/>\n<meta name=\"robots\" content=\"index, follow, max-snippet:-1, max-image-preview:large, max-video-preview:-1\" \/>\n<link rel=\"canonical\" href=\"https:\/\/blog.zhaw.ch\/languagematters\/2022\/10\/03\/bachelor-sprachliche-integration\/\" \/>\n<meta property=\"og:locale\" content=\"de_DE\" \/>\n<meta property=\"og:type\" content=\"article\" \/>\n<meta property=\"og:title\" content=\"Unterschiedliche Zukunftspl\u00e4ne mit dem Bachelor Sprachliche Integration\" \/>\n<meta property=\"og:description\" content=\"Zwei Schwestern, zwei Pl\u00e4ne \u2013 mit dem Bachelor Sprachliche Integration zur Lehrerin oder Wissenschaftlichen Assistentin.\" \/>\n<meta property=\"og:url\" content=\"https:\/\/blog.zhaw.ch\/languagematters\/2022\/10\/03\/bachelor-sprachliche-integration\/\" \/>\n<meta property=\"og:site_name\" content=\"Language matters.\" \/>\n<meta property=\"article:published_time\" content=\"2022-10-03T14:30:00+00:00\" \/>\n<meta property=\"article:modified_time\" content=\"2024-08-08T14:29:24+00:00\" \/>\n<meta property=\"og:image\" content=\"http:\/\/blog.zhaw.ch\/languagematters\/files\/2022\/09\/kentouche-studentinnen-sprachliche-integration-bachelor-zhaw-angewandte-linguistik.jpg\" \/>\n\t<meta property=\"og:image:width\" content=\"1579\" \/>\n\t<meta property=\"og:image:height\" content=\"826\" \/>\n\t<meta property=\"og:image:type\" content=\"image\/jpeg\" \/>\n<meta name=\"author\" content=\"krui\" \/>\n<meta name=\"twitter:card\" content=\"summary_large_image\" \/>\n<meta name=\"twitter:label1\" content=\"Verfasst von\" \/>\n\t<meta name=\"twitter:data1\" content=\"krui\" \/>\n\t<meta name=\"twitter:label2\" content=\"Gesch\u00e4tzte Lesezeit\" \/>\n\t<meta name=\"twitter:data2\" content=\"4\u00a0Minuten\" \/>\n<script type=\"application\/ld+json\" class=\"yoast-schema-graph\">{\"@context\":\"https:\/\/schema.org\",\"@graph\":[{\"@type\":\"Article\",\"@id\":\"https:\/\/blog.zhaw.ch\/languagematters\/2022\/10\/03\/bachelor-sprachliche-integration\/#article\",\"isPartOf\":{\"@id\":\"https:\/\/blog.zhaw.ch\/languagematters\/2022\/10\/03\/bachelor-sprachliche-integration\/\"},\"author\":{\"name\":\"krui\",\"@id\":\"https:\/\/blog.zhaw.ch\/languagematters\/#\/schema\/person\/9d8d3bbfa4e51b8633975d456b34830b\"},\"headline\":\"Unterschiedliche Zukunftspl\u00e4ne mit dem Bachelor Sprachliche Integration\",\"datePublished\":\"2022-10-03T14:30:00+00:00\",\"dateModified\":\"2024-08-08T14:29:24+00:00\",\"mainEntityOfPage\":{\"@id\":\"https:\/\/blog.zhaw.ch\/languagematters\/2022\/10\/03\/bachelor-sprachliche-integration\/\"},\"wordCount\":586,\"commentCount\":0,\"image\":{\"@id\":\"https:\/\/blog.zhaw.ch\/languagematters\/2022\/10\/03\/bachelor-sprachliche-integration\/#primaryimage\"},\"thumbnailUrl\":\"https:\/\/blog.zhaw.ch\/languagematters\/files\/2022\/09\/kentouche-studentinnen-sprachliche-integration-bachelor-zhaw-angewandte-linguistik.jpg\",\"keywords\":[\"Bachelor Sprachliche Integration\",\"ILC Institute of Language Competence\",\"Integration\",\"Migration\",\"Sprachliche Integration\",\"Studi-Portrait BA Sprachliche Integration\"],\"articleSection\":[\"Studium\"],\"inLanguage\":\"de\",\"potentialAction\":[{\"@type\":\"CommentAction\",\"name\":\"Comment\",\"target\":[\"https:\/\/blog.zhaw.ch\/languagematters\/2022\/10\/03\/bachelor-sprachliche-integration\/#respond\"]}]},{\"@type\":\"WebPage\",\"@id\":\"https:\/\/blog.zhaw.ch\/languagematters\/2022\/10\/03\/bachelor-sprachliche-integration\/\",\"url\":\"https:\/\/blog.zhaw.ch\/languagematters\/2022\/10\/03\/bachelor-sprachliche-integration\/\",\"name\":\"Zukunftspl\u00e4ne mit dem Bachelor Sprachliche Integration\",\"isPartOf\":{\"@id\":\"https:\/\/blog.zhaw.ch\/languagematters\/#website\"},\"primaryImageOfPage\":{\"@id\":\"https:\/\/blog.zhaw.ch\/languagematters\/2022\/10\/03\/bachelor-sprachliche-integration\/#primaryimage\"},\"image\":{\"@id\":\"https:\/\/blog.zhaw.ch\/languagematters\/2022\/10\/03\/bachelor-sprachliche-integration\/#primaryimage\"},\"thumbnailUrl\":\"https:\/\/blog.zhaw.ch\/languagematters\/files\/2022\/09\/kentouche-studentinnen-sprachliche-integration-bachelor-zhaw-angewandte-linguistik.jpg\",\"datePublished\":\"2022-10-03T14:30:00+00:00\",\"dateModified\":\"2024-08-08T14:29:24+00:00\",\"author\":{\"@id\":\"https:\/\/blog.zhaw.ch\/languagematters\/#\/schema\/person\/9d8d3bbfa4e51b8633975d456b34830b\"},\"description\":\"Zwei Schwestern, zwei Pl\u00e4ne \u2013 mit dem Bachelor Sprachliche Integration zur Lehrerin oder Wissenschaftlichen Assistentin.\",\"breadcrumb\":{\"@id\":\"https:\/\/blog.zhaw.ch\/languagematters\/2022\/10\/03\/bachelor-sprachliche-integration\/#breadcrumb\"},\"inLanguage\":\"de\",\"potentialAction\":[{\"@type\":\"ReadAction\",\"target\":[\"https:\/\/blog.zhaw.ch\/languagematters\/2022\/10\/03\/bachelor-sprachliche-integration\/\"]}]},{\"@type\":\"ImageObject\",\"inLanguage\":\"de\",\"@id\":\"https:\/\/blog.zhaw.ch\/languagematters\/2022\/10\/03\/bachelor-sprachliche-integration\/#primaryimage\",\"url\":\"https:\/\/blog.zhaw.ch\/languagematters\/files\/2022\/09\/kentouche-studentinnen-sprachliche-integration-bachelor-zhaw-angewandte-linguistik.jpg\",\"contentUrl\":\"https:\/\/blog.zhaw.ch\/languagematters\/files\/2022\/09\/kentouche-studentinnen-sprachliche-integration-bachelor-zhaw-angewandte-linguistik.jpg\",\"width\":1579,\"height\":826,\"caption\":\"Zwei Schwestern, Studentinnen im Bachelor Sprachliche Integration\"},{\"@type\":\"BreadcrumbList\",\"@id\":\"https:\/\/blog.zhaw.ch\/languagematters\/2022\/10\/03\/bachelor-sprachliche-integration\/#breadcrumb\",\"itemListElement\":[{\"@type\":\"ListItem\",\"position\":1,\"name\":\"Startseite\",\"item\":\"https:\/\/blog.zhaw.ch\/languagematters\/\"},{\"@type\":\"ListItem\",\"position\":2,\"name\":\"Unterschiedliche Zukunftspl\u00e4ne mit dem Bachelor Sprachliche Integration\"}]},{\"@type\":\"WebSite\",\"@id\":\"https:\/\/blog.zhaw.ch\/languagematters\/#website\",\"url\":\"https:\/\/blog.zhaw.ch\/languagematters\/\",\"name\":\"Language matters.\",\"description\":\"Ein Blog der ZHAW Z\u00fcrcher Hochschule f\u00fcr Angewandte Wissenschaften\",\"potentialAction\":[{\"@type\":\"SearchAction\",\"target\":{\"@type\":\"EntryPoint\",\"urlTemplate\":\"https:\/\/blog.zhaw.ch\/languagematters\/?s={search_term_string}\"},\"query-input\":{\"@type\":\"PropertyValueSpecification\",\"valueRequired\":true,\"valueName\":\"search_term_string\"}}],\"inLanguage\":\"de\"},{\"@type\":\"Person\",\"@id\":\"https:\/\/blog.zhaw.ch\/languagematters\/#\/schema\/person\/9d8d3bbfa4e51b8633975d456b34830b\",\"name\":\"krui\",\"image\":{\"@type\":\"ImageObject\",\"inLanguage\":\"de\",\"@id\":\"https:\/\/secure.gravatar.com\/avatar\/04a025cfc1e0f49289164ef668861427da59bd5932c8c507bbc710a2218a1be6?s=96&d=mm&r=g\",\"url\":\"https:\/\/secure.gravatar.com\/avatar\/04a025cfc1e0f49289164ef668861427da59bd5932c8c507bbc710a2218a1be6?s=96&d=mm&r=g\",\"contentUrl\":\"https:\/\/secure.gravatar.com\/avatar\/04a025cfc1e0f49289164ef668861427da59bd5932c8c507bbc710a2218a1be6?s=96&d=mm&r=g\",\"caption\":\"krui\"},\"url\":\"https:\/\/blog.zhaw.ch\/languagematters\/author\/krui\/\"}]}<\/script>\n<!-- \/ Yoast SEO Premium plugin. -->","yoast_head_json":{"title":"Zukunftspl\u00e4ne mit dem Bachelor Sprachliche Integration","description":"Zwei Schwestern, zwei Pl\u00e4ne \u2013 mit dem Bachelor Sprachliche Integration zur Lehrerin oder Wissenschaftlichen Assistentin.","robots":{"index":"index","follow":"follow","max-snippet":"max-snippet:-1","max-image-preview":"max-image-preview:large","max-video-preview":"max-video-preview:-1"},"canonical":"https:\/\/blog.zhaw.ch\/languagematters\/2022\/10\/03\/bachelor-sprachliche-integration\/","og_locale":"de_DE","og_type":"article","og_title":"Unterschiedliche Zukunftspl\u00e4ne mit dem Bachelor Sprachliche Integration","og_description":"Zwei Schwestern, zwei Pl\u00e4ne \u2013 mit dem Bachelor Sprachliche Integration zur Lehrerin oder Wissenschaftlichen Assistentin.","og_url":"https:\/\/blog.zhaw.ch\/languagematters\/2022\/10\/03\/bachelor-sprachliche-integration\/","og_site_name":"Language matters.","article_published_time":"2022-10-03T14:30:00+00:00","article_modified_time":"2024-08-08T14:29:24+00:00","og_image":[{"width":1579,"height":826,"url":"http:\/\/blog.zhaw.ch\/languagematters\/files\/2022\/09\/kentouche-studentinnen-sprachliche-integration-bachelor-zhaw-angewandte-linguistik.jpg","type":"image\/jpeg"}],"author":"krui","twitter_card":"summary_large_image","twitter_misc":{"Verfasst von":"krui","Gesch\u00e4tzte Lesezeit":"4\u00a0Minuten"},"schema":{"@context":"https:\/\/schema.org","@graph":[{"@type":"Article","@id":"https:\/\/blog.zhaw.ch\/languagematters\/2022\/10\/03\/bachelor-sprachliche-integration\/#article","isPartOf":{"@id":"https:\/\/blog.zhaw.ch\/languagematters\/2022\/10\/03\/bachelor-sprachliche-integration\/"},"author":{"name":"krui","@id":"https:\/\/blog.zhaw.ch\/languagematters\/#\/schema\/person\/9d8d3bbfa4e51b8633975d456b34830b"},"headline":"Unterschiedliche Zukunftspl\u00e4ne mit dem Bachelor Sprachliche Integration","datePublished":"2022-10-03T14:30:00+00:00","dateModified":"2024-08-08T14:29:24+00:00","mainEntityOfPage":{"@id":"https:\/\/blog.zhaw.ch\/languagematters\/2022\/10\/03\/bachelor-sprachliche-integration\/"},"wordCount":586,"commentCount":0,"image":{"@id":"https:\/\/blog.zhaw.ch\/languagematters\/2022\/10\/03\/bachelor-sprachliche-integration\/#primaryimage"},"thumbnailUrl":"https:\/\/blog.zhaw.ch\/languagematters\/files\/2022\/09\/kentouche-studentinnen-sprachliche-integration-bachelor-zhaw-angewandte-linguistik.jpg","keywords":["Bachelor Sprachliche Integration","ILC Institute of Language Competence","Integration","Migration","Sprachliche Integration","Studi-Portrait BA Sprachliche Integration"],"articleSection":["Studium"],"inLanguage":"de","potentialAction":[{"@type":"CommentAction","name":"Comment","target":["https:\/\/blog.zhaw.ch\/languagematters\/2022\/10\/03\/bachelor-sprachliche-integration\/#respond"]}]},{"@type":"WebPage","@id":"https:\/\/blog.zhaw.ch\/languagematters\/2022\/10\/03\/bachelor-sprachliche-integration\/","url":"https:\/\/blog.zhaw.ch\/languagematters\/2022\/10\/03\/bachelor-sprachliche-integration\/","name":"Zukunftspl\u00e4ne mit dem Bachelor Sprachliche Integration","isPartOf":{"@id":"https:\/\/blog.zhaw.ch\/languagematters\/#website"},"primaryImageOfPage":{"@id":"https:\/\/blog.zhaw.ch\/languagematters\/2022\/10\/03\/bachelor-sprachliche-integration\/#primaryimage"},"image":{"@id":"https:\/\/blog.zhaw.ch\/languagematters\/2022\/10\/03\/bachelor-sprachliche-integration\/#primaryimage"},"thumbnailUrl":"https:\/\/blog.zhaw.ch\/languagematters\/files\/2022\/09\/kentouche-studentinnen-sprachliche-integration-bachelor-zhaw-angewandte-linguistik.jpg","datePublished":"2022-10-03T14:30:00+00:00","dateModified":"2024-08-08T14:29:24+00:00","author":{"@id":"https:\/\/blog.zhaw.ch\/languagematters\/#\/schema\/person\/9d8d3bbfa4e51b8633975d456b34830b"},"description":"Zwei Schwestern, zwei Pl\u00e4ne \u2013 mit dem Bachelor Sprachliche Integration zur Lehrerin oder Wissenschaftlichen Assistentin.","breadcrumb":{"@id":"https:\/\/blog.zhaw.ch\/languagematters\/2022\/10\/03\/bachelor-sprachliche-integration\/#breadcrumb"},"inLanguage":"de","potentialAction":[{"@type":"ReadAction","target":["https:\/\/blog.zhaw.ch\/languagematters\/2022\/10\/03\/bachelor-sprachliche-integration\/"]}]},{"@type":"ImageObject","inLanguage":"de","@id":"https:\/\/blog.zhaw.ch\/languagematters\/2022\/10\/03\/bachelor-sprachliche-integration\/#primaryimage","url":"https:\/\/blog.zhaw.ch\/languagematters\/files\/2022\/09\/kentouche-studentinnen-sprachliche-integration-bachelor-zhaw-angewandte-linguistik.jpg","contentUrl":"https:\/\/blog.zhaw.ch\/languagematters\/files\/2022\/09\/kentouche-studentinnen-sprachliche-integration-bachelor-zhaw-angewandte-linguistik.jpg","width":1579,"height":826,"caption":"Zwei Schwestern, Studentinnen im Bachelor Sprachliche Integration"},{"@type":"BreadcrumbList","@id":"https:\/\/blog.zhaw.ch\/languagematters\/2022\/10\/03\/bachelor-sprachliche-integration\/#breadcrumb","itemListElement":[{"@type":"ListItem","position":1,"name":"Startseite","item":"https:\/\/blog.zhaw.ch\/languagematters\/"},{"@type":"ListItem","position":2,"name":"Unterschiedliche Zukunftspl\u00e4ne mit dem Bachelor Sprachliche Integration"}]},{"@type":"WebSite","@id":"https:\/\/blog.zhaw.ch\/languagematters\/#website","url":"https:\/\/blog.zhaw.ch\/languagematters\/","name":"Language matters.","description":"Ein Blog der ZHAW Z\u00fcrcher Hochschule f\u00fcr Angewandte Wissenschaften","potentialAction":[{"@type":"SearchAction","target":{"@type":"EntryPoint","urlTemplate":"https:\/\/blog.zhaw.ch\/languagematters\/?s={search_term_string}"},"query-input":{"@type":"PropertyValueSpecification","valueRequired":true,"valueName":"search_term_string"}}],"inLanguage":"de"},{"@type":"Person","@id":"https:\/\/blog.zhaw.ch\/languagematters\/#\/schema\/person\/9d8d3bbfa4e51b8633975d456b34830b","name":"krui","image":{"@type":"ImageObject","inLanguage":"de","@id":"https:\/\/secure.gravatar.com\/avatar\/04a025cfc1e0f49289164ef668861427da59bd5932c8c507bbc710a2218a1be6?s=96&d=mm&r=g","url":"https:\/\/secure.gravatar.com\/avatar\/04a025cfc1e0f49289164ef668861427da59bd5932c8c507bbc710a2218a1be6?s=96&d=mm&r=g","contentUrl":"https:\/\/secure.gravatar.com\/avatar\/04a025cfc1e0f49289164ef668861427da59bd5932c8c507bbc710a2218a1be6?s=96&d=mm&r=g","caption":"krui"},"url":"https:\/\/blog.zhaw.ch\/languagematters\/author\/krui\/"}]}},"_links":{"self":[{"href":"https:\/\/blog.zhaw.ch\/languagematters\/wp-json\/wp\/v2\/posts\/13213","targetHints":{"allow":["GET"]}}],"collection":[{"href":"https:\/\/blog.zhaw.ch\/languagematters\/wp-json\/wp\/v2\/posts"}],"about":[{"href":"https:\/\/blog.zhaw.ch\/languagematters\/wp-json\/wp\/v2\/types\/post"}],"author":[{"embeddable":true,"href":"https:\/\/blog.zhaw.ch\/languagematters\/wp-json\/wp\/v2\/users\/552"}],"replies":[{"embeddable":true,"href":"https:\/\/blog.zhaw.ch\/languagematters\/wp-json\/wp\/v2\/comments?post=13213"}],"version-history":[{"count":7,"href":"https:\/\/blog.zhaw.ch\/languagematters\/wp-json\/wp\/v2\/posts\/13213\/revisions"}],"predecessor-version":[{"id":15429,"href":"https:\/\/blog.zhaw.ch\/languagematters\/wp-json\/wp\/v2\/posts\/13213\/revisions\/15429"}],"wp:featuredmedia":[{"embeddable":true,"href":"https:\/\/blog.zhaw.ch\/languagematters\/wp-json\/wp\/v2\/media\/13232"}],"wp:attachment":[{"href":"https:\/\/blog.zhaw.ch\/languagematters\/wp-json\/wp\/v2\/media?parent=13213"}],"wp:term":[{"taxonomy":"category","embeddable":true,"href":"https:\/\/blog.zhaw.ch\/languagematters\/wp-json\/wp\/v2\/categories?post=13213"},{"taxonomy":"post_tag","embeddable":true,"href":"https:\/\/blog.zhaw.ch\/languagematters\/wp-json\/wp\/v2\/tags?post=13213"},{"taxonomy":"features","embeddable":true,"href":"https:\/\/blog.zhaw.ch\/languagematters\/wp-json\/wp\/v2\/features?post=13213"}],"curies":[{"name":"wp","href":"https:\/\/api.w.org\/{rel}","templated":true}]}}