{"id":13131,"date":"2022-09-06T16:13:00","date_gmt":"2022-09-06T14:13:00","guid":{"rendered":"https:\/\/blog.zhaw.ch\/languagematters\/?p=13131"},"modified":"2024-08-22T16:23:01","modified_gmt":"2024-08-22T14:23:01","slug":"diversitaet-medien","status":"publish","type":"post","link":"https:\/\/blog.zhaw.ch\/languagematters\/2022\/09\/06\/diversitaet-medien\/","title":{"rendered":"Podcast IAM on ear: &#8222;Wir sind alle die Schweiz.&#8220; \u2013 Diversit\u00e4t in den Medien"},"content":{"rendered":"\n<p class=\"has-medium-font-size\"><em>\u00ab<\/em>Diversit\u00e4t\u00bb ist in den letzten Jahren bei Medienh\u00e4usern zu einem Schlagwort geworden. Das Anliegen also, die Medienberichterstattung beispielsweise bezogen auf Geschlecht, Alter, Herkunft oder Religion vielf\u00e4ltiger zu gestalten. Das IAM hat in einer Studie f\u00fcr die SRG Deutschschweiz Menschen mit und ohne Migrationshintergrund dazu befragt, wie es dem Schweizer Radio und Fernsehen SRF gelingt, Migrant:innen als integralen Teil unserer Migrationsgesellschaft darzustellen und einzubeziehen. Im Podcast erz\u00e4hlt Din-Badara Ndiaye, Fachspezialistin f\u00fcr Diversit\u00e4t und Inklusion bei der Generaldirektion der SRG, wie sie auf die aus der Studie resultierenden Empfehlungen reagiert.<\/p>\n\n\n\n<p style=\"font-size:14px\">Autor: <a href=\"https:\/\/www.zhaw.ch\/de\/ueber-uns\/person\/wysv\/\">Vinzenz Wyss<\/a><\/p>\n\n\n\n<p>Seit wenigen Jahren gibt es fast in allen grossen Medienh\u00e4usern Initiativen f\u00fcr mehr Diversit\u00e4t im journalistischen Angebot und in der Personalstruktur. Bei Ringier wurde das \u00abDiversity &amp; Inclusion Board\u00bb ins Leben gerufen, \u00abDiversity is what makes us strong\u00bb schreibt sich die TX-Group auf die Fahne, die NZZ reibt sich an dem Begriff und auch bei der SRG wird viel unternommen, um das Programm diverser zu gestalten. In der dritten Ausgabe des Podcast \u00abIAM on ear\u00bb spricht Vinzenz Wyss mit der ehemaligen IAM-Absolventin und SRG-Fachspezialistin f\u00fcr Diversit\u00e4t, Din-Badara Ndiaye, warum bei manchen Medien das Bem\u00fchen um Diversit\u00e4t erst in den letzten Jahren in Schwung gekommen ist.<\/p>\n\n\n\n<p>Das IAM-Gutachten zum Thema Migration in der medialen Berichterstattung m\u00fcndet in Empfehlungen zuhanden der Programmverantwortlichen von SRF. Empfohlen wird etwa, dass Diversit\u00e4t als ein Qualit\u00e4tsziel aufzufassen sei und in den Sicherungsprozessen \u2013 also bei der Planung in der Abnahme von Sendungen oder Online-Formaten sowie beim Feedback \u2013 bewusst darauf zu achten sei, wie man diesem Ziel gerecht werden kann. Das Gutachten macht aber auch das Fettn\u00e4pfchen der Stigmatisierung sichtbar, in die Journalist:innen treten k\u00f6nnen, wenn sie das Thema Migration oder eben Menschen mit Migrationshintergrund sichtbar werden lassen.<\/p>\n\n\n\n<p>\u00abWir sind alle die Schweiz\u00bb, sagt Din-Badara Ndiaye und kritisiert eine Berichterstattung, in welcher Migrant:innen als Exot:innen dargestellt w\u00fcrden. Es m\u00fcsse gelingen, Diversit\u00e4t in der Normalit\u00e4t zu zeigen. \u00abEs sollte \u2018state of the art\u2019 sein, dass beispielsweise eine Frau mit afrikanischer Herkunft eine Sendung moderiert\u00bb, meint die Fachspezialistin f\u00fcr Diversit\u00e4t. Im Podcast sagt sie auch, was im Bereich der Personalpolitik getan werden kann und warum mehr Diversit\u00e4t auch mit einem Machtverlust von Sesselkleber: innen verbunden ist.<br><br><strong>Hier der Link zum Podcast:<\/strong> <a href=\"https:\/\/brnw.ch\/21wCGXP\">https:\/\/brnw.ch\/21wCGXP<\/a><br><\/p>\n\n\n\n<p>\u00abEmpfehlungen aus der Studie SRG.D im Dialog zu Migration\u00bb <\/p>\n\n\n\n<div class=\"wp-block-file\"><a href=\"https:\/\/blog.zhaw.ch\/languagematters\/files\/2022\/09\/SRG.D-im-Dialog-zu-Migration.-Summary-zur-IAM-Studie-Vinzenz-Wyss-2021-1.pdf\">SRG.D-im-Dialog-zu-Migration.-Summary-zur-IAM-Studie-Vinzenz-Wyss-2021-1<\/a><a href=\"https:\/\/blog.zhaw.ch\/languagematters\/files\/2022\/09\/SRG.D-im-Dialog-zu-Migration.-Summary-zur-IAM-Studie-Vinzenz-Wyss-2021-1.pdf\" class=\"wp-block-file__button\" download>Herunterladen<\/a><\/div>\n\n\n\n<hr class=\"wp-block-separator has-css-opacity is-style-wide\" \/>\n\n\n\n<p><strong>IAM on ear&nbsp;<\/strong>ist der Podcast aus dem Institut f\u00fcr Angewandte Medienwissenschaft der ZHAW. Beobachtungen und kritische Analysen zu aktuellen Themen aus dem Journalismus und der Organisationskommunikation.<\/p>\n\n\n\n<hr class=\"wp-block-separator has-css-opacity is-style-wide\" \/>\n\n\n\n<figure class=\"wp-block-image size-large\"><a href=\"https:\/\/www.zhaw.ch\/de\/linguistik\/studium\/bachelor-kommunikation\/\" target=\"_blank\" rel=\"noopener\"><img loading=\"lazy\" decoding=\"async\" width=\"1024\" height=\"273\" src=\"http:\/\/blog.zhaw.ch\/languagematters\/files\/2020\/05\/2020_02_Blogfooter_BA-JO_2-1024x273.gif\" alt=\"\" class=\"wp-image-8167\" srcset=\"https:\/\/blog.zhaw.ch\/languagematters\/files\/2020\/05\/2020_02_Blogfooter_BA-JO_2-1024x273.gif 1024w, https:\/\/blog.zhaw.ch\/languagematters\/files\/2020\/05\/2020_02_Blogfooter_BA-JO_2-300x80.gif 300w, https:\/\/blog.zhaw.ch\/languagematters\/files\/2020\/05\/2020_02_Blogfooter_BA-JO_2-768x205.gif 768w\" sizes=\"auto, (max-width: 1024px) 100vw, 1024px\" \/><\/a><\/figure>\n\n\n\n<hr class=\"wp-block-separator has-css-opacity is-style-wide\" \/>\n\n\n\n<h2 class=\"wp-block-heading\" id=\"h-weitere-podcastfolgen-von-iam-on-ear\">Weitere Podcastfolgen von IAM on ear<\/h2>\n\n\n\n<ul class=\"wp-block-list\">\n<li><a href=\"https:\/\/blog.zhaw.ch\/languagematters\/2022\/07\/07\/podcast-iam-on-ear-kriegsberichterstattung\/\" target=\"_blank\" rel=\"noreferrer noopener\">Podcast IAM on ear \u2013 Journalist:innen und die Kriegsberichterstattung<\/a><\/li>\n\n\n\n<li><a href=\"https:\/\/blog.zhaw.ch\/languagematters\/2022\/08\/04\/podcast-iam-on-ear-journalistisches-start-up\/\" target=\"_blank\" rel=\"noreferrer noopener\">Podcast IAM on ear \u2013 Ein journalistisches Start-up im Innovations-Check<\/a><\/li>\n<\/ul>\n<div class=\"pt-sm\">Schlagw\u00f6rter: <a href=\"http:\/\/blog.zhaw.ch\/languagematters\/tag\/iam\/\">IAM Institut f\u00fcr Angewandte Medienwissenschaft<\/a>, <a href=\"http:\/\/blog.zhaw.ch\/languagematters\/tag\/journalismus\/\">Journalismus<\/a>, <a href=\"http:\/\/blog.zhaw.ch\/languagematters\/tag\/organisationskommunikation\/\">Organisationskommunikation<\/a><br><\/div>","protected":false},"excerpt":{"rendered":"<p>\u00abDiversit\u00e4t\u00bb ist in den letzten Jahren bei Medienh\u00e4usern zu einem Schlagwort geworden. Das Anliegen also, die Medienberichterstattung beispielsweise bezogen auf Geschlecht, Alter, Herkunft oder Religion vielf\u00e4ltiger zu gestalten. Das IAM hat in einer Studie f\u00fcr die SRG Deutschschweiz Menschen mit und ohne Migrationshintergrund dazu befragt, wie es dem Schweizer Radio und Fernsehen SRF gelingt, Migrant:innen als integralen Teil unserer Migrationsgesellschaft darzustellen und einzubeziehen. Im Podcast erz\u00e4hlt Din-Badara Ndiaye, Fachspezialistin f\u00fcr Diversit\u00e4t und Inklusion bei der Generaldirektion der SRG, wie sie auf die aus der Studie resultierenden Empfehlungen reagiert. <\/p>\n","protected":false},"author":487,"featured_media":13139,"comment_status":"open","ping_status":"open","sticky":false,"template":"","format":"standard","meta":{"ngg_post_thumbnail":0,"footnotes":""},"categories":[203],"tags":[200,50,80],"features":[],"class_list":["post-13131","post","type-post","status-publish","format-standard","has-post-thumbnail","hentry","category-forschung","tag-iam","tag-journalismus","tag-organisationskommunikation"],"yoast_head":"<!-- This site is optimized with the Yoast SEO Premium plugin v27.2 (Yoast SEO v27.2) - https:\/\/yoast.com\/product\/yoast-seo-premium-wordpress\/ -->\n<title>Podcast IAM on ear: &quot;Wir sind alle die Schweiz.&quot; \u2013 Diversit\u00e4t in den Medien<\/title>\n<meta name=\"description\" content=\"Wie gelingt es es dem SRF, Diversit\u00e4t in den Medien und damit Migrant:innen als integralen Teil unserer Migrationsgesellschaft einzubeziehen.\" \/>\n<meta name=\"robots\" content=\"index, follow, max-snippet:-1, max-image-preview:large, max-video-preview:-1\" \/>\n<link rel=\"canonical\" href=\"https:\/\/blog.zhaw.ch\/languagematters\/2022\/09\/06\/diversitaet-medien\/\" \/>\n<meta property=\"og:locale\" content=\"de_DE\" \/>\n<meta property=\"og:type\" content=\"article\" \/>\n<meta property=\"og:title\" content=\"Podcast IAM on ear: &quot;Wir sind alle die Schweiz.&quot; \u2013 Diversit\u00e4t in den Medien\" \/>\n<meta property=\"og:description\" content=\"Wie gelingt es es dem SRF, Diversit\u00e4t in den Medien und damit Migrant:innen als integralen Teil unserer Migrationsgesellschaft einzubeziehen.\" \/>\n<meta property=\"og:url\" content=\"https:\/\/blog.zhaw.ch\/languagematters\/2022\/09\/06\/diversitaet-medien\/\" \/>\n<meta property=\"og:site_name\" content=\"Language matters.\" \/>\n<meta property=\"article:published_time\" content=\"2022-09-06T14:13:00+00:00\" \/>\n<meta property=\"article:modified_time\" content=\"2024-08-22T14:23:01+00:00\" \/>\n<meta property=\"og:image\" content=\"http:\/\/blog.zhaw.ch\/languagematters\/files\/2022\/09\/Podcast-IAM-on-ear_Folge-3-diversitaet_Vinzenz-Wyss-und-Din-Badara-Ndiaye-zhaw-angewandte-linguistik.jpg\" \/>\n\t<meta property=\"og:image:width\" content=\"2080\" \/>\n\t<meta property=\"og:image:height\" content=\"1089\" \/>\n\t<meta property=\"og:image:type\" content=\"image\/jpeg\" \/>\n<meta name=\"author\" content=\"spoi\" \/>\n<meta name=\"twitter:card\" content=\"summary_large_image\" \/>\n<meta name=\"twitter:label1\" content=\"Verfasst von\" \/>\n\t<meta name=\"twitter:data1\" content=\"spoi\" \/>\n\t<meta name=\"twitter:label2\" content=\"Gesch\u00e4tzte Lesezeit\" \/>\n\t<meta name=\"twitter:data2\" content=\"1\u00a0Minute\" \/>\n<script type=\"application\/ld+json\" class=\"yoast-schema-graph\">{\"@context\":\"https:\/\/schema.org\",\"@graph\":[{\"@type\":\"Article\",\"@id\":\"https:\/\/blog.zhaw.ch\/languagematters\/2022\/09\/06\/diversitaet-medien\/#article\",\"isPartOf\":{\"@id\":\"https:\/\/blog.zhaw.ch\/languagematters\/2022\/09\/06\/diversitaet-medien\/\"},\"author\":{\"name\":\"spoi\",\"@id\":\"https:\/\/blog.zhaw.ch\/languagematters\/#\/schema\/person\/605ea8801668a20ac9d53a501827f818\"},\"headline\":\"Podcast IAM on ear: &#8222;Wir sind alle die Schweiz.&#8220; \u2013 Diversit\u00e4t in den Medien\",\"datePublished\":\"2022-09-06T14:13:00+00:00\",\"dateModified\":\"2024-08-22T14:23:01+00:00\",\"mainEntityOfPage\":{\"@id\":\"https:\/\/blog.zhaw.ch\/languagematters\/2022\/09\/06\/diversitaet-medien\/\"},\"wordCount\":478,\"commentCount\":0,\"image\":{\"@id\":\"https:\/\/blog.zhaw.ch\/languagematters\/2022\/09\/06\/diversitaet-medien\/#primaryimage\"},\"thumbnailUrl\":\"https:\/\/blog.zhaw.ch\/languagematters\/files\/2022\/09\/Podcast-IAM-on-ear_Folge-3-diversitaet_Vinzenz-Wyss-und-Din-Badara-Ndiaye-zhaw-angewandte-linguistik.jpg\",\"keywords\":[\"IAM Institut f\u00fcr Angewandte Medienwissenschaft\",\"Journalismus\",\"Organisationskommunikation\"],\"articleSection\":[\"Forschung\"],\"inLanguage\":\"de\",\"potentialAction\":[{\"@type\":\"CommentAction\",\"name\":\"Comment\",\"target\":[\"https:\/\/blog.zhaw.ch\/languagematters\/2022\/09\/06\/diversitaet-medien\/#respond\"]}]},{\"@type\":\"WebPage\",\"@id\":\"https:\/\/blog.zhaw.ch\/languagematters\/2022\/09\/06\/diversitaet-medien\/\",\"url\":\"https:\/\/blog.zhaw.ch\/languagematters\/2022\/09\/06\/diversitaet-medien\/\",\"name\":\"Podcast IAM on ear: \\\"Wir sind alle die Schweiz.\\\" \u2013 Diversit\u00e4t in den Medien\",\"isPartOf\":{\"@id\":\"https:\/\/blog.zhaw.ch\/languagematters\/#website\"},\"primaryImageOfPage\":{\"@id\":\"https:\/\/blog.zhaw.ch\/languagematters\/2022\/09\/06\/diversitaet-medien\/#primaryimage\"},\"image\":{\"@id\":\"https:\/\/blog.zhaw.ch\/languagematters\/2022\/09\/06\/diversitaet-medien\/#primaryimage\"},\"thumbnailUrl\":\"https:\/\/blog.zhaw.ch\/languagematters\/files\/2022\/09\/Podcast-IAM-on-ear_Folge-3-diversitaet_Vinzenz-Wyss-und-Din-Badara-Ndiaye-zhaw-angewandte-linguistik.jpg\",\"datePublished\":\"2022-09-06T14:13:00+00:00\",\"dateModified\":\"2024-08-22T14:23:01+00:00\",\"author\":{\"@id\":\"https:\/\/blog.zhaw.ch\/languagematters\/#\/schema\/person\/605ea8801668a20ac9d53a501827f818\"},\"description\":\"Wie gelingt es es dem SRF, Diversit\u00e4t in den Medien und damit Migrant:innen als integralen Teil unserer Migrationsgesellschaft einzubeziehen.\",\"breadcrumb\":{\"@id\":\"https:\/\/blog.zhaw.ch\/languagematters\/2022\/09\/06\/diversitaet-medien\/#breadcrumb\"},\"inLanguage\":\"de\",\"potentialAction\":[{\"@type\":\"ReadAction\",\"target\":[\"https:\/\/blog.zhaw.ch\/languagematters\/2022\/09\/06\/diversitaet-medien\/\"]}]},{\"@type\":\"ImageObject\",\"inLanguage\":\"de\",\"@id\":\"https:\/\/blog.zhaw.ch\/languagematters\/2022\/09\/06\/diversitaet-medien\/#primaryimage\",\"url\":\"https:\/\/blog.zhaw.ch\/languagematters\/files\/2022\/09\/Podcast-IAM-on-ear_Folge-3-diversitaet_Vinzenz-Wyss-und-Din-Badara-Ndiaye-zhaw-angewandte-linguistik.jpg\",\"contentUrl\":\"https:\/\/blog.zhaw.ch\/languagematters\/files\/2022\/09\/Podcast-IAM-on-ear_Folge-3-diversitaet_Vinzenz-Wyss-und-Din-Badara-Ndiaye-zhaw-angewandte-linguistik.jpg\",\"width\":2080,\"height\":1089,\"caption\":\"Diversit\u00e4t in den Schweizer Medien IAM Podcast\"},{\"@type\":\"BreadcrumbList\",\"@id\":\"https:\/\/blog.zhaw.ch\/languagematters\/2022\/09\/06\/diversitaet-medien\/#breadcrumb\",\"itemListElement\":[{\"@type\":\"ListItem\",\"position\":1,\"name\":\"Startseite\",\"item\":\"https:\/\/blog.zhaw.ch\/languagematters\/\"},{\"@type\":\"ListItem\",\"position\":2,\"name\":\"Podcast IAM on ear: &#8220;Wir sind alle die Schweiz.&#8221; \u2013 Diversit\u00e4t in den Medien\"}]},{\"@type\":\"WebSite\",\"@id\":\"https:\/\/blog.zhaw.ch\/languagematters\/#website\",\"url\":\"https:\/\/blog.zhaw.ch\/languagematters\/\",\"name\":\"Language matters.\",\"description\":\"Ein Blog der ZHAW Z\u00fcrcher Hochschule f\u00fcr Angewandte Wissenschaften\",\"potentialAction\":[{\"@type\":\"SearchAction\",\"target\":{\"@type\":\"EntryPoint\",\"urlTemplate\":\"https:\/\/blog.zhaw.ch\/languagematters\/?s={search_term_string}\"},\"query-input\":{\"@type\":\"PropertyValueSpecification\",\"valueRequired\":true,\"valueName\":\"search_term_string\"}}],\"inLanguage\":\"de\"},{\"@type\":\"Person\",\"@id\":\"https:\/\/blog.zhaw.ch\/languagematters\/#\/schema\/person\/605ea8801668a20ac9d53a501827f818\",\"name\":\"spoi\",\"image\":{\"@type\":\"ImageObject\",\"inLanguage\":\"de\",\"@id\":\"https:\/\/secure.gravatar.com\/avatar\/059ef4d6a19f5d97714a8703de5169cd243767c225b4ce20e2f174ba440f5ff8?s=96&d=mm&r=g\",\"url\":\"https:\/\/secure.gravatar.com\/avatar\/059ef4d6a19f5d97714a8703de5169cd243767c225b4ce20e2f174ba440f5ff8?s=96&d=mm&r=g\",\"contentUrl\":\"https:\/\/secure.gravatar.com\/avatar\/059ef4d6a19f5d97714a8703de5169cd243767c225b4ce20e2f174ba440f5ff8?s=96&d=mm&r=g\",\"caption\":\"spoi\"},\"url\":\"https:\/\/blog.zhaw.ch\/languagematters\/author\/spoi\/\"}]}<\/script>\n<!-- \/ Yoast SEO Premium plugin. -->","yoast_head_json":{"title":"Podcast IAM on ear: \"Wir sind alle die Schweiz.\" \u2013 Diversit\u00e4t in den Medien","description":"Wie gelingt es es dem SRF, Diversit\u00e4t in den Medien und damit Migrant:innen als integralen Teil unserer Migrationsgesellschaft einzubeziehen.","robots":{"index":"index","follow":"follow","max-snippet":"max-snippet:-1","max-image-preview":"max-image-preview:large","max-video-preview":"max-video-preview:-1"},"canonical":"https:\/\/blog.zhaw.ch\/languagematters\/2022\/09\/06\/diversitaet-medien\/","og_locale":"de_DE","og_type":"article","og_title":"Podcast IAM on ear: \"Wir sind alle die Schweiz.\" \u2013 Diversit\u00e4t in den Medien","og_description":"Wie gelingt es es dem SRF, Diversit\u00e4t in den Medien und damit Migrant:innen als integralen Teil unserer Migrationsgesellschaft einzubeziehen.","og_url":"https:\/\/blog.zhaw.ch\/languagematters\/2022\/09\/06\/diversitaet-medien\/","og_site_name":"Language matters.","article_published_time":"2022-09-06T14:13:00+00:00","article_modified_time":"2024-08-22T14:23:01+00:00","og_image":[{"width":2080,"height":1089,"url":"http:\/\/blog.zhaw.ch\/languagematters\/files\/2022\/09\/Podcast-IAM-on-ear_Folge-3-diversitaet_Vinzenz-Wyss-und-Din-Badara-Ndiaye-zhaw-angewandte-linguistik.jpg","type":"image\/jpeg"}],"author":"spoi","twitter_card":"summary_large_image","twitter_misc":{"Verfasst von":"spoi","Gesch\u00e4tzte Lesezeit":"1\u00a0Minute"},"schema":{"@context":"https:\/\/schema.org","@graph":[{"@type":"Article","@id":"https:\/\/blog.zhaw.ch\/languagematters\/2022\/09\/06\/diversitaet-medien\/#article","isPartOf":{"@id":"https:\/\/blog.zhaw.ch\/languagematters\/2022\/09\/06\/diversitaet-medien\/"},"author":{"name":"spoi","@id":"https:\/\/blog.zhaw.ch\/languagematters\/#\/schema\/person\/605ea8801668a20ac9d53a501827f818"},"headline":"Podcast IAM on ear: &#8222;Wir sind alle die Schweiz.&#8220; \u2013 Diversit\u00e4t in den Medien","datePublished":"2022-09-06T14:13:00+00:00","dateModified":"2024-08-22T14:23:01+00:00","mainEntityOfPage":{"@id":"https:\/\/blog.zhaw.ch\/languagematters\/2022\/09\/06\/diversitaet-medien\/"},"wordCount":478,"commentCount":0,"image":{"@id":"https:\/\/blog.zhaw.ch\/languagematters\/2022\/09\/06\/diversitaet-medien\/#primaryimage"},"thumbnailUrl":"https:\/\/blog.zhaw.ch\/languagematters\/files\/2022\/09\/Podcast-IAM-on-ear_Folge-3-diversitaet_Vinzenz-Wyss-und-Din-Badara-Ndiaye-zhaw-angewandte-linguistik.jpg","keywords":["IAM Institut f\u00fcr Angewandte Medienwissenschaft","Journalismus","Organisationskommunikation"],"articleSection":["Forschung"],"inLanguage":"de","potentialAction":[{"@type":"CommentAction","name":"Comment","target":["https:\/\/blog.zhaw.ch\/languagematters\/2022\/09\/06\/diversitaet-medien\/#respond"]}]},{"@type":"WebPage","@id":"https:\/\/blog.zhaw.ch\/languagematters\/2022\/09\/06\/diversitaet-medien\/","url":"https:\/\/blog.zhaw.ch\/languagematters\/2022\/09\/06\/diversitaet-medien\/","name":"Podcast IAM on ear: \"Wir sind alle die Schweiz.\" \u2013 Diversit\u00e4t in den Medien","isPartOf":{"@id":"https:\/\/blog.zhaw.ch\/languagematters\/#website"},"primaryImageOfPage":{"@id":"https:\/\/blog.zhaw.ch\/languagematters\/2022\/09\/06\/diversitaet-medien\/#primaryimage"},"image":{"@id":"https:\/\/blog.zhaw.ch\/languagematters\/2022\/09\/06\/diversitaet-medien\/#primaryimage"},"thumbnailUrl":"https:\/\/blog.zhaw.ch\/languagematters\/files\/2022\/09\/Podcast-IAM-on-ear_Folge-3-diversitaet_Vinzenz-Wyss-und-Din-Badara-Ndiaye-zhaw-angewandte-linguistik.jpg","datePublished":"2022-09-06T14:13:00+00:00","dateModified":"2024-08-22T14:23:01+00:00","author":{"@id":"https:\/\/blog.zhaw.ch\/languagematters\/#\/schema\/person\/605ea8801668a20ac9d53a501827f818"},"description":"Wie gelingt es es dem SRF, Diversit\u00e4t in den Medien und damit Migrant:innen als integralen Teil unserer Migrationsgesellschaft einzubeziehen.","breadcrumb":{"@id":"https:\/\/blog.zhaw.ch\/languagematters\/2022\/09\/06\/diversitaet-medien\/#breadcrumb"},"inLanguage":"de","potentialAction":[{"@type":"ReadAction","target":["https:\/\/blog.zhaw.ch\/languagematters\/2022\/09\/06\/diversitaet-medien\/"]}]},{"@type":"ImageObject","inLanguage":"de","@id":"https:\/\/blog.zhaw.ch\/languagematters\/2022\/09\/06\/diversitaet-medien\/#primaryimage","url":"https:\/\/blog.zhaw.ch\/languagematters\/files\/2022\/09\/Podcast-IAM-on-ear_Folge-3-diversitaet_Vinzenz-Wyss-und-Din-Badara-Ndiaye-zhaw-angewandte-linguistik.jpg","contentUrl":"https:\/\/blog.zhaw.ch\/languagematters\/files\/2022\/09\/Podcast-IAM-on-ear_Folge-3-diversitaet_Vinzenz-Wyss-und-Din-Badara-Ndiaye-zhaw-angewandte-linguistik.jpg","width":2080,"height":1089,"caption":"Diversit\u00e4t in den Schweizer Medien IAM Podcast"},{"@type":"BreadcrumbList","@id":"https:\/\/blog.zhaw.ch\/languagematters\/2022\/09\/06\/diversitaet-medien\/#breadcrumb","itemListElement":[{"@type":"ListItem","position":1,"name":"Startseite","item":"https:\/\/blog.zhaw.ch\/languagematters\/"},{"@type":"ListItem","position":2,"name":"Podcast IAM on ear: &#8220;Wir sind alle die Schweiz.&#8221; \u2013 Diversit\u00e4t in den Medien"}]},{"@type":"WebSite","@id":"https:\/\/blog.zhaw.ch\/languagematters\/#website","url":"https:\/\/blog.zhaw.ch\/languagematters\/","name":"Language matters.","description":"Ein Blog der ZHAW Z\u00fcrcher Hochschule f\u00fcr Angewandte Wissenschaften","potentialAction":[{"@type":"SearchAction","target":{"@type":"EntryPoint","urlTemplate":"https:\/\/blog.zhaw.ch\/languagematters\/?s={search_term_string}"},"query-input":{"@type":"PropertyValueSpecification","valueRequired":true,"valueName":"search_term_string"}}],"inLanguage":"de"},{"@type":"Person","@id":"https:\/\/blog.zhaw.ch\/languagematters\/#\/schema\/person\/605ea8801668a20ac9d53a501827f818","name":"spoi","image":{"@type":"ImageObject","inLanguage":"de","@id":"https:\/\/secure.gravatar.com\/avatar\/059ef4d6a19f5d97714a8703de5169cd243767c225b4ce20e2f174ba440f5ff8?s=96&d=mm&r=g","url":"https:\/\/secure.gravatar.com\/avatar\/059ef4d6a19f5d97714a8703de5169cd243767c225b4ce20e2f174ba440f5ff8?s=96&d=mm&r=g","contentUrl":"https:\/\/secure.gravatar.com\/avatar\/059ef4d6a19f5d97714a8703de5169cd243767c225b4ce20e2f174ba440f5ff8?s=96&d=mm&r=g","caption":"spoi"},"url":"https:\/\/blog.zhaw.ch\/languagematters\/author\/spoi\/"}]}},"_links":{"self":[{"href":"https:\/\/blog.zhaw.ch\/languagematters\/wp-json\/wp\/v2\/posts\/13131","targetHints":{"allow":["GET"]}}],"collection":[{"href":"https:\/\/blog.zhaw.ch\/languagematters\/wp-json\/wp\/v2\/posts"}],"about":[{"href":"https:\/\/blog.zhaw.ch\/languagematters\/wp-json\/wp\/v2\/types\/post"}],"author":[{"embeddable":true,"href":"https:\/\/blog.zhaw.ch\/languagematters\/wp-json\/wp\/v2\/users\/487"}],"replies":[{"embeddable":true,"href":"https:\/\/blog.zhaw.ch\/languagematters\/wp-json\/wp\/v2\/comments?post=13131"}],"version-history":[{"count":10,"href":"https:\/\/blog.zhaw.ch\/languagematters\/wp-json\/wp\/v2\/posts\/13131\/revisions"}],"predecessor-version":[{"id":15301,"href":"https:\/\/blog.zhaw.ch\/languagematters\/wp-json\/wp\/v2\/posts\/13131\/revisions\/15301"}],"wp:featuredmedia":[{"embeddable":true,"href":"https:\/\/blog.zhaw.ch\/languagematters\/wp-json\/wp\/v2\/media\/13139"}],"wp:attachment":[{"href":"https:\/\/blog.zhaw.ch\/languagematters\/wp-json\/wp\/v2\/media?parent=13131"}],"wp:term":[{"taxonomy":"category","embeddable":true,"href":"https:\/\/blog.zhaw.ch\/languagematters\/wp-json\/wp\/v2\/categories?post=13131"},{"taxonomy":"post_tag","embeddable":true,"href":"https:\/\/blog.zhaw.ch\/languagematters\/wp-json\/wp\/v2\/tags?post=13131"},{"taxonomy":"features","embeddable":true,"href":"https:\/\/blog.zhaw.ch\/languagematters\/wp-json\/wp\/v2\/features?post=13131"}],"curies":[{"name":"wp","href":"https:\/\/api.w.org\/{rel}","templated":true}]}}