{"id":12903,"date":"2022-07-07T11:13:00","date_gmt":"2022-07-07T09:13:00","guid":{"rendered":"https:\/\/blog.zhaw.ch\/languagematters\/?p=12903"},"modified":"2024-08-08T16:39:12","modified_gmt":"2024-08-08T14:39:12","slug":"podcast-iam-on-ear-kriegsberichterstattung","status":"publish","type":"post","link":"https:\/\/blog.zhaw.ch\/languagematters\/2022\/07\/07\/podcast-iam-on-ear-kriegsberichterstattung\/","title":{"rendered":"Podcast IAM on ear \u2013 Journalist:innen und die Kriegsberichterstattung"},"content":{"rendered":"\n<p class=\"has-medium-font-size\">Was zeichnet die Berichterstattung zum Ukraine-Krieg aus? Welche Rolle spielt dabei die Agenda von Regierungen und Regierungsvertreter:innen? Und wie gehen Journalist:innen vor, wenn die Wahrhaftigkeit von Informationen nicht klar gegeben ist? Guido Keel, Professor f\u00fcr Media Literacy, spricht im Podcast IAM on ear mit dem SRF Redaktor und Journalismus-Dozenten Pascal Nufer \u00fcber diese und weitere Fragen.<\/p>\n\n\n\n<p style=\"font-size:14px\">Autoren: <a href=\"https:\/\/www.zhaw.ch\/de\/ueber-uns\/person\/kegu\/\" target=\"_blank\" rel=\"noreferrer noopener\">Guido Keel<\/a> und <a href=\"https:\/\/www.zhaw.ch\/de\/ueber-uns\/person\/nufe\/\" target=\"_blank\" rel=\"noreferrer noopener\">Pascal Nufer<\/a><\/p>\n\n\n\n<p>Seit vier Monaten verfolgt die Welt mit grossem Interesse den Krieg in der Ukraine. Die Arbeit der Medienschaffenden, die uns die Geschichten und Bilder der Trag\u00f6die vermitteln, ist komplex: Nicht nur die beiden Regierungen, in Kiew und in Moskau, versuchen, die \u00f6ffentliche Meinungsbildung mit gezieltem Storytelling zu beeinflussen. Zahllose unbekannte Zivilist:innen, Amateur-Reporter:innen und auch Milit\u00e4rs, ausger\u00fcstet mit hochaufl\u00f6senden Smartphones und organisiert in sozialen Netzwerken, verbreiten ihre Sicht der Dinge an ein internationales Publikum. Zusammen mit \u00f6ffentlich verf\u00fcgbaren Satellitenbildern und anderen Informationen aus der Ukraine und Russland entsteht so eine chaotische Nachrichtenlage, in der Journalist:innen Tag f\u00fcr Tag die Realit\u00e4t akkurat darzustellen versuchen. Die Selektion und Zusammenstellung von Inhalten stellt diese vor vielf\u00e4ltige Schwierigkeiten: Wem soll man glauben, wenn man die Dinge nicht selbst verifizieren kann? Wie soll man mit der Informationsflut umgehen? Inwiefern hat man als Journalist:in neutral zu sein, wenn ein Staat einen souver\u00e4nen anderen Staat angreift und besetzt?<\/p>\n\n\n\n<p>Im Gespr\u00e4ch mit Guido Keel gibt SRF-Redaktor Pascal Nufer einen Einblick in seinen Berufsalltag als SRF-Redaktor, der t\u00e4glich \u00fcber den Krieg zu berichten hat. Als ehemaliger China- und S\u00fcdostasien-Korrespondent von SRF ist er sich gewohnt, mit komplexen, strategisch gesteuerten Informationen umzugehen. Wie er diese Erfahrung nutzt und wie er seine Rolle als Journalist in diesem Konflikt sieht, erkl\u00e4rt Nufer in dieser ersten Ausgabe des Podcast IAM on ear.<br><br><strong>Hier der Link zum Podcast:<\/strong> <a href=\"https:\/\/brnw.ch\/21wCGYn\">https:\/\/brnw.ch\/21wCGYn<\/a><\/p>\n\n\n\n<hr class=\"wp-block-separator has-css-opacity is-style-wide\" \/>\n\n\n\n<p><strong>IAM on ear <\/strong>ist der Podcast aus dem Institut f\u00fcr Angewandte Medienwissenschaft der ZHAW. Beobachtungen und kritische Analysen zu aktuellen Themen aus dem Journalismus und der Organisationskommunikation.<\/p>\n\n\n\n<hr class=\"wp-block-separator has-css-opacity is-style-wide\" \/>\n\n\n\n<figure class=\"wp-block-image size-large\"><a href=\"https:\/\/www.zhaw.ch\/de\/linguistik\/studium\/bachelor-kommunikation\/\" target=\"_blank\" rel=\"noopener\"><img loading=\"lazy\" decoding=\"async\" width=\"1024\" height=\"273\" src=\"http:\/\/blog.zhaw.ch\/languagematters\/files\/2020\/08\/2020_02_Blogfooter_BA-JO_2-1024x273.gif\" alt=\"Bachelor-Kommunikation-Studiengang-ZHAW\" class=\"wp-image-8981\" srcset=\"https:\/\/blog.zhaw.ch\/languagematters\/files\/2020\/08\/2020_02_Blogfooter_BA-JO_2-1024x273.gif 1024w, https:\/\/blog.zhaw.ch\/languagematters\/files\/2020\/08\/2020_02_Blogfooter_BA-JO_2-300x80.gif 300w, https:\/\/blog.zhaw.ch\/languagematters\/files\/2020\/08\/2020_02_Blogfooter_BA-JO_2-768x205.gif 768w\" sizes=\"auto, (max-width: 1024px) 100vw, 1024px\" \/><\/a><\/figure>\n<div class=\"pt-sm\">Schlagw\u00f6rter: <a href=\"http:\/\/blog.zhaw.ch\/languagematters\/tag\/iam\/\">IAM Institut f\u00fcr Angewandte Medienwissenschaft<\/a>, <a href=\"http:\/\/blog.zhaw.ch\/languagematters\/tag\/journalismus\/\">Journalismus<\/a><br><\/div>","protected":false},"excerpt":{"rendered":"<p>Was zeichnet die Berichterstattung zum Ukraine-Krieg aus? Welche Rolle spielt dabei die Agenda von Regierungen und Regierungsvertreter:innen? Und wie gehen Journalist:innen vor, wenn die Wahrhaftigkeit von Informationen nicht klar gegeben ist? Guido Keel, Professor f\u00fcr Media Literacy, spricht im Podcast IAM on ear mit dem SRF Redaktor und Journalismus-Dozenten Pascal Nufer \u00fcber diese und weitere Fragen.<\/p>\n","protected":false},"author":487,"featured_media":12912,"comment_status":"open","ping_status":"open","sticky":false,"template":"","format":"standard","meta":{"ngg_post_thumbnail":0,"footnotes":""},"categories":[1],"tags":[200,50],"features":[],"class_list":["post-12903","post","type-post","status-publish","format-standard","has-post-thumbnail","hentry","category-allgemein","tag-iam","tag-journalismus"],"yoast_head":"<!-- This site is optimized with the Yoast SEO Premium plugin v27.2 (Yoast SEO v27.2) - https:\/\/yoast.com\/product\/yoast-seo-premium-wordpress\/ -->\n<title>Podcast IAM on ear \u2013 Journalist:innen und die Kriegsberichterstattung<\/title>\n<meta name=\"description\" content=\"Was zeichnet die Berichterstattung zum Ukraine-Krieg aus und wie gehen Journalist:innen vor, wenn die Wahrhaftigkeit von Informationen unklar ist?\" \/>\n<meta name=\"robots\" content=\"index, follow, max-snippet:-1, max-image-preview:large, max-video-preview:-1\" \/>\n<link rel=\"canonical\" href=\"https:\/\/blog.zhaw.ch\/languagematters\/2022\/07\/07\/podcast-iam-on-ear-kriegsberichterstattung\/\" \/>\n<meta property=\"og:locale\" content=\"de_DE\" \/>\n<meta property=\"og:type\" content=\"article\" \/>\n<meta property=\"og:title\" content=\"Podcast IAM on ear \u2013 Journalist:innen und die Kriegsberichterstattung\" \/>\n<meta property=\"og:description\" content=\"Was zeichnet die Berichterstattung zum Ukraine-Krieg aus und wie gehen Journalist:innen vor, wenn die Wahrhaftigkeit von Informationen unklar ist?\" \/>\n<meta property=\"og:url\" content=\"https:\/\/blog.zhaw.ch\/languagematters\/2022\/07\/07\/podcast-iam-on-ear-kriegsberichterstattung\/\" \/>\n<meta property=\"og:site_name\" content=\"Language matters.\" \/>\n<meta property=\"article:published_time\" content=\"2022-07-07T09:13:00+00:00\" \/>\n<meta property=\"article:modified_time\" content=\"2024-08-08T14:39:12+00:00\" \/>\n<meta property=\"og:image\" content=\"http:\/\/blog.zhaw.ch\/languagematters\/files\/2022\/07\/IAM-Podcast-Folge-1-WP.jpg\" \/>\n\t<meta property=\"og:image:width\" content=\"2208\" \/>\n\t<meta property=\"og:image:height\" content=\"1156\" \/>\n\t<meta property=\"og:image:type\" content=\"image\/jpeg\" \/>\n<meta name=\"author\" content=\"spoi\" \/>\n<meta name=\"twitter:card\" content=\"summary_large_image\" \/>\n<meta name=\"twitter:label1\" content=\"Verfasst von\" \/>\n\t<meta name=\"twitter:data1\" content=\"spoi\" \/>\n\t<meta name=\"twitter:label2\" content=\"Gesch\u00e4tzte Lesezeit\" \/>\n\t<meta name=\"twitter:data2\" content=\"2\u00a0Minuten\" \/>\n<script type=\"application\/ld+json\" class=\"yoast-schema-graph\">{\"@context\":\"https:\/\/schema.org\",\"@graph\":[{\"@type\":\"Article\",\"@id\":\"https:\/\/blog.zhaw.ch\/languagematters\/2022\/07\/07\/podcast-iam-on-ear-kriegsberichterstattung\/#article\",\"isPartOf\":{\"@id\":\"https:\/\/blog.zhaw.ch\/languagematters\/2022\/07\/07\/podcast-iam-on-ear-kriegsberichterstattung\/\"},\"author\":{\"name\":\"spoi\",\"@id\":\"https:\/\/blog.zhaw.ch\/languagematters\/#\/schema\/person\/605ea8801668a20ac9d53a501827f818\"},\"headline\":\"Podcast IAM on ear \u2013 Journalist:innen und die Kriegsberichterstattung\",\"datePublished\":\"2022-07-07T09:13:00+00:00\",\"dateModified\":\"2024-08-08T14:39:12+00:00\",\"mainEntityOfPage\":{\"@id\":\"https:\/\/blog.zhaw.ch\/languagematters\/2022\/07\/07\/podcast-iam-on-ear-kriegsberichterstattung\/\"},\"wordCount\":346,\"commentCount\":0,\"image\":{\"@id\":\"https:\/\/blog.zhaw.ch\/languagematters\/2022\/07\/07\/podcast-iam-on-ear-kriegsberichterstattung\/#primaryimage\"},\"thumbnailUrl\":\"https:\/\/blog.zhaw.ch\/languagematters\/files\/2022\/07\/IAM-Podcast-Folge-1-WP.jpg\",\"keywords\":[\"IAM Institut f\u00fcr Angewandte Medienwissenschaft\",\"Journalismus\"],\"inLanguage\":\"de\",\"potentialAction\":[{\"@type\":\"CommentAction\",\"name\":\"Comment\",\"target\":[\"https:\/\/blog.zhaw.ch\/languagematters\/2022\/07\/07\/podcast-iam-on-ear-kriegsberichterstattung\/#respond\"]}]},{\"@type\":\"WebPage\",\"@id\":\"https:\/\/blog.zhaw.ch\/languagematters\/2022\/07\/07\/podcast-iam-on-ear-kriegsberichterstattung\/\",\"url\":\"https:\/\/blog.zhaw.ch\/languagematters\/2022\/07\/07\/podcast-iam-on-ear-kriegsberichterstattung\/\",\"name\":\"Podcast IAM on ear \u2013 Journalist:innen und die Kriegsberichterstattung\",\"isPartOf\":{\"@id\":\"https:\/\/blog.zhaw.ch\/languagematters\/#website\"},\"primaryImageOfPage\":{\"@id\":\"https:\/\/blog.zhaw.ch\/languagematters\/2022\/07\/07\/podcast-iam-on-ear-kriegsberichterstattung\/#primaryimage\"},\"image\":{\"@id\":\"https:\/\/blog.zhaw.ch\/languagematters\/2022\/07\/07\/podcast-iam-on-ear-kriegsberichterstattung\/#primaryimage\"},\"thumbnailUrl\":\"https:\/\/blog.zhaw.ch\/languagematters\/files\/2022\/07\/IAM-Podcast-Folge-1-WP.jpg\",\"datePublished\":\"2022-07-07T09:13:00+00:00\",\"dateModified\":\"2024-08-08T14:39:12+00:00\",\"author\":{\"@id\":\"https:\/\/blog.zhaw.ch\/languagematters\/#\/schema\/person\/605ea8801668a20ac9d53a501827f818\"},\"description\":\"Was zeichnet die Berichterstattung zum Ukraine-Krieg aus und wie gehen Journalist:innen vor, wenn die Wahrhaftigkeit von Informationen unklar ist?\",\"breadcrumb\":{\"@id\":\"https:\/\/blog.zhaw.ch\/languagematters\/2022\/07\/07\/podcast-iam-on-ear-kriegsberichterstattung\/#breadcrumb\"},\"inLanguage\":\"de\",\"potentialAction\":[{\"@type\":\"ReadAction\",\"target\":[\"https:\/\/blog.zhaw.ch\/languagematters\/2022\/07\/07\/podcast-iam-on-ear-kriegsberichterstattung\/\"]}]},{\"@type\":\"ImageObject\",\"inLanguage\":\"de\",\"@id\":\"https:\/\/blog.zhaw.ch\/languagematters\/2022\/07\/07\/podcast-iam-on-ear-kriegsberichterstattung\/#primaryimage\",\"url\":\"https:\/\/blog.zhaw.ch\/languagematters\/files\/2022\/07\/IAM-Podcast-Folge-1-WP.jpg\",\"contentUrl\":\"https:\/\/blog.zhaw.ch\/languagematters\/files\/2022\/07\/IAM-Podcast-Folge-1-WP.jpg\",\"width\":2208,\"height\":1156,\"caption\":\"Guido Keel spricht im Podcast IAM on ear mit Pascal Nufer \u00fcber das Thema Kriegsberichterstattung und die Rolle von Journalist:innen.\"},{\"@type\":\"BreadcrumbList\",\"@id\":\"https:\/\/blog.zhaw.ch\/languagematters\/2022\/07\/07\/podcast-iam-on-ear-kriegsberichterstattung\/#breadcrumb\",\"itemListElement\":[{\"@type\":\"ListItem\",\"position\":1,\"name\":\"Startseite\",\"item\":\"https:\/\/blog.zhaw.ch\/languagematters\/\"},{\"@type\":\"ListItem\",\"position\":2,\"name\":\"Podcast IAM on ear \u2013 Journalist:innen und die Kriegsberichterstattung\"}]},{\"@type\":\"WebSite\",\"@id\":\"https:\/\/blog.zhaw.ch\/languagematters\/#website\",\"url\":\"https:\/\/blog.zhaw.ch\/languagematters\/\",\"name\":\"Language matters.\",\"description\":\"Ein Blog der ZHAW Z\u00fcrcher Hochschule f\u00fcr Angewandte Wissenschaften\",\"potentialAction\":[{\"@type\":\"SearchAction\",\"target\":{\"@type\":\"EntryPoint\",\"urlTemplate\":\"https:\/\/blog.zhaw.ch\/languagematters\/?s={search_term_string}\"},\"query-input\":{\"@type\":\"PropertyValueSpecification\",\"valueRequired\":true,\"valueName\":\"search_term_string\"}}],\"inLanguage\":\"de\"},{\"@type\":\"Person\",\"@id\":\"https:\/\/blog.zhaw.ch\/languagematters\/#\/schema\/person\/605ea8801668a20ac9d53a501827f818\",\"name\":\"spoi\",\"image\":{\"@type\":\"ImageObject\",\"inLanguage\":\"de\",\"@id\":\"https:\/\/secure.gravatar.com\/avatar\/059ef4d6a19f5d97714a8703de5169cd243767c225b4ce20e2f174ba440f5ff8?s=96&d=mm&r=g\",\"url\":\"https:\/\/secure.gravatar.com\/avatar\/059ef4d6a19f5d97714a8703de5169cd243767c225b4ce20e2f174ba440f5ff8?s=96&d=mm&r=g\",\"contentUrl\":\"https:\/\/secure.gravatar.com\/avatar\/059ef4d6a19f5d97714a8703de5169cd243767c225b4ce20e2f174ba440f5ff8?s=96&d=mm&r=g\",\"caption\":\"spoi\"},\"url\":\"https:\/\/blog.zhaw.ch\/languagematters\/author\/spoi\/\"}]}<\/script>\n<!-- \/ Yoast SEO Premium plugin. -->","yoast_head_json":{"title":"Podcast IAM on ear \u2013 Journalist:innen und die Kriegsberichterstattung","description":"Was zeichnet die Berichterstattung zum Ukraine-Krieg aus und wie gehen Journalist:innen vor, wenn die Wahrhaftigkeit von Informationen unklar ist?","robots":{"index":"index","follow":"follow","max-snippet":"max-snippet:-1","max-image-preview":"max-image-preview:large","max-video-preview":"max-video-preview:-1"},"canonical":"https:\/\/blog.zhaw.ch\/languagematters\/2022\/07\/07\/podcast-iam-on-ear-kriegsberichterstattung\/","og_locale":"de_DE","og_type":"article","og_title":"Podcast IAM on ear \u2013 Journalist:innen und die Kriegsberichterstattung","og_description":"Was zeichnet die Berichterstattung zum Ukraine-Krieg aus und wie gehen Journalist:innen vor, wenn die Wahrhaftigkeit von Informationen unklar ist?","og_url":"https:\/\/blog.zhaw.ch\/languagematters\/2022\/07\/07\/podcast-iam-on-ear-kriegsberichterstattung\/","og_site_name":"Language matters.","article_published_time":"2022-07-07T09:13:00+00:00","article_modified_time":"2024-08-08T14:39:12+00:00","og_image":[{"width":2208,"height":1156,"url":"http:\/\/blog.zhaw.ch\/languagematters\/files\/2022\/07\/IAM-Podcast-Folge-1-WP.jpg","type":"image\/jpeg"}],"author":"spoi","twitter_card":"summary_large_image","twitter_misc":{"Verfasst von":"spoi","Gesch\u00e4tzte Lesezeit":"2\u00a0Minuten"},"schema":{"@context":"https:\/\/schema.org","@graph":[{"@type":"Article","@id":"https:\/\/blog.zhaw.ch\/languagematters\/2022\/07\/07\/podcast-iam-on-ear-kriegsberichterstattung\/#article","isPartOf":{"@id":"https:\/\/blog.zhaw.ch\/languagematters\/2022\/07\/07\/podcast-iam-on-ear-kriegsberichterstattung\/"},"author":{"name":"spoi","@id":"https:\/\/blog.zhaw.ch\/languagematters\/#\/schema\/person\/605ea8801668a20ac9d53a501827f818"},"headline":"Podcast IAM on ear \u2013 Journalist:innen und die Kriegsberichterstattung","datePublished":"2022-07-07T09:13:00+00:00","dateModified":"2024-08-08T14:39:12+00:00","mainEntityOfPage":{"@id":"https:\/\/blog.zhaw.ch\/languagematters\/2022\/07\/07\/podcast-iam-on-ear-kriegsberichterstattung\/"},"wordCount":346,"commentCount":0,"image":{"@id":"https:\/\/blog.zhaw.ch\/languagematters\/2022\/07\/07\/podcast-iam-on-ear-kriegsberichterstattung\/#primaryimage"},"thumbnailUrl":"https:\/\/blog.zhaw.ch\/languagematters\/files\/2022\/07\/IAM-Podcast-Folge-1-WP.jpg","keywords":["IAM Institut f\u00fcr Angewandte Medienwissenschaft","Journalismus"],"inLanguage":"de","potentialAction":[{"@type":"CommentAction","name":"Comment","target":["https:\/\/blog.zhaw.ch\/languagematters\/2022\/07\/07\/podcast-iam-on-ear-kriegsberichterstattung\/#respond"]}]},{"@type":"WebPage","@id":"https:\/\/blog.zhaw.ch\/languagematters\/2022\/07\/07\/podcast-iam-on-ear-kriegsberichterstattung\/","url":"https:\/\/blog.zhaw.ch\/languagematters\/2022\/07\/07\/podcast-iam-on-ear-kriegsberichterstattung\/","name":"Podcast IAM on ear \u2013 Journalist:innen und die Kriegsberichterstattung","isPartOf":{"@id":"https:\/\/blog.zhaw.ch\/languagematters\/#website"},"primaryImageOfPage":{"@id":"https:\/\/blog.zhaw.ch\/languagematters\/2022\/07\/07\/podcast-iam-on-ear-kriegsberichterstattung\/#primaryimage"},"image":{"@id":"https:\/\/blog.zhaw.ch\/languagematters\/2022\/07\/07\/podcast-iam-on-ear-kriegsberichterstattung\/#primaryimage"},"thumbnailUrl":"https:\/\/blog.zhaw.ch\/languagematters\/files\/2022\/07\/IAM-Podcast-Folge-1-WP.jpg","datePublished":"2022-07-07T09:13:00+00:00","dateModified":"2024-08-08T14:39:12+00:00","author":{"@id":"https:\/\/blog.zhaw.ch\/languagematters\/#\/schema\/person\/605ea8801668a20ac9d53a501827f818"},"description":"Was zeichnet die Berichterstattung zum Ukraine-Krieg aus und wie gehen Journalist:innen vor, wenn die Wahrhaftigkeit von Informationen unklar ist?","breadcrumb":{"@id":"https:\/\/blog.zhaw.ch\/languagematters\/2022\/07\/07\/podcast-iam-on-ear-kriegsberichterstattung\/#breadcrumb"},"inLanguage":"de","potentialAction":[{"@type":"ReadAction","target":["https:\/\/blog.zhaw.ch\/languagematters\/2022\/07\/07\/podcast-iam-on-ear-kriegsberichterstattung\/"]}]},{"@type":"ImageObject","inLanguage":"de","@id":"https:\/\/blog.zhaw.ch\/languagematters\/2022\/07\/07\/podcast-iam-on-ear-kriegsberichterstattung\/#primaryimage","url":"https:\/\/blog.zhaw.ch\/languagematters\/files\/2022\/07\/IAM-Podcast-Folge-1-WP.jpg","contentUrl":"https:\/\/blog.zhaw.ch\/languagematters\/files\/2022\/07\/IAM-Podcast-Folge-1-WP.jpg","width":2208,"height":1156,"caption":"Guido Keel spricht im Podcast IAM on ear mit Pascal Nufer \u00fcber das Thema Kriegsberichterstattung und die Rolle von Journalist:innen."},{"@type":"BreadcrumbList","@id":"https:\/\/blog.zhaw.ch\/languagematters\/2022\/07\/07\/podcast-iam-on-ear-kriegsberichterstattung\/#breadcrumb","itemListElement":[{"@type":"ListItem","position":1,"name":"Startseite","item":"https:\/\/blog.zhaw.ch\/languagematters\/"},{"@type":"ListItem","position":2,"name":"Podcast IAM on ear \u2013 Journalist:innen und die Kriegsberichterstattung"}]},{"@type":"WebSite","@id":"https:\/\/blog.zhaw.ch\/languagematters\/#website","url":"https:\/\/blog.zhaw.ch\/languagematters\/","name":"Language matters.","description":"Ein Blog der ZHAW Z\u00fcrcher Hochschule f\u00fcr Angewandte Wissenschaften","potentialAction":[{"@type":"SearchAction","target":{"@type":"EntryPoint","urlTemplate":"https:\/\/blog.zhaw.ch\/languagematters\/?s={search_term_string}"},"query-input":{"@type":"PropertyValueSpecification","valueRequired":true,"valueName":"search_term_string"}}],"inLanguage":"de"},{"@type":"Person","@id":"https:\/\/blog.zhaw.ch\/languagematters\/#\/schema\/person\/605ea8801668a20ac9d53a501827f818","name":"spoi","image":{"@type":"ImageObject","inLanguage":"de","@id":"https:\/\/secure.gravatar.com\/avatar\/059ef4d6a19f5d97714a8703de5169cd243767c225b4ce20e2f174ba440f5ff8?s=96&d=mm&r=g","url":"https:\/\/secure.gravatar.com\/avatar\/059ef4d6a19f5d97714a8703de5169cd243767c225b4ce20e2f174ba440f5ff8?s=96&d=mm&r=g","contentUrl":"https:\/\/secure.gravatar.com\/avatar\/059ef4d6a19f5d97714a8703de5169cd243767c225b4ce20e2f174ba440f5ff8?s=96&d=mm&r=g","caption":"spoi"},"url":"https:\/\/blog.zhaw.ch\/languagematters\/author\/spoi\/"}]}},"_links":{"self":[{"href":"https:\/\/blog.zhaw.ch\/languagematters\/wp-json\/wp\/v2\/posts\/12903","targetHints":{"allow":["GET"]}}],"collection":[{"href":"https:\/\/blog.zhaw.ch\/languagematters\/wp-json\/wp\/v2\/posts"}],"about":[{"href":"https:\/\/blog.zhaw.ch\/languagematters\/wp-json\/wp\/v2\/types\/post"}],"author":[{"embeddable":true,"href":"https:\/\/blog.zhaw.ch\/languagematters\/wp-json\/wp\/v2\/users\/487"}],"replies":[{"embeddable":true,"href":"https:\/\/blog.zhaw.ch\/languagematters\/wp-json\/wp\/v2\/comments?post=12903"}],"version-history":[{"count":18,"href":"https:\/\/blog.zhaw.ch\/languagematters\/wp-json\/wp\/v2\/posts\/12903\/revisions"}],"predecessor-version":[{"id":16233,"href":"https:\/\/blog.zhaw.ch\/languagematters\/wp-json\/wp\/v2\/posts\/12903\/revisions\/16233"}],"wp:featuredmedia":[{"embeddable":true,"href":"https:\/\/blog.zhaw.ch\/languagematters\/wp-json\/wp\/v2\/media\/12912"}],"wp:attachment":[{"href":"https:\/\/blog.zhaw.ch\/languagematters\/wp-json\/wp\/v2\/media?parent=12903"}],"wp:term":[{"taxonomy":"category","embeddable":true,"href":"https:\/\/blog.zhaw.ch\/languagematters\/wp-json\/wp\/v2\/categories?post=12903"},{"taxonomy":"post_tag","embeddable":true,"href":"https:\/\/blog.zhaw.ch\/languagematters\/wp-json\/wp\/v2\/tags?post=12903"},{"taxonomy":"features","embeddable":true,"href":"https:\/\/blog.zhaw.ch\/languagematters\/wp-json\/wp\/v2\/features?post=12903"}],"curies":[{"name":"wp","href":"https:\/\/api.w.org\/{rel}","templated":true}]}}