{"id":12234,"date":"2022-03-30T16:00:00","date_gmt":"2022-03-30T14:00:00","guid":{"rendered":"https:\/\/blog.zhaw.ch\/languagematters\/?p=12234"},"modified":"2024-08-21T08:45:26","modified_gmt":"2024-08-21T06:45:26","slug":"sprachliche-integration-gesellschaft","status":"publish","type":"post","link":"https:\/\/blog.zhaw.ch\/languagematters\/2022\/03\/30\/sprachliche-integration-gesellschaft\/","title":{"rendered":"Sprachliche Integration als wichtiger Stellenwert in der Gesellschaft"},"content":{"rendered":"\n<p class=\"has-medium-font-size\">Das Unterrichten und Sprachen hat sie im Blut \u2013 eine klassische Lehrerinnenausbildung wollte sie aber nie machen: Jessica Stauffer, 25 Jahre alt und Halbbrasilianerin, studiert im vierten Semester des Bachelorstudiengangs Sprachliche Integration. Im aktuellen Praktikumssemester lernt sie zus\u00e4tzlich zur Perspektive als Deutschlehrperson eine weitere Seite kennen: n\u00e4mlich die der Bewertenden im Pr\u00fcfungszentrum des Goethe-Instituts. Jessica ist sich sicher, auch aufgrund des erneuten Fl\u00fcchtlingsstroms, dass sie mit diesem Studium etwas zur Integration fremdsprachiger Menschen beitragen kann.<\/p>\n\n\n\n<p style=\"font-size:14px\">Autorin: <a href=\"https:\/\/www.zhaw.ch\/de\/ueber-uns\/person\/krui\/\">Stefanie Kr\u00fcsi<\/a><\/p>\n\n\n\n<p>W\u00e4hrend ihrer Fachmatura hat Jessica Stauffer in einem Durchgangsheim f\u00fcr Asylsuchende in Frauenfeld gearbeitet. Dort ist sie neben verschiedenen administrativen T\u00e4tigkeiten dem Unterrichten der deutschen Sprache nachgegangen \u2013 und dabei hat es ihr den \u00c4rmel reingezogen: \u00abMir wurde bei dieser Arbeit bewusst, wie wichtig es f\u00fcr die Asylsuchenden ist, die deutsche Sprache so schnell wie m\u00f6glich zu erlernen, damit sie sich integrieren und in der Schweiz arbeiten k\u00f6nnen\u00bb, berichtet die 25-J\u00e4hrige. Das Unterrichten hat ihr sofort sehr gefallen, sie konnte den Unterricht kreativ mitgestalten und die Fortschritte der Lernenden beobachten: \u00abDabei erhielt ich f\u00fcr mich die Best\u00e4tigung, dass ich ein Flair f\u00fcrs Unterrichten habe und es mir viel Spass bereitet.\u00bb<\/p>\n\n\n\n<p>Dass Jessica unterdessen im vierten Semester des Bachelor Sprachliche Integration studiert, sieht sie als grosses Privileg an. \u00abIch bin selbst in zwei Sprachwelten aufgewachsen. Meine Mutter ist brasilianischer Herkunft, ich bin in S\u00e3o Paulo zur Welt gekommen und habe deshalb einen starken Bezug zu Brasilien und zur portugiesischen Sprache.\u00bb Sprachen haben Jessica schon immer gepr\u00e4gt und auch fasziniert. \u00abEine langj\u00e4hrige Freundin, welche jetzt auch im Bachelor Sprachliche Integration studiert, machte mich auf den Studiengang aufmerksam, und ich war sofort begeistert. Eine klassische Ausbildung als Lehrerin wollte ich nicht machen.\u00bb<\/p>\n\n\n\n<h2 class=\"wp-block-heading\"><strong>Einblicke in verschiedenste Bereiche der Integration<\/strong><\/h2>\n\n\n\n<p>Besonders gef\u00e4llt der 25-J\u00e4hrigen der hohe Praxisbezug des Studiums. \u00abMan kann die Theorie, welche man gelernt hat, sogleich in der Praxis umsetzen, beispielsweise im zweiten Semester bei der Unterrichtsassistenz, welche ich bei der AIDA-Sprachschule f\u00fcr fremdsprachige Frauen in St.Gallen absolviert habe. Auch die Vielfalt der Module sehe ich als Vorteil. Denn man bekommt Einblicke in die verschiedensten Bereiche der Integration. Die Dozenten sind sehr kompetent und hilfsbereit.\u00bb Aktuell befindet sich Jessica im vierten Semester, welches sie als Praktikantin im Pr\u00fcfungszentrum des Goethe-Instituts an der ZHAW absolviert. \u00abDa ich bereits Erfahrungen im Unterrichten sammeln durfte, fand ich es reizvoll, f\u00fcr dieses Praktikum einmal die andere Seite kennenzulernen \u2013 also die der Bewertenden. Ich erhalte dadurch die M\u00f6glichkeit, einen Schritt weiterzugehen und den Bereich eines Pr\u00fcfungszentrums kennenzulernen.\u00bb<\/p>\n\n\n\n<figure class=\"wp-block-gallery has-nested-images columns-default is-cropped wp-block-gallery-1 is-layout-flex wp-block-gallery-is-layout-flex\">\n<figure class=\"wp-block-image size-large\"><img loading=\"lazy\" decoding=\"async\" width=\"1024\" height=\"768\" data-id=\"12239\" src=\"https:\/\/blog.zhaw.ch\/languagematters\/files\/2022\/03\/praktikumsbericht-zhaw-ilc-sprachliche-integration-go-1-1024x768.jpg\" alt=\"Jessica Stauffer Bachelorstudentin Sprachliche Integration im B\u00fcro\" class=\"wp-image-12239\" srcset=\"https:\/\/blog.zhaw.ch\/languagematters\/files\/2022\/03\/praktikumsbericht-zhaw-ilc-sprachliche-integration-go-1-1024x768.jpg 1024w, https:\/\/blog.zhaw.ch\/languagematters\/files\/2022\/03\/praktikumsbericht-zhaw-ilc-sprachliche-integration-go-1-300x225.jpg 300w, https:\/\/blog.zhaw.ch\/languagematters\/files\/2022\/03\/praktikumsbericht-zhaw-ilc-sprachliche-integration-go-1-768x576.jpg 768w, https:\/\/blog.zhaw.ch\/languagematters\/files\/2022\/03\/praktikumsbericht-zhaw-ilc-sprachliche-integration-go-1-1536x1152.jpg 1536w, https:\/\/blog.zhaw.ch\/languagematters\/files\/2022\/03\/praktikumsbericht-zhaw-ilc-sprachliche-integration-go-1.jpg 1770w\" sizes=\"auto, (max-width: 1024px) 100vw, 1024px\" \/><\/figure>\n<figcaption class=\"blocks-gallery-caption wp-element-caption\">Jessica Stauffer absolviert gerade ihr Praktikumssemester im Pr\u00fcfungszentrum des Goethe-Instituts im Rahmen des Bachelor Sprachliche Integration.<\/figcaption><\/figure>\n\n\n\n<p><\/p>\n\n\n\n<p>W\u00e4hrend ihres Praktikumssemesters im Pr\u00fcfungszentrum des Goethe-Instituts arbeitet Jessica in verschiedenen Bereichen mit: \u00abIch f\u00fchre verschiedene administrative T\u00e4tigkeiten im Pr\u00fcfungssekretariat aus, wie zum Beispiel Zertifikate oder Pr\u00fcfungspl\u00e4ne erstellen. Ich habe Recherche- und Kommunikationsaufgaben, wie die Mitarbeit beim Newsletter, und ich werde an den Pr\u00fcfungssessionen im April, Mai und Juni mithelfen. Dabei werde ich die Aufsicht w\u00e4hrend Pr\u00fcfungen \u00fcbernehmen und bei den m\u00fcndlichen sowie schriftlichen Pr\u00fcfungen hospitieren.\u00bb<\/p>\n\n\n\n<h2 class=\"wp-block-heading\"><strong>Aktuelle Weltlage als Best\u00e4tigung f\u00fcr die Wahl ihres Studiums<\/strong><\/h2>\n\n\n\n<p>Jessica ist es wichtig, m\u00f6glichst viel von den verschiedenen Erfahrungen, die sie in der Praxis sammeln darf, mitzunehmen. \u00abIch m\u00f6chte von allem profitieren, was ich in meinem sp\u00e4teren Berufsalltag m\u00f6glichweise anwenden kann.\u00bb Nach Abschluss des Studiums kann sich die Halbbrasilianerin gut vorstellen, als DaF\/DaZ-Lehrerin t\u00e4tig zu sein \u2013 m\u00f6glicherweise im Asylwesen. \u00abDie aktuelle Weltlage mit den neuen Fl\u00fcchtlingsstr\u00f6men best\u00e4tigt mich in meiner Einsch\u00e4tzung, dass diese T\u00e4tigkeit einen wichtigen Stellenwert besitzt.\u00bb Sie hofft, dass sich der Bachelorstudiengang Sprachliche Integration weiterhin durchsetzen wird und viele auf ihn aufmerksam werden, die etwas zur Integration Fremdsprachiger beitragen m\u00f6chten.<\/p>\n\n\n\n<hr class=\"wp-block-separator has-css-opacity\" \/>\n\n\n\n<figure class=\"wp-block-image size-full\"><a href=\"https:\/\/www.zhaw.ch\/kampagne\/sprachliche-integration-studieren\" target=\"_blank\" rel=\"noopener\"><img loading=\"lazy\" decoding=\"async\" width=\"1500\" height=\"400\" src=\"https:\/\/blog.zhaw.ch\/languagematters\/files\/2022\/10\/2020_02_Blogfooter_BA-SI.gif\" alt=\"Informationshinweis zum Bachelor \nSprachliche Integration.\" class=\"wp-image-13265\" \/><\/a><\/figure>\n\n\n\n<hr class=\"wp-block-separator has-css-opacity\" \/>\n\n\n\n<h2 class=\"wp-block-heading\" id=\"block-2f863d9c-327a-48e3-9208-6bd0a9f1ec6e\">\u00c4hnliche Beitr\u00e4ge<\/h2>\n\n\n\n<ul class=\"wp-block-list\">\n<li><a href=\"https:\/\/blog.zhaw.ch\/languagematters\/2022\/03\/22\/kinder-sprachliche-integration\/\">Inspiriert von fremdsprachigen Kindern zum Bachelor Sprachliche Integration<\/a><\/li>\n\n\n\n<li><a href=\"https:\/\/blog.zhaw.ch\/languagematters\/2022\/02\/14\/teilzeitstudentin-bachelor-sprachliche-integration\/\">Eine Ingenieurin als Teilzeitstudentin im Bachelor Sprachliche Integration<\/a><\/li>\n\n\n\n<li><a href=\"https:\/\/blog.zhaw.ch\/languagematters\/2021\/11\/24\/praxismodule-bachelor-sprachliche-integration\/\">In 6 Praxismodulen Profis bei der Arbeit erleben<\/a><\/li>\n\n\n\n<li><a href=\"https:\/\/blog.zhaw.ch\/languagematters\/2022\/01\/17\/sprachliche-integration-praxis\/\">So sieht sprachliche Integration in der Praxis aus<\/a><\/li>\n\n\n\n<li><a href=\"https:\/\/blog.zhaw.ch\/languagematters\/2021\/08\/30\/flight-attendant-zur-studentin-sprachlicher-integration\/\">Von der Flight Attendant zur Studentin Sprachlicher Integration<\/a><\/li>\n<\/ul>\n<div class=\"pt-sm\">Schlagw\u00f6rter: <a href=\"http:\/\/blog.zhaw.ch\/languagematters\/tag\/bachelor-sprachliche-integration\/\">Bachelor Sprachliche Integration<\/a>, <a href=\"http:\/\/blog.zhaw.ch\/languagematters\/tag\/daf-daz\/\">DaF\/DaZ<\/a>, <a href=\"http:\/\/blog.zhaw.ch\/languagematters\/tag\/ilc\/\">ILC Institute of Language Competence<\/a>, <a href=\"http:\/\/blog.zhaw.ch\/languagematters\/tag\/integration\/\">Integration<\/a>, <a href=\"http:\/\/blog.zhaw.ch\/languagematters\/tag\/migration\/\">Migration<\/a>, <a href=\"http:\/\/blog.zhaw.ch\/languagematters\/tag\/praxissemester-ba-sprachliche-integration\/\">Praxissemester BA Sprachliche Integration<\/a>, <a href=\"http:\/\/blog.zhaw.ch\/languagematters\/tag\/sprachliche-integration\/\">Sprachliche Integration<\/a><br><\/div>","protected":false},"excerpt":{"rendered":"<p>Das Unterrichten und Sprachen hat sie im Blut \u2013 eine klassische Lehrerinnenausbildung wollte sie aber nie machen: Jessica Stauffer, 25 Jahre alt und Halbbrasilianerin, studiert im vierten Semester des Bachelorstudiengangs Sprachliche Integration. Im aktuellen Praktikumssemester lernt sie zus\u00e4tzlich zur Perspektive als Deutschlehrperson eine weitere Seite kennen: n\u00e4mlich die der Bewertenden im Pr\u00fcfungszentrum des Goethe-Instituts. Jessica ist sich sicher, auch aufgrund des erneuten Fl\u00fcchtlingsstroms, dass sie mit diesem Studium etwas zur Integration fremdsprachiger Menschen beitragen kann.<\/p>\n","protected":false},"author":552,"featured_media":12248,"comment_status":"open","ping_status":"open","sticky":false,"template":"","format":"standard","meta":{"ngg_post_thumbnail":0,"footnotes":""},"categories":[201],"tags":[259,258,218,279,275,385,257],"features":[],"class_list":["post-12234","post","type-post","status-publish","format-standard","has-post-thumbnail","hentry","category-studium","tag-bachelor-sprachliche-integration","tag-daf-daz","tag-ilc","tag-integration","tag-migration","tag-praxissemester-ba-sprachliche-integration","tag-sprachliche-integration"],"yoast_head":"<!-- This site is optimized with the Yoast SEO Premium plugin v27.2 (Yoast SEO v27.2) - https:\/\/yoast.com\/product\/yoast-seo-premium-wordpress\/ -->\n<title>Sprachliche Integration als wichtiger Stellenwert in der Gesellschaft<\/title>\n<meta name=\"description\" content=\"Jessica Stauffer erz\u00e4hlt, wie sie mit dem BA Sprachliche Integration Migrant:innen in der gesellschaftlichen Integration unterst\u00fctzen m\u00f6chte.\" \/>\n<meta name=\"robots\" content=\"index, follow, max-snippet:-1, max-image-preview:large, max-video-preview:-1\" \/>\n<link rel=\"canonical\" href=\"https:\/\/blog.zhaw.ch\/languagematters\/2022\/03\/30\/sprachliche-integration-gesellschaft\/\" \/>\n<meta property=\"og:locale\" content=\"de_DE\" \/>\n<meta property=\"og:type\" content=\"article\" \/>\n<meta property=\"og:title\" content=\"Sprachliche Integration als wichtiger Stellenwert in der Gesellschaft\" \/>\n<meta property=\"og:description\" content=\"Jessica Stauffer erz\u00e4hlt, wie sie mit dem BA Sprachliche Integration Migrant:innen in der gesellschaftlichen Integration unterst\u00fctzen m\u00f6chte.\" \/>\n<meta property=\"og:url\" content=\"https:\/\/blog.zhaw.ch\/languagematters\/2022\/03\/30\/sprachliche-integration-gesellschaft\/\" \/>\n<meta property=\"og:site_name\" content=\"Language matters.\" \/>\n<meta property=\"article:published_time\" content=\"2022-03-30T14:00:00+00:00\" \/>\n<meta property=\"article:modified_time\" content=\"2024-08-21T06:45:26+00:00\" \/>\n<meta property=\"og:image\" content=\"http:\/\/blog.zhaw.ch\/languagematters\/files\/2022\/03\/praktikum-zhaw-ilc-sprachliche-integration-Kopie.jpg\" \/>\n\t<meta property=\"og:image:width\" content=\"1971\" \/>\n\t<meta property=\"og:image:height\" content=\"1032\" \/>\n\t<meta property=\"og:image:type\" content=\"image\/jpeg\" \/>\n<meta name=\"author\" content=\"krui\" \/>\n<meta name=\"twitter:card\" content=\"summary_large_image\" \/>\n<meta name=\"twitter:label1\" content=\"Verfasst von\" \/>\n\t<meta name=\"twitter:data1\" content=\"krui\" \/>\n\t<meta name=\"twitter:label2\" content=\"Gesch\u00e4tzte Lesezeit\" \/>\n\t<meta name=\"twitter:data2\" content=\"4\u00a0Minuten\" \/>\n<script type=\"application\/ld+json\" class=\"yoast-schema-graph\">{\"@context\":\"https:\/\/schema.org\",\"@graph\":[{\"@type\":\"Article\",\"@id\":\"https:\/\/blog.zhaw.ch\/languagematters\/2022\/03\/30\/sprachliche-integration-gesellschaft\/#article\",\"isPartOf\":{\"@id\":\"https:\/\/blog.zhaw.ch\/languagematters\/2022\/03\/30\/sprachliche-integration-gesellschaft\/\"},\"author\":{\"name\":\"krui\",\"@id\":\"https:\/\/blog.zhaw.ch\/languagematters\/#\/schema\/person\/9d8d3bbfa4e51b8633975d456b34830b\"},\"headline\":\"Sprachliche Integration als wichtiger Stellenwert in der Gesellschaft\",\"datePublished\":\"2022-03-30T14:00:00+00:00\",\"dateModified\":\"2024-08-21T06:45:26+00:00\",\"mainEntityOfPage\":{\"@id\":\"https:\/\/blog.zhaw.ch\/languagematters\/2022\/03\/30\/sprachliche-integration-gesellschaft\/\"},\"wordCount\":692,\"commentCount\":0,\"image\":{\"@id\":\"https:\/\/blog.zhaw.ch\/languagematters\/2022\/03\/30\/sprachliche-integration-gesellschaft\/#primaryimage\"},\"thumbnailUrl\":\"https:\/\/blog.zhaw.ch\/languagematters\/files\/2022\/03\/praktikum-zhaw-ilc-sprachliche-integration-Kopie.jpg\",\"keywords\":[\"Bachelor Sprachliche Integration\",\"DaF\/DaZ\",\"ILC Institute of Language Competence\",\"Integration\",\"Migration\",\"Praxissemester BA Sprachliche Integration\",\"Sprachliche Integration\"],\"articleSection\":[\"Studium\"],\"inLanguage\":\"de\",\"potentialAction\":[{\"@type\":\"CommentAction\",\"name\":\"Comment\",\"target\":[\"https:\/\/blog.zhaw.ch\/languagematters\/2022\/03\/30\/sprachliche-integration-gesellschaft\/#respond\"]}]},{\"@type\":\"WebPage\",\"@id\":\"https:\/\/blog.zhaw.ch\/languagematters\/2022\/03\/30\/sprachliche-integration-gesellschaft\/\",\"url\":\"https:\/\/blog.zhaw.ch\/languagematters\/2022\/03\/30\/sprachliche-integration-gesellschaft\/\",\"name\":\"Sprachliche Integration als wichtiger Stellenwert in der Gesellschaft\",\"isPartOf\":{\"@id\":\"https:\/\/blog.zhaw.ch\/languagematters\/#website\"},\"primaryImageOfPage\":{\"@id\":\"https:\/\/blog.zhaw.ch\/languagematters\/2022\/03\/30\/sprachliche-integration-gesellschaft\/#primaryimage\"},\"image\":{\"@id\":\"https:\/\/blog.zhaw.ch\/languagematters\/2022\/03\/30\/sprachliche-integration-gesellschaft\/#primaryimage\"},\"thumbnailUrl\":\"https:\/\/blog.zhaw.ch\/languagematters\/files\/2022\/03\/praktikum-zhaw-ilc-sprachliche-integration-Kopie.jpg\",\"datePublished\":\"2022-03-30T14:00:00+00:00\",\"dateModified\":\"2024-08-21T06:45:26+00:00\",\"author\":{\"@id\":\"https:\/\/blog.zhaw.ch\/languagematters\/#\/schema\/person\/9d8d3bbfa4e51b8633975d456b34830b\"},\"description\":\"Jessica Stauffer erz\u00e4hlt, wie sie mit dem BA Sprachliche Integration Migrant:innen in der gesellschaftlichen Integration unterst\u00fctzen m\u00f6chte.\",\"breadcrumb\":{\"@id\":\"https:\/\/blog.zhaw.ch\/languagematters\/2022\/03\/30\/sprachliche-integration-gesellschaft\/#breadcrumb\"},\"inLanguage\":\"de\",\"potentialAction\":[{\"@type\":\"ReadAction\",\"target\":[\"https:\/\/blog.zhaw.ch\/languagematters\/2022\/03\/30\/sprachliche-integration-gesellschaft\/\"]}]},{\"@type\":\"ImageObject\",\"inLanguage\":\"de\",\"@id\":\"https:\/\/blog.zhaw.ch\/languagematters\/2022\/03\/30\/sprachliche-integration-gesellschaft\/#primaryimage\",\"url\":\"https:\/\/blog.zhaw.ch\/languagematters\/files\/2022\/03\/praktikum-zhaw-ilc-sprachliche-integration-Kopie.jpg\",\"contentUrl\":\"https:\/\/blog.zhaw.ch\/languagematters\/files\/2022\/03\/praktikum-zhaw-ilc-sprachliche-integration-Kopie.jpg\",\"width\":1971,\"height\":1032,\"caption\":\"Jessica Stauffer Bachelorstudentin Sprachliche Integration\"},{\"@type\":\"BreadcrumbList\",\"@id\":\"https:\/\/blog.zhaw.ch\/languagematters\/2022\/03\/30\/sprachliche-integration-gesellschaft\/#breadcrumb\",\"itemListElement\":[{\"@type\":\"ListItem\",\"position\":1,\"name\":\"Startseite\",\"item\":\"https:\/\/blog.zhaw.ch\/languagematters\/\"},{\"@type\":\"ListItem\",\"position\":2,\"name\":\"Sprachliche Integration als wichtiger Stellenwert in der Gesellschaft\"}]},{\"@type\":\"WebSite\",\"@id\":\"https:\/\/blog.zhaw.ch\/languagematters\/#website\",\"url\":\"https:\/\/blog.zhaw.ch\/languagematters\/\",\"name\":\"Language matters.\",\"description\":\"Ein Blog der ZHAW Z\u00fcrcher Hochschule f\u00fcr Angewandte Wissenschaften\",\"potentialAction\":[{\"@type\":\"SearchAction\",\"target\":{\"@type\":\"EntryPoint\",\"urlTemplate\":\"https:\/\/blog.zhaw.ch\/languagematters\/?s={search_term_string}\"},\"query-input\":{\"@type\":\"PropertyValueSpecification\",\"valueRequired\":true,\"valueName\":\"search_term_string\"}}],\"inLanguage\":\"de\"},{\"@type\":\"Person\",\"@id\":\"https:\/\/blog.zhaw.ch\/languagematters\/#\/schema\/person\/9d8d3bbfa4e51b8633975d456b34830b\",\"name\":\"krui\",\"image\":{\"@type\":\"ImageObject\",\"inLanguage\":\"de\",\"@id\":\"https:\/\/secure.gravatar.com\/avatar\/04a025cfc1e0f49289164ef668861427da59bd5932c8c507bbc710a2218a1be6?s=96&d=mm&r=g\",\"url\":\"https:\/\/secure.gravatar.com\/avatar\/04a025cfc1e0f49289164ef668861427da59bd5932c8c507bbc710a2218a1be6?s=96&d=mm&r=g\",\"contentUrl\":\"https:\/\/secure.gravatar.com\/avatar\/04a025cfc1e0f49289164ef668861427da59bd5932c8c507bbc710a2218a1be6?s=96&d=mm&r=g\",\"caption\":\"krui\"},\"url\":\"https:\/\/blog.zhaw.ch\/languagematters\/author\/krui\/\"}]}<\/script>\n<!-- \/ Yoast SEO Premium plugin. -->","yoast_head_json":{"title":"Sprachliche Integration als wichtiger Stellenwert in der Gesellschaft","description":"Jessica Stauffer erz\u00e4hlt, wie sie mit dem BA Sprachliche Integration Migrant:innen in der gesellschaftlichen Integration unterst\u00fctzen m\u00f6chte.","robots":{"index":"index","follow":"follow","max-snippet":"max-snippet:-1","max-image-preview":"max-image-preview:large","max-video-preview":"max-video-preview:-1"},"canonical":"https:\/\/blog.zhaw.ch\/languagematters\/2022\/03\/30\/sprachliche-integration-gesellschaft\/","og_locale":"de_DE","og_type":"article","og_title":"Sprachliche Integration als wichtiger Stellenwert in der Gesellschaft","og_description":"Jessica Stauffer erz\u00e4hlt, wie sie mit dem BA Sprachliche Integration Migrant:innen in der gesellschaftlichen Integration unterst\u00fctzen m\u00f6chte.","og_url":"https:\/\/blog.zhaw.ch\/languagematters\/2022\/03\/30\/sprachliche-integration-gesellschaft\/","og_site_name":"Language matters.","article_published_time":"2022-03-30T14:00:00+00:00","article_modified_time":"2024-08-21T06:45:26+00:00","og_image":[{"width":1971,"height":1032,"url":"http:\/\/blog.zhaw.ch\/languagematters\/files\/2022\/03\/praktikum-zhaw-ilc-sprachliche-integration-Kopie.jpg","type":"image\/jpeg"}],"author":"krui","twitter_card":"summary_large_image","twitter_misc":{"Verfasst von":"krui","Gesch\u00e4tzte Lesezeit":"4\u00a0Minuten"},"schema":{"@context":"https:\/\/schema.org","@graph":[{"@type":"Article","@id":"https:\/\/blog.zhaw.ch\/languagematters\/2022\/03\/30\/sprachliche-integration-gesellschaft\/#article","isPartOf":{"@id":"https:\/\/blog.zhaw.ch\/languagematters\/2022\/03\/30\/sprachliche-integration-gesellschaft\/"},"author":{"name":"krui","@id":"https:\/\/blog.zhaw.ch\/languagematters\/#\/schema\/person\/9d8d3bbfa4e51b8633975d456b34830b"},"headline":"Sprachliche Integration als wichtiger Stellenwert in der Gesellschaft","datePublished":"2022-03-30T14:00:00+00:00","dateModified":"2024-08-21T06:45:26+00:00","mainEntityOfPage":{"@id":"https:\/\/blog.zhaw.ch\/languagematters\/2022\/03\/30\/sprachliche-integration-gesellschaft\/"},"wordCount":692,"commentCount":0,"image":{"@id":"https:\/\/blog.zhaw.ch\/languagematters\/2022\/03\/30\/sprachliche-integration-gesellschaft\/#primaryimage"},"thumbnailUrl":"https:\/\/blog.zhaw.ch\/languagematters\/files\/2022\/03\/praktikum-zhaw-ilc-sprachliche-integration-Kopie.jpg","keywords":["Bachelor Sprachliche Integration","DaF\/DaZ","ILC Institute of Language Competence","Integration","Migration","Praxissemester BA Sprachliche Integration","Sprachliche Integration"],"articleSection":["Studium"],"inLanguage":"de","potentialAction":[{"@type":"CommentAction","name":"Comment","target":["https:\/\/blog.zhaw.ch\/languagematters\/2022\/03\/30\/sprachliche-integration-gesellschaft\/#respond"]}]},{"@type":"WebPage","@id":"https:\/\/blog.zhaw.ch\/languagematters\/2022\/03\/30\/sprachliche-integration-gesellschaft\/","url":"https:\/\/blog.zhaw.ch\/languagematters\/2022\/03\/30\/sprachliche-integration-gesellschaft\/","name":"Sprachliche Integration als wichtiger Stellenwert in der Gesellschaft","isPartOf":{"@id":"https:\/\/blog.zhaw.ch\/languagematters\/#website"},"primaryImageOfPage":{"@id":"https:\/\/blog.zhaw.ch\/languagematters\/2022\/03\/30\/sprachliche-integration-gesellschaft\/#primaryimage"},"image":{"@id":"https:\/\/blog.zhaw.ch\/languagematters\/2022\/03\/30\/sprachliche-integration-gesellschaft\/#primaryimage"},"thumbnailUrl":"https:\/\/blog.zhaw.ch\/languagematters\/files\/2022\/03\/praktikum-zhaw-ilc-sprachliche-integration-Kopie.jpg","datePublished":"2022-03-30T14:00:00+00:00","dateModified":"2024-08-21T06:45:26+00:00","author":{"@id":"https:\/\/blog.zhaw.ch\/languagematters\/#\/schema\/person\/9d8d3bbfa4e51b8633975d456b34830b"},"description":"Jessica Stauffer erz\u00e4hlt, wie sie mit dem BA Sprachliche Integration Migrant:innen in der gesellschaftlichen Integration unterst\u00fctzen m\u00f6chte.","breadcrumb":{"@id":"https:\/\/blog.zhaw.ch\/languagematters\/2022\/03\/30\/sprachliche-integration-gesellschaft\/#breadcrumb"},"inLanguage":"de","potentialAction":[{"@type":"ReadAction","target":["https:\/\/blog.zhaw.ch\/languagematters\/2022\/03\/30\/sprachliche-integration-gesellschaft\/"]}]},{"@type":"ImageObject","inLanguage":"de","@id":"https:\/\/blog.zhaw.ch\/languagematters\/2022\/03\/30\/sprachliche-integration-gesellschaft\/#primaryimage","url":"https:\/\/blog.zhaw.ch\/languagematters\/files\/2022\/03\/praktikum-zhaw-ilc-sprachliche-integration-Kopie.jpg","contentUrl":"https:\/\/blog.zhaw.ch\/languagematters\/files\/2022\/03\/praktikum-zhaw-ilc-sprachliche-integration-Kopie.jpg","width":1971,"height":1032,"caption":"Jessica Stauffer Bachelorstudentin Sprachliche Integration"},{"@type":"BreadcrumbList","@id":"https:\/\/blog.zhaw.ch\/languagematters\/2022\/03\/30\/sprachliche-integration-gesellschaft\/#breadcrumb","itemListElement":[{"@type":"ListItem","position":1,"name":"Startseite","item":"https:\/\/blog.zhaw.ch\/languagematters\/"},{"@type":"ListItem","position":2,"name":"Sprachliche Integration als wichtiger Stellenwert in der Gesellschaft"}]},{"@type":"WebSite","@id":"https:\/\/blog.zhaw.ch\/languagematters\/#website","url":"https:\/\/blog.zhaw.ch\/languagematters\/","name":"Language matters.","description":"Ein Blog der ZHAW Z\u00fcrcher Hochschule f\u00fcr Angewandte Wissenschaften","potentialAction":[{"@type":"SearchAction","target":{"@type":"EntryPoint","urlTemplate":"https:\/\/blog.zhaw.ch\/languagematters\/?s={search_term_string}"},"query-input":{"@type":"PropertyValueSpecification","valueRequired":true,"valueName":"search_term_string"}}],"inLanguage":"de"},{"@type":"Person","@id":"https:\/\/blog.zhaw.ch\/languagematters\/#\/schema\/person\/9d8d3bbfa4e51b8633975d456b34830b","name":"krui","image":{"@type":"ImageObject","inLanguage":"de","@id":"https:\/\/secure.gravatar.com\/avatar\/04a025cfc1e0f49289164ef668861427da59bd5932c8c507bbc710a2218a1be6?s=96&d=mm&r=g","url":"https:\/\/secure.gravatar.com\/avatar\/04a025cfc1e0f49289164ef668861427da59bd5932c8c507bbc710a2218a1be6?s=96&d=mm&r=g","contentUrl":"https:\/\/secure.gravatar.com\/avatar\/04a025cfc1e0f49289164ef668861427da59bd5932c8c507bbc710a2218a1be6?s=96&d=mm&r=g","caption":"krui"},"url":"https:\/\/blog.zhaw.ch\/languagematters\/author\/krui\/"}]}},"_links":{"self":[{"href":"https:\/\/blog.zhaw.ch\/languagematters\/wp-json\/wp\/v2\/posts\/12234","targetHints":{"allow":["GET"]}}],"collection":[{"href":"https:\/\/blog.zhaw.ch\/languagematters\/wp-json\/wp\/v2\/posts"}],"about":[{"href":"https:\/\/blog.zhaw.ch\/languagematters\/wp-json\/wp\/v2\/types\/post"}],"author":[{"embeddable":true,"href":"https:\/\/blog.zhaw.ch\/languagematters\/wp-json\/wp\/v2\/users\/552"}],"replies":[{"embeddable":true,"href":"https:\/\/blog.zhaw.ch\/languagematters\/wp-json\/wp\/v2\/comments?post=12234"}],"version-history":[{"count":8,"href":"https:\/\/blog.zhaw.ch\/languagematters\/wp-json\/wp\/v2\/posts\/12234\/revisions"}],"predecessor-version":[{"id":15424,"href":"https:\/\/blog.zhaw.ch\/languagematters\/wp-json\/wp\/v2\/posts\/12234\/revisions\/15424"}],"wp:featuredmedia":[{"embeddable":true,"href":"https:\/\/blog.zhaw.ch\/languagematters\/wp-json\/wp\/v2\/media\/12248"}],"wp:attachment":[{"href":"https:\/\/blog.zhaw.ch\/languagematters\/wp-json\/wp\/v2\/media?parent=12234"}],"wp:term":[{"taxonomy":"category","embeddable":true,"href":"https:\/\/blog.zhaw.ch\/languagematters\/wp-json\/wp\/v2\/categories?post=12234"},{"taxonomy":"post_tag","embeddable":true,"href":"https:\/\/blog.zhaw.ch\/languagematters\/wp-json\/wp\/v2\/tags?post=12234"},{"taxonomy":"features","embeddable":true,"href":"https:\/\/blog.zhaw.ch\/languagematters\/wp-json\/wp\/v2\/features?post=12234"}],"curies":[{"name":"wp","href":"https:\/\/api.w.org\/{rel}","templated":true}]}}