{"id":10268,"date":"2021-04-20T08:42:12","date_gmt":"2021-04-20T06:42:12","guid":{"rendered":"http:\/\/blog.zhaw.ch\/languagematters\/?p=10268"},"modified":"2024-08-22T16:27:30","modified_gmt":"2024-08-22T14:27:30","slug":"berufsziel-journalistin","status":"publish","type":"post","link":"https:\/\/blog.zhaw.ch\/languagematters\/2021\/04\/20\/berufsziel-journalistin\/","title":{"rendered":"Nora auf dem Weg zur Journalistin"},"content":{"rendered":"\n<p style=\"font-size:20px\">Nora Z\u00fcst studiert im vierten Semester des Bachelorstudiengang Kommunikation an der ZHAW. Nach der Matura und einem einj\u00e4hrigen Praktikum als Moderatorin und Videojournalistin beim Schaffhauser Fernsehen stand f\u00fcr Nora Z\u00fcst der Berufstraum fest: Journalistin! Mit dem Studiengang Bachelor Kommunikation ist sie dem Einstieg in die Berufswelt der JournalistInnen so nah, wie noch nie zuvor. Im Blogbeitrag gibt sie Einblicke ins Studium und erz\u00e4hlt, warum sie neben der Theorie genauso f\u00fcr die Praxis brennt.<\/p>\n\n\n\n<p style=\"font-size:14px\">Von Laura L\u00fcthi, Praktikantin Marketing &amp; Kommunikation, Departement Angewandte Linguistik, und Studentin im Bachelorstudiengang Kommunikation, am IAM Institut f\u00fcr Angewandte Medienwissenschaft der ZHAW.<\/p>\n\n\n\n<p>Aktuelle, \u00fcberraschende und zum Teil auch verborgene Geschichten aufdecken und diese zielgruppenspezifisch in einen Beitrag verpacken, das ist die grosse Leidenschaft von Nora Z\u00fcst. Die Arbeit nah am Puls des Zeitgeschehens, das Erz\u00e4hlen von Geschichten und die Vielseitigkeit des Aufgabengebiets, die 21-j\u00e4hrige ist fasziniert vom Journalismus.: \u00abIch bin ein Adrenalin-Junkie und brauche die Abwechslung, die mir der Journalismus bietet. Ausserdem lerne ich immer wieder gerne dazu, probiere Neues aus und bin von Natur aus neugierig.\u00bb<\/p>\n\n\n\n<p>Nora studiert im vierten Semester des Bachelorstudiengang Kommunikation und hat sich voller \u00dcberzeugung f\u00fcr die Vertiefung Journalismus entschieden: \u00abBereits vor Studienbeginn wusste ich, dass ich Journalismus w\u00e4hlen werde.\u00bb Diese Entscheidung fiel ihr so leicht, weil sie vor dem Bachelorstudium bereits selbst erleben konnte, wie sich die Arbeit einer Journalistin anf\u00fchlt.<\/p>\n\n\n\n<h2 class=\"wp-block-heading\">Erste Erfahrungen als Videojournalistin<\/h2>\n\n\n\n<p>Nach der Matura absolvierte Nora ein einj\u00e4hriges Praktikum als Moderatorin und Videojournalistin beim Schaffhauser Fernsehen. Dabei lernte sie, was gutes Storytelling ausmacht, und welche Arbeitsschritte notwendig sind, bis ein fertiger Beitrag schliesslich ausgestrahlt werden kann. Begeistert von diesen Erfahrungen, hat sich die Winterthurerin nach dem Besuch eines Infoabends an der ZHAW mit voller \u00dcberzeugung f\u00fcr den Bachelorstudiengang Kommunikation angemeldet.<\/p>\n\n\n\n<div class=\"wp-block-image\"><figure class=\"aligncenter size-large is-resized\"><img loading=\"lazy\" decoding=\"async\" src=\"https:\/\/blog.zhaw.ch\/languagematters\/files\/2021\/04\/Nora-Zuest-Studentin-Bachelorstudiengang-Kommunikation-ZHAW-IAM-Praktikum-Videojournalistin.jpg\" alt=\"\" class=\"wp-image-10279\" width=\"584\" height=\"438\" srcset=\"https:\/\/blog.zhaw.ch\/languagematters\/files\/2021\/04\/Nora-Zuest-Studentin-Bachelorstudiengang-Kommunikation-ZHAW-IAM-Praktikum-Videojournalistin.jpg 960w, https:\/\/blog.zhaw.ch\/languagematters\/files\/2021\/04\/Nora-Zuest-Studentin-Bachelorstudiengang-Kommunikation-ZHAW-IAM-Praktikum-Videojournalistin-300x225.jpg 300w, https:\/\/blog.zhaw.ch\/languagematters\/files\/2021\/04\/Nora-Zuest-Studentin-Bachelorstudiengang-Kommunikation-ZHAW-IAM-Praktikum-Videojournalistin-768x576.jpg 768w\" sizes=\"auto, (max-width: 584px) 100vw, 584px\" \/><figcaption>Nora Z\u00fcst w\u00e4hrend ihrem Praktikum beim Schaffhauser Fernsehen.<\/figcaption><\/figure><\/div>\n\n\n\n<p>Seither sind \u00fcber zwei Jahre vergangen. Das Grundstudium liegt hinter Nora und jetzt, im vierten Semester, kann sie sich auf ihre gew\u00e4hlte Vertiefungsrichtung konzentrieren. Auch wenn Noras Herz ganz klar f\u00fcr den Journalismus schl\u00e4gt, sch\u00e4tzt sie es, dass sie in den ersten drei Semestern auch die Grundlagen der Organisationskommunikation kennengelernt hat. So versteht sie jetzt nicht nur das Wechselspiel zwischen den beiden Berufsrichtungen, sondern hat in Zukunft auch die Flexibilit\u00e4t, sowohl als Journalistin, als auch als Kommunikationsspezialistin arbeiten zu k\u00f6nnen.<\/p>\n\n\n\n<h2 class=\"wp-block-heading\">Theoretische Module schaffen Kontext<\/h2>\n\n\n\n<p>Journalistik z\u00e4hlt schon seit Studienbeginn zu Noras Lieblingsmodulen. In dieser theoriebasierten Vorlesung wird von den Professoren Vinzenz Wyss und Guido Keel der Journalismus aus wissenschaftlicher Sicht diskutiert. F\u00fcr die angehende Journalistin Nora ist das Modul sehr wichtig: \u00abDa ich schon ein Jahr im Journalismus gearbeitet habe, geben mir Theorie-F\u00e4cher wie Journalistik eine Art Rahmen und setzen meine praktische Erfahrung in einen Kontext.\u00bb<\/p>\n\n\n\n<p>Neben der Theorie begeistern Nora auch die Praxis-Module. Im ersten Monat des laufenden Semesters standen in diesen die journalistischen Textsorten im Fokus. So schrieb Nora in den Praxiswerkst\u00e4tten ein Portr\u00e4t und realisierte eine Reportage sowie ein Video-Interview. W\u00e4hrend die Textsorten in den ersten drei Semestern allgemein behandelt wurden, besch\u00e4ftigen sich die Studierenden im vierten Semester \u00fcber l\u00e4ngere Zeit detaillierter mit einer Textsorte. Dabei stehen sie in engem Austausch mit Gastdozierenden, die ihre Erfahrungen aus der Berufspraxis den Studierenden weitergeben. F\u00fcr Nora ist die Praxis-Werkstatt sehr lehrreich: \u00abIch geniesse es, jetzt mehr Zeit f\u00fcr einen Text zu haben. Zudem sch\u00e4tze ich den Austausch mit meinem Praxis-Coach.\u00bb<\/p>\n\n\n\n<p>Nora liebt es zu Schreiben. Deshalb ist es keine grosse \u00dcberraschung, dass sie auch in ihrer Freizeit gerne ganz unterschiedliche Texte zu Papier bringt. Unter anderem sind ihre Geschichten seit Kurzem im Studi-Magazin \u00abBrainstorm\u00bb zu lesen.<\/p>\n\n\n\n<p>Parallel zum Studium und dem Schreiben f\u00fcr das Magazin sammelt Nora weitere praktische Erfahrungen, um ihren Traumberuf sp\u00e4ter professionell aus\u00fcben zu k\u00f6nnen. Dies tut sie seit rund einem Jahr als Respeakerin in der Live-Untertitelung bei Blick TV.<\/p>\n\n\n\n<h2 class=\"wp-block-heading\">Neue Pausenaktivit\u00e4ten w\u00e4hrend der Fernlehre<\/h2>\n\n\n\n<p>Nora mag alles, nur keine Langeweile und langes Stillsitzen. Als Ausgleich zum Studium und zur Arbeit geht sie gerne wandern, macht mehrmals in der Woche Cross Fit und ist am Wochenende in Winterthur Seen als Abteilungsleiterin der \u00f6rtlichen Cevi anzutreffen. \u00abDiese Hobbys schaffen f\u00fcr mich einen guten Ausgleich zum Studium.\u00bb<\/p>\n\n\n\n<div class=\"wp-block-image\"><figure class=\"aligncenter size-large is-resized\"><img loading=\"lazy\" decoding=\"async\" src=\"https:\/\/blog.zhaw.ch\/languagematters\/files\/2021\/04\/nora-zuest-studentin-iam-bachelor-kommunikation-zhaw-819x1024.jpg\" alt=\"\" class=\"wp-image-10293\" width=\"498\" height=\"623\" srcset=\"https:\/\/blog.zhaw.ch\/languagematters\/files\/2021\/04\/nora-zuest-studentin-iam-bachelor-kommunikation-zhaw-819x1024.jpg 819w, https:\/\/blog.zhaw.ch\/languagematters\/files\/2021\/04\/nora-zuest-studentin-iam-bachelor-kommunikation-zhaw-240x300.jpg 240w, https:\/\/blog.zhaw.ch\/languagematters\/files\/2021\/04\/nora-zuest-studentin-iam-bachelor-kommunikation-zhaw-768x960.jpg 768w, https:\/\/blog.zhaw.ch\/languagematters\/files\/2021\/04\/nora-zuest-studentin-iam-bachelor-kommunikation-zhaw-1228x1536.jpg 1228w, https:\/\/blog.zhaw.ch\/languagematters\/files\/2021\/04\/nora-zuest-studentin-iam-bachelor-kommunikation-zhaw.jpg 1438w\" sizes=\"auto, (max-width: 498px) 100vw, 498px\" \/><figcaption>Nora beim Wandern auf dem Creux du Van in Neuenburg.<\/figcaption><\/figure><\/div>\n\n\n\n<p>Aktuell befinden sich alle Studierenden in der Fernlehre. Zuhause, wo so viel Ablenkung m\u00f6glich ist, kann es manchmal schwierig sein, konzentriert zu bleiben. Nora hat f\u00fcr sich in dieser Zeit deshalb neue Rituale angew\u00f6hnt, um ihre Pausen zwischen den Vorlesungen optimal nutzen zu k\u00f6nnen: \u00abUm zwischen den Vorlesungen Kraft zu tanken, mache ich h\u00e4ufig einen kleinen Spaziergang in der Natur. Manchmal mache ich auch gerne mal zehn Liegest\u00fctzen, um wieder so richtig wach zu werden.\u00bb Sollte das alles nicht helfen, greift Nora gerne auf Kaffee zur\u00fcck, den altbew\u00e4hrten Wachmacher: \u00abDas ist allerdings meine nervigste Angewohnheit. Denn seit der Fernlehre habe ich zu Hause unlimitierten Zugriff auf Kaffee. Das hat Auswirkungen auf meinen Konsum.\u00bb<\/p>\n\n\n\n<p>Die Fernlehre hat f\u00fcr Nora aber bald ein Ende. Im f\u00fcnften Semester, das im September startet, wird sie ein halbj\u00e4hriges Praktikum absolvieren. Danach wird sie sich schon bald vertieft mit ihrer Bachelorarbeit besch\u00e4ftigen.<\/p>\n\n\n\n<p>Vor zwei Jahren fand Nora mit ihrem Praktikum beim Schaffhauser Fernsehen ihren Berufstraum. Nun ist sie dem Einstieg in die Berufswelt der JournalistInnen so nah, wie noch nie zuvor. Nach dem Abschluss des Bachelorstudiengang Kommunikation sind die Berufsm\u00f6glichkeiten so vielf\u00e4ltig, dass sich Nora noch nicht sicher ist, wo sie in zehn Jahren stehen m\u00f6chte: \u00abIch sehe mich entweder als Autorin und Bloggerin, Videojournalistin und Dokumentarfilmerin, oder Journalistin bei einem gr\u00f6sseren Medienhaus. Hauptsache im Journalismus!\u00bb<\/p>\n\n\n\n<hr class=\"wp-block-separator is-style-wide\" \/>\n\n\n\n<div class=\"wp-block-image\"><figure class=\"aligncenter size-large\"><a href=\"https:\/\/www.zhaw.ch\/de\/linguistik\/studium\/bachelor-kommunikation\/\" target=\"_blank\" rel=\"noopener\"><img loading=\"lazy\" decoding=\"async\" width=\"1024\" height=\"273\" src=\"http:\/\/blog.zhaw.ch\/languagematters\/files\/2020\/08\/2020_02_Blogfooter_BA-JO_2-1024x273.gif\" alt=\"Bachelor-Kommunikation-Studiengang-ZHAW\" class=\"wp-image-8981\" srcset=\"https:\/\/blog.zhaw.ch\/languagematters\/files\/2020\/08\/2020_02_Blogfooter_BA-JO_2-1024x273.gif 1024w, https:\/\/blog.zhaw.ch\/languagematters\/files\/2020\/08\/2020_02_Blogfooter_BA-JO_2-300x80.gif 300w, https:\/\/blog.zhaw.ch\/languagematters\/files\/2020\/08\/2020_02_Blogfooter_BA-JO_2-768x205.gif 768w\" sizes=\"auto, (max-width: 1024px) 100vw, 1024px\" \/><\/a><\/figure><\/div>\n\n\n\n<hr class=\"wp-block-separator is-style-wide\" \/>\n\n\n\n<h2 class=\"wp-block-heading\">Unsere Studierenden und die AbsolventInnen des Bachelorstudiengang Kommunikation erz\u00e4hlen:<\/h2>\n\n\n\n<ul class=\"wp-block-list\"><li><a rel=\"noreferrer noopener\" href=\"https:\/\/blog.zhaw.ch\/languagematters\/2021\/02\/25\/studiengang-kommunikation-netzwerk\/\" target=\"_blank\">\u00abDer Bachelorstudiengang Kommunikation hat mir ein unbezahlbares Netzwerk geschenkt\u00bb<\/a><\/li><li><a href=\"https:\/\/blog.zhaw.ch\/languagematters\/2021\/03\/04\/auslandsemester-seoul-pandemiezeiten\/\" target=\"_blank\" rel=\"noreferrer noopener\">Von Winterthur nach Seoul \u2013 Mein Auslandsemester in Pandemiezeiten<\/a><\/li><li><a rel=\"noreferrer noopener\" href=\"https:\/\/blog.zhaw.ch\/languagematters\/2021\/01\/14\/beruf-communications-manager\/\" target=\"_blank\">\u00abDie direkte Reaktion des Publikums ist das Sch\u00f6nste\u00bb \u2013 Mein Beruf als Communications Manager<\/a><\/li><li><a rel=\"noreferrer noopener\" href=\"https:\/\/blog.zhaw.ch\/languagematters\/2020\/10\/29\/traumberuf-sportjournalist\/\" target=\"_blank\">\u00abMein Traumberuf war schon immer Sportjournalist\u00bb<\/a><\/li><li><a rel=\"noreferrer noopener\" href=\"https:\/\/blog.zhaw.ch\/languagematters\/2020\/11\/10\/traumberuf-social-media-manager\/\" target=\"_blank\">In der Social-Media-Welt zu Hause<\/a><\/li><li><a rel=\"noreferrer noopener\" href=\"https:\/\/blog.zhaw.ch\/languagematters\/2020\/08\/27\/mit-geschichten-komplexe-sachverhalte-vereinfacht-zu-erklaren-finde-ich-eine-der-schoensten-aufgaben\/\" target=\"_blank\">\u00abMit Geschichten komplexe Sachverhalte vereinfacht zu erkl\u00e4ren, finde ich eine der sch\u00f6nsten Aufgaben\u00bb<\/a><\/li><li><a rel=\"noreferrer noopener\" href=\"https:\/\/blog.zhaw.ch\/languagematters\/2020\/05\/04\/kommunikationsberater-kristian-hachen\/\" target=\"_blank\">Vom Studenten zum Kommunikationsberater<\/a><\/li><li><a rel=\"noreferrer noopener\" href=\"https:\/\/blog.zhaw.ch\/languagematters\/2020\/07\/08\/der-social-media-manager-und-die-liebe-zu-den-bergen\/\" target=\"_blank\">Der Social-Media-Manager und die Liebe zu den Bergen<\/a><\/li><li><a rel=\"noreferrer noopener\" href=\"https:\/\/blog.zhaw.ch\/languagematters\/2019\/02\/14\/am-iam-habe-ich-mich-sofort-wohl-gefuhlt\/\" target=\"_blank\">\u00abAm IAM habe ich mich sofort wohl gef\u00fchlt\u00bb<\/a><\/li><li><a rel=\"noreferrer noopener\" href=\"https:\/\/blog.zhaw.ch\/languagematters\/2019\/11\/12\/mit-videos-geschichten-erzaehlen\/\" target=\"_blank\">Mit Videos Geschichten erz\u00e4hlen<\/a><\/li><li><a rel=\"noreferrer noopener\" href=\"https:\/\/blog.zhaw.ch\/languagematters\/2019\/11\/07\/ein-praktikum-bei-eduwo-zum-geburtstag\/\" target=\"_blank\">Ein Praktikum bei eduwo zum Geburtstag<\/a><\/li><li><a rel=\"noreferrer noopener\" href=\"https:\/\/blog.zhaw.ch\/languagematters\/2019\/10\/09\/vom-pflanzkonzept-zum-kommunikationskonzept\/\" target=\"_blank\">Vom Pflanzkonzept zum Kommunikationskonzept<\/a><\/li><\/ul>\n<div class=\"pt-sm\">Schlagw\u00f6rter: <a href=\"http:\/\/blog.zhaw.ch\/languagematters\/tag\/bachelor-kommunikation-und-medien\/\">Bachelor Kommunikation und Medien<\/a>, <a href=\"http:\/\/blog.zhaw.ch\/languagematters\/tag\/iam\/\">IAM Institut f\u00fcr Angewandte Medienwissenschaft<\/a>, <a href=\"http:\/\/blog.zhaw.ch\/languagematters\/tag\/journalismus\/\">Journalismus<\/a>, <a href=\"http:\/\/blog.zhaw.ch\/languagematters\/tag\/organisationskommunikation\/\">Organisationskommunikation<\/a>, <a href=\"http:\/\/blog.zhaw.ch\/languagematters\/tag\/studibeitrag\/\">Studibeitrag<\/a><br><\/div>","protected":false},"excerpt":{"rendered":"<p>Nora Z\u00fcst studiert im vierten Semester des Bachelorstudiengang Kommunikation an der ZHAW. Denn seit sie nach ihrer Matura ein einj\u00e4hriges Praktikum als Videojournalistin absolviert hat, ist sie sich sicher: Sie m\u00f6chte Journalistin werden.<\/p>\n","protected":false},"author":487,"featured_media":10277,"comment_status":"open","ping_status":"open","sticky":false,"template":"","format":"standard","meta":{"ngg_post_thumbnail":0,"footnotes":""},"categories":[201],"tags":[14,200,50,80,100],"features":[],"class_list":["post-10268","post","type-post","status-publish","format-standard","has-post-thumbnail","hentry","category-studium","tag-bachelor-kommunikation-und-medien","tag-iam","tag-journalismus","tag-organisationskommunikation","tag-studibeitrag"],"yoast_head":"<!-- This site is optimized with the Yoast SEO Premium plugin v27.2 (Yoast SEO v27.2) - https:\/\/yoast.com\/product\/yoast-seo-premium-wordpress\/ -->\n<title>Nora auf dem Weg zur Journalistin<\/title>\n<meta name=\"description\" content=\"Sie m\u00f6chte Journalistin werden. Erhalte Einblicke in ihr Studium, ihrem Lieblingsmodul und erfahre warum sie so f\u00fcr die Praxis brennt.\" \/>\n<meta name=\"robots\" content=\"index, follow, max-snippet:-1, max-image-preview:large, max-video-preview:-1\" \/>\n<link rel=\"canonical\" href=\"https:\/\/blog.zhaw.ch\/languagematters\/2021\/04\/20\/berufsziel-journalistin\/\" \/>\n<meta property=\"og:locale\" content=\"de_DE\" \/>\n<meta property=\"og:type\" content=\"article\" \/>\n<meta property=\"og:title\" content=\"Nora auf dem Weg zur Journalistin\" \/>\n<meta property=\"og:description\" content=\"Sie m\u00f6chte Journalistin werden. Erhalte Einblicke in ihr Studium, ihrem Lieblingsmodul und erfahre warum sie so f\u00fcr die Praxis brennt.\" \/>\n<meta property=\"og:url\" content=\"https:\/\/blog.zhaw.ch\/languagematters\/2021\/04\/20\/berufsziel-journalistin\/\" \/>\n<meta property=\"og:site_name\" content=\"Language matters.\" \/>\n<meta property=\"article:published_time\" content=\"2021-04-20T06:42:12+00:00\" \/>\n<meta property=\"article:modified_time\" content=\"2024-08-22T14:27:30+00:00\" \/>\n<meta property=\"og:image\" content=\"http:\/\/blog.zhaw.ch\/languagematters\/files\/2021\/04\/Nora-Zuest-Studentin-Bachelorstudiengang-Kommunikation-ZHAW-IAM.jpg\" \/>\n\t<meta property=\"og:image:width\" content=\"1639\" \/>\n\t<meta property=\"og:image:height\" content=\"858\" \/>\n\t<meta property=\"og:image:type\" content=\"image\/jpeg\" \/>\n<meta name=\"author\" content=\"spoi\" \/>\n<meta name=\"twitter:card\" content=\"summary_large_image\" \/>\n<meta name=\"twitter:label1\" content=\"Verfasst von\" \/>\n\t<meta name=\"twitter:data1\" content=\"spoi\" \/>\n\t<meta name=\"twitter:label2\" content=\"Gesch\u00e4tzte Lesezeit\" \/>\n\t<meta name=\"twitter:data2\" content=\"7\u00a0Minuten\" \/>\n<script type=\"application\/ld+json\" class=\"yoast-schema-graph\">{\"@context\":\"https:\/\/schema.org\",\"@graph\":[{\"@type\":\"Article\",\"@id\":\"https:\/\/blog.zhaw.ch\/languagematters\/2021\/04\/20\/berufsziel-journalistin\/#article\",\"isPartOf\":{\"@id\":\"https:\/\/blog.zhaw.ch\/languagematters\/2021\/04\/20\/berufsziel-journalistin\/\"},\"author\":{\"name\":\"spoi\",\"@id\":\"https:\/\/blog.zhaw.ch\/languagematters\/#\/schema\/person\/605ea8801668a20ac9d53a501827f818\"},\"headline\":\"Nora auf dem Weg zur Journalistin\",\"datePublished\":\"2021-04-20T06:42:12+00:00\",\"dateModified\":\"2024-08-22T14:27:30+00:00\",\"mainEntityOfPage\":{\"@id\":\"https:\/\/blog.zhaw.ch\/languagematters\/2021\/04\/20\/berufsziel-journalistin\/\"},\"wordCount\":1068,\"commentCount\":0,\"image\":{\"@id\":\"https:\/\/blog.zhaw.ch\/languagematters\/2021\/04\/20\/berufsziel-journalistin\/#primaryimage\"},\"thumbnailUrl\":\"https:\/\/blog.zhaw.ch\/languagematters\/files\/2021\/04\/Nora-Zuest-Studentin-Bachelorstudiengang-Kommunikation-ZHAW-IAM.jpg\",\"keywords\":[\"Bachelor Kommunikation und Medien\",\"IAM Institut f\u00fcr Angewandte Medienwissenschaft\",\"Journalismus\",\"Organisationskommunikation\",\"Studibeitrag\"],\"articleSection\":[\"Studium\"],\"inLanguage\":\"de\",\"potentialAction\":[{\"@type\":\"CommentAction\",\"name\":\"Comment\",\"target\":[\"https:\/\/blog.zhaw.ch\/languagematters\/2021\/04\/20\/berufsziel-journalistin\/#respond\"]}]},{\"@type\":\"WebPage\",\"@id\":\"https:\/\/blog.zhaw.ch\/languagematters\/2021\/04\/20\/berufsziel-journalistin\/\",\"url\":\"https:\/\/blog.zhaw.ch\/languagematters\/2021\/04\/20\/berufsziel-journalistin\/\",\"name\":\"Nora auf dem Weg zur Journalistin\",\"isPartOf\":{\"@id\":\"https:\/\/blog.zhaw.ch\/languagematters\/#website\"},\"primaryImageOfPage\":{\"@id\":\"https:\/\/blog.zhaw.ch\/languagematters\/2021\/04\/20\/berufsziel-journalistin\/#primaryimage\"},\"image\":{\"@id\":\"https:\/\/blog.zhaw.ch\/languagematters\/2021\/04\/20\/berufsziel-journalistin\/#primaryimage\"},\"thumbnailUrl\":\"https:\/\/blog.zhaw.ch\/languagematters\/files\/2021\/04\/Nora-Zuest-Studentin-Bachelorstudiengang-Kommunikation-ZHAW-IAM.jpg\",\"datePublished\":\"2021-04-20T06:42:12+00:00\",\"dateModified\":\"2024-08-22T14:27:30+00:00\",\"author\":{\"@id\":\"https:\/\/blog.zhaw.ch\/languagematters\/#\/schema\/person\/605ea8801668a20ac9d53a501827f818\"},\"description\":\"Sie m\u00f6chte Journalistin werden. Erhalte Einblicke in ihr Studium, ihrem Lieblingsmodul und erfahre warum sie so f\u00fcr die Praxis brennt.\",\"breadcrumb\":{\"@id\":\"https:\/\/blog.zhaw.ch\/languagematters\/2021\/04\/20\/berufsziel-journalistin\/#breadcrumb\"},\"inLanguage\":\"de\",\"potentialAction\":[{\"@type\":\"ReadAction\",\"target\":[\"https:\/\/blog.zhaw.ch\/languagematters\/2021\/04\/20\/berufsziel-journalistin\/\"]}]},{\"@type\":\"ImageObject\",\"inLanguage\":\"de\",\"@id\":\"https:\/\/blog.zhaw.ch\/languagematters\/2021\/04\/20\/berufsziel-journalistin\/#primaryimage\",\"url\":\"https:\/\/blog.zhaw.ch\/languagematters\/files\/2021\/04\/Nora-Zuest-Studentin-Bachelorstudiengang-Kommunikation-ZHAW-IAM.jpg\",\"contentUrl\":\"https:\/\/blog.zhaw.ch\/languagematters\/files\/2021\/04\/Nora-Zuest-Studentin-Bachelorstudiengang-Kommunikation-ZHAW-IAM.jpg\",\"width\":1639,\"height\":858,\"caption\":\"Das Berufsziel der Studentin Nora Z\u00fcst ist Journalistin. Mit dem Bachelor Kommunikation an der ZHAW kommt sie immer n\u00e4her an ihren Wunsch.\"},{\"@type\":\"BreadcrumbList\",\"@id\":\"https:\/\/blog.zhaw.ch\/languagematters\/2021\/04\/20\/berufsziel-journalistin\/#breadcrumb\",\"itemListElement\":[{\"@type\":\"ListItem\",\"position\":1,\"name\":\"Startseite\",\"item\":\"https:\/\/blog.zhaw.ch\/languagematters\/\"},{\"@type\":\"ListItem\",\"position\":2,\"name\":\"Nora auf dem Weg zur Journalistin\"}]},{\"@type\":\"WebSite\",\"@id\":\"https:\/\/blog.zhaw.ch\/languagematters\/#website\",\"url\":\"https:\/\/blog.zhaw.ch\/languagematters\/\",\"name\":\"Language matters.\",\"description\":\"Ein Blog der ZHAW Z\u00fcrcher Hochschule f\u00fcr Angewandte Wissenschaften\",\"potentialAction\":[{\"@type\":\"SearchAction\",\"target\":{\"@type\":\"EntryPoint\",\"urlTemplate\":\"https:\/\/blog.zhaw.ch\/languagematters\/?s={search_term_string}\"},\"query-input\":{\"@type\":\"PropertyValueSpecification\",\"valueRequired\":true,\"valueName\":\"search_term_string\"}}],\"inLanguage\":\"de\"},{\"@type\":\"Person\",\"@id\":\"https:\/\/blog.zhaw.ch\/languagematters\/#\/schema\/person\/605ea8801668a20ac9d53a501827f818\",\"name\":\"spoi\",\"image\":{\"@type\":\"ImageObject\",\"inLanguage\":\"de\",\"@id\":\"https:\/\/secure.gravatar.com\/avatar\/059ef4d6a19f5d97714a8703de5169cd243767c225b4ce20e2f174ba440f5ff8?s=96&d=mm&r=g\",\"url\":\"https:\/\/secure.gravatar.com\/avatar\/059ef4d6a19f5d97714a8703de5169cd243767c225b4ce20e2f174ba440f5ff8?s=96&d=mm&r=g\",\"contentUrl\":\"https:\/\/secure.gravatar.com\/avatar\/059ef4d6a19f5d97714a8703de5169cd243767c225b4ce20e2f174ba440f5ff8?s=96&d=mm&r=g\",\"caption\":\"spoi\"},\"url\":\"https:\/\/blog.zhaw.ch\/languagematters\/author\/spoi\/\"}]}<\/script>\n<!-- \/ Yoast SEO Premium plugin. -->","yoast_head_json":{"title":"Nora auf dem Weg zur Journalistin","description":"Sie m\u00f6chte Journalistin werden. Erhalte Einblicke in ihr Studium, ihrem Lieblingsmodul und erfahre warum sie so f\u00fcr die Praxis brennt.","robots":{"index":"index","follow":"follow","max-snippet":"max-snippet:-1","max-image-preview":"max-image-preview:large","max-video-preview":"max-video-preview:-1"},"canonical":"https:\/\/blog.zhaw.ch\/languagematters\/2021\/04\/20\/berufsziel-journalistin\/","og_locale":"de_DE","og_type":"article","og_title":"Nora auf dem Weg zur Journalistin","og_description":"Sie m\u00f6chte Journalistin werden. Erhalte Einblicke in ihr Studium, ihrem Lieblingsmodul und erfahre warum sie so f\u00fcr die Praxis brennt.","og_url":"https:\/\/blog.zhaw.ch\/languagematters\/2021\/04\/20\/berufsziel-journalistin\/","og_site_name":"Language matters.","article_published_time":"2021-04-20T06:42:12+00:00","article_modified_time":"2024-08-22T14:27:30+00:00","og_image":[{"width":1639,"height":858,"url":"http:\/\/blog.zhaw.ch\/languagematters\/files\/2021\/04\/Nora-Zuest-Studentin-Bachelorstudiengang-Kommunikation-ZHAW-IAM.jpg","type":"image\/jpeg"}],"author":"spoi","twitter_card":"summary_large_image","twitter_misc":{"Verfasst von":"spoi","Gesch\u00e4tzte Lesezeit":"7\u00a0Minuten"},"schema":{"@context":"https:\/\/schema.org","@graph":[{"@type":"Article","@id":"https:\/\/blog.zhaw.ch\/languagematters\/2021\/04\/20\/berufsziel-journalistin\/#article","isPartOf":{"@id":"https:\/\/blog.zhaw.ch\/languagematters\/2021\/04\/20\/berufsziel-journalistin\/"},"author":{"name":"spoi","@id":"https:\/\/blog.zhaw.ch\/languagematters\/#\/schema\/person\/605ea8801668a20ac9d53a501827f818"},"headline":"Nora auf dem Weg zur Journalistin","datePublished":"2021-04-20T06:42:12+00:00","dateModified":"2024-08-22T14:27:30+00:00","mainEntityOfPage":{"@id":"https:\/\/blog.zhaw.ch\/languagematters\/2021\/04\/20\/berufsziel-journalistin\/"},"wordCount":1068,"commentCount":0,"image":{"@id":"https:\/\/blog.zhaw.ch\/languagematters\/2021\/04\/20\/berufsziel-journalistin\/#primaryimage"},"thumbnailUrl":"https:\/\/blog.zhaw.ch\/languagematters\/files\/2021\/04\/Nora-Zuest-Studentin-Bachelorstudiengang-Kommunikation-ZHAW-IAM.jpg","keywords":["Bachelor Kommunikation und Medien","IAM Institut f\u00fcr Angewandte Medienwissenschaft","Journalismus","Organisationskommunikation","Studibeitrag"],"articleSection":["Studium"],"inLanguage":"de","potentialAction":[{"@type":"CommentAction","name":"Comment","target":["https:\/\/blog.zhaw.ch\/languagematters\/2021\/04\/20\/berufsziel-journalistin\/#respond"]}]},{"@type":"WebPage","@id":"https:\/\/blog.zhaw.ch\/languagematters\/2021\/04\/20\/berufsziel-journalistin\/","url":"https:\/\/blog.zhaw.ch\/languagematters\/2021\/04\/20\/berufsziel-journalistin\/","name":"Nora auf dem Weg zur Journalistin","isPartOf":{"@id":"https:\/\/blog.zhaw.ch\/languagematters\/#website"},"primaryImageOfPage":{"@id":"https:\/\/blog.zhaw.ch\/languagematters\/2021\/04\/20\/berufsziel-journalistin\/#primaryimage"},"image":{"@id":"https:\/\/blog.zhaw.ch\/languagematters\/2021\/04\/20\/berufsziel-journalistin\/#primaryimage"},"thumbnailUrl":"https:\/\/blog.zhaw.ch\/languagematters\/files\/2021\/04\/Nora-Zuest-Studentin-Bachelorstudiengang-Kommunikation-ZHAW-IAM.jpg","datePublished":"2021-04-20T06:42:12+00:00","dateModified":"2024-08-22T14:27:30+00:00","author":{"@id":"https:\/\/blog.zhaw.ch\/languagematters\/#\/schema\/person\/605ea8801668a20ac9d53a501827f818"},"description":"Sie m\u00f6chte Journalistin werden. Erhalte Einblicke in ihr Studium, ihrem Lieblingsmodul und erfahre warum sie so f\u00fcr die Praxis brennt.","breadcrumb":{"@id":"https:\/\/blog.zhaw.ch\/languagematters\/2021\/04\/20\/berufsziel-journalistin\/#breadcrumb"},"inLanguage":"de","potentialAction":[{"@type":"ReadAction","target":["https:\/\/blog.zhaw.ch\/languagematters\/2021\/04\/20\/berufsziel-journalistin\/"]}]},{"@type":"ImageObject","inLanguage":"de","@id":"https:\/\/blog.zhaw.ch\/languagematters\/2021\/04\/20\/berufsziel-journalistin\/#primaryimage","url":"https:\/\/blog.zhaw.ch\/languagematters\/files\/2021\/04\/Nora-Zuest-Studentin-Bachelorstudiengang-Kommunikation-ZHAW-IAM.jpg","contentUrl":"https:\/\/blog.zhaw.ch\/languagematters\/files\/2021\/04\/Nora-Zuest-Studentin-Bachelorstudiengang-Kommunikation-ZHAW-IAM.jpg","width":1639,"height":858,"caption":"Das Berufsziel der Studentin Nora Z\u00fcst ist Journalistin. Mit dem Bachelor Kommunikation an der ZHAW kommt sie immer n\u00e4her an ihren Wunsch."},{"@type":"BreadcrumbList","@id":"https:\/\/blog.zhaw.ch\/languagematters\/2021\/04\/20\/berufsziel-journalistin\/#breadcrumb","itemListElement":[{"@type":"ListItem","position":1,"name":"Startseite","item":"https:\/\/blog.zhaw.ch\/languagematters\/"},{"@type":"ListItem","position":2,"name":"Nora auf dem Weg zur Journalistin"}]},{"@type":"WebSite","@id":"https:\/\/blog.zhaw.ch\/languagematters\/#website","url":"https:\/\/blog.zhaw.ch\/languagematters\/","name":"Language matters.","description":"Ein Blog der ZHAW Z\u00fcrcher Hochschule f\u00fcr Angewandte Wissenschaften","potentialAction":[{"@type":"SearchAction","target":{"@type":"EntryPoint","urlTemplate":"https:\/\/blog.zhaw.ch\/languagematters\/?s={search_term_string}"},"query-input":{"@type":"PropertyValueSpecification","valueRequired":true,"valueName":"search_term_string"}}],"inLanguage":"de"},{"@type":"Person","@id":"https:\/\/blog.zhaw.ch\/languagematters\/#\/schema\/person\/605ea8801668a20ac9d53a501827f818","name":"spoi","image":{"@type":"ImageObject","inLanguage":"de","@id":"https:\/\/secure.gravatar.com\/avatar\/059ef4d6a19f5d97714a8703de5169cd243767c225b4ce20e2f174ba440f5ff8?s=96&d=mm&r=g","url":"https:\/\/secure.gravatar.com\/avatar\/059ef4d6a19f5d97714a8703de5169cd243767c225b4ce20e2f174ba440f5ff8?s=96&d=mm&r=g","contentUrl":"https:\/\/secure.gravatar.com\/avatar\/059ef4d6a19f5d97714a8703de5169cd243767c225b4ce20e2f174ba440f5ff8?s=96&d=mm&r=g","caption":"spoi"},"url":"https:\/\/blog.zhaw.ch\/languagematters\/author\/spoi\/"}]}},"_links":{"self":[{"href":"https:\/\/blog.zhaw.ch\/languagematters\/wp-json\/wp\/v2\/posts\/10268","targetHints":{"allow":["GET"]}}],"collection":[{"href":"https:\/\/blog.zhaw.ch\/languagematters\/wp-json\/wp\/v2\/posts"}],"about":[{"href":"https:\/\/blog.zhaw.ch\/languagematters\/wp-json\/wp\/v2\/types\/post"}],"author":[{"embeddable":true,"href":"https:\/\/blog.zhaw.ch\/languagematters\/wp-json\/wp\/v2\/users\/487"}],"replies":[{"embeddable":true,"href":"https:\/\/blog.zhaw.ch\/languagematters\/wp-json\/wp\/v2\/comments?post=10268"}],"version-history":[{"count":29,"href":"https:\/\/blog.zhaw.ch\/languagematters\/wp-json\/wp\/v2\/posts\/10268\/revisions"}],"predecessor-version":[{"id":12962,"href":"https:\/\/blog.zhaw.ch\/languagematters\/wp-json\/wp\/v2\/posts\/10268\/revisions\/12962"}],"wp:featuredmedia":[{"embeddable":true,"href":"https:\/\/blog.zhaw.ch\/languagematters\/wp-json\/wp\/v2\/media\/10277"}],"wp:attachment":[{"href":"https:\/\/blog.zhaw.ch\/languagematters\/wp-json\/wp\/v2\/media?parent=10268"}],"wp:term":[{"taxonomy":"category","embeddable":true,"href":"https:\/\/blog.zhaw.ch\/languagematters\/wp-json\/wp\/v2\/categories?post=10268"},{"taxonomy":"post_tag","embeddable":true,"href":"https:\/\/blog.zhaw.ch\/languagematters\/wp-json\/wp\/v2\/tags?post=10268"},{"taxonomy":"features","embeddable":true,"href":"https:\/\/blog.zhaw.ch\/languagematters\/wp-json\/wp\/v2\/features?post=10268"}],"curies":[{"name":"wp","href":"https:\/\/api.w.org\/{rel}","templated":true}]}}