{"id":174,"date":"2018-09-24T11:40:46","date_gmt":"2018-09-24T09:40:46","guid":{"rendered":"http:\/\/blog.zhaw.ch\/industrie4null\/?p=174"},"modified":"2018-09-25T09:02:31","modified_gmt":"2018-09-25T07:02:31","slug":"erfolgreiche-konferenz-perspektiven-mit-industrie-4-0-am-5-september-an-der-zhaw-in-winterthur","status":"publish","type":"post","link":"https:\/\/blog.zhaw.ch\/industrie4null\/2018\/09\/24\/erfolgreiche-konferenz-perspektiven-mit-industrie-4-0-am-5-september-an-der-zhaw-in-winterthur\/","title":{"rendered":"Erfolgreiche Konferenz Perspektiven mit Industrie 4.0 am 5. September an der ZHAW in Winterthur"},"content":{"rendered":"<p>Unter dem Motto \u201eLernen durch Beispiele\u201c zeigte die Konferenz vom 5. September gangbare Perspektiven f\u00fcr Schweizer KMUs auf. Anhand von konkreten Umsetzungen zeigten Vertreter von Firmen und Hochschulen, was heute m\u00f6glich ist, und berichteten \u00fcber ihre Erfahrungen. Damit wurden Wege aufgezeigt, wie die Unternehmen den n\u00e4chsten Schritt in der Umsetzung von Digitalisierung machen k\u00f6nnen.<\/p>\n<p><img loading=\"lazy\" decoding=\"async\" class=\"alignnone wp-image-176\" src=\"http:\/\/blog.zhaw.ch\/industrie4null\/files\/2018\/09\/Bild-1.jpg\" alt=\"\" width=\"401\" height=\"300\" srcset=\"https:\/\/blog.zhaw.ch\/industrie4null\/files\/2018\/09\/Bild-1.jpg 4608w, https:\/\/blog.zhaw.ch\/industrie4null\/files\/2018\/09\/Bild-1-300x225.jpg 300w, https:\/\/blog.zhaw.ch\/industrie4null\/files\/2018\/09\/Bild-1-768x576.jpg 768w, https:\/\/blog.zhaw.ch\/industrie4null\/files\/2018\/09\/Bild-1-1024x768.jpg 1024w, https:\/\/blog.zhaw.ch\/industrie4null\/files\/2018\/09\/Bild-1-676x507.jpg 676w\" sizes=\"auto, (max-width: 401px) 100vw, 401px\" \/>&nbsp; &nbsp;<img loading=\"lazy\" decoding=\"async\" class=\"alignnone wp-image-177\" src=\"http:\/\/blog.zhaw.ch\/industrie4null\/files\/2018\/09\/Bild-2.jpg\" alt=\"\" width=\"401\" height=\"301\" srcset=\"https:\/\/blog.zhaw.ch\/industrie4null\/files\/2018\/09\/Bild-2.jpg 4608w, https:\/\/blog.zhaw.ch\/industrie4null\/files\/2018\/09\/Bild-2-300x225.jpg 300w, https:\/\/blog.zhaw.ch\/industrie4null\/files\/2018\/09\/Bild-2-768x576.jpg 768w, https:\/\/blog.zhaw.ch\/industrie4null\/files\/2018\/09\/Bild-2-1024x768.jpg 1024w, https:\/\/blog.zhaw.ch\/industrie4null\/files\/2018\/09\/Bild-2-676x507.jpg 676w\" sizes=\"auto, (max-width: 401px) 100vw, 401px\" \/><\/p>\n<p>Speziell im Fokus der Konferenz stand die Frage, wie man in einer digitalisierten Welt neue Produkte und Services entwickeln kann. Die interessanten Pr\u00e4sentationen und angeregten Diskussionen zeigten auf, an welchen Prinzipien sich die digitale Transformation in den KMU orientieren soll und welche digitalen Unterst\u00fctzungen sich im Alltag bereits heute bew\u00e4hren. Zudem wurde klar, dass die digitale Transformation eine vieldimensionale Herausforderung ist, bei der nebst der Technik insbesondere auch die eigene Organisation und die Kunden eine herausragende Rolle spielen. Die Kunden erwarten die Leistungen moderner Service-Angebote und durchg\u00e4ngige Produkt- und Serviceerlebnisse. Speziell hervorgehoben wurde auch, dass f\u00fcr smarte Services und Produkte neue Partnerschaften eine absolute Notwendigkeit sind. Es entstehen neue Ecosysteme, in denen das Vertrauen der Akteure \u00fcber Co-Creation in Leuchtturmprojekten aufgebaut wird.<\/p>\n<p><span style=\"color: #0000ff\"><strong>&#8222;Save-the-date&#8220;: Konferenz Perspektiven mit Industrie 4.0, Mittwoch 4. September 2019, Winterthur<\/strong><\/span><\/p>\n<p><a href=\"https:\/\/www.zhaw.ch\/de\/engineering\/ueber-uns\/veranstaltungen\/perspektiven-mit-industrie-40\/\">Link zur Konferenz<\/a><\/p>\n<p>Blog-Autor:<\/p>\n<p><a href=\"https:\/\/www.zhaw.ch\/de\/ueber-uns\/person\/meeo\/\">J\u00fcrg Meierhofer<\/a><\/p>\n","protected":false},"excerpt":{"rendered":"<p>Unter dem Motto \u201eLernen durch Beispiele\u201c zeigte die Konferenz vom 5. September gangbare Perspektiven f\u00fcr Schweizer KMUs auf. Anhand von konkreten Umsetzungen zeigten Vertreter von Firmen und Hochschulen, was heute m\u00f6glich ist, und berichteten \u00fcber ihre Erfahrungen. Damit wurden Wege aufgezeigt, wie die Unternehmen den n\u00e4chsten Schritt in der Umsetzung von Digitalisierung machen k\u00f6nnen. &nbsp; [&hellip;]<\/p>\n","protected":false},"author":306,"featured_media":0,"comment_status":"open","ping_status":"open","sticky":false,"template":"","format":"standard","meta":{"ngg_post_thumbnail":0,"footnotes":""},"categories":[1],"tags":[],"features":[],"class_list":["post-174","post","type-post","status-publish","format-standard","hentry","category-allgemein"],"yoast_head":"<!-- This site is optimized with the Yoast SEO Premium plugin v27.2 (Yoast SEO v27.2) - https:\/\/yoast.com\/product\/yoast-seo-premium-wordpress\/ -->\n<title>Erfolgreiche Konferenz Perspektiven mit Industrie 4.0 am 5. September an der ZHAW in Winterthur - ZHAW Industrie 4.0<\/title>\n<meta name=\"robots\" content=\"index, follow, max-snippet:-1, max-image-preview:large, max-video-preview:-1\" \/>\n<link rel=\"canonical\" href=\"https:\/\/blog.zhaw.ch\/industrie4null\/2018\/09\/24\/erfolgreiche-konferenz-perspektiven-mit-industrie-4-0-am-5-september-an-der-zhaw-in-winterthur\/\" \/>\n<meta property=\"og:locale\" content=\"de_DE\" \/>\n<meta property=\"og:type\" content=\"article\" \/>\n<meta property=\"og:title\" content=\"Erfolgreiche Konferenz Perspektiven mit Industrie 4.0 am 5. September an der ZHAW in Winterthur\" \/>\n<meta property=\"og:description\" content=\"Unter dem Motto \u201eLernen durch Beispiele\u201c zeigte die Konferenz vom 5. September gangbare Perspektiven f\u00fcr Schweizer KMUs auf. Anhand von konkreten Umsetzungen zeigten Vertreter von Firmen und Hochschulen, was heute m\u00f6glich ist, und berichteten \u00fcber ihre Erfahrungen. Damit wurden Wege aufgezeigt, wie die Unternehmen den n\u00e4chsten Schritt in der Umsetzung von Digitalisierung machen k\u00f6nnen. &nbsp; [&hellip;]\" \/>\n<meta property=\"og:url\" content=\"https:\/\/blog.zhaw.ch\/industrie4null\/2018\/09\/24\/erfolgreiche-konferenz-perspektiven-mit-industrie-4-0-am-5-september-an-der-zhaw-in-winterthur\/\" \/>\n<meta property=\"og:site_name\" content=\"ZHAW Industrie 4.0\" \/>\n<meta property=\"article:published_time\" content=\"2018-09-24T09:40:46+00:00\" \/>\n<meta property=\"article:modified_time\" content=\"2018-09-25T07:02:31+00:00\" \/>\n<meta property=\"og:image\" content=\"http:\/\/blog.zhaw.ch\/industrie4null\/files\/2018\/09\/Bild-1.jpg\" \/>\n<meta name=\"author\" content=\"meeo\" \/>\n<meta name=\"twitter:card\" content=\"summary_large_image\" \/>\n<meta name=\"twitter:label1\" content=\"Verfasst von\" \/>\n\t<meta name=\"twitter:data1\" content=\"meeo\" \/>\n\t<meta name=\"twitter:label2\" content=\"Gesch\u00e4tzte Lesezeit\" \/>\n\t<meta name=\"twitter:data2\" content=\"1\u00a0Minute\" \/>\n<script type=\"application\/ld+json\" class=\"yoast-schema-graph\">{\"@context\":\"https:\/\/schema.org\",\"@graph\":[{\"@type\":\"Article\",\"@id\":\"https:\/\/blog.zhaw.ch\/industrie4null\/2018\/09\/24\/erfolgreiche-konferenz-perspektiven-mit-industrie-4-0-am-5-september-an-der-zhaw-in-winterthur\/#article\",\"isPartOf\":{\"@id\":\"https:\/\/blog.zhaw.ch\/industrie4null\/2018\/09\/24\/erfolgreiche-konferenz-perspektiven-mit-industrie-4-0-am-5-september-an-der-zhaw-in-winterthur\/\"},\"author\":{\"name\":\"meeo\",\"@id\":\"https:\/\/blog.zhaw.ch\/industrie4null\/#\/schema\/person\/592dcb26d098a9a77972031a41f1c2e5\"},\"headline\":\"Erfolgreiche Konferenz Perspektiven mit Industrie 4.0 am 5. September an der ZHAW in Winterthur\",\"datePublished\":\"2018-09-24T09:40:46+00:00\",\"dateModified\":\"2018-09-25T07:02:31+00:00\",\"mainEntityOfPage\":{\"@id\":\"https:\/\/blog.zhaw.ch\/industrie4null\/2018\/09\/24\/erfolgreiche-konferenz-perspektiven-mit-industrie-4-0-am-5-september-an-der-zhaw-in-winterthur\/\"},\"wordCount\":213,\"commentCount\":0,\"image\":{\"@id\":\"https:\/\/blog.zhaw.ch\/industrie4null\/2018\/09\/24\/erfolgreiche-konferenz-perspektiven-mit-industrie-4-0-am-5-september-an-der-zhaw-in-winterthur\/#primaryimage\"},\"thumbnailUrl\":\"http:\/\/blog.zhaw.ch\/industrie4null\/files\/2018\/09\/Bild-1.jpg\",\"inLanguage\":\"de\",\"potentialAction\":[{\"@type\":\"CommentAction\",\"name\":\"Comment\",\"target\":[\"https:\/\/blog.zhaw.ch\/industrie4null\/2018\/09\/24\/erfolgreiche-konferenz-perspektiven-mit-industrie-4-0-am-5-september-an-der-zhaw-in-winterthur\/#respond\"]}]},{\"@type\":\"WebPage\",\"@id\":\"https:\/\/blog.zhaw.ch\/industrie4null\/2018\/09\/24\/erfolgreiche-konferenz-perspektiven-mit-industrie-4-0-am-5-september-an-der-zhaw-in-winterthur\/\",\"url\":\"https:\/\/blog.zhaw.ch\/industrie4null\/2018\/09\/24\/erfolgreiche-konferenz-perspektiven-mit-industrie-4-0-am-5-september-an-der-zhaw-in-winterthur\/\",\"name\":\"Erfolgreiche Konferenz Perspektiven mit Industrie 4.0 am 5. September an der ZHAW in Winterthur - ZHAW Industrie 4.0\",\"isPartOf\":{\"@id\":\"https:\/\/blog.zhaw.ch\/industrie4null\/#website\"},\"primaryImageOfPage\":{\"@id\":\"https:\/\/blog.zhaw.ch\/industrie4null\/2018\/09\/24\/erfolgreiche-konferenz-perspektiven-mit-industrie-4-0-am-5-september-an-der-zhaw-in-winterthur\/#primaryimage\"},\"image\":{\"@id\":\"https:\/\/blog.zhaw.ch\/industrie4null\/2018\/09\/24\/erfolgreiche-konferenz-perspektiven-mit-industrie-4-0-am-5-september-an-der-zhaw-in-winterthur\/#primaryimage\"},\"thumbnailUrl\":\"http:\/\/blog.zhaw.ch\/industrie4null\/files\/2018\/09\/Bild-1.jpg\",\"datePublished\":\"2018-09-24T09:40:46+00:00\",\"dateModified\":\"2018-09-25T07:02:31+00:00\",\"author\":{\"@id\":\"https:\/\/blog.zhaw.ch\/industrie4null\/#\/schema\/person\/592dcb26d098a9a77972031a41f1c2e5\"},\"breadcrumb\":{\"@id\":\"https:\/\/blog.zhaw.ch\/industrie4null\/2018\/09\/24\/erfolgreiche-konferenz-perspektiven-mit-industrie-4-0-am-5-september-an-der-zhaw-in-winterthur\/#breadcrumb\"},\"inLanguage\":\"de\",\"potentialAction\":[{\"@type\":\"ReadAction\",\"target\":[\"https:\/\/blog.zhaw.ch\/industrie4null\/2018\/09\/24\/erfolgreiche-konferenz-perspektiven-mit-industrie-4-0-am-5-september-an-der-zhaw-in-winterthur\/\"]}]},{\"@type\":\"ImageObject\",\"inLanguage\":\"de\",\"@id\":\"https:\/\/blog.zhaw.ch\/industrie4null\/2018\/09\/24\/erfolgreiche-konferenz-perspektiven-mit-industrie-4-0-am-5-september-an-der-zhaw-in-winterthur\/#primaryimage\",\"url\":\"http:\/\/blog.zhaw.ch\/industrie4null\/files\/2018\/09\/Bild-1.jpg\",\"contentUrl\":\"http:\/\/blog.zhaw.ch\/industrie4null\/files\/2018\/09\/Bild-1.jpg\"},{\"@type\":\"BreadcrumbList\",\"@id\":\"https:\/\/blog.zhaw.ch\/industrie4null\/2018\/09\/24\/erfolgreiche-konferenz-perspektiven-mit-industrie-4-0-am-5-september-an-der-zhaw-in-winterthur\/#breadcrumb\",\"itemListElement\":[{\"@type\":\"ListItem\",\"position\":1,\"name\":\"Startseite\",\"item\":\"https:\/\/blog.zhaw.ch\/industrie4null\/\"},{\"@type\":\"ListItem\",\"position\":2,\"name\":\"Erfolgreiche Konferenz Perspektiven mit Industrie 4.0 am 5. September an der ZHAW in Winterthur\"}]},{\"@type\":\"WebSite\",\"@id\":\"https:\/\/blog.zhaw.ch\/industrie4null\/#website\",\"url\":\"https:\/\/blog.zhaw.ch\/industrie4null\/\",\"name\":\"ZHAW Industrie 4.0\",\"description\":\"Ein Blog der ZHAW Z\u00fcrcher Hochschule f\u00fcr Angewandte Wissenschaften\",\"potentialAction\":[{\"@type\":\"SearchAction\",\"target\":{\"@type\":\"EntryPoint\",\"urlTemplate\":\"https:\/\/blog.zhaw.ch\/industrie4null\/?s={search_term_string}\"},\"query-input\":{\"@type\":\"PropertyValueSpecification\",\"valueRequired\":true,\"valueName\":\"search_term_string\"}}],\"inLanguage\":\"de\"},{\"@type\":\"Person\",\"@id\":\"https:\/\/blog.zhaw.ch\/industrie4null\/#\/schema\/person\/592dcb26d098a9a77972031a41f1c2e5\",\"name\":\"meeo\",\"image\":{\"@type\":\"ImageObject\",\"inLanguage\":\"de\",\"@id\":\"https:\/\/secure.gravatar.com\/avatar\/f6aca7bbeb0649da9f74baf1b350f56a1b79f858e47245359de9bf3073d68cc6?s=96&d=mm&r=g\",\"url\":\"https:\/\/secure.gravatar.com\/avatar\/f6aca7bbeb0649da9f74baf1b350f56a1b79f858e47245359de9bf3073d68cc6?s=96&d=mm&r=g\",\"contentUrl\":\"https:\/\/secure.gravatar.com\/avatar\/f6aca7bbeb0649da9f74baf1b350f56a1b79f858e47245359de9bf3073d68cc6?s=96&d=mm&r=g\",\"caption\":\"meeo\"},\"url\":\"https:\/\/blog.zhaw.ch\/industrie4null\/author\/meeo\/\"}]}<\/script>\n<!-- \/ Yoast SEO Premium plugin. -->","yoast_head_json":{"title":"Erfolgreiche Konferenz Perspektiven mit Industrie 4.0 am 5. September an der ZHAW in Winterthur - ZHAW Industrie 4.0","robots":{"index":"index","follow":"follow","max-snippet":"max-snippet:-1","max-image-preview":"max-image-preview:large","max-video-preview":"max-video-preview:-1"},"canonical":"https:\/\/blog.zhaw.ch\/industrie4null\/2018\/09\/24\/erfolgreiche-konferenz-perspektiven-mit-industrie-4-0-am-5-september-an-der-zhaw-in-winterthur\/","og_locale":"de_DE","og_type":"article","og_title":"Erfolgreiche Konferenz Perspektiven mit Industrie 4.0 am 5. September an der ZHAW in Winterthur","og_description":"Unter dem Motto \u201eLernen durch Beispiele\u201c zeigte die Konferenz vom 5. September gangbare Perspektiven f\u00fcr Schweizer KMUs auf. Anhand von konkreten Umsetzungen zeigten Vertreter von Firmen und Hochschulen, was heute m\u00f6glich ist, und berichteten \u00fcber ihre Erfahrungen. Damit wurden Wege aufgezeigt, wie die Unternehmen den n\u00e4chsten Schritt in der Umsetzung von Digitalisierung machen k\u00f6nnen. &nbsp; [&hellip;]","og_url":"https:\/\/blog.zhaw.ch\/industrie4null\/2018\/09\/24\/erfolgreiche-konferenz-perspektiven-mit-industrie-4-0-am-5-september-an-der-zhaw-in-winterthur\/","og_site_name":"ZHAW Industrie 4.0","article_published_time":"2018-09-24T09:40:46+00:00","article_modified_time":"2018-09-25T07:02:31+00:00","og_image":[{"url":"http:\/\/blog.zhaw.ch\/industrie4null\/files\/2018\/09\/Bild-1.jpg","type":"","width":"","height":""}],"author":"meeo","twitter_card":"summary_large_image","twitter_misc":{"Verfasst von":"meeo","Gesch\u00e4tzte Lesezeit":"1\u00a0Minute"},"schema":{"@context":"https:\/\/schema.org","@graph":[{"@type":"Article","@id":"https:\/\/blog.zhaw.ch\/industrie4null\/2018\/09\/24\/erfolgreiche-konferenz-perspektiven-mit-industrie-4-0-am-5-september-an-der-zhaw-in-winterthur\/#article","isPartOf":{"@id":"https:\/\/blog.zhaw.ch\/industrie4null\/2018\/09\/24\/erfolgreiche-konferenz-perspektiven-mit-industrie-4-0-am-5-september-an-der-zhaw-in-winterthur\/"},"author":{"name":"meeo","@id":"https:\/\/blog.zhaw.ch\/industrie4null\/#\/schema\/person\/592dcb26d098a9a77972031a41f1c2e5"},"headline":"Erfolgreiche Konferenz Perspektiven mit Industrie 4.0 am 5. September an der ZHAW in Winterthur","datePublished":"2018-09-24T09:40:46+00:00","dateModified":"2018-09-25T07:02:31+00:00","mainEntityOfPage":{"@id":"https:\/\/blog.zhaw.ch\/industrie4null\/2018\/09\/24\/erfolgreiche-konferenz-perspektiven-mit-industrie-4-0-am-5-september-an-der-zhaw-in-winterthur\/"},"wordCount":213,"commentCount":0,"image":{"@id":"https:\/\/blog.zhaw.ch\/industrie4null\/2018\/09\/24\/erfolgreiche-konferenz-perspektiven-mit-industrie-4-0-am-5-september-an-der-zhaw-in-winterthur\/#primaryimage"},"thumbnailUrl":"http:\/\/blog.zhaw.ch\/industrie4null\/files\/2018\/09\/Bild-1.jpg","inLanguage":"de","potentialAction":[{"@type":"CommentAction","name":"Comment","target":["https:\/\/blog.zhaw.ch\/industrie4null\/2018\/09\/24\/erfolgreiche-konferenz-perspektiven-mit-industrie-4-0-am-5-september-an-der-zhaw-in-winterthur\/#respond"]}]},{"@type":"WebPage","@id":"https:\/\/blog.zhaw.ch\/industrie4null\/2018\/09\/24\/erfolgreiche-konferenz-perspektiven-mit-industrie-4-0-am-5-september-an-der-zhaw-in-winterthur\/","url":"https:\/\/blog.zhaw.ch\/industrie4null\/2018\/09\/24\/erfolgreiche-konferenz-perspektiven-mit-industrie-4-0-am-5-september-an-der-zhaw-in-winterthur\/","name":"Erfolgreiche Konferenz Perspektiven mit Industrie 4.0 am 5. September an der ZHAW in Winterthur - ZHAW Industrie 4.0","isPartOf":{"@id":"https:\/\/blog.zhaw.ch\/industrie4null\/#website"},"primaryImageOfPage":{"@id":"https:\/\/blog.zhaw.ch\/industrie4null\/2018\/09\/24\/erfolgreiche-konferenz-perspektiven-mit-industrie-4-0-am-5-september-an-der-zhaw-in-winterthur\/#primaryimage"},"image":{"@id":"https:\/\/blog.zhaw.ch\/industrie4null\/2018\/09\/24\/erfolgreiche-konferenz-perspektiven-mit-industrie-4-0-am-5-september-an-der-zhaw-in-winterthur\/#primaryimage"},"thumbnailUrl":"http:\/\/blog.zhaw.ch\/industrie4null\/files\/2018\/09\/Bild-1.jpg","datePublished":"2018-09-24T09:40:46+00:00","dateModified":"2018-09-25T07:02:31+00:00","author":{"@id":"https:\/\/blog.zhaw.ch\/industrie4null\/#\/schema\/person\/592dcb26d098a9a77972031a41f1c2e5"},"breadcrumb":{"@id":"https:\/\/blog.zhaw.ch\/industrie4null\/2018\/09\/24\/erfolgreiche-konferenz-perspektiven-mit-industrie-4-0-am-5-september-an-der-zhaw-in-winterthur\/#breadcrumb"},"inLanguage":"de","potentialAction":[{"@type":"ReadAction","target":["https:\/\/blog.zhaw.ch\/industrie4null\/2018\/09\/24\/erfolgreiche-konferenz-perspektiven-mit-industrie-4-0-am-5-september-an-der-zhaw-in-winterthur\/"]}]},{"@type":"ImageObject","inLanguage":"de","@id":"https:\/\/blog.zhaw.ch\/industrie4null\/2018\/09\/24\/erfolgreiche-konferenz-perspektiven-mit-industrie-4-0-am-5-september-an-der-zhaw-in-winterthur\/#primaryimage","url":"http:\/\/blog.zhaw.ch\/industrie4null\/files\/2018\/09\/Bild-1.jpg","contentUrl":"http:\/\/blog.zhaw.ch\/industrie4null\/files\/2018\/09\/Bild-1.jpg"},{"@type":"BreadcrumbList","@id":"https:\/\/blog.zhaw.ch\/industrie4null\/2018\/09\/24\/erfolgreiche-konferenz-perspektiven-mit-industrie-4-0-am-5-september-an-der-zhaw-in-winterthur\/#breadcrumb","itemListElement":[{"@type":"ListItem","position":1,"name":"Startseite","item":"https:\/\/blog.zhaw.ch\/industrie4null\/"},{"@type":"ListItem","position":2,"name":"Erfolgreiche Konferenz Perspektiven mit Industrie 4.0 am 5. September an der ZHAW in Winterthur"}]},{"@type":"WebSite","@id":"https:\/\/blog.zhaw.ch\/industrie4null\/#website","url":"https:\/\/blog.zhaw.ch\/industrie4null\/","name":"ZHAW Industrie 4.0","description":"Ein Blog der ZHAW Z\u00fcrcher Hochschule f\u00fcr Angewandte Wissenschaften","potentialAction":[{"@type":"SearchAction","target":{"@type":"EntryPoint","urlTemplate":"https:\/\/blog.zhaw.ch\/industrie4null\/?s={search_term_string}"},"query-input":{"@type":"PropertyValueSpecification","valueRequired":true,"valueName":"search_term_string"}}],"inLanguage":"de"},{"@type":"Person","@id":"https:\/\/blog.zhaw.ch\/industrie4null\/#\/schema\/person\/592dcb26d098a9a77972031a41f1c2e5","name":"meeo","image":{"@type":"ImageObject","inLanguage":"de","@id":"https:\/\/secure.gravatar.com\/avatar\/f6aca7bbeb0649da9f74baf1b350f56a1b79f858e47245359de9bf3073d68cc6?s=96&d=mm&r=g","url":"https:\/\/secure.gravatar.com\/avatar\/f6aca7bbeb0649da9f74baf1b350f56a1b79f858e47245359de9bf3073d68cc6?s=96&d=mm&r=g","contentUrl":"https:\/\/secure.gravatar.com\/avatar\/f6aca7bbeb0649da9f74baf1b350f56a1b79f858e47245359de9bf3073d68cc6?s=96&d=mm&r=g","caption":"meeo"},"url":"https:\/\/blog.zhaw.ch\/industrie4null\/author\/meeo\/"}]}},"_links":{"self":[{"href":"https:\/\/blog.zhaw.ch\/industrie4null\/wp-json\/wp\/v2\/posts\/174","targetHints":{"allow":["GET"]}}],"collection":[{"href":"https:\/\/blog.zhaw.ch\/industrie4null\/wp-json\/wp\/v2\/posts"}],"about":[{"href":"https:\/\/blog.zhaw.ch\/industrie4null\/wp-json\/wp\/v2\/types\/post"}],"author":[{"embeddable":true,"href":"https:\/\/blog.zhaw.ch\/industrie4null\/wp-json\/wp\/v2\/users\/306"}],"replies":[{"embeddable":true,"href":"https:\/\/blog.zhaw.ch\/industrie4null\/wp-json\/wp\/v2\/comments?post=174"}],"version-history":[{"count":4,"href":"https:\/\/blog.zhaw.ch\/industrie4null\/wp-json\/wp\/v2\/posts\/174\/revisions"}],"predecessor-version":[{"id":180,"href":"https:\/\/blog.zhaw.ch\/industrie4null\/wp-json\/wp\/v2\/posts\/174\/revisions\/180"}],"wp:attachment":[{"href":"https:\/\/blog.zhaw.ch\/industrie4null\/wp-json\/wp\/v2\/media?parent=174"}],"wp:term":[{"taxonomy":"category","embeddable":true,"href":"https:\/\/blog.zhaw.ch\/industrie4null\/wp-json\/wp\/v2\/categories?post=174"},{"taxonomy":"post_tag","embeddable":true,"href":"https:\/\/blog.zhaw.ch\/industrie4null\/wp-json\/wp\/v2\/tags?post=174"},{"taxonomy":"features","embeddable":true,"href":"https:\/\/blog.zhaw.ch\/industrie4null\/wp-json\/wp\/v2\/features?post=174"}],"curies":[{"name":"wp","href":"https:\/\/api.w.org\/{rel}","templated":true}]}}