{"id":841,"date":"2016-06-09T16:54:13","date_gmt":"2016-06-09T14:54:13","guid":{"rendered":"https:\/\/blog.zhaw.ch\/iap\/?p=841"},"modified":"2016-07-27T11:03:53","modified_gmt":"2016-07-27T09:03:53","slug":"lernen-in-einer-digitalen-welt","status":"publish","type":"post","link":"https:\/\/blog.zhaw.ch\/iap\/2016\/06\/09\/lernen-in-einer-digitalen-welt\/","title":{"rendered":"Lernen in einer digitalen Welt"},"content":{"rendered":"<p><em>Von Christoph G\u00fctersloh, Dozent und Berater<\/em><\/p>\n<p><strong>In den letzten Jahren sind die Anspr\u00fcche an Arbeitnehmerinnen und Arbeitnehmer immer gr\u00f6sser geworden. Wir sollen immer und \u00fcberall lernen &#8211; und das ein Leben lang. Die Halbwertszeit unseres beruflichen Wissens wird immer k\u00fcrzer. Gleichzeitig scheinen immer neue Formen des Lernens auf den Markt zu kommen. E-Learning, Blended Learning, Social Learning, Informal Learning sind nur einige Begriffe, die in den letzten Jahren intensiv diskutiert wurden. Handelt es sich dabei nur um Hypew\u00f6rter oder ver\u00e4ndert sich tats\u00e4chlich die Art, wie wir lernen?<\/strong><\/p>\n<p>Wie Menschen lernen und berufliche Kompetenz erwerben besch\u00e4ftigt mich seit meinem Studium. Welche Rolle die Technik dabei spielt, war dabei immer ein zentrales Thema. Als Studiengangleiter f\u00fcr den MAS Ausbildungsmanagement am IAP besch\u00e4ftigt mich diese Frage gleich doppelt. Unsere Teilnehmenden sind in ihren Organisationen f\u00fcr die Aus- und Weiterbildung verantwortlich. Daher sind Ver\u00e4nderungsprozesse durch die Digitalisierung in ihrem Arbeitsfeld relevant f\u00fcr ihre berufliche Kompetenz. Auf der anderen Seite stellt sich nat\u00fcrlich die Frage, wie wir unseren MAS-Studiengang gestalten wollen und welche Rolle digitale Medien dabei spielen.<!--more--><\/p>\n<p>Aus meiner Sicht hat die technische Ver\u00e4nderung zwar einen initiierenden Effekt, und sie bietet uns heute mehr Werkzeuge und M\u00f6glichkeiten, um Lernen zu gestalten. Weil sich die Welt immer schneller dreht und komplizierter wird, m\u00fcssen wir mehr und anders lernen. Technik ist aber kein Naturgesetzt und kein Selbstzweck, sie soll dem Menschen dienen. Wie wir in Zukunft lernen wird nicht von der Technik determiniert, sondern ist eine zutiefst didaktische Frage: Was und wie lernen Menschen?<\/p>\n<p><strong>Unser Bild vom Lernen erweitert sich<\/strong><\/p>\n<p>Wenn man Lernen als einen genetisch bedingten, psychologischen Prozess des Menschen anschaut, dann ist nicht anzunehmen, dass sich dieser innerhalb einer Generation grundlegend \u00e4ndert. Was sich aber ge\u00e4ndert hat, ist die Art, wie wir \u00fcber das Lernen denken. Fr\u00fcher waren Lernen und die Forschung in diesem Bereich auf das Lernen in Schulen, Universit\u00e4ten und Weiterbildungseinrichtungen konzentriert. Zwar hiess es, wir lernten nicht f\u00fcr die Schule, sondern f\u00fcr das Leben \u2013 doch immer lernten wir in den Schulen. Heute interessiert uns vermehrt das Lernen im Arbeitskontext, das Workplace Learning. Auch das Lernen in anderen informellen Kontexten, wie z. B. in ehrenamtlichen T\u00e4tigkeiten oder in der Freizeit, r\u00fcckt st\u00e4rker in den Fokus. Damit hat sich auch unser Bild vom Lernen ver\u00e4ndert. Traditionell wurde Lernen als individueller Prozess unter einer psychologischen Sicht angesehen. Beschreiben k\u00f6nnte man dieses Bild mit dem Erwerb und Transfer von Wissen und Kompetenzen. Wir Bildungsexperten haben uns jahrelang darauf konzentriert, diesen Prozess m\u00f6glichst optimal zu gestalten. Wie kann man ein Curriculum f\u00fcr einen Kurs oder einen Studiengang gestalten? Und wie kann der Transfer in das Arbeitsfeld gew\u00e4hrleistet werden?<\/p>\n<p>Gerade in der Forschung zum Workplace Learning hat man diese Sichtweise in den letzten Jahren zunehmend erweitert. Lernen wird als das Hineinwachsen in eine &#8222;Community of Practice&#8220; gesehen. Das Bild, das dieser Sicht entspricht, ist das der Sozialisation. Durch die Sozialisation in einem Berufsfeld erwerbe ich die Sprache meines Berufes, berufliche Expertise und einen Berufsethos. Der Kontext wird in dieser Sichtweise viel wichtiger, denn er ver\u00e4ndert die Art, wie wir lernen und wie sich eine Community bildet. Neuste Ans\u00e4tze des Workplace Learning betonen diese Sichtweise noch st\u00e4rker. Denn wenn der Kontext das Lernen stark beeinflusst und sich der Kontext wiederum st\u00e4ndig ver\u00e4ndert, dann wird Lernen zum st\u00e4ndigen, schwer vorhersehbaren Prozess. Wir wachsen nicht nur in ein Berufsfeld und in eine Community hinein. Durch die aktive Teilnahme ver\u00e4ndern wir diese auch st\u00e4ndig. Lernen ist ein emergenter Prozess, in dem Kreativit\u00e4t und Gestaltung eine zentrale Rolle spielen. Diese grundlegende Sichtweise auf Lernen ist zun\u00e4chst einmal unabh\u00e4ngig von digitalen Medien, kann aber durch diese unterst\u00fctzt werden.<\/p>\n<p><strong>Digitales Lernen im MAS Ausbildungsmangement <\/strong><\/p>\n<p>F\u00fcr unseren Studiengang MAS Ausbildungsmanagement versuchen wir deshalb die verschiedenen Sichtweisen auf das Lernen zu kombinieren. In einem Studiengang, der einen formellen Abschluss vergibt, spielen formelle Lernprozesse nat\u00fcrlich eine Rolle. Diese unterst\u00fctzen wir mit verschiedenen E-Learning Tools, die den Erwerb und Transfer von Wissen und Kompetenzen unterst\u00fctzen. Wir verstehen Lernen aber auch als Sozialisationsprozess \u2013 zum einen unter den Studierenden unserer Weiterbildungsstudieng\u00e4nge, zum anderen aber auch mit der professionellen Community. Diese Prozesse unterst\u00fctzen wir mit Sozialen Medien, etwa dem Messaging Dienst Slack oder mit Twitter.<\/p>\n<p><strong>Wie lernen wir in der digitalen Welt?<\/strong><\/p>\n<p>Wie wir in der digitalen Welt lernen werden l\u00e4sst sich nur schwer beantworten. Die Lernformen scheinen vielf\u00e4ltiger zu werden, und das finde ich das Spannende daran. Wenn ich einen Blick auf meine Kinder werfe, dann habe ich aber auch manchmal das Gef\u00fchl, dass sich einfach unsere professionelle Sichtweise auf das Lernen dem nat\u00fcrlichen Lernverhalten ann\u00e4hert. Meine Kinder lernen eigentlich immer. An den unterschiedlichsten Orten und auf die unterschiedlichsten Arten. Durch Spiel, Erfahrung und blutige Knie. Durch das Gestalten neuer Dinge. Aus B\u00fcchern, elektronischen Medien, Erz\u00e4hlungen und einfach durch Ausprobieren. Mit ihren Kollegen, Erwachsenen und auch in der Schule. Insofern \u00f6ffnet uns die digitale Welt vielleicht den Blick erst richtig f\u00fcr das Thema &#8222;Lernen&#8220; und zeigt uns, dass Lernen eben nicht nur in der Schule oder in der Ausbildung stattfindet, sondern jeden Tag, konstant und im besten Fall lebenslang.<\/p>\n<p>&nbsp;<\/p>\n<hr \/>\n<p><strong><a href=\"https:\/\/blog.zhaw.ch\/iap\/files\/2016\/06\/Christoph_Guetersloh-5304.jpg\"><img loading=\"lazy\" decoding=\"async\" class=\"alignleft wp-image-851\" src=\"https:\/\/blog.zhaw.ch\/iap\/files\/2016\/06\/Christoph_Guetersloh-5304.jpg\" alt=\"Christoph_Guetersloh-5304\" width=\"315\" height=\"382\" srcset=\"https:\/\/blog.zhaw.ch\/iap\/files\/2016\/06\/Christoph_Guetersloh-5304.jpg 660w, https:\/\/blog.zhaw.ch\/iap\/files\/2016\/06\/Christoph_Guetersloh-5304-248x300.jpg 248w\" sizes=\"auto, (max-width: 315px) 100vw, 315px\" \/><\/a>Zum Autor:<\/strong><br \/>\nChristoph G\u00fctersloh ist Berater und Dozent am IAP Institut f\u00fcr Angewandte Psychologie der ZHAW. Er studierte Berufsp\u00e4dagogik, Elektrotechnik, Wirtschafts- und Sozialwissenschaften mit Schwerpunkt Erwachsenenbildung und doktoriert zurzeit in Berufsp\u00e4dagogik an der Universit\u00e4t Z\u00fcrich. Christoph G\u00fctersloh verf\u00fcgt \u00fcber langj\u00e4hrige Erfahrung als Projektleiter im Bereich e-Learning und F\u00fchrungsentwicklung und betreute als Projektleiter seitens IAP die Umstellung auf digitale Lernmethoden in der F\u00fchrungsentwicklung von Swisscom. Er ist zudem Vorstandsmitglied der Schweizerischen Gesellschaft f\u00fcr Arbeits- und Organisationspsychologie (SGAOP).<\/p>\n<p>Christoph G\u00fctersloh spricht am 7. Juli 2016 an der <a href=\"http:\/\/www.zhaw.ch\/iap\/lernen\">IAP Fachtagung Lebenslanges Lernen <\/a>mit Simon D\u00fcckert, CEO der Firma Cogneon, \u00fcber digitale und analoge Spielregeln beim Lernen und Arbeiten im digitalen Zeitalter.<\/p>\n<p>&nbsp;<\/p>\n","protected":false},"excerpt":{"rendered":"<p>Von Christoph G\u00fctersloh, Dozent und Berater In den letzten Jahren sind die Anspr\u00fcche an Arbeitnehmerinnen und Arbeitnehmer immer gr\u00f6sser geworden. Wir sollen immer und \u00fcberall lernen &#8211; und das ein Leben lang. Die Halbwertszeit unseres beruflichen Wissens wird immer k\u00fcrzer. Gleichzeitig scheinen immer neue Formen des Lernens auf den Markt zu kommen. E-Learning, Blended Learning, [&hellip;]<\/p>\n","protected":false},"author":223,"featured_media":843,"comment_status":"open","ping_status":"open","sticky":false,"template":"","format":"standard","meta":{"ngg_post_thumbnail":0,"footnotes":""},"categories":[1,55,54,52],"tags":[],"features":[],"class_list":["post-841","post","type-post","status-publish","format-standard","has-post-thumbnail","hentry","category-allgemein","category-der-mensch-in-der-flexiblen-arbeitswelt","category-digitales-lernen","category-fachtagungen-events"],"yoast_head":"<!-- This site is optimized with the Yoast SEO Premium plugin v27.2 (Yoast SEO v27.2) - https:\/\/yoast.com\/product\/yoast-seo-premium-wordpress\/ -->\n<title>Lernen in einer digitalen Welt - Psychologie im Alltag nutzen<\/title>\n<meta name=\"robots\" content=\"index, follow, max-snippet:-1, max-image-preview:large, max-video-preview:-1\" \/>\n<link rel=\"canonical\" href=\"https:\/\/blog.zhaw.ch\/iap\/2016\/06\/09\/lernen-in-einer-digitalen-welt\/\" \/>\n<meta property=\"og:locale\" content=\"de_DE\" \/>\n<meta property=\"og:type\" content=\"article\" \/>\n<meta property=\"og:title\" content=\"Lernen in einer digitalen Welt\" \/>\n<meta property=\"og:description\" content=\"Von Christoph G\u00fctersloh, Dozent und Berater In den letzten Jahren sind die Anspr\u00fcche an Arbeitnehmerinnen und Arbeitnehmer immer gr\u00f6sser geworden. Wir sollen immer und \u00fcberall lernen &#8211; und das ein Leben lang. Die Halbwertszeit unseres beruflichen Wissens wird immer k\u00fcrzer. Gleichzeitig scheinen immer neue Formen des Lernens auf den Markt zu kommen. E-Learning, Blended Learning, [&hellip;]\" \/>\n<meta property=\"og:url\" content=\"https:\/\/blog.zhaw.ch\/iap\/2016\/06\/09\/lernen-in-einer-digitalen-welt\/\" \/>\n<meta property=\"og:site_name\" content=\"Psychologie im Alltag nutzen\" \/>\n<meta property=\"article:published_time\" content=\"2016-06-09T14:54:13+00:00\" \/>\n<meta property=\"article:modified_time\" content=\"2016-07-27T09:03:53+00:00\" \/>\n<meta property=\"og:image\" content=\"https:\/\/blog.zhaw.ch\/iap\/files\/2016\/06\/Still_Blab_Mai_2016.jpg\" \/>\n\t<meta property=\"og:image:width\" content=\"1920\" \/>\n\t<meta property=\"og:image:height\" content=\"1080\" \/>\n\t<meta property=\"og:image:type\" content=\"image\/jpeg\" \/>\n<meta name=\"author\" content=\"Redaktion\" \/>\n<meta name=\"twitter:card\" content=\"summary_large_image\" \/>\n<meta name=\"twitter:label1\" content=\"Verfasst von\" \/>\n\t<meta name=\"twitter:data1\" content=\"Redaktion\" \/>\n\t<meta name=\"twitter:label2\" content=\"Gesch\u00e4tzte Lesezeit\" \/>\n\t<meta name=\"twitter:data2\" content=\"5\u00a0Minuten\" \/>\n<script type=\"application\/ld+json\" class=\"yoast-schema-graph\">{\"@context\":\"https:\/\/schema.org\",\"@graph\":[{\"@type\":\"Article\",\"@id\":\"https:\/\/blog.zhaw.ch\/iap\/2016\/06\/09\/lernen-in-einer-digitalen-welt\/#article\",\"isPartOf\":{\"@id\":\"https:\/\/blog.zhaw.ch\/iap\/2016\/06\/09\/lernen-in-einer-digitalen-welt\/\"},\"author\":{\"name\":\"Redaktion\",\"@id\":\"https:\/\/blog.zhaw.ch\/iap\/#\/schema\/person\/4d4e456db800b0dcc51526c3417f57ed\"},\"headline\":\"Lernen in einer digitalen Welt\",\"datePublished\":\"2016-06-09T14:54:13+00:00\",\"dateModified\":\"2016-07-27T09:03:53+00:00\",\"mainEntityOfPage\":{\"@id\":\"https:\/\/blog.zhaw.ch\/iap\/2016\/06\/09\/lernen-in-einer-digitalen-welt\/\"},\"wordCount\":1012,\"commentCount\":0,\"image\":{\"@id\":\"https:\/\/blog.zhaw.ch\/iap\/2016\/06\/09\/lernen-in-einer-digitalen-welt\/#primaryimage\"},\"thumbnailUrl\":\"https:\/\/blog.zhaw.ch\/iap\/files\/2016\/06\/Still_Blab_Mai_2016.jpg\",\"articleSection\":{\"1\":\"Der Mensch in der flexiblen Arbeitswelt\",\"2\":\"Digitales Lernen\",\"3\":\"Fachtagungen &amp; Events\"},\"inLanguage\":\"de\",\"potentialAction\":[{\"@type\":\"CommentAction\",\"name\":\"Comment\",\"target\":[\"https:\/\/blog.zhaw.ch\/iap\/2016\/06\/09\/lernen-in-einer-digitalen-welt\/#respond\"]}]},{\"@type\":\"WebPage\",\"@id\":\"https:\/\/blog.zhaw.ch\/iap\/2016\/06\/09\/lernen-in-einer-digitalen-welt\/\",\"url\":\"https:\/\/blog.zhaw.ch\/iap\/2016\/06\/09\/lernen-in-einer-digitalen-welt\/\",\"name\":\"Lernen in einer digitalen Welt - Psychologie im Alltag nutzen\",\"isPartOf\":{\"@id\":\"https:\/\/blog.zhaw.ch\/iap\/#website\"},\"primaryImageOfPage\":{\"@id\":\"https:\/\/blog.zhaw.ch\/iap\/2016\/06\/09\/lernen-in-einer-digitalen-welt\/#primaryimage\"},\"image\":{\"@id\":\"https:\/\/blog.zhaw.ch\/iap\/2016\/06\/09\/lernen-in-einer-digitalen-welt\/#primaryimage\"},\"thumbnailUrl\":\"https:\/\/blog.zhaw.ch\/iap\/files\/2016\/06\/Still_Blab_Mai_2016.jpg\",\"datePublished\":\"2016-06-09T14:54:13+00:00\",\"dateModified\":\"2016-07-27T09:03:53+00:00\",\"author\":{\"@id\":\"https:\/\/blog.zhaw.ch\/iap\/#\/schema\/person\/4d4e456db800b0dcc51526c3417f57ed\"},\"breadcrumb\":{\"@id\":\"https:\/\/blog.zhaw.ch\/iap\/2016\/06\/09\/lernen-in-einer-digitalen-welt\/#breadcrumb\"},\"inLanguage\":\"de\",\"potentialAction\":[{\"@type\":\"ReadAction\",\"target\":[\"https:\/\/blog.zhaw.ch\/iap\/2016\/06\/09\/lernen-in-einer-digitalen-welt\/\"]}]},{\"@type\":\"ImageObject\",\"inLanguage\":\"de\",\"@id\":\"https:\/\/blog.zhaw.ch\/iap\/2016\/06\/09\/lernen-in-einer-digitalen-welt\/#primaryimage\",\"url\":\"https:\/\/blog.zhaw.ch\/iap\/files\/2016\/06\/Still_Blab_Mai_2016.jpg\",\"contentUrl\":\"https:\/\/blog.zhaw.ch\/iap\/files\/2016\/06\/Still_Blab_Mai_2016.jpg\",\"width\":1920,\"height\":1080},{\"@type\":\"BreadcrumbList\",\"@id\":\"https:\/\/blog.zhaw.ch\/iap\/2016\/06\/09\/lernen-in-einer-digitalen-welt\/#breadcrumb\",\"itemListElement\":[{\"@type\":\"ListItem\",\"position\":1,\"name\":\"Startseite\",\"item\":\"https:\/\/blog.zhaw.ch\/iap\/\"},{\"@type\":\"ListItem\",\"position\":2,\"name\":\"Lernen in einer digitalen Welt\"}]},{\"@type\":\"WebSite\",\"@id\":\"https:\/\/blog.zhaw.ch\/iap\/#website\",\"url\":\"https:\/\/blog.zhaw.ch\/iap\/\",\"name\":\"Psychologie im Alltag nutzen\",\"description\":\"Ein Blog der ZHAW Z\u00fcrcher Hochschule f\u00fcr Angewandte Wissenschaften\",\"potentialAction\":[{\"@type\":\"SearchAction\",\"target\":{\"@type\":\"EntryPoint\",\"urlTemplate\":\"https:\/\/blog.zhaw.ch\/iap\/?s={search_term_string}\"},\"query-input\":{\"@type\":\"PropertyValueSpecification\",\"valueRequired\":true,\"valueName\":\"search_term_string\"}}],\"inLanguage\":\"de\"},{\"@type\":\"Person\",\"@id\":\"https:\/\/blog.zhaw.ch\/iap\/#\/schema\/person\/4d4e456db800b0dcc51526c3417f57ed\",\"name\":\"Redaktion\",\"image\":{\"@type\":\"ImageObject\",\"inLanguage\":\"de\",\"@id\":\"https:\/\/secure.gravatar.com\/avatar\/730160e5d0d4170155b5a6075757d2fcd5698658545111a9484b11e2822ca161?s=96&d=mm&r=g\",\"url\":\"https:\/\/secure.gravatar.com\/avatar\/730160e5d0d4170155b5a6075757d2fcd5698658545111a9484b11e2822ca161?s=96&d=mm&r=g\",\"contentUrl\":\"https:\/\/secure.gravatar.com\/avatar\/730160e5d0d4170155b5a6075757d2fcd5698658545111a9484b11e2822ca161?s=96&d=mm&r=g\",\"caption\":\"Redaktion\"},\"url\":\"https:\/\/blog.zhaw.ch\/iap\/author\/bolj\/\"}]}<\/script>\n<!-- \/ Yoast SEO Premium plugin. -->","yoast_head_json":{"title":"Lernen in einer digitalen Welt - Psychologie im Alltag nutzen","robots":{"index":"index","follow":"follow","max-snippet":"max-snippet:-1","max-image-preview":"max-image-preview:large","max-video-preview":"max-video-preview:-1"},"canonical":"https:\/\/blog.zhaw.ch\/iap\/2016\/06\/09\/lernen-in-einer-digitalen-welt\/","og_locale":"de_DE","og_type":"article","og_title":"Lernen in einer digitalen Welt","og_description":"Von Christoph G\u00fctersloh, Dozent und Berater In den letzten Jahren sind die Anspr\u00fcche an Arbeitnehmerinnen und Arbeitnehmer immer gr\u00f6sser geworden. Wir sollen immer und \u00fcberall lernen &#8211; und das ein Leben lang. Die Halbwertszeit unseres beruflichen Wissens wird immer k\u00fcrzer. Gleichzeitig scheinen immer neue Formen des Lernens auf den Markt zu kommen. E-Learning, Blended Learning, [&hellip;]","og_url":"https:\/\/blog.zhaw.ch\/iap\/2016\/06\/09\/lernen-in-einer-digitalen-welt\/","og_site_name":"Psychologie im Alltag nutzen","article_published_time":"2016-06-09T14:54:13+00:00","article_modified_time":"2016-07-27T09:03:53+00:00","og_image":[{"width":1920,"height":1080,"url":"https:\/\/blog.zhaw.ch\/iap\/files\/2016\/06\/Still_Blab_Mai_2016.jpg","type":"image\/jpeg"}],"author":"Redaktion","twitter_card":"summary_large_image","twitter_misc":{"Verfasst von":"Redaktion","Gesch\u00e4tzte Lesezeit":"5\u00a0Minuten"},"schema":{"@context":"https:\/\/schema.org","@graph":[{"@type":"Article","@id":"https:\/\/blog.zhaw.ch\/iap\/2016\/06\/09\/lernen-in-einer-digitalen-welt\/#article","isPartOf":{"@id":"https:\/\/blog.zhaw.ch\/iap\/2016\/06\/09\/lernen-in-einer-digitalen-welt\/"},"author":{"name":"Redaktion","@id":"https:\/\/blog.zhaw.ch\/iap\/#\/schema\/person\/4d4e456db800b0dcc51526c3417f57ed"},"headline":"Lernen in einer digitalen Welt","datePublished":"2016-06-09T14:54:13+00:00","dateModified":"2016-07-27T09:03:53+00:00","mainEntityOfPage":{"@id":"https:\/\/blog.zhaw.ch\/iap\/2016\/06\/09\/lernen-in-einer-digitalen-welt\/"},"wordCount":1012,"commentCount":0,"image":{"@id":"https:\/\/blog.zhaw.ch\/iap\/2016\/06\/09\/lernen-in-einer-digitalen-welt\/#primaryimage"},"thumbnailUrl":"https:\/\/blog.zhaw.ch\/iap\/files\/2016\/06\/Still_Blab_Mai_2016.jpg","articleSection":{"1":"Der Mensch in der flexiblen Arbeitswelt","2":"Digitales Lernen","3":"Fachtagungen &amp; Events"},"inLanguage":"de","potentialAction":[{"@type":"CommentAction","name":"Comment","target":["https:\/\/blog.zhaw.ch\/iap\/2016\/06\/09\/lernen-in-einer-digitalen-welt\/#respond"]}]},{"@type":"WebPage","@id":"https:\/\/blog.zhaw.ch\/iap\/2016\/06\/09\/lernen-in-einer-digitalen-welt\/","url":"https:\/\/blog.zhaw.ch\/iap\/2016\/06\/09\/lernen-in-einer-digitalen-welt\/","name":"Lernen in einer digitalen Welt - Psychologie im Alltag nutzen","isPartOf":{"@id":"https:\/\/blog.zhaw.ch\/iap\/#website"},"primaryImageOfPage":{"@id":"https:\/\/blog.zhaw.ch\/iap\/2016\/06\/09\/lernen-in-einer-digitalen-welt\/#primaryimage"},"image":{"@id":"https:\/\/blog.zhaw.ch\/iap\/2016\/06\/09\/lernen-in-einer-digitalen-welt\/#primaryimage"},"thumbnailUrl":"https:\/\/blog.zhaw.ch\/iap\/files\/2016\/06\/Still_Blab_Mai_2016.jpg","datePublished":"2016-06-09T14:54:13+00:00","dateModified":"2016-07-27T09:03:53+00:00","author":{"@id":"https:\/\/blog.zhaw.ch\/iap\/#\/schema\/person\/4d4e456db800b0dcc51526c3417f57ed"},"breadcrumb":{"@id":"https:\/\/blog.zhaw.ch\/iap\/2016\/06\/09\/lernen-in-einer-digitalen-welt\/#breadcrumb"},"inLanguage":"de","potentialAction":[{"@type":"ReadAction","target":["https:\/\/blog.zhaw.ch\/iap\/2016\/06\/09\/lernen-in-einer-digitalen-welt\/"]}]},{"@type":"ImageObject","inLanguage":"de","@id":"https:\/\/blog.zhaw.ch\/iap\/2016\/06\/09\/lernen-in-einer-digitalen-welt\/#primaryimage","url":"https:\/\/blog.zhaw.ch\/iap\/files\/2016\/06\/Still_Blab_Mai_2016.jpg","contentUrl":"https:\/\/blog.zhaw.ch\/iap\/files\/2016\/06\/Still_Blab_Mai_2016.jpg","width":1920,"height":1080},{"@type":"BreadcrumbList","@id":"https:\/\/blog.zhaw.ch\/iap\/2016\/06\/09\/lernen-in-einer-digitalen-welt\/#breadcrumb","itemListElement":[{"@type":"ListItem","position":1,"name":"Startseite","item":"https:\/\/blog.zhaw.ch\/iap\/"},{"@type":"ListItem","position":2,"name":"Lernen in einer digitalen Welt"}]},{"@type":"WebSite","@id":"https:\/\/blog.zhaw.ch\/iap\/#website","url":"https:\/\/blog.zhaw.ch\/iap\/","name":"Psychologie im Alltag nutzen","description":"Ein Blog der ZHAW Z\u00fcrcher Hochschule f\u00fcr Angewandte Wissenschaften","potentialAction":[{"@type":"SearchAction","target":{"@type":"EntryPoint","urlTemplate":"https:\/\/blog.zhaw.ch\/iap\/?s={search_term_string}"},"query-input":{"@type":"PropertyValueSpecification","valueRequired":true,"valueName":"search_term_string"}}],"inLanguage":"de"},{"@type":"Person","@id":"https:\/\/blog.zhaw.ch\/iap\/#\/schema\/person\/4d4e456db800b0dcc51526c3417f57ed","name":"Redaktion","image":{"@type":"ImageObject","inLanguage":"de","@id":"https:\/\/secure.gravatar.com\/avatar\/730160e5d0d4170155b5a6075757d2fcd5698658545111a9484b11e2822ca161?s=96&d=mm&r=g","url":"https:\/\/secure.gravatar.com\/avatar\/730160e5d0d4170155b5a6075757d2fcd5698658545111a9484b11e2822ca161?s=96&d=mm&r=g","contentUrl":"https:\/\/secure.gravatar.com\/avatar\/730160e5d0d4170155b5a6075757d2fcd5698658545111a9484b11e2822ca161?s=96&d=mm&r=g","caption":"Redaktion"},"url":"https:\/\/blog.zhaw.ch\/iap\/author\/bolj\/"}]}},"_links":{"self":[{"href":"https:\/\/blog.zhaw.ch\/iap\/wp-json\/wp\/v2\/posts\/841","targetHints":{"allow":["GET"]}}],"collection":[{"href":"https:\/\/blog.zhaw.ch\/iap\/wp-json\/wp\/v2\/posts"}],"about":[{"href":"https:\/\/blog.zhaw.ch\/iap\/wp-json\/wp\/v2\/types\/post"}],"author":[{"embeddable":true,"href":"https:\/\/blog.zhaw.ch\/iap\/wp-json\/wp\/v2\/users\/223"}],"replies":[{"embeddable":true,"href":"https:\/\/blog.zhaw.ch\/iap\/wp-json\/wp\/v2\/comments?post=841"}],"version-history":[{"count":17,"href":"https:\/\/blog.zhaw.ch\/iap\/wp-json\/wp\/v2\/posts\/841\/revisions"}],"predecessor-version":[{"id":1078,"href":"https:\/\/blog.zhaw.ch\/iap\/wp-json\/wp\/v2\/posts\/841\/revisions\/1078"}],"wp:featuredmedia":[{"embeddable":true,"href":"https:\/\/blog.zhaw.ch\/iap\/wp-json\/wp\/v2\/media\/843"}],"wp:attachment":[{"href":"https:\/\/blog.zhaw.ch\/iap\/wp-json\/wp\/v2\/media?parent=841"}],"wp:term":[{"taxonomy":"category","embeddable":true,"href":"https:\/\/blog.zhaw.ch\/iap\/wp-json\/wp\/v2\/categories?post=841"},{"taxonomy":"post_tag","embeddable":true,"href":"https:\/\/blog.zhaw.ch\/iap\/wp-json\/wp\/v2\/tags?post=841"},{"taxonomy":"features","embeddable":true,"href":"https:\/\/blog.zhaw.ch\/iap\/wp-json\/wp\/v2\/features?post=841"}],"curies":[{"name":"wp","href":"https:\/\/api.w.org\/{rel}","templated":true}]}}