{"id":636,"date":"2016-04-07T11:45:49","date_gmt":"2016-04-07T09:45:49","guid":{"rendered":"https:\/\/blog.zhaw.ch\/iap\/?p=636"},"modified":"2016-07-27T13:50:10","modified_gmt":"2016-07-27T11:50:10","slug":"fuehrungsentwicklung-sollte-in-die-strategie-eingebettet-sein","status":"publish","type":"post","link":"https:\/\/blog.zhaw.ch\/iap\/2016\/04\/07\/fuehrungsentwicklung-sollte-in-die-strategie-eingebettet-sein\/","title":{"rendered":"F\u00fchrungsentwicklung sollte in die Strategie eingebettet sein"},"content":{"rendered":"<p><strong>F\u00fchrungsentwicklung kostet viel und bringt wenig. In vielen F\u00e4llen stimmt das. Bei Globus hat man deshalb umgedacht. Die F\u00fchrungsentwicklung ist kein externes Programm, sondern eng an die Unternehmens-Strategie gebunden.<\/strong><\/p>\n<p><em>von Joy Bolli, Redaktorin ZHAW Angewandte Psychologie<\/em><\/p>\n<p><strong>Globus hat vor sieben Jahren ein neues Kader-Entwicklungsprogramm eingef\u00fchrt. Was ist das Besondere daran?<\/strong><br \/>\nIch spreche generell viel lieber von Entfaltung als von Entwicklung, denn wir entwickeln ja keine F\u00fchrungspersonen. Wir schaffen R\u00e4ume, wo sie ihre angelegten Talente und Begabungen entfalten k\u00f6nnen und in ihrer Einzigartigkeit gesehen und anerkannt werden. Fr\u00fcher wurde unser Kadernachwuchsprogramm, das sogenannte \u201eKANA\u201c, spezifisch auf die jeweiligen Bereiche ausgelegt. Das heisst, der Verkauf befasste sich nur mit Verkaufsthemen, die Logistik nur mit Logistik, etc. Heute ist unser Programm bereichs\u00fcbergreifend aufgebaut. Wir wollen, dass die Logistik auch den Verkauf versteht und umgekehrt. So lernen die jungen F\u00fchrungspersonen die Zusammenh\u00e4nge besser kennen und verstehen die Bedingungen in den anderen Bereichen. Wenn sie das Unternehmen in seiner Gesamtheit verstehen, k\u00f6nnen sie besser zusammenarbeiten, die Prozesse weitreichender beurteilen und gute Entscheidungen treffen. Das wirklich Essentielle am Programm ist aber die Einbettung in die Strategie und die Tr\u00e4gerschaft durch das Management.<!--more--><\/p>\n<figure id=\"attachment_645\" aria-describedby=\"caption-attachment-645\" style=\"width: 550px\" class=\"wp-caption alignleft\"><a href=\"https:\/\/blog.zhaw.ch\/iap\/files\/2016\/04\/Modul\u00fcbersicht_KANA-Advanced-_2016_2017-Kopie.jpg\" rel=\"attachment wp-att-645\"><img loading=\"lazy\" decoding=\"async\" class=\"KANA Advanced: Modul\u00fcbersicht wp-image-645 size-large\" title=\"KANA Advanced: Modul\u00fcbersicht\" src=\"https:\/\/blog.zhaw.ch\/iap\/files\/2016\/04\/Modul\u00fcbersicht_KANA-Advanced-_2016_2017-Kopie-724x1024.jpg\" alt=\"Modul\u00fcbersicht_KANA Advanced _2016_2017 - Kopie\" width=\"550\" height=\"778\" srcset=\"https:\/\/blog.zhaw.ch\/iap\/files\/2016\/04\/Modul\u00fcbersicht_KANA-Advanced-_2016_2017-Kopie-724x1024.jpg 724w, https:\/\/blog.zhaw.ch\/iap\/files\/2016\/04\/Modul\u00fcbersicht_KANA-Advanced-_2016_2017-Kopie-212x300.jpg 212w, https:\/\/blog.zhaw.ch\/iap\/files\/2016\/04\/Modul\u00fcbersicht_KANA-Advanced-_2016_2017-Kopie-768x1086.jpg 768w, https:\/\/blog.zhaw.ch\/iap\/files\/2016\/04\/Modul\u00fcbersicht_KANA-Advanced-_2016_2017-Kopie-860x1216.jpg 860w, https:\/\/blog.zhaw.ch\/iap\/files\/2016\/04\/Modul\u00fcbersicht_KANA-Advanced-_2016_2017-Kopie-1200x1697.jpg 1200w, https:\/\/blog.zhaw.ch\/iap\/files\/2016\/04\/Modul\u00fcbersicht_KANA-Advanced-_2016_2017-Kopie-1600x2263.jpg 1600w, https:\/\/blog.zhaw.ch\/iap\/files\/2016\/04\/Modul\u00fcbersicht_KANA-Advanced-_2016_2017-Kopie.jpg 1654w\" sizes=\"auto, (max-width: 550px) 100vw, 550px\" \/><\/a><figcaption id=\"caption-attachment-645\" class=\"wp-caption-text\">KANA Advanced: Modul\u00fcbersicht<\/figcaption><\/figure>\n<p><strong>Was genau bedeutet das?<br \/>\n<\/strong>Bei Globus ist immer ein Mitglied aus der Gesch\u00e4ftsleitung Schirmherr des Nachwuchsprogrammes. Das heisst, nachdem ein Mitarbeiter von seinem Vorgesetzten f\u00fcr ein KANA nominiert wurde und die Ergebnisse aus dem darauf folgenden Assessment positiv ausfallen, folgt die offizielle Aufnahme ins KANA-Programm. Die Einladung dazu kommt direkt vom CEO. Jedes Modul im Programm wird durch eine praktische Transfer-Aufgabe abgerundet, welche der KANA-Teilnehmer mit seinem Vorgesetzten direkt zu l\u00f6sen und umzusetzen hat. Zu Beginn eines jeden neuen Moduls wird die Umsetzung der letzten Aufgabe analysiert und reflektiert &#8211; sowohl mit dem Personalentwickler als auch mit dem Vorgesetzten. Die Abschlussarbeit wird vom Vorgesetzen und einem zus\u00e4tzlichen Mentor aus der eigenen Abteilung begleitet. Auch die Pr\u00e4sentation dieser Abschlussarbeit findet nicht im engen Kreis der Teilnehmer und Ausbilder statt, sondern auch in Gegenwart von mindestens drei Mitgliedern der Gesch\u00e4ftsleitung. So werden die Beitr\u00e4ge und die Menschen von der Gesch\u00e4ftsleitung direkt \u201egesehen\u201c und das Management kann den Nachwuchs besser einsch\u00e4tzen und einsetzen.<\/p>\n<p><strong>Ist das nicht enorm aufw\u00e4ndig?<\/strong><br \/>\nNur auf den ersten Blick. Wenn man genauer hinschaut, wird klar, dass dieser Weg sehr nachhaltig ist, denn man bildet gezielt neue F\u00fchrungspersonen aus und setzt Geld, Zeit und Aufwand zu 100 Prozent gewinnbringend ein. Der sch\u00f6nste Nebeneffekt, der daraus entsteht: In einem Warenhaus haben Sie eine durchschnittliche Fluktuationsrate von 15-17 Prozent. Bei unseren Leuten im Kadernachwuchs ist sie bei h\u00f6chstens drei Prozent. Das best\u00e4rkt uns, dass wir auf dem richtigen Weg sind. Auch unsere Bef\u00f6rderungsquote liegt weit h\u00f6her als sonst. Bei uns werden nach dem Programm rund 60 Prozent der Lernenden am Ende wirklich bef\u00f6rdert. Nat\u00fcrlich ist das auch eine Wirkung unserer Planung. Die m\u00f6gliche Zielposition muss bereits zu Beginn klar sein, damit es nicht zu unn\u00f6tigen Frustrationen nach der Weiterbildung kommt.<\/p>\n<p><a href=\"https:\/\/blog.zhaw.ch\/iap\/files\/2016\/04\/Globus_KANA_5.jpg\" rel=\"attachment wp-att-638\"><img loading=\"lazy\" decoding=\"async\" class=\"alignleft wp-image-638\" src=\"https:\/\/blog.zhaw.ch\/iap\/files\/2016\/04\/Globus_KANA_5-300x155.jpg\" alt=\"Globus_KANA_5\" width=\"550\" height=\"284\" srcset=\"https:\/\/blog.zhaw.ch\/iap\/files\/2016\/04\/Globus_KANA_5-300x155.jpg 300w, https:\/\/blog.zhaw.ch\/iap\/files\/2016\/04\/Globus_KANA_5-768x397.jpg 768w, https:\/\/blog.zhaw.ch\/iap\/files\/2016\/04\/Globus_KANA_5-1024x529.jpg 1024w, https:\/\/blog.zhaw.ch\/iap\/files\/2016\/04\/Globus_KANA_5-860x444.jpg 860w, https:\/\/blog.zhaw.ch\/iap\/files\/2016\/04\/Globus_KANA_5-1200x620.jpg 1200w, https:\/\/blog.zhaw.ch\/iap\/files\/2016\/04\/Globus_KANA_5-1600x826.jpg 1600w, https:\/\/blog.zhaw.ch\/iap\/files\/2016\/04\/Globus_KANA_5.jpg 1749w\" sizes=\"auto, (max-width: 550px) 100vw, 550px\" \/><\/a><\/p>\n<p><strong>Inwiefern ist die Einbettung in die Unternehmensstrategie wichtig?<\/strong><br \/>\nWenn ein Entwicklungsprogramm losgel\u00f6st vom Arbeitsalltag steht, lernt die F\u00fchrungsperson zwar allgemeine Theorien und Konzepte kennen, kann diese aber im Unternehmensalltag oft nicht umsetzen. Dadurch geht viel Zeit, Lernaufwand und am Ende auch Geld verloren. Eine F\u00fchrungsausbildung sollte deshalb die Theorie eng mit dem Praxisalltag verbinden, den Lernenden die Gelegenheit geben, die neuen Konzepte in die Unternehmensumgebung zu integrieren, und sie darin schulen, als Vorgesetzte die Werte vorzuleben und das Unternehmen innovativ vorantreiben zu k\u00f6nnen. Das lernt man nur, wenn das Programm einen integrierten Ansatz verfolgt und auf den Unternehmenswerten aufbaut. Bei uns ist daher das gesamte Programm auf die Strategie aufgebaut. Ein Beispiel: Die Aufgabe am Ende eines Moduls wird mit einem strategie-relevanten Thema verkn\u00fcpft und muss den Anspruch der \u201eInnovation\u201c erf\u00fcllen. So w\u00e4re die Aufgabe zum Beispiel, ein innovatives Konzept zur Steigerung der Antr\u00e4ge f\u00fcr die \u201ePlusCard\u201c, unsere Globus Kundenkarte, zu erstellen. Auch in der Pers\u00f6nlichkeitsentwicklung geht es um die Unternehmenswerte und darum, wie die jungen F\u00fchrungskr\u00e4fte die Werte in ihrem Praxisalltag erleben, wie sie sie selbst sehen und wie sie sie als Vorgesetzte besser tragen und vorleben k\u00f6nnen. Erst durch diese Auseinandersetzung mit der Firma und der Strategie entsteht wirkliche \u201eIdentifizierung\u201c mit dem Unternehmen.<\/p>\n<p><a href=\"https:\/\/blog.zhaw.ch\/iap\/files\/2016\/04\/Globus_KANA_8.jpg\" rel=\"attachment wp-att-641\"><img loading=\"lazy\" decoding=\"async\" class=\"alignleft wp-image-641\" src=\"https:\/\/blog.zhaw.ch\/iap\/files\/2016\/04\/Globus_KANA_8-300x154.jpg\" alt=\"Globus_KANA_8\" width=\"550\" height=\"281\" srcset=\"https:\/\/blog.zhaw.ch\/iap\/files\/2016\/04\/Globus_KANA_8-300x154.jpg 300w, https:\/\/blog.zhaw.ch\/iap\/files\/2016\/04\/Globus_KANA_8-768x393.jpg 768w, https:\/\/blog.zhaw.ch\/iap\/files\/2016\/04\/Globus_KANA_8-1024x524.jpg 1024w, https:\/\/blog.zhaw.ch\/iap\/files\/2016\/04\/Globus_KANA_8-860x440.jpg 860w, https:\/\/blog.zhaw.ch\/iap\/files\/2016\/04\/Globus_KANA_8-1200x614.jpg 1200w, https:\/\/blog.zhaw.ch\/iap\/files\/2016\/04\/Globus_KANA_8-1600x819.jpg 1600w, https:\/\/blog.zhaw.ch\/iap\/files\/2016\/04\/Globus_KANA_8.jpg 1737w\" sizes=\"auto, (max-width: 550px) 100vw, 550px\" \/><\/a><\/p>\n<p><strong><br \/>\nZur Person<\/strong><br \/>\nBrigitte Baumberger ist stellvertretende Leiterin Personalentwicklung und Projekte bei Magazine zum Globus AG. Bevor sie in die Personalentwicklung kam, war sie selbst im Management t\u00e4tig. Die diplomierte Betriebs\u00f6konomin war unter anderem 13 Jahre lang in der Gesch\u00e4ftsf\u00fchrung des Modehauses Modissa und hat die Strandmoden-Kette \u201eTa-Bou\u201c mitbegr\u00fcndet. Zurzeit absolviert sie den Weiterbildungsmaster<a href=\"https:\/\/weiterbildung.zhaw.ch\/de\/iap-institut-fuer-angewandte-psychologie\/programm\/mas-coaching-organisationsberatung.html\"> Coaching &amp; Organisationsberatung<\/a> am IAP.<\/p>\n<p><a href=\"https:\/\/blog.zhaw.ch\/iap\/files\/2016\/04\/Globus_KANA_9.jpg\"><img loading=\"lazy\" decoding=\"async\" class=\"alignleft wp-image-642 size-large\" src=\"https:\/\/blog.zhaw.ch\/iap\/files\/2016\/04\/Globus_KANA_9-1024x523.jpg\" alt=\"Globus_KANA_9\" width=\"550\" height=\"281\" srcset=\"https:\/\/blog.zhaw.ch\/iap\/files\/2016\/04\/Globus_KANA_9-1024x523.jpg 1024w, https:\/\/blog.zhaw.ch\/iap\/files\/2016\/04\/Globus_KANA_9-300x153.jpg 300w, https:\/\/blog.zhaw.ch\/iap\/files\/2016\/04\/Globus_KANA_9-768x392.jpg 768w, https:\/\/blog.zhaw.ch\/iap\/files\/2016\/04\/Globus_KANA_9-860x439.jpg 860w, https:\/\/blog.zhaw.ch\/iap\/files\/2016\/04\/Globus_KANA_9-1200x613.jpg 1200w, https:\/\/blog.zhaw.ch\/iap\/files\/2016\/04\/Globus_KANA_9-1600x817.jpg 1600w, https:\/\/blog.zhaw.ch\/iap\/files\/2016\/04\/Globus_KANA_9.jpg 1749w\" sizes=\"auto, (max-width: 550px) 100vw, 550px\" \/><\/a><\/p>\n<p>&nbsp;<\/p>\n<hr \/>\n<p><strong>Das IAP als Partner<br \/>\n<\/strong>Pers\u00f6nlichkeitsentwicklung ist ein wichtiger Teil jedes Kadernachwuchsprogrammes. Um die jungen F\u00fchrungspersonen nicht nur mit theoretischen psychologischen Kenntnissen, sondern mit praxisnahem und Management-relevantem Wissen auszustatten, arbeitet Globus mit dem IAP zusammen. \u201eMit Uwe Neumann haben wir einen kompetenten und sehr professionellen Partner an unserer Seite\u201c, erkl\u00e4rt Brigitte Baumberger. \u201eDa er selbst lange in der F\u00fchrungsberatung bei Malik gearbeitet hat, macht er f\u00fcr unseren Kadernachwuchs psychologisches Wissen im F\u00fchrungsalltag konkret nutzbar\u201c. Informationen zur F\u00fchrungsausbildung am IAP finden Sie auf unserer <a href=\"https:\/\/www.zhaw.ch\/de\/psychologie\/dienstleistung\/leadership-coaching-change-management\/fuehrungsentwicklung\/\">Website<\/a>.<\/p>\n<p><strong>Personal Swiss<\/strong><br \/>\nAm 12. und 13. April 2016 zeigen Beraterinnen und Berater des IAP Institut f\u00fcr Angewandte Psychologie an der <a href=\"https:\/\/www.zhaw.ch\/de\/psychologie\/iap\/veranstaltungen\/aktuelle-veranstaltungen\/personal-swiss\/\">Personal Swiss<\/a> neue Wege in der F\u00fchrungsentwicklung auf.<\/p>\n","protected":false},"excerpt":{"rendered":"<p>F\u00fchrungsentwicklung kostet viel und bringt wenig. In vielen F\u00e4llen stimmt das. Bei Globus hat man deshalb umgedacht. Die F\u00fchrungsentwicklung ist kein externes Programm, sondern eng an die Unternehmens-Strategie gebunden. von Joy Bolli, Redaktorin ZHAW Angewandte Psychologie Globus hat vor sieben Jahren ein neues Kader-Entwicklungsprogramm eingef\u00fchrt. Was ist das Besondere daran? Ich spreche generell viel lieber [&hellip;]<\/p>\n","protected":false},"author":223,"featured_media":0,"comment_status":"open","ping_status":"open","sticky":false,"template":"","format":"standard","meta":{"ngg_post_thumbnail":0,"footnotes":""},"categories":[1,55,56],"tags":[],"features":[],"class_list":["post-636","post","type-post","status-publish","format-standard","hentry","category-allgemein","category-der-mensch-in-der-flexiblen-arbeitswelt","category-psychologie-im-alltag"],"yoast_head":"<!-- This site is optimized with the Yoast SEO Premium plugin v27.2 (Yoast SEO v27.2) - https:\/\/yoast.com\/product\/yoast-seo-premium-wordpress\/ -->\n<title>F\u00fchrungsentwicklung sollte in die Strategie eingebettet sein - Psychologie im Alltag nutzen<\/title>\n<meta name=\"robots\" content=\"index, follow, max-snippet:-1, max-image-preview:large, max-video-preview:-1\" \/>\n<link rel=\"canonical\" href=\"https:\/\/blog.zhaw.ch\/iap\/2016\/04\/07\/fuehrungsentwicklung-sollte-in-die-strategie-eingebettet-sein\/\" \/>\n<meta property=\"og:locale\" content=\"de_DE\" \/>\n<meta property=\"og:type\" content=\"article\" \/>\n<meta property=\"og:title\" content=\"F\u00fchrungsentwicklung sollte in die Strategie eingebettet sein\" \/>\n<meta property=\"og:description\" content=\"F\u00fchrungsentwicklung kostet viel und bringt wenig. In vielen F\u00e4llen stimmt das. Bei Globus hat man deshalb umgedacht. Die F\u00fchrungsentwicklung ist kein externes Programm, sondern eng an die Unternehmens-Strategie gebunden. von Joy Bolli, Redaktorin ZHAW Angewandte Psychologie Globus hat vor sieben Jahren ein neues Kader-Entwicklungsprogramm eingef\u00fchrt. Was ist das Besondere daran? Ich spreche generell viel lieber [&hellip;]\" \/>\n<meta property=\"og:url\" content=\"https:\/\/blog.zhaw.ch\/iap\/2016\/04\/07\/fuehrungsentwicklung-sollte-in-die-strategie-eingebettet-sein\/\" \/>\n<meta property=\"og:site_name\" content=\"Psychologie im Alltag nutzen\" \/>\n<meta property=\"article:published_time\" content=\"2016-04-07T09:45:49+00:00\" \/>\n<meta property=\"article:modified_time\" content=\"2016-07-27T11:50:10+00:00\" \/>\n<meta property=\"og:image\" content=\"https:\/\/blog.zhaw.ch\/iap\/files\/2016\/04\/Globus_KANA_5-300x155.jpg\" \/>\n<meta name=\"author\" content=\"Redaktion\" \/>\n<meta name=\"twitter:card\" content=\"summary_large_image\" \/>\n<meta name=\"twitter:label1\" content=\"Verfasst von\" \/>\n\t<meta name=\"twitter:data1\" content=\"Redaktion\" \/>\n\t<meta name=\"twitter:label2\" content=\"Gesch\u00e4tzte Lesezeit\" \/>\n\t<meta name=\"twitter:data2\" content=\"5\u00a0Minuten\" \/>\n<script type=\"application\/ld+json\" class=\"yoast-schema-graph\">{\"@context\":\"https:\/\/schema.org\",\"@graph\":[{\"@type\":\"Article\",\"@id\":\"https:\/\/blog.zhaw.ch\/iap\/2016\/04\/07\/fuehrungsentwicklung-sollte-in-die-strategie-eingebettet-sein\/#article\",\"isPartOf\":{\"@id\":\"https:\/\/blog.zhaw.ch\/iap\/2016\/04\/07\/fuehrungsentwicklung-sollte-in-die-strategie-eingebettet-sein\/\"},\"author\":{\"name\":\"Redaktion\",\"@id\":\"https:\/\/blog.zhaw.ch\/iap\/#\/schema\/person\/4d4e456db800b0dcc51526c3417f57ed\"},\"headline\":\"F\u00fchrungsentwicklung sollte in die Strategie eingebettet sein\",\"datePublished\":\"2016-04-07T09:45:49+00:00\",\"dateModified\":\"2016-07-27T11:50:10+00:00\",\"mainEntityOfPage\":{\"@id\":\"https:\/\/blog.zhaw.ch\/iap\/2016\/04\/07\/fuehrungsentwicklung-sollte-in-die-strategie-eingebettet-sein\/\"},\"wordCount\":922,\"commentCount\":0,\"image\":{\"@id\":\"https:\/\/blog.zhaw.ch\/iap\/2016\/04\/07\/fuehrungsentwicklung-sollte-in-die-strategie-eingebettet-sein\/#primaryimage\"},\"thumbnailUrl\":\"https:\/\/blog.zhaw.ch\/iap\/files\/2016\/04\/Globus_KANA_5-300x155.jpg\",\"articleSection\":{\"1\":\"Der Mensch in der flexiblen Arbeitswelt\",\"2\":\"Psychologie im Alltag\"},\"inLanguage\":\"de\",\"potentialAction\":[{\"@type\":\"CommentAction\",\"name\":\"Comment\",\"target\":[\"https:\/\/blog.zhaw.ch\/iap\/2016\/04\/07\/fuehrungsentwicklung-sollte-in-die-strategie-eingebettet-sein\/#respond\"]}]},{\"@type\":\"WebPage\",\"@id\":\"https:\/\/blog.zhaw.ch\/iap\/2016\/04\/07\/fuehrungsentwicklung-sollte-in-die-strategie-eingebettet-sein\/\",\"url\":\"https:\/\/blog.zhaw.ch\/iap\/2016\/04\/07\/fuehrungsentwicklung-sollte-in-die-strategie-eingebettet-sein\/\",\"name\":\"F\u00fchrungsentwicklung sollte in die Strategie eingebettet sein - Psychologie im Alltag nutzen\",\"isPartOf\":{\"@id\":\"https:\/\/blog.zhaw.ch\/iap\/#website\"},\"primaryImageOfPage\":{\"@id\":\"https:\/\/blog.zhaw.ch\/iap\/2016\/04\/07\/fuehrungsentwicklung-sollte-in-die-strategie-eingebettet-sein\/#primaryimage\"},\"image\":{\"@id\":\"https:\/\/blog.zhaw.ch\/iap\/2016\/04\/07\/fuehrungsentwicklung-sollte-in-die-strategie-eingebettet-sein\/#primaryimage\"},\"thumbnailUrl\":\"https:\/\/blog.zhaw.ch\/iap\/files\/2016\/04\/Globus_KANA_5-300x155.jpg\",\"datePublished\":\"2016-04-07T09:45:49+00:00\",\"dateModified\":\"2016-07-27T11:50:10+00:00\",\"author\":{\"@id\":\"https:\/\/blog.zhaw.ch\/iap\/#\/schema\/person\/4d4e456db800b0dcc51526c3417f57ed\"},\"breadcrumb\":{\"@id\":\"https:\/\/blog.zhaw.ch\/iap\/2016\/04\/07\/fuehrungsentwicklung-sollte-in-die-strategie-eingebettet-sein\/#breadcrumb\"},\"inLanguage\":\"de\",\"potentialAction\":[{\"@type\":\"ReadAction\",\"target\":[\"https:\/\/blog.zhaw.ch\/iap\/2016\/04\/07\/fuehrungsentwicklung-sollte-in-die-strategie-eingebettet-sein\/\"]}]},{\"@type\":\"ImageObject\",\"inLanguage\":\"de\",\"@id\":\"https:\/\/blog.zhaw.ch\/iap\/2016\/04\/07\/fuehrungsentwicklung-sollte-in-die-strategie-eingebettet-sein\/#primaryimage\",\"url\":\"https:\/\/blog.zhaw.ch\/iap\/files\/2016\/04\/Globus_KANA_5.jpg\",\"contentUrl\":\"https:\/\/blog.zhaw.ch\/iap\/files\/2016\/04\/Globus_KANA_5.jpg\",\"width\":1749,\"height\":903},{\"@type\":\"BreadcrumbList\",\"@id\":\"https:\/\/blog.zhaw.ch\/iap\/2016\/04\/07\/fuehrungsentwicklung-sollte-in-die-strategie-eingebettet-sein\/#breadcrumb\",\"itemListElement\":[{\"@type\":\"ListItem\",\"position\":1,\"name\":\"Startseite\",\"item\":\"https:\/\/blog.zhaw.ch\/iap\/\"},{\"@type\":\"ListItem\",\"position\":2,\"name\":\"F\u00fchrungsentwicklung sollte in die Strategie eingebettet sein\"}]},{\"@type\":\"WebSite\",\"@id\":\"https:\/\/blog.zhaw.ch\/iap\/#website\",\"url\":\"https:\/\/blog.zhaw.ch\/iap\/\",\"name\":\"Psychologie im Alltag nutzen\",\"description\":\"Ein Blog der ZHAW Z\u00fcrcher Hochschule f\u00fcr Angewandte Wissenschaften\",\"potentialAction\":[{\"@type\":\"SearchAction\",\"target\":{\"@type\":\"EntryPoint\",\"urlTemplate\":\"https:\/\/blog.zhaw.ch\/iap\/?s={search_term_string}\"},\"query-input\":{\"@type\":\"PropertyValueSpecification\",\"valueRequired\":true,\"valueName\":\"search_term_string\"}}],\"inLanguage\":\"de\"},{\"@type\":\"Person\",\"@id\":\"https:\/\/blog.zhaw.ch\/iap\/#\/schema\/person\/4d4e456db800b0dcc51526c3417f57ed\",\"name\":\"Redaktion\",\"image\":{\"@type\":\"ImageObject\",\"inLanguage\":\"de\",\"@id\":\"https:\/\/secure.gravatar.com\/avatar\/730160e5d0d4170155b5a6075757d2fcd5698658545111a9484b11e2822ca161?s=96&d=mm&r=g\",\"url\":\"https:\/\/secure.gravatar.com\/avatar\/730160e5d0d4170155b5a6075757d2fcd5698658545111a9484b11e2822ca161?s=96&d=mm&r=g\",\"contentUrl\":\"https:\/\/secure.gravatar.com\/avatar\/730160e5d0d4170155b5a6075757d2fcd5698658545111a9484b11e2822ca161?s=96&d=mm&r=g\",\"caption\":\"Redaktion\"},\"url\":\"https:\/\/blog.zhaw.ch\/iap\/author\/bolj\/\"}]}<\/script>\n<!-- \/ Yoast SEO Premium plugin. -->","yoast_head_json":{"title":"F\u00fchrungsentwicklung sollte in die Strategie eingebettet sein - Psychologie im Alltag nutzen","robots":{"index":"index","follow":"follow","max-snippet":"max-snippet:-1","max-image-preview":"max-image-preview:large","max-video-preview":"max-video-preview:-1"},"canonical":"https:\/\/blog.zhaw.ch\/iap\/2016\/04\/07\/fuehrungsentwicklung-sollte-in-die-strategie-eingebettet-sein\/","og_locale":"de_DE","og_type":"article","og_title":"F\u00fchrungsentwicklung sollte in die Strategie eingebettet sein","og_description":"F\u00fchrungsentwicklung kostet viel und bringt wenig. In vielen F\u00e4llen stimmt das. Bei Globus hat man deshalb umgedacht. Die F\u00fchrungsentwicklung ist kein externes Programm, sondern eng an die Unternehmens-Strategie gebunden. von Joy Bolli, Redaktorin ZHAW Angewandte Psychologie Globus hat vor sieben Jahren ein neues Kader-Entwicklungsprogramm eingef\u00fchrt. Was ist das Besondere daran? Ich spreche generell viel lieber [&hellip;]","og_url":"https:\/\/blog.zhaw.ch\/iap\/2016\/04\/07\/fuehrungsentwicklung-sollte-in-die-strategie-eingebettet-sein\/","og_site_name":"Psychologie im Alltag nutzen","article_published_time":"2016-04-07T09:45:49+00:00","article_modified_time":"2016-07-27T11:50:10+00:00","og_image":[{"url":"https:\/\/blog.zhaw.ch\/iap\/files\/2016\/04\/Globus_KANA_5-300x155.jpg","type":"","width":"","height":""}],"author":"Redaktion","twitter_card":"summary_large_image","twitter_misc":{"Verfasst von":"Redaktion","Gesch\u00e4tzte Lesezeit":"5\u00a0Minuten"},"schema":{"@context":"https:\/\/schema.org","@graph":[{"@type":"Article","@id":"https:\/\/blog.zhaw.ch\/iap\/2016\/04\/07\/fuehrungsentwicklung-sollte-in-die-strategie-eingebettet-sein\/#article","isPartOf":{"@id":"https:\/\/blog.zhaw.ch\/iap\/2016\/04\/07\/fuehrungsentwicklung-sollte-in-die-strategie-eingebettet-sein\/"},"author":{"name":"Redaktion","@id":"https:\/\/blog.zhaw.ch\/iap\/#\/schema\/person\/4d4e456db800b0dcc51526c3417f57ed"},"headline":"F\u00fchrungsentwicklung sollte in die Strategie eingebettet sein","datePublished":"2016-04-07T09:45:49+00:00","dateModified":"2016-07-27T11:50:10+00:00","mainEntityOfPage":{"@id":"https:\/\/blog.zhaw.ch\/iap\/2016\/04\/07\/fuehrungsentwicklung-sollte-in-die-strategie-eingebettet-sein\/"},"wordCount":922,"commentCount":0,"image":{"@id":"https:\/\/blog.zhaw.ch\/iap\/2016\/04\/07\/fuehrungsentwicklung-sollte-in-die-strategie-eingebettet-sein\/#primaryimage"},"thumbnailUrl":"https:\/\/blog.zhaw.ch\/iap\/files\/2016\/04\/Globus_KANA_5-300x155.jpg","articleSection":{"1":"Der Mensch in der flexiblen Arbeitswelt","2":"Psychologie im Alltag"},"inLanguage":"de","potentialAction":[{"@type":"CommentAction","name":"Comment","target":["https:\/\/blog.zhaw.ch\/iap\/2016\/04\/07\/fuehrungsentwicklung-sollte-in-die-strategie-eingebettet-sein\/#respond"]}]},{"@type":"WebPage","@id":"https:\/\/blog.zhaw.ch\/iap\/2016\/04\/07\/fuehrungsentwicklung-sollte-in-die-strategie-eingebettet-sein\/","url":"https:\/\/blog.zhaw.ch\/iap\/2016\/04\/07\/fuehrungsentwicklung-sollte-in-die-strategie-eingebettet-sein\/","name":"F\u00fchrungsentwicklung sollte in die Strategie eingebettet sein - Psychologie im Alltag nutzen","isPartOf":{"@id":"https:\/\/blog.zhaw.ch\/iap\/#website"},"primaryImageOfPage":{"@id":"https:\/\/blog.zhaw.ch\/iap\/2016\/04\/07\/fuehrungsentwicklung-sollte-in-die-strategie-eingebettet-sein\/#primaryimage"},"image":{"@id":"https:\/\/blog.zhaw.ch\/iap\/2016\/04\/07\/fuehrungsentwicklung-sollte-in-die-strategie-eingebettet-sein\/#primaryimage"},"thumbnailUrl":"https:\/\/blog.zhaw.ch\/iap\/files\/2016\/04\/Globus_KANA_5-300x155.jpg","datePublished":"2016-04-07T09:45:49+00:00","dateModified":"2016-07-27T11:50:10+00:00","author":{"@id":"https:\/\/blog.zhaw.ch\/iap\/#\/schema\/person\/4d4e456db800b0dcc51526c3417f57ed"},"breadcrumb":{"@id":"https:\/\/blog.zhaw.ch\/iap\/2016\/04\/07\/fuehrungsentwicklung-sollte-in-die-strategie-eingebettet-sein\/#breadcrumb"},"inLanguage":"de","potentialAction":[{"@type":"ReadAction","target":["https:\/\/blog.zhaw.ch\/iap\/2016\/04\/07\/fuehrungsentwicklung-sollte-in-die-strategie-eingebettet-sein\/"]}]},{"@type":"ImageObject","inLanguage":"de","@id":"https:\/\/blog.zhaw.ch\/iap\/2016\/04\/07\/fuehrungsentwicklung-sollte-in-die-strategie-eingebettet-sein\/#primaryimage","url":"https:\/\/blog.zhaw.ch\/iap\/files\/2016\/04\/Globus_KANA_5.jpg","contentUrl":"https:\/\/blog.zhaw.ch\/iap\/files\/2016\/04\/Globus_KANA_5.jpg","width":1749,"height":903},{"@type":"BreadcrumbList","@id":"https:\/\/blog.zhaw.ch\/iap\/2016\/04\/07\/fuehrungsentwicklung-sollte-in-die-strategie-eingebettet-sein\/#breadcrumb","itemListElement":[{"@type":"ListItem","position":1,"name":"Startseite","item":"https:\/\/blog.zhaw.ch\/iap\/"},{"@type":"ListItem","position":2,"name":"F\u00fchrungsentwicklung sollte in die Strategie eingebettet sein"}]},{"@type":"WebSite","@id":"https:\/\/blog.zhaw.ch\/iap\/#website","url":"https:\/\/blog.zhaw.ch\/iap\/","name":"Psychologie im Alltag nutzen","description":"Ein Blog der ZHAW Z\u00fcrcher Hochschule f\u00fcr Angewandte Wissenschaften","potentialAction":[{"@type":"SearchAction","target":{"@type":"EntryPoint","urlTemplate":"https:\/\/blog.zhaw.ch\/iap\/?s={search_term_string}"},"query-input":{"@type":"PropertyValueSpecification","valueRequired":true,"valueName":"search_term_string"}}],"inLanguage":"de"},{"@type":"Person","@id":"https:\/\/blog.zhaw.ch\/iap\/#\/schema\/person\/4d4e456db800b0dcc51526c3417f57ed","name":"Redaktion","image":{"@type":"ImageObject","inLanguage":"de","@id":"https:\/\/secure.gravatar.com\/avatar\/730160e5d0d4170155b5a6075757d2fcd5698658545111a9484b11e2822ca161?s=96&d=mm&r=g","url":"https:\/\/secure.gravatar.com\/avatar\/730160e5d0d4170155b5a6075757d2fcd5698658545111a9484b11e2822ca161?s=96&d=mm&r=g","contentUrl":"https:\/\/secure.gravatar.com\/avatar\/730160e5d0d4170155b5a6075757d2fcd5698658545111a9484b11e2822ca161?s=96&d=mm&r=g","caption":"Redaktion"},"url":"https:\/\/blog.zhaw.ch\/iap\/author\/bolj\/"}]}},"_links":{"self":[{"href":"https:\/\/blog.zhaw.ch\/iap\/wp-json\/wp\/v2\/posts\/636","targetHints":{"allow":["GET"]}}],"collection":[{"href":"https:\/\/blog.zhaw.ch\/iap\/wp-json\/wp\/v2\/posts"}],"about":[{"href":"https:\/\/blog.zhaw.ch\/iap\/wp-json\/wp\/v2\/types\/post"}],"author":[{"embeddable":true,"href":"https:\/\/blog.zhaw.ch\/iap\/wp-json\/wp\/v2\/users\/223"}],"replies":[{"embeddable":true,"href":"https:\/\/blog.zhaw.ch\/iap\/wp-json\/wp\/v2\/comments?post=636"}],"version-history":[{"count":20,"href":"https:\/\/blog.zhaw.ch\/iap\/wp-json\/wp\/v2\/posts\/636\/revisions"}],"predecessor-version":[{"id":1108,"href":"https:\/\/blog.zhaw.ch\/iap\/wp-json\/wp\/v2\/posts\/636\/revisions\/1108"}],"wp:attachment":[{"href":"https:\/\/blog.zhaw.ch\/iap\/wp-json\/wp\/v2\/media?parent=636"}],"wp:term":[{"taxonomy":"category","embeddable":true,"href":"https:\/\/blog.zhaw.ch\/iap\/wp-json\/wp\/v2\/categories?post=636"},{"taxonomy":"post_tag","embeddable":true,"href":"https:\/\/blog.zhaw.ch\/iap\/wp-json\/wp\/v2\/tags?post=636"},{"taxonomy":"features","embeddable":true,"href":"https:\/\/blog.zhaw.ch\/iap\/wp-json\/wp\/v2\/features?post=636"}],"curies":[{"name":"wp","href":"https:\/\/api.w.org\/{rel}","templated":true}]}}