{"id":5120,"date":"2021-09-09T11:01:40","date_gmt":"2021-09-09T09:01:40","guid":{"rendered":"https:\/\/blog.zhaw.ch\/iap\/?p=5120"},"modified":"2022-04-12T19:31:33","modified_gmt":"2022-04-12T17:31:33","slug":"wenn-ich-nicht-sagen-kann-du-machst-das-jetzt-so-weil-ich-deine-chefin-bin","status":"publish","type":"post","link":"https:\/\/blog.zhaw.ch\/iap\/2021\/09\/09\/wenn-ich-nicht-sagen-kann-du-machst-das-jetzt-so-weil-ich-deine-chefin-bin\/","title":{"rendered":"\u00abWenn ich nicht sagen kann: \u2018Du machst das jetzt so, weil ich deine Chefin bin!\u2019\u00bb"},"content":{"rendered":"\n<p><strong>Bei der lateralen F\u00fchrung geht es um das F\u00fchren auf Augenh\u00f6he. Wie kann es m\u00f6glich sein, Ziele zu erreichen und Menschen zu f\u00fchren, wenn jemand keine formale Macht besitzt und somit keinen Druck aus\u00fcben kann? Und wen geht laterale F\u00fchrung \u00fcberhaupt etwas an? Sidal Alisa Lutterbach vom IAP Institut f\u00fcr Angewandte Psychologie erkl\u00e4rt, um was es bei dieser Art der F\u00fchrung geht und welche Mittel und Kompetenzen es braucht, um sie gelingend umzusetzen.<\/strong><\/p>\n\n\n\n<p><em>Interview: Kathrin Fink<br>Bild: Mohamed Hassan<\/em><\/p>\n\n\n\n<p><strong>Management-Schlagworte wie \u00abagil\u00bb oder \u00abChange\u00bb sind mittlerweile ins Bewusstsein vieler Menschen eingesickert. Aber \u00ablaterale F\u00fchrung\u00bb sagt mir pers\u00f6nlich nicht viel. Wie w\u00fcrdest du diesen Ausdruck erkl\u00e4ren?<\/strong><br>Der Begriff \u00ablateral\u00bb ist tats\u00e4chlich auf den ersten Blick nicht ganz eindeutig. Es gibt recht viele Synonyme wie \u00abkollegiale F\u00fchrung\u00bb oder \u00abF\u00fchrung ohne Weisungsbefugnis\u00bb. Das Konzept an sich ist nicht neu, das gibt es schon seit den 60er-Jahren. Ich habe aber das Gef\u00fchl, dass der Begriff jetzt erst richtig in den Organisationen ankommt. Interessant finde ich, dass es eine Art der F\u00fchrung ist, die oft nicht so \u00abgelabelt\u00bb wird. Wir haben hier ein stereotypisches Denken: F\u00fchrung ist von oben nach unten, also Top-Down. Als F\u00fchrungskraft (mit Personalverantwortung) hat man z. B. die Sal\u00e4rverantwortung, ist f\u00fcr die Entwicklung der Mitarbeitenden zust\u00e4ndig und muss eventuell auch eine K\u00fcndigung aussprechen. Da denken wir, das ist F\u00fchrung.<\/p>\n\n\n\n<p>F\u00fchrung f\u00e4ngt aber zuerst bei einem selbst an, indem man gut mit seinen Ressourcen haushaltet, eine Work-Life-Balance pflegt. Dann gibt es die F\u00fchrung von unten nach oben, bei der man versucht, die eigene F\u00fchrungskraft zu f\u00fchren z. B. im Sinne von Feedback geben. Und schliesslich eben die laterale F\u00fchrung \u2013 die F\u00fchrung von der Seite, wo ich auf Augenh\u00f6he zu meinem Gegen\u00fcber stehe. Hier f\u00fchre ich meine Kolleginnen und Kollegen bei denen ich eben nicht sagen kann: \u2018Du machst das jetzt so, weil ich deine Chefin bin!\u2019.<\/p>\n\n\n\n<figure class=\"wp-block-image size-large is-resized\"><a href=\"https:\/\/blog.zhaw.ch\/iap\/files\/2021\/05\/Laterale-Fuehrung-Graph.jpg\"><img loading=\"lazy\" decoding=\"async\" src=\"https:\/\/blog.zhaw.ch\/iap\/files\/2021\/05\/Laterale-Fuehrung-Graph.jpg\" alt=\"\" class=\"wp-image-5132\" width=\"539\" height=\"418\" \/><\/a><\/figure>\n\n\n\n<div style=\"height:18px\" aria-hidden=\"true\" class=\"wp-block-spacer\"><\/div>\n\n\n\n<p><strong>Wenn man als \u00abklassische\u00bb F\u00fchrungsperson ein Team f\u00fchrt, kann man schnell denken, dass die F\u00fchrung von Kollegen\/-innen einen selbst nichts angeht. Ist dem so?<\/strong><br>Solche Aussagen h\u00f6re ich oft in der Praxis. Interessanterweise kann es alle Personen in Unternehmen betreffen und meint nicht, dass F\u00fchrungskr\u00e4fte mit Personalverantwortung nie in eine Situation geraten, in der sie nicht ihre Kollegen\/-innen auf gleicher Stufe f\u00fchren m\u00fcssen.<\/p>\n\n\n\n<p><strong>Ist es denn n\u00f6tig meine Kollegen\/-innen zu f\u00fchren? Ist das meine Verantwortung als Mitarbeitende?<\/strong><br>Was wir sehen, ist eine starke Ver\u00e4nderung des Arbeitsmarktes z. B. durch die Digitalisierung und Internationalisierung von Unternehmen. Von aussen kommt der Druck in die Firmen mit dem st\u00e4ndigen Wandel umzugehen und sich anpassen zu k\u00f6nnen. Besonders gut sieht man das in der Projektarbeit. Hier kann man nicht immer ein festes Team mit einer F\u00fchrungsperson bilden, wenn es um einen \u00fcberschaubaren Zeitraum geht. Wir wissen, dass die Telekommunikationsbranche sehr schnelllebig ist. Wenn zum Beispiel eine Firma ein neues Internet-Abo lancieren m\u00f6chte, ist solch ein Vorhaben am Anfang oft ein Projekt. Da kommen Mitarbeitende aus den unterschiedlichsten Bereichen zusammen und auch wenn es eine Person gibt, die das Projekt leitet, hat diese Person meist keine formale Macht. Sie ist also nicht fest im Organigramm auf Kaderebene verankert und hat, was die F\u00fchrung des Projekts angeht, nur die M\u00f6glichkeit der lateralen F\u00fchrung. <\/p>\n\n\n\n<p><strong>Wann funktioniert laterale F\u00fchrung gut?<\/strong><br>Als Rahmenbedingung braucht es einen ganz, ganz klaren Auftrag: Wer ist der\/die Auftraggeber\/in, welche Unterst\u00fctzung bekomme ich, was f\u00fcr Ressourcen habe ich zur Verf\u00fcgung? Das muss von oben aus der Hierarchie, also Top-down, klar formuliert sein. Auch ist eine Kl\u00e4rung des Rollenverst\u00e4ndnisses wichtig. Was ist meine Rolle als laterale F\u00fchrungskraft, was erwarte ich und was erwarten die anderen von mir?<br><\/p>\n\n\n\n<blockquote class=\"wp-block-quote has-text-align-center is-style-large is-layout-flow wp-block-quote-is-layout-flow\"><p>\u00abBei lateraler F\u00fchrung geht es viel <br>um Beziehungsmanagement. \u00bb<\/p><\/blockquote>\n\n\n\n<p><strong>Mir scheint, bei der lateralen F\u00fchrung h\u00e4ngt sehr viel von mir als Person ab. Welche Verhaltensweisen sind da f\u00f6rderlich bzw. nicht?<\/strong><br>Letztendlich geht es bei der lateralen F\u00fchrung viel um Beziehungsmanagement und effektive Kommunikation. Es braucht starke menschliche Kompetenzen: Ich muss heraussp\u00fcren, was den Leuten wichtig ist \u2013 denn ich will ja etwas von ihnen haben. Es kommt auch sehr darauf an, als Person eine bestimmte Ausstrahlungskraft und \u00dcberzeugungskraft zu haben. Kurz gesagt: Die Leute m\u00fcssen einen m\u00f6gen und den Sinn in der Arbeit erkennen. Dann sind sie auch bereit ein Commitment einzugehen.<\/p>\n\n\n\n<p><em>Um Ihnen ein genaueres Bild einer lateralen F\u00fchrungssituation zu geben, haben wir uns hier ein Praxisbeispiel ausgedacht.<\/em><\/p>\n\n\n\n<div style=\"height:4px\" aria-hidden=\"true\" class=\"wp-block-spacer\"><\/div>\n\n\n\n<figure class=\"wp-block-table is-style-stripes\"><table><thead><tr><th>Beispiel aus der Praxis<\/th><\/tr><\/thead><tbody><tr><td>Frau M\u00fcller arbeitet in einem Technik-Unternehmen als Leiterin Verkauf. Sie f\u00fchrt ihr Team auf klassische Weise, also Top-Down. Nun gibt es innerhalb des Unternehmens eine enge Zusammenarbeit mit der Abteilung Produktion. Diese stellt die Produkte her, die nachher die Verkaufsabteilung vermarkten muss. Da Frau M\u00fcller aber keine Weisungsbefugnis gegen\u00fcber ihrem Kollegen dieser Abteilung hat, muss sie auf andere Mittel zur\u00fcckgreifen, um sicherzustellen, dass ihr Team gut mit der Produktion zusammenarbeitet.<br><strong>Was sind konkrete Schritte von Frau M\u00fcller, um erfolgreich lateral zu f\u00fchren?<\/strong> <br>Frau M\u00fcller verdeutlicht das gemeinsame Ziel und den Nutzen der Zusammenarbeit. Sie versucht nicht von oben herab, sondern auf Augenh\u00f6he zu kommunizieren und Transparenz in ihrem Vorhaben zu zeigen. Im n\u00e4chsten Schritt ist eine Rollenkl\u00e4rung sinnvoll, bei der die eigenen Erwartungen offengelegt und die der anderen Person erfragt werden.<\/td><\/tr><\/tbody><\/table><\/figure>\n\n\n\n<figure class=\"wp-block-table is-style-stripes\"><table><thead><tr><th>Begriffserkl\u00e4rung<\/th><\/tr><\/thead><tbody><tr><td>Das Wort \u00ablateral\u00bb ist lateinisch und bedeutet seitlich.<\/td><\/tr><\/tbody><\/table><\/figure>\n\n\n\n<div style=\"height:29px\" aria-hidden=\"true\" class=\"wp-block-spacer\"><\/div>\n\n\n\n<div class=\"wp-block-media-text alignwide is-stacked-on-mobile is-vertically-aligned-bottom is-image-fill\" style=\"grid-template-columns:28% auto\"><figure class=\"wp-block-media-text__media\" style=\"background-image:url(https:\/\/blog.zhaw.ch\/iap\/files\/2021\/05\/lutt.jpg);background-position:44% 33%\"><img loading=\"lazy\" decoding=\"async\" width=\"300\" height=\"300\" src=\"https:\/\/blog.zhaw.ch\/iap\/files\/2021\/05\/lutt.jpg\" alt=\"\" class=\"wp-image-5149 size-full\" srcset=\"https:\/\/blog.zhaw.ch\/iap\/files\/2021\/05\/lutt.jpg 300w, https:\/\/blog.zhaw.ch\/iap\/files\/2021\/05\/lutt-150x150.jpg 150w, https:\/\/blog.zhaw.ch\/iap\/files\/2021\/05\/lutt-24x24.jpg 24w, https:\/\/blog.zhaw.ch\/iap\/files\/2021\/05\/lutt-48x48.jpg 48w, https:\/\/blog.zhaw.ch\/iap\/files\/2021\/05\/lutt-96x96.jpg 96w\" sizes=\"auto, (max-width: 300px) 100vw, 300px\" \/><\/figure><div class=\"wp-block-media-text__content\">\n<p class=\"has-small-font-size\"><strong><a rel=\"noreferrer noopener\" href=\"https:\/\/www.zhaw.ch\/de\/ueber-uns\/person\/lutt\/\" target=\"_blank\">Sidal Alisa Lutterbach<\/a><\/strong> ist Studienleiterin des <a rel=\"noreferrer noopener\" href=\"https:\/\/www.zhaw.ch\/de\/psychologie\/weiterbildung\/detail\/kurs\/cas-laterale-fuehrung-flex-fuehren-ohne-macht\/\" target=\"_blank\">CAS Laterale F\u00fchrung (flex)<\/a> und Beraterin im Bereich Leadership, Coaching und Change Management am IAP Institut f\u00fcr Angewandte Psychologie.<\/p>\n<\/div><\/div>\n\n\n\n<div style=\"height:89px\" aria-hidden=\"true\" class=\"wp-block-spacer\"><\/div>\n\n\n\n<p class=\"has-white-color has-text-color has-background\" style=\"background-color:#77c8d2\"><strong>Laterale F\u00fchrung lernen &#8211; Weiterbildungen am IAP<\/strong><br>Der zwei Tage dauernde Weiterbildungskurs <a rel=\"noreferrer noopener\" href=\"https:\/\/www.zhaw.ch\/de\/psychologie\/weiterbildung\/detail\/kurs\/wbk-lateral-fuehren-in-der-praxis\/\" target=\"_blank\">Lateral f\u00fchren in der Praxis<\/a> vermittelt Grundlagen und bildet die Basis zum umfangreicheren Certificate of Advanced Studies.<br>Im <a rel=\"noreferrer noopener\" href=\"https:\/\/www.zhaw.ch\/de\/psychologie\/weiterbildung\/detail\/kurs\/cas-laterale-fuehrung-flex-fuehren-ohne-macht\/\" target=\"_blank\">CAS Laterale F\u00fchrung (flex) &#8211; F\u00fchren ohne Macht<\/a> setzen sich die Teilnehmenden intensiv mit Kompetenzen und Inhalten auseinander, die sie in ihrer Funktion neben der Fachexpertise ben\u00f6tigen, um unterschiedliche Rollen optimal gestalten zu k\u00f6nnen.<\/p>\n\n\n\n<div style=\"height:56px\" aria-hidden=\"true\" class=\"wp-block-spacer\"><\/div>\n\n\n\n<h2 class=\"wp-block-heading\">Mehr zum Thema:<\/h2>\n\n\n\n<figure class=\"wp-block-embed is-type-wp-embed is-provider-psychologie-im-alltag-nutzen wp-block-embed-psychologie-im-alltag-nutzen\"><div class=\"wp-block-embed__wrapper\">\n<blockquote hcb-fetch-image-from=\"https:\/\/blog.zhaw.ch\/iap\/2021\/04\/01\/strukturelles-enttaeuschungsmanagement-eine-ungeliebte-aber-zentrale-fuehrungsaufgabe\/\" class=\"wp-embedded-content\" data-secret=\"4TaYSQbWPx\"><a href=\"https:\/\/blog.zhaw.ch\/iap\/2021\/04\/01\/strukturelles-enttaeuschungsmanagement-eine-ungeliebte-aber-zentrale-fuehrungsaufgabe\/\">Strukturelles Entt\u00e4uschungsmanagement \u2013 eine ungeliebte (aber zentrale) F\u00fchrungsaufgabe<\/a><\/blockquote><iframe loading=\"lazy\" class=\"wp-embedded-content\" sandbox=\"allow-scripts\" security=\"restricted\" style=\"position: absolute; clip: rect(1px, 1px, 1px, 1px);\" title=\"&#8222;Strukturelles Entt\u00e4uschungsmanagement \u2013 eine ungeliebte (aber zentrale) F\u00fchrungsaufgabe&#8220; &#8212; Psychologie im Alltag nutzen\" src=\"https:\/\/blog.zhaw.ch\/iap\/2021\/04\/01\/strukturelles-enttaeuschungsmanagement-eine-ungeliebte-aber-zentrale-fuehrungsaufgabe\/embed\/#?secret=bsjhzqN9fm#?secret=4TaYSQbWPx\" data-secret=\"4TaYSQbWPx\" width=\"600\" height=\"338\" frameborder=\"0\" marginwidth=\"0\" marginheight=\"0\" scrolling=\"no\"><\/iframe>\n<\/div><\/figure>\n\n\n\n<figure class=\"wp-block-embed is-type-wp-embed is-provider-psychologie-im-alltag-nutzen wp-block-embed-psychologie-im-alltag-nutzen\"><div class=\"wp-block-embed__wrapper\">\n<blockquote hcb-fetch-image-from=\"https:\/\/blog.zhaw.ch\/iap\/2020\/09\/09\/die-fuehrungsentwicklung-der-zukunft-ein-beispiel\/\" class=\"wp-embedded-content\" data-secret=\"opu92CJHmf\"><a href=\"https:\/\/blog.zhaw.ch\/iap\/2020\/09\/09\/die-fuehrungsentwicklung-der-zukunft-ein-beispiel\/\">Die F\u00fchrungsentwicklung der Zukunft. Ein Beispiel.<\/a><\/blockquote><iframe loading=\"lazy\" class=\"wp-embedded-content\" sandbox=\"allow-scripts\" security=\"restricted\" style=\"position: absolute; clip: rect(1px, 1px, 1px, 1px);\" title=\"&#8222;Die F\u00fchrungsentwicklung der Zukunft. Ein Beispiel.&#8220; &#8212; Psychologie im Alltag nutzen\" src=\"https:\/\/blog.zhaw.ch\/iap\/2020\/09\/09\/die-fuehrungsentwicklung-der-zukunft-ein-beispiel\/embed\/#?secret=SSWruViQUq#?secret=opu92CJHmf\" data-secret=\"opu92CJHmf\" width=\"600\" height=\"338\" frameborder=\"0\" marginwidth=\"0\" marginheight=\"0\" scrolling=\"no\"><\/iframe>\n<\/div><\/figure>\n\n\n\n<p><\/p>\n<div class=\"pt-sm\">Schlagw\u00f6rter: <a href=\"https:\/\/blog.zhaw.ch\/iap\/tag\/fuehrung\/\">F\u00fchrung<\/a>, <a href=\"https:\/\/blog.zhaw.ch\/iap\/tag\/fuehrungsentwicklung\/\">F\u00fchrungsentwicklung<\/a>, <a href=\"https:\/\/blog.zhaw.ch\/iap\/tag\/fuehrungskraft-von-morgen\/\">F\u00fchrungskraft von morgen<\/a>, <a href=\"https:\/\/blog.zhaw.ch\/iap\/tag\/laterale-fuehrung\/\">Laterale F\u00fchrung<\/a><br><\/div>","protected":false},"excerpt":{"rendered":"<p>Bei der lateralen F\u00fchrung geht es um das F\u00fchren auf Augenh\u00f6he. Wie kann es m\u00f6glich sein, Ziele zu erreichen und Menschen zu f\u00fchren, wenn jemand keine formale Macht besitzt und somit keinen Druck aus\u00fcben kann? Und wen geht laterale F\u00fchrung \u00fcberhaupt etwas an? Sidal Alisa Lutterbach vom IAP Institut f\u00fcr Angewandte Psychologie erkl\u00e4rt, um was [&hellip;]<\/p>\n","protected":false},"author":532,"featured_media":5628,"comment_status":"open","ping_status":"open","sticky":false,"template":"","format":"standard","meta":{"ngg_post_thumbnail":0,"footnotes":""},"categories":[1,65],"tags":[122,138,48,192],"features":[],"class_list":["post-5120","post","type-post","status-publish","format-standard","has-post-thumbnail","hentry","category-allgemein","category-fuehrungsentwicklung","tag-fuehrung","tag-fuehrungsentwicklung","tag-fuehrungskraft-von-morgen","tag-laterale-fuehrung"],"yoast_head":"<!-- This site is optimized with the Yoast SEO Premium plugin v27.2 (Yoast SEO v27.2) - https:\/\/yoast.com\/product\/yoast-seo-premium-wordpress\/ -->\n<title>\u00abWenn ich nicht sagen kann: \u2018Du machst das jetzt so, weil ich deine Chefin bin!\u2019\u00bb - Psychologie im Alltag nutzen<\/title>\n<meta name=\"robots\" content=\"index, follow, max-snippet:-1, max-image-preview:large, max-video-preview:-1\" \/>\n<link rel=\"canonical\" href=\"https:\/\/blog.zhaw.ch\/iap\/2021\/09\/09\/wenn-ich-nicht-sagen-kann-du-machst-das-jetzt-so-weil-ich-deine-chefin-bin\/\" \/>\n<meta property=\"og:locale\" content=\"de_DE\" \/>\n<meta property=\"og:type\" content=\"article\" \/>\n<meta property=\"og:title\" content=\"\u00abWenn ich nicht sagen kann: \u2018Du machst das jetzt so, weil ich deine Chefin bin!\u2019\u00bb\" \/>\n<meta property=\"og:description\" content=\"Bei der lateralen F\u00fchrung geht es um das F\u00fchren auf Augenh\u00f6he. Wie kann es m\u00f6glich sein, Ziele zu erreichen und Menschen zu f\u00fchren, wenn jemand keine formale Macht besitzt und somit keinen Druck aus\u00fcben kann? Und wen geht laterale F\u00fchrung \u00fcberhaupt etwas an? Sidal Alisa Lutterbach vom IAP Institut f\u00fcr Angewandte Psychologie erkl\u00e4rt, um was [&hellip;]\" \/>\n<meta property=\"og:url\" content=\"https:\/\/blog.zhaw.ch\/iap\/2021\/09\/09\/wenn-ich-nicht-sagen-kann-du-machst-das-jetzt-so-weil-ich-deine-chefin-bin\/\" \/>\n<meta property=\"og:site_name\" content=\"Psychologie im Alltag nutzen\" \/>\n<meta property=\"article:published_time\" content=\"2021-09-09T09:01:40+00:00\" \/>\n<meta property=\"article:modified_time\" content=\"2022-04-12T17:31:33+00:00\" \/>\n<meta property=\"og:image\" content=\"https:\/\/blog.zhaw.ch\/iap\/files\/2021\/09\/Unbenannt.png\" \/>\n\t<meta property=\"og:image:width\" content=\"3000\" \/>\n\t<meta property=\"og:image:height\" content=\"2000\" \/>\n\t<meta property=\"og:image:type\" content=\"image\/png\" \/>\n<meta name=\"author\" content=\"Redaktion\" \/>\n<meta name=\"twitter:card\" content=\"summary_large_image\" \/>\n<meta name=\"twitter:label1\" content=\"Verfasst von\" \/>\n\t<meta name=\"twitter:data1\" content=\"Redaktion\" \/>\n\t<meta name=\"twitter:label2\" content=\"Gesch\u00e4tzte Lesezeit\" \/>\n\t<meta name=\"twitter:data2\" content=\"5\u00a0Minuten\" \/>\n<script type=\"application\/ld+json\" class=\"yoast-schema-graph\">{\"@context\":\"https:\/\/schema.org\",\"@graph\":[{\"@type\":\"Article\",\"@id\":\"https:\/\/blog.zhaw.ch\/iap\/2021\/09\/09\/wenn-ich-nicht-sagen-kann-du-machst-das-jetzt-so-weil-ich-deine-chefin-bin\/#article\",\"isPartOf\":{\"@id\":\"https:\/\/blog.zhaw.ch\/iap\/2021\/09\/09\/wenn-ich-nicht-sagen-kann-du-machst-das-jetzt-so-weil-ich-deine-chefin-bin\/\"},\"author\":{\"name\":\"Redaktion\",\"@id\":\"https:\/\/blog.zhaw.ch\/iap\/#\/schema\/person\/c8886f16dac0dae183fd08581f4bd263\"},\"headline\":\"\u00abWenn ich nicht sagen kann: \u2018Du machst das jetzt so, weil ich deine Chefin bin!\u2019\u00bb\",\"datePublished\":\"2021-09-09T09:01:40+00:00\",\"dateModified\":\"2022-04-12T17:31:33+00:00\",\"mainEntityOfPage\":{\"@id\":\"https:\/\/blog.zhaw.ch\/iap\/2021\/09\/09\/wenn-ich-nicht-sagen-kann-du-machst-das-jetzt-so-weil-ich-deine-chefin-bin\/\"},\"wordCount\":1060,\"commentCount\":0,\"image\":{\"@id\":\"https:\/\/blog.zhaw.ch\/iap\/2021\/09\/09\/wenn-ich-nicht-sagen-kann-du-machst-das-jetzt-so-weil-ich-deine-chefin-bin\/#primaryimage\"},\"thumbnailUrl\":\"https:\/\/blog.zhaw.ch\/iap\/files\/2021\/09\/Unbenannt.png\",\"keywords\":[\"F\u00fchrung\",\"F\u00fchrungsentwicklung\",\"F\u00fchrungskraft von morgen\",\"Laterale F\u00fchrung\"],\"articleSection\":{\"1\":\"F\u00fchrungsentwicklung\"},\"inLanguage\":\"de\",\"potentialAction\":[{\"@type\":\"CommentAction\",\"name\":\"Comment\",\"target\":[\"https:\/\/blog.zhaw.ch\/iap\/2021\/09\/09\/wenn-ich-nicht-sagen-kann-du-machst-das-jetzt-so-weil-ich-deine-chefin-bin\/#respond\"]}]},{\"@type\":\"WebPage\",\"@id\":\"https:\/\/blog.zhaw.ch\/iap\/2021\/09\/09\/wenn-ich-nicht-sagen-kann-du-machst-das-jetzt-so-weil-ich-deine-chefin-bin\/\",\"url\":\"https:\/\/blog.zhaw.ch\/iap\/2021\/09\/09\/wenn-ich-nicht-sagen-kann-du-machst-das-jetzt-so-weil-ich-deine-chefin-bin\/\",\"name\":\"\u00abWenn ich nicht sagen kann: \u2018Du machst das jetzt so, weil ich deine Chefin bin!\u2019\u00bb - Psychologie im Alltag nutzen\",\"isPartOf\":{\"@id\":\"https:\/\/blog.zhaw.ch\/iap\/#website\"},\"primaryImageOfPage\":{\"@id\":\"https:\/\/blog.zhaw.ch\/iap\/2021\/09\/09\/wenn-ich-nicht-sagen-kann-du-machst-das-jetzt-so-weil-ich-deine-chefin-bin\/#primaryimage\"},\"image\":{\"@id\":\"https:\/\/blog.zhaw.ch\/iap\/2021\/09\/09\/wenn-ich-nicht-sagen-kann-du-machst-das-jetzt-so-weil-ich-deine-chefin-bin\/#primaryimage\"},\"thumbnailUrl\":\"https:\/\/blog.zhaw.ch\/iap\/files\/2021\/09\/Unbenannt.png\",\"datePublished\":\"2021-09-09T09:01:40+00:00\",\"dateModified\":\"2022-04-12T17:31:33+00:00\",\"author\":{\"@id\":\"https:\/\/blog.zhaw.ch\/iap\/#\/schema\/person\/c8886f16dac0dae183fd08581f4bd263\"},\"breadcrumb\":{\"@id\":\"https:\/\/blog.zhaw.ch\/iap\/2021\/09\/09\/wenn-ich-nicht-sagen-kann-du-machst-das-jetzt-so-weil-ich-deine-chefin-bin\/#breadcrumb\"},\"inLanguage\":\"de\",\"potentialAction\":[{\"@type\":\"ReadAction\",\"target\":[\"https:\/\/blog.zhaw.ch\/iap\/2021\/09\/09\/wenn-ich-nicht-sagen-kann-du-machst-das-jetzt-so-weil-ich-deine-chefin-bin\/\"]}]},{\"@type\":\"ImageObject\",\"inLanguage\":\"de\",\"@id\":\"https:\/\/blog.zhaw.ch\/iap\/2021\/09\/09\/wenn-ich-nicht-sagen-kann-du-machst-das-jetzt-so-weil-ich-deine-chefin-bin\/#primaryimage\",\"url\":\"https:\/\/blog.zhaw.ch\/iap\/files\/2021\/09\/Unbenannt.png\",\"contentUrl\":\"https:\/\/blog.zhaw.ch\/iap\/files\/2021\/09\/Unbenannt.png\",\"width\":3000,\"height\":2000},{\"@type\":\"BreadcrumbList\",\"@id\":\"https:\/\/blog.zhaw.ch\/iap\/2021\/09\/09\/wenn-ich-nicht-sagen-kann-du-machst-das-jetzt-so-weil-ich-deine-chefin-bin\/#breadcrumb\",\"itemListElement\":[{\"@type\":\"ListItem\",\"position\":1,\"name\":\"Startseite\",\"item\":\"https:\/\/blog.zhaw.ch\/iap\/\"},{\"@type\":\"ListItem\",\"position\":2,\"name\":\"\u00abWenn ich nicht sagen kann: \u2018Du machst das jetzt so, weil ich deine Chefin bin!\u2019\u00bb\"}]},{\"@type\":\"WebSite\",\"@id\":\"https:\/\/blog.zhaw.ch\/iap\/#website\",\"url\":\"https:\/\/blog.zhaw.ch\/iap\/\",\"name\":\"Psychologie im Alltag nutzen\",\"description\":\"Ein Blog der ZHAW Z\u00fcrcher Hochschule f\u00fcr Angewandte Wissenschaften\",\"potentialAction\":[{\"@type\":\"SearchAction\",\"target\":{\"@type\":\"EntryPoint\",\"urlTemplate\":\"https:\/\/blog.zhaw.ch\/iap\/?s={search_term_string}\"},\"query-input\":{\"@type\":\"PropertyValueSpecification\",\"valueRequired\":true,\"valueName\":\"search_term_string\"}}],\"inLanguage\":\"de\"},{\"@type\":\"Person\",\"@id\":\"https:\/\/blog.zhaw.ch\/iap\/#\/schema\/person\/c8886f16dac0dae183fd08581f4bd263\",\"name\":\"Redaktion\",\"image\":{\"@type\":\"ImageObject\",\"inLanguage\":\"de\",\"@id\":\"https:\/\/secure.gravatar.com\/avatar\/3612f9a05bafa95d62e2f0a7ac8705636b578b75dfc849c74bab90e05281e1a3?s=96&d=mm&r=g\",\"url\":\"https:\/\/secure.gravatar.com\/avatar\/3612f9a05bafa95d62e2f0a7ac8705636b578b75dfc849c74bab90e05281e1a3?s=96&d=mm&r=g\",\"contentUrl\":\"https:\/\/secure.gravatar.com\/avatar\/3612f9a05bafa95d62e2f0a7ac8705636b578b75dfc849c74bab90e05281e1a3?s=96&d=mm&r=g\",\"caption\":\"Redaktion\"},\"url\":\"https:\/\/blog.zhaw.ch\/iap\/author\/fina\/\"}]}<\/script>\n<!-- \/ Yoast SEO Premium plugin. -->","yoast_head_json":{"title":"\u00abWenn ich nicht sagen kann: \u2018Du machst das jetzt so, weil ich deine Chefin bin!\u2019\u00bb - Psychologie im Alltag nutzen","robots":{"index":"index","follow":"follow","max-snippet":"max-snippet:-1","max-image-preview":"max-image-preview:large","max-video-preview":"max-video-preview:-1"},"canonical":"https:\/\/blog.zhaw.ch\/iap\/2021\/09\/09\/wenn-ich-nicht-sagen-kann-du-machst-das-jetzt-so-weil-ich-deine-chefin-bin\/","og_locale":"de_DE","og_type":"article","og_title":"\u00abWenn ich nicht sagen kann: \u2018Du machst das jetzt so, weil ich deine Chefin bin!\u2019\u00bb","og_description":"Bei der lateralen F\u00fchrung geht es um das F\u00fchren auf Augenh\u00f6he. Wie kann es m\u00f6glich sein, Ziele zu erreichen und Menschen zu f\u00fchren, wenn jemand keine formale Macht besitzt und somit keinen Druck aus\u00fcben kann? Und wen geht laterale F\u00fchrung \u00fcberhaupt etwas an? Sidal Alisa Lutterbach vom IAP Institut f\u00fcr Angewandte Psychologie erkl\u00e4rt, um was [&hellip;]","og_url":"https:\/\/blog.zhaw.ch\/iap\/2021\/09\/09\/wenn-ich-nicht-sagen-kann-du-machst-das-jetzt-so-weil-ich-deine-chefin-bin\/","og_site_name":"Psychologie im Alltag nutzen","article_published_time":"2021-09-09T09:01:40+00:00","article_modified_time":"2022-04-12T17:31:33+00:00","og_image":[{"width":3000,"height":2000,"url":"https:\/\/blog.zhaw.ch\/iap\/files\/2021\/09\/Unbenannt.png","type":"image\/png"}],"author":"Redaktion","twitter_card":"summary_large_image","twitter_misc":{"Verfasst von":"Redaktion","Gesch\u00e4tzte Lesezeit":"5\u00a0Minuten"},"schema":{"@context":"https:\/\/schema.org","@graph":[{"@type":"Article","@id":"https:\/\/blog.zhaw.ch\/iap\/2021\/09\/09\/wenn-ich-nicht-sagen-kann-du-machst-das-jetzt-so-weil-ich-deine-chefin-bin\/#article","isPartOf":{"@id":"https:\/\/blog.zhaw.ch\/iap\/2021\/09\/09\/wenn-ich-nicht-sagen-kann-du-machst-das-jetzt-so-weil-ich-deine-chefin-bin\/"},"author":{"name":"Redaktion","@id":"https:\/\/blog.zhaw.ch\/iap\/#\/schema\/person\/c8886f16dac0dae183fd08581f4bd263"},"headline":"\u00abWenn ich nicht sagen kann: \u2018Du machst das jetzt so, weil ich deine Chefin bin!\u2019\u00bb","datePublished":"2021-09-09T09:01:40+00:00","dateModified":"2022-04-12T17:31:33+00:00","mainEntityOfPage":{"@id":"https:\/\/blog.zhaw.ch\/iap\/2021\/09\/09\/wenn-ich-nicht-sagen-kann-du-machst-das-jetzt-so-weil-ich-deine-chefin-bin\/"},"wordCount":1060,"commentCount":0,"image":{"@id":"https:\/\/blog.zhaw.ch\/iap\/2021\/09\/09\/wenn-ich-nicht-sagen-kann-du-machst-das-jetzt-so-weil-ich-deine-chefin-bin\/#primaryimage"},"thumbnailUrl":"https:\/\/blog.zhaw.ch\/iap\/files\/2021\/09\/Unbenannt.png","keywords":["F\u00fchrung","F\u00fchrungsentwicklung","F\u00fchrungskraft von morgen","Laterale F\u00fchrung"],"articleSection":{"1":"F\u00fchrungsentwicklung"},"inLanguage":"de","potentialAction":[{"@type":"CommentAction","name":"Comment","target":["https:\/\/blog.zhaw.ch\/iap\/2021\/09\/09\/wenn-ich-nicht-sagen-kann-du-machst-das-jetzt-so-weil-ich-deine-chefin-bin\/#respond"]}]},{"@type":"WebPage","@id":"https:\/\/blog.zhaw.ch\/iap\/2021\/09\/09\/wenn-ich-nicht-sagen-kann-du-machst-das-jetzt-so-weil-ich-deine-chefin-bin\/","url":"https:\/\/blog.zhaw.ch\/iap\/2021\/09\/09\/wenn-ich-nicht-sagen-kann-du-machst-das-jetzt-so-weil-ich-deine-chefin-bin\/","name":"\u00abWenn ich nicht sagen kann: \u2018Du machst das jetzt so, weil ich deine Chefin bin!\u2019\u00bb - Psychologie im Alltag nutzen","isPartOf":{"@id":"https:\/\/blog.zhaw.ch\/iap\/#website"},"primaryImageOfPage":{"@id":"https:\/\/blog.zhaw.ch\/iap\/2021\/09\/09\/wenn-ich-nicht-sagen-kann-du-machst-das-jetzt-so-weil-ich-deine-chefin-bin\/#primaryimage"},"image":{"@id":"https:\/\/blog.zhaw.ch\/iap\/2021\/09\/09\/wenn-ich-nicht-sagen-kann-du-machst-das-jetzt-so-weil-ich-deine-chefin-bin\/#primaryimage"},"thumbnailUrl":"https:\/\/blog.zhaw.ch\/iap\/files\/2021\/09\/Unbenannt.png","datePublished":"2021-09-09T09:01:40+00:00","dateModified":"2022-04-12T17:31:33+00:00","author":{"@id":"https:\/\/blog.zhaw.ch\/iap\/#\/schema\/person\/c8886f16dac0dae183fd08581f4bd263"},"breadcrumb":{"@id":"https:\/\/blog.zhaw.ch\/iap\/2021\/09\/09\/wenn-ich-nicht-sagen-kann-du-machst-das-jetzt-so-weil-ich-deine-chefin-bin\/#breadcrumb"},"inLanguage":"de","potentialAction":[{"@type":"ReadAction","target":["https:\/\/blog.zhaw.ch\/iap\/2021\/09\/09\/wenn-ich-nicht-sagen-kann-du-machst-das-jetzt-so-weil-ich-deine-chefin-bin\/"]}]},{"@type":"ImageObject","inLanguage":"de","@id":"https:\/\/blog.zhaw.ch\/iap\/2021\/09\/09\/wenn-ich-nicht-sagen-kann-du-machst-das-jetzt-so-weil-ich-deine-chefin-bin\/#primaryimage","url":"https:\/\/blog.zhaw.ch\/iap\/files\/2021\/09\/Unbenannt.png","contentUrl":"https:\/\/blog.zhaw.ch\/iap\/files\/2021\/09\/Unbenannt.png","width":3000,"height":2000},{"@type":"BreadcrumbList","@id":"https:\/\/blog.zhaw.ch\/iap\/2021\/09\/09\/wenn-ich-nicht-sagen-kann-du-machst-das-jetzt-so-weil-ich-deine-chefin-bin\/#breadcrumb","itemListElement":[{"@type":"ListItem","position":1,"name":"Startseite","item":"https:\/\/blog.zhaw.ch\/iap\/"},{"@type":"ListItem","position":2,"name":"\u00abWenn ich nicht sagen kann: \u2018Du machst das jetzt so, weil ich deine Chefin bin!\u2019\u00bb"}]},{"@type":"WebSite","@id":"https:\/\/blog.zhaw.ch\/iap\/#website","url":"https:\/\/blog.zhaw.ch\/iap\/","name":"Psychologie im Alltag nutzen","description":"Ein Blog der ZHAW Z\u00fcrcher Hochschule f\u00fcr Angewandte Wissenschaften","potentialAction":[{"@type":"SearchAction","target":{"@type":"EntryPoint","urlTemplate":"https:\/\/blog.zhaw.ch\/iap\/?s={search_term_string}"},"query-input":{"@type":"PropertyValueSpecification","valueRequired":true,"valueName":"search_term_string"}}],"inLanguage":"de"},{"@type":"Person","@id":"https:\/\/blog.zhaw.ch\/iap\/#\/schema\/person\/c8886f16dac0dae183fd08581f4bd263","name":"Redaktion","image":{"@type":"ImageObject","inLanguage":"de","@id":"https:\/\/secure.gravatar.com\/avatar\/3612f9a05bafa95d62e2f0a7ac8705636b578b75dfc849c74bab90e05281e1a3?s=96&d=mm&r=g","url":"https:\/\/secure.gravatar.com\/avatar\/3612f9a05bafa95d62e2f0a7ac8705636b578b75dfc849c74bab90e05281e1a3?s=96&d=mm&r=g","contentUrl":"https:\/\/secure.gravatar.com\/avatar\/3612f9a05bafa95d62e2f0a7ac8705636b578b75dfc849c74bab90e05281e1a3?s=96&d=mm&r=g","caption":"Redaktion"},"url":"https:\/\/blog.zhaw.ch\/iap\/author\/fina\/"}]}},"_links":{"self":[{"href":"https:\/\/blog.zhaw.ch\/iap\/wp-json\/wp\/v2\/posts\/5120","targetHints":{"allow":["GET"]}}],"collection":[{"href":"https:\/\/blog.zhaw.ch\/iap\/wp-json\/wp\/v2\/posts"}],"about":[{"href":"https:\/\/blog.zhaw.ch\/iap\/wp-json\/wp\/v2\/types\/post"}],"author":[{"embeddable":true,"href":"https:\/\/blog.zhaw.ch\/iap\/wp-json\/wp\/v2\/users\/532"}],"replies":[{"embeddable":true,"href":"https:\/\/blog.zhaw.ch\/iap\/wp-json\/wp\/v2\/comments?post=5120"}],"version-history":[{"count":69,"href":"https:\/\/blog.zhaw.ch\/iap\/wp-json\/wp\/v2\/posts\/5120\/revisions"}],"predecessor-version":[{"id":5939,"href":"https:\/\/blog.zhaw.ch\/iap\/wp-json\/wp\/v2\/posts\/5120\/revisions\/5939"}],"wp:featuredmedia":[{"embeddable":true,"href":"https:\/\/blog.zhaw.ch\/iap\/wp-json\/wp\/v2\/media\/5628"}],"wp:attachment":[{"href":"https:\/\/blog.zhaw.ch\/iap\/wp-json\/wp\/v2\/media?parent=5120"}],"wp:term":[{"taxonomy":"category","embeddable":true,"href":"https:\/\/blog.zhaw.ch\/iap\/wp-json\/wp\/v2\/categories?post=5120"},{"taxonomy":"post_tag","embeddable":true,"href":"https:\/\/blog.zhaw.ch\/iap\/wp-json\/wp\/v2\/tags?post=5120"},{"taxonomy":"features","embeddable":true,"href":"https:\/\/blog.zhaw.ch\/iap\/wp-json\/wp\/v2\/features?post=5120"}],"curies":[{"name":"wp","href":"https:\/\/api.w.org\/{rel}","templated":true}]}}