{"id":4623,"date":"2020-09-09T16:49:12","date_gmt":"2020-09-09T14:49:12","guid":{"rendered":"https:\/\/blog.zhaw.ch\/iap\/?p=4623"},"modified":"2022-04-12T21:41:25","modified_gmt":"2022-04-12T19:41:25","slug":"die-fuehrungsentwicklung-der-zukunft-ein-beispiel","status":"publish","type":"post","link":"https:\/\/blog.zhaw.ch\/iap\/2020\/09\/09\/die-fuehrungsentwicklung-der-zukunft-ein-beispiel\/","title":{"rendered":"Die F\u00fchrungsentwicklung der Zukunft. Ein Beispiel."},"content":{"rendered":"\n<p><strong>Wie k\u00f6nnen sich F\u00fchrungspersonen in einer unsicheren Welt auf eine unsichere Zukunft vorbereiten? Und wie kann ein Unternehmen sie dabei unterst\u00fctzen? Uwe Neumann zeigt auf, wie man sich als F\u00fchrungskraft auf die neue Situation mit ihren neuen Rollen vorbereiten kann.<\/strong><\/p>\n\n\n\n<p><em>Text: Uwe Neumann<br>Foto: Pixabay<\/em><\/p>\n\n\n\n<p>Gleich vorweg: DIE F\u00fchrungsentwicklung der Zukunft gibt es nicht.<\/p>\n\n\n\n<p>Es kommt immer darauf an, in welcher Situation sich eine Organisation befindet, welche Strategien sie verfolgt, welche Organisationsprinzipien und welche F\u00fchrungsbilder existieren und existieren sollen und nat\u00fcrlich welche F\u00fchrungskompetenzen bereits vorhanden sind. Es gilt, diese unterschiedlichen Rahmenbedingungen bei der Gestaltung der F\u00fchrungsentwicklung zu ber\u00fccksichtigen. Ein<del>e<\/del> Ausrichtung auf aktuelle Trends wie \u00abDigital Leadership\u00bb, \u00absoziokratische F\u00fchrungsans\u00e4tze\u00bb o.\u00e4. ist nur zu empfehlen, wenn dies auch zu den Bedingungen der Organisation passt und die Ziele der Organisation dadurch massgeblich unterst\u00fctzt werden.<\/p>\n\n\n\n<p>Wenn unser Team ein Kundenprojekt in Angriff nimmt, betrachten wir als erstes die operativen und strategischen Anforderungen an die Organisation und definieren Gesch\u00e4ftsanforderungen. Dann wird auf Basis einer GAP-Analyse (identifiziert L\u00fccken in den Zielvorgaben) ein multiperspektivisches, modulares Design entwickelt, das strategische, strukturelle und kulturelle Aspekte ber\u00fccksichtigt. In einem agilen Prozessdesign erfolgt schliesslich die Umsetzung und st\u00e4ndige Weiterentwicklung.<\/p>\n\n\n\n<h3 class=\"wp-block-heading\"><strong>Die Rolle der Systemarchitekten<\/strong><\/h3>\n\n\n\n<p>Nachfolgend beschreibe ich eine F\u00fchrungsentwicklung f\u00fcr erfahrene Mitarbeitende eines Grossunternehmens mit mindestens 5 Jahren F\u00fchrungserfahrung auf Senior Level. Alle Teilnehmenden haben bereits eine l\u00e4ngere F\u00fchrungsausbildung durchlaufen.<\/p>\n\n\n\n<p>Die Kundenorganisation kann aktuell noch verglichen werden mit einem gut funktionierenden R\u00e4derwerk, mit klaren Prozessen und Strukturen. Aufgrund der sich wandelnden Anforderungen der Umwelt und einer Liberalisierung der M\u00e4rkte ist das Unternehmen jedoch gezwungen, sich dynamischer aufzustellen, um am Markt schnell handeln zu k\u00f6nnen. Die Organisation als Ganzes muss sich ver\u00e4ndern, um auch morgen noch erfolgreich zu sein. Um dies zu erreichen, wurde eine Gruppe von F\u00fchrungspersonen ausgew\u00e4hlt, die auf ihre Rolle als Systemgestalter, als Systemarchitekten vorbereitet werden sollte.<\/p>\n\n\n\n<p>Gemeinsam mit dem Management und dem HR wurden die Ziele und die einzelnen Bausteine der Qualifizierung definiert. So entstand nicht nur ein multidimensionales Konzept, sondern auch ein gemeinsames Commitment f\u00fcr die Umsetzung und den Entwicklungsprozess.<\/p>\n\n\n\n<blockquote class=\"wp-block-quote has-text-align-center is-style-large is-layout-flow wp-block-quote-is-layout-flow\"><p><em>\u00abDie Community soll sich als Keimzelle eines neuen F\u00fchrungsverst\u00e4ndnisses etablieren.\u00bb<\/em><\/p><\/blockquote>\n\n\n\n<p>Die Teilnehmenden sollten auf der einen Seite bef\u00e4higt werden, ihre Rolle als Systemarchitekten in einer VUCA-Welt (volatil, unsicher, komplex und widerspr\u00fcchlich) auszugestalten und zum anderen sollte eine \u00abCommunity of Leadership Practice\u00bb aufgebaut werden, die sich noch lange nach der Qualifizierung gegenseitig unterst\u00fctzt und als Keimzelle eines neuen F\u00fchrungsverst\u00e4ndnisses etabliert.<\/p>\n\n\n\n<p>Auf der <strong>individuellen Ebene<\/strong> wurden Entwicklungsziele zwischen den Teilnehmenden und dem jeweiligen Vorgesetzten vereinbart. Gemeinsam mit einem Coach und einem People-Development-Team, das aus jeweils drei Teilnehmenden des F\u00fchrungsentwicklungsprogramms bestand, wurde an der Umsetzung der Entwicklungsziele gearbeitet. In regelm\u00e4ssigen Abst\u00e4nden erfolgten Monitoringgespr\u00e4che mit den Vorgesetzten.<\/p>\n\n\n\n<h3 class=\"wp-block-heading\"><strong>Das Motto \u00abVom Kennen zum K\u00f6nnen\u00bb<\/strong><\/h3>\n\n\n\n<p>Auf <strong>kollektiver Ebene<\/strong> kamen zwei Elemente zum Einsatz, zum einen Pr\u00e4senzmodule und zum anderen die Bearbeitung eines unternehmensweiten Projektes. Die Pr\u00e4senzmodule dienten als Impulsgeber und Rahmen f\u00fcr die Projektbearbeitung. So wurde keine graue Theorie vermittelt, sondern Wissen, das gleich in die Anwendung kam. Kombiniert mit Reflexionsschleifen, neudeutsch Retrospektiven, gelang so der Kompetenzaufbau, ganz nach dem Motto \u00abvom Kennen zum K\u00f6nnen\u00bb. Wir nennen das Real-Case-Learning.<\/p>\n\n\n\n<ul class=\"wp-block-list\"><li><strong>Die Werkzeuge der Systemarchitekten<br><\/strong>Im ersten Modul setzten sich die Teilnehmenden mit den strategischen Herausforderungen auf der Unternehmensebene auseinander und besch\u00e4ftigten sich eingehend damit, wie das System (die Organisation) zu gestalten ist, damit es langfristig Kundennutzen generiert und Mitarbeitende bereit sind ihr Bestes zu geben. In einem kollektiven Entscheidungsprozess wurden Projektideen entwickelt, diskutiert und letztlich verdichtet auf ein Projekt, das die Organisation als Ganzes in ihrer Weiterentwicklung unterst\u00fctzt. F\u00fcr dieses Projekt musste als erstes das obersten Management, als wichtigste Stakeholder gewonnen werden.<\/li><\/ul>\n\n\n\n<ul class=\"wp-block-list\"><li><strong>Die Z\u00fcrcher Teampyramide als Basis f\u00fcr Produktivit\u00e4t und Innovationskraft<br><\/strong>Im zweiten Pr\u00e4senzmodul reflektierten die Teilnehmenden die F\u00fchrungsprozesse, sowohl auf sachlogischer als auch auf psychologischer Ebene anhand der Z\u00fcrcher Teampyramide. Die speziellen Dynamiken von Teams und die Bedeutung des Stakeholdermanagements konnten gemeinsam entdeckt werden. Das Real-Case-Projekt diente als Spiegelfl\u00e4che f\u00fcr diese Ph\u00e4nomene. Man konnte am eigenen Leib sp\u00fcren, wie gut die einzelnen Elemente der Z\u00fcrcher Teampyramide realisiert werden, wie wichtig Reflexionsschleifen sind und wie sie gestaltet werden k\u00f6nnen, um einen hohen Nutzen zu generieren.<\/li><\/ul>\n\n\n\n<ul class=\"wp-block-list\"><li><strong>Die Auseinandersetzung mit Self Leadership<\/strong><br>Die beiden letzten Pr\u00e4senzmodule setzten sich mit Self Leadership auseinander. Also damit, wie man sich in dynamischen, komplexen und widerspr\u00fcchlichen Zeiten orientieren kann, wie man gut aufgestellt ist und was man machen kann, wenn alles ins Wanken ger\u00e4t. Wir waren und sind \u00fcberzeugt, dass dieses Thema f\u00fcr diese Zielgruppe das wichtigste ist und haben entsprechend Zeit daf\u00fcr investiert. Zugleich waren wir uns bewusst, dass man die Gruppe hierf\u00fcr erst einmal gewinnen, dass man einen Raum von psychologischer Sicherheit aufbauen muss, um sich mit dem Thema Self Leadership ausreichend intensiv auseinandersetzen zu k\u00f6nnen.<\/li><\/ul>\n\n\n\n<p>Alle Themen der Pr\u00e4senzmodule wurden durch entsprechende Wissensbausteine (Videos, Podcastkurse, Literatur etc.) im Vorfeld durch die Teilnehmenden bearbeitet. So war es m\u00f6glich, die Pr\u00e4senzzeit f\u00fcr die Verarbeitung und den Transfer zu nutzen. Die konkrete Umsetzung im eigenen Arbeitsbereich griffen die People Development-Teams auf, gr\u00f6ssere Umsetzungsherausforderungen wurden in Leadership Circeln zusammen mit einem Facilitator bearbeitet.<\/p>\n\n\n\n<p>Parallel zu diesem Prozess bauten wir eine <strong>Community of Leadership Practice<\/strong> \u00a0(aus der Praxis in der Softwareentwicklung abgeleitet) und eine Kollaborationsplattform auf. Hier konnten Fragen an die Gruppe gepostet, das kollektive Wissen angezapft oder interessante Beitr\u00e4ge zur Verf\u00fcgung gestellt werden &#8211; genauso, wie man es auch von privaten Chatgruppen kennt.<\/p>\n\n\n\n<h3 class=\"wp-block-heading\"><strong>Fehler als Lernerfahrung<\/strong><\/h3>\n\n\n\n<p>In der Zwischenzeit haben wir diese Art Fortbildung bereits mehrere Male durchgef\u00fchrt. Immer wieder passen wir sie an und diskutieren, in wieweit die Gruppe bestimmte \u00abFehler\u00bb im Real-Case-Projekt als Lernerfahrungen machen soll und wann wir als Verantwortliche dieses Programms intervenieren. Uns ist zunehmend bewusst geworden, dass wir als \u00abModell\u00bb f\u00fcr die neue Rolle der F\u00fchrung dienen. Wir machen daher unser Handeln und unsere \u00dcberlegungen sehr transparent.<\/p>\n\n\n\n<div style=\"height:20px\" aria-hidden=\"true\" class=\"wp-block-spacer\"><\/div>\n\n\n\n<figure class=\"wp-block-table is-style-regular\"><table class=\"has-background\" style=\"background-color:#e9fbe5\"><tbody><tr><td>Diese Erfahrungen haben uns ermutigt, dieses Angebot nicht nur spezifisch f\u00fcr Unternehmenskunden anzubieten, sondern auch als Weiterbildung in einem CAS. Im <strong><a href=\"https:\/\/www.zhaw.ch\/de\/psychologie\/weiterbildung\/detail\/kurs\/cas-agile-fuehrung-flex\/\" target=\"_blank\" rel=\"noreferrer noopener\">CAS Agile F\u00fchrung (flex)<\/a><\/strong> entwickeln die Teilnehmenden die erforderlichen F\u00fchrungskompetenzen, um sich sicher in der VUCA-Welt zu bewegen.<\/td><\/tr><\/tbody><\/table><\/figure>\n\n\n\n<div style=\"height:25px\" aria-hidden=\"true\" class=\"wp-block-spacer\"><\/div>\n\n\n\n<div class=\"wp-block-media-text alignwide is-stacked-on-mobile is-vertically-aligned-bottom is-image-fill\" style=\"grid-template-columns:26% auto\"><figure class=\"wp-block-media-text__media\" style=\"background-image:url(https:\/\/blog.zhaw.ch\/iap\/files\/2016\/04\/Uwe_Neumann-0099.jpg);background-position:50% 50%\"><img loading=\"lazy\" decoding=\"async\" width=\"660\" height=\"800\" src=\"https:\/\/blog.zhaw.ch\/iap\/files\/2016\/04\/Uwe_Neumann-0099.jpg\" alt=\"\" class=\"wp-image-716 size-full\" srcset=\"https:\/\/blog.zhaw.ch\/iap\/files\/2016\/04\/Uwe_Neumann-0099.jpg 660w, https:\/\/blog.zhaw.ch\/iap\/files\/2016\/04\/Uwe_Neumann-0099-248x300.jpg 248w\" sizes=\"auto, (max-width: 660px) 100vw, 660px\" \/><\/figure><div class=\"wp-block-media-text__content\">\n<p class=\"has-small-font-size\">Seit 2012 ist <a href=\"https:\/\/www.zhaw.ch\/de\/ueber-uns\/person\/neun\/\">Uwe Neumann<\/a> am IAP Institut f\u00fcr Angewandte Psychologie als Dozent und Berater im Bereich Leadership, Coaching &amp; Change Management t\u00e4tig und leitet zudem die F\u00fchrungsentwicklung.<\/p>\n<\/div><\/div>\n\n\n\n<p><\/p>\n<div class=\"pt-sm\">Schlagw\u00f6rter: <a href=\"https:\/\/blog.zhaw.ch\/iap\/tag\/agile-fuehrung\/\">agile F\u00fchrung<\/a>, <a href=\"https:\/\/blog.zhaw.ch\/iap\/tag\/fuehrung\/\">F\u00fchrung<\/a>, <a href=\"https:\/\/blog.zhaw.ch\/iap\/tag\/fuehrungsentwicklung\/\">F\u00fchrungsentwicklung<\/a>, <a href=\"https:\/\/blog.zhaw.ch\/iap\/tag\/fuehrungskraft-von-morgen\/\">F\u00fchrungskraft von morgen<\/a>, <a href=\"https:\/\/blog.zhaw.ch\/iap\/tag\/vuca\/\">Vuca<\/a><br><\/div>","protected":false},"excerpt":{"rendered":"<p>Wie k\u00f6nnen sich F\u00fchrungspersonen in einer unsicheren Welt auf eine unsichere Zukunft vorbereiten? Und wie kann ein Unternehmen sie dabei unterst\u00fctzen? Uwe Neumann zeigt auf, wie man sich als F\u00fchrungskraft auf die neue Situation mit ihren neuen Rollen vorbereiten kann. Text: Uwe NeumannFoto: Pixabay Gleich vorweg: DIE F\u00fchrungsentwicklung der Zukunft gibt es nicht. Es kommt [&hellip;]<\/p>\n","protected":false},"author":532,"featured_media":5678,"comment_status":"open","ping_status":"open","sticky":false,"template":"","format":"standard","meta":{"ngg_post_thumbnail":0,"footnotes":""},"categories":[1,55,54,65],"tags":[85,122,138,48,202],"features":[],"class_list":["post-4623","post","type-post","status-publish","format-standard","has-post-thumbnail","hentry","category-allgemein","category-der-mensch-in-der-flexiblen-arbeitswelt","category-digitales-lernen","category-fuehrungsentwicklung","tag-agile-fuehrung","tag-fuehrung","tag-fuehrungsentwicklung","tag-fuehrungskraft-von-morgen","tag-vuca"],"yoast_head":"<!-- This site is optimized with the Yoast SEO Premium plugin v27.2 (Yoast SEO v27.2) - https:\/\/yoast.com\/product\/yoast-seo-premium-wordpress\/ -->\n<title>Die F\u00fchrungsentwicklung der Zukunft. Ein Beispiel. - Psychologie im Alltag nutzen<\/title>\n<meta name=\"robots\" content=\"index, follow, max-snippet:-1, max-image-preview:large, max-video-preview:-1\" \/>\n<link rel=\"canonical\" href=\"https:\/\/blog.zhaw.ch\/iap\/2020\/09\/09\/die-fuehrungsentwicklung-der-zukunft-ein-beispiel\/\" \/>\n<meta property=\"og:locale\" content=\"de_DE\" \/>\n<meta property=\"og:type\" content=\"article\" \/>\n<meta property=\"og:title\" content=\"Die F\u00fchrungsentwicklung der Zukunft. Ein Beispiel.\" \/>\n<meta property=\"og:description\" content=\"Wie k\u00f6nnen sich F\u00fchrungspersonen in einer unsicheren Welt auf eine unsichere Zukunft vorbereiten? Und wie kann ein Unternehmen sie dabei unterst\u00fctzen? Uwe Neumann zeigt auf, wie man sich als F\u00fchrungskraft auf die neue Situation mit ihren neuen Rollen vorbereiten kann. Text: Uwe NeumannFoto: Pixabay Gleich vorweg: DIE F\u00fchrungsentwicklung der Zukunft gibt es nicht. Es kommt [&hellip;]\" \/>\n<meta property=\"og:url\" content=\"https:\/\/blog.zhaw.ch\/iap\/2020\/09\/09\/die-fuehrungsentwicklung-der-zukunft-ein-beispiel\/\" \/>\n<meta property=\"og:site_name\" content=\"Psychologie im Alltag nutzen\" \/>\n<meta property=\"article:published_time\" content=\"2020-09-09T14:49:12+00:00\" \/>\n<meta property=\"article:modified_time\" content=\"2022-04-12T19:41:25+00:00\" \/>\n<meta property=\"og:image\" content=\"https:\/\/blog.zhaw.ch\/iap\/files\/2020\/09\/color-3207345_1920-1.jpg\" \/>\n\t<meta property=\"og:image:width\" content=\"1920\" \/>\n\t<meta property=\"og:image:height\" content=\"1280\" \/>\n\t<meta property=\"og:image:type\" content=\"image\/jpeg\" \/>\n<meta name=\"author\" content=\"Redaktion\" \/>\n<meta name=\"twitter:card\" content=\"summary_large_image\" \/>\n<meta name=\"twitter:label1\" content=\"Verfasst von\" \/>\n\t<meta name=\"twitter:data1\" content=\"Redaktion\" \/>\n\t<meta name=\"twitter:label2\" content=\"Gesch\u00e4tzte Lesezeit\" \/>\n\t<meta name=\"twitter:data2\" content=\"5\u00a0Minuten\" \/>\n<script type=\"application\/ld+json\" class=\"yoast-schema-graph\">{\"@context\":\"https:\/\/schema.org\",\"@graph\":[{\"@type\":\"Article\",\"@id\":\"https:\/\/blog.zhaw.ch\/iap\/2020\/09\/09\/die-fuehrungsentwicklung-der-zukunft-ein-beispiel\/#article\",\"isPartOf\":{\"@id\":\"https:\/\/blog.zhaw.ch\/iap\/2020\/09\/09\/die-fuehrungsentwicklung-der-zukunft-ein-beispiel\/\"},\"author\":{\"name\":\"Redaktion\",\"@id\":\"https:\/\/blog.zhaw.ch\/iap\/#\/schema\/person\/c8886f16dac0dae183fd08581f4bd263\"},\"headline\":\"Die F\u00fchrungsentwicklung der Zukunft. Ein Beispiel.\",\"datePublished\":\"2020-09-09T14:49:12+00:00\",\"dateModified\":\"2022-04-12T19:41:25+00:00\",\"mainEntityOfPage\":{\"@id\":\"https:\/\/blog.zhaw.ch\/iap\/2020\/09\/09\/die-fuehrungsentwicklung-der-zukunft-ein-beispiel\/\"},\"wordCount\":1094,\"commentCount\":0,\"image\":{\"@id\":\"https:\/\/blog.zhaw.ch\/iap\/2020\/09\/09\/die-fuehrungsentwicklung-der-zukunft-ein-beispiel\/#primaryimage\"},\"thumbnailUrl\":\"https:\/\/blog.zhaw.ch\/iap\/files\/2020\/09\/color-3207345_1920-1.jpg\",\"keywords\":[\"agile F\u00fchrung\",\"F\u00fchrung\",\"F\u00fchrungsentwicklung\",\"F\u00fchrungskraft von morgen\",\"Vuca\"],\"articleSection\":{\"1\":\"Der Mensch in der flexiblen Arbeitswelt\",\"2\":\"Digitales Lernen\",\"3\":\"F\u00fchrungsentwicklung\"},\"inLanguage\":\"de\",\"potentialAction\":[{\"@type\":\"CommentAction\",\"name\":\"Comment\",\"target\":[\"https:\/\/blog.zhaw.ch\/iap\/2020\/09\/09\/die-fuehrungsentwicklung-der-zukunft-ein-beispiel\/#respond\"]}]},{\"@type\":\"WebPage\",\"@id\":\"https:\/\/blog.zhaw.ch\/iap\/2020\/09\/09\/die-fuehrungsentwicklung-der-zukunft-ein-beispiel\/\",\"url\":\"https:\/\/blog.zhaw.ch\/iap\/2020\/09\/09\/die-fuehrungsentwicklung-der-zukunft-ein-beispiel\/\",\"name\":\"Die F\u00fchrungsentwicklung der Zukunft. Ein Beispiel. - Psychologie im Alltag nutzen\",\"isPartOf\":{\"@id\":\"https:\/\/blog.zhaw.ch\/iap\/#website\"},\"primaryImageOfPage\":{\"@id\":\"https:\/\/blog.zhaw.ch\/iap\/2020\/09\/09\/die-fuehrungsentwicklung-der-zukunft-ein-beispiel\/#primaryimage\"},\"image\":{\"@id\":\"https:\/\/blog.zhaw.ch\/iap\/2020\/09\/09\/die-fuehrungsentwicklung-der-zukunft-ein-beispiel\/#primaryimage\"},\"thumbnailUrl\":\"https:\/\/blog.zhaw.ch\/iap\/files\/2020\/09\/color-3207345_1920-1.jpg\",\"datePublished\":\"2020-09-09T14:49:12+00:00\",\"dateModified\":\"2022-04-12T19:41:25+00:00\",\"author\":{\"@id\":\"https:\/\/blog.zhaw.ch\/iap\/#\/schema\/person\/c8886f16dac0dae183fd08581f4bd263\"},\"breadcrumb\":{\"@id\":\"https:\/\/blog.zhaw.ch\/iap\/2020\/09\/09\/die-fuehrungsentwicklung-der-zukunft-ein-beispiel\/#breadcrumb\"},\"inLanguage\":\"de\",\"potentialAction\":[{\"@type\":\"ReadAction\",\"target\":[\"https:\/\/blog.zhaw.ch\/iap\/2020\/09\/09\/die-fuehrungsentwicklung-der-zukunft-ein-beispiel\/\"]}]},{\"@type\":\"ImageObject\",\"inLanguage\":\"de\",\"@id\":\"https:\/\/blog.zhaw.ch\/iap\/2020\/09\/09\/die-fuehrungsentwicklung-der-zukunft-ein-beispiel\/#primaryimage\",\"url\":\"https:\/\/blog.zhaw.ch\/iap\/files\/2020\/09\/color-3207345_1920-1.jpg\",\"contentUrl\":\"https:\/\/blog.zhaw.ch\/iap\/files\/2020\/09\/color-3207345_1920-1.jpg\",\"width\":1920,\"height\":1280},{\"@type\":\"BreadcrumbList\",\"@id\":\"https:\/\/blog.zhaw.ch\/iap\/2020\/09\/09\/die-fuehrungsentwicklung-der-zukunft-ein-beispiel\/#breadcrumb\",\"itemListElement\":[{\"@type\":\"ListItem\",\"position\":1,\"name\":\"Startseite\",\"item\":\"https:\/\/blog.zhaw.ch\/iap\/\"},{\"@type\":\"ListItem\",\"position\":2,\"name\":\"Die F\u00fchrungsentwicklung der Zukunft. Ein Beispiel.\"}]},{\"@type\":\"WebSite\",\"@id\":\"https:\/\/blog.zhaw.ch\/iap\/#website\",\"url\":\"https:\/\/blog.zhaw.ch\/iap\/\",\"name\":\"Psychologie im Alltag nutzen\",\"description\":\"Ein Blog der ZHAW Z\u00fcrcher Hochschule f\u00fcr Angewandte Wissenschaften\",\"potentialAction\":[{\"@type\":\"SearchAction\",\"target\":{\"@type\":\"EntryPoint\",\"urlTemplate\":\"https:\/\/blog.zhaw.ch\/iap\/?s={search_term_string}\"},\"query-input\":{\"@type\":\"PropertyValueSpecification\",\"valueRequired\":true,\"valueName\":\"search_term_string\"}}],\"inLanguage\":\"de\"},{\"@type\":\"Person\",\"@id\":\"https:\/\/blog.zhaw.ch\/iap\/#\/schema\/person\/c8886f16dac0dae183fd08581f4bd263\",\"name\":\"Redaktion\",\"image\":{\"@type\":\"ImageObject\",\"inLanguage\":\"de\",\"@id\":\"https:\/\/secure.gravatar.com\/avatar\/3612f9a05bafa95d62e2f0a7ac8705636b578b75dfc849c74bab90e05281e1a3?s=96&d=mm&r=g\",\"url\":\"https:\/\/secure.gravatar.com\/avatar\/3612f9a05bafa95d62e2f0a7ac8705636b578b75dfc849c74bab90e05281e1a3?s=96&d=mm&r=g\",\"contentUrl\":\"https:\/\/secure.gravatar.com\/avatar\/3612f9a05bafa95d62e2f0a7ac8705636b578b75dfc849c74bab90e05281e1a3?s=96&d=mm&r=g\",\"caption\":\"Redaktion\"},\"url\":\"https:\/\/blog.zhaw.ch\/iap\/author\/fina\/\"}]}<\/script>\n<!-- \/ Yoast SEO Premium plugin. -->","yoast_head_json":{"title":"Die F\u00fchrungsentwicklung der Zukunft. Ein Beispiel. - Psychologie im Alltag nutzen","robots":{"index":"index","follow":"follow","max-snippet":"max-snippet:-1","max-image-preview":"max-image-preview:large","max-video-preview":"max-video-preview:-1"},"canonical":"https:\/\/blog.zhaw.ch\/iap\/2020\/09\/09\/die-fuehrungsentwicklung-der-zukunft-ein-beispiel\/","og_locale":"de_DE","og_type":"article","og_title":"Die F\u00fchrungsentwicklung der Zukunft. Ein Beispiel.","og_description":"Wie k\u00f6nnen sich F\u00fchrungspersonen in einer unsicheren Welt auf eine unsichere Zukunft vorbereiten? Und wie kann ein Unternehmen sie dabei unterst\u00fctzen? Uwe Neumann zeigt auf, wie man sich als F\u00fchrungskraft auf die neue Situation mit ihren neuen Rollen vorbereiten kann. Text: Uwe NeumannFoto: Pixabay Gleich vorweg: DIE F\u00fchrungsentwicklung der Zukunft gibt es nicht. Es kommt [&hellip;]","og_url":"https:\/\/blog.zhaw.ch\/iap\/2020\/09\/09\/die-fuehrungsentwicklung-der-zukunft-ein-beispiel\/","og_site_name":"Psychologie im Alltag nutzen","article_published_time":"2020-09-09T14:49:12+00:00","article_modified_time":"2022-04-12T19:41:25+00:00","og_image":[{"width":1920,"height":1280,"url":"https:\/\/blog.zhaw.ch\/iap\/files\/2020\/09\/color-3207345_1920-1.jpg","type":"image\/jpeg"}],"author":"Redaktion","twitter_card":"summary_large_image","twitter_misc":{"Verfasst von":"Redaktion","Gesch\u00e4tzte Lesezeit":"5\u00a0Minuten"},"schema":{"@context":"https:\/\/schema.org","@graph":[{"@type":"Article","@id":"https:\/\/blog.zhaw.ch\/iap\/2020\/09\/09\/die-fuehrungsentwicklung-der-zukunft-ein-beispiel\/#article","isPartOf":{"@id":"https:\/\/blog.zhaw.ch\/iap\/2020\/09\/09\/die-fuehrungsentwicklung-der-zukunft-ein-beispiel\/"},"author":{"name":"Redaktion","@id":"https:\/\/blog.zhaw.ch\/iap\/#\/schema\/person\/c8886f16dac0dae183fd08581f4bd263"},"headline":"Die F\u00fchrungsentwicklung der Zukunft. Ein Beispiel.","datePublished":"2020-09-09T14:49:12+00:00","dateModified":"2022-04-12T19:41:25+00:00","mainEntityOfPage":{"@id":"https:\/\/blog.zhaw.ch\/iap\/2020\/09\/09\/die-fuehrungsentwicklung-der-zukunft-ein-beispiel\/"},"wordCount":1094,"commentCount":0,"image":{"@id":"https:\/\/blog.zhaw.ch\/iap\/2020\/09\/09\/die-fuehrungsentwicklung-der-zukunft-ein-beispiel\/#primaryimage"},"thumbnailUrl":"https:\/\/blog.zhaw.ch\/iap\/files\/2020\/09\/color-3207345_1920-1.jpg","keywords":["agile F\u00fchrung","F\u00fchrung","F\u00fchrungsentwicklung","F\u00fchrungskraft von morgen","Vuca"],"articleSection":{"1":"Der Mensch in der flexiblen Arbeitswelt","2":"Digitales Lernen","3":"F\u00fchrungsentwicklung"},"inLanguage":"de","potentialAction":[{"@type":"CommentAction","name":"Comment","target":["https:\/\/blog.zhaw.ch\/iap\/2020\/09\/09\/die-fuehrungsentwicklung-der-zukunft-ein-beispiel\/#respond"]}]},{"@type":"WebPage","@id":"https:\/\/blog.zhaw.ch\/iap\/2020\/09\/09\/die-fuehrungsentwicklung-der-zukunft-ein-beispiel\/","url":"https:\/\/blog.zhaw.ch\/iap\/2020\/09\/09\/die-fuehrungsentwicklung-der-zukunft-ein-beispiel\/","name":"Die F\u00fchrungsentwicklung der Zukunft. Ein Beispiel. - Psychologie im Alltag nutzen","isPartOf":{"@id":"https:\/\/blog.zhaw.ch\/iap\/#website"},"primaryImageOfPage":{"@id":"https:\/\/blog.zhaw.ch\/iap\/2020\/09\/09\/die-fuehrungsentwicklung-der-zukunft-ein-beispiel\/#primaryimage"},"image":{"@id":"https:\/\/blog.zhaw.ch\/iap\/2020\/09\/09\/die-fuehrungsentwicklung-der-zukunft-ein-beispiel\/#primaryimage"},"thumbnailUrl":"https:\/\/blog.zhaw.ch\/iap\/files\/2020\/09\/color-3207345_1920-1.jpg","datePublished":"2020-09-09T14:49:12+00:00","dateModified":"2022-04-12T19:41:25+00:00","author":{"@id":"https:\/\/blog.zhaw.ch\/iap\/#\/schema\/person\/c8886f16dac0dae183fd08581f4bd263"},"breadcrumb":{"@id":"https:\/\/blog.zhaw.ch\/iap\/2020\/09\/09\/die-fuehrungsentwicklung-der-zukunft-ein-beispiel\/#breadcrumb"},"inLanguage":"de","potentialAction":[{"@type":"ReadAction","target":["https:\/\/blog.zhaw.ch\/iap\/2020\/09\/09\/die-fuehrungsentwicklung-der-zukunft-ein-beispiel\/"]}]},{"@type":"ImageObject","inLanguage":"de","@id":"https:\/\/blog.zhaw.ch\/iap\/2020\/09\/09\/die-fuehrungsentwicklung-der-zukunft-ein-beispiel\/#primaryimage","url":"https:\/\/blog.zhaw.ch\/iap\/files\/2020\/09\/color-3207345_1920-1.jpg","contentUrl":"https:\/\/blog.zhaw.ch\/iap\/files\/2020\/09\/color-3207345_1920-1.jpg","width":1920,"height":1280},{"@type":"BreadcrumbList","@id":"https:\/\/blog.zhaw.ch\/iap\/2020\/09\/09\/die-fuehrungsentwicklung-der-zukunft-ein-beispiel\/#breadcrumb","itemListElement":[{"@type":"ListItem","position":1,"name":"Startseite","item":"https:\/\/blog.zhaw.ch\/iap\/"},{"@type":"ListItem","position":2,"name":"Die F\u00fchrungsentwicklung der Zukunft. Ein Beispiel."}]},{"@type":"WebSite","@id":"https:\/\/blog.zhaw.ch\/iap\/#website","url":"https:\/\/blog.zhaw.ch\/iap\/","name":"Psychologie im Alltag nutzen","description":"Ein Blog der ZHAW Z\u00fcrcher Hochschule f\u00fcr Angewandte Wissenschaften","potentialAction":[{"@type":"SearchAction","target":{"@type":"EntryPoint","urlTemplate":"https:\/\/blog.zhaw.ch\/iap\/?s={search_term_string}"},"query-input":{"@type":"PropertyValueSpecification","valueRequired":true,"valueName":"search_term_string"}}],"inLanguage":"de"},{"@type":"Person","@id":"https:\/\/blog.zhaw.ch\/iap\/#\/schema\/person\/c8886f16dac0dae183fd08581f4bd263","name":"Redaktion","image":{"@type":"ImageObject","inLanguage":"de","@id":"https:\/\/secure.gravatar.com\/avatar\/3612f9a05bafa95d62e2f0a7ac8705636b578b75dfc849c74bab90e05281e1a3?s=96&d=mm&r=g","url":"https:\/\/secure.gravatar.com\/avatar\/3612f9a05bafa95d62e2f0a7ac8705636b578b75dfc849c74bab90e05281e1a3?s=96&d=mm&r=g","contentUrl":"https:\/\/secure.gravatar.com\/avatar\/3612f9a05bafa95d62e2f0a7ac8705636b578b75dfc849c74bab90e05281e1a3?s=96&d=mm&r=g","caption":"Redaktion"},"url":"https:\/\/blog.zhaw.ch\/iap\/author\/fina\/"}]}},"_links":{"self":[{"href":"https:\/\/blog.zhaw.ch\/iap\/wp-json\/wp\/v2\/posts\/4623","targetHints":{"allow":["GET"]}}],"collection":[{"href":"https:\/\/blog.zhaw.ch\/iap\/wp-json\/wp\/v2\/posts"}],"about":[{"href":"https:\/\/blog.zhaw.ch\/iap\/wp-json\/wp\/v2\/types\/post"}],"author":[{"embeddable":true,"href":"https:\/\/blog.zhaw.ch\/iap\/wp-json\/wp\/v2\/users\/532"}],"replies":[{"embeddable":true,"href":"https:\/\/blog.zhaw.ch\/iap\/wp-json\/wp\/v2\/comments?post=4623"}],"version-history":[{"count":24,"href":"https:\/\/blog.zhaw.ch\/iap\/wp-json\/wp\/v2\/posts\/4623\/revisions"}],"predecessor-version":[{"id":5679,"href":"https:\/\/blog.zhaw.ch\/iap\/wp-json\/wp\/v2\/posts\/4623\/revisions\/5679"}],"wp:featuredmedia":[{"embeddable":true,"href":"https:\/\/blog.zhaw.ch\/iap\/wp-json\/wp\/v2\/media\/5678"}],"wp:attachment":[{"href":"https:\/\/blog.zhaw.ch\/iap\/wp-json\/wp\/v2\/media?parent=4623"}],"wp:term":[{"taxonomy":"category","embeddable":true,"href":"https:\/\/blog.zhaw.ch\/iap\/wp-json\/wp\/v2\/categories?post=4623"},{"taxonomy":"post_tag","embeddable":true,"href":"https:\/\/blog.zhaw.ch\/iap\/wp-json\/wp\/v2\/tags?post=4623"},{"taxonomy":"features","embeddable":true,"href":"https:\/\/blog.zhaw.ch\/iap\/wp-json\/wp\/v2\/features?post=4623"}],"curies":[{"name":"wp","href":"https:\/\/api.w.org\/{rel}","templated":true}]}}