{"id":320,"date":"2016-01-12T11:49:34","date_gmt":"2016-01-12T10:49:34","guid":{"rendered":"http:\/\/blog.zhaw.ch\/iap\/?p=320"},"modified":"2016-01-12T11:49:34","modified_gmt":"2016-01-12T10:49:34","slug":"koerperbild-und-psychische-stoerungen-haengen-zusammen","status":"publish","type":"post","link":"https:\/\/blog.zhaw.ch\/iap\/2016\/01\/12\/koerperbild-und-psychische-stoerungen-haengen-zusammen\/","title":{"rendered":"K\u00f6rperbild und psychische St\u00f6rungen h\u00e4ngen zusammen"},"content":{"rendered":"<p><a href=\"http:\/\/blog.zhaw.ch\/iap\/files\/2016\/01\/Marcel-Schaer.jpg\" rel=\"attachment wp-att-323\"><img loading=\"lazy\" decoding=\"async\" class=\"alignleft size-full wp-image-323\" src=\"http:\/\/blog.zhaw.ch\/iap\/files\/2016\/01\/Marcel-Schaer.jpg\" alt=\"Marcel Schaer\" width=\"714\" height=\"400\" srcset=\"https:\/\/blog.zhaw.ch\/iap\/files\/2016\/01\/Marcel-Schaer.jpg 714w, https:\/\/blog.zhaw.ch\/iap\/files\/2016\/01\/Marcel-Schaer-300x168.jpg 300w\" sizes=\"auto, (max-width: 714px) 100vw, 714px\" \/><\/a><\/p>\n<p>Die DOK-Sendung vom 7. Januar erz\u00e4hlt von jungen Menschen, die viel Zeit, Geld und teils sogar ihre Gesundheit investieren, um so auszusehen, wie es ihnen ihr Idealbild diktiert. Marcel Sch\u00e4r, Professor f\u00fcr Psychologie und Psychotherapie am IAP, erkl\u00e4rt in der Sendung, dass Wohlbefinden, ein positives K\u00f6rperbild und psychische St\u00f6rungen in engem Zusammenhang stehen. F\u00fcr Interessierte haben wir die Pilotstudie, auf die er sich in der DOK-Sendung bezieht, hier angeh\u00e4ngt.<\/p>\n<p><strong>Zur Studie:<\/strong><br \/>\n<a href=\"http:\/\/blog.zhaw.ch\/iap\/files\/2016\/01\/Arbeitspapier_035_GFCH_2015-08_-_Gesundes_Koerperbild_von_Jugendlichen_in_der_Deutschschweiz.pdf\" rel=\"\">Arbeitspapier_035_GFCH_2015-08_-_Gesundes_Koerperbild_von_Jugendlichen_in_der_Deutschschweiz<\/a><\/p>\n<p><strong>Zur DOK-Sendung:<\/strong><br \/>\n<a href=\"http:\/\/www.srf.ch\/sendungen\/dok\/mein-koerper-mein-werk\">http:\/\/www.srf.ch\/sendungen\/dok\/mein-koerper-mein-werk<\/a><\/p>\n<p>&nbsp;<\/p>\n","protected":false},"excerpt":{"rendered":"<p>Die DOK-Sendung vom 7. Januar erz\u00e4hlt von jungen Menschen, die viel Zeit, Geld und teils sogar ihre Gesundheit investieren, um so auszusehen, wie es ihnen ihr Idealbild diktiert. Marcel Sch\u00e4r, Professor f\u00fcr Psychologie und Psychotherapie am IAP, erkl\u00e4rt in der Sendung, dass Wohlbefinden, ein positives K\u00f6rperbild und psychische St\u00f6rungen in engem Zusammenhang stehen. F\u00fcr Interessierte [&hellip;]<\/p>\n","protected":false},"author":223,"featured_media":0,"comment_status":"open","ping_status":"open","sticky":false,"template":"","format":"standard","meta":{"ngg_post_thumbnail":0,"footnotes":""},"categories":[1],"tags":[],"features":[],"class_list":["post-320","post","type-post","status-publish","format-standard","hentry","category-allgemein"],"yoast_head":"<!-- This site is optimized with the Yoast SEO Premium plugin v27.2 (Yoast SEO v27.2) - https:\/\/yoast.com\/product\/yoast-seo-premium-wordpress\/ -->\n<title>K\u00f6rperbild und psychische St\u00f6rungen h\u00e4ngen zusammen - Psychologie im Alltag nutzen<\/title>\n<meta name=\"robots\" content=\"index, follow, max-snippet:-1, max-image-preview:large, max-video-preview:-1\" \/>\n<link rel=\"canonical\" href=\"https:\/\/blog.zhaw.ch\/iap\/2016\/01\/12\/koerperbild-und-psychische-stoerungen-haengen-zusammen\/\" \/>\n<meta property=\"og:locale\" content=\"de_DE\" \/>\n<meta property=\"og:type\" content=\"article\" \/>\n<meta property=\"og:title\" content=\"K\u00f6rperbild und psychische St\u00f6rungen h\u00e4ngen zusammen\" \/>\n<meta property=\"og:description\" content=\"Die DOK-Sendung vom 7. Januar erz\u00e4hlt von jungen Menschen, die viel Zeit, Geld und teils sogar ihre Gesundheit investieren, um so auszusehen, wie es ihnen ihr Idealbild diktiert. Marcel Sch\u00e4r, Professor f\u00fcr Psychologie und Psychotherapie am IAP, erkl\u00e4rt in der Sendung, dass Wohlbefinden, ein positives K\u00f6rperbild und psychische St\u00f6rungen in engem Zusammenhang stehen. F\u00fcr Interessierte [&hellip;]\" \/>\n<meta property=\"og:url\" content=\"https:\/\/blog.zhaw.ch\/iap\/2016\/01\/12\/koerperbild-und-psychische-stoerungen-haengen-zusammen\/\" \/>\n<meta property=\"og:site_name\" content=\"Psychologie im Alltag nutzen\" \/>\n<meta property=\"article:published_time\" content=\"2016-01-12T10:49:34+00:00\" \/>\n<meta property=\"og:image\" content=\"http:\/\/blog.zhaw.ch\/iap\/files\/2016\/01\/Marcel-Schaer.jpg\" \/>\n<meta name=\"author\" content=\"Redaktion\" \/>\n<meta name=\"twitter:card\" content=\"summary_large_image\" \/>\n<meta name=\"twitter:label1\" content=\"Verfasst von\" \/>\n\t<meta name=\"twitter:data1\" content=\"Redaktion\" \/>\n<script type=\"application\/ld+json\" class=\"yoast-schema-graph\">{\"@context\":\"https:\/\/schema.org\",\"@graph\":[{\"@type\":\"Article\",\"@id\":\"https:\/\/blog.zhaw.ch\/iap\/2016\/01\/12\/koerperbild-und-psychische-stoerungen-haengen-zusammen\/#article\",\"isPartOf\":{\"@id\":\"https:\/\/blog.zhaw.ch\/iap\/2016\/01\/12\/koerperbild-und-psychische-stoerungen-haengen-zusammen\/\"},\"author\":{\"name\":\"Redaktion\",\"@id\":\"https:\/\/blog.zhaw.ch\/iap\/#\/schema\/person\/4d4e456db800b0dcc51526c3417f57ed\"},\"headline\":\"K\u00f6rperbild und psychische St\u00f6rungen h\u00e4ngen zusammen\",\"datePublished\":\"2016-01-12T10:49:34+00:00\",\"mainEntityOfPage\":{\"@id\":\"https:\/\/blog.zhaw.ch\/iap\/2016\/01\/12\/koerperbild-und-psychische-stoerungen-haengen-zusammen\/\"},\"wordCount\":108,\"commentCount\":0,\"image\":{\"@id\":\"https:\/\/blog.zhaw.ch\/iap\/2016\/01\/12\/koerperbild-und-psychische-stoerungen-haengen-zusammen\/#primaryimage\"},\"thumbnailUrl\":\"http:\/\/blog.zhaw.ch\/iap\/files\/2016\/01\/Marcel-Schaer.jpg\",\"inLanguage\":\"de\",\"potentialAction\":[{\"@type\":\"CommentAction\",\"name\":\"Comment\",\"target\":[\"https:\/\/blog.zhaw.ch\/iap\/2016\/01\/12\/koerperbild-und-psychische-stoerungen-haengen-zusammen\/#respond\"]}]},{\"@type\":\"WebPage\",\"@id\":\"https:\/\/blog.zhaw.ch\/iap\/2016\/01\/12\/koerperbild-und-psychische-stoerungen-haengen-zusammen\/\",\"url\":\"https:\/\/blog.zhaw.ch\/iap\/2016\/01\/12\/koerperbild-und-psychische-stoerungen-haengen-zusammen\/\",\"name\":\"K\u00f6rperbild und psychische St\u00f6rungen h\u00e4ngen zusammen - Psychologie im Alltag nutzen\",\"isPartOf\":{\"@id\":\"https:\/\/blog.zhaw.ch\/iap\/#website\"},\"primaryImageOfPage\":{\"@id\":\"https:\/\/blog.zhaw.ch\/iap\/2016\/01\/12\/koerperbild-und-psychische-stoerungen-haengen-zusammen\/#primaryimage\"},\"image\":{\"@id\":\"https:\/\/blog.zhaw.ch\/iap\/2016\/01\/12\/koerperbild-und-psychische-stoerungen-haengen-zusammen\/#primaryimage\"},\"thumbnailUrl\":\"http:\/\/blog.zhaw.ch\/iap\/files\/2016\/01\/Marcel-Schaer.jpg\",\"datePublished\":\"2016-01-12T10:49:34+00:00\",\"author\":{\"@id\":\"https:\/\/blog.zhaw.ch\/iap\/#\/schema\/person\/4d4e456db800b0dcc51526c3417f57ed\"},\"breadcrumb\":{\"@id\":\"https:\/\/blog.zhaw.ch\/iap\/2016\/01\/12\/koerperbild-und-psychische-stoerungen-haengen-zusammen\/#breadcrumb\"},\"inLanguage\":\"de\",\"potentialAction\":[{\"@type\":\"ReadAction\",\"target\":[\"https:\/\/blog.zhaw.ch\/iap\/2016\/01\/12\/koerperbild-und-psychische-stoerungen-haengen-zusammen\/\"]}]},{\"@type\":\"ImageObject\",\"inLanguage\":\"de\",\"@id\":\"https:\/\/blog.zhaw.ch\/iap\/2016\/01\/12\/koerperbild-und-psychische-stoerungen-haengen-zusammen\/#primaryimage\",\"url\":\"http:\/\/blog.zhaw.ch\/iap\/files\/2016\/01\/Marcel-Schaer.jpg\",\"contentUrl\":\"http:\/\/blog.zhaw.ch\/iap\/files\/2016\/01\/Marcel-Schaer.jpg\"},{\"@type\":\"BreadcrumbList\",\"@id\":\"https:\/\/blog.zhaw.ch\/iap\/2016\/01\/12\/koerperbild-und-psychische-stoerungen-haengen-zusammen\/#breadcrumb\",\"itemListElement\":[{\"@type\":\"ListItem\",\"position\":1,\"name\":\"Startseite\",\"item\":\"https:\/\/blog.zhaw.ch\/iap\/\"},{\"@type\":\"ListItem\",\"position\":2,\"name\":\"K\u00f6rperbild und psychische St\u00f6rungen h\u00e4ngen zusammen\"}]},{\"@type\":\"WebSite\",\"@id\":\"https:\/\/blog.zhaw.ch\/iap\/#website\",\"url\":\"https:\/\/blog.zhaw.ch\/iap\/\",\"name\":\"Psychologie im Alltag nutzen\",\"description\":\"Ein Blog der ZHAW Z\u00fcrcher Hochschule f\u00fcr Angewandte Wissenschaften\",\"potentialAction\":[{\"@type\":\"SearchAction\",\"target\":{\"@type\":\"EntryPoint\",\"urlTemplate\":\"https:\/\/blog.zhaw.ch\/iap\/?s={search_term_string}\"},\"query-input\":{\"@type\":\"PropertyValueSpecification\",\"valueRequired\":true,\"valueName\":\"search_term_string\"}}],\"inLanguage\":\"de\"},{\"@type\":\"Person\",\"@id\":\"https:\/\/blog.zhaw.ch\/iap\/#\/schema\/person\/4d4e456db800b0dcc51526c3417f57ed\",\"name\":\"Redaktion\",\"image\":{\"@type\":\"ImageObject\",\"inLanguage\":\"de\",\"@id\":\"https:\/\/secure.gravatar.com\/avatar\/730160e5d0d4170155b5a6075757d2fcd5698658545111a9484b11e2822ca161?s=96&d=mm&r=g\",\"url\":\"https:\/\/secure.gravatar.com\/avatar\/730160e5d0d4170155b5a6075757d2fcd5698658545111a9484b11e2822ca161?s=96&d=mm&r=g\",\"contentUrl\":\"https:\/\/secure.gravatar.com\/avatar\/730160e5d0d4170155b5a6075757d2fcd5698658545111a9484b11e2822ca161?s=96&d=mm&r=g\",\"caption\":\"Redaktion\"},\"url\":\"https:\/\/blog.zhaw.ch\/iap\/author\/bolj\/\"}]}<\/script>\n<!-- \/ Yoast SEO Premium plugin. -->","yoast_head_json":{"title":"K\u00f6rperbild und psychische St\u00f6rungen h\u00e4ngen zusammen - Psychologie im Alltag nutzen","robots":{"index":"index","follow":"follow","max-snippet":"max-snippet:-1","max-image-preview":"max-image-preview:large","max-video-preview":"max-video-preview:-1"},"canonical":"https:\/\/blog.zhaw.ch\/iap\/2016\/01\/12\/koerperbild-und-psychische-stoerungen-haengen-zusammen\/","og_locale":"de_DE","og_type":"article","og_title":"K\u00f6rperbild und psychische St\u00f6rungen h\u00e4ngen zusammen","og_description":"Die DOK-Sendung vom 7. Januar erz\u00e4hlt von jungen Menschen, die viel Zeit, Geld und teils sogar ihre Gesundheit investieren, um so auszusehen, wie es ihnen ihr Idealbild diktiert. Marcel Sch\u00e4r, Professor f\u00fcr Psychologie und Psychotherapie am IAP, erkl\u00e4rt in der Sendung, dass Wohlbefinden, ein positives K\u00f6rperbild und psychische St\u00f6rungen in engem Zusammenhang stehen. F\u00fcr Interessierte [&hellip;]","og_url":"https:\/\/blog.zhaw.ch\/iap\/2016\/01\/12\/koerperbild-und-psychische-stoerungen-haengen-zusammen\/","og_site_name":"Psychologie im Alltag nutzen","article_published_time":"2016-01-12T10:49:34+00:00","og_image":[{"url":"http:\/\/blog.zhaw.ch\/iap\/files\/2016\/01\/Marcel-Schaer.jpg","type":"","width":"","height":""}],"author":"Redaktion","twitter_card":"summary_large_image","twitter_misc":{"Verfasst von":"Redaktion"},"schema":{"@context":"https:\/\/schema.org","@graph":[{"@type":"Article","@id":"https:\/\/blog.zhaw.ch\/iap\/2016\/01\/12\/koerperbild-und-psychische-stoerungen-haengen-zusammen\/#article","isPartOf":{"@id":"https:\/\/blog.zhaw.ch\/iap\/2016\/01\/12\/koerperbild-und-psychische-stoerungen-haengen-zusammen\/"},"author":{"name":"Redaktion","@id":"https:\/\/blog.zhaw.ch\/iap\/#\/schema\/person\/4d4e456db800b0dcc51526c3417f57ed"},"headline":"K\u00f6rperbild und psychische St\u00f6rungen h\u00e4ngen zusammen","datePublished":"2016-01-12T10:49:34+00:00","mainEntityOfPage":{"@id":"https:\/\/blog.zhaw.ch\/iap\/2016\/01\/12\/koerperbild-und-psychische-stoerungen-haengen-zusammen\/"},"wordCount":108,"commentCount":0,"image":{"@id":"https:\/\/blog.zhaw.ch\/iap\/2016\/01\/12\/koerperbild-und-psychische-stoerungen-haengen-zusammen\/#primaryimage"},"thumbnailUrl":"http:\/\/blog.zhaw.ch\/iap\/files\/2016\/01\/Marcel-Schaer.jpg","inLanguage":"de","potentialAction":[{"@type":"CommentAction","name":"Comment","target":["https:\/\/blog.zhaw.ch\/iap\/2016\/01\/12\/koerperbild-und-psychische-stoerungen-haengen-zusammen\/#respond"]}]},{"@type":"WebPage","@id":"https:\/\/blog.zhaw.ch\/iap\/2016\/01\/12\/koerperbild-und-psychische-stoerungen-haengen-zusammen\/","url":"https:\/\/blog.zhaw.ch\/iap\/2016\/01\/12\/koerperbild-und-psychische-stoerungen-haengen-zusammen\/","name":"K\u00f6rperbild und psychische St\u00f6rungen h\u00e4ngen zusammen - Psychologie im Alltag nutzen","isPartOf":{"@id":"https:\/\/blog.zhaw.ch\/iap\/#website"},"primaryImageOfPage":{"@id":"https:\/\/blog.zhaw.ch\/iap\/2016\/01\/12\/koerperbild-und-psychische-stoerungen-haengen-zusammen\/#primaryimage"},"image":{"@id":"https:\/\/blog.zhaw.ch\/iap\/2016\/01\/12\/koerperbild-und-psychische-stoerungen-haengen-zusammen\/#primaryimage"},"thumbnailUrl":"http:\/\/blog.zhaw.ch\/iap\/files\/2016\/01\/Marcel-Schaer.jpg","datePublished":"2016-01-12T10:49:34+00:00","author":{"@id":"https:\/\/blog.zhaw.ch\/iap\/#\/schema\/person\/4d4e456db800b0dcc51526c3417f57ed"},"breadcrumb":{"@id":"https:\/\/blog.zhaw.ch\/iap\/2016\/01\/12\/koerperbild-und-psychische-stoerungen-haengen-zusammen\/#breadcrumb"},"inLanguage":"de","potentialAction":[{"@type":"ReadAction","target":["https:\/\/blog.zhaw.ch\/iap\/2016\/01\/12\/koerperbild-und-psychische-stoerungen-haengen-zusammen\/"]}]},{"@type":"ImageObject","inLanguage":"de","@id":"https:\/\/blog.zhaw.ch\/iap\/2016\/01\/12\/koerperbild-und-psychische-stoerungen-haengen-zusammen\/#primaryimage","url":"http:\/\/blog.zhaw.ch\/iap\/files\/2016\/01\/Marcel-Schaer.jpg","contentUrl":"http:\/\/blog.zhaw.ch\/iap\/files\/2016\/01\/Marcel-Schaer.jpg"},{"@type":"BreadcrumbList","@id":"https:\/\/blog.zhaw.ch\/iap\/2016\/01\/12\/koerperbild-und-psychische-stoerungen-haengen-zusammen\/#breadcrumb","itemListElement":[{"@type":"ListItem","position":1,"name":"Startseite","item":"https:\/\/blog.zhaw.ch\/iap\/"},{"@type":"ListItem","position":2,"name":"K\u00f6rperbild und psychische St\u00f6rungen h\u00e4ngen zusammen"}]},{"@type":"WebSite","@id":"https:\/\/blog.zhaw.ch\/iap\/#website","url":"https:\/\/blog.zhaw.ch\/iap\/","name":"Psychologie im Alltag nutzen","description":"Ein Blog der ZHAW Z\u00fcrcher Hochschule f\u00fcr Angewandte Wissenschaften","potentialAction":[{"@type":"SearchAction","target":{"@type":"EntryPoint","urlTemplate":"https:\/\/blog.zhaw.ch\/iap\/?s={search_term_string}"},"query-input":{"@type":"PropertyValueSpecification","valueRequired":true,"valueName":"search_term_string"}}],"inLanguage":"de"},{"@type":"Person","@id":"https:\/\/blog.zhaw.ch\/iap\/#\/schema\/person\/4d4e456db800b0dcc51526c3417f57ed","name":"Redaktion","image":{"@type":"ImageObject","inLanguage":"de","@id":"https:\/\/secure.gravatar.com\/avatar\/730160e5d0d4170155b5a6075757d2fcd5698658545111a9484b11e2822ca161?s=96&d=mm&r=g","url":"https:\/\/secure.gravatar.com\/avatar\/730160e5d0d4170155b5a6075757d2fcd5698658545111a9484b11e2822ca161?s=96&d=mm&r=g","contentUrl":"https:\/\/secure.gravatar.com\/avatar\/730160e5d0d4170155b5a6075757d2fcd5698658545111a9484b11e2822ca161?s=96&d=mm&r=g","caption":"Redaktion"},"url":"https:\/\/blog.zhaw.ch\/iap\/author\/bolj\/"}]}},"_links":{"self":[{"href":"https:\/\/blog.zhaw.ch\/iap\/wp-json\/wp\/v2\/posts\/320","targetHints":{"allow":["GET"]}}],"collection":[{"href":"https:\/\/blog.zhaw.ch\/iap\/wp-json\/wp\/v2\/posts"}],"about":[{"href":"https:\/\/blog.zhaw.ch\/iap\/wp-json\/wp\/v2\/types\/post"}],"author":[{"embeddable":true,"href":"https:\/\/blog.zhaw.ch\/iap\/wp-json\/wp\/v2\/users\/223"}],"replies":[{"embeddable":true,"href":"https:\/\/blog.zhaw.ch\/iap\/wp-json\/wp\/v2\/comments?post=320"}],"version-history":[{"count":14,"href":"https:\/\/blog.zhaw.ch\/iap\/wp-json\/wp\/v2\/posts\/320\/revisions"}],"predecessor-version":[{"id":339,"href":"https:\/\/blog.zhaw.ch\/iap\/wp-json\/wp\/v2\/posts\/320\/revisions\/339"}],"wp:attachment":[{"href":"https:\/\/blog.zhaw.ch\/iap\/wp-json\/wp\/v2\/media?parent=320"}],"wp:term":[{"taxonomy":"category","embeddable":true,"href":"https:\/\/blog.zhaw.ch\/iap\/wp-json\/wp\/v2\/categories?post=320"},{"taxonomy":"post_tag","embeddable":true,"href":"https:\/\/blog.zhaw.ch\/iap\/wp-json\/wp\/v2\/tags?post=320"},{"taxonomy":"features","embeddable":true,"href":"https:\/\/blog.zhaw.ch\/iap\/wp-json\/wp\/v2\/features?post=320"}],"curies":[{"name":"wp","href":"https:\/\/api.w.org\/{rel}","templated":true}]}}