{"id":1939,"date":"2017-04-10T15:04:48","date_gmt":"2017-04-10T13:04:48","guid":{"rendered":"https:\/\/blog.zhaw.ch\/iap\/?p=1939"},"modified":"2017-07-07T22:44:22","modified_gmt":"2017-07-07T20:44:22","slug":"das-leben-danach","status":"publish","type":"post","link":"https:\/\/blog.zhaw.ch\/iap\/2017\/04\/10\/das-leben-danach\/","title":{"rendered":"Das Leben danach"},"content":{"rendered":"<p><em>Von Andreas K\u00fcttel, Skispring-Weltmeister<\/em><\/p>\n<p>Es ist nun ziemlich genau sechs Jahre her, seit ich meine Karriere als Spitzensportler beendet habe. Zu diesem Zeitpunkt war ich knapp 32 Jahre alt und hatte die letzten 16 Jahre auf der Weltcuptour der Skispringer verbracht. Obwohl sich Skispringen im In- und Ausland grosser Medienaufmerksamkeit erfreut, war es in jeder Phase meiner Karriere klar, dass der Sport nicht mein einziges Standbein sein kann, und ich war mir bewusst, dass meine Karriere auch viel fr\u00fcher h\u00e4tte enden k\u00f6nnen.<!--more--><\/p>\n<figure id=\"attachment_1944\" aria-describedby=\"caption-attachment-1944\" style=\"width: 231px\" class=\"wp-caption alignleft\"><a href=\"https:\/\/blog.zhaw.ch\/iap\/files\/2017\/04\/Kuettel-ist-Weltmeister_landung.jpg\"><img loading=\"lazy\" decoding=\"async\" class=\"wp-image-1944 size-medium\" src=\"https:\/\/blog.zhaw.ch\/iap\/files\/2017\/04\/Kuettel-ist-Weltmeister_landung-231x300.jpg\" alt=\"\" width=\"231\" height=\"300\" srcset=\"https:\/\/blog.zhaw.ch\/iap\/files\/2017\/04\/Kuettel-ist-Weltmeister_landung-231x300.jpg 231w, https:\/\/blog.zhaw.ch\/iap\/files\/2017\/04\/Kuettel-ist-Weltmeister_landung.jpg 739w\" sizes=\"auto, (max-width: 231px) 100vw, 231px\" \/><\/a><figcaption id=\"caption-attachment-1944\" class=\"wp-caption-text\">Andreas K\u00fcttel h\u00e4lt sein Publikum in Atem &#8211; bis zur sicheren Landung.<\/figcaption><\/figure>\n<p>Das Sportlehrerstudium welches ich 2006 an der ETH abgeschlossen habe half mir nicht nur, einen geistigen Ausgleich zum kopflastigen und mental fordernden Skispringsport zu finden, ich konnte auch viel Wissen in unseren Trainingsalltag einbringen und somit das gesamte System Skisprung Schweiz voranbringen. Skispringen hat sich durch das Training auf den Mattenschanzen mittlerweile zu einem Ganzjahressport entwickelt. Viele Jahre war ich mehr als 150 Tage unterwegs an Wettk\u00e4mpfen und in Trainingslagern. Es ist nicht verwunderlich, dass solch ein Lebensstil auch Auswirkungen hat auf Freundschaften und die Beziehung zum Partner. Daher \u00fcberrascht es auch nicht, dass sich der Lebensstil mit dem Ende der Sportkarriere (zwangsl\u00e4ufig) \u00e4ndert und eine Anpassung in verschiedensten Lebensbereichen n\u00f6tig ist.<\/p>\n<figure id=\"attachment_1941\" aria-describedby=\"caption-attachment-1941\" style=\"width: 240px\" class=\"wp-caption alignleft\"><a href=\"https:\/\/blog.zhaw.ch\/iap\/files\/2017\/04\/46497085.jpg\"><img loading=\"lazy\" decoding=\"async\" class=\"wp-image-1941\" src=\"https:\/\/blog.zhaw.ch\/iap\/files\/2017\/04\/46497085.jpg\" alt=\"\" width=\"240\" height=\"233\" srcset=\"https:\/\/blog.zhaw.ch\/iap\/files\/2017\/04\/46497085.jpg 1880w, https:\/\/blog.zhaw.ch\/iap\/files\/2017\/04\/46497085-300x292.jpg 300w, https:\/\/blog.zhaw.ch\/iap\/files\/2017\/04\/46497085-768x747.jpg 768w, https:\/\/blog.zhaw.ch\/iap\/files\/2017\/04\/46497085-1024x996.jpg 1024w\" sizes=\"auto, (max-width: 240px) 100vw, 240px\" \/><\/a><figcaption id=\"caption-attachment-1941\" class=\"wp-caption-text\">Gl\u00fccklich: World Cup in Engelberg am 23. Dezember 2007<\/figcaption><\/figure>\n<p>Da meine letzte Saison nicht von sportlichem Erfolg gekr\u00f6nt war, war gerade die Periode des Karriereendes ein Strudel der Gef\u00fchle. Einerseits empfand ich ein Gef\u00fchl der Erleichterung und die Vorfreude auf neue Aufgaben, andererseits entstand auch die Ungewissheit \u00fcber die nahe und ferne Zukunft, und \u00fcber allem stand der fade Nachgeschmack der verpatzten Saison. Ich hatte bereits vor meiner letzten Saison geplant, im Fr\u00fchling mit meiner Familie nach D\u00e4nemark auszuwandern. Das war nat\u00fcrlich eine mutige Entscheidung, welche nicht nur mit einer geographischen Umstellung verbunden war, sondern auch mit einer Ver\u00e4nderung meines n\u00e4chsten sozialen Umfeldes einherging.<\/p>\n<figure id=\"attachment_1947\" aria-describedby=\"caption-attachment-1947\" style=\"width: 240px\" class=\"wp-caption alignleft\"><a href=\"https:\/\/blog.zhaw.ch\/iap\/files\/2017\/04\/110315-Andreas-106.jpg\"><img loading=\"lazy\" decoding=\"async\" class=\"wp-image-1947\" src=\"https:\/\/blog.zhaw.ch\/iap\/files\/2017\/04\/110315-Andreas-106.jpg\" alt=\"\" width=\"240\" height=\"159\" srcset=\"https:\/\/blog.zhaw.ch\/iap\/files\/2017\/04\/110315-Andreas-106.jpg 1000w, https:\/\/blog.zhaw.ch\/iap\/files\/2017\/04\/110315-Andreas-106-300x199.jpg 300w, https:\/\/blog.zhaw.ch\/iap\/files\/2017\/04\/110315-Andreas-106-768x510.jpg 768w\" sizes=\"auto, (max-width: 240px) 100vw, 240px\" \/><\/a><figcaption id=\"caption-attachment-1947\" class=\"wp-caption-text\">In Balance bleiben ist alles&#8230;..<\/figcaption><\/figure>\n<p>Bevor wir unsere Siebensachen in den Z\u00fcgelwagen packten, organisierte ich eine Abschiedsfeier bei der ich Verwandte, ehemalige Weggef\u00e4hrten, fr\u00fchere Trainer und Leute, welche mich auf andere Weise unterst\u00fctzt und begleitet hatten, einlud. Es war mir wichtig, danke zu sagen und das Karriereende w\u00fcrdig zu feiern. So was w\u00fcrde ich eigentlich jedem Athleten und jeder Athletin empfehlen, wenn der Abschied vom Spitzensport ansteht!<\/p>\n<figure id=\"attachment_1950\" aria-describedby=\"caption-attachment-1950\" style=\"width: 240px\" class=\"wp-caption alignleft\"><a href=\"https:\/\/blog.zhaw.ch\/iap\/files\/2017\/04\/46623580-Kopie.jpg\"><img loading=\"lazy\" decoding=\"async\" class=\"wp-image-1950\" src=\"https:\/\/blog.zhaw.ch\/iap\/files\/2017\/04\/46623580-Kopie.jpg\" alt=\"\" width=\"240\" height=\"160\" srcset=\"https:\/\/blog.zhaw.ch\/iap\/files\/2017\/04\/46623580-Kopie.jpg 1000w, https:\/\/blog.zhaw.ch\/iap\/files\/2017\/04\/46623580-Kopie-300x200.jpg 300w, https:\/\/blog.zhaw.ch\/iap\/files\/2017\/04\/46623580-Kopie-768x511.jpg 768w\" sizes=\"auto, (max-width: 240px) 100vw, 240px\" \/><\/a><figcaption id=\"caption-attachment-1950\" class=\"wp-caption-text\">Extrameile vor dem Wettkampf-Sprung: Aufstieg \u00fcber die Treppe, weil der Lift nicht funktionierte.<\/figcaption><\/figure>\n<p>Weiterhin hat mir die Entstehung des gemeinsamen Buches mit Simon Amman \u00abDie ungleichen Zwillinge\u00bb geholfen, meine Laufbahn als Ganzes zu betrachten, die Spitzensportkarriere als abgeschlossenes Kapitel zu akzeptieren und somit den Fokus auf neue Aufgaben zu lenken. W\u00e4hrend der ausgedehnten Interviews mit dem Buchautor wurde mir erst wieder bewusst, wie viel wir eigentlich in den letzten Jahren erlebt hatten, wie wir den Skispringsport national und international mitgepr\u00e4gt haben und wie viele wertvolle Erfahrungen ich machen durfte durch meinen Sport. Somit war das Buchprojekt eine Art \u00abPsycho-Hygiene\u00bb, ohne dass ich jedoch das Gef\u00fchl hatte, jemandem mein Herz aussch\u00fctten zu m\u00fcssen.<\/p>\n<p>&nbsp;<\/p>\n<figure id=\"attachment_1946\" aria-describedby=\"caption-attachment-1946\" style=\"width: 240px\" class=\"wp-caption alignleft\"><a href=\"https:\/\/blog.zhaw.ch\/iap\/files\/2017\/04\/110315-Andreas-120_Bildgr\u00f6\u00dfe-\u00e4ndern-Kopie.jpg\"><img loading=\"lazy\" decoding=\"async\" class=\"wp-image-1946\" src=\"https:\/\/blog.zhaw.ch\/iap\/files\/2017\/04\/110315-Andreas-120_Bildgr\u00f6\u00dfe-\u00e4ndern-Kopie.jpg\" alt=\"\" width=\"240\" height=\"159\" srcset=\"https:\/\/blog.zhaw.ch\/iap\/files\/2017\/04\/110315-Andreas-120_Bildgr\u00f6\u00dfe-\u00e4ndern-Kopie.jpg 800w, https:\/\/blog.zhaw.ch\/iap\/files\/2017\/04\/110315-Andreas-120_Bildgr\u00f6\u00dfe-\u00e4ndern-Kopie-300x199.jpg 300w, https:\/\/blog.zhaw.ch\/iap\/files\/2017\/04\/110315-Andreas-120_Bildgr\u00f6\u00dfe-\u00e4ndern-Kopie-768x510.jpg 768w\" sizes=\"auto, (max-width: 240px) 100vw, 240px\" \/><\/a><figcaption id=\"caption-attachment-1946\" class=\"wp-caption-text\">Andreas K\u00fcttel nimmt Abschied vom Spitzensport im Kreis der Freunde.<\/figcaption><\/figure>\n<p>Die letzten drei Jahre habe ich mich dann auch&nbsp;forschungsm\u00e4ssig intensiv mit dem Thema Karriere\u00fcbergang nach dem Spitzensport besch\u00e4ftigt. Gerade habe ich meine Doktorarbeit \u00abKompetenzen im \u00dcbergang in die Berufswelt\u00bb an der Universit\u00e4t in Odense (D\u00e4nemark) abgeschlossen und werde anfangs Mai zur \u00abVerteidigung\u00bb antreten. Bei dieser Doktorarbeit ging es darum herauszufinden, inwiefern der nationale Kontext, das Sportsystem und die Programme, welche den Spitzensportlern im jeweiligen Land zur Verf\u00fcgung stehen, den Karriere\u00fcbergang beeinflussen und welche Auswirkungen dies auf das \u00abLeben danach\u00bb hat. Dazu habe ich in der Schweiz, D\u00e4nemark und Polen mit ehemaligen Spitzensportlern viele Daten gesammelt und ausserdem Interviews mit Experten gef\u00fchrt, welche im Karriere-Support der Athleten t\u00e4tig sind. Die Resultate deuten darauf hin, dass das nationale Milieu einen wesentlichen Einfluss hat, gerade wenn es darum geht, Ausbildung und Spitzensport (die sogenannte \u00abdual career\u00bb) zu vereinen. Einige Resultate dieser komparativen Studie werde ich am 17. Mai 2017 an der <a href=\"https:\/\/www.zhaw.ch\/de\/psychologie\/institute\/iap\/veranstaltungen\/fachveranstaltungen\/iap-veranstaltung-laufbahnen-im-sport\/\">IAP Fachtagung Laufbahnen im Sport \u2013 \u00ab\u00dcberg\u00e4nge ins Leben nach dem Leistungssport\u00bb<\/a> pr\u00e4sentieren.<\/p>\n<p>Ich w\u00fcrde mich freuen, wenn viele Interessierte an dieser Tagung teilnehmen, um dieses wichtige und aktuelle Thema zu diskutieren.<\/p>\n<hr>\n<p><strong>IAP Fachtagung Laufbahnen im Sport am 17. Mai 2017&nbsp;<\/strong><br \/>\nSollen junge Sport-Talente einseitig auf den Sport setzen oder parallel eine schulische und zweite berufliche Laufbahn verfolgen? Die Fachtagung widmet sich dem Thema \u00ab\u00dcberg\u00e4nge ins Leben nach dem Leistungssport\u00bb. Referenten\/-innen sind der Skispring-Weltmeister Andreas K\u00fcttel, die ehemalige Synchronschwimmerin Daniela Torre von Swiss Olympic sowie der fr\u00fchere Tischtennis-Nationalspieler und heutige Berufs-, Studien- &amp; Laufbahnberater Marc Schreiber vom IAP. Die Tagung wird in Zusammenarbeit mit Swiss Olympic durchgef\u00fchrt. Weitere Informationen unter <a href=\"https:\/\/www.zhaw.ch\/de\/psychologie\/institute\/iap\/veranstaltungen\/fachveranstaltungen\/iap-veranstaltung-laufbahnen-im-sport\/\">www.zhaw.ch\/iap\/sportlaufbahn<\/a><\/p>\n","protected":false},"excerpt":{"rendered":"<p>Von Andreas K\u00fcttel, Skispring-Weltmeister Es ist nun ziemlich genau sechs Jahre her, seit ich meine Karriere als Spitzensportler beendet habe. Zu diesem Zeitpunkt war ich knapp 32 Jahre alt und hatte die letzten 16 Jahre auf der Weltcuptour der Skispringer verbracht. Obwohl sich Skispringen im In- und Ausland grosser Medienaufmerksamkeit erfreut, war es in jeder [&hellip;]<\/p>\n","protected":false},"author":223,"featured_media":1945,"comment_status":"open","ping_status":"open","sticky":false,"template":"","format":"standard","meta":{"ngg_post_thumbnail":0,"footnotes":""},"categories":[1],"tags":[],"features":[],"class_list":["post-1939","post","type-post","status-publish","format-standard","has-post-thumbnail","hentry","category-allgemein"],"yoast_head":"<!-- This site is optimized with the Yoast SEO Premium plugin v27.2 (Yoast SEO v27.2) - https:\/\/yoast.com\/product\/yoast-seo-premium-wordpress\/ -->\n<title>Das Leben danach - Psychologie im Alltag nutzen<\/title>\n<meta name=\"robots\" content=\"index, follow, max-snippet:-1, max-image-preview:large, max-video-preview:-1\" \/>\n<link rel=\"canonical\" href=\"https:\/\/blog.zhaw.ch\/iap\/2017\/04\/10\/das-leben-danach\/\" \/>\n<meta property=\"og:locale\" content=\"de_DE\" \/>\n<meta property=\"og:type\" content=\"article\" \/>\n<meta property=\"og:title\" content=\"Das Leben danach\" \/>\n<meta property=\"og:description\" content=\"Von Andreas K\u00fcttel, Skispring-Weltmeister Es ist nun ziemlich genau sechs Jahre her, seit ich meine Karriere als Spitzensportler beendet habe. Zu diesem Zeitpunkt war ich knapp 32 Jahre alt und hatte die letzten 16 Jahre auf der Weltcuptour der Skispringer verbracht. Obwohl sich Skispringen im In- und Ausland grosser Medienaufmerksamkeit erfreut, war es in jeder [&hellip;]\" \/>\n<meta property=\"og:url\" content=\"https:\/\/blog.zhaw.ch\/iap\/2017\/04\/10\/das-leben-danach\/\" \/>\n<meta property=\"og:site_name\" content=\"Psychologie im Alltag nutzen\" \/>\n<meta property=\"article:published_time\" content=\"2017-04-10T13:04:48+00:00\" \/>\n<meta property=\"article:modified_time\" content=\"2017-07-07T20:44:22+00:00\" \/>\n<meta property=\"og:image\" content=\"https:\/\/blog.zhaw.ch\/iap\/files\/2017\/04\/SKI-KUETTEL_RI_6992-Kopie.jpg\" \/>\n\t<meta property=\"og:image:width\" content=\"1000\" \/>\n\t<meta property=\"og:image:height\" content=\"640\" \/>\n\t<meta property=\"og:image:type\" content=\"image\/jpeg\" \/>\n<meta name=\"author\" content=\"Redaktion\" \/>\n<meta name=\"twitter:card\" content=\"summary_large_image\" \/>\n<meta name=\"twitter:label1\" content=\"Verfasst von\" \/>\n\t<meta name=\"twitter:data1\" content=\"Redaktion\" \/>\n\t<meta name=\"twitter:label2\" content=\"Gesch\u00e4tzte Lesezeit\" \/>\n\t<meta name=\"twitter:data2\" content=\"4\u00a0Minuten\" \/>\n<script type=\"application\/ld+json\" class=\"yoast-schema-graph\">{\"@context\":\"https:\/\/schema.org\",\"@graph\":[{\"@type\":\"Article\",\"@id\":\"https:\/\/blog.zhaw.ch\/iap\/2017\/04\/10\/das-leben-danach\/#article\",\"isPartOf\":{\"@id\":\"https:\/\/blog.zhaw.ch\/iap\/2017\/04\/10\/das-leben-danach\/\"},\"author\":{\"name\":\"Redaktion\",\"@id\":\"https:\/\/blog.zhaw.ch\/iap\/#\/schema\/person\/4d4e456db800b0dcc51526c3417f57ed\"},\"headline\":\"Das Leben danach\",\"datePublished\":\"2017-04-10T13:04:48+00:00\",\"dateModified\":\"2017-07-07T20:44:22+00:00\",\"mainEntityOfPage\":{\"@id\":\"https:\/\/blog.zhaw.ch\/iap\/2017\/04\/10\/das-leben-danach\/\"},\"wordCount\":841,\"commentCount\":0,\"image\":{\"@id\":\"https:\/\/blog.zhaw.ch\/iap\/2017\/04\/10\/das-leben-danach\/#primaryimage\"},\"thumbnailUrl\":\"https:\/\/blog.zhaw.ch\/iap\/files\/2017\/04\/SKI-KUETTEL_RI_6992-Kopie.jpg\",\"inLanguage\":\"de\",\"potentialAction\":[{\"@type\":\"CommentAction\",\"name\":\"Comment\",\"target\":[\"https:\/\/blog.zhaw.ch\/iap\/2017\/04\/10\/das-leben-danach\/#respond\"]}]},{\"@type\":\"WebPage\",\"@id\":\"https:\/\/blog.zhaw.ch\/iap\/2017\/04\/10\/das-leben-danach\/\",\"url\":\"https:\/\/blog.zhaw.ch\/iap\/2017\/04\/10\/das-leben-danach\/\",\"name\":\"Das Leben danach - Psychologie im Alltag nutzen\",\"isPartOf\":{\"@id\":\"https:\/\/blog.zhaw.ch\/iap\/#website\"},\"primaryImageOfPage\":{\"@id\":\"https:\/\/blog.zhaw.ch\/iap\/2017\/04\/10\/das-leben-danach\/#primaryimage\"},\"image\":{\"@id\":\"https:\/\/blog.zhaw.ch\/iap\/2017\/04\/10\/das-leben-danach\/#primaryimage\"},\"thumbnailUrl\":\"https:\/\/blog.zhaw.ch\/iap\/files\/2017\/04\/SKI-KUETTEL_RI_6992-Kopie.jpg\",\"datePublished\":\"2017-04-10T13:04:48+00:00\",\"dateModified\":\"2017-07-07T20:44:22+00:00\",\"author\":{\"@id\":\"https:\/\/blog.zhaw.ch\/iap\/#\/schema\/person\/4d4e456db800b0dcc51526c3417f57ed\"},\"breadcrumb\":{\"@id\":\"https:\/\/blog.zhaw.ch\/iap\/2017\/04\/10\/das-leben-danach\/#breadcrumb\"},\"inLanguage\":\"de\",\"potentialAction\":[{\"@type\":\"ReadAction\",\"target\":[\"https:\/\/blog.zhaw.ch\/iap\/2017\/04\/10\/das-leben-danach\/\"]}]},{\"@type\":\"ImageObject\",\"inLanguage\":\"de\",\"@id\":\"https:\/\/blog.zhaw.ch\/iap\/2017\/04\/10\/das-leben-danach\/#primaryimage\",\"url\":\"https:\/\/blog.zhaw.ch\/iap\/files\/2017\/04\/SKI-KUETTEL_RI_6992-Kopie.jpg\",\"contentUrl\":\"https:\/\/blog.zhaw.ch\/iap\/files\/2017\/04\/SKI-KUETTEL_RI_6992-Kopie.jpg\",\"width\":1000,\"height\":640,\"caption\":\"Der Schweizer Skispringer Andreas Kuettel in Aktion, aufgenommen am Samstag, 6. Januar 2007, anlaesslich der Qualifikation zum 4. Springen bei der 55. Vierschanzentournee im Oesterreischischen Bischofshofen. Die beiden Schweizer Simon Ammann und Andreas Kuettel gehen als jeweils Drittplazierte in das letzte Springen von morgen Sonntag. (KEYSTONE\/Eddy Risch)\"},{\"@type\":\"BreadcrumbList\",\"@id\":\"https:\/\/blog.zhaw.ch\/iap\/2017\/04\/10\/das-leben-danach\/#breadcrumb\",\"itemListElement\":[{\"@type\":\"ListItem\",\"position\":1,\"name\":\"Startseite\",\"item\":\"https:\/\/blog.zhaw.ch\/iap\/\"},{\"@type\":\"ListItem\",\"position\":2,\"name\":\"Das Leben danach\"}]},{\"@type\":\"WebSite\",\"@id\":\"https:\/\/blog.zhaw.ch\/iap\/#website\",\"url\":\"https:\/\/blog.zhaw.ch\/iap\/\",\"name\":\"Psychologie im Alltag nutzen\",\"description\":\"Ein Blog der ZHAW Z\u00fcrcher Hochschule f\u00fcr Angewandte Wissenschaften\",\"potentialAction\":[{\"@type\":\"SearchAction\",\"target\":{\"@type\":\"EntryPoint\",\"urlTemplate\":\"https:\/\/blog.zhaw.ch\/iap\/?s={search_term_string}\"},\"query-input\":{\"@type\":\"PropertyValueSpecification\",\"valueRequired\":true,\"valueName\":\"search_term_string\"}}],\"inLanguage\":\"de\"},{\"@type\":\"Person\",\"@id\":\"https:\/\/blog.zhaw.ch\/iap\/#\/schema\/person\/4d4e456db800b0dcc51526c3417f57ed\",\"name\":\"Redaktion\",\"image\":{\"@type\":\"ImageObject\",\"inLanguage\":\"de\",\"@id\":\"https:\/\/secure.gravatar.com\/avatar\/730160e5d0d4170155b5a6075757d2fcd5698658545111a9484b11e2822ca161?s=96&d=mm&r=g\",\"url\":\"https:\/\/secure.gravatar.com\/avatar\/730160e5d0d4170155b5a6075757d2fcd5698658545111a9484b11e2822ca161?s=96&d=mm&r=g\",\"contentUrl\":\"https:\/\/secure.gravatar.com\/avatar\/730160e5d0d4170155b5a6075757d2fcd5698658545111a9484b11e2822ca161?s=96&d=mm&r=g\",\"caption\":\"Redaktion\"},\"url\":\"https:\/\/blog.zhaw.ch\/iap\/author\/bolj\/\"}]}<\/script>\n<!-- \/ Yoast SEO Premium plugin. -->","yoast_head_json":{"title":"Das Leben danach - Psychologie im Alltag nutzen","robots":{"index":"index","follow":"follow","max-snippet":"max-snippet:-1","max-image-preview":"max-image-preview:large","max-video-preview":"max-video-preview:-1"},"canonical":"https:\/\/blog.zhaw.ch\/iap\/2017\/04\/10\/das-leben-danach\/","og_locale":"de_DE","og_type":"article","og_title":"Das Leben danach","og_description":"Von Andreas K\u00fcttel, Skispring-Weltmeister Es ist nun ziemlich genau sechs Jahre her, seit ich meine Karriere als Spitzensportler beendet habe. Zu diesem Zeitpunkt war ich knapp 32 Jahre alt und hatte die letzten 16 Jahre auf der Weltcuptour der Skispringer verbracht. Obwohl sich Skispringen im In- und Ausland grosser Medienaufmerksamkeit erfreut, war es in jeder [&hellip;]","og_url":"https:\/\/blog.zhaw.ch\/iap\/2017\/04\/10\/das-leben-danach\/","og_site_name":"Psychologie im Alltag nutzen","article_published_time":"2017-04-10T13:04:48+00:00","article_modified_time":"2017-07-07T20:44:22+00:00","og_image":[{"width":1000,"height":640,"url":"https:\/\/blog.zhaw.ch\/iap\/files\/2017\/04\/SKI-KUETTEL_RI_6992-Kopie.jpg","type":"image\/jpeg"}],"author":"Redaktion","twitter_card":"summary_large_image","twitter_misc":{"Verfasst von":"Redaktion","Gesch\u00e4tzte Lesezeit":"4\u00a0Minuten"},"schema":{"@context":"https:\/\/schema.org","@graph":[{"@type":"Article","@id":"https:\/\/blog.zhaw.ch\/iap\/2017\/04\/10\/das-leben-danach\/#article","isPartOf":{"@id":"https:\/\/blog.zhaw.ch\/iap\/2017\/04\/10\/das-leben-danach\/"},"author":{"name":"Redaktion","@id":"https:\/\/blog.zhaw.ch\/iap\/#\/schema\/person\/4d4e456db800b0dcc51526c3417f57ed"},"headline":"Das Leben danach","datePublished":"2017-04-10T13:04:48+00:00","dateModified":"2017-07-07T20:44:22+00:00","mainEntityOfPage":{"@id":"https:\/\/blog.zhaw.ch\/iap\/2017\/04\/10\/das-leben-danach\/"},"wordCount":841,"commentCount":0,"image":{"@id":"https:\/\/blog.zhaw.ch\/iap\/2017\/04\/10\/das-leben-danach\/#primaryimage"},"thumbnailUrl":"https:\/\/blog.zhaw.ch\/iap\/files\/2017\/04\/SKI-KUETTEL_RI_6992-Kopie.jpg","inLanguage":"de","potentialAction":[{"@type":"CommentAction","name":"Comment","target":["https:\/\/blog.zhaw.ch\/iap\/2017\/04\/10\/das-leben-danach\/#respond"]}]},{"@type":"WebPage","@id":"https:\/\/blog.zhaw.ch\/iap\/2017\/04\/10\/das-leben-danach\/","url":"https:\/\/blog.zhaw.ch\/iap\/2017\/04\/10\/das-leben-danach\/","name":"Das Leben danach - Psychologie im Alltag nutzen","isPartOf":{"@id":"https:\/\/blog.zhaw.ch\/iap\/#website"},"primaryImageOfPage":{"@id":"https:\/\/blog.zhaw.ch\/iap\/2017\/04\/10\/das-leben-danach\/#primaryimage"},"image":{"@id":"https:\/\/blog.zhaw.ch\/iap\/2017\/04\/10\/das-leben-danach\/#primaryimage"},"thumbnailUrl":"https:\/\/blog.zhaw.ch\/iap\/files\/2017\/04\/SKI-KUETTEL_RI_6992-Kopie.jpg","datePublished":"2017-04-10T13:04:48+00:00","dateModified":"2017-07-07T20:44:22+00:00","author":{"@id":"https:\/\/blog.zhaw.ch\/iap\/#\/schema\/person\/4d4e456db800b0dcc51526c3417f57ed"},"breadcrumb":{"@id":"https:\/\/blog.zhaw.ch\/iap\/2017\/04\/10\/das-leben-danach\/#breadcrumb"},"inLanguage":"de","potentialAction":[{"@type":"ReadAction","target":["https:\/\/blog.zhaw.ch\/iap\/2017\/04\/10\/das-leben-danach\/"]}]},{"@type":"ImageObject","inLanguage":"de","@id":"https:\/\/blog.zhaw.ch\/iap\/2017\/04\/10\/das-leben-danach\/#primaryimage","url":"https:\/\/blog.zhaw.ch\/iap\/files\/2017\/04\/SKI-KUETTEL_RI_6992-Kopie.jpg","contentUrl":"https:\/\/blog.zhaw.ch\/iap\/files\/2017\/04\/SKI-KUETTEL_RI_6992-Kopie.jpg","width":1000,"height":640,"caption":"Der Schweizer Skispringer Andreas Kuettel in Aktion, aufgenommen am Samstag, 6. Januar 2007, anlaesslich der Qualifikation zum 4. Springen bei der 55. Vierschanzentournee im Oesterreischischen Bischofshofen. Die beiden Schweizer Simon Ammann und Andreas Kuettel gehen als jeweils Drittplazierte in das letzte Springen von morgen Sonntag. (KEYSTONE\/Eddy Risch)"},{"@type":"BreadcrumbList","@id":"https:\/\/blog.zhaw.ch\/iap\/2017\/04\/10\/das-leben-danach\/#breadcrumb","itemListElement":[{"@type":"ListItem","position":1,"name":"Startseite","item":"https:\/\/blog.zhaw.ch\/iap\/"},{"@type":"ListItem","position":2,"name":"Das Leben danach"}]},{"@type":"WebSite","@id":"https:\/\/blog.zhaw.ch\/iap\/#website","url":"https:\/\/blog.zhaw.ch\/iap\/","name":"Psychologie im Alltag nutzen","description":"Ein Blog der ZHAW Z\u00fcrcher Hochschule f\u00fcr Angewandte Wissenschaften","potentialAction":[{"@type":"SearchAction","target":{"@type":"EntryPoint","urlTemplate":"https:\/\/blog.zhaw.ch\/iap\/?s={search_term_string}"},"query-input":{"@type":"PropertyValueSpecification","valueRequired":true,"valueName":"search_term_string"}}],"inLanguage":"de"},{"@type":"Person","@id":"https:\/\/blog.zhaw.ch\/iap\/#\/schema\/person\/4d4e456db800b0dcc51526c3417f57ed","name":"Redaktion","image":{"@type":"ImageObject","inLanguage":"de","@id":"https:\/\/secure.gravatar.com\/avatar\/730160e5d0d4170155b5a6075757d2fcd5698658545111a9484b11e2822ca161?s=96&d=mm&r=g","url":"https:\/\/secure.gravatar.com\/avatar\/730160e5d0d4170155b5a6075757d2fcd5698658545111a9484b11e2822ca161?s=96&d=mm&r=g","contentUrl":"https:\/\/secure.gravatar.com\/avatar\/730160e5d0d4170155b5a6075757d2fcd5698658545111a9484b11e2822ca161?s=96&d=mm&r=g","caption":"Redaktion"},"url":"https:\/\/blog.zhaw.ch\/iap\/author\/bolj\/"}]}},"_links":{"self":[{"href":"https:\/\/blog.zhaw.ch\/iap\/wp-json\/wp\/v2\/posts\/1939","targetHints":{"allow":["GET"]}}],"collection":[{"href":"https:\/\/blog.zhaw.ch\/iap\/wp-json\/wp\/v2\/posts"}],"about":[{"href":"https:\/\/blog.zhaw.ch\/iap\/wp-json\/wp\/v2\/types\/post"}],"author":[{"embeddable":true,"href":"https:\/\/blog.zhaw.ch\/iap\/wp-json\/wp\/v2\/users\/223"}],"replies":[{"embeddable":true,"href":"https:\/\/blog.zhaw.ch\/iap\/wp-json\/wp\/v2\/comments?post=1939"}],"version-history":[{"count":13,"href":"https:\/\/blog.zhaw.ch\/iap\/wp-json\/wp\/v2\/posts\/1939\/revisions"}],"predecessor-version":[{"id":2265,"href":"https:\/\/blog.zhaw.ch\/iap\/wp-json\/wp\/v2\/posts\/1939\/revisions\/2265"}],"wp:featuredmedia":[{"embeddable":true,"href":"https:\/\/blog.zhaw.ch\/iap\/wp-json\/wp\/v2\/media\/1945"}],"wp:attachment":[{"href":"https:\/\/blog.zhaw.ch\/iap\/wp-json\/wp\/v2\/media?parent=1939"}],"wp:term":[{"taxonomy":"category","embeddable":true,"href":"https:\/\/blog.zhaw.ch\/iap\/wp-json\/wp\/v2\/categories?post=1939"},{"taxonomy":"post_tag","embeddable":true,"href":"https:\/\/blog.zhaw.ch\/iap\/wp-json\/wp\/v2\/tags?post=1939"},{"taxonomy":"features","embeddable":true,"href":"https:\/\/blog.zhaw.ch\/iap\/wp-json\/wp\/v2\/features?post=1939"}],"curies":[{"name":"wp","href":"https:\/\/api.w.org\/{rel}","templated":true}]}}