{"id":1605,"date":"2017-01-12T13:12:50","date_gmt":"2017-01-12T12:12:50","guid":{"rendered":"https:\/\/blog.zhaw.ch\/iap\/?p=1605"},"modified":"2017-09-28T10:39:29","modified_gmt":"2017-09-28T08:39:29","slug":"5-fragen-an-heidi-foertsch","status":"publish","type":"post","link":"https:\/\/blog.zhaw.ch\/iap\/2017\/01\/12\/5-fragen-an-heidi-foertsch\/","title":{"rendered":"Pers\u00f6nlich: Heidi F\u00f6rtsch"},"content":{"rendered":"<p><strong><a href=\"https:\/\/blog.zhaw.ch\/iap\/files\/2016\/12\/HeidiWirth_5738.jpg\"><img loading=\"lazy\" decoding=\"async\" class=\"alignleft size-full wp-image-1606\" src=\"https:\/\/blog.zhaw.ch\/iap\/files\/2016\/12\/HeidiWirth_5738.jpg\" alt=\"\" width=\"300\" height=\"300\" srcset=\"https:\/\/blog.zhaw.ch\/iap\/files\/2016\/12\/HeidiWirth_5738.jpg 300w, https:\/\/blog.zhaw.ch\/iap\/files\/2016\/12\/HeidiWirth_5738-150x150.jpg 150w\" sizes=\"auto, (max-width: 300px) 100vw, 300px\" \/><\/a><\/strong><\/p>\n<p><em>Heidi F\u00f6rtsch wurde in der Theaterstadt Meiningen in Deutschland geboren und lebt seit 2009 in der Schweiz. Seit 2015 arbeitet sie als Koordinatorin am IAP Institut f\u00fcr Angewandte Psychologie.<\/em><\/p>\n<p><strong>Heidi, du arbeitest im Bereich Weiterbildung in Klinischer Psychologie und Psychotherapie am IAP. Was macht dir an deiner Arbeit am meisten Spass? <\/strong><\/p>\n<p>Die Leute, der gemeinsame Weg und das gemeinsame Ziel. Ich komme urspr\u00fcnglich aus der Hotellerie und bin nun in der Psychologie angekommen. Ich arbeite hier als Koordinatorin. Man darf nicht untersch\u00e4tzen, wie vielf\u00e4ltig das ist. Wir begleiten die Weiterbildungsteilnehmenden vom ersten Tag an: Vom Anmeldedossier bis zur Aufnahme zum Studienstart, w\u00e4hrend des Studiums, bis hin zum Abschluss, wenn wir f\u00fcr ihn oder sie das Diplom drucken.<\/p>\n<p><strong>Wo warst du vorher t\u00e4tig? <\/strong><\/p>\n<p>Ich war im Romantik Seehotel Sonne in K\u00fcsnacht und habe dort Events, Bankette, Hochzeiten, Taufen und Geburtstage organisiert. Zu meiner jetzigen T\u00e4tigkeit hat das sehr viele Parallelen: Man trifft auf verschiedene Charaktere und ist nah an den Menschen. Auch der Dienstleistungsgedanke steht bei beiden T\u00e4tigkeiten ganz weit im Vordergrund. Und zu guter Letzt ist da das Feedback: Fr\u00fcher geschah das in Form einer R\u00fcckmeldung des Gastes, der das Hochzeitsfest toll fand, heute ist es der Weiterbildungsteilnehmer oder die -teilnehmerin, die sich f\u00fcr die schnelle Bearbeitung und die Unterst\u00fctzung bedanken.<\/p>\n<p><strong>Zu einigen Lehrg\u00e4ngen am IAP geh\u00f6rt eine Bildungsreise. Dieses Jahr warst du dabei und hast ein Video dar\u00fcber gedreht&#8230;.<\/strong><\/p>\n<p>Ja, ich bin im Modul Interkulturelle Kompetenz als Administratorin f\u00fcr die Bildungsreise nach Frankreich miteingebunden. Wir wollten diese Bildungsreisen nun mit Video unterst\u00fctzen und begleiten. Das ist f\u00fcr uns Administratoren eine neue Herausforderung. Ich selbst bin noch kein Tech-Crack. Aber ich denke, es f\u00fchrt kein Weg an der Integration von digitalen Medien vorbei. Am letzten Weihnachtsanlass wurden zwei meiner Kolleginnen ausgezeichnet, weil sie ein Video zum Thema Diversity am Departement Psychologie der ZHAW gedreht haben. Es war toll. Sie haben es mit Musik unterlegt, mit verschiedenen Einstellungen und Geschwindigkeiten gearbeitet. Ich habe das gesehen und gedacht: W\u00e4re cool, wenn du das auch kannst. Das war f\u00fcr mich ein Impuls, mich der Sache noch ein bisschen offener gegen\u00fcberzustellen und mich den neuen Medien nicht zu verschliessen.<\/p>\n<figure id=\"attachment_1607\" aria-describedby=\"caption-attachment-1607\" style=\"width: 230px\" class=\"wp-caption alignleft\"><a href=\"https:\/\/blog.zhaw.ch\/iap\/files\/2016\/12\/IMG_6485.jpg\"><img loading=\"lazy\" decoding=\"async\" class=\"wp-image-1607\" src=\"https:\/\/blog.zhaw.ch\/iap\/files\/2016\/12\/IMG_6485-1024x768.jpg\" alt=\"Heidi im B\u00fcro am Telefon\" width=\"230\" height=\"173\" srcset=\"https:\/\/blog.zhaw.ch\/iap\/files\/2016\/12\/IMG_6485-1024x768.jpg 1024w, https:\/\/blog.zhaw.ch\/iap\/files\/2016\/12\/IMG_6485-300x225.jpg 300w, https:\/\/blog.zhaw.ch\/iap\/files\/2016\/12\/IMG_6485-768x576.jpg 768w, https:\/\/blog.zhaw.ch\/iap\/files\/2016\/12\/IMG_6485.jpg 1632w\" sizes=\"auto, (max-width: 230px) 100vw, 230px\" \/><\/a><figcaption id=\"caption-attachment-1607\" class=\"wp-caption-text\">Egal ob bei Events, im H\u00f6rsaal oder im B\u00fcro: Dienstleistungsbereitschaft und Freundlichkeit sind f\u00fcr Heidi ein &#8222;must&#8220;.<\/figcaption><\/figure>\n<p><strong>Apropos Medien: du hast die perfekte Telefonstimme und setzt sie auch sehr gekonnt ein. Woher kommt das?<\/strong><\/p>\n<p>Dienstleistung&#8230; in der Hotellerie und Gastronomie lernst du ab dem ersten Tag, deutlich zu sprechen und immer freundlich zu sein. Wenn du dann noch aus Deutschland ins Wallis kommst, wie ich, und im Leukerbad zum ersten Mal das Telefon abnimmst, dann redest du besser deutlich (schmunzelt). Ich glaube, daher kommt meine deutliche Aussprache. Und nat\u00fcrlich ist es auch von den Eltern gegeben. Mein Papa ist auch in der Hotellerie- und Dienstleistungsbranche t\u00e4tig.<\/p>\n<p><strong>Koordinieren ist viel Denksport, was ist dein Ausgleich dazu?<\/strong><\/p>\n<p>Ich spiele schon seit Schulzeiten Volleyball und trainiere aktuell zwei Mal die Woche im Verein in Adliswil &#8211; und das recht erfolgreich. Als \u00abLibera\u00bb im andersfarbigen Trikot komme ich besonders f\u00fcr Abnahme- und Defense-B\u00e4lle zum Einsatz. Wir sind letzte Saison Zweiter in der dritten Liga geworden und wollen nun in die zweite Liga aufsteigen. Das geht nat\u00fcrlich auch nicht ganz ohne Denksport, Taktik und Teamplanung. Dennoch sorgt der Sport f\u00fcr den wichtigen Ausgleich, weil ich im Team viel Energie einbringen, aber auch f\u00fcr mich pers\u00f6nlich abholen kann. Im neuen Jahr heisst es deshalb f\u00fcr mich: Go Tornados!<\/p>\n<figure id=\"attachment_1608\" aria-describedby=\"caption-attachment-1608\" style=\"width: 550px\" class=\"wp-caption alignleft\"><a href=\"https:\/\/blog.zhaw.ch\/iap\/files\/2016\/12\/Tornado-038-1024x576_2.jpg\"><img loading=\"lazy\" decoding=\"async\" class=\"wp-image-1608 size-large\" src=\"https:\/\/blog.zhaw.ch\/iap\/files\/2016\/12\/Tornado-038-1024x576_2-1024x576.jpg\" alt=\"Heidi beim Volleyballspielen\" width=\"550\" height=\"309\" srcset=\"https:\/\/blog.zhaw.ch\/iap\/files\/2016\/12\/Tornado-038-1024x576_2.jpg 1024w, https:\/\/blog.zhaw.ch\/iap\/files\/2016\/12\/Tornado-038-1024x576_2-300x169.jpg 300w, https:\/\/blog.zhaw.ch\/iap\/files\/2016\/12\/Tornado-038-1024x576_2-768x432.jpg 768w, https:\/\/blog.zhaw.ch\/iap\/files\/2016\/12\/Tornado-038-1024x576_2-255x143.jpg 255w, https:\/\/blog.zhaw.ch\/iap\/files\/2016\/12\/Tornado-038-1024x576_2-840x470.jpg 840w\" sizes=\"auto, (max-width: 550px) 100vw, 550px\" \/><\/a><figcaption id=\"caption-attachment-1608\" class=\"wp-caption-text\">Heidi als &#8222;Libera&#8220; im Tornado Team (links aussen im roten Shirt).<\/figcaption><\/figure>\n","protected":false},"excerpt":{"rendered":"<p>Heidi F\u00f6rtsch wurde in der Theaterstadt Meiningen in Deutschland geboren und lebt seit 2009 in der Schweiz. Seit 2015 arbeitet sie als Koordinatorin am IAP Institut f\u00fcr Angewandte Psychologie. Heidi, du arbeitest im Bereich Weiterbildung in Klinischer Psychologie und Psychotherapie am IAP. Was macht dir an deiner Arbeit am meisten Spass? Die Leute, der gemeinsame [&hellip;]<\/p>\n","protected":false},"author":223,"featured_media":1616,"comment_status":"open","ping_status":"open","sticky":false,"template":"","format":"standard","meta":{"ngg_post_thumbnail":0,"footnotes":""},"categories":[1],"tags":[],"features":[],"class_list":["post-1605","post","type-post","status-publish","format-standard","has-post-thumbnail","hentry","category-allgemein"],"yoast_head":"<!-- This site is optimized with the Yoast SEO Premium plugin v27.2 (Yoast SEO v27.2) - https:\/\/yoast.com\/product\/yoast-seo-premium-wordpress\/ -->\n<title>Pers\u00f6nlich: Heidi F\u00f6rtsch - Psychologie im Alltag nutzen<\/title>\n<meta name=\"robots\" content=\"index, follow, max-snippet:-1, max-image-preview:large, max-video-preview:-1\" \/>\n<link rel=\"canonical\" href=\"https:\/\/blog.zhaw.ch\/iap\/2017\/01\/12\/5-fragen-an-heidi-foertsch\/\" \/>\n<meta property=\"og:locale\" content=\"de_DE\" \/>\n<meta property=\"og:type\" content=\"article\" \/>\n<meta property=\"og:title\" content=\"Pers\u00f6nlich: Heidi F\u00f6rtsch\" \/>\n<meta property=\"og:description\" content=\"Heidi F\u00f6rtsch wurde in der Theaterstadt Meiningen in Deutschland geboren und lebt seit 2009 in der Schweiz. Seit 2015 arbeitet sie als Koordinatorin am IAP Institut f\u00fcr Angewandte Psychologie. Heidi, du arbeitest im Bereich Weiterbildung in Klinischer Psychologie und Psychotherapie am IAP. Was macht dir an deiner Arbeit am meisten Spass? Die Leute, der gemeinsame [&hellip;]\" \/>\n<meta property=\"og:url\" content=\"https:\/\/blog.zhaw.ch\/iap\/2017\/01\/12\/5-fragen-an-heidi-foertsch\/\" \/>\n<meta property=\"og:site_name\" content=\"Psychologie im Alltag nutzen\" \/>\n<meta property=\"article:published_time\" content=\"2017-01-12T12:12:50+00:00\" \/>\n<meta property=\"article:modified_time\" content=\"2017-09-28T08:39:29+00:00\" \/>\n<meta property=\"og:image\" content=\"https:\/\/blog.zhaw.ch\/iap\/files\/2016\/12\/IMG_6509.jpg\" \/>\n\t<meta property=\"og:image:width\" content=\"1632\" \/>\n\t<meta property=\"og:image:height\" content=\"1224\" \/>\n\t<meta property=\"og:image:type\" content=\"image\/jpeg\" \/>\n<meta name=\"author\" content=\"Redaktion\" \/>\n<meta name=\"twitter:card\" content=\"summary_large_image\" \/>\n<meta name=\"twitter:label1\" content=\"Verfasst von\" \/>\n\t<meta name=\"twitter:data1\" content=\"Redaktion\" \/>\n\t<meta name=\"twitter:label2\" content=\"Gesch\u00e4tzte Lesezeit\" \/>\n\t<meta name=\"twitter:data2\" content=\"3\u00a0Minuten\" \/>\n<script type=\"application\/ld+json\" class=\"yoast-schema-graph\">{\"@context\":\"https:\/\/schema.org\",\"@graph\":[{\"@type\":\"Article\",\"@id\":\"https:\/\/blog.zhaw.ch\/iap\/2017\/01\/12\/5-fragen-an-heidi-foertsch\/#article\",\"isPartOf\":{\"@id\":\"https:\/\/blog.zhaw.ch\/iap\/2017\/01\/12\/5-fragen-an-heidi-foertsch\/\"},\"author\":{\"name\":\"Redaktion\",\"@id\":\"https:\/\/blog.zhaw.ch\/iap\/#\/schema\/person\/4d4e456db800b0dcc51526c3417f57ed\"},\"headline\":\"Pers\u00f6nlich: Heidi F\u00f6rtsch\",\"datePublished\":\"2017-01-12T12:12:50+00:00\",\"dateModified\":\"2017-09-28T08:39:29+00:00\",\"mainEntityOfPage\":{\"@id\":\"https:\/\/blog.zhaw.ch\/iap\/2017\/01\/12\/5-fragen-an-heidi-foertsch\/\"},\"wordCount\":632,\"commentCount\":0,\"image\":{\"@id\":\"https:\/\/blog.zhaw.ch\/iap\/2017\/01\/12\/5-fragen-an-heidi-foertsch\/#primaryimage\"},\"thumbnailUrl\":\"https:\/\/blog.zhaw.ch\/iap\/files\/2016\/12\/IMG_6509.jpg\",\"inLanguage\":\"de\",\"potentialAction\":[{\"@type\":\"CommentAction\",\"name\":\"Comment\",\"target\":[\"https:\/\/blog.zhaw.ch\/iap\/2017\/01\/12\/5-fragen-an-heidi-foertsch\/#respond\"]}]},{\"@type\":\"WebPage\",\"@id\":\"https:\/\/blog.zhaw.ch\/iap\/2017\/01\/12\/5-fragen-an-heidi-foertsch\/\",\"url\":\"https:\/\/blog.zhaw.ch\/iap\/2017\/01\/12\/5-fragen-an-heidi-foertsch\/\",\"name\":\"Pers\u00f6nlich: Heidi F\u00f6rtsch - Psychologie im Alltag nutzen\",\"isPartOf\":{\"@id\":\"https:\/\/blog.zhaw.ch\/iap\/#website\"},\"primaryImageOfPage\":{\"@id\":\"https:\/\/blog.zhaw.ch\/iap\/2017\/01\/12\/5-fragen-an-heidi-foertsch\/#primaryimage\"},\"image\":{\"@id\":\"https:\/\/blog.zhaw.ch\/iap\/2017\/01\/12\/5-fragen-an-heidi-foertsch\/#primaryimage\"},\"thumbnailUrl\":\"https:\/\/blog.zhaw.ch\/iap\/files\/2016\/12\/IMG_6509.jpg\",\"datePublished\":\"2017-01-12T12:12:50+00:00\",\"dateModified\":\"2017-09-28T08:39:29+00:00\",\"author\":{\"@id\":\"https:\/\/blog.zhaw.ch\/iap\/#\/schema\/person\/4d4e456db800b0dcc51526c3417f57ed\"},\"breadcrumb\":{\"@id\":\"https:\/\/blog.zhaw.ch\/iap\/2017\/01\/12\/5-fragen-an-heidi-foertsch\/#breadcrumb\"},\"inLanguage\":\"de\",\"potentialAction\":[{\"@type\":\"ReadAction\",\"target\":[\"https:\/\/blog.zhaw.ch\/iap\/2017\/01\/12\/5-fragen-an-heidi-foertsch\/\"]}]},{\"@type\":\"ImageObject\",\"inLanguage\":\"de\",\"@id\":\"https:\/\/blog.zhaw.ch\/iap\/2017\/01\/12\/5-fragen-an-heidi-foertsch\/#primaryimage\",\"url\":\"https:\/\/blog.zhaw.ch\/iap\/files\/2016\/12\/IMG_6509.jpg\",\"contentUrl\":\"https:\/\/blog.zhaw.ch\/iap\/files\/2016\/12\/IMG_6509.jpg\",\"width\":1632,\"height\":1224},{\"@type\":\"BreadcrumbList\",\"@id\":\"https:\/\/blog.zhaw.ch\/iap\/2017\/01\/12\/5-fragen-an-heidi-foertsch\/#breadcrumb\",\"itemListElement\":[{\"@type\":\"ListItem\",\"position\":1,\"name\":\"Startseite\",\"item\":\"https:\/\/blog.zhaw.ch\/iap\/\"},{\"@type\":\"ListItem\",\"position\":2,\"name\":\"Pers\u00f6nlich: Heidi F\u00f6rtsch\"}]},{\"@type\":\"WebSite\",\"@id\":\"https:\/\/blog.zhaw.ch\/iap\/#website\",\"url\":\"https:\/\/blog.zhaw.ch\/iap\/\",\"name\":\"Psychologie im Alltag nutzen\",\"description\":\"Ein Blog der ZHAW Z\u00fcrcher Hochschule f\u00fcr Angewandte Wissenschaften\",\"potentialAction\":[{\"@type\":\"SearchAction\",\"target\":{\"@type\":\"EntryPoint\",\"urlTemplate\":\"https:\/\/blog.zhaw.ch\/iap\/?s={search_term_string}\"},\"query-input\":{\"@type\":\"PropertyValueSpecification\",\"valueRequired\":true,\"valueName\":\"search_term_string\"}}],\"inLanguage\":\"de\"},{\"@type\":\"Person\",\"@id\":\"https:\/\/blog.zhaw.ch\/iap\/#\/schema\/person\/4d4e456db800b0dcc51526c3417f57ed\",\"name\":\"Redaktion\",\"image\":{\"@type\":\"ImageObject\",\"inLanguage\":\"de\",\"@id\":\"https:\/\/secure.gravatar.com\/avatar\/730160e5d0d4170155b5a6075757d2fcd5698658545111a9484b11e2822ca161?s=96&d=mm&r=g\",\"url\":\"https:\/\/secure.gravatar.com\/avatar\/730160e5d0d4170155b5a6075757d2fcd5698658545111a9484b11e2822ca161?s=96&d=mm&r=g\",\"contentUrl\":\"https:\/\/secure.gravatar.com\/avatar\/730160e5d0d4170155b5a6075757d2fcd5698658545111a9484b11e2822ca161?s=96&d=mm&r=g\",\"caption\":\"Redaktion\"},\"url\":\"https:\/\/blog.zhaw.ch\/iap\/author\/bolj\/\"}]}<\/script>\n<!-- \/ Yoast SEO Premium plugin. -->","yoast_head_json":{"title":"Pers\u00f6nlich: Heidi F\u00f6rtsch - Psychologie im Alltag nutzen","robots":{"index":"index","follow":"follow","max-snippet":"max-snippet:-1","max-image-preview":"max-image-preview:large","max-video-preview":"max-video-preview:-1"},"canonical":"https:\/\/blog.zhaw.ch\/iap\/2017\/01\/12\/5-fragen-an-heidi-foertsch\/","og_locale":"de_DE","og_type":"article","og_title":"Pers\u00f6nlich: Heidi F\u00f6rtsch","og_description":"Heidi F\u00f6rtsch wurde in der Theaterstadt Meiningen in Deutschland geboren und lebt seit 2009 in der Schweiz. Seit 2015 arbeitet sie als Koordinatorin am IAP Institut f\u00fcr Angewandte Psychologie. Heidi, du arbeitest im Bereich Weiterbildung in Klinischer Psychologie und Psychotherapie am IAP. Was macht dir an deiner Arbeit am meisten Spass? Die Leute, der gemeinsame [&hellip;]","og_url":"https:\/\/blog.zhaw.ch\/iap\/2017\/01\/12\/5-fragen-an-heidi-foertsch\/","og_site_name":"Psychologie im Alltag nutzen","article_published_time":"2017-01-12T12:12:50+00:00","article_modified_time":"2017-09-28T08:39:29+00:00","og_image":[{"width":1632,"height":1224,"url":"https:\/\/blog.zhaw.ch\/iap\/files\/2016\/12\/IMG_6509.jpg","type":"image\/jpeg"}],"author":"Redaktion","twitter_card":"summary_large_image","twitter_misc":{"Verfasst von":"Redaktion","Gesch\u00e4tzte Lesezeit":"3\u00a0Minuten"},"schema":{"@context":"https:\/\/schema.org","@graph":[{"@type":"Article","@id":"https:\/\/blog.zhaw.ch\/iap\/2017\/01\/12\/5-fragen-an-heidi-foertsch\/#article","isPartOf":{"@id":"https:\/\/blog.zhaw.ch\/iap\/2017\/01\/12\/5-fragen-an-heidi-foertsch\/"},"author":{"name":"Redaktion","@id":"https:\/\/blog.zhaw.ch\/iap\/#\/schema\/person\/4d4e456db800b0dcc51526c3417f57ed"},"headline":"Pers\u00f6nlich: Heidi F\u00f6rtsch","datePublished":"2017-01-12T12:12:50+00:00","dateModified":"2017-09-28T08:39:29+00:00","mainEntityOfPage":{"@id":"https:\/\/blog.zhaw.ch\/iap\/2017\/01\/12\/5-fragen-an-heidi-foertsch\/"},"wordCount":632,"commentCount":0,"image":{"@id":"https:\/\/blog.zhaw.ch\/iap\/2017\/01\/12\/5-fragen-an-heidi-foertsch\/#primaryimage"},"thumbnailUrl":"https:\/\/blog.zhaw.ch\/iap\/files\/2016\/12\/IMG_6509.jpg","inLanguage":"de","potentialAction":[{"@type":"CommentAction","name":"Comment","target":["https:\/\/blog.zhaw.ch\/iap\/2017\/01\/12\/5-fragen-an-heidi-foertsch\/#respond"]}]},{"@type":"WebPage","@id":"https:\/\/blog.zhaw.ch\/iap\/2017\/01\/12\/5-fragen-an-heidi-foertsch\/","url":"https:\/\/blog.zhaw.ch\/iap\/2017\/01\/12\/5-fragen-an-heidi-foertsch\/","name":"Pers\u00f6nlich: Heidi F\u00f6rtsch - Psychologie im Alltag nutzen","isPartOf":{"@id":"https:\/\/blog.zhaw.ch\/iap\/#website"},"primaryImageOfPage":{"@id":"https:\/\/blog.zhaw.ch\/iap\/2017\/01\/12\/5-fragen-an-heidi-foertsch\/#primaryimage"},"image":{"@id":"https:\/\/blog.zhaw.ch\/iap\/2017\/01\/12\/5-fragen-an-heidi-foertsch\/#primaryimage"},"thumbnailUrl":"https:\/\/blog.zhaw.ch\/iap\/files\/2016\/12\/IMG_6509.jpg","datePublished":"2017-01-12T12:12:50+00:00","dateModified":"2017-09-28T08:39:29+00:00","author":{"@id":"https:\/\/blog.zhaw.ch\/iap\/#\/schema\/person\/4d4e456db800b0dcc51526c3417f57ed"},"breadcrumb":{"@id":"https:\/\/blog.zhaw.ch\/iap\/2017\/01\/12\/5-fragen-an-heidi-foertsch\/#breadcrumb"},"inLanguage":"de","potentialAction":[{"@type":"ReadAction","target":["https:\/\/blog.zhaw.ch\/iap\/2017\/01\/12\/5-fragen-an-heidi-foertsch\/"]}]},{"@type":"ImageObject","inLanguage":"de","@id":"https:\/\/blog.zhaw.ch\/iap\/2017\/01\/12\/5-fragen-an-heidi-foertsch\/#primaryimage","url":"https:\/\/blog.zhaw.ch\/iap\/files\/2016\/12\/IMG_6509.jpg","contentUrl":"https:\/\/blog.zhaw.ch\/iap\/files\/2016\/12\/IMG_6509.jpg","width":1632,"height":1224},{"@type":"BreadcrumbList","@id":"https:\/\/blog.zhaw.ch\/iap\/2017\/01\/12\/5-fragen-an-heidi-foertsch\/#breadcrumb","itemListElement":[{"@type":"ListItem","position":1,"name":"Startseite","item":"https:\/\/blog.zhaw.ch\/iap\/"},{"@type":"ListItem","position":2,"name":"Pers\u00f6nlich: Heidi F\u00f6rtsch"}]},{"@type":"WebSite","@id":"https:\/\/blog.zhaw.ch\/iap\/#website","url":"https:\/\/blog.zhaw.ch\/iap\/","name":"Psychologie im Alltag nutzen","description":"Ein Blog der ZHAW Z\u00fcrcher Hochschule f\u00fcr Angewandte Wissenschaften","potentialAction":[{"@type":"SearchAction","target":{"@type":"EntryPoint","urlTemplate":"https:\/\/blog.zhaw.ch\/iap\/?s={search_term_string}"},"query-input":{"@type":"PropertyValueSpecification","valueRequired":true,"valueName":"search_term_string"}}],"inLanguage":"de"},{"@type":"Person","@id":"https:\/\/blog.zhaw.ch\/iap\/#\/schema\/person\/4d4e456db800b0dcc51526c3417f57ed","name":"Redaktion","image":{"@type":"ImageObject","inLanguage":"de","@id":"https:\/\/secure.gravatar.com\/avatar\/730160e5d0d4170155b5a6075757d2fcd5698658545111a9484b11e2822ca161?s=96&d=mm&r=g","url":"https:\/\/secure.gravatar.com\/avatar\/730160e5d0d4170155b5a6075757d2fcd5698658545111a9484b11e2822ca161?s=96&d=mm&r=g","contentUrl":"https:\/\/secure.gravatar.com\/avatar\/730160e5d0d4170155b5a6075757d2fcd5698658545111a9484b11e2822ca161?s=96&d=mm&r=g","caption":"Redaktion"},"url":"https:\/\/blog.zhaw.ch\/iap\/author\/bolj\/"}]}},"_links":{"self":[{"href":"https:\/\/blog.zhaw.ch\/iap\/wp-json\/wp\/v2\/posts\/1605","targetHints":{"allow":["GET"]}}],"collection":[{"href":"https:\/\/blog.zhaw.ch\/iap\/wp-json\/wp\/v2\/posts"}],"about":[{"href":"https:\/\/blog.zhaw.ch\/iap\/wp-json\/wp\/v2\/types\/post"}],"author":[{"embeddable":true,"href":"https:\/\/blog.zhaw.ch\/iap\/wp-json\/wp\/v2\/users\/223"}],"replies":[{"embeddable":true,"href":"https:\/\/blog.zhaw.ch\/iap\/wp-json\/wp\/v2\/comments?post=1605"}],"version-history":[{"count":20,"href":"https:\/\/blog.zhaw.ch\/iap\/wp-json\/wp\/v2\/posts\/1605\/revisions"}],"predecessor-version":[{"id":2421,"href":"https:\/\/blog.zhaw.ch\/iap\/wp-json\/wp\/v2\/posts\/1605\/revisions\/2421"}],"wp:featuredmedia":[{"embeddable":true,"href":"https:\/\/blog.zhaw.ch\/iap\/wp-json\/wp\/v2\/media\/1616"}],"wp:attachment":[{"href":"https:\/\/blog.zhaw.ch\/iap\/wp-json\/wp\/v2\/media?parent=1605"}],"wp:term":[{"taxonomy":"category","embeddable":true,"href":"https:\/\/blog.zhaw.ch\/iap\/wp-json\/wp\/v2\/categories?post=1605"},{"taxonomy":"post_tag","embeddable":true,"href":"https:\/\/blog.zhaw.ch\/iap\/wp-json\/wp\/v2\/tags?post=1605"},{"taxonomy":"features","embeddable":true,"href":"https:\/\/blog.zhaw.ch\/iap\/wp-json\/wp\/v2\/features?post=1605"}],"curies":[{"name":"wp","href":"https:\/\/api.w.org\/{rel}","templated":true}]}}