{"id":518,"date":"2014-12-05T10:27:43","date_gmt":"2014-12-05T09:27:43","guid":{"rendered":"http:\/\/blog.zhaw.ch\/iam\/?p=518"},"modified":"2014-12-05T10:29:11","modified_gmt":"2014-12-05T09:29:11","slug":"ne-tinquiete-pas-ein-bericht-aus-dem-praxissemester-2","status":"publish","type":"post","link":"https:\/\/blog.zhaw.ch\/iam\/ne-tinquiete-pas-ein-bericht-aus-dem-praxissemester-2\/","title":{"rendered":"\u201eNe t\u2019inqui\u00e8te pas\u201c \u2013 ein Bericht aus dem Praxissemester"},"content":{"rendered":"<pre>von <a href=\"http:\/\/blog.zhaw.ch\/iam\/tag\/sarah-fluck\/\">Sarah Fluck<\/a>, Studentin JO12<\/pre>\n<p>\u201eSei unbesorgt!\u201c &#8211;\u00a0 Dies der wiederkehrende Zuspruch meines Fahrers Eddy, als das doch schon etwas in die Jahre gekommene Yamaha-Motorrad \u00fcber die Feldwege brauste. Bei jedem Schlagloch gruben sich meine Fingern\u00e4gel ein bisschen fester in seinen Bauch. Seit zwei Tagen waren wir nun schon in den W\u00e4ldern Shabundas unterwegs, einer abgelegenen Gegend der Provinz S\u00fcd-Kivu in der Demokratischen Republik Kongo.<\/p>\n<figure id=\"attachment_531\" aria-describedby=\"caption-attachment-531\" style=\"width: 150px\" class=\"wp-caption alignright\"><a href=\"http:\/\/blog.zhaw.ch\/iam\/files\/2014\/10\/4.jpg\"><img loading=\"lazy\" decoding=\"async\" class=\"wp-image-531 size-thumbnail\" src=\"http:\/\/blog.zhaw.ch\/iam\/files\/2014\/10\/4-150x150.jpg\" alt=\"Sarah Fluck\" width=\"150\" height=\"150\" srcset=\"https:\/\/blog.zhaw.ch\/iam\/files\/2014\/10\/4-150x150.jpg 150w, https:\/\/blog.zhaw.ch\/iam\/files\/2014\/10\/4-300x300.jpg 300w, https:\/\/blog.zhaw.ch\/iam\/files\/2014\/10\/4-1024x1024.jpg 1024w, https:\/\/blog.zhaw.ch\/iam\/files\/2014\/10\/4.jpg 1712w\" sizes=\"auto, (max-width: 150px) 100vw, 150px\" \/><\/a><figcaption id=\"caption-attachment-531\" class=\"wp-caption-text\">Sarah Fluck<\/figcaption><\/figure>\n<p>Die Abgeschiedenheit der Region wird verst\u00e4rkt durch das Fehlen von Telefonnetz, Elektrizit\u00e4t, fliessendem Wasser und unzureichender Nahrung und dies obwohl oder vielleicht gerade weil die Erde hier unendlich reich an Kassiterit, Coltan, Gold und anderen Mineralien ist. Die Bauern in der Gegend bauen in dem Dschungelgebiet nur noch wenig an. Zu oft wurden sie nach der Ernte von Rebellen-Gruppen beraubt.<\/p>\n<p><strong>Das will ich sehen<\/strong><\/p>\n<p>Es war in meinem 2. Semester am IAM, als Hansj\u00f6rg Enz in einer Vorlesung von seinem Aufenthalt im Kongo berichtet hatte. Sofort wusste ich: \u201eDas will ich sehen.\u201c Schon lange tr\u00e4umte ich von einem Besuch in der DRK, da mein Onkel an jedem Weihnachtsfest die unglaublichsten Geschichten von seiner 30-j\u00e4hrigen Arbeit als M\u00f6nch in Kinshasa auspackt. Das Praxissemester bot nun die perfekten Voraussetzungen daf\u00fcr.<\/p>\n<p><a href=\"http:\/\/blog.zhaw.ch\/iam\/files\/2014\/10\/5_web.jpg\"><img loading=\"lazy\" decoding=\"async\" class=\"aligncenter wp-image-573 size-large\" src=\"http:\/\/blog.zhaw.ch\/iam\/files\/2014\/10\/5_web-1024x716.jpg\" alt=\"5_web\" width=\"550\" height=\"384\" srcset=\"https:\/\/blog.zhaw.ch\/iam\/files\/2014\/10\/5_web-1024x716.jpg 1024w, https:\/\/blog.zhaw.ch\/iam\/files\/2014\/10\/5_web-300x210.jpg 300w, https:\/\/blog.zhaw.ch\/iam\/files\/2014\/10\/5_web.jpg 1500w\" sizes=\"auto, (max-width: 550px) 100vw, 550px\" \/><\/a><\/p>\n<p><strong>&#8222;It was the best of times, it was the worst of times&#8230;&#8220;<br \/>\n<\/strong>So kam es, dass ich dann nach zwei Tagesreisen in dieser Lehmh\u00fctte im Nirgendwo stand. Mit zwei Begleitpersonen meiner Praktikumsorganisation (AFEM) sollten wir hier zwanzig Frauen unterrichten, was Menschenrechtsverletzungen sind und wie sie diese an die Organisation melden k\u00f6nnen. Unter den Kursbesucherinnen waren Frauen wie Mama Nadine, die w\u00e4hrend des zweiten Kongokriegs schwanger 375 km durch den Wald in die Hauptstadt der Provinz geflohen ist. Dies um dort ein Kind zu geb\u00e4ren, das sechs Tage nach der Geburt starb. Es wog zu diesem Zeitpunkt 1,2 kg.<\/p>\n<p>In Dickens Worten gesagt: \u201eIt was the best of times, it was the worst of times&#8230;\u201c. W\u00e4hrend meinen vier Monaten bin ich an meine k\u00f6rperlichen und psychischen Grenzen gekommen. Aber die Begegnungen mit diesen zwanzig Frauen haben mich eine Liebe und eine Freude am Leben erfahren lassen, die mir so bisher fremd war.<\/p>\n<p>In diesem Sinne entlasse ich euch mit meinem neuen Lebensmotto: \u201eNe t\u2019inqui\u00e8te pas!\u201c<\/p>\n<div id='gallery-1' class='gallery galleryid-518 gallery-columns-3 gallery-size-thumbnail'><figure class='gallery-item'>\n\t\t\t<div class='gallery-icon landscape'>\n\t\t\t\t<a href='https:\/\/blog.zhaw.ch\/iam\/6\/'><img loading=\"lazy\" decoding=\"async\" width=\"150\" height=\"150\" src=\"https:\/\/blog.zhaw.ch\/iam\/files\/2014\/10\/6-150x150.jpg\" class=\"attachment-thumbnail size-thumbnail\" alt=\"\" \/><\/a>\n\t\t\t<\/div><\/figure><figure class='gallery-item'>\n\t\t\t<div class='gallery-icon landscape'>\n\t\t\t\t<a href='https:\/\/blog.zhaw.ch\/iam\/ne-tinquiete-pas-ein-bericht-aus-dem-praxissemester-2\/kongo2014-2\/'><img loading=\"lazy\" decoding=\"async\" width=\"150\" height=\"150\" src=\"https:\/\/blog.zhaw.ch\/iam\/files\/2014\/10\/31-150x150.jpg\" class=\"attachment-thumbnail size-thumbnail\" alt=\"\" \/><\/a>\n\t\t\t<\/div><\/figure><figure class='gallery-item'>\n\t\t\t<div class='gallery-icon landscape'>\n\t\t\t\t<a href='https:\/\/blog.zhaw.ch\/iam\/ne-tinquiete-pas-ein-bericht-aus-dem-praxissemester-2\/kongo2014-4\/'><img loading=\"lazy\" decoding=\"async\" width=\"150\" height=\"150\" src=\"https:\/\/blog.zhaw.ch\/iam\/files\/2014\/10\/7-150x150.jpg\" class=\"attachment-thumbnail size-thumbnail\" alt=\"\" \/><\/a>\n\t\t\t<\/div><\/figure>\n\t\t<\/div>\n\n<p>Weitere Informationen zu der Praktikumsorganisation <a href=\"http:\/\/www2.afemsk.org\" target=\"_blank\">Association des Femmes des M\u00e9dias (AFEM) gibt es hier<\/a>.<\/p>\n\n<table id=\"tablepress-2\" class=\"tablepress tablepress-id-2\">\n<thead>\n<tr class=\"row-1\">\n\t<th class=\"column-1\">Im zweiten Studienjahr des Bachelorstudiengangs Journalismus und Organisationskommunikation findet ein Praxissemster statt. In diesem Semester absolvieren die Studierenden zwei Praktika in den beiden Berufsledern. Dies, um ihr bisheriges erlerntes Fachwissen in der Praxis umzusetzen und um Berufserfahrung zu sammeln.<\/th>\n<\/tr>\n<\/thead>\n<tbody class=\"row-striping row-hover\">\n<tr class=\"row-2\">\n\t<td class=\"column-1\"><\/td>\n<\/tr>\n<\/tbody>\n<\/table>\n<!-- #tablepress-2 from cache -->\n<p>&nbsp;<\/p>\n<div class=\"pt-sm\">Schlagw\u00f6rter: <a href=\"https:\/\/blog.zhaw.ch\/iam\/tag\/praxissemester\/\">Praxissemester<\/a>, <a href=\"https:\/\/blog.zhaw.ch\/iam\/tag\/sarah-fluck\/\">Sarah Fluck<\/a>, <a href=\"https:\/\/blog.zhaw.ch\/iam\/tag\/studibeitrag\/\">Studibeitrag<\/a><br><\/div>","protected":false},"excerpt":{"rendered":"<p>von Sarah Fluck, Studentin JO12 \u201eSei unbesorgt!\u201c &#8211;\u00a0 Dies der wiederkehrende Zuspruch meines Fahrers Eddy, als das doch schon etwas in die Jahre gekommene Yamaha-Motorrad \u00fcber die Feldwege brauste. Bei jedem Schlagloch gruben sich meine Fingern\u00e4gel ein bisschen fester in seinen Bauch. Seit zwei Tagen waren wir nun schon in den W\u00e4ldern Shabundas unterwegs, einer [&hellip;]<\/p>\n","protected":false},"author":70,"featured_media":533,"comment_status":"open","ping_status":"open","sticky":false,"template":"","format":"standard","meta":{"ngg_post_thumbnail":0,"footnotes":""},"categories":[3],"tags":[16,23,17],"features":[],"class_list":["post-518","post","type-post","status-publish","format-standard","has-post-thumbnail","hentry","category-kommunikation-studieren","tag-praxissemester","tag-sarah-fluck","tag-studibeitrag"],"yoast_head":"<!-- This site is optimized with the Yoast SEO Premium plugin v27.2 (Yoast SEO v27.2) - https:\/\/yoast.com\/product\/yoast-seo-premium-wordpress\/ -->\n<title>\u201eNe t\u2019inqui\u00e8te pas\u201c \u2013 ein Bericht aus dem Praxissemester - Wissen, was Kommunikation bewegt<\/title>\n<meta name=\"robots\" content=\"index, follow, max-snippet:-1, max-image-preview:large, max-video-preview:-1\" \/>\n<link rel=\"canonical\" href=\"https:\/\/blog.zhaw.ch\/iam\/ne-tinquiete-pas-ein-bericht-aus-dem-praxissemester-2\/\" \/>\n<meta property=\"og:locale\" content=\"de_DE\" \/>\n<meta property=\"og:type\" content=\"article\" \/>\n<meta property=\"og:title\" content=\"\u201eNe t\u2019inqui\u00e8te pas\u201c \u2013 ein Bericht aus dem Praxissemester\" \/>\n<meta property=\"og:description\" content=\"von Sarah Fluck, Studentin JO12 \u201eSei unbesorgt!\u201c &#8211;\u00a0 Dies der wiederkehrende Zuspruch meines Fahrers Eddy, als das doch schon etwas in die Jahre gekommene Yamaha-Motorrad \u00fcber die Feldwege brauste. Bei jedem Schlagloch gruben sich meine Fingern\u00e4gel ein bisschen fester in seinen Bauch. Seit zwei Tagen waren wir nun schon in den W\u00e4ldern Shabundas unterwegs, einer [&hellip;]\" \/>\n<meta property=\"og:url\" content=\"https:\/\/blog.zhaw.ch\/iam\/ne-tinquiete-pas-ein-bericht-aus-dem-praxissemester-2\/\" \/>\n<meta property=\"og:site_name\" content=\"Wissen, was Kommunikation bewegt\" \/>\n<meta property=\"article:published_time\" content=\"2014-12-05T09:27:43+00:00\" \/>\n<meta property=\"article:modified_time\" content=\"2014-12-05T09:29:11+00:00\" \/>\n<meta property=\"og:image\" content=\"https:\/\/blog.zhaw.ch\/iam\/files\/2014\/10\/2.jpg\" \/>\n\t<meta property=\"og:image:width\" content=\"1568\" \/>\n\t<meta property=\"og:image:height\" content=\"1199\" \/>\n\t<meta property=\"og:image:type\" content=\"image\/jpeg\" \/>\n<meta name=\"author\" content=\"harz\" \/>\n<meta name=\"twitter:card\" content=\"summary_large_image\" \/>\n<meta name=\"twitter:label1\" content=\"Verfasst von\" \/>\n\t<meta name=\"twitter:data1\" content=\"harz\" \/>\n\t<meta name=\"twitter:label2\" content=\"Gesch\u00e4tzte Lesezeit\" \/>\n\t<meta name=\"twitter:data2\" content=\"2\u00a0Minuten\" \/>\n<script type=\"application\/ld+json\" class=\"yoast-schema-graph\">{\"@context\":\"https:\/\/schema.org\",\"@graph\":[{\"@type\":\"Article\",\"@id\":\"https:\/\/blog.zhaw.ch\/iam\/ne-tinquiete-pas-ein-bericht-aus-dem-praxissemester-2\/#article\",\"isPartOf\":{\"@id\":\"https:\/\/blog.zhaw.ch\/iam\/ne-tinquiete-pas-ein-bericht-aus-dem-praxissemester-2\/\"},\"author\":{\"name\":\"harz\",\"@id\":\"https:\/\/blog.zhaw.ch\/iam\/#\/schema\/person\/c36b3ee0d42457649af4fa010c466b0a\"},\"headline\":\"\u201eNe t\u2019inqui\u00e8te pas\u201c \u2013 ein Bericht aus dem Praxissemester\",\"datePublished\":\"2014-12-05T09:27:43+00:00\",\"dateModified\":\"2014-12-05T09:29:11+00:00\",\"mainEntityOfPage\":{\"@id\":\"https:\/\/blog.zhaw.ch\/iam\/ne-tinquiete-pas-ein-bericht-aus-dem-praxissemester-2\/\"},\"wordCount\":406,\"commentCount\":0,\"image\":{\"@id\":\"https:\/\/blog.zhaw.ch\/iam\/ne-tinquiete-pas-ein-bericht-aus-dem-praxissemester-2\/#primaryimage\"},\"thumbnailUrl\":\"https:\/\/blog.zhaw.ch\/iam\/files\/2014\/10\/2.jpg\",\"keywords\":[\"Praxissemester\",\"Sarah Fluck\",\"Studibeitrag\"],\"articleSection\":[\"Kommunikation studieren\"],\"inLanguage\":\"de\",\"potentialAction\":[{\"@type\":\"CommentAction\",\"name\":\"Comment\",\"target\":[\"https:\/\/blog.zhaw.ch\/iam\/ne-tinquiete-pas-ein-bericht-aus-dem-praxissemester-2\/#respond\"]}]},{\"@type\":\"WebPage\",\"@id\":\"https:\/\/blog.zhaw.ch\/iam\/ne-tinquiete-pas-ein-bericht-aus-dem-praxissemester-2\/\",\"url\":\"https:\/\/blog.zhaw.ch\/iam\/ne-tinquiete-pas-ein-bericht-aus-dem-praxissemester-2\/\",\"name\":\"\u201eNe t\u2019inqui\u00e8te pas\u201c \u2013 ein Bericht aus dem Praxissemester - Wissen, was Kommunikation bewegt\",\"isPartOf\":{\"@id\":\"https:\/\/blog.zhaw.ch\/iam\/#website\"},\"primaryImageOfPage\":{\"@id\":\"https:\/\/blog.zhaw.ch\/iam\/ne-tinquiete-pas-ein-bericht-aus-dem-praxissemester-2\/#primaryimage\"},\"image\":{\"@id\":\"https:\/\/blog.zhaw.ch\/iam\/ne-tinquiete-pas-ein-bericht-aus-dem-praxissemester-2\/#primaryimage\"},\"thumbnailUrl\":\"https:\/\/blog.zhaw.ch\/iam\/files\/2014\/10\/2.jpg\",\"datePublished\":\"2014-12-05T09:27:43+00:00\",\"dateModified\":\"2014-12-05T09:29:11+00:00\",\"author\":{\"@id\":\"https:\/\/blog.zhaw.ch\/iam\/#\/schema\/person\/c36b3ee0d42457649af4fa010c466b0a\"},\"breadcrumb\":{\"@id\":\"https:\/\/blog.zhaw.ch\/iam\/ne-tinquiete-pas-ein-bericht-aus-dem-praxissemester-2\/#breadcrumb\"},\"inLanguage\":\"de\",\"potentialAction\":[{\"@type\":\"ReadAction\",\"target\":[\"https:\/\/blog.zhaw.ch\/iam\/ne-tinquiete-pas-ein-bericht-aus-dem-praxissemester-2\/\"]}]},{\"@type\":\"ImageObject\",\"inLanguage\":\"de\",\"@id\":\"https:\/\/blog.zhaw.ch\/iam\/ne-tinquiete-pas-ein-bericht-aus-dem-praxissemester-2\/#primaryimage\",\"url\":\"https:\/\/blog.zhaw.ch\/iam\/files\/2014\/10\/2.jpg\",\"contentUrl\":\"https:\/\/blog.zhaw.ch\/iam\/files\/2014\/10\/2.jpg\",\"width\":1568,\"height\":1199},{\"@type\":\"BreadcrumbList\",\"@id\":\"https:\/\/blog.zhaw.ch\/iam\/ne-tinquiete-pas-ein-bericht-aus-dem-praxissemester-2\/#breadcrumb\",\"itemListElement\":[{\"@type\":\"ListItem\",\"position\":1,\"name\":\"Startseite\",\"item\":\"https:\/\/blog.zhaw.ch\/iam\/\"},{\"@type\":\"ListItem\",\"position\":2,\"name\":\"\u201eNe t\u2019inqui\u00e8te pas\u201c \u2013 ein Bericht aus dem Praxissemester\"}]},{\"@type\":\"WebSite\",\"@id\":\"https:\/\/blog.zhaw.ch\/iam\/#website\",\"url\":\"https:\/\/blog.zhaw.ch\/iam\/\",\"name\":\"Wissen, was Kommunikation bewegt\",\"description\":\"Ein Blog der ZHAW Z\u00fcrcher Hochschule f\u00fcr Angewandte Wissenschaften\",\"potentialAction\":[{\"@type\":\"SearchAction\",\"target\":{\"@type\":\"EntryPoint\",\"urlTemplate\":\"https:\/\/blog.zhaw.ch\/iam\/?s={search_term_string}\"},\"query-input\":{\"@type\":\"PropertyValueSpecification\",\"valueRequired\":true,\"valueName\":\"search_term_string\"}}],\"inLanguage\":\"de\"},{\"@type\":\"Person\",\"@id\":\"https:\/\/blog.zhaw.ch\/iam\/#\/schema\/person\/c36b3ee0d42457649af4fa010c466b0a\",\"name\":\"harz\",\"image\":{\"@type\":\"ImageObject\",\"inLanguage\":\"de\",\"@id\":\"https:\/\/blog.zhaw.ch\/iam\/files\/2014\/03\/dh_fb-150x150.jpg\",\"url\":\"https:\/\/blog.zhaw.ch\/iam\/files\/2014\/03\/dh_fb-150x150.jpg\",\"contentUrl\":\"https:\/\/blog.zhaw.ch\/iam\/files\/2014\/03\/dh_fb-150x150.jpg\",\"caption\":\"harz\"},\"description\":\"Head of Corporate Communications of School of Applied Linguistics at ZHAW\",\"url\":\"https:\/\/blog.zhaw.ch\/iam\/author\/harz\/\"}]}<\/script>\n<!-- \/ Yoast SEO Premium plugin. -->","yoast_head_json":{"title":"\u201eNe t\u2019inqui\u00e8te pas\u201c \u2013 ein Bericht aus dem Praxissemester - Wissen, was Kommunikation bewegt","robots":{"index":"index","follow":"follow","max-snippet":"max-snippet:-1","max-image-preview":"max-image-preview:large","max-video-preview":"max-video-preview:-1"},"canonical":"https:\/\/blog.zhaw.ch\/iam\/ne-tinquiete-pas-ein-bericht-aus-dem-praxissemester-2\/","og_locale":"de_DE","og_type":"article","og_title":"\u201eNe t\u2019inqui\u00e8te pas\u201c \u2013 ein Bericht aus dem Praxissemester","og_description":"von Sarah Fluck, Studentin JO12 \u201eSei unbesorgt!\u201c &#8211;\u00a0 Dies der wiederkehrende Zuspruch meines Fahrers Eddy, als das doch schon etwas in die Jahre gekommene Yamaha-Motorrad \u00fcber die Feldwege brauste. Bei jedem Schlagloch gruben sich meine Fingern\u00e4gel ein bisschen fester in seinen Bauch. Seit zwei Tagen waren wir nun schon in den W\u00e4ldern Shabundas unterwegs, einer [&hellip;]","og_url":"https:\/\/blog.zhaw.ch\/iam\/ne-tinquiete-pas-ein-bericht-aus-dem-praxissemester-2\/","og_site_name":"Wissen, was Kommunikation bewegt","article_published_time":"2014-12-05T09:27:43+00:00","article_modified_time":"2014-12-05T09:29:11+00:00","og_image":[{"width":1568,"height":1199,"url":"https:\/\/blog.zhaw.ch\/iam\/files\/2014\/10\/2.jpg","type":"image\/jpeg"}],"author":"harz","twitter_card":"summary_large_image","twitter_misc":{"Verfasst von":"harz","Gesch\u00e4tzte Lesezeit":"2\u00a0Minuten"},"schema":{"@context":"https:\/\/schema.org","@graph":[{"@type":"Article","@id":"https:\/\/blog.zhaw.ch\/iam\/ne-tinquiete-pas-ein-bericht-aus-dem-praxissemester-2\/#article","isPartOf":{"@id":"https:\/\/blog.zhaw.ch\/iam\/ne-tinquiete-pas-ein-bericht-aus-dem-praxissemester-2\/"},"author":{"name":"harz","@id":"https:\/\/blog.zhaw.ch\/iam\/#\/schema\/person\/c36b3ee0d42457649af4fa010c466b0a"},"headline":"\u201eNe t\u2019inqui\u00e8te pas\u201c \u2013 ein Bericht aus dem Praxissemester","datePublished":"2014-12-05T09:27:43+00:00","dateModified":"2014-12-05T09:29:11+00:00","mainEntityOfPage":{"@id":"https:\/\/blog.zhaw.ch\/iam\/ne-tinquiete-pas-ein-bericht-aus-dem-praxissemester-2\/"},"wordCount":406,"commentCount":0,"image":{"@id":"https:\/\/blog.zhaw.ch\/iam\/ne-tinquiete-pas-ein-bericht-aus-dem-praxissemester-2\/#primaryimage"},"thumbnailUrl":"https:\/\/blog.zhaw.ch\/iam\/files\/2014\/10\/2.jpg","keywords":["Praxissemester","Sarah Fluck","Studibeitrag"],"articleSection":["Kommunikation studieren"],"inLanguage":"de","potentialAction":[{"@type":"CommentAction","name":"Comment","target":["https:\/\/blog.zhaw.ch\/iam\/ne-tinquiete-pas-ein-bericht-aus-dem-praxissemester-2\/#respond"]}]},{"@type":"WebPage","@id":"https:\/\/blog.zhaw.ch\/iam\/ne-tinquiete-pas-ein-bericht-aus-dem-praxissemester-2\/","url":"https:\/\/blog.zhaw.ch\/iam\/ne-tinquiete-pas-ein-bericht-aus-dem-praxissemester-2\/","name":"\u201eNe t\u2019inqui\u00e8te pas\u201c \u2013 ein Bericht aus dem Praxissemester - Wissen, was Kommunikation bewegt","isPartOf":{"@id":"https:\/\/blog.zhaw.ch\/iam\/#website"},"primaryImageOfPage":{"@id":"https:\/\/blog.zhaw.ch\/iam\/ne-tinquiete-pas-ein-bericht-aus-dem-praxissemester-2\/#primaryimage"},"image":{"@id":"https:\/\/blog.zhaw.ch\/iam\/ne-tinquiete-pas-ein-bericht-aus-dem-praxissemester-2\/#primaryimage"},"thumbnailUrl":"https:\/\/blog.zhaw.ch\/iam\/files\/2014\/10\/2.jpg","datePublished":"2014-12-05T09:27:43+00:00","dateModified":"2014-12-05T09:29:11+00:00","author":{"@id":"https:\/\/blog.zhaw.ch\/iam\/#\/schema\/person\/c36b3ee0d42457649af4fa010c466b0a"},"breadcrumb":{"@id":"https:\/\/blog.zhaw.ch\/iam\/ne-tinquiete-pas-ein-bericht-aus-dem-praxissemester-2\/#breadcrumb"},"inLanguage":"de","potentialAction":[{"@type":"ReadAction","target":["https:\/\/blog.zhaw.ch\/iam\/ne-tinquiete-pas-ein-bericht-aus-dem-praxissemester-2\/"]}]},{"@type":"ImageObject","inLanguage":"de","@id":"https:\/\/blog.zhaw.ch\/iam\/ne-tinquiete-pas-ein-bericht-aus-dem-praxissemester-2\/#primaryimage","url":"https:\/\/blog.zhaw.ch\/iam\/files\/2014\/10\/2.jpg","contentUrl":"https:\/\/blog.zhaw.ch\/iam\/files\/2014\/10\/2.jpg","width":1568,"height":1199},{"@type":"BreadcrumbList","@id":"https:\/\/blog.zhaw.ch\/iam\/ne-tinquiete-pas-ein-bericht-aus-dem-praxissemester-2\/#breadcrumb","itemListElement":[{"@type":"ListItem","position":1,"name":"Startseite","item":"https:\/\/blog.zhaw.ch\/iam\/"},{"@type":"ListItem","position":2,"name":"\u201eNe t\u2019inqui\u00e8te pas\u201c \u2013 ein Bericht aus dem Praxissemester"}]},{"@type":"WebSite","@id":"https:\/\/blog.zhaw.ch\/iam\/#website","url":"https:\/\/blog.zhaw.ch\/iam\/","name":"Wissen, was Kommunikation bewegt","description":"Ein Blog der ZHAW Z\u00fcrcher Hochschule f\u00fcr Angewandte Wissenschaften","potentialAction":[{"@type":"SearchAction","target":{"@type":"EntryPoint","urlTemplate":"https:\/\/blog.zhaw.ch\/iam\/?s={search_term_string}"},"query-input":{"@type":"PropertyValueSpecification","valueRequired":true,"valueName":"search_term_string"}}],"inLanguage":"de"},{"@type":"Person","@id":"https:\/\/blog.zhaw.ch\/iam\/#\/schema\/person\/c36b3ee0d42457649af4fa010c466b0a","name":"harz","image":{"@type":"ImageObject","inLanguage":"de","@id":"https:\/\/blog.zhaw.ch\/iam\/files\/2014\/03\/dh_fb-150x150.jpg","url":"https:\/\/blog.zhaw.ch\/iam\/files\/2014\/03\/dh_fb-150x150.jpg","contentUrl":"https:\/\/blog.zhaw.ch\/iam\/files\/2014\/03\/dh_fb-150x150.jpg","caption":"harz"},"description":"Head of Corporate Communications of School of Applied Linguistics at ZHAW","url":"https:\/\/blog.zhaw.ch\/iam\/author\/harz\/"}]}},"_links":{"self":[{"href":"https:\/\/blog.zhaw.ch\/iam\/wp-json\/wp\/v2\/posts\/518","targetHints":{"allow":["GET"]}}],"collection":[{"href":"https:\/\/blog.zhaw.ch\/iam\/wp-json\/wp\/v2\/posts"}],"about":[{"href":"https:\/\/blog.zhaw.ch\/iam\/wp-json\/wp\/v2\/types\/post"}],"author":[{"embeddable":true,"href":"https:\/\/blog.zhaw.ch\/iam\/wp-json\/wp\/v2\/users\/70"}],"replies":[{"embeddable":true,"href":"https:\/\/blog.zhaw.ch\/iam\/wp-json\/wp\/v2\/comments?post=518"}],"version-history":[{"count":21,"href":"https:\/\/blog.zhaw.ch\/iam\/wp-json\/wp\/v2\/posts\/518\/revisions"}],"predecessor-version":[{"id":721,"href":"https:\/\/blog.zhaw.ch\/iam\/wp-json\/wp\/v2\/posts\/518\/revisions\/721"}],"wp:featuredmedia":[{"embeddable":true,"href":"https:\/\/blog.zhaw.ch\/iam\/wp-json\/wp\/v2\/media\/533"}],"wp:attachment":[{"href":"https:\/\/blog.zhaw.ch\/iam\/wp-json\/wp\/v2\/media?parent=518"}],"wp:term":[{"taxonomy":"category","embeddable":true,"href":"https:\/\/blog.zhaw.ch\/iam\/wp-json\/wp\/v2\/categories?post=518"},{"taxonomy":"post_tag","embeddable":true,"href":"https:\/\/blog.zhaw.ch\/iam\/wp-json\/wp\/v2\/tags?post=518"},{"taxonomy":"features","embeddable":true,"href":"https:\/\/blog.zhaw.ch\/iam\/wp-json\/wp\/v2\/features?post=518"}],"curies":[{"name":"wp","href":"https:\/\/api.w.org\/{rel}","templated":true}]}}