{"id":341,"date":"2014-08-12T10:36:24","date_gmt":"2014-08-12T08:36:24","guid":{"rendered":"http:\/\/blog.zhaw.ch\/iam\/?p=341"},"modified":"2014-08-14T05:26:56","modified_gmt":"2014-08-14T03:26:56","slug":"von-der-sehnsucht-nach-gemeinschaft","status":"publish","type":"post","link":"https:\/\/blog.zhaw.ch\/iam\/von-der-sehnsucht-nach-gemeinschaft\/","title":{"rendered":"Von der Sehnsucht nach Gemeinschaft"},"content":{"rendered":"<p>Als wissenschaftlicher Programmentwickler bin ich stark involviert bei der Konzeption und Durchf\u00fchrung des neuen Zertifikatlehrgangs am IAM, <a title=\"CAS\" href=\"http:\/\/mas-cml-linguistik-zhaw.ch\/cas-community-communication\/neu-ab-2015\/\" target=\"_blank\">CAS Community Communication<\/a> (siehe Infobox). Ich bin quasi f\u00fcr die wissenschaftliche Erdung des Programms verantwortlich. Doch was um Himmels Willen bringt einen Professor f\u00fcr Journalistik dazu, sich in einem Kurs f\u00fcr Kommunikationsverantwortliche zu engagieren? Das fragen mich immer wieder Kollegen aus der Wissenschaft und aus dem Journalismus. Ich will hier gerne antworten.<\/p>\n<figure id=\"attachment_367\" aria-describedby=\"caption-attachment-367\" style=\"width: 300px\" class=\"wp-caption aligncenter\"><a href=\"http:\/\/blog.zhaw.ch\/iam\/files\/2014\/08\/wysv.jpg\"><img loading=\"lazy\" decoding=\"async\" class=\"wp-image-367 size-medium\" src=\"http:\/\/blog.zhaw.ch\/iam\/files\/2014\/08\/wysv-300x199.jpg\" alt=\"Prof. Dr. Vinzenz Wyss, Professor f\u00fcr Journalistik\" width=\"300\" height=\"199\" srcset=\"https:\/\/blog.zhaw.ch\/iam\/files\/2014\/08\/wysv-300x199.jpg 300w, https:\/\/blog.zhaw.ch\/iam\/files\/2014\/08\/wysv.jpg 650w\" sizes=\"auto, (max-width: 300px) 100vw, 300px\" \/><\/a><figcaption id=\"caption-attachment-367\" class=\"wp-caption-text\">Prof. Dr. Vinzenz Wyss, Professor f\u00fcr Journalistik<\/figcaption><\/figure>\n<p>Wir sind Kinder der Aufkl\u00e4rung und leben in einer Welt, in der es den Drang gibt, alles zu \u201evergesellschaften\u201c, d.h. Individuen werden zu Gesellschaftsmitgliedern und unser Zusammenleben ist gepr\u00e4gt von klar definierten Rollen, Hierarchien, Vertr\u00e4gen, Vereinbarungen und Verfahren. Vergesellschaftung bedeutet aber auch Entzauberung, Rationalisierung und B\u00fcrokratisierung. Es gibt f\u00fcr alles ein Formular. In einer solchen Welt w\u00e4chst die Sehnsucht nach \u201eVergemeinschaftung\u201c, nach dem emotional erlebten \u201eWir-Gef\u00fchl\u201c beispielsweise in der Familie, der Bruderschaft, der Techno-Szene, der erotischen Beziehung oder eben auch auf der Suche nach einem Zugeh\u00f6rigkeitsgef\u00fchl in einer (virtuellen) Community \u2013 fl\u00fcchtig, tempor\u00e4r und auch mal anonym. Gemeinschaften haben f\u00fcr mich etwas wohltuend Irrationales.<\/p>\n<p>Unsere ausdifferenzierte Gesellschaft zeichnet sich zudem durch eine Abnahme gemeinsamen Wissens aus. Je weniger Wissen geteilt wird, umso mehr muss kommuniziert werden. So versichern sich Kommunikationsgemeinschaften fortw\u00e4hrend ihrer Gemeinsamkeiten, was zu einer Art Geschw\u00e4tzigkeit f\u00fchrt, die sich in sozialen Medien all zu leicht verselbstst\u00e4ndigen k\u00f6nnen. Dies stellt Kommunikationsverantwortliche von Organisationen jeglicher Art vor neue Herausforderungen. Etwa dann wenn beispielsweise Milizsoldaten einer Rekrutenschule zum Besuchstag spontan eine Facebookseite erstellen, wenn sich in der Stadtbibliothek ein Leserzirkel zu pornographischer Literatur herausbildet, wenn emp\u00f6rte Kunden in einem Shitstorm \u00fcber ein neues Produkt l\u00e4stern oder wenn Freidenker halb\u00f6ffentlich gegen das Singen von Weihnachtsliedern in der Primarschule vorgehen.<\/p>\n<p><strong>Der Geschw\u00e4tzigkeit auf der Spur<br \/>\n<\/strong>Diese neuen Entwicklungen rufen danach, solche schillernden Sozialstrukturen zu beobachten, zu begleiten und vielleicht auch kommunikativ zu steuern. Genau dies macht Journalismus, wenn er als Fremdbeobachter\u00a0\u2013 zuweilen auch geschw\u00e4tzig\u00a0\u2013 zur gesellschaftlichen Selbstbeobachtung beitr\u00e4gt und das \u00f6ffentliche Gespr\u00e4ch moderiert. Die strategische Organisationskommunikation, welche Communitys bewusst begegnen will, kann also von den Erkenntnissen der Journalistik profitieren; nicht zuletzt dann, wenn es um die Frage geht, wie Narrationen statt Argumentationen unsere Wahrnehmung pr\u00e4gen, wie relevante Geschichten aufgesp\u00fcrt werden k\u00f6nnen oder wie durch mediale Inszenierung \u00f6ffentliche Aufmerksamkeit generiert wird.<\/p>\n<p>Communitys sind immer st\u00e4rker mediatisiert. Als Professor f\u00fcr Journalistik, der selbst eine Sehnsucht nach Vergemeinschaftung erlebt, f\u00fchle ich mich deshalb bei der Entwicklung des CAS Community Communication wie ein Fisch im Wasser. Und ich freue mich wie ein kleines Kind auf dessen Start und die Gemeinschaft der Kursteilnehmenden aus den unterschiedlichsten Bereichen.<\/p>\n\n<table id=\"tablepress-1\" class=\"tablepress tablepress-id-1\">\n<thead>\n<tr class=\"row-1\">\n\t<th class=\"column-1\">Das IAM lanciert mit dem CAS Community Communication einen neuen Zertifikatslehrgang im Rahmen des MAS in Communication Management and Leadership. Der Kurs richtet sich prim\u00e4r an Kommunikationsverantwortliche von Organisationen, die sich jenseits von Massenmedien und scheinbar kontrollierbaren Kommunikationsprozessen zunehmend mit \u201egeschw\u00e4tzigen\u201c Gemeinschaften konfrontiert sehen. Gerade dort wo sich Organisationen entweder selbst als Kommunikationsgemeinschaften verstehen oder aber deren Fans, KundInnen, B\u00fcrgerInnen, Gl\u00e4ubige, Mitarbeitende oder Mitglieder als Community kommunikativ steuern wollen, sollen soziale Netzwerke gestaltet und strategisch in die Gesamtkommunikation eingebunden werden \u2013 sowohl online wie auch offline.<\/th>\n<\/tr>\n<\/thead>\n<tbody class=\"row-hover\">\n<tr class=\"row-2\">\n\t<td class=\"column-1\"><strong>Weiterf\u00fchrende Links<\/strong><br \/>\n\u2022\t<a href=\"http:\/\/mas-cml-linguistik-zhaw.ch\/cas-community-communication\/neu-ab-2015\/\" target=\"_blank\">Onlinebrosch\u00fcre zum CAS Community Communication<\/a><br \/>\n\u2022\t<a href=\"http:\/\/www.zhaw.ch\/de\/linguistik\/institute-und-zentren\/iam\/weiterbildung\/zertifikatslehrgaenge-cas\/cas-community-communication.html\" target=\"_blank\">Webseite vom IAM zum CAS Community Communication<\/a><br \/>\n\u2022\t<a href=\"http:\/\/www.linguistik.zhaw.ch\/de\/linguistik\/institute-und-zentren\/iam\/agenda-detailansicht\/cal\/2014\/08\/20\/event\/event\/info-apero-cas-community-communication-1.html\" target=\"_blank\">Anmeldung zum Info-Ap\u00e9ro am 20. August um 18:30 Uhr am IAM<\/a><\/td>\n<\/tr>\n<\/tbody>\n<\/table>\n<!-- #tablepress-1 from cache -->\n<p>P.S. Ich h\u00e4tte den CAS Community Communication gerne \u00fcber die Domain <em>www.community-communication.ch<\/em> kommuniziert. Gem\u00e4ss ZHAW Domain-Reglement ist eine solche URL jedoch unzul\u00e4ssig, was aus OK-Perspektive durchaus nachvollziehbar ist. Deshalb propagieren wir nun den CAS \u00fcber die offizielle Domain <a href=\"http:\/\/www.zhaw.ch\/de\/linguistik\/institute-und-zentren\/iam\/weiterbildung\/zertifikatslehrgaenge-cas\/cas-community-communication.html\" target=\"_blank\">http:\/\/www.zhaw.ch\/de\/linguistik\/institute-und-zentren\/iam\/weiterbildung\/zertifikatslehrgaenge-cas\/cas-community-communication.html<\/a>, womit uns die Verfahren der vergesellschafteten Welt wieder eingeholt haben. \ud83d\ude42<\/p>\n<p>&nbsp;<\/p>\n","protected":false},"excerpt":{"rendered":"<p>Als wissenschaftlicher Programmentwickler bin ich stark involviert bei der Konzeption und Durchf\u00fchrung des neuen Zertifikatlehrgangs am IAM, CAS Community Communication (siehe Infobox). Ich bin quasi f\u00fcr die wissenschaftliche Erdung des Programms verantwortlich. Doch was um Himmels Willen bringt einen Professor f\u00fcr Journalistik dazu, sich in einem Kurs f\u00fcr Kommunikationsverantwortliche zu engagieren? Das fragen mich immer [&hellip;]<\/p>\n","protected":false},"author":66,"featured_media":365,"comment_status":"open","ping_status":"open","sticky":false,"template":"","format":"standard","meta":{"ngg_post_thumbnail":0,"footnotes":""},"categories":[3],"tags":[],"features":[],"class_list":["post-341","post","type-post","status-publish","format-standard","has-post-thumbnail","hentry","category-kommunikation-studieren"],"yoast_head":"<!-- This site is optimized with the Yoast SEO Premium plugin v27.2 (Yoast SEO v27.2) - https:\/\/yoast.com\/product\/yoast-seo-premium-wordpress\/ -->\n<title>Von der Sehnsucht nach Gemeinschaft - Wissen, was Kommunikation bewegt<\/title>\n<meta name=\"robots\" content=\"index, follow, max-snippet:-1, max-image-preview:large, max-video-preview:-1\" \/>\n<link rel=\"canonical\" href=\"https:\/\/blog.zhaw.ch\/iam\/von-der-sehnsucht-nach-gemeinschaft\/\" \/>\n<meta property=\"og:locale\" content=\"de_DE\" \/>\n<meta property=\"og:type\" content=\"article\" \/>\n<meta property=\"og:title\" content=\"Von der Sehnsucht nach Gemeinschaft\" \/>\n<meta property=\"og:description\" content=\"Als wissenschaftlicher Programmentwickler bin ich stark involviert bei der Konzeption und Durchf\u00fchrung des neuen Zertifikatlehrgangs am IAM, CAS Community Communication (siehe Infobox). Ich bin quasi f\u00fcr die wissenschaftliche Erdung des Programms verantwortlich. Doch was um Himmels Willen bringt einen Professor f\u00fcr Journalistik dazu, sich in einem Kurs f\u00fcr Kommunikationsverantwortliche zu engagieren? Das fragen mich immer [&hellip;]\" \/>\n<meta property=\"og:url\" content=\"https:\/\/blog.zhaw.ch\/iam\/von-der-sehnsucht-nach-gemeinschaft\/\" \/>\n<meta property=\"og:site_name\" content=\"Wissen, was Kommunikation bewegt\" \/>\n<meta property=\"article:published_time\" content=\"2014-08-12T08:36:24+00:00\" \/>\n<meta property=\"article:modified_time\" content=\"2014-08-14T03:26:56+00:00\" \/>\n<meta property=\"og:image\" content=\"https:\/\/blog.zhaw.ch\/iam\/files\/2014\/08\/Gemeinschaft.jpg\" \/>\n\t<meta property=\"og:image:width\" content=\"644\" \/>\n\t<meta property=\"og:image:height\" content=\"429\" \/>\n\t<meta property=\"og:image:type\" content=\"image\/jpeg\" \/>\n<meta name=\"author\" content=\"Vinzenz Wyss\" \/>\n<meta name=\"twitter:card\" content=\"summary_large_image\" \/>\n<meta name=\"twitter:label1\" content=\"Verfasst von\" \/>\n\t<meta name=\"twitter:data1\" content=\"Vinzenz Wyss\" \/>\n\t<meta name=\"twitter:label2\" content=\"Gesch\u00e4tzte Lesezeit\" \/>\n\t<meta name=\"twitter:data2\" content=\"3\u00a0Minuten\" \/>\n<script type=\"application\/ld+json\" class=\"yoast-schema-graph\">{\"@context\":\"https:\/\/schema.org\",\"@graph\":[{\"@type\":\"Article\",\"@id\":\"https:\/\/blog.zhaw.ch\/iam\/von-der-sehnsucht-nach-gemeinschaft\/#article\",\"isPartOf\":{\"@id\":\"https:\/\/blog.zhaw.ch\/iam\/von-der-sehnsucht-nach-gemeinschaft\/\"},\"author\":{\"name\":\"Vinzenz Wyss\",\"@id\":\"https:\/\/blog.zhaw.ch\/iam\/#\/schema\/person\/bfa201a989074fff98d8ccc58db9260c\"},\"headline\":\"Von der Sehnsucht nach Gemeinschaft\",\"datePublished\":\"2014-08-12T08:36:24+00:00\",\"dateModified\":\"2014-08-14T03:26:56+00:00\",\"mainEntityOfPage\":{\"@id\":\"https:\/\/blog.zhaw.ch\/iam\/von-der-sehnsucht-nach-gemeinschaft\/\"},\"wordCount\":542,\"commentCount\":0,\"image\":{\"@id\":\"https:\/\/blog.zhaw.ch\/iam\/von-der-sehnsucht-nach-gemeinschaft\/#primaryimage\"},\"thumbnailUrl\":\"https:\/\/blog.zhaw.ch\/iam\/files\/2014\/08\/Gemeinschaft.jpg\",\"articleSection\":[\"Kommunikation studieren\"],\"inLanguage\":\"de\",\"potentialAction\":[{\"@type\":\"CommentAction\",\"name\":\"Comment\",\"target\":[\"https:\/\/blog.zhaw.ch\/iam\/von-der-sehnsucht-nach-gemeinschaft\/#respond\"]}]},{\"@type\":\"WebPage\",\"@id\":\"https:\/\/blog.zhaw.ch\/iam\/von-der-sehnsucht-nach-gemeinschaft\/\",\"url\":\"https:\/\/blog.zhaw.ch\/iam\/von-der-sehnsucht-nach-gemeinschaft\/\",\"name\":\"Von der Sehnsucht nach Gemeinschaft - Wissen, was Kommunikation bewegt\",\"isPartOf\":{\"@id\":\"https:\/\/blog.zhaw.ch\/iam\/#website\"},\"primaryImageOfPage\":{\"@id\":\"https:\/\/blog.zhaw.ch\/iam\/von-der-sehnsucht-nach-gemeinschaft\/#primaryimage\"},\"image\":{\"@id\":\"https:\/\/blog.zhaw.ch\/iam\/von-der-sehnsucht-nach-gemeinschaft\/#primaryimage\"},\"thumbnailUrl\":\"https:\/\/blog.zhaw.ch\/iam\/files\/2014\/08\/Gemeinschaft.jpg\",\"datePublished\":\"2014-08-12T08:36:24+00:00\",\"dateModified\":\"2014-08-14T03:26:56+00:00\",\"author\":{\"@id\":\"https:\/\/blog.zhaw.ch\/iam\/#\/schema\/person\/bfa201a989074fff98d8ccc58db9260c\"},\"breadcrumb\":{\"@id\":\"https:\/\/blog.zhaw.ch\/iam\/von-der-sehnsucht-nach-gemeinschaft\/#breadcrumb\"},\"inLanguage\":\"de\",\"potentialAction\":[{\"@type\":\"ReadAction\",\"target\":[\"https:\/\/blog.zhaw.ch\/iam\/von-der-sehnsucht-nach-gemeinschaft\/\"]}]},{\"@type\":\"ImageObject\",\"inLanguage\":\"de\",\"@id\":\"https:\/\/blog.zhaw.ch\/iam\/von-der-sehnsucht-nach-gemeinschaft\/#primaryimage\",\"url\":\"https:\/\/blog.zhaw.ch\/iam\/files\/2014\/08\/Gemeinschaft.jpg\",\"contentUrl\":\"https:\/\/blog.zhaw.ch\/iam\/files\/2014\/08\/Gemeinschaft.jpg\",\"width\":644,\"height\":429,\"caption\":\"CAS Community Communication\"},{\"@type\":\"BreadcrumbList\",\"@id\":\"https:\/\/blog.zhaw.ch\/iam\/von-der-sehnsucht-nach-gemeinschaft\/#breadcrumb\",\"itemListElement\":[{\"@type\":\"ListItem\",\"position\":1,\"name\":\"Startseite\",\"item\":\"https:\/\/blog.zhaw.ch\/iam\/\"},{\"@type\":\"ListItem\",\"position\":2,\"name\":\"Von der Sehnsucht nach Gemeinschaft\"}]},{\"@type\":\"WebSite\",\"@id\":\"https:\/\/blog.zhaw.ch\/iam\/#website\",\"url\":\"https:\/\/blog.zhaw.ch\/iam\/\",\"name\":\"Wissen, was Kommunikation bewegt\",\"description\":\"Ein Blog der ZHAW Z\u00fcrcher Hochschule f\u00fcr Angewandte Wissenschaften\",\"potentialAction\":[{\"@type\":\"SearchAction\",\"target\":{\"@type\":\"EntryPoint\",\"urlTemplate\":\"https:\/\/blog.zhaw.ch\/iam\/?s={search_term_string}\"},\"query-input\":{\"@type\":\"PropertyValueSpecification\",\"valueRequired\":true,\"valueName\":\"search_term_string\"}}],\"inLanguage\":\"de\"},{\"@type\":\"Person\",\"@id\":\"https:\/\/blog.zhaw.ch\/iam\/#\/schema\/person\/bfa201a989074fff98d8ccc58db9260c\",\"name\":\"Vinzenz Wyss\",\"image\":{\"@type\":\"ImageObject\",\"inLanguage\":\"de\",\"@id\":\"https:\/\/blog.zhaw.ch\/iam\/files\/2014\/03\/wenn-ploetzlich-der-wolf-auftaucht-dann-ist-der-journalist-nicht-weit-125615397-150x150.jpg\",\"url\":\"https:\/\/blog.zhaw.ch\/iam\/files\/2014\/03\/wenn-ploetzlich-der-wolf-auftaucht-dann-ist-der-journalist-nicht-weit-125615397-150x150.jpg\",\"contentUrl\":\"https:\/\/blog.zhaw.ch\/iam\/files\/2014\/03\/wenn-ploetzlich-der-wolf-auftaucht-dann-ist-der-journalist-nicht-weit-125615397-150x150.jpg\",\"caption\":\"Vinzenz Wyss\"},\"description\":\"Professor f\u00fcr Journalistik an der ZHAW\",\"sameAs\":[\"http:\/\/www.vinzenzwyss.ch\"],\"url\":\"https:\/\/blog.zhaw.ch\/iam\/author\/wysv\/\"}]}<\/script>\n<!-- \/ Yoast SEO Premium plugin. -->","yoast_head_json":{"title":"Von der Sehnsucht nach Gemeinschaft - Wissen, was Kommunikation bewegt","robots":{"index":"index","follow":"follow","max-snippet":"max-snippet:-1","max-image-preview":"max-image-preview:large","max-video-preview":"max-video-preview:-1"},"canonical":"https:\/\/blog.zhaw.ch\/iam\/von-der-sehnsucht-nach-gemeinschaft\/","og_locale":"de_DE","og_type":"article","og_title":"Von der Sehnsucht nach Gemeinschaft","og_description":"Als wissenschaftlicher Programmentwickler bin ich stark involviert bei der Konzeption und Durchf\u00fchrung des neuen Zertifikatlehrgangs am IAM, CAS Community Communication (siehe Infobox). Ich bin quasi f\u00fcr die wissenschaftliche Erdung des Programms verantwortlich. Doch was um Himmels Willen bringt einen Professor f\u00fcr Journalistik dazu, sich in einem Kurs f\u00fcr Kommunikationsverantwortliche zu engagieren? Das fragen mich immer [&hellip;]","og_url":"https:\/\/blog.zhaw.ch\/iam\/von-der-sehnsucht-nach-gemeinschaft\/","og_site_name":"Wissen, was Kommunikation bewegt","article_published_time":"2014-08-12T08:36:24+00:00","article_modified_time":"2014-08-14T03:26:56+00:00","og_image":[{"width":644,"height":429,"url":"https:\/\/blog.zhaw.ch\/iam\/files\/2014\/08\/Gemeinschaft.jpg","type":"image\/jpeg"}],"author":"Vinzenz Wyss","twitter_card":"summary_large_image","twitter_misc":{"Verfasst von":"Vinzenz Wyss","Gesch\u00e4tzte Lesezeit":"3\u00a0Minuten"},"schema":{"@context":"https:\/\/schema.org","@graph":[{"@type":"Article","@id":"https:\/\/blog.zhaw.ch\/iam\/von-der-sehnsucht-nach-gemeinschaft\/#article","isPartOf":{"@id":"https:\/\/blog.zhaw.ch\/iam\/von-der-sehnsucht-nach-gemeinschaft\/"},"author":{"name":"Vinzenz Wyss","@id":"https:\/\/blog.zhaw.ch\/iam\/#\/schema\/person\/bfa201a989074fff98d8ccc58db9260c"},"headline":"Von der Sehnsucht nach Gemeinschaft","datePublished":"2014-08-12T08:36:24+00:00","dateModified":"2014-08-14T03:26:56+00:00","mainEntityOfPage":{"@id":"https:\/\/blog.zhaw.ch\/iam\/von-der-sehnsucht-nach-gemeinschaft\/"},"wordCount":542,"commentCount":0,"image":{"@id":"https:\/\/blog.zhaw.ch\/iam\/von-der-sehnsucht-nach-gemeinschaft\/#primaryimage"},"thumbnailUrl":"https:\/\/blog.zhaw.ch\/iam\/files\/2014\/08\/Gemeinschaft.jpg","articleSection":["Kommunikation studieren"],"inLanguage":"de","potentialAction":[{"@type":"CommentAction","name":"Comment","target":["https:\/\/blog.zhaw.ch\/iam\/von-der-sehnsucht-nach-gemeinschaft\/#respond"]}]},{"@type":"WebPage","@id":"https:\/\/blog.zhaw.ch\/iam\/von-der-sehnsucht-nach-gemeinschaft\/","url":"https:\/\/blog.zhaw.ch\/iam\/von-der-sehnsucht-nach-gemeinschaft\/","name":"Von der Sehnsucht nach Gemeinschaft - Wissen, was Kommunikation bewegt","isPartOf":{"@id":"https:\/\/blog.zhaw.ch\/iam\/#website"},"primaryImageOfPage":{"@id":"https:\/\/blog.zhaw.ch\/iam\/von-der-sehnsucht-nach-gemeinschaft\/#primaryimage"},"image":{"@id":"https:\/\/blog.zhaw.ch\/iam\/von-der-sehnsucht-nach-gemeinschaft\/#primaryimage"},"thumbnailUrl":"https:\/\/blog.zhaw.ch\/iam\/files\/2014\/08\/Gemeinschaft.jpg","datePublished":"2014-08-12T08:36:24+00:00","dateModified":"2014-08-14T03:26:56+00:00","author":{"@id":"https:\/\/blog.zhaw.ch\/iam\/#\/schema\/person\/bfa201a989074fff98d8ccc58db9260c"},"breadcrumb":{"@id":"https:\/\/blog.zhaw.ch\/iam\/von-der-sehnsucht-nach-gemeinschaft\/#breadcrumb"},"inLanguage":"de","potentialAction":[{"@type":"ReadAction","target":["https:\/\/blog.zhaw.ch\/iam\/von-der-sehnsucht-nach-gemeinschaft\/"]}]},{"@type":"ImageObject","inLanguage":"de","@id":"https:\/\/blog.zhaw.ch\/iam\/von-der-sehnsucht-nach-gemeinschaft\/#primaryimage","url":"https:\/\/blog.zhaw.ch\/iam\/files\/2014\/08\/Gemeinschaft.jpg","contentUrl":"https:\/\/blog.zhaw.ch\/iam\/files\/2014\/08\/Gemeinschaft.jpg","width":644,"height":429,"caption":"CAS Community Communication"},{"@type":"BreadcrumbList","@id":"https:\/\/blog.zhaw.ch\/iam\/von-der-sehnsucht-nach-gemeinschaft\/#breadcrumb","itemListElement":[{"@type":"ListItem","position":1,"name":"Startseite","item":"https:\/\/blog.zhaw.ch\/iam\/"},{"@type":"ListItem","position":2,"name":"Von der Sehnsucht nach Gemeinschaft"}]},{"@type":"WebSite","@id":"https:\/\/blog.zhaw.ch\/iam\/#website","url":"https:\/\/blog.zhaw.ch\/iam\/","name":"Wissen, was Kommunikation bewegt","description":"Ein Blog der ZHAW Z\u00fcrcher Hochschule f\u00fcr Angewandte Wissenschaften","potentialAction":[{"@type":"SearchAction","target":{"@type":"EntryPoint","urlTemplate":"https:\/\/blog.zhaw.ch\/iam\/?s={search_term_string}"},"query-input":{"@type":"PropertyValueSpecification","valueRequired":true,"valueName":"search_term_string"}}],"inLanguage":"de"},{"@type":"Person","@id":"https:\/\/blog.zhaw.ch\/iam\/#\/schema\/person\/bfa201a989074fff98d8ccc58db9260c","name":"Vinzenz Wyss","image":{"@type":"ImageObject","inLanguage":"de","@id":"https:\/\/blog.zhaw.ch\/iam\/files\/2014\/03\/wenn-ploetzlich-der-wolf-auftaucht-dann-ist-der-journalist-nicht-weit-125615397-150x150.jpg","url":"https:\/\/blog.zhaw.ch\/iam\/files\/2014\/03\/wenn-ploetzlich-der-wolf-auftaucht-dann-ist-der-journalist-nicht-weit-125615397-150x150.jpg","contentUrl":"https:\/\/blog.zhaw.ch\/iam\/files\/2014\/03\/wenn-ploetzlich-der-wolf-auftaucht-dann-ist-der-journalist-nicht-weit-125615397-150x150.jpg","caption":"Vinzenz Wyss"},"description":"Professor f\u00fcr Journalistik an der ZHAW","sameAs":["http:\/\/www.vinzenzwyss.ch"],"url":"https:\/\/blog.zhaw.ch\/iam\/author\/wysv\/"}]}},"_links":{"self":[{"href":"https:\/\/blog.zhaw.ch\/iam\/wp-json\/wp\/v2\/posts\/341","targetHints":{"allow":["GET"]}}],"collection":[{"href":"https:\/\/blog.zhaw.ch\/iam\/wp-json\/wp\/v2\/posts"}],"about":[{"href":"https:\/\/blog.zhaw.ch\/iam\/wp-json\/wp\/v2\/types\/post"}],"author":[{"embeddable":true,"href":"https:\/\/blog.zhaw.ch\/iam\/wp-json\/wp\/v2\/users\/66"}],"replies":[{"embeddable":true,"href":"https:\/\/blog.zhaw.ch\/iam\/wp-json\/wp\/v2\/comments?post=341"}],"version-history":[{"count":25,"href":"https:\/\/blog.zhaw.ch\/iam\/wp-json\/wp\/v2\/posts\/341\/revisions"}],"predecessor-version":[{"id":379,"href":"https:\/\/blog.zhaw.ch\/iam\/wp-json\/wp\/v2\/posts\/341\/revisions\/379"}],"wp:featuredmedia":[{"embeddable":true,"href":"https:\/\/blog.zhaw.ch\/iam\/wp-json\/wp\/v2\/media\/365"}],"wp:attachment":[{"href":"https:\/\/blog.zhaw.ch\/iam\/wp-json\/wp\/v2\/media?parent=341"}],"wp:term":[{"taxonomy":"category","embeddable":true,"href":"https:\/\/blog.zhaw.ch\/iam\/wp-json\/wp\/v2\/categories?post=341"},{"taxonomy":"post_tag","embeddable":true,"href":"https:\/\/blog.zhaw.ch\/iam\/wp-json\/wp\/v2\/tags?post=341"},{"taxonomy":"features","embeddable":true,"href":"https:\/\/blog.zhaw.ch\/iam\/wp-json\/wp\/v2\/features?post=341"}],"curies":[{"name":"wp","href":"https:\/\/api.w.org\/{rel}","templated":true}]}}