{"id":2768,"date":"2018-11-26T13:30:06","date_gmt":"2018-11-26T12:30:06","guid":{"rendered":"https:\/\/blog.zhaw.ch\/iam\/?p=2768"},"modified":"2023-09-27T14:12:57","modified_gmt":"2023-09-27T12:12:57","slug":"wie-kommunikation-die-digitale-transformation-ermoeglicht","status":"publish","type":"post","link":"https:\/\/blog.zhaw.ch\/iam\/wie-kommunikation-die-digitale-transformation-ermoeglicht\/","title":{"rendered":"Wie Kommunikation die digitale Transformation erm\u00f6glicht"},"content":{"rendered":"<p><em>Die digitale Transformation ist auf Kommunikation angewiesen und ver\u00e4ndert diese zugleich massgeblich. So m\u00fcssen Kommunikationsverantwortliche die eigene Abteilung auf eine sich laufend ver\u00e4ndernde Umwelt einstellen, aber auch neue Aufgaben innerhalb der ganzen Organisation \u00fcbernehmen und den Dialog \u00fcber den Wandel mit den Stakeholdern f\u00fchren. Die neue <a href=\"https:\/\/digitalcollection.zhaw.ch\/handle\/11475\/10294\">IAM-Studie zu Rollen und Aufgaben der Unternehmenskommunikation in der digitalen Transformation<\/a> macht deutlich, welche Ver\u00e4nderungen anstehen und wo die Kommunikationsabteilungen heute stehen.<\/em><\/p>\n<pre>von <a href=\"https:\/\/www.zhaw.ch\/de\/ueber-uns\/person\/roni\/\">Prof. Dr. Nicole Rosenberger<\/a>, Professorin f\u00fcr Organisationskommunikation und Management, und <a href=\"https:\/\/www.zhaw.ch\/de\/ueber-uns\/person\/nima\/\">Markus Niederh\u00e4user<\/a>, Leiter Weiterbildung, beide am IAM<\/pre>\n<p><span style=\"margin: 0px;line-height: 107%;font-family: 'Arial',sans-serif;font-size: 10.5pt\"><span style=\"color: #000000\">Die digitale Transformation stellt die Unternehmenskommunikation vor enorme Herausforderungen. Auf der Ebene der Kommunikationsabteilung, also auf der Mikroebene, hat sie die digitale Transformation des Unternehmens zu erm\u00f6glichen. Auf der Ebene der Organisation, der Mesoebene, muss der Wandel des ganzen Unternehmens mitgestaltet und begleitet werden. Auf der Ebene des Austausches mit Markt und Gesellschaft, der Makroebene, ist gesellschaftliche Akzeptanz f\u00fcr die digitale Transformation des Unternehmens zu schaffen. Diese drei Rollen sind mit unterschiedlichen Aufgaben verbunden.<\/span><\/span><\/p>\n<figure id=\"attachment_2769\" aria-describedby=\"caption-attachment-2769\" style=\"width: 517px\" class=\"wp-caption alignnone\"><a href=\"https:\/\/blog.zhaw.ch\/iam\/files\/2018\/11\/Framework-Rolle-der-CC-in-der-digitalen-Transformation.png\"><img loading=\"lazy\" decoding=\"async\" class=\" wp-image-2769\" src=\"https:\/\/blog.zhaw.ch\/iam\/files\/2018\/11\/Framework-Rolle-der-CC-in-der-digitalen-Transformation.png\" alt=\"\" width=\"517\" height=\"285\" \/><\/a><figcaption id=\"caption-attachment-2769\" class=\"wp-caption-text\">Abbildung: Framework \u00abRolle der Corporate Communications in der digitalen Transformation\u00bb<\/figcaption><\/figure>\n<p><span style=\"margin: 0px;line-height: 107%;font-family: 'Arial',sans-serif;font-size: 10.5pt\"><span style=\"color: #000000\">Die grafische Darstellung dieser drei Ebenen haben wir im Framework \u00abRolle der Corporate Communications in der digitalen Transformation\u00bb abgebildet. Das Framework ist ein zentrales Ergebnis unseres <a href=\"https:\/\/digitalcollection.zhaw.ch\/handle\/11475\/10294\">Forschungsprojekts \u00abKommunikation in der digitalen Transformation\u00bb<\/a>, das vom <a href=\"http:\/\/www.harbourclub.ch\/de\/\">HarbourClub<\/a> und vom <a href=\"https:\/\/www.zurich.ibm.com\/\">IBM Research Lab<\/a> unterst\u00fctzt worden ist. Die Rollen zeigen auf, wohin sich die Kommunikation in den kommenden Jahren entwickeln sollte. <\/span><\/span><\/p>\n<p><span style=\"margin: 0px;line-height: 107%;font-family: 'Arial',sans-serif;font-size: 10.5pt\"><span style=\"color: #000000\">Dar\u00fcber hinaus haben wir mittels Online-Befragung von CCOs aus Wirtschaft, Politik und Verwaltung und mit zwei Fokusgruppen-Gespr\u00e4chen erhoben, wo die Kommunikationsabteilungen in der Schweiz in diesem Prozess stehen. Diese aktuelle Kommunikationspraxis haben wir mit den zuk\u00fcnftigen Rollen und Aufgaben verglichen und daraus eine <a href=\"https:\/\/blog.zhaw.ch\/iam\/botschaften-und-daten-kommunikation-braucht-gleichgewicht\/\">Agenda f\u00fcr CCOs<\/a> formuliert, nach der sie die Unternehmenskommunikation zuk\u00fcnftig ausrichten und erfolgreich weiterentwickeln k\u00f6nnen. <\/span><\/span><\/p>\n<p><span style=\"margin: 0px;line-height: 107%;font-family: 'Arial',sans-serif;font-size: 10.5pt\"><span style=\"color: #000000\">Wie stark nehmen die Kommunikationsabteilungen ihre Rollen und Aufgaben in der digitalen Transformation bereits heute wahr? Wir stellen hier einige Ergebnisse kurz vor.<\/span><\/span><\/p>\n<p><strong>Mikroebene: Technologie als gr\u00f6sste Herausforderung \u00a0<\/strong><\/p>\n<p>Die Transformation der Kommunikationsabteilung betrifft die vier Dimensionen Strategie, Struktur, Kultur und Technologie. Die Online-Befragung zeigt, dass die Entwicklung in den ersten beiden Dimensionen am weitesten ist. So haben bereits zwei Drittel der Befragten in ihrem Kommunikationskonzept die Digitalisierung adressiert \u2013 oder werden das demn\u00e4chst angehen. Rund ein Drittel der Unternehmen arbeitet mit einem Newsroom-Ansatz als Reaktion auf das Geschwindigkeits-Diktat der Digitalisierung. Aber auch agile Methoden wie Design Thinking oder Co-Creation scheinen sich in der Kommunikationspraxis zu etablieren.<\/p>\n<figure id=\"attachment_2772\" aria-describedby=\"caption-attachment-2772\" style=\"width: 518px\" class=\"wp-caption alignnone\"><a href=\"https:\/\/blog.zhaw.ch\/iam\/files\/2018\/11\/Organisationsformen-der-Kommunikationsabteilungen.png\"><img loading=\"lazy\" decoding=\"async\" class=\" wp-image-2772\" src=\"https:\/\/blog.zhaw.ch\/iam\/files\/2018\/11\/Organisationsformen-der-Kommunikationsabteilungen.png\" alt=\"\" width=\"518\" height=\"375\" \/><\/a><figcaption id=\"caption-attachment-2772\" class=\"wp-caption-text\">Abbildung: Organisationsformen der Kommunikationsabteilungen. Online Befragung von CCOs, 2018.<\/figcaption><\/figure>\n<p><span style=\"margin: 0px;line-height: 107%;font-family: 'Arial',sans-serif;font-size: 10.5pt\"><span style=\"color: #000000\">Eine sehr grosse Herausforderung stellen hingegen die digitalen Technologien dar: W\u00e4hrend Videos und Infografiken schon beinahe zum Standard geh\u00f6ren, werden Virtual- oder Augmented-Reality-Anwendungen noch kaum eingesetzt. Der gr\u00f6sste Handlungsbedarf zeigt sich im Bereich Automatisierung, die auf hoch entwickelten Datenanalysen beruht. Hier ist das Marketing bereits sehr viel weiter fortgeschritten als die Corporate Communications. <\/span><\/span><\/p>\n<p><strong>Mesoebene: Kommunikationsbef\u00e4higung der Mitarbeitenden adressiert<\/strong><\/p>\n<p>Der CCO und sein Team m\u00fcssen die Gesch\u00e4ftsleitung und unter Umst\u00e4nden auch den Verwaltungsrat hinsichtlich der digitaler Transformation beratend begleiten. Dies wird in den meisten Unternehmen heute schon geleistet. Schwieriger hingegen ist die Aufgabe, die Mitarbeitenden des Unternehmens f\u00fcr den Umgang mit sozialen Medien anzuleiten oder sie als BotschafterInnen zu gewinnen. Besonders attraktiv scheinen hier Mitarbeitende zu sein, die sowohl Themenkompetenz als auch Kanalerfahrung haben. Diese werden zunehmend animiert, als <a href=\"https:\/\/blog.zhaw.ch\/iam\/was-macht-mitarbeitende-zu-influencern\/\">BotschafterInnen oder Influencer<\/a> nach innen und aussen zu wirken. Fast die H\u00e4lfte der befragten COOs best\u00e4tigt zudem, dass der interne Dialog \u00fcber die digitale Transformation nicht nur online, sondern auch \u00fcber Offline-Plattformen gepflegt wird.<\/p>\n<figure id=\"attachment_2774\" aria-describedby=\"caption-attachment-2774\" style=\"width: 518px\" class=\"wp-caption alignnone\"><a href=\"https:\/\/blog.zhaw.ch\/iam\/files\/2018\/11\/Mitarbeitende-als-Botschafter.png\"><img loading=\"lazy\" decoding=\"async\" class=\" wp-image-2774\" src=\"https:\/\/blog.zhaw.ch\/iam\/files\/2018\/11\/Mitarbeitende-als-Botschafter.png\" alt=\"\" width=\"518\" height=\"272\" \/><\/a><figcaption id=\"caption-attachment-2774\" class=\"wp-caption-text\">Abbildung: Mitarbeitende als Botschafter. Online-Befragung von CCOs, 2018.<\/figcaption><\/figure>\n<p><strong>Makroebene: Issues Monitoring auf Digitalisierungsthemen ausrichten<\/strong><\/p>\n<p>Um bei Kunden und anderen Stakeholdern Akzeptanz f\u00fcr das Unternehmenshandeln zu schaffen, muss die Kommunikation Antworten auf deren Fragen geben. \u00dcber 60 Prozent der befragten CCOs haben die Digitalstrategie des Unternehmens \u2013 sofern diese eine haben \u2013 intern und extern kommuniziert. Wenn die Unternehmen die digitale Transformation thematisieren, dann kommunizieren sie vor allem \u00fcber ihr Leistungsangebot oder \u00fcber neue Organisationsformen. Interessant ist, dass die meisten Unternehmen ihr Issues Monitoring noch nicht systematisch auf Digitalisierungs-Themen ausgerichtet haben.<\/p>\n<figure id=\"attachment_2775\" aria-describedby=\"caption-attachment-2775\" style=\"width: 519px\" class=\"wp-caption alignnone\"><a href=\"https:\/\/blog.zhaw.ch\/iam\/files\/2018\/11\/Thematische-Schwerpunkte-der-Kommunikation-\u00fcber-Digitalisierung.png\"><img loading=\"lazy\" decoding=\"async\" class=\" wp-image-2775\" src=\"https:\/\/blog.zhaw.ch\/iam\/files\/2018\/11\/Thematische-Schwerpunkte-der-Kommunikation-\u00fcber-Digitalisierung.png\" alt=\"\" width=\"519\" height=\"315\" \/><\/a><figcaption id=\"caption-attachment-2775\" class=\"wp-caption-text\">Abbildung: Thematische Schwerpunkte der Kommunikation \u00fcber Digitalisierung. Online-Befragung CCOs, 2018.<\/figcaption><\/figure>\n<p><span style=\"margin: 0px;line-height: 107%;font-family: 'Arial',sans-serif;font-size: 10.5pt\"><span style=\"color: #000000\">Die Studie zeigt, dass sich Kommunikationsverantwortliche nicht mehr prim\u00e4r auf die Digitalisierung der Kommunikationskan\u00e4le fokussieren sollten, sondern sich auch mit den M\u00f6glichkeiten und Grenzen datenbasierter Kommunikation auseinandersetzen und neue Schnittstellen im Unternehmen wie beispielsweise zum Chief Digital Officer (CDO) pflegen m\u00fcssen. Denn bereits 40 Prozent der befragten Unternehmen haben eine CDO-\u00e4hnliche Position geschaffen. Zudem sollten sich die CCOs die Kommunikation der Digitalisierung vermehrt zu ihrer Aufgabe machen. Nur so k\u00f6nnen sie auf allen drei Ebenen \u2013 Kommunikationsabteilung, Unternehmen und Gesellschaft \u2013 gestaltend mitwirken.<\/span><\/span><\/p>\n<p><span style=\"margin: 0px;line-height: 107%;font-family: 'Arial',sans-serif;font-size: 10.5pt\"><span style=\"color: #000000\">Die detaillierten Ergebnisse des Forschungsprojekts k\u00f6nnen im Working Paper <a href=\"https:\/\/digitalcollection.zhaw.ch\/handle\/11475\/10294\">\u00abKommunikation in der digitalen Transformation. Bestandsaufnahme und Entwicklungsbedarf des strategischen Kommunikationsmanagements von Wirtschaftsunternehmen, Verwaltungen und Non-Profit-Organisationen in der Schweiz\u00bb<\/a> nachgelesen werden. <\/span><\/span><\/p>\n<hr \/>\n<p><strong>Weiterbildung rund um Digitale Transformation und Kommunikation<\/strong><\/p>\n<p>Im neuen CAS <a href=\"http:\/\/mas-communication-management-leadership.linguistik.zhaw.ch\/cas-digitale-transformation-und-kommunikation\/pascal-kuenzli\/\">\u00abDigitale Transformation und Kommunikation\u00bb<\/a> am IAM erwerben die Teilnehmenden Kompetenzen f\u00fcr die erfolgreiche Umsetzung der unterschiedlichen Rollen und Aufgaben der Unternehmenskommunikation in der digitalen Transformation.\u00a0<\/p>\n<p>N\u00e4chste Durchf\u00fchrung: Ende August \u2013 Dezember 2019<\/p>\n<p><a href=\"http:\/\/mas-communication-management-leadership.linguistik.zhaw.ch\/cas-digitale-transformation-und-kommunikation\/pascal-kuenzli\/\">Weitere Informationen und Anmeldung<\/a><\/p>\n<hr \/>\n<p><strong>Mehr zur digitalen Transformation:<\/strong><\/p>\n<ul>\n<li><a href=\"https:\/\/blog.zhaw.ch\/iam\/botschaften-und-daten-kommunikation-braucht-gleichgewicht\/\">Botschaften UND Daten: Kommunikation braucht Gleichgewicht<\/a><\/li>\n<li><a href=\"https:\/\/blog.zhaw.ch\/iam\/was-macht-mitarbeitende-zu-influencern\/\">Was macht Mitarbeitende zu Influencern?<\/a><\/li>\n<li><a href=\"https:\/\/blog.zhaw.ch\/iam\/was-kommunikation-mit-kuenstlicher-intelligenz-zu-tun-hat\/\">Was Kommunikation mit k\u00fcnstlicher Intelligenz zu tun hat<\/a><\/li>\n<li><a href=\"https:\/\/blog.zhaw.ch\/iam\/ki-bietet-ganz-neue-moeglichkeiten\/\">\u00abKI bietet ganz neue M\u00f6glichkeiten\u00bb<\/a><\/li>\n<li><a href=\"https:\/\/blog.zhaw.ch\/iam\/ein-megatrend-und-noch-keiner-macht-mit\/\">Ein Megatrend \u2013 und (noch) keiner macht mit<\/a><\/li>\n<li><a href=\"https:\/\/blog.zhaw.ch\/iam\/offen-schnell-und-dialogisch\/\">Offen \u2013 schnell und dialogisch<\/a><\/li>\n<\/ul>\n<p>\u00a0<\/p>\n<p>\u00a0<\/p>\n<p><\/p>\n<figure class=\"wp-block-video\"><\/figure>\n<p><\/p>\n\n\n<figure class=\"wp-block-video\"><video controls src=\"https:\/\/zhaw.mediaspace.cast.switch.ch\/media\/t\/0_nx75qpb4\"><\/video><\/figure>\n<div class=\"pt-sm\">Schlagw\u00f6rter: <a href=\"https:\/\/blog.zhaw.ch\/iam\/tag\/digitale-transformation\/\">Digitale Transformation<\/a>, <a href=\"https:\/\/blog.zhaw.ch\/iam\/tag\/markus-niederhaeuser\/\">Markus Niederh\u00e4user<\/a>, <a href=\"https:\/\/blog.zhaw.ch\/iam\/tag\/nicole-rosenberger\/\">Nicole Rosenberger<\/a>, <a href=\"https:\/\/blog.zhaw.ch\/iam\/tag\/organisationskommunikation-und-management\/\">Organisationskommunikation und Management<\/a><br><\/div>","protected":false},"excerpt":{"rendered":"<p>Die digitale Transformation ist auf Kommunikation angewiesen und ver\u00e4ndert diese zugleich massgeblich. So m\u00fcssen Kommunikationsverantwortliche die eigene Abteilung auf eine sich laufend ver\u00e4ndernde Umwelt einstellen, aber auch neue Aufgaben innerhalb der ganzen Organisation \u00fcbernehmen und den Dialog \u00fcber den Wandel mit den Stakeholdern f\u00fchren. Die neue IAM-Studie zu Rollen und Aufgaben der Unternehmenskommunikation in der [&hellip;]<\/p>\n","protected":false},"author":288,"featured_media":2781,"comment_status":"open","ping_status":"open","sticky":false,"template":"","format":"standard","meta":{"ngg_post_thumbnail":0,"footnotes":""},"categories":[4],"tags":[108,51,7,107],"features":[],"class_list":["post-2768","post","type-post","status-publish","format-standard","has-post-thumbnail","hentry","category-kommunikation-erforschen","tag-digitale-transformation","tag-markus-niederhaeuser","tag-nicole-rosenberger","tag-organisationskommunikation-und-management"],"yoast_head":"<!-- This site is optimized with the Yoast SEO Premium plugin v27.2 (Yoast SEO v27.2) - https:\/\/yoast.com\/product\/yoast-seo-premium-wordpress\/ -->\n<title>Wie Kommunikation die digitale Transformation erm\u00f6glicht - Wissen, was Kommunikation bewegt<\/title>\n<meta name=\"robots\" content=\"index, follow, max-snippet:-1, max-image-preview:large, max-video-preview:-1\" \/>\n<link rel=\"canonical\" href=\"https:\/\/blog.zhaw.ch\/iam\/wie-kommunikation-die-digitale-transformation-ermoeglicht\/\" \/>\n<meta property=\"og:locale\" content=\"de_DE\" \/>\n<meta property=\"og:type\" content=\"article\" \/>\n<meta property=\"og:title\" content=\"Wie Kommunikation die digitale Transformation erm\u00f6glicht\" \/>\n<meta property=\"og:description\" content=\"Die digitale Transformation ist auf Kommunikation angewiesen und ver\u00e4ndert diese zugleich massgeblich. So m\u00fcssen Kommunikationsverantwortliche die eigene Abteilung auf eine sich laufend ver\u00e4ndernde Umwelt einstellen, aber auch neue Aufgaben innerhalb der ganzen Organisation \u00fcbernehmen und den Dialog \u00fcber den Wandel mit den Stakeholdern f\u00fchren. Die neue IAM-Studie zu Rollen und Aufgaben der Unternehmenskommunikation in der [&hellip;]\" \/>\n<meta property=\"og:url\" content=\"https:\/\/blog.zhaw.ch\/iam\/wie-kommunikation-die-digitale-transformation-ermoeglicht\/\" \/>\n<meta property=\"og:site_name\" content=\"Wissen, was Kommunikation bewegt\" \/>\n<meta property=\"article:published_time\" content=\"2018-11-26T12:30:06+00:00\" \/>\n<meta property=\"article:modified_time\" content=\"2023-09-27T12:12:57+00:00\" \/>\n<meta property=\"og:image\" content=\"https:\/\/blog.zhaw.ch\/iam\/files\/2018\/11\/Bild-digitale-Transformation-1024x683.jpg\" \/>\n\t<meta property=\"og:image:width\" content=\"1024\" \/>\n\t<meta property=\"og:image:height\" content=\"683\" \/>\n\t<meta property=\"og:image:type\" content=\"image\/jpeg\" \/>\n<meta name=\"author\" content=\"Redaktion\" \/>\n<meta name=\"twitter:card\" content=\"summary_large_image\" \/>\n<meta name=\"twitter:label1\" content=\"Verfasst von\" \/>\n\t<meta name=\"twitter:data1\" content=\"Redaktion\" \/>\n\t<meta name=\"twitter:label2\" content=\"Gesch\u00e4tzte Lesezeit\" \/>\n\t<meta name=\"twitter:data2\" content=\"6\u00a0Minuten\" \/>\n<script type=\"application\/ld+json\" class=\"yoast-schema-graph\">{\"@context\":\"https:\/\/schema.org\",\"@graph\":[{\"@type\":\"Article\",\"@id\":\"https:\/\/blog.zhaw.ch\/iam\/wie-kommunikation-die-digitale-transformation-ermoeglicht\/#article\",\"isPartOf\":{\"@id\":\"https:\/\/blog.zhaw.ch\/iam\/wie-kommunikation-die-digitale-transformation-ermoeglicht\/\"},\"author\":{\"name\":\"Redaktion\",\"@id\":\"https:\/\/blog.zhaw.ch\/iam\/#\/schema\/person\/8494a5baba7f30c48b24c5d34fa6121f\"},\"headline\":\"Wie Kommunikation die digitale Transformation erm\u00f6glicht\",\"datePublished\":\"2018-11-26T12:30:06+00:00\",\"dateModified\":\"2023-09-27T12:12:57+00:00\",\"mainEntityOfPage\":{\"@id\":\"https:\/\/blog.zhaw.ch\/iam\/wie-kommunikation-die-digitale-transformation-ermoeglicht\/\"},\"wordCount\":904,\"commentCount\":0,\"image\":{\"@id\":\"https:\/\/blog.zhaw.ch\/iam\/wie-kommunikation-die-digitale-transformation-ermoeglicht\/#primaryimage\"},\"thumbnailUrl\":\"https:\/\/blog.zhaw.ch\/iam\/files\/2018\/11\/Bild-digitale-Transformation.jpg\",\"keywords\":[\"Digitale Transformation\",\"Markus Niederh\u00e4user\",\"Nicole Rosenberger\",\"Organisationskommunikation und Management\"],\"articleSection\":[\"Kommunikation erforschen\"],\"inLanguage\":\"de\",\"potentialAction\":[{\"@type\":\"CommentAction\",\"name\":\"Comment\",\"target\":[\"https:\/\/blog.zhaw.ch\/iam\/wie-kommunikation-die-digitale-transformation-ermoeglicht\/#respond\"]}]},{\"@type\":\"WebPage\",\"@id\":\"https:\/\/blog.zhaw.ch\/iam\/wie-kommunikation-die-digitale-transformation-ermoeglicht\/\",\"url\":\"https:\/\/blog.zhaw.ch\/iam\/wie-kommunikation-die-digitale-transformation-ermoeglicht\/\",\"name\":\"Wie Kommunikation die digitale Transformation erm\u00f6glicht - Wissen, was Kommunikation bewegt\",\"isPartOf\":{\"@id\":\"https:\/\/blog.zhaw.ch\/iam\/#website\"},\"primaryImageOfPage\":{\"@id\":\"https:\/\/blog.zhaw.ch\/iam\/wie-kommunikation-die-digitale-transformation-ermoeglicht\/#primaryimage\"},\"image\":{\"@id\":\"https:\/\/blog.zhaw.ch\/iam\/wie-kommunikation-die-digitale-transformation-ermoeglicht\/#primaryimage\"},\"thumbnailUrl\":\"https:\/\/blog.zhaw.ch\/iam\/files\/2018\/11\/Bild-digitale-Transformation.jpg\",\"datePublished\":\"2018-11-26T12:30:06+00:00\",\"dateModified\":\"2023-09-27T12:12:57+00:00\",\"author\":{\"@id\":\"https:\/\/blog.zhaw.ch\/iam\/#\/schema\/person\/8494a5baba7f30c48b24c5d34fa6121f\"},\"breadcrumb\":{\"@id\":\"https:\/\/blog.zhaw.ch\/iam\/wie-kommunikation-die-digitale-transformation-ermoeglicht\/#breadcrumb\"},\"inLanguage\":\"de\",\"potentialAction\":[{\"@type\":\"ReadAction\",\"target\":[\"https:\/\/blog.zhaw.ch\/iam\/wie-kommunikation-die-digitale-transformation-ermoeglicht\/\"]}]},{\"@type\":\"ImageObject\",\"inLanguage\":\"de\",\"@id\":\"https:\/\/blog.zhaw.ch\/iam\/wie-kommunikation-die-digitale-transformation-ermoeglicht\/#primaryimage\",\"url\":\"https:\/\/blog.zhaw.ch\/iam\/files\/2018\/11\/Bild-digitale-Transformation.jpg\",\"contentUrl\":\"https:\/\/blog.zhaw.ch\/iam\/files\/2018\/11\/Bild-digitale-Transformation.jpg\",\"width\":5184,\"height\":3456,\"caption\":\"Digitale Transformation\"},{\"@type\":\"BreadcrumbList\",\"@id\":\"https:\/\/blog.zhaw.ch\/iam\/wie-kommunikation-die-digitale-transformation-ermoeglicht\/#breadcrumb\",\"itemListElement\":[{\"@type\":\"ListItem\",\"position\":1,\"name\":\"Startseite\",\"item\":\"https:\/\/blog.zhaw.ch\/iam\/\"},{\"@type\":\"ListItem\",\"position\":2,\"name\":\"Wie Kommunikation die digitale Transformation erm\u00f6glicht\"}]},{\"@type\":\"WebSite\",\"@id\":\"https:\/\/blog.zhaw.ch\/iam\/#website\",\"url\":\"https:\/\/blog.zhaw.ch\/iam\/\",\"name\":\"Wissen, was Kommunikation bewegt\",\"description\":\"Ein Blog der ZHAW Z\u00fcrcher Hochschule f\u00fcr Angewandte Wissenschaften\",\"potentialAction\":[{\"@type\":\"SearchAction\",\"target\":{\"@type\":\"EntryPoint\",\"urlTemplate\":\"https:\/\/blog.zhaw.ch\/iam\/?s={search_term_string}\"},\"query-input\":{\"@type\":\"PropertyValueSpecification\",\"valueRequired\":true,\"valueName\":\"search_term_string\"}}],\"inLanguage\":\"de\"},{\"@type\":\"Person\",\"@id\":\"https:\/\/blog.zhaw.ch\/iam\/#\/schema\/person\/8494a5baba7f30c48b24c5d34fa6121f\",\"name\":\"Redaktion\",\"image\":{\"@type\":\"ImageObject\",\"inLanguage\":\"de\",\"@id\":\"https:\/\/secure.gravatar.com\/avatar\/91ce411854487fc750cea0bc64812027066d15e57c3db27b5425f51995832743?s=96&d=mm&r=g\",\"url\":\"https:\/\/secure.gravatar.com\/avatar\/91ce411854487fc750cea0bc64812027066d15e57c3db27b5425f51995832743?s=96&d=mm&r=g\",\"contentUrl\":\"https:\/\/secure.gravatar.com\/avatar\/91ce411854487fc750cea0bc64812027066d15e57c3db27b5425f51995832743?s=96&d=mm&r=g\",\"caption\":\"Redaktion\"},\"url\":\"https:\/\/blog.zhaw.ch\/iam\/author\/onuo\/\"}]}<\/script>\n<!-- \/ Yoast SEO Premium plugin. -->","yoast_head_json":{"title":"Wie Kommunikation die digitale Transformation erm\u00f6glicht - Wissen, was Kommunikation bewegt","robots":{"index":"index","follow":"follow","max-snippet":"max-snippet:-1","max-image-preview":"max-image-preview:large","max-video-preview":"max-video-preview:-1"},"canonical":"https:\/\/blog.zhaw.ch\/iam\/wie-kommunikation-die-digitale-transformation-ermoeglicht\/","og_locale":"de_DE","og_type":"article","og_title":"Wie Kommunikation die digitale Transformation erm\u00f6glicht","og_description":"Die digitale Transformation ist auf Kommunikation angewiesen und ver\u00e4ndert diese zugleich massgeblich. So m\u00fcssen Kommunikationsverantwortliche die eigene Abteilung auf eine sich laufend ver\u00e4ndernde Umwelt einstellen, aber auch neue Aufgaben innerhalb der ganzen Organisation \u00fcbernehmen und den Dialog \u00fcber den Wandel mit den Stakeholdern f\u00fchren. Die neue IAM-Studie zu Rollen und Aufgaben der Unternehmenskommunikation in der [&hellip;]","og_url":"https:\/\/blog.zhaw.ch\/iam\/wie-kommunikation-die-digitale-transformation-ermoeglicht\/","og_site_name":"Wissen, was Kommunikation bewegt","article_published_time":"2018-11-26T12:30:06+00:00","article_modified_time":"2023-09-27T12:12:57+00:00","og_image":[{"width":1024,"height":683,"url":"https:\/\/blog.zhaw.ch\/iam\/files\/2018\/11\/Bild-digitale-Transformation-1024x683.jpg","type":"image\/jpeg"}],"author":"Redaktion","twitter_card":"summary_large_image","twitter_misc":{"Verfasst von":"Redaktion","Gesch\u00e4tzte Lesezeit":"6\u00a0Minuten"},"schema":{"@context":"https:\/\/schema.org","@graph":[{"@type":"Article","@id":"https:\/\/blog.zhaw.ch\/iam\/wie-kommunikation-die-digitale-transformation-ermoeglicht\/#article","isPartOf":{"@id":"https:\/\/blog.zhaw.ch\/iam\/wie-kommunikation-die-digitale-transformation-ermoeglicht\/"},"author":{"name":"Redaktion","@id":"https:\/\/blog.zhaw.ch\/iam\/#\/schema\/person\/8494a5baba7f30c48b24c5d34fa6121f"},"headline":"Wie Kommunikation die digitale Transformation erm\u00f6glicht","datePublished":"2018-11-26T12:30:06+00:00","dateModified":"2023-09-27T12:12:57+00:00","mainEntityOfPage":{"@id":"https:\/\/blog.zhaw.ch\/iam\/wie-kommunikation-die-digitale-transformation-ermoeglicht\/"},"wordCount":904,"commentCount":0,"image":{"@id":"https:\/\/blog.zhaw.ch\/iam\/wie-kommunikation-die-digitale-transformation-ermoeglicht\/#primaryimage"},"thumbnailUrl":"https:\/\/blog.zhaw.ch\/iam\/files\/2018\/11\/Bild-digitale-Transformation.jpg","keywords":["Digitale Transformation","Markus Niederh\u00e4user","Nicole Rosenberger","Organisationskommunikation und Management"],"articleSection":["Kommunikation erforschen"],"inLanguage":"de","potentialAction":[{"@type":"CommentAction","name":"Comment","target":["https:\/\/blog.zhaw.ch\/iam\/wie-kommunikation-die-digitale-transformation-ermoeglicht\/#respond"]}]},{"@type":"WebPage","@id":"https:\/\/blog.zhaw.ch\/iam\/wie-kommunikation-die-digitale-transformation-ermoeglicht\/","url":"https:\/\/blog.zhaw.ch\/iam\/wie-kommunikation-die-digitale-transformation-ermoeglicht\/","name":"Wie Kommunikation die digitale Transformation erm\u00f6glicht - Wissen, was Kommunikation bewegt","isPartOf":{"@id":"https:\/\/blog.zhaw.ch\/iam\/#website"},"primaryImageOfPage":{"@id":"https:\/\/blog.zhaw.ch\/iam\/wie-kommunikation-die-digitale-transformation-ermoeglicht\/#primaryimage"},"image":{"@id":"https:\/\/blog.zhaw.ch\/iam\/wie-kommunikation-die-digitale-transformation-ermoeglicht\/#primaryimage"},"thumbnailUrl":"https:\/\/blog.zhaw.ch\/iam\/files\/2018\/11\/Bild-digitale-Transformation.jpg","datePublished":"2018-11-26T12:30:06+00:00","dateModified":"2023-09-27T12:12:57+00:00","author":{"@id":"https:\/\/blog.zhaw.ch\/iam\/#\/schema\/person\/8494a5baba7f30c48b24c5d34fa6121f"},"breadcrumb":{"@id":"https:\/\/blog.zhaw.ch\/iam\/wie-kommunikation-die-digitale-transformation-ermoeglicht\/#breadcrumb"},"inLanguage":"de","potentialAction":[{"@type":"ReadAction","target":["https:\/\/blog.zhaw.ch\/iam\/wie-kommunikation-die-digitale-transformation-ermoeglicht\/"]}]},{"@type":"ImageObject","inLanguage":"de","@id":"https:\/\/blog.zhaw.ch\/iam\/wie-kommunikation-die-digitale-transformation-ermoeglicht\/#primaryimage","url":"https:\/\/blog.zhaw.ch\/iam\/files\/2018\/11\/Bild-digitale-Transformation.jpg","contentUrl":"https:\/\/blog.zhaw.ch\/iam\/files\/2018\/11\/Bild-digitale-Transformation.jpg","width":5184,"height":3456,"caption":"Digitale Transformation"},{"@type":"BreadcrumbList","@id":"https:\/\/blog.zhaw.ch\/iam\/wie-kommunikation-die-digitale-transformation-ermoeglicht\/#breadcrumb","itemListElement":[{"@type":"ListItem","position":1,"name":"Startseite","item":"https:\/\/blog.zhaw.ch\/iam\/"},{"@type":"ListItem","position":2,"name":"Wie Kommunikation die digitale Transformation erm\u00f6glicht"}]},{"@type":"WebSite","@id":"https:\/\/blog.zhaw.ch\/iam\/#website","url":"https:\/\/blog.zhaw.ch\/iam\/","name":"Wissen, was Kommunikation bewegt","description":"Ein Blog der ZHAW Z\u00fcrcher Hochschule f\u00fcr Angewandte Wissenschaften","potentialAction":[{"@type":"SearchAction","target":{"@type":"EntryPoint","urlTemplate":"https:\/\/blog.zhaw.ch\/iam\/?s={search_term_string}"},"query-input":{"@type":"PropertyValueSpecification","valueRequired":true,"valueName":"search_term_string"}}],"inLanguage":"de"},{"@type":"Person","@id":"https:\/\/blog.zhaw.ch\/iam\/#\/schema\/person\/8494a5baba7f30c48b24c5d34fa6121f","name":"Redaktion","image":{"@type":"ImageObject","inLanguage":"de","@id":"https:\/\/secure.gravatar.com\/avatar\/91ce411854487fc750cea0bc64812027066d15e57c3db27b5425f51995832743?s=96&d=mm&r=g","url":"https:\/\/secure.gravatar.com\/avatar\/91ce411854487fc750cea0bc64812027066d15e57c3db27b5425f51995832743?s=96&d=mm&r=g","contentUrl":"https:\/\/secure.gravatar.com\/avatar\/91ce411854487fc750cea0bc64812027066d15e57c3db27b5425f51995832743?s=96&d=mm&r=g","caption":"Redaktion"},"url":"https:\/\/blog.zhaw.ch\/iam\/author\/onuo\/"}]}},"_links":{"self":[{"href":"https:\/\/blog.zhaw.ch\/iam\/wp-json\/wp\/v2\/posts\/2768","targetHints":{"allow":["GET"]}}],"collection":[{"href":"https:\/\/blog.zhaw.ch\/iam\/wp-json\/wp\/v2\/posts"}],"about":[{"href":"https:\/\/blog.zhaw.ch\/iam\/wp-json\/wp\/v2\/types\/post"}],"author":[{"embeddable":true,"href":"https:\/\/blog.zhaw.ch\/iam\/wp-json\/wp\/v2\/users\/288"}],"replies":[{"embeddable":true,"href":"https:\/\/blog.zhaw.ch\/iam\/wp-json\/wp\/v2\/comments?post=2768"}],"version-history":[{"count":17,"href":"https:\/\/blog.zhaw.ch\/iam\/wp-json\/wp\/v2\/posts\/2768\/revisions"}],"predecessor-version":[{"id":2850,"href":"https:\/\/blog.zhaw.ch\/iam\/wp-json\/wp\/v2\/posts\/2768\/revisions\/2850"}],"wp:featuredmedia":[{"embeddable":true,"href":"https:\/\/blog.zhaw.ch\/iam\/wp-json\/wp\/v2\/media\/2781"}],"wp:attachment":[{"href":"https:\/\/blog.zhaw.ch\/iam\/wp-json\/wp\/v2\/media?parent=2768"}],"wp:term":[{"taxonomy":"category","embeddable":true,"href":"https:\/\/blog.zhaw.ch\/iam\/wp-json\/wp\/v2\/categories?post=2768"},{"taxonomy":"post_tag","embeddable":true,"href":"https:\/\/blog.zhaw.ch\/iam\/wp-json\/wp\/v2\/tags?post=2768"},{"taxonomy":"features","embeddable":true,"href":"https:\/\/blog.zhaw.ch\/iam\/wp-json\/wp\/v2\/features?post=2768"}],"curies":[{"name":"wp","href":"https:\/\/api.w.org\/{rel}","templated":true}]}}