{"id":1610,"date":"2016-07-05T09:09:55","date_gmt":"2016-07-05T07:09:55","guid":{"rendered":"https:\/\/blog.zhaw.ch\/iam\/?p=1610"},"modified":"2016-07-05T09:12:19","modified_gmt":"2016-07-05T07:12:19","slug":"aus-gutem-grund-public-storytelling-und-argumentation","status":"publish","type":"post","link":"https:\/\/blog.zhaw.ch\/iam\/aus-gutem-grund-public-storytelling-und-argumentation\/","title":{"rendered":"Aus gutem Grund: Public Storytelling und Argumentation"},"content":{"rendered":"<pre>von <a href=\"https:\/\/www.zhaw.ch\/de\/ueber-uns\/person\/zamp\/\" target=\"_blank\">Dr. Marta Zampa<\/a>, Wissenschaftliche Mitarbeiterin IAM<\/pre>\n<p>Themen ausw\u00e4hlen, Geschichten gestalten, Rollen verteilen, Priorit\u00e4ten setzen, Vor- und Nachteile abw\u00e4gen, und all dies unter Zeit- und Leistungsdruck: Aus diesen und anderen Aufgaben besteht die t\u00e4gliche Arbeit von Journalisten, sowohl in traditionellen als auch in Onlinemedien. Der Prozess der Nachrichtenherstellung stellt eine immer komplexere Herausforderung f\u00fcr Medienschaffende dar \u2013\u00a0und damit auch ein spannendes Forschungsfeld. Die Medienlinguistik am IAM schaut seit 15 Jahren in gro\u00dfen Forschungsprojekten hinter den Kulissen journalistischer Produktion und nutzt ihre Erkenntnisse f\u00fcr die Praxisausbildung. In neuen Projekten geht es dabei um das Zusammenspiel von Argumentation und Narration in Public Storytelling.<\/p>\n<p><strong>Erforschen \u2026<br \/>\n<\/strong>Seit 2012 ist Argumentation in redaktionellen Interaktionen Untersuchungsgegenstand am IAM. Wie NachrichtenjournalistInnen argumentieren, war das Hauptaugenmerk des Nationalsfonds-Projekts \u201eArgumentation in newsmaking process and product\u201c, welches das IAM zusammen mit der Universit\u00e0 della Svizzera italiana (Lugano) und der Universit\u00e4t Lausanne durchf\u00fchrte. Das Projekt hat gezeigt, wie Journalisten an allen Schnittstellen ihrer Arbeit \u00fcber ihre Entscheidungen argumentieren: in Redaktionssitzungen, in Unterhaltungen am Schnittplatz, aber auch mit sich selbst, w\u00e4hrend sie schreiben. Die Forschungsergebnisse wurden an zahlreichen Tagungen pr\u00e4sentiert und werden in <a href=\"https:\/\/www.zhaw.ch\/de\/ueber-uns\/person\/zamp\/\" target=\"_blank\">Marta Zampas<\/a> Dissertation \u201cNews values as endoxa of newsmaking. An investigation of argumentative practices in the newsroom\u201d systematisch dargestellt. Einen Ausschnitt der Forschung stellt eine Sonderausgabe der Zeitschrift <a href=\"https:\/\/benjamins.com\/#catalog\/journals\/jaic\/main\" target=\"_blank\">\u201eJournal of Argumentation in Context\u201c\u00a0<\/a>vor.<\/p>\n<p><strong>\u2026 f\u00fcr Theorie \u2026<br \/>\n<\/strong>Um das Zusammenspiel von Argumentation und Narration auszuleuchten, haben nun <a href=\"https:\/\/www.zhaw.ch\/de\/ueber-uns\/person\/pdan\/\" target=\"_blank\">Daniel Perrin <\/a>und Marta Zampa einen <a href=\"http:\/\/www.journals.elsevier.com\/studies-in-communication-sciences\/call-for-papers\/beyond-the-myth-of-journalistic-storytelling-why-a-narrative\" target=\"_blank\">Call for Papers<\/a>\u00a0von f\u00fcr ein Sonderheft der Zeitschrift \u201c<a href=\"http:\/\/www.journals.elsevier.com\/studies-in-communication-sciences\" target=\"_blank\">Studies in Communication Sciences<\/a>\u201d\u00a0ver\u00f6ffentlicht. Ziel ist, in f\u00fcnf bis sieben dichten Beitr\u00e4gen Ursprung, Gr\u00fcnde und Beschr\u00e4nkungen der traditionellen Auffassung von Journalismus als Storytelling aufzuzeigen und zu diskutieren.<\/p>\n<p><strong>\u2026 und Praxis<br \/>\n<\/strong>Seit dem Fr\u00fchlingsemester 2016 ist dieses Thema zudem Teil des Lehrangebotes am IAM. Marta Zampa und <a href=\"https:\/\/www.zhaw.ch\/de\/ueber-uns\/person\/gnaa\/\" target=\"_blank\">Aleksandra Gnach <\/a>bieten das MeFo Seminar \u201cArgumentieren und entscheiden in Journalismus und Organisationskommunikation\u201c an. Bachelorstudierende haben somit die Gelegenheit, die Grundlagen der Argumentationstheorie zu lernen und unmittelbar f\u00fcr die Analyse von Entscheidungsprozessen in Redaktionen anzuwenden. Lisa Aeschlimann, Bachelorstudentin, sagt es so: \u201eGut argumentieren zu k\u00f6nnen ist eine wichtige Kernkompetenz f\u00fcr Journalistinnen und Kommunikatoren. Der Kurs hilft, sich seiner eigenen Argumentation bewusster zu werden und die Argumente anderer besser zu verstehen.\u201c<\/p>\n<figure id=\"attachment_1616\" aria-describedby=\"caption-attachment-1616\" style=\"width: 300px\" class=\"wp-caption aligncenter\"><a href=\"https:\/\/blog.zhaw.ch\/iam\/files\/2016\/06\/zamp.jpg\"><img loading=\"lazy\" decoding=\"async\" class=\"wp-image-1616 size-full\" src=\"https:\/\/blog.zhaw.ch\/iam\/files\/2016\/06\/zamp.jpg\" alt=\"marta zampa\" width=\"300\" height=\"300\" srcset=\"https:\/\/blog.zhaw.ch\/iam\/files\/2016\/06\/zamp.jpg 300w, https:\/\/blog.zhaw.ch\/iam\/files\/2016\/06\/zamp-150x150.jpg 150w\" sizes=\"auto, (max-width: 300px) 100vw, 300px\" \/><\/a><figcaption id=\"caption-attachment-1616\" class=\"wp-caption-text\">Dr. Marta Zampa ist seit September 2015 Wissenschaftliche Mitarbeiterin am IAM.<\/figcaption><\/figure>\n<div class=\"pt-sm\">Schlagw\u00f6rter: <a href=\"https:\/\/blog.zhaw.ch\/iam\/tag\/storytelling\/\">Storytelling<\/a><br><\/div>","protected":false},"excerpt":{"rendered":"<p>von Dr. Marta Zampa, Wissenschaftliche Mitarbeiterin IAM Themen ausw\u00e4hlen, Geschichten gestalten, Rollen verteilen, Priorit\u00e4ten setzen, Vor- und Nachteile abw\u00e4gen, und all dies unter Zeit- und Leistungsdruck: Aus diesen und anderen Aufgaben besteht die t\u00e4gliche Arbeit von Journalisten, sowohl in traditionellen als auch in Onlinemedien. Der Prozess der Nachrichtenherstellung stellt eine immer komplexere Herausforderung f\u00fcr Medienschaffende [&hellip;]<\/p>\n","protected":false},"author":70,"featured_media":1615,"comment_status":"open","ping_status":"open","sticky":false,"template":"","format":"standard","meta":{"ngg_post_thumbnail":0,"footnotes":""},"categories":[4],"tags":[62],"features":[],"class_list":["post-1610","post","type-post","status-publish","format-standard","has-post-thumbnail","hentry","category-kommunikation-erforschen","tag-storytelling"],"yoast_head":"<!-- This site is optimized with the Yoast SEO Premium plugin v27.2 (Yoast SEO v27.2) - https:\/\/yoast.com\/product\/yoast-seo-premium-wordpress\/ -->\n<title>Aus gutem Grund: Public Storytelling und Argumentation - Wissen, was Kommunikation bewegt<\/title>\n<meta name=\"robots\" content=\"index, follow, max-snippet:-1, max-image-preview:large, max-video-preview:-1\" \/>\n<link rel=\"canonical\" href=\"https:\/\/blog.zhaw.ch\/iam\/aus-gutem-grund-public-storytelling-und-argumentation\/\" \/>\n<meta property=\"og:locale\" content=\"de_DE\" \/>\n<meta property=\"og:type\" content=\"article\" \/>\n<meta property=\"og:title\" content=\"Aus gutem Grund: Public Storytelling und Argumentation\" \/>\n<meta property=\"og:description\" content=\"von Dr. Marta Zampa, Wissenschaftliche Mitarbeiterin IAM Themen ausw\u00e4hlen, Geschichten gestalten, Rollen verteilen, Priorit\u00e4ten setzen, Vor- und Nachteile abw\u00e4gen, und all dies unter Zeit- und Leistungsdruck: Aus diesen und anderen Aufgaben besteht die t\u00e4gliche Arbeit von Journalisten, sowohl in traditionellen als auch in Onlinemedien. Der Prozess der Nachrichtenherstellung stellt eine immer komplexere Herausforderung f\u00fcr Medienschaffende [&hellip;]\" \/>\n<meta property=\"og:url\" content=\"https:\/\/blog.zhaw.ch\/iam\/aus-gutem-grund-public-storytelling-und-argumentation\/\" \/>\n<meta property=\"og:site_name\" content=\"Wissen, was Kommunikation bewegt\" \/>\n<meta property=\"article:published_time\" content=\"2016-07-05T07:09:55+00:00\" \/>\n<meta property=\"article:modified_time\" content=\"2016-07-05T07:12:19+00:00\" \/>\n<meta property=\"og:image\" content=\"https:\/\/blog.zhaw.ch\/iam\/files\/2016\/06\/luca-della-robbia.jpg\" \/>\n\t<meta property=\"og:image:width\" content=\"1024\" \/>\n\t<meta property=\"og:image:height\" content=\"967\" \/>\n\t<meta property=\"og:image:type\" content=\"image\/jpeg\" \/>\n<meta name=\"author\" content=\"harz\" \/>\n<meta name=\"twitter:card\" content=\"summary_large_image\" \/>\n<meta name=\"twitter:label1\" content=\"Verfasst von\" \/>\n\t<meta name=\"twitter:data1\" content=\"harz\" \/>\n\t<meta name=\"twitter:label2\" content=\"Gesch\u00e4tzte Lesezeit\" \/>\n\t<meta name=\"twitter:data2\" content=\"2\u00a0Minuten\" \/>\n<script type=\"application\/ld+json\" class=\"yoast-schema-graph\">{\"@context\":\"https:\/\/schema.org\",\"@graph\":[{\"@type\":\"Article\",\"@id\":\"https:\/\/blog.zhaw.ch\/iam\/aus-gutem-grund-public-storytelling-und-argumentation\/#article\",\"isPartOf\":{\"@id\":\"https:\/\/blog.zhaw.ch\/iam\/aus-gutem-grund-public-storytelling-und-argumentation\/\"},\"author\":{\"name\":\"harz\",\"@id\":\"https:\/\/blog.zhaw.ch\/iam\/#\/schema\/person\/c36b3ee0d42457649af4fa010c466b0a\"},\"headline\":\"Aus gutem Grund: Public Storytelling und Argumentation\",\"datePublished\":\"2016-07-05T07:09:55+00:00\",\"dateModified\":\"2016-07-05T07:12:19+00:00\",\"mainEntityOfPage\":{\"@id\":\"https:\/\/blog.zhaw.ch\/iam\/aus-gutem-grund-public-storytelling-und-argumentation\/\"},\"wordCount\":394,\"commentCount\":0,\"image\":{\"@id\":\"https:\/\/blog.zhaw.ch\/iam\/aus-gutem-grund-public-storytelling-und-argumentation\/#primaryimage\"},\"thumbnailUrl\":\"https:\/\/blog.zhaw.ch\/iam\/files\/2016\/06\/luca-della-robbia.jpg\",\"keywords\":[\"Storytelling\"],\"articleSection\":[\"Kommunikation erforschen\"],\"inLanguage\":\"de\",\"potentialAction\":[{\"@type\":\"CommentAction\",\"name\":\"Comment\",\"target\":[\"https:\/\/blog.zhaw.ch\/iam\/aus-gutem-grund-public-storytelling-und-argumentation\/#respond\"]}]},{\"@type\":\"WebPage\",\"@id\":\"https:\/\/blog.zhaw.ch\/iam\/aus-gutem-grund-public-storytelling-und-argumentation\/\",\"url\":\"https:\/\/blog.zhaw.ch\/iam\/aus-gutem-grund-public-storytelling-und-argumentation\/\",\"name\":\"Aus gutem Grund: Public Storytelling und Argumentation - Wissen, was Kommunikation bewegt\",\"isPartOf\":{\"@id\":\"https:\/\/blog.zhaw.ch\/iam\/#website\"},\"primaryImageOfPage\":{\"@id\":\"https:\/\/blog.zhaw.ch\/iam\/aus-gutem-grund-public-storytelling-und-argumentation\/#primaryimage\"},\"image\":{\"@id\":\"https:\/\/blog.zhaw.ch\/iam\/aus-gutem-grund-public-storytelling-und-argumentation\/#primaryimage\"},\"thumbnailUrl\":\"https:\/\/blog.zhaw.ch\/iam\/files\/2016\/06\/luca-della-robbia.jpg\",\"datePublished\":\"2016-07-05T07:09:55+00:00\",\"dateModified\":\"2016-07-05T07:12:19+00:00\",\"author\":{\"@id\":\"https:\/\/blog.zhaw.ch\/iam\/#\/schema\/person\/c36b3ee0d42457649af4fa010c466b0a\"},\"breadcrumb\":{\"@id\":\"https:\/\/blog.zhaw.ch\/iam\/aus-gutem-grund-public-storytelling-und-argumentation\/#breadcrumb\"},\"inLanguage\":\"de\",\"potentialAction\":[{\"@type\":\"ReadAction\",\"target\":[\"https:\/\/blog.zhaw.ch\/iam\/aus-gutem-grund-public-storytelling-und-argumentation\/\"]}]},{\"@type\":\"ImageObject\",\"inLanguage\":\"de\",\"@id\":\"https:\/\/blog.zhaw.ch\/iam\/aus-gutem-grund-public-storytelling-und-argumentation\/#primaryimage\",\"url\":\"https:\/\/blog.zhaw.ch\/iam\/files\/2016\/06\/luca-della-robbia.jpg\",\"contentUrl\":\"https:\/\/blog.zhaw.ch\/iam\/files\/2016\/06\/luca-della-robbia.jpg\",\"width\":1024,\"height\":967},{\"@type\":\"BreadcrumbList\",\"@id\":\"https:\/\/blog.zhaw.ch\/iam\/aus-gutem-grund-public-storytelling-und-argumentation\/#breadcrumb\",\"itemListElement\":[{\"@type\":\"ListItem\",\"position\":1,\"name\":\"Startseite\",\"item\":\"https:\/\/blog.zhaw.ch\/iam\/\"},{\"@type\":\"ListItem\",\"position\":2,\"name\":\"Aus gutem Grund: Public Storytelling und Argumentation\"}]},{\"@type\":\"WebSite\",\"@id\":\"https:\/\/blog.zhaw.ch\/iam\/#website\",\"url\":\"https:\/\/blog.zhaw.ch\/iam\/\",\"name\":\"Wissen, was Kommunikation bewegt\",\"description\":\"Ein Blog der ZHAW Z\u00fcrcher Hochschule f\u00fcr Angewandte Wissenschaften\",\"potentialAction\":[{\"@type\":\"SearchAction\",\"target\":{\"@type\":\"EntryPoint\",\"urlTemplate\":\"https:\/\/blog.zhaw.ch\/iam\/?s={search_term_string}\"},\"query-input\":{\"@type\":\"PropertyValueSpecification\",\"valueRequired\":true,\"valueName\":\"search_term_string\"}}],\"inLanguage\":\"de\"},{\"@type\":\"Person\",\"@id\":\"https:\/\/blog.zhaw.ch\/iam\/#\/schema\/person\/c36b3ee0d42457649af4fa010c466b0a\",\"name\":\"harz\",\"image\":{\"@type\":\"ImageObject\",\"inLanguage\":\"de\",\"@id\":\"https:\/\/blog.zhaw.ch\/iam\/files\/2014\/03\/dh_fb-150x150.jpg\",\"url\":\"https:\/\/blog.zhaw.ch\/iam\/files\/2014\/03\/dh_fb-150x150.jpg\",\"contentUrl\":\"https:\/\/blog.zhaw.ch\/iam\/files\/2014\/03\/dh_fb-150x150.jpg\",\"caption\":\"harz\"},\"description\":\"Head of Corporate Communications of School of Applied Linguistics at ZHAW\",\"url\":\"https:\/\/blog.zhaw.ch\/iam\/author\/harz\/\"}]}<\/script>\n<!-- \/ Yoast SEO Premium plugin. -->","yoast_head_json":{"title":"Aus gutem Grund: Public Storytelling und Argumentation - Wissen, was Kommunikation bewegt","robots":{"index":"index","follow":"follow","max-snippet":"max-snippet:-1","max-image-preview":"max-image-preview:large","max-video-preview":"max-video-preview:-1"},"canonical":"https:\/\/blog.zhaw.ch\/iam\/aus-gutem-grund-public-storytelling-und-argumentation\/","og_locale":"de_DE","og_type":"article","og_title":"Aus gutem Grund: Public Storytelling und Argumentation","og_description":"von Dr. Marta Zampa, Wissenschaftliche Mitarbeiterin IAM Themen ausw\u00e4hlen, Geschichten gestalten, Rollen verteilen, Priorit\u00e4ten setzen, Vor- und Nachteile abw\u00e4gen, und all dies unter Zeit- und Leistungsdruck: Aus diesen und anderen Aufgaben besteht die t\u00e4gliche Arbeit von Journalisten, sowohl in traditionellen als auch in Onlinemedien. Der Prozess der Nachrichtenherstellung stellt eine immer komplexere Herausforderung f\u00fcr Medienschaffende [&hellip;]","og_url":"https:\/\/blog.zhaw.ch\/iam\/aus-gutem-grund-public-storytelling-und-argumentation\/","og_site_name":"Wissen, was Kommunikation bewegt","article_published_time":"2016-07-05T07:09:55+00:00","article_modified_time":"2016-07-05T07:12:19+00:00","og_image":[{"width":1024,"height":967,"url":"https:\/\/blog.zhaw.ch\/iam\/files\/2016\/06\/luca-della-robbia.jpg","type":"image\/jpeg"}],"author":"harz","twitter_card":"summary_large_image","twitter_misc":{"Verfasst von":"harz","Gesch\u00e4tzte Lesezeit":"2\u00a0Minuten"},"schema":{"@context":"https:\/\/schema.org","@graph":[{"@type":"Article","@id":"https:\/\/blog.zhaw.ch\/iam\/aus-gutem-grund-public-storytelling-und-argumentation\/#article","isPartOf":{"@id":"https:\/\/blog.zhaw.ch\/iam\/aus-gutem-grund-public-storytelling-und-argumentation\/"},"author":{"name":"harz","@id":"https:\/\/blog.zhaw.ch\/iam\/#\/schema\/person\/c36b3ee0d42457649af4fa010c466b0a"},"headline":"Aus gutem Grund: Public Storytelling und Argumentation","datePublished":"2016-07-05T07:09:55+00:00","dateModified":"2016-07-05T07:12:19+00:00","mainEntityOfPage":{"@id":"https:\/\/blog.zhaw.ch\/iam\/aus-gutem-grund-public-storytelling-und-argumentation\/"},"wordCount":394,"commentCount":0,"image":{"@id":"https:\/\/blog.zhaw.ch\/iam\/aus-gutem-grund-public-storytelling-und-argumentation\/#primaryimage"},"thumbnailUrl":"https:\/\/blog.zhaw.ch\/iam\/files\/2016\/06\/luca-della-robbia.jpg","keywords":["Storytelling"],"articleSection":["Kommunikation erforschen"],"inLanguage":"de","potentialAction":[{"@type":"CommentAction","name":"Comment","target":["https:\/\/blog.zhaw.ch\/iam\/aus-gutem-grund-public-storytelling-und-argumentation\/#respond"]}]},{"@type":"WebPage","@id":"https:\/\/blog.zhaw.ch\/iam\/aus-gutem-grund-public-storytelling-und-argumentation\/","url":"https:\/\/blog.zhaw.ch\/iam\/aus-gutem-grund-public-storytelling-und-argumentation\/","name":"Aus gutem Grund: Public Storytelling und Argumentation - Wissen, was Kommunikation bewegt","isPartOf":{"@id":"https:\/\/blog.zhaw.ch\/iam\/#website"},"primaryImageOfPage":{"@id":"https:\/\/blog.zhaw.ch\/iam\/aus-gutem-grund-public-storytelling-und-argumentation\/#primaryimage"},"image":{"@id":"https:\/\/blog.zhaw.ch\/iam\/aus-gutem-grund-public-storytelling-und-argumentation\/#primaryimage"},"thumbnailUrl":"https:\/\/blog.zhaw.ch\/iam\/files\/2016\/06\/luca-della-robbia.jpg","datePublished":"2016-07-05T07:09:55+00:00","dateModified":"2016-07-05T07:12:19+00:00","author":{"@id":"https:\/\/blog.zhaw.ch\/iam\/#\/schema\/person\/c36b3ee0d42457649af4fa010c466b0a"},"breadcrumb":{"@id":"https:\/\/blog.zhaw.ch\/iam\/aus-gutem-grund-public-storytelling-und-argumentation\/#breadcrumb"},"inLanguage":"de","potentialAction":[{"@type":"ReadAction","target":["https:\/\/blog.zhaw.ch\/iam\/aus-gutem-grund-public-storytelling-und-argumentation\/"]}]},{"@type":"ImageObject","inLanguage":"de","@id":"https:\/\/blog.zhaw.ch\/iam\/aus-gutem-grund-public-storytelling-und-argumentation\/#primaryimage","url":"https:\/\/blog.zhaw.ch\/iam\/files\/2016\/06\/luca-della-robbia.jpg","contentUrl":"https:\/\/blog.zhaw.ch\/iam\/files\/2016\/06\/luca-della-robbia.jpg","width":1024,"height":967},{"@type":"BreadcrumbList","@id":"https:\/\/blog.zhaw.ch\/iam\/aus-gutem-grund-public-storytelling-und-argumentation\/#breadcrumb","itemListElement":[{"@type":"ListItem","position":1,"name":"Startseite","item":"https:\/\/blog.zhaw.ch\/iam\/"},{"@type":"ListItem","position":2,"name":"Aus gutem Grund: Public Storytelling und Argumentation"}]},{"@type":"WebSite","@id":"https:\/\/blog.zhaw.ch\/iam\/#website","url":"https:\/\/blog.zhaw.ch\/iam\/","name":"Wissen, was Kommunikation bewegt","description":"Ein Blog der ZHAW Z\u00fcrcher Hochschule f\u00fcr Angewandte Wissenschaften","potentialAction":[{"@type":"SearchAction","target":{"@type":"EntryPoint","urlTemplate":"https:\/\/blog.zhaw.ch\/iam\/?s={search_term_string}"},"query-input":{"@type":"PropertyValueSpecification","valueRequired":true,"valueName":"search_term_string"}}],"inLanguage":"de"},{"@type":"Person","@id":"https:\/\/blog.zhaw.ch\/iam\/#\/schema\/person\/c36b3ee0d42457649af4fa010c466b0a","name":"harz","image":{"@type":"ImageObject","inLanguage":"de","@id":"https:\/\/blog.zhaw.ch\/iam\/files\/2014\/03\/dh_fb-150x150.jpg","url":"https:\/\/blog.zhaw.ch\/iam\/files\/2014\/03\/dh_fb-150x150.jpg","contentUrl":"https:\/\/blog.zhaw.ch\/iam\/files\/2014\/03\/dh_fb-150x150.jpg","caption":"harz"},"description":"Head of Corporate Communications of School of Applied Linguistics at ZHAW","url":"https:\/\/blog.zhaw.ch\/iam\/author\/harz\/"}]}},"_links":{"self":[{"href":"https:\/\/blog.zhaw.ch\/iam\/wp-json\/wp\/v2\/posts\/1610","targetHints":{"allow":["GET"]}}],"collection":[{"href":"https:\/\/blog.zhaw.ch\/iam\/wp-json\/wp\/v2\/posts"}],"about":[{"href":"https:\/\/blog.zhaw.ch\/iam\/wp-json\/wp\/v2\/types\/post"}],"author":[{"embeddable":true,"href":"https:\/\/blog.zhaw.ch\/iam\/wp-json\/wp\/v2\/users\/70"}],"replies":[{"embeddable":true,"href":"https:\/\/blog.zhaw.ch\/iam\/wp-json\/wp\/v2\/comments?post=1610"}],"version-history":[{"count":7,"href":"https:\/\/blog.zhaw.ch\/iam\/wp-json\/wp\/v2\/posts\/1610\/revisions"}],"predecessor-version":[{"id":1620,"href":"https:\/\/blog.zhaw.ch\/iam\/wp-json\/wp\/v2\/posts\/1610\/revisions\/1620"}],"wp:featuredmedia":[{"embeddable":true,"href":"https:\/\/blog.zhaw.ch\/iam\/wp-json\/wp\/v2\/media\/1615"}],"wp:attachment":[{"href":"https:\/\/blog.zhaw.ch\/iam\/wp-json\/wp\/v2\/media?parent=1610"}],"wp:term":[{"taxonomy":"category","embeddable":true,"href":"https:\/\/blog.zhaw.ch\/iam\/wp-json\/wp\/v2\/categories?post=1610"},{"taxonomy":"post_tag","embeddable":true,"href":"https:\/\/blog.zhaw.ch\/iam\/wp-json\/wp\/v2\/tags?post=1610"},{"taxonomy":"features","embeddable":true,"href":"https:\/\/blog.zhaw.ch\/iam\/wp-json\/wp\/v2\/features?post=1610"}],"curies":[{"name":"wp","href":"https:\/\/api.w.org\/{rel}","templated":true}]}}