{"id":1234,"date":"2015-11-12T16:35:14","date_gmt":"2015-11-12T15:35:14","guid":{"rendered":"http:\/\/blog.zhaw.ch\/iam\/?p=1234"},"modified":"2017-01-24T19:11:34","modified_gmt":"2017-01-24T18:11:34","slug":"dialog-ueber-ein-kerngeschaeft-ein-netzwerk-fuer-kommunikationsberatung-bildet-sich","status":"publish","type":"post","link":"https:\/\/blog.zhaw.ch\/iam\/dialog-ueber-ein-kerngeschaeft-ein-netzwerk-fuer-kommunikationsberatung-bildet-sich\/","title":{"rendered":"Dialog \u00fcber ein Kerngesch\u00e4ft \u2013 Ein Netzwerk f\u00fcr Kommunikationsberatung bildet sich"},"content":{"rendered":"<pre>von <a href=\"http:\/\/blog.zhaw.ch\/iam\/author\/stue\/\" target=\"_blank\">Prof. Dr. Peter St\u00fccheli-Herlach<\/a>, Professor f\u00fcr Organisationskommunikation und \u00d6ffentlichkeit am IAM und <a href=\"http:\/\/www.kueng-consulting.ch\" target=\"_blank\">Sandro K\u00fcng<\/a>\u00a0Gr\u00fcnder und Inhaber der Kommunikationsagentur K\u00fcng Consulting<\/pre>\n<p>J\u00fcngst wieder in der Diskussion um die neue Strategie des Chefs von Credit Suisse, Tidjane Thiam: Es wird ger\u00e4tselt, enth\u00fcllt, kommentiert und kritisiert, wer da wohl in der Rolle von Beratern die gewichtigen Entscheide vorbereitet. Die Medienberichterstattung war typisch f\u00fcr den aktuellen Diskurs \u00fcber die Beratung in Wirtschaft und Politik: Um die Berater-Rolle ranken sich mehr Ger\u00fcchte, als dass klare Sicht auf die Verh\u00e4ltnisse herrschen w\u00fcrde. Zeichen daf\u00fcr sind die Schlagzeilen, die den Stoff f\u00fcr Berater-Bashing und Mythenbildung liefern: Zuviele Berater beim Bund! Whistleblower der grossen Beraterfirmen packen aus! Berater ziehen die F\u00e4den hinter Politikskandalen!<\/p>\n<p>Der Dampf aus den Ger\u00fcchtek\u00fcchen ist ein Indiz f\u00fcr die steigende Bedeutung von Beratung in Wirtschaft und Politik. Die Beratungsbranche boomt; PR-Berufs- und Branchenverb\u00e4nde z\u00e4hlen die Beratung zu den Kernkompetenzen ihres Fachs. In der Branchenstatistik des Bundes der PR-Agenturen (BPRA) ist die Beratung der Hochpreis-Hit, eine Spitzenreiterin hinsichtlich der Stellenzahl in den Agenturen, der angebotenen &#8222;Skills&#8220; und der Bedeutung f\u00fcrs k\u00fcnftige Gesch\u00e4ft. Der Branchenleader Farner setzte j\u00fcngst ein starkes Zeichen, indem er sich den Schweizer Metaplan-Vertreter Enzaim f\u00fcr Change- und Organisationsberatung einverleibte (siehe\u00a0<a href=\"http:\/\/www.persoenlich.com\/news\/prcorporate-communication\/farner-ubernahme-von-change-spezialisten-enzaim-326608#.ViZt-LQemdW\" target=\"_blank\">pers\u00f6nlich-Newsletter vom 3.9.2015<\/a>). Ganz offensichtlich hat Beratung Zukunft, aus Sicht von Klienten wie von Anbietern.<\/p>\n<p>Dies \u00fcberrascht niemanden, der die realen Verh\u00e4ltnisse hinter den Schlagzeilen kennt: Wer Verantwortung tr\u00e4gt und Entscheide von Tragweite zu f\u00e4llen hat, der ber\u00e4t sich \u2013 dies kann mit Kolleginnen und Kollegen, Mitarbeitenden, Experten oder gar Familienangeh\u00f6rigen geschehen. Das gefl\u00fcgelte Wort vom &#8222;Rat der G\u00f6tter&#8220; \u00fcberliefert uns die Erkenntnis, dass Beratung da ist, wo M\u00e4chtige Entscheidungen zu treffen haben. Beratung ist ein Zeichen f\u00fcr einen verantwortungsvollen Umgang mit der Souver\u00e4nit\u00e4t von Menschen und ihrer Organisationen in einer freiheitlichen Gesellschaftsordnung.<\/p>\n<p>Nicht umsonst boomt die Kommunikationsberatung in Zeiten, in denen die Kommunikation zum wichtigsten Gut geworden ist, die Kommunikationsverh\u00e4ltnisse aber un\u00fcbersichtlich geworden sind. Wer nicht nur vom Boom profitieren, sondern diesen pr\u00e4gen und auch \u00fcberleben will, tut allerdings gut daran, sich Gedanken \u00fcber das eigene Kompetenzprofil, \u00fcber Beratungsqualit\u00e4t und Nachhaltigkeit zu machen. Kommunikationsberatung setzt die F\u00e4higkeit zur Beratungskommunikation voraus \u2013 also zur gezielten wirkungsvollen Gestaltung und Steuerung der Interaktion zwischen Klienten und Beratenden. Neue Forschungserkenntnisse dar\u00fcber, was das heissen kann, hat j\u00fcngst das Institut f\u00fcr Angewandte Medienwissenschaft vorgelegt (<a href=\"http:\/\/pd.zhaw.ch\/hop\/480508635.pdf\" target=\"_blank\">Beratungskommunikation in der Kommunikationsberatung<\/a>). Auf dieser Basis bietet es auch seit 2013 einen berufsbegleitenden Weiterbildungslehrgang <a href=\"https:\/\/www.zhaw.ch\/de\/linguistik\/institute-zentren\/iam\/weiterbildung\/cas-kommunikationsberatung\/\" target=\"_blank\">CAS Kommunikationsberatung<\/a>\u00a0an.<\/p>\n<figure id=\"attachment_1241\" aria-describedby=\"caption-attachment-1241\" style=\"width: 300px\" class=\"wp-caption alignright\"><a href=\"http:\/\/blog.zhaw.ch\/iam\/files\/2015\/11\/sandro-peter.png\"><img loading=\"lazy\" decoding=\"async\" class=\"wp-image-1241 size-medium\" src=\"http:\/\/blog.zhaw.ch\/iam\/files\/2015\/11\/sandro-peter-300x175.png\" alt=\"Die Gr\u00fcnder von konbenet (Sandro K\u00fcng l. und Peter St\u00fccheli-Herlach r.)\" width=\"300\" height=\"175\" srcset=\"https:\/\/blog.zhaw.ch\/iam\/files\/2015\/11\/sandro-peter-300x175.png 300w, https:\/\/blog.zhaw.ch\/iam\/files\/2015\/11\/sandro-peter-240x140.png 240w, https:\/\/blog.zhaw.ch\/iam\/files\/2015\/11\/sandro-peter.png 643w\" sizes=\"auto, (max-width: 300px) 100vw, 300px\" \/><\/a><figcaption id=\"caption-attachment-1241\" class=\"wp-caption-text\">Die Gr\u00fcnder von kobenet (Sandro K\u00fcng l. und Peter St\u00fccheli-Herlach r.)<\/figcaption><\/figure>\n<p>Professionelle Qualit\u00e4ten von Kommunikationsberatung und entsprechende Kompetenzen m\u00f6chte k\u00fcnftig eine Gruppe von Kolleginnen und Kollegen zum Thema eines beruflichen Netzwerks machen. Das Kommunikationsberatungs-Netzwerk &#8222;kobenet&#8220; ist gegr\u00fcndet worden von Prof. Dr. Peter St\u00fccheli-Herlach von der Z\u00fcrcher Hochschule f\u00fcr Angewandte Wissenschaften (ZHAW), dem Jury-Pr\u00e4sidenten des Swiss Award Corporate Communications, und von Sandro K\u00fcng, Kommunikations- und Organisationsberater BSO, Gr\u00fcnder und Inhaber der Beratungsfirma K\u00fcng Consulting. Das Netzwerk ist f\u00fcr alle (interne und externe) Kommunikationsberatende offen, die Erfahrungen austauschen und sich gegenseitig bei der Entwicklung pers\u00f6nlicher und unternehmerischer Beratungsprofile unterst\u00fctzen wollen. Es versucht damit, einen Beitrag zur Orientierung im kompetitiven Beratungsgesch\u00e4ft und zur Qualit\u00e4tsdiskussion zu leisten. An den \u2013 in der Anfangsphase kostenlosen \u2013 Netzwerktreffen steht die gemeinsame Diskussion von vorbereiteten Fallbeispielen im Zentrum. Die Treffen er\u00f6ffnen damit nicht nur Reflexions-, sondern auch Kontaktm\u00f6glichkeiten zu Kolleginnen und Expertinnen. Eine Erweiterung der Tr\u00e4gerschaft des Netzwerks ist geplant und erw\u00fcnscht.<\/p>\n<p>Das Netzwerk hat sich im November zum ersten Meeting am IAM getroffen. Auf dem Programm stand eine Einf\u00fchrung in die Anliegen des Netzwerks, eine Fallvorstellung und die Diskussion.\u00a0Anfang 2016 findet ein weiteres Meeting statt, das Datum steht derzeit noch aus. Interessenten k\u00f6nnen den kobenet-Newsletter <a href=\"http:\/\/www.kobenet.ch\/index.php\/newsletter-bestellen.html\">abonnieren<\/a>.<\/p>\n<p>&nbsp;<\/p>\n<p>Mehr zum Thema:<br \/>\nWeitere informative Details zum Netzwerk: <a href=\"http:\/\/kobenet.ch\/\" target=\"_blank\">kobenet<\/a><a href=\"http:\/\/kobenet.ch\/\"><br \/>\n<\/a>Beitrag auf persoenlich.com vom 29.10.15: <a href=\"http:\/\/www.persoenlich.com\/news\/prcorporate-communication\/kobenet-kommunikationsberater-sollen-die-intervision-327801#.VkSjPISiGIW\" target=\"_blank\">Kommunikationsberater sollen in die Intervision<\/a><\/p>\n<div class=\"pt-sm\">Schlagw\u00f6rter: <a href=\"https:\/\/blog.zhaw.ch\/iam\/tag\/peter-stuecheli-herlach\/\">Peter St\u00fccheli-Herlach<\/a><br><\/div>","protected":false},"excerpt":{"rendered":"<p>von Prof. Dr. Peter St\u00fccheli-Herlach, Professor f\u00fcr Organisationskommunikation und \u00d6ffentlichkeit am IAM und Sandro K\u00fcng\u00a0Gr\u00fcnder und Inhaber der Kommunikationsagentur K\u00fcng Consulting J\u00fcngst wieder in der Diskussion um die neue Strategie des Chefs von Credit Suisse, Tidjane Thiam: Es wird ger\u00e4tselt, enth\u00fcllt, kommentiert und kritisiert, wer da wohl in der Rolle von Beratern die gewichtigen Entscheide [&hellip;]<\/p>\n","protected":false},"author":70,"featured_media":1245,"comment_status":"open","ping_status":"open","sticky":false,"template":"","format":"standard","meta":{"ngg_post_thumbnail":0,"footnotes":""},"categories":[2],"tags":[76],"features":[],"class_list":["post-1234","post","type-post","status-publish","format-standard","has-post-thumbnail","hentry","category-kommunikation-gestalten","tag-peter-stuecheli-herlach"],"yoast_head":"<!-- This site is optimized with the Yoast SEO Premium plugin v27.2 (Yoast SEO v27.2) - https:\/\/yoast.com\/product\/yoast-seo-premium-wordpress\/ -->\n<title>Dialog \u00fcber ein Kerngesch\u00e4ft \u2013 Ein Netzwerk f\u00fcr Kommunikationsberatung bildet sich - Wissen, was Kommunikation bewegt<\/title>\n<meta name=\"robots\" content=\"index, follow, max-snippet:-1, max-image-preview:large, max-video-preview:-1\" \/>\n<link rel=\"canonical\" href=\"https:\/\/blog.zhaw.ch\/iam\/dialog-ueber-ein-kerngeschaeft-ein-netzwerk-fuer-kommunikationsberatung-bildet-sich\/\" \/>\n<meta property=\"og:locale\" content=\"de_DE\" \/>\n<meta property=\"og:type\" content=\"article\" \/>\n<meta property=\"og:title\" content=\"Dialog \u00fcber ein Kerngesch\u00e4ft \u2013 Ein Netzwerk f\u00fcr Kommunikationsberatung bildet sich\" \/>\n<meta property=\"og:description\" content=\"von Prof. Dr. Peter St\u00fccheli-Herlach, Professor f\u00fcr Organisationskommunikation und \u00d6ffentlichkeit am IAM und Sandro K\u00fcng\u00a0Gr\u00fcnder und Inhaber der Kommunikationsagentur K\u00fcng Consulting J\u00fcngst wieder in der Diskussion um die neue Strategie des Chefs von Credit Suisse, Tidjane Thiam: Es wird ger\u00e4tselt, enth\u00fcllt, kommentiert und kritisiert, wer da wohl in der Rolle von Beratern die gewichtigen Entscheide [&hellip;]\" \/>\n<meta property=\"og:url\" content=\"https:\/\/blog.zhaw.ch\/iam\/dialog-ueber-ein-kerngeschaeft-ein-netzwerk-fuer-kommunikationsberatung-bildet-sich\/\" \/>\n<meta property=\"og:site_name\" content=\"Wissen, was Kommunikation bewegt\" \/>\n<meta property=\"article:published_time\" content=\"2015-11-12T15:35:14+00:00\" \/>\n<meta property=\"article:modified_time\" content=\"2017-01-24T18:11:34+00:00\" \/>\n<meta property=\"og:image\" content=\"https:\/\/blog.zhaw.ch\/iam\/files\/2015\/11\/kobe.jpg\" \/>\n\t<meta property=\"og:image:width\" content=\"5760\" \/>\n\t<meta property=\"og:image:height\" content=\"3840\" \/>\n\t<meta property=\"og:image:type\" content=\"image\/jpeg\" \/>\n<meta name=\"author\" content=\"harz\" \/>\n<meta name=\"twitter:card\" content=\"summary_large_image\" \/>\n<meta name=\"twitter:label1\" content=\"Verfasst von\" \/>\n\t<meta name=\"twitter:data1\" content=\"harz\" \/>\n\t<meta name=\"twitter:label2\" content=\"Gesch\u00e4tzte Lesezeit\" \/>\n\t<meta name=\"twitter:data2\" content=\"3\u00a0Minuten\" \/>\n<script type=\"application\/ld+json\" class=\"yoast-schema-graph\">{\"@context\":\"https:\/\/schema.org\",\"@graph\":[{\"@type\":\"Article\",\"@id\":\"https:\/\/blog.zhaw.ch\/iam\/dialog-ueber-ein-kerngeschaeft-ein-netzwerk-fuer-kommunikationsberatung-bildet-sich\/#article\",\"isPartOf\":{\"@id\":\"https:\/\/blog.zhaw.ch\/iam\/dialog-ueber-ein-kerngeschaeft-ein-netzwerk-fuer-kommunikationsberatung-bildet-sich\/\"},\"author\":{\"name\":\"harz\",\"@id\":\"https:\/\/blog.zhaw.ch\/iam\/#\/schema\/person\/c36b3ee0d42457649af4fa010c466b0a\"},\"headline\":\"Dialog \u00fcber ein Kerngesch\u00e4ft \u2013 Ein Netzwerk f\u00fcr Kommunikationsberatung bildet sich\",\"datePublished\":\"2015-11-12T15:35:14+00:00\",\"dateModified\":\"2017-01-24T18:11:34+00:00\",\"mainEntityOfPage\":{\"@id\":\"https:\/\/blog.zhaw.ch\/iam\/dialog-ueber-ein-kerngeschaeft-ein-netzwerk-fuer-kommunikationsberatung-bildet-sich\/\"},\"wordCount\":674,\"commentCount\":0,\"image\":{\"@id\":\"https:\/\/blog.zhaw.ch\/iam\/dialog-ueber-ein-kerngeschaeft-ein-netzwerk-fuer-kommunikationsberatung-bildet-sich\/#primaryimage\"},\"thumbnailUrl\":\"https:\/\/blog.zhaw.ch\/iam\/files\/2015\/11\/kobe.jpg\",\"keywords\":[\"Peter St\u00fccheli-Herlach\"],\"articleSection\":[\"Kommunikation gestalten\"],\"inLanguage\":\"de\",\"potentialAction\":[{\"@type\":\"CommentAction\",\"name\":\"Comment\",\"target\":[\"https:\/\/blog.zhaw.ch\/iam\/dialog-ueber-ein-kerngeschaeft-ein-netzwerk-fuer-kommunikationsberatung-bildet-sich\/#respond\"]}]},{\"@type\":\"WebPage\",\"@id\":\"https:\/\/blog.zhaw.ch\/iam\/dialog-ueber-ein-kerngeschaeft-ein-netzwerk-fuer-kommunikationsberatung-bildet-sich\/\",\"url\":\"https:\/\/blog.zhaw.ch\/iam\/dialog-ueber-ein-kerngeschaeft-ein-netzwerk-fuer-kommunikationsberatung-bildet-sich\/\",\"name\":\"Dialog \u00fcber ein Kerngesch\u00e4ft \u2013 Ein Netzwerk f\u00fcr Kommunikationsberatung bildet sich - Wissen, was Kommunikation bewegt\",\"isPartOf\":{\"@id\":\"https:\/\/blog.zhaw.ch\/iam\/#website\"},\"primaryImageOfPage\":{\"@id\":\"https:\/\/blog.zhaw.ch\/iam\/dialog-ueber-ein-kerngeschaeft-ein-netzwerk-fuer-kommunikationsberatung-bildet-sich\/#primaryimage\"},\"image\":{\"@id\":\"https:\/\/blog.zhaw.ch\/iam\/dialog-ueber-ein-kerngeschaeft-ein-netzwerk-fuer-kommunikationsberatung-bildet-sich\/#primaryimage\"},\"thumbnailUrl\":\"https:\/\/blog.zhaw.ch\/iam\/files\/2015\/11\/kobe.jpg\",\"datePublished\":\"2015-11-12T15:35:14+00:00\",\"dateModified\":\"2017-01-24T18:11:34+00:00\",\"author\":{\"@id\":\"https:\/\/blog.zhaw.ch\/iam\/#\/schema\/person\/c36b3ee0d42457649af4fa010c466b0a\"},\"breadcrumb\":{\"@id\":\"https:\/\/blog.zhaw.ch\/iam\/dialog-ueber-ein-kerngeschaeft-ein-netzwerk-fuer-kommunikationsberatung-bildet-sich\/#breadcrumb\"},\"inLanguage\":\"de\",\"potentialAction\":[{\"@type\":\"ReadAction\",\"target\":[\"https:\/\/blog.zhaw.ch\/iam\/dialog-ueber-ein-kerngeschaeft-ein-netzwerk-fuer-kommunikationsberatung-bildet-sich\/\"]}]},{\"@type\":\"ImageObject\",\"inLanguage\":\"de\",\"@id\":\"https:\/\/blog.zhaw.ch\/iam\/dialog-ueber-ein-kerngeschaeft-ein-netzwerk-fuer-kommunikationsberatung-bildet-sich\/#primaryimage\",\"url\":\"https:\/\/blog.zhaw.ch\/iam\/files\/2015\/11\/kobe.jpg\",\"contentUrl\":\"https:\/\/blog.zhaw.ch\/iam\/files\/2015\/11\/kobe.jpg\",\"width\":5760,\"height\":3840,\"caption\":\"CAS Kommunikationsberatung (im Bild: Absolventin Martina B\u00fcrge von BernetPR)\"},{\"@type\":\"BreadcrumbList\",\"@id\":\"https:\/\/blog.zhaw.ch\/iam\/dialog-ueber-ein-kerngeschaeft-ein-netzwerk-fuer-kommunikationsberatung-bildet-sich\/#breadcrumb\",\"itemListElement\":[{\"@type\":\"ListItem\",\"position\":1,\"name\":\"Startseite\",\"item\":\"https:\/\/blog.zhaw.ch\/iam\/\"},{\"@type\":\"ListItem\",\"position\":2,\"name\":\"Dialog \u00fcber ein Kerngesch\u00e4ft \u2013 Ein Netzwerk f\u00fcr Kommunikationsberatung bildet sich\"}]},{\"@type\":\"WebSite\",\"@id\":\"https:\/\/blog.zhaw.ch\/iam\/#website\",\"url\":\"https:\/\/blog.zhaw.ch\/iam\/\",\"name\":\"Wissen, was Kommunikation bewegt\",\"description\":\"Ein Blog der ZHAW Z\u00fcrcher Hochschule f\u00fcr Angewandte Wissenschaften\",\"potentialAction\":[{\"@type\":\"SearchAction\",\"target\":{\"@type\":\"EntryPoint\",\"urlTemplate\":\"https:\/\/blog.zhaw.ch\/iam\/?s={search_term_string}\"},\"query-input\":{\"@type\":\"PropertyValueSpecification\",\"valueRequired\":true,\"valueName\":\"search_term_string\"}}],\"inLanguage\":\"de\"},{\"@type\":\"Person\",\"@id\":\"https:\/\/blog.zhaw.ch\/iam\/#\/schema\/person\/c36b3ee0d42457649af4fa010c466b0a\",\"name\":\"harz\",\"image\":{\"@type\":\"ImageObject\",\"inLanguage\":\"de\",\"@id\":\"https:\/\/blog.zhaw.ch\/iam\/files\/2014\/03\/dh_fb-150x150.jpg\",\"url\":\"https:\/\/blog.zhaw.ch\/iam\/files\/2014\/03\/dh_fb-150x150.jpg\",\"contentUrl\":\"https:\/\/blog.zhaw.ch\/iam\/files\/2014\/03\/dh_fb-150x150.jpg\",\"caption\":\"harz\"},\"description\":\"Head of Corporate Communications of School of Applied Linguistics at ZHAW\",\"url\":\"https:\/\/blog.zhaw.ch\/iam\/author\/harz\/\"}]}<\/script>\n<!-- \/ Yoast SEO Premium plugin. -->","yoast_head_json":{"title":"Dialog \u00fcber ein Kerngesch\u00e4ft \u2013 Ein Netzwerk f\u00fcr Kommunikationsberatung bildet sich - Wissen, was Kommunikation bewegt","robots":{"index":"index","follow":"follow","max-snippet":"max-snippet:-1","max-image-preview":"max-image-preview:large","max-video-preview":"max-video-preview:-1"},"canonical":"https:\/\/blog.zhaw.ch\/iam\/dialog-ueber-ein-kerngeschaeft-ein-netzwerk-fuer-kommunikationsberatung-bildet-sich\/","og_locale":"de_DE","og_type":"article","og_title":"Dialog \u00fcber ein Kerngesch\u00e4ft \u2013 Ein Netzwerk f\u00fcr Kommunikationsberatung bildet sich","og_description":"von Prof. Dr. Peter St\u00fccheli-Herlach, Professor f\u00fcr Organisationskommunikation und \u00d6ffentlichkeit am IAM und Sandro K\u00fcng\u00a0Gr\u00fcnder und Inhaber der Kommunikationsagentur K\u00fcng Consulting J\u00fcngst wieder in der Diskussion um die neue Strategie des Chefs von Credit Suisse, Tidjane Thiam: Es wird ger\u00e4tselt, enth\u00fcllt, kommentiert und kritisiert, wer da wohl in der Rolle von Beratern die gewichtigen Entscheide [&hellip;]","og_url":"https:\/\/blog.zhaw.ch\/iam\/dialog-ueber-ein-kerngeschaeft-ein-netzwerk-fuer-kommunikationsberatung-bildet-sich\/","og_site_name":"Wissen, was Kommunikation bewegt","article_published_time":"2015-11-12T15:35:14+00:00","article_modified_time":"2017-01-24T18:11:34+00:00","og_image":[{"width":5760,"height":3840,"url":"https:\/\/blog.zhaw.ch\/iam\/files\/2015\/11\/kobe.jpg","type":"image\/jpeg"}],"author":"harz","twitter_card":"summary_large_image","twitter_misc":{"Verfasst von":"harz","Gesch\u00e4tzte Lesezeit":"3\u00a0Minuten"},"schema":{"@context":"https:\/\/schema.org","@graph":[{"@type":"Article","@id":"https:\/\/blog.zhaw.ch\/iam\/dialog-ueber-ein-kerngeschaeft-ein-netzwerk-fuer-kommunikationsberatung-bildet-sich\/#article","isPartOf":{"@id":"https:\/\/blog.zhaw.ch\/iam\/dialog-ueber-ein-kerngeschaeft-ein-netzwerk-fuer-kommunikationsberatung-bildet-sich\/"},"author":{"name":"harz","@id":"https:\/\/blog.zhaw.ch\/iam\/#\/schema\/person\/c36b3ee0d42457649af4fa010c466b0a"},"headline":"Dialog \u00fcber ein Kerngesch\u00e4ft \u2013 Ein Netzwerk f\u00fcr Kommunikationsberatung bildet sich","datePublished":"2015-11-12T15:35:14+00:00","dateModified":"2017-01-24T18:11:34+00:00","mainEntityOfPage":{"@id":"https:\/\/blog.zhaw.ch\/iam\/dialog-ueber-ein-kerngeschaeft-ein-netzwerk-fuer-kommunikationsberatung-bildet-sich\/"},"wordCount":674,"commentCount":0,"image":{"@id":"https:\/\/blog.zhaw.ch\/iam\/dialog-ueber-ein-kerngeschaeft-ein-netzwerk-fuer-kommunikationsberatung-bildet-sich\/#primaryimage"},"thumbnailUrl":"https:\/\/blog.zhaw.ch\/iam\/files\/2015\/11\/kobe.jpg","keywords":["Peter St\u00fccheli-Herlach"],"articleSection":["Kommunikation gestalten"],"inLanguage":"de","potentialAction":[{"@type":"CommentAction","name":"Comment","target":["https:\/\/blog.zhaw.ch\/iam\/dialog-ueber-ein-kerngeschaeft-ein-netzwerk-fuer-kommunikationsberatung-bildet-sich\/#respond"]}]},{"@type":"WebPage","@id":"https:\/\/blog.zhaw.ch\/iam\/dialog-ueber-ein-kerngeschaeft-ein-netzwerk-fuer-kommunikationsberatung-bildet-sich\/","url":"https:\/\/blog.zhaw.ch\/iam\/dialog-ueber-ein-kerngeschaeft-ein-netzwerk-fuer-kommunikationsberatung-bildet-sich\/","name":"Dialog \u00fcber ein Kerngesch\u00e4ft \u2013 Ein Netzwerk f\u00fcr Kommunikationsberatung bildet sich - Wissen, was Kommunikation bewegt","isPartOf":{"@id":"https:\/\/blog.zhaw.ch\/iam\/#website"},"primaryImageOfPage":{"@id":"https:\/\/blog.zhaw.ch\/iam\/dialog-ueber-ein-kerngeschaeft-ein-netzwerk-fuer-kommunikationsberatung-bildet-sich\/#primaryimage"},"image":{"@id":"https:\/\/blog.zhaw.ch\/iam\/dialog-ueber-ein-kerngeschaeft-ein-netzwerk-fuer-kommunikationsberatung-bildet-sich\/#primaryimage"},"thumbnailUrl":"https:\/\/blog.zhaw.ch\/iam\/files\/2015\/11\/kobe.jpg","datePublished":"2015-11-12T15:35:14+00:00","dateModified":"2017-01-24T18:11:34+00:00","author":{"@id":"https:\/\/blog.zhaw.ch\/iam\/#\/schema\/person\/c36b3ee0d42457649af4fa010c466b0a"},"breadcrumb":{"@id":"https:\/\/blog.zhaw.ch\/iam\/dialog-ueber-ein-kerngeschaeft-ein-netzwerk-fuer-kommunikationsberatung-bildet-sich\/#breadcrumb"},"inLanguage":"de","potentialAction":[{"@type":"ReadAction","target":["https:\/\/blog.zhaw.ch\/iam\/dialog-ueber-ein-kerngeschaeft-ein-netzwerk-fuer-kommunikationsberatung-bildet-sich\/"]}]},{"@type":"ImageObject","inLanguage":"de","@id":"https:\/\/blog.zhaw.ch\/iam\/dialog-ueber-ein-kerngeschaeft-ein-netzwerk-fuer-kommunikationsberatung-bildet-sich\/#primaryimage","url":"https:\/\/blog.zhaw.ch\/iam\/files\/2015\/11\/kobe.jpg","contentUrl":"https:\/\/blog.zhaw.ch\/iam\/files\/2015\/11\/kobe.jpg","width":5760,"height":3840,"caption":"CAS Kommunikationsberatung (im Bild: Absolventin Martina B\u00fcrge von BernetPR)"},{"@type":"BreadcrumbList","@id":"https:\/\/blog.zhaw.ch\/iam\/dialog-ueber-ein-kerngeschaeft-ein-netzwerk-fuer-kommunikationsberatung-bildet-sich\/#breadcrumb","itemListElement":[{"@type":"ListItem","position":1,"name":"Startseite","item":"https:\/\/blog.zhaw.ch\/iam\/"},{"@type":"ListItem","position":2,"name":"Dialog \u00fcber ein Kerngesch\u00e4ft \u2013 Ein Netzwerk f\u00fcr Kommunikationsberatung bildet sich"}]},{"@type":"WebSite","@id":"https:\/\/blog.zhaw.ch\/iam\/#website","url":"https:\/\/blog.zhaw.ch\/iam\/","name":"Wissen, was Kommunikation bewegt","description":"Ein Blog der ZHAW Z\u00fcrcher Hochschule f\u00fcr Angewandte Wissenschaften","potentialAction":[{"@type":"SearchAction","target":{"@type":"EntryPoint","urlTemplate":"https:\/\/blog.zhaw.ch\/iam\/?s={search_term_string}"},"query-input":{"@type":"PropertyValueSpecification","valueRequired":true,"valueName":"search_term_string"}}],"inLanguage":"de"},{"@type":"Person","@id":"https:\/\/blog.zhaw.ch\/iam\/#\/schema\/person\/c36b3ee0d42457649af4fa010c466b0a","name":"harz","image":{"@type":"ImageObject","inLanguage":"de","@id":"https:\/\/blog.zhaw.ch\/iam\/files\/2014\/03\/dh_fb-150x150.jpg","url":"https:\/\/blog.zhaw.ch\/iam\/files\/2014\/03\/dh_fb-150x150.jpg","contentUrl":"https:\/\/blog.zhaw.ch\/iam\/files\/2014\/03\/dh_fb-150x150.jpg","caption":"harz"},"description":"Head of Corporate Communications of School of Applied Linguistics at ZHAW","url":"https:\/\/blog.zhaw.ch\/iam\/author\/harz\/"}]}},"_links":{"self":[{"href":"https:\/\/blog.zhaw.ch\/iam\/wp-json\/wp\/v2\/posts\/1234","targetHints":{"allow":["GET"]}}],"collection":[{"href":"https:\/\/blog.zhaw.ch\/iam\/wp-json\/wp\/v2\/posts"}],"about":[{"href":"https:\/\/blog.zhaw.ch\/iam\/wp-json\/wp\/v2\/types\/post"}],"author":[{"embeddable":true,"href":"https:\/\/blog.zhaw.ch\/iam\/wp-json\/wp\/v2\/users\/70"}],"replies":[{"embeddable":true,"href":"https:\/\/blog.zhaw.ch\/iam\/wp-json\/wp\/v2\/comments?post=1234"}],"version-history":[{"count":11,"href":"https:\/\/blog.zhaw.ch\/iam\/wp-json\/wp\/v2\/posts\/1234\/revisions"}],"predecessor-version":[{"id":1287,"href":"https:\/\/blog.zhaw.ch\/iam\/wp-json\/wp\/v2\/posts\/1234\/revisions\/1287"}],"wp:featuredmedia":[{"embeddable":true,"href":"https:\/\/blog.zhaw.ch\/iam\/wp-json\/wp\/v2\/media\/1245"}],"wp:attachment":[{"href":"https:\/\/blog.zhaw.ch\/iam\/wp-json\/wp\/v2\/media?parent=1234"}],"wp:term":[{"taxonomy":"category","embeddable":true,"href":"https:\/\/blog.zhaw.ch\/iam\/wp-json\/wp\/v2\/categories?post=1234"},{"taxonomy":"post_tag","embeddable":true,"href":"https:\/\/blog.zhaw.ch\/iam\/wp-json\/wp\/v2\/tags?post=1234"},{"taxonomy":"features","embeddable":true,"href":"https:\/\/blog.zhaw.ch\/iam\/wp-json\/wp\/v2\/features?post=1234"}],"curies":[{"name":"wp","href":"https:\/\/api.w.org\/{rel}","templated":true}]}}