{"id":702,"date":"2018-11-05T10:00:59","date_gmt":"2018-11-05T09:00:59","guid":{"rendered":"http:\/\/blog.zhaw.ch\/gesundheitsoekonomie\/?p=702"},"modified":"2020-01-09T11:37:27","modified_gmt":"2020-01-09T10:37:27","slug":"wie-viel-sitzen-sie","status":"publish","type":"post","link":"https:\/\/blog.zhaw.ch\/gesundheitsoekonomie\/2018\/11\/05\/wie-viel-sitzen-sie\/","title":{"rendered":"Wie viel sitzen Sie?"},"content":{"rendered":"<p><em>Von <a href=\"https:\/\/www.zhaw.ch\/de\/ueber-uns\/person\/matl\/\" target=\"_blank\" rel=\"noopener noreferrer\">Renato Mattli<\/a><\/em><\/p>\n<p>W\u00e4hrend Sie diese Zeilen lesen, sitzen Sie wahrscheinlich. Haben Sie sich heute schon bewegt? Und wie viel k\u00f6rperliche Aktivit\u00e4t werden Sie sich bis am Ende der Woche zu Gute getan haben? Falls es pro Woche mehr sind als 2.5 Stunden bei mittlerer Intensit\u00e4t (wie beispielsweise Gehen oder Gartenarbeit) oder 1.25 Stunden bei hoher Intensit\u00e4t (wie Laufen oder Tennis), dann bewegen Sie sich gem\u00e4ss der Weltgesundheitsorganisation ausreichend und werden als k\u00f6rperlich aktiv eingestuft. K\u00f6rperlich Aktive haben ein geringeres Risiko an einer Vielzahl nicht-\u00fcbertragbarer Krankheiten zu erkranken als k\u00f6rperlich Inaktive.<\/p>\n<p><!--more--><\/p>\n<p>In der Schweiz sind 28% der erwachsenen Bev\u00f6lkerung k\u00f6rperlich inaktiv. Dieser Anteil unterscheidet sich gem\u00e4ss der Schweizerischen Gesundheitsbefragung jedoch stark zwischen den Sprachregionen: W\u00e4hrend in der deutschsprachigen Schweiz 23.6% inaktiv sind, sind es in der franz\u00f6sischsprachigen 37.0% und in der italienischsprachigen 39.1%. Die Gr\u00fcnde daf\u00fcr liegen nicht etwa in den sozio\u00f6konomischen oder den umweltbezogenen Unterschieden. Nein, wahrscheinlich sind prim\u00e4r die kulturell gepr\u00e4gten Gewohnheiten des t\u00e4glichen Lebens daf\u00fcr verantwortlich.<\/p>\n<p><strong>K\u00f6rperliche Inaktivit\u00e4t verursacht hohe Kosten<\/strong><\/p>\n<p>Dieser Unterschied im Anteil der k\u00f6rperlich Inaktiven beeinflusst zusammen mit anderen Faktoren die mit der k\u00f6rperlichen Inaktivit\u00e4t verbundenen gesellschaftlichen Kosten. Diese Kosten haben wir in Zusammenarbeit mit Kollegen des Schweizerischen Tropen- und Public Health-Instituts und der Universit\u00e4t Basel in einer <a href=\"https:\/\/www.ncbi.nlm.nih.gov\/pubmed\/30260508\">k\u00fcrzlich publizierten Studie<\/a> gesch\u00e4tzt. Dabei resultierten in der franz\u00f6sischsprachigen und italienischsprachigen Schweiz doppelt so hohe Kosten wie in der deutschsprachigen Schweiz:<\/p>\n<p><img loading=\"lazy\" decoding=\"async\" class=\"aligncenter  wp-image-703\" src=\"http:\/\/blog.zhaw.ch\/gesundheitsoekonomie\/files\/2018\/10\/181101_HTA_Beitragsbild_1.docx_.png\" alt=\"\" width=\"689\" height=\"439\" srcset=\"https:\/\/blog.zhaw.ch\/gesundheitsoekonomie\/files\/2018\/10\/181101_HTA_Beitragsbild_1.docx_.png 1295w, https:\/\/blog.zhaw.ch\/gesundheitsoekonomie\/files\/2018\/10\/181101_HTA_Beitragsbild_1.docx_-300x191.png 300w, https:\/\/blog.zhaw.ch\/gesundheitsoekonomie\/files\/2018\/10\/181101_HTA_Beitragsbild_1.docx_-768x490.png 768w, https:\/\/blog.zhaw.ch\/gesundheitsoekonomie\/files\/2018\/10\/181101_HTA_Beitragsbild_1.docx_-1024x653.png 1024w, https:\/\/blog.zhaw.ch\/gesundheitsoekonomie\/files\/2018\/10\/181101_HTA_Beitragsbild_1.docx_-860x549.png 860w, https:\/\/blog.zhaw.ch\/gesundheitsoekonomie\/files\/2018\/10\/181101_HTA_Beitragsbild_1.docx_-1200x765.png 1200w\" sizes=\"auto, (max-width: 689px) 100vw, 689px\" \/><\/p>\n<p>Aufgrund der grossen Unterschiede bei den Kosten der k\u00f6rperlichen Inaktivit\u00e4t zwischen den Sprachregionen kann gefolgert werden, dass sich die Kosten-Wirksamkeit von Interventionen zur Reduktion der k\u00f6rperlichen Inaktivit\u00e4t zwischen den Regionen stark unterscheidet. Deshalb empfehlen wir, bei der Beurteilung der Kosten-Wirksamkeit von solchen Interventionen regionale Unterschiede zu ber\u00fccksichtigen um einen optimalen Einsatz der finanziellen Mittel zur Gesundheitsf\u00f6rderung und Pr\u00e4vention zu gew\u00e4hrleisten.<\/p>\n<p>Sitzen Sie immer noch? Ich nehme an schon. Wahrscheinlich hat Sie der Artikel zumindest nicht physisch vom \u00abHocker gerissen\u00bb. Dann bleiben Sie doch noch einen Moment sitzen und \u00fcberlegen sich wieder einmal, wie Sie mehr k\u00f6rperliche Aktivit\u00e4t in Ihren Alltag integrieren k\u00f6nnen. Ich w\u00fcnsche Ihnen anschliessend viel Spass bei der Umsetzung!<\/p>\n<p><img loading=\"lazy\" decoding=\"async\" class=\"aligncenter  wp-image-704\" src=\"http:\/\/blog.zhaw.ch\/gesundheitsoekonomie\/files\/2018\/10\/181101_HTA_Beitragsbild_2.docx_.png\" alt=\"\" width=\"700\" height=\"273\" srcset=\"https:\/\/blog.zhaw.ch\/gesundheitsoekonomie\/files\/2018\/10\/181101_HTA_Beitragsbild_2.docx_.png 1314w, https:\/\/blog.zhaw.ch\/gesundheitsoekonomie\/files\/2018\/10\/181101_HTA_Beitragsbild_2.docx_-300x117.png 300w, https:\/\/blog.zhaw.ch\/gesundheitsoekonomie\/files\/2018\/10\/181101_HTA_Beitragsbild_2.docx_-768x299.png 768w, https:\/\/blog.zhaw.ch\/gesundheitsoekonomie\/files\/2018\/10\/181101_HTA_Beitragsbild_2.docx_-1024x399.png 1024w, https:\/\/blog.zhaw.ch\/gesundheitsoekonomie\/files\/2018\/10\/181101_HTA_Beitragsbild_2.docx_-860x335.png 860w, https:\/\/blog.zhaw.ch\/gesundheitsoekonomie\/files\/2018\/10\/181101_HTA_Beitragsbild_2.docx_-1200x468.png 1200w\" sizes=\"auto, (max-width: 700px) 100vw, 700px\" \/><\/p>\n<p><em><strong>Renato Mattli<\/strong> ist Teamleiter der Fachstelle HTA und gesundheits\u00f6konomische Evaluationen am WIG.<\/em><\/p>\n<div class=\"pt-sm\">Schlagw\u00f6rter: <a href=\"http:\/\/blog.zhaw.ch\/gesundheitsoekonomie\/tag\/renato-mattli\/\">Renato Mattli<\/a><br><\/div>","protected":false},"excerpt":{"rendered":"<p>Von Renato Mattli W\u00e4hrend Sie diese Zeilen lesen, sitzen Sie wahrscheinlich. Haben Sie sich heute schon bewegt? Und wie viel k\u00f6rperliche Aktivit\u00e4t werden Sie sich bis am Ende der Woche zu Gute getan haben? Falls es pro Woche mehr sind als 2.5 Stunden bei mittlerer Intensit\u00e4t (wie beispielsweise Gehen oder Gartenarbeit) oder 1.25 Stunden bei [&hellip;]<\/p>\n","protected":false},"author":394,"featured_media":0,"comment_status":"open","ping_status":"open","sticky":false,"template":"","format":"standard","meta":{"ngg_post_thumbnail":0,"footnotes":""},"categories":[20],"tags":[27],"features":[],"class_list":["post-702","post","type-post","status-publish","format-standard","hentry","category-hta-und-gesundheitsoekonomische-evaluationen","tag-renato-mattli"],"yoast_head":"<!-- This site is optimized with the Yoast SEO Premium plugin v27.2 (Yoast SEO v27.2) - https:\/\/yoast.com\/product\/yoast-seo-premium-wordpress\/ -->\n<title>Wie viel sitzen Sie? - Gesundheits\u00f6konomie @ ZHAW<\/title>\n<meta name=\"robots\" content=\"index, follow, max-snippet:-1, max-image-preview:large, max-video-preview:-1\" \/>\n<link rel=\"canonical\" href=\"https:\/\/blog.zhaw.ch\/gesundheitsoekonomie\/2018\/11\/05\/wie-viel-sitzen-sie\/\" \/>\n<meta property=\"og:locale\" content=\"de_DE\" \/>\n<meta property=\"og:type\" content=\"article\" \/>\n<meta property=\"og:title\" content=\"Wie viel sitzen Sie?\" \/>\n<meta property=\"og:description\" content=\"Von Renato Mattli W\u00e4hrend Sie diese Zeilen lesen, sitzen Sie wahrscheinlich. Haben Sie sich heute schon bewegt? Und wie viel k\u00f6rperliche Aktivit\u00e4t werden Sie sich bis am Ende der Woche zu Gute getan haben? Falls es pro Woche mehr sind als 2.5 Stunden bei mittlerer Intensit\u00e4t (wie beispielsweise Gehen oder Gartenarbeit) oder 1.25 Stunden bei [&hellip;]\" \/>\n<meta property=\"og:url\" content=\"https:\/\/blog.zhaw.ch\/gesundheitsoekonomie\/2018\/11\/05\/wie-viel-sitzen-sie\/\" \/>\n<meta property=\"og:site_name\" content=\"Gesundheits\u00f6konomie @ ZHAW\" \/>\n<meta property=\"article:published_time\" content=\"2018-11-05T09:00:59+00:00\" \/>\n<meta property=\"article:modified_time\" content=\"2020-01-09T10:37:27+00:00\" \/>\n<meta property=\"og:image\" content=\"http:\/\/blog.zhaw.ch\/gesundheitsoekonomie\/files\/2018\/10\/181101_HTA_Beitragsbild_1.docx_.png\" \/>\n<meta name=\"author\" content=\"Gesundheits\u00f6konomie @ ZHAW\" \/>\n<meta name=\"twitter:card\" content=\"summary_large_image\" \/>\n<meta name=\"twitter:label1\" content=\"Verfasst von\" \/>\n\t<meta name=\"twitter:data1\" content=\"Gesundheits\u00f6konomie @ ZHAW\" \/>\n\t<meta name=\"twitter:label2\" content=\"Gesch\u00e4tzte Lesezeit\" \/>\n\t<meta name=\"twitter:data2\" content=\"2\u00a0Minuten\" \/>\n<script type=\"application\/ld+json\" class=\"yoast-schema-graph\">{\"@context\":\"https:\/\/schema.org\",\"@graph\":[{\"@type\":\"Article\",\"@id\":\"https:\/\/blog.zhaw.ch\/gesundheitsoekonomie\/2018\/11\/05\/wie-viel-sitzen-sie\/#article\",\"isPartOf\":{\"@id\":\"https:\/\/blog.zhaw.ch\/gesundheitsoekonomie\/2018\/11\/05\/wie-viel-sitzen-sie\/\"},\"author\":{\"name\":\"Gesundheits\u00f6konomie @ ZHAW\",\"@id\":\"https:\/\/blog.zhaw.ch\/gesundheitsoekonomie\/#\/schema\/person\/9f23ca3c7e8761fd1498ca155fa97be5\"},\"headline\":\"Wie viel sitzen Sie?\",\"datePublished\":\"2018-11-05T09:00:59+00:00\",\"dateModified\":\"2020-01-09T10:37:27+00:00\",\"mainEntityOfPage\":{\"@id\":\"https:\/\/blog.zhaw.ch\/gesundheitsoekonomie\/2018\/11\/05\/wie-viel-sitzen-sie\/\"},\"wordCount\":390,\"commentCount\":0,\"image\":{\"@id\":\"https:\/\/blog.zhaw.ch\/gesundheitsoekonomie\/2018\/11\/05\/wie-viel-sitzen-sie\/#primaryimage\"},\"thumbnailUrl\":\"http:\/\/blog.zhaw.ch\/gesundheitsoekonomie\/files\/2018\/10\/181101_HTA_Beitragsbild_1.docx_.png\",\"keywords\":[\"Renato Mattli\"],\"articleSection\":[\"HTA und Gesundheits\u00f6konomische Evaluationen\"],\"inLanguage\":\"de\",\"potentialAction\":[{\"@type\":\"CommentAction\",\"name\":\"Comment\",\"target\":[\"https:\/\/blog.zhaw.ch\/gesundheitsoekonomie\/2018\/11\/05\/wie-viel-sitzen-sie\/#respond\"]}]},{\"@type\":\"WebPage\",\"@id\":\"https:\/\/blog.zhaw.ch\/gesundheitsoekonomie\/2018\/11\/05\/wie-viel-sitzen-sie\/\",\"url\":\"https:\/\/blog.zhaw.ch\/gesundheitsoekonomie\/2018\/11\/05\/wie-viel-sitzen-sie\/\",\"name\":\"Wie viel sitzen Sie? - Gesundheits\u00f6konomie @ ZHAW\",\"isPartOf\":{\"@id\":\"https:\/\/blog.zhaw.ch\/gesundheitsoekonomie\/#website\"},\"primaryImageOfPage\":{\"@id\":\"https:\/\/blog.zhaw.ch\/gesundheitsoekonomie\/2018\/11\/05\/wie-viel-sitzen-sie\/#primaryimage\"},\"image\":{\"@id\":\"https:\/\/blog.zhaw.ch\/gesundheitsoekonomie\/2018\/11\/05\/wie-viel-sitzen-sie\/#primaryimage\"},\"thumbnailUrl\":\"http:\/\/blog.zhaw.ch\/gesundheitsoekonomie\/files\/2018\/10\/181101_HTA_Beitragsbild_1.docx_.png\",\"datePublished\":\"2018-11-05T09:00:59+00:00\",\"dateModified\":\"2020-01-09T10:37:27+00:00\",\"author\":{\"@id\":\"https:\/\/blog.zhaw.ch\/gesundheitsoekonomie\/#\/schema\/person\/9f23ca3c7e8761fd1498ca155fa97be5\"},\"breadcrumb\":{\"@id\":\"https:\/\/blog.zhaw.ch\/gesundheitsoekonomie\/2018\/11\/05\/wie-viel-sitzen-sie\/#breadcrumb\"},\"inLanguage\":\"de\",\"potentialAction\":[{\"@type\":\"ReadAction\",\"target\":[\"https:\/\/blog.zhaw.ch\/gesundheitsoekonomie\/2018\/11\/05\/wie-viel-sitzen-sie\/\"]}]},{\"@type\":\"ImageObject\",\"inLanguage\":\"de\",\"@id\":\"https:\/\/blog.zhaw.ch\/gesundheitsoekonomie\/2018\/11\/05\/wie-viel-sitzen-sie\/#primaryimage\",\"url\":\"http:\/\/blog.zhaw.ch\/gesundheitsoekonomie\/files\/2018\/10\/181101_HTA_Beitragsbild_1.docx_.png\",\"contentUrl\":\"http:\/\/blog.zhaw.ch\/gesundheitsoekonomie\/files\/2018\/10\/181101_HTA_Beitragsbild_1.docx_.png\"},{\"@type\":\"BreadcrumbList\",\"@id\":\"https:\/\/blog.zhaw.ch\/gesundheitsoekonomie\/2018\/11\/05\/wie-viel-sitzen-sie\/#breadcrumb\",\"itemListElement\":[{\"@type\":\"ListItem\",\"position\":1,\"name\":\"Startseite\",\"item\":\"https:\/\/blog.zhaw.ch\/gesundheitsoekonomie\/\"},{\"@type\":\"ListItem\",\"position\":2,\"name\":\"Wie viel sitzen Sie?\"}]},{\"@type\":\"WebSite\",\"@id\":\"https:\/\/blog.zhaw.ch\/gesundheitsoekonomie\/#website\",\"url\":\"https:\/\/blog.zhaw.ch\/gesundheitsoekonomie\/\",\"name\":\"Gesundheits\u00f6konomie @ ZHAW\",\"description\":\"Ein Blog der ZHAW Z\u00fcrcher Hochschule f\u00fcr Angewandte Wissenschaften\",\"potentialAction\":[{\"@type\":\"SearchAction\",\"target\":{\"@type\":\"EntryPoint\",\"urlTemplate\":\"https:\/\/blog.zhaw.ch\/gesundheitsoekonomie\/?s={search_term_string}\"},\"query-input\":{\"@type\":\"PropertyValueSpecification\",\"valueRequired\":true,\"valueName\":\"search_term_string\"}}],\"inLanguage\":\"de\"},{\"@type\":\"Person\",\"@id\":\"https:\/\/blog.zhaw.ch\/gesundheitsoekonomie\/#\/schema\/person\/9f23ca3c7e8761fd1498ca155fa97be5\",\"name\":\"Gesundheits\u00f6konomie @ ZHAW\",\"image\":{\"@type\":\"ImageObject\",\"inLanguage\":\"de\",\"@id\":\"https:\/\/secure.gravatar.com\/avatar\/288a1d08b0bf4c2e06b5b02bcb8c585ab944f18ce54a408ddc9104152dd07117?s=96&d=mm&r=g\",\"url\":\"https:\/\/secure.gravatar.com\/avatar\/288a1d08b0bf4c2e06b5b02bcb8c585ab944f18ce54a408ddc9104152dd07117?s=96&d=mm&r=g\",\"contentUrl\":\"https:\/\/secure.gravatar.com\/avatar\/288a1d08b0bf4c2e06b5b02bcb8c585ab944f18ce54a408ddc9104152dd07117?s=96&d=mm&r=g\",\"caption\":\"Gesundheits\u00f6konomie @ ZHAW\"},\"url\":\"https:\/\/blog.zhaw.ch\/gesundheitsoekonomie\/author\/grbd\/\"}]}<\/script>\n<!-- \/ Yoast SEO Premium plugin. -->","yoast_head_json":{"title":"Wie viel sitzen Sie? - Gesundheits\u00f6konomie @ ZHAW","robots":{"index":"index","follow":"follow","max-snippet":"max-snippet:-1","max-image-preview":"max-image-preview:large","max-video-preview":"max-video-preview:-1"},"canonical":"https:\/\/blog.zhaw.ch\/gesundheitsoekonomie\/2018\/11\/05\/wie-viel-sitzen-sie\/","og_locale":"de_DE","og_type":"article","og_title":"Wie viel sitzen Sie?","og_description":"Von Renato Mattli W\u00e4hrend Sie diese Zeilen lesen, sitzen Sie wahrscheinlich. Haben Sie sich heute schon bewegt? Und wie viel k\u00f6rperliche Aktivit\u00e4t werden Sie sich bis am Ende der Woche zu Gute getan haben? Falls es pro Woche mehr sind als 2.5 Stunden bei mittlerer Intensit\u00e4t (wie beispielsweise Gehen oder Gartenarbeit) oder 1.25 Stunden bei [&hellip;]","og_url":"https:\/\/blog.zhaw.ch\/gesundheitsoekonomie\/2018\/11\/05\/wie-viel-sitzen-sie\/","og_site_name":"Gesundheits\u00f6konomie @ ZHAW","article_published_time":"2018-11-05T09:00:59+00:00","article_modified_time":"2020-01-09T10:37:27+00:00","og_image":[{"url":"http:\/\/blog.zhaw.ch\/gesundheitsoekonomie\/files\/2018\/10\/181101_HTA_Beitragsbild_1.docx_.png","type":"","width":"","height":""}],"author":"Gesundheits\u00f6konomie @ ZHAW","twitter_card":"summary_large_image","twitter_misc":{"Verfasst von":"Gesundheits\u00f6konomie @ ZHAW","Gesch\u00e4tzte Lesezeit":"2\u00a0Minuten"},"schema":{"@context":"https:\/\/schema.org","@graph":[{"@type":"Article","@id":"https:\/\/blog.zhaw.ch\/gesundheitsoekonomie\/2018\/11\/05\/wie-viel-sitzen-sie\/#article","isPartOf":{"@id":"https:\/\/blog.zhaw.ch\/gesundheitsoekonomie\/2018\/11\/05\/wie-viel-sitzen-sie\/"},"author":{"name":"Gesundheits\u00f6konomie @ ZHAW","@id":"https:\/\/blog.zhaw.ch\/gesundheitsoekonomie\/#\/schema\/person\/9f23ca3c7e8761fd1498ca155fa97be5"},"headline":"Wie viel sitzen Sie?","datePublished":"2018-11-05T09:00:59+00:00","dateModified":"2020-01-09T10:37:27+00:00","mainEntityOfPage":{"@id":"https:\/\/blog.zhaw.ch\/gesundheitsoekonomie\/2018\/11\/05\/wie-viel-sitzen-sie\/"},"wordCount":390,"commentCount":0,"image":{"@id":"https:\/\/blog.zhaw.ch\/gesundheitsoekonomie\/2018\/11\/05\/wie-viel-sitzen-sie\/#primaryimage"},"thumbnailUrl":"http:\/\/blog.zhaw.ch\/gesundheitsoekonomie\/files\/2018\/10\/181101_HTA_Beitragsbild_1.docx_.png","keywords":["Renato Mattli"],"articleSection":["HTA und Gesundheits\u00f6konomische Evaluationen"],"inLanguage":"de","potentialAction":[{"@type":"CommentAction","name":"Comment","target":["https:\/\/blog.zhaw.ch\/gesundheitsoekonomie\/2018\/11\/05\/wie-viel-sitzen-sie\/#respond"]}]},{"@type":"WebPage","@id":"https:\/\/blog.zhaw.ch\/gesundheitsoekonomie\/2018\/11\/05\/wie-viel-sitzen-sie\/","url":"https:\/\/blog.zhaw.ch\/gesundheitsoekonomie\/2018\/11\/05\/wie-viel-sitzen-sie\/","name":"Wie viel sitzen Sie? - Gesundheits\u00f6konomie @ ZHAW","isPartOf":{"@id":"https:\/\/blog.zhaw.ch\/gesundheitsoekonomie\/#website"},"primaryImageOfPage":{"@id":"https:\/\/blog.zhaw.ch\/gesundheitsoekonomie\/2018\/11\/05\/wie-viel-sitzen-sie\/#primaryimage"},"image":{"@id":"https:\/\/blog.zhaw.ch\/gesundheitsoekonomie\/2018\/11\/05\/wie-viel-sitzen-sie\/#primaryimage"},"thumbnailUrl":"http:\/\/blog.zhaw.ch\/gesundheitsoekonomie\/files\/2018\/10\/181101_HTA_Beitragsbild_1.docx_.png","datePublished":"2018-11-05T09:00:59+00:00","dateModified":"2020-01-09T10:37:27+00:00","author":{"@id":"https:\/\/blog.zhaw.ch\/gesundheitsoekonomie\/#\/schema\/person\/9f23ca3c7e8761fd1498ca155fa97be5"},"breadcrumb":{"@id":"https:\/\/blog.zhaw.ch\/gesundheitsoekonomie\/2018\/11\/05\/wie-viel-sitzen-sie\/#breadcrumb"},"inLanguage":"de","potentialAction":[{"@type":"ReadAction","target":["https:\/\/blog.zhaw.ch\/gesundheitsoekonomie\/2018\/11\/05\/wie-viel-sitzen-sie\/"]}]},{"@type":"ImageObject","inLanguage":"de","@id":"https:\/\/blog.zhaw.ch\/gesundheitsoekonomie\/2018\/11\/05\/wie-viel-sitzen-sie\/#primaryimage","url":"http:\/\/blog.zhaw.ch\/gesundheitsoekonomie\/files\/2018\/10\/181101_HTA_Beitragsbild_1.docx_.png","contentUrl":"http:\/\/blog.zhaw.ch\/gesundheitsoekonomie\/files\/2018\/10\/181101_HTA_Beitragsbild_1.docx_.png"},{"@type":"BreadcrumbList","@id":"https:\/\/blog.zhaw.ch\/gesundheitsoekonomie\/2018\/11\/05\/wie-viel-sitzen-sie\/#breadcrumb","itemListElement":[{"@type":"ListItem","position":1,"name":"Startseite","item":"https:\/\/blog.zhaw.ch\/gesundheitsoekonomie\/"},{"@type":"ListItem","position":2,"name":"Wie viel sitzen Sie?"}]},{"@type":"WebSite","@id":"https:\/\/blog.zhaw.ch\/gesundheitsoekonomie\/#website","url":"https:\/\/blog.zhaw.ch\/gesundheitsoekonomie\/","name":"Gesundheits\u00f6konomie @ ZHAW","description":"Ein Blog der ZHAW Z\u00fcrcher Hochschule f\u00fcr Angewandte Wissenschaften","potentialAction":[{"@type":"SearchAction","target":{"@type":"EntryPoint","urlTemplate":"https:\/\/blog.zhaw.ch\/gesundheitsoekonomie\/?s={search_term_string}"},"query-input":{"@type":"PropertyValueSpecification","valueRequired":true,"valueName":"search_term_string"}}],"inLanguage":"de"},{"@type":"Person","@id":"https:\/\/blog.zhaw.ch\/gesundheitsoekonomie\/#\/schema\/person\/9f23ca3c7e8761fd1498ca155fa97be5","name":"Gesundheits\u00f6konomie @ ZHAW","image":{"@type":"ImageObject","inLanguage":"de","@id":"https:\/\/secure.gravatar.com\/avatar\/288a1d08b0bf4c2e06b5b02bcb8c585ab944f18ce54a408ddc9104152dd07117?s=96&d=mm&r=g","url":"https:\/\/secure.gravatar.com\/avatar\/288a1d08b0bf4c2e06b5b02bcb8c585ab944f18ce54a408ddc9104152dd07117?s=96&d=mm&r=g","contentUrl":"https:\/\/secure.gravatar.com\/avatar\/288a1d08b0bf4c2e06b5b02bcb8c585ab944f18ce54a408ddc9104152dd07117?s=96&d=mm&r=g","caption":"Gesundheits\u00f6konomie @ ZHAW"},"url":"https:\/\/blog.zhaw.ch\/gesundheitsoekonomie\/author\/grbd\/"}]}},"_links":{"self":[{"href":"https:\/\/blog.zhaw.ch\/gesundheitsoekonomie\/wp-json\/wp\/v2\/posts\/702","targetHints":{"allow":["GET"]}}],"collection":[{"href":"https:\/\/blog.zhaw.ch\/gesundheitsoekonomie\/wp-json\/wp\/v2\/posts"}],"about":[{"href":"https:\/\/blog.zhaw.ch\/gesundheitsoekonomie\/wp-json\/wp\/v2\/types\/post"}],"author":[{"embeddable":true,"href":"https:\/\/blog.zhaw.ch\/gesundheitsoekonomie\/wp-json\/wp\/v2\/users\/394"}],"replies":[{"embeddable":true,"href":"https:\/\/blog.zhaw.ch\/gesundheitsoekonomie\/wp-json\/wp\/v2\/comments?post=702"}],"version-history":[{"count":6,"href":"https:\/\/blog.zhaw.ch\/gesundheitsoekonomie\/wp-json\/wp\/v2\/posts\/702\/revisions"}],"predecessor-version":[{"id":1591,"href":"https:\/\/blog.zhaw.ch\/gesundheitsoekonomie\/wp-json\/wp\/v2\/posts\/702\/revisions\/1591"}],"wp:attachment":[{"href":"https:\/\/blog.zhaw.ch\/gesundheitsoekonomie\/wp-json\/wp\/v2\/media?parent=702"}],"wp:term":[{"taxonomy":"category","embeddable":true,"href":"https:\/\/blog.zhaw.ch\/gesundheitsoekonomie\/wp-json\/wp\/v2\/categories?post=702"},{"taxonomy":"post_tag","embeddable":true,"href":"https:\/\/blog.zhaw.ch\/gesundheitsoekonomie\/wp-json\/wp\/v2\/tags?post=702"},{"taxonomy":"features","embeddable":true,"href":"https:\/\/blog.zhaw.ch\/gesundheitsoekonomie\/wp-json\/wp\/v2\/features?post=702"}],"curies":[{"name":"wp","href":"https:\/\/api.w.org\/{rel}","templated":true}]}}