{"id":4259,"date":"2025-11-13T11:46:02","date_gmt":"2025-11-13T10:46:02","guid":{"rendered":"https:\/\/blog.zhaw.ch\/gesundheitsoekonomie\/?p=4259"},"modified":"2025-12-09T16:07:55","modified_gmt":"2025-12-09T15:07:55","slug":"wig-herbstanlass-2025-die-bevoelkerung-als-kostentreiber-im-gesundheitswesen","status":"publish","type":"post","link":"https:\/\/blog.zhaw.ch\/gesundheitsoekonomie\/2025\/11\/13\/wig-herbstanlass-2025-die-bevoelkerung-als-kostentreiber-im-gesundheitswesen\/","title":{"rendered":"WIG-Herbstanlass 2025: Die Bev\u00f6lkerung als Kostentreiber im Gesundheitswesen?"},"content":{"rendered":"<div class=\"wp-block-image\">\n<figure class=\"aligncenter size-full is-resized\"><img loading=\"lazy\" decoding=\"async\" width=\"640\" height=\"427\" src=\"https:\/\/blog.zhaw.ch\/gesundheitsoekonomie\/files\/2025\/11\/20251113_Herbstanlass-Bild1-1.jpg\" alt=\"\" class=\"wp-image-4279\" style=\"width:669px;height:auto\" srcset=\"https:\/\/blog.zhaw.ch\/gesundheitsoekonomie\/files\/2025\/11\/20251113_Herbstanlass-Bild1-1.jpg 640w, https:\/\/blog.zhaw.ch\/gesundheitsoekonomie\/files\/2025\/11\/20251113_Herbstanlass-Bild1-1-300x200.jpg 300w\" sizes=\"auto, (max-width: 640px) 100vw, 640px\" \/><\/figure>\n<\/div>\n\n\n<p><\/p>\n\n\n\n<p>Am Dienstag, 4.11.2025 fand der traditionelle WIG-Herbstanlass des <a href=\"https:\/\/www.zhaw.ch\/de\/sml\/institute-zentren\/wig\/netzwerk-ngw\">Netzwerks Gesundheits\u00f6konomie Winterthur<\/a> statt. Er stand unter dem Motto \u00ab<strong>Zu hohe Anspr\u00fcche \u2013 zu viele Erwartungen? Die Bev\u00f6lkerung als Kostentreiber im Gesundheitswesen?<\/strong>\u00bb. Den Einstieg gaben drei Input-Referate aus den Perspektiven der Forschung, der haus\u00e4rztlichen Praxis und der PatientInnen.<\/p>\n\n\n\n<!--more-->\n\n\n\n<p><\/p>\n\n\n\n<p>Von <a href=\"https:\/\/www.zhaw.ch\/de\/ueber-uns\/person\/stmm\" target=\"_blank\" rel=\"noreferrer noopener\">M\u00e9lanie Stamm-L\u00f6tscher<\/a> und <a href=\"https:\/\/www.zhaw.ch\/de\/ueber-uns\/person\/wiso\" target=\"_blank\" rel=\"noreferrer noopener\">Prof. Dr. Simon Wieser<\/a><\/p>\n\n\n\n<p><strong>Was Daten und Forschung uns sagen \u2013 und was nicht<\/strong><\/p>\n\n\n\n<p><a href=\"https:\/\/www.zhaw.ch\/de\/ueber-uns\/person\/hoeg\" target=\"_blank\" rel=\"noreferrer noopener\">Marc H\u00f6glinger<\/a>, Teamleiter am WIG, pr\u00e4sentierte die aktuellen Zahlen und den Stand der Forschung zum Thema des Abends. So haben drei Viertel der Bev\u00f6lkerung einen Anteil von nur 10% an den pr\u00e4mienrelevanten Kosten und tragen somit kaum zum Kostenwachstum bei. Gleichzeitig zeigt eine <a href=\"https:\/\/www.bag.admin.ch\/de\/newnsb\/kBC6XP8XvYIawSMfJYAI3\" target=\"_blank\" rel=\"noreferrer noopener\">aktuelle Studie des WIG<\/a>, dass die h\u00f6heren Kosten pro erkrankte Person Haupttreiber des Kostenwachstums sind. Das heisst aber nicht, dass die zus\u00e4tzlichen Leistungen aufgrund von Anspr\u00fcchen der Patienten erbracht wurden. Vielmehr deutet der aktuelle Stand der Forschung darauf hin, dass anderer Faktoren einen st\u00e4rkeren Einfluss haben, und die Erwartungen und Anspr\u00fcche der Bev\u00f6lkerung kein zentraler Kostentreiber im Gesundheitswesen sind.<\/p>\n\n\n<div class=\"wp-block-image\">\n<figure class=\"aligncenter size-large is-resized\"><img loading=\"lazy\" decoding=\"async\" width=\"1024\" height=\"683\" src=\"https:\/\/blog.zhaw.ch\/gesundheitsoekonomie\/files\/2025\/11\/20251113_Herbstanlass-Bild2-1024x683.jpg\" alt=\"\" class=\"wp-image-4261\" style=\"width:667px;height:auto\" srcset=\"https:\/\/blog.zhaw.ch\/gesundheitsoekonomie\/files\/2025\/11\/20251113_Herbstanlass-Bild2-1024x683.jpg 1024w, https:\/\/blog.zhaw.ch\/gesundheitsoekonomie\/files\/2025\/11\/20251113_Herbstanlass-Bild2-300x200.jpg 300w, https:\/\/blog.zhaw.ch\/gesundheitsoekonomie\/files\/2025\/11\/20251113_Herbstanlass-Bild2-768x512.jpg 768w, https:\/\/blog.zhaw.ch\/gesundheitsoekonomie\/files\/2025\/11\/20251113_Herbstanlass-Bild2.jpg 1386w\" sizes=\"auto, (max-width: 1024px) 100vw, 1024px\" \/><figcaption class=\"wp-element-caption\">Dr. Prof. Marc H\u00f6glinger<\/figcaption><\/figure>\n<\/div>\n\n\n<p><strong>Die Haus\u00e4rztin erlebt Anspr\u00fcche und falsche Erwartungen<\/strong><\/p>\n\n\n\n<p>Im zweiten Referat pr\u00e4sentierte <a href=\"https:\/\/www.medix-praxis-friesenberg.ch\/team.html\" target=\"_blank\" rel=\"noreferrer noopener\">Corinne Chmiel<\/a>, Leitende \u00c4rztin beim \u00c4rztenetz <a href=\"https:\/\/www.medix.ch\/\" target=\"_blank\" rel=\"noreferrer noopener\">mediX<\/a>, ihren Alltag in der haus\u00e4rztlichen Praxis. Sie ist oft mit Patientinnen und Patienten mit sehr konkreten Anspr\u00fcchen und Erwartungen konfrontiert. Daf\u00fcr sieht sie drei Gr\u00fcnde: Zum einen eine Anspruchshaltung, die aufgrund der hohen Pr\u00e4mien entsteht und zu einem \u00abKioskverhalten\u00bb f\u00fchrt. Zum anderen sind zu viele, oft falsche, Informationen im Umlauf und insbesondere bei den J\u00fcngeren auch zunehmende \u00c4ngste. Schliesslich gibt es falsche Erwartungen an die Diagnostik und dem Motto \u00abMehr ist mehr\u00bb. L\u00f6sungsans\u00e4tze sieht Corinne Chmiel vor allem in echten Managed-Care Modellen, die durch eine verbesserte Arzt-Patientenbeziehung, bessere Informationen f\u00fcr die Patienten und vern\u00fcnftige Guidelines f\u00fcr Leistungserbringer an beiden Seiten ansetzen. &nbsp;<\/p>\n\n\n<div class=\"wp-block-image\">\n<figure class=\"aligncenter size-large is-resized\"><img loading=\"lazy\" decoding=\"async\" width=\"1024\" height=\"683\" src=\"https:\/\/blog.zhaw.ch\/gesundheitsoekonomie\/files\/2025\/11\/20251113_Herbstanlass-Bild3-1024x683.jpg\" alt=\"\" class=\"wp-image-4262\" style=\"width:681px;height:auto\" srcset=\"https:\/\/blog.zhaw.ch\/gesundheitsoekonomie\/files\/2025\/11\/20251113_Herbstanlass-Bild3-1024x683.jpg 1024w, https:\/\/blog.zhaw.ch\/gesundheitsoekonomie\/files\/2025\/11\/20251113_Herbstanlass-Bild3-300x200.jpg 300w, https:\/\/blog.zhaw.ch\/gesundheitsoekonomie\/files\/2025\/11\/20251113_Herbstanlass-Bild3-768x512.jpg 768w, https:\/\/blog.zhaw.ch\/gesundheitsoekonomie\/files\/2025\/11\/20251113_Herbstanlass-Bild3.jpg 1386w\" sizes=\"auto, (max-width: 1024px) 100vw, 1024px\" \/><figcaption class=\"wp-element-caption\">Prof. Dr. med. Corinne Chmiel<\/figcaption><\/figure>\n<\/div>\n\n\n<p><strong>Die Patientin macht andere Erfahrungen<\/strong><\/p>\n\n\n\n<p><a href=\"https:\/\/long-covid-info.ch\/chantal-britt\/\" target=\"_blank\" rel=\"noreferrer noopener\">Chantal Britt<\/a>, Mitglied des Patientenbeirats der <a href=\"https:\/\/www.spo.ch\/\" target=\"_blank\" rel=\"noreferrer noopener\">Schweizerischen Patientenorganisation<\/a>, pr\u00e4sentierte im abschliessenden Referat ihre pers\u00f6nlichen Erfahrungen als Patientin. Als Long Covid Betroffene sei sie eine dieser \u00abschwierige Patientinnen\u00bb, die selbst Untersuchungen, Tests und Therapieversuche fordern, viele \u00c4rztinnen und \u00c4rzte aufsuchen und damit \u00ab\u00c4rzte-Hopping\u00bb betreibe. Ihre Schilderungen zeigen, dass Patientinnen und Patienten \u2013 besonders bei noch wenig verstandenen chronischen Krankheiten \u2013 aus ihrem Leidensdruck heraus selbst nach Informationen suchen und diese in die \u00e4rztliche Behandlung einbringen. So entsteht oft der Eindruck des fordernden Patienten. Sie pl\u00e4diert daf\u00fcr, Betroffene st\u00e4rker einzubeziehen, etwa bei der Entwicklung neuer Guidelines, statt ihnen Vorw\u00fcrfe zu machen.<\/p>\n\n\n<div class=\"wp-block-image\">\n<figure class=\"aligncenter size-large is-resized\"><img loading=\"lazy\" decoding=\"async\" width=\"1024\" height=\"683\" src=\"https:\/\/blog.zhaw.ch\/gesundheitsoekonomie\/files\/2025\/11\/20251113_Herbstanlass-Bild4-1024x683.jpg\" alt=\"\" class=\"wp-image-4263\" style=\"width:711px;height:auto\" srcset=\"https:\/\/blog.zhaw.ch\/gesundheitsoekonomie\/files\/2025\/11\/20251113_Herbstanlass-Bild4-1024x683.jpg 1024w, https:\/\/blog.zhaw.ch\/gesundheitsoekonomie\/files\/2025\/11\/20251113_Herbstanlass-Bild4-300x200.jpg 300w, https:\/\/blog.zhaw.ch\/gesundheitsoekonomie\/files\/2025\/11\/20251113_Herbstanlass-Bild4-768x512.jpg 768w, https:\/\/blog.zhaw.ch\/gesundheitsoekonomie\/files\/2025\/11\/20251113_Herbstanlass-Bild4.jpg 1386w\" sizes=\"auto, (max-width: 1024px) 100vw, 1024px\" \/><figcaption class=\"wp-element-caption\">Kommunikationsfachfrau Chantal Britt<\/figcaption><\/figure>\n<\/div>\n\n\n<p><strong>Eine Diskussion, die uns weiter besch\u00e4ftigen wird<\/strong><\/p>\n\n\n\n<p>Es folgte eine angeregte Diskussion zwischen den Referenten und mit dem Publikum. Dabei wurde deutlich, dass es schwierig ist, zwischen gerechtfertigten und \u00fcberzogenen Erwartungen und Anspr\u00fcchen zu unterscheiden. Besonders bei wenig verstandenen Krankheiten suchen die Patientinnen und Patienten oft verzweifelt nach Antworten, w\u00e4hrend \u00c4rztinnen und \u00c4rzte den Nutzen einzelner Untersuchungen und Behandlungen kritisch beurteilen \u2013 ein idealer N\u00e4hrboden f\u00fcr Missverst\u00e4ndnisse und Konflikte. Klar ist aber auch: Solche F\u00e4lle stehen nicht f\u00fcr die breite Bev\u00f6lkerung. Beim anschliessenden Ap\u00e9ro wurde engagiert weiterdiskutiert \u2013 ein Zeichen, dass uns dieses Thema noch l\u00e4nger besch\u00e4ftigen wird.<\/p>\n\n\n<div class=\"wp-block-image\">\n<figure class=\"aligncenter size-large is-resized\"><img loading=\"lazy\" decoding=\"async\" width=\"1024\" height=\"683\" src=\"https:\/\/blog.zhaw.ch\/gesundheitsoekonomie\/files\/2025\/11\/20251113_Herbstanlass-Bild5-1024x683.jpg\" alt=\"\" class=\"wp-image-4264\" style=\"width:730px;height:auto\" srcset=\"https:\/\/blog.zhaw.ch\/gesundheitsoekonomie\/files\/2025\/11\/20251113_Herbstanlass-Bild5-1024x683.jpg 1024w, https:\/\/blog.zhaw.ch\/gesundheitsoekonomie\/files\/2025\/11\/20251113_Herbstanlass-Bild5-300x200.jpg 300w, https:\/\/blog.zhaw.ch\/gesundheitsoekonomie\/files\/2025\/11\/20251113_Herbstanlass-Bild5-768x512.jpg 768w, https:\/\/blog.zhaw.ch\/gesundheitsoekonomie\/files\/2025\/11\/20251113_Herbstanlass-Bild5.jpg 1386w\" sizes=\"auto, (max-width: 1024px) 100vw, 1024px\" \/><\/figure>\n<\/div>\n\n\n<p><\/p>\n\n\n\n<p><strong>M\u00e9lanie L\u00f6tscher-Stamm<\/strong> ist Wissenschaftliche Mitarbeiterin im Team Gesundheits\u00f6konomische Forschung am WIG.<br><strong>Simon Wieser<\/strong> ist Institutsleiter des Winterthurer Institut f\u00fcr Gesundheits\u00f6konomie.<\/p>\n\n\n\n<p><a href=\"http:\/\/blog.zhaw.ch\/gesundheitsoekonomie\/files\/2025\/11\/Marc-Hoeglinger.pdf\" target=\"_blank\" rel=\"noreferrer noopener\">Pr\u00e4sentation von Marc H\u00f6glinger Co-Teamleitung Versorgungsforschung am WIG<\/a><\/p>\n\n\n\n<p><a href=\"http:\/\/blog.zhaw.ch\/gesundheitsoekonomie\/files\/2025\/11\/Corinne-Chmiel.pdf\" target=\"_blank\" rel=\"noreferrer noopener\">Pr\u00e4sentation von Corinne Chmiel MediX<\/a><\/p>\n\n\n\n<p><a href=\"http:\/\/blog.zhaw.ch\/gesundheitsoekonomie\/files\/2025\/11\/Chantal-Britt.pdf\" target=\"_blank\" rel=\"noreferrer noopener\">Pr\u00e4sentation von Chantal Britt Berner Fachhochschule<\/a><\/p>\n\n\n\n<p>Verpassen Sie keinen Herbstanlass mehr senden Sie uns ein E-Mail mit Betreff Herbstanlass an <a href=\"mailto:info.wig@zhaw.ch\">info.wig@zhaw.ch<\/a>.<\/p>\n\n\n\n<p><\/p>\n<div class=\"pt-sm\">Schlagw\u00f6rter: <a href=\"http:\/\/blog.zhaw.ch\/gesundheitsoekonomie\/tag\/melanie-loetscher-stamm\/\">M\u00e9lanie L\u00f6tscher-Stamm<\/a>, <a href=\"http:\/\/blog.zhaw.ch\/gesundheitsoekonomie\/tag\/simon-wieser\/\">Simon Wieser<\/a><br><\/div>","protected":false},"excerpt":{"rendered":"<p>Am Dienstag, 4.11.2025 fand der traditionelle WIG-Herbstanlass des Netzwerks Gesundheits\u00f6konomie Winterthur statt. Er stand unter dem Motto \u00abZu hohe Anspr\u00fcche \u2013 zu viele Erwartungen? Die Bev\u00f6lkerung als Kostentreiber im Gesundheitswesen?\u00bb. Den Einstieg gaben drei Input-Referate aus den Perspektiven der Forschung, der haus\u00e4rztlichen Praxis und der PatientInnen. Schlagw\u00f6rter: M\u00e9lanie L\u00f6tscher-Stamm, Simon Wieser<\/p>\n","protected":false},"author":394,"featured_media":0,"comment_status":"open","ping_status":"open","sticky":false,"template":"","format":"standard","meta":{"ngg_post_thumbnail":0,"footnotes":""},"categories":[4],"tags":[581,29],"features":[],"class_list":["post-4259","post","type-post","status-publish","format-standard","hentry","category-veranstaltungen","tag-melanie-loetscher-stamm","tag-simon-wieser"],"yoast_head":"<!-- This site is optimized with the Yoast SEO Premium plugin v27.2 (Yoast SEO v27.2) - https:\/\/yoast.com\/product\/yoast-seo-premium-wordpress\/ -->\n<title>WIG-Herbstanlass 2025: Die Bev\u00f6lkerung als Kostentreiber im Gesundheitswesen? - Gesundheits\u00f6konomie @ ZHAW<\/title>\n<meta name=\"robots\" content=\"index, follow, max-snippet:-1, max-image-preview:large, max-video-preview:-1\" \/>\n<link rel=\"canonical\" href=\"https:\/\/blog.zhaw.ch\/gesundheitsoekonomie\/2025\/11\/13\/wig-herbstanlass-2025-die-bevoelkerung-als-kostentreiber-im-gesundheitswesen\/\" \/>\n<meta property=\"og:locale\" content=\"de_DE\" \/>\n<meta property=\"og:type\" content=\"article\" \/>\n<meta property=\"og:title\" content=\"WIG-Herbstanlass 2025: Die Bev\u00f6lkerung als Kostentreiber im Gesundheitswesen?\" \/>\n<meta property=\"og:description\" content=\"Am Dienstag, 4.11.2025 fand der traditionelle WIG-Herbstanlass des Netzwerks Gesundheits\u00f6konomie Winterthur statt. Er stand unter dem Motto \u00abZu hohe Anspr\u00fcche \u2013 zu viele Erwartungen? Die Bev\u00f6lkerung als Kostentreiber im Gesundheitswesen?\u00bb. Den Einstieg gaben drei Input-Referate aus den Perspektiven der Forschung, der haus\u00e4rztlichen Praxis und der PatientInnen. Schlagw\u00f6rter: M\u00e9lanie L\u00f6tscher-Stamm, Simon Wieser\" \/>\n<meta property=\"og:url\" content=\"https:\/\/blog.zhaw.ch\/gesundheitsoekonomie\/2025\/11\/13\/wig-herbstanlass-2025-die-bevoelkerung-als-kostentreiber-im-gesundheitswesen\/\" \/>\n<meta property=\"og:site_name\" content=\"Gesundheits\u00f6konomie @ ZHAW\" \/>\n<meta property=\"article:published_time\" content=\"2025-11-13T10:46:02+00:00\" \/>\n<meta property=\"article:modified_time\" content=\"2025-12-09T15:07:55+00:00\" \/>\n<meta property=\"og:image\" content=\"https:\/\/blog.zhaw.ch\/gesundheitsoekonomie\/files\/2025\/11\/20251113_Herbstanlass-Bild1-1.jpg\" \/>\n\t<meta property=\"og:image:width\" content=\"640\" \/>\n\t<meta property=\"og:image:height\" content=\"427\" \/>\n\t<meta property=\"og:image:type\" content=\"image\/jpeg\" \/>\n<meta name=\"author\" content=\"Gesundheits\u00f6konomie @ ZHAW\" \/>\n<meta name=\"twitter:card\" content=\"summary_large_image\" \/>\n<meta name=\"twitter:label1\" content=\"Verfasst von\" \/>\n\t<meta name=\"twitter:data1\" content=\"Gesundheits\u00f6konomie @ ZHAW\" \/>\n\t<meta name=\"twitter:label2\" content=\"Gesch\u00e4tzte Lesezeit\" \/>\n\t<meta name=\"twitter:data2\" content=\"5\u00a0Minuten\" \/>\n<script type=\"application\/ld+json\" class=\"yoast-schema-graph\">{\"@context\":\"https:\/\/schema.org\",\"@graph\":[{\"@type\":\"Article\",\"@id\":\"https:\/\/blog.zhaw.ch\/gesundheitsoekonomie\/2025\/11\/13\/wig-herbstanlass-2025-die-bevoelkerung-als-kostentreiber-im-gesundheitswesen\/#article\",\"isPartOf\":{\"@id\":\"https:\/\/blog.zhaw.ch\/gesundheitsoekonomie\/2025\/11\/13\/wig-herbstanlass-2025-die-bevoelkerung-als-kostentreiber-im-gesundheitswesen\/\"},\"author\":{\"name\":\"Gesundheits\u00f6konomie @ ZHAW\",\"@id\":\"https:\/\/blog.zhaw.ch\/gesundheitsoekonomie\/#\/schema\/person\/9f23ca3c7e8761fd1498ca155fa97be5\"},\"headline\":\"WIG-Herbstanlass 2025: Die Bev\u00f6lkerung als Kostentreiber im Gesundheitswesen?\",\"datePublished\":\"2025-11-13T10:46:02+00:00\",\"dateModified\":\"2025-12-09T15:07:55+00:00\",\"mainEntityOfPage\":{\"@id\":\"https:\/\/blog.zhaw.ch\/gesundheitsoekonomie\/2025\/11\/13\/wig-herbstanlass-2025-die-bevoelkerung-als-kostentreiber-im-gesundheitswesen\/\"},\"wordCount\":616,\"commentCount\":0,\"image\":{\"@id\":\"https:\/\/blog.zhaw.ch\/gesundheitsoekonomie\/2025\/11\/13\/wig-herbstanlass-2025-die-bevoelkerung-als-kostentreiber-im-gesundheitswesen\/#primaryimage\"},\"thumbnailUrl\":\"https:\/\/blog.zhaw.ch\/gesundheitsoekonomie\/files\/2025\/11\/20251113_Herbstanlass-Bild1-1.jpg\",\"keywords\":[\"M\u00e9lanie L\u00f6tscher-Stamm\",\"Simon Wieser\"],\"articleSection\":[\"Veranstaltungen\"],\"inLanguage\":\"de\",\"potentialAction\":[{\"@type\":\"CommentAction\",\"name\":\"Comment\",\"target\":[\"https:\/\/blog.zhaw.ch\/gesundheitsoekonomie\/2025\/11\/13\/wig-herbstanlass-2025-die-bevoelkerung-als-kostentreiber-im-gesundheitswesen\/#respond\"]}]},{\"@type\":\"WebPage\",\"@id\":\"https:\/\/blog.zhaw.ch\/gesundheitsoekonomie\/2025\/11\/13\/wig-herbstanlass-2025-die-bevoelkerung-als-kostentreiber-im-gesundheitswesen\/\",\"url\":\"https:\/\/blog.zhaw.ch\/gesundheitsoekonomie\/2025\/11\/13\/wig-herbstanlass-2025-die-bevoelkerung-als-kostentreiber-im-gesundheitswesen\/\",\"name\":\"WIG-Herbstanlass 2025: Die Bev\u00f6lkerung als Kostentreiber im Gesundheitswesen? - Gesundheits\u00f6konomie @ ZHAW\",\"isPartOf\":{\"@id\":\"https:\/\/blog.zhaw.ch\/gesundheitsoekonomie\/#website\"},\"primaryImageOfPage\":{\"@id\":\"https:\/\/blog.zhaw.ch\/gesundheitsoekonomie\/2025\/11\/13\/wig-herbstanlass-2025-die-bevoelkerung-als-kostentreiber-im-gesundheitswesen\/#primaryimage\"},\"image\":{\"@id\":\"https:\/\/blog.zhaw.ch\/gesundheitsoekonomie\/2025\/11\/13\/wig-herbstanlass-2025-die-bevoelkerung-als-kostentreiber-im-gesundheitswesen\/#primaryimage\"},\"thumbnailUrl\":\"https:\/\/blog.zhaw.ch\/gesundheitsoekonomie\/files\/2025\/11\/20251113_Herbstanlass-Bild1-1.jpg\",\"datePublished\":\"2025-11-13T10:46:02+00:00\",\"dateModified\":\"2025-12-09T15:07:55+00:00\",\"author\":{\"@id\":\"https:\/\/blog.zhaw.ch\/gesundheitsoekonomie\/#\/schema\/person\/9f23ca3c7e8761fd1498ca155fa97be5\"},\"breadcrumb\":{\"@id\":\"https:\/\/blog.zhaw.ch\/gesundheitsoekonomie\/2025\/11\/13\/wig-herbstanlass-2025-die-bevoelkerung-als-kostentreiber-im-gesundheitswesen\/#breadcrumb\"},\"inLanguage\":\"de\",\"potentialAction\":[{\"@type\":\"ReadAction\",\"target\":[\"https:\/\/blog.zhaw.ch\/gesundheitsoekonomie\/2025\/11\/13\/wig-herbstanlass-2025-die-bevoelkerung-als-kostentreiber-im-gesundheitswesen\/\"]}]},{\"@type\":\"ImageObject\",\"inLanguage\":\"de\",\"@id\":\"https:\/\/blog.zhaw.ch\/gesundheitsoekonomie\/2025\/11\/13\/wig-herbstanlass-2025-die-bevoelkerung-als-kostentreiber-im-gesundheitswesen\/#primaryimage\",\"url\":\"https:\/\/blog.zhaw.ch\/gesundheitsoekonomie\/files\/2025\/11\/20251113_Herbstanlass-Bild1-1.jpg\",\"contentUrl\":\"https:\/\/blog.zhaw.ch\/gesundheitsoekonomie\/files\/2025\/11\/20251113_Herbstanlass-Bild1-1.jpg\",\"width\":640,\"height\":427},{\"@type\":\"BreadcrumbList\",\"@id\":\"https:\/\/blog.zhaw.ch\/gesundheitsoekonomie\/2025\/11\/13\/wig-herbstanlass-2025-die-bevoelkerung-als-kostentreiber-im-gesundheitswesen\/#breadcrumb\",\"itemListElement\":[{\"@type\":\"ListItem\",\"position\":1,\"name\":\"Startseite\",\"item\":\"https:\/\/blog.zhaw.ch\/gesundheitsoekonomie\/\"},{\"@type\":\"ListItem\",\"position\":2,\"name\":\"WIG-Herbstanlass 2025: Die Bev\u00f6lkerung als Kostentreiber im Gesundheitswesen?\"}]},{\"@type\":\"WebSite\",\"@id\":\"https:\/\/blog.zhaw.ch\/gesundheitsoekonomie\/#website\",\"url\":\"https:\/\/blog.zhaw.ch\/gesundheitsoekonomie\/\",\"name\":\"Gesundheits\u00f6konomie @ ZHAW\",\"description\":\"Ein Blog der ZHAW Z\u00fcrcher Hochschule f\u00fcr Angewandte Wissenschaften\",\"potentialAction\":[{\"@type\":\"SearchAction\",\"target\":{\"@type\":\"EntryPoint\",\"urlTemplate\":\"https:\/\/blog.zhaw.ch\/gesundheitsoekonomie\/?s={search_term_string}\"},\"query-input\":{\"@type\":\"PropertyValueSpecification\",\"valueRequired\":true,\"valueName\":\"search_term_string\"}}],\"inLanguage\":\"de\"},{\"@type\":\"Person\",\"@id\":\"https:\/\/blog.zhaw.ch\/gesundheitsoekonomie\/#\/schema\/person\/9f23ca3c7e8761fd1498ca155fa97be5\",\"name\":\"Gesundheits\u00f6konomie @ ZHAW\",\"image\":{\"@type\":\"ImageObject\",\"inLanguage\":\"de\",\"@id\":\"https:\/\/secure.gravatar.com\/avatar\/288a1d08b0bf4c2e06b5b02bcb8c585ab944f18ce54a408ddc9104152dd07117?s=96&d=mm&r=g\",\"url\":\"https:\/\/secure.gravatar.com\/avatar\/288a1d08b0bf4c2e06b5b02bcb8c585ab944f18ce54a408ddc9104152dd07117?s=96&d=mm&r=g\",\"contentUrl\":\"https:\/\/secure.gravatar.com\/avatar\/288a1d08b0bf4c2e06b5b02bcb8c585ab944f18ce54a408ddc9104152dd07117?s=96&d=mm&r=g\",\"caption\":\"Gesundheits\u00f6konomie @ ZHAW\"},\"url\":\"https:\/\/blog.zhaw.ch\/gesundheitsoekonomie\/author\/grbd\/\"}]}<\/script>\n<!-- \/ Yoast SEO Premium plugin. -->","yoast_head_json":{"title":"WIG-Herbstanlass 2025: Die Bev\u00f6lkerung als Kostentreiber im Gesundheitswesen? - Gesundheits\u00f6konomie @ ZHAW","robots":{"index":"index","follow":"follow","max-snippet":"max-snippet:-1","max-image-preview":"max-image-preview:large","max-video-preview":"max-video-preview:-1"},"canonical":"https:\/\/blog.zhaw.ch\/gesundheitsoekonomie\/2025\/11\/13\/wig-herbstanlass-2025-die-bevoelkerung-als-kostentreiber-im-gesundheitswesen\/","og_locale":"de_DE","og_type":"article","og_title":"WIG-Herbstanlass 2025: Die Bev\u00f6lkerung als Kostentreiber im Gesundheitswesen?","og_description":"Am Dienstag, 4.11.2025 fand der traditionelle WIG-Herbstanlass des Netzwerks Gesundheits\u00f6konomie Winterthur statt. Er stand unter dem Motto \u00abZu hohe Anspr\u00fcche \u2013 zu viele Erwartungen? Die Bev\u00f6lkerung als Kostentreiber im Gesundheitswesen?\u00bb. Den Einstieg gaben drei Input-Referate aus den Perspektiven der Forschung, der haus\u00e4rztlichen Praxis und der PatientInnen. Schlagw\u00f6rter: M\u00e9lanie L\u00f6tscher-Stamm, Simon Wieser","og_url":"https:\/\/blog.zhaw.ch\/gesundheitsoekonomie\/2025\/11\/13\/wig-herbstanlass-2025-die-bevoelkerung-als-kostentreiber-im-gesundheitswesen\/","og_site_name":"Gesundheits\u00f6konomie @ ZHAW","article_published_time":"2025-11-13T10:46:02+00:00","article_modified_time":"2025-12-09T15:07:55+00:00","og_image":[{"width":640,"height":427,"url":"https:\/\/blog.zhaw.ch\/gesundheitsoekonomie\/files\/2025\/11\/20251113_Herbstanlass-Bild1-1.jpg","type":"image\/jpeg"}],"author":"Gesundheits\u00f6konomie @ ZHAW","twitter_card":"summary_large_image","twitter_misc":{"Verfasst von":"Gesundheits\u00f6konomie @ ZHAW","Gesch\u00e4tzte Lesezeit":"5\u00a0Minuten"},"schema":{"@context":"https:\/\/schema.org","@graph":[{"@type":"Article","@id":"https:\/\/blog.zhaw.ch\/gesundheitsoekonomie\/2025\/11\/13\/wig-herbstanlass-2025-die-bevoelkerung-als-kostentreiber-im-gesundheitswesen\/#article","isPartOf":{"@id":"https:\/\/blog.zhaw.ch\/gesundheitsoekonomie\/2025\/11\/13\/wig-herbstanlass-2025-die-bevoelkerung-als-kostentreiber-im-gesundheitswesen\/"},"author":{"name":"Gesundheits\u00f6konomie @ ZHAW","@id":"https:\/\/blog.zhaw.ch\/gesundheitsoekonomie\/#\/schema\/person\/9f23ca3c7e8761fd1498ca155fa97be5"},"headline":"WIG-Herbstanlass 2025: Die Bev\u00f6lkerung als Kostentreiber im Gesundheitswesen?","datePublished":"2025-11-13T10:46:02+00:00","dateModified":"2025-12-09T15:07:55+00:00","mainEntityOfPage":{"@id":"https:\/\/blog.zhaw.ch\/gesundheitsoekonomie\/2025\/11\/13\/wig-herbstanlass-2025-die-bevoelkerung-als-kostentreiber-im-gesundheitswesen\/"},"wordCount":616,"commentCount":0,"image":{"@id":"https:\/\/blog.zhaw.ch\/gesundheitsoekonomie\/2025\/11\/13\/wig-herbstanlass-2025-die-bevoelkerung-als-kostentreiber-im-gesundheitswesen\/#primaryimage"},"thumbnailUrl":"https:\/\/blog.zhaw.ch\/gesundheitsoekonomie\/files\/2025\/11\/20251113_Herbstanlass-Bild1-1.jpg","keywords":["M\u00e9lanie L\u00f6tscher-Stamm","Simon Wieser"],"articleSection":["Veranstaltungen"],"inLanguage":"de","potentialAction":[{"@type":"CommentAction","name":"Comment","target":["https:\/\/blog.zhaw.ch\/gesundheitsoekonomie\/2025\/11\/13\/wig-herbstanlass-2025-die-bevoelkerung-als-kostentreiber-im-gesundheitswesen\/#respond"]}]},{"@type":"WebPage","@id":"https:\/\/blog.zhaw.ch\/gesundheitsoekonomie\/2025\/11\/13\/wig-herbstanlass-2025-die-bevoelkerung-als-kostentreiber-im-gesundheitswesen\/","url":"https:\/\/blog.zhaw.ch\/gesundheitsoekonomie\/2025\/11\/13\/wig-herbstanlass-2025-die-bevoelkerung-als-kostentreiber-im-gesundheitswesen\/","name":"WIG-Herbstanlass 2025: Die Bev\u00f6lkerung als Kostentreiber im Gesundheitswesen? - Gesundheits\u00f6konomie @ ZHAW","isPartOf":{"@id":"https:\/\/blog.zhaw.ch\/gesundheitsoekonomie\/#website"},"primaryImageOfPage":{"@id":"https:\/\/blog.zhaw.ch\/gesundheitsoekonomie\/2025\/11\/13\/wig-herbstanlass-2025-die-bevoelkerung-als-kostentreiber-im-gesundheitswesen\/#primaryimage"},"image":{"@id":"https:\/\/blog.zhaw.ch\/gesundheitsoekonomie\/2025\/11\/13\/wig-herbstanlass-2025-die-bevoelkerung-als-kostentreiber-im-gesundheitswesen\/#primaryimage"},"thumbnailUrl":"https:\/\/blog.zhaw.ch\/gesundheitsoekonomie\/files\/2025\/11\/20251113_Herbstanlass-Bild1-1.jpg","datePublished":"2025-11-13T10:46:02+00:00","dateModified":"2025-12-09T15:07:55+00:00","author":{"@id":"https:\/\/blog.zhaw.ch\/gesundheitsoekonomie\/#\/schema\/person\/9f23ca3c7e8761fd1498ca155fa97be5"},"breadcrumb":{"@id":"https:\/\/blog.zhaw.ch\/gesundheitsoekonomie\/2025\/11\/13\/wig-herbstanlass-2025-die-bevoelkerung-als-kostentreiber-im-gesundheitswesen\/#breadcrumb"},"inLanguage":"de","potentialAction":[{"@type":"ReadAction","target":["https:\/\/blog.zhaw.ch\/gesundheitsoekonomie\/2025\/11\/13\/wig-herbstanlass-2025-die-bevoelkerung-als-kostentreiber-im-gesundheitswesen\/"]}]},{"@type":"ImageObject","inLanguage":"de","@id":"https:\/\/blog.zhaw.ch\/gesundheitsoekonomie\/2025\/11\/13\/wig-herbstanlass-2025-die-bevoelkerung-als-kostentreiber-im-gesundheitswesen\/#primaryimage","url":"https:\/\/blog.zhaw.ch\/gesundheitsoekonomie\/files\/2025\/11\/20251113_Herbstanlass-Bild1-1.jpg","contentUrl":"https:\/\/blog.zhaw.ch\/gesundheitsoekonomie\/files\/2025\/11\/20251113_Herbstanlass-Bild1-1.jpg","width":640,"height":427},{"@type":"BreadcrumbList","@id":"https:\/\/blog.zhaw.ch\/gesundheitsoekonomie\/2025\/11\/13\/wig-herbstanlass-2025-die-bevoelkerung-als-kostentreiber-im-gesundheitswesen\/#breadcrumb","itemListElement":[{"@type":"ListItem","position":1,"name":"Startseite","item":"https:\/\/blog.zhaw.ch\/gesundheitsoekonomie\/"},{"@type":"ListItem","position":2,"name":"WIG-Herbstanlass 2025: Die Bev\u00f6lkerung als Kostentreiber im Gesundheitswesen?"}]},{"@type":"WebSite","@id":"https:\/\/blog.zhaw.ch\/gesundheitsoekonomie\/#website","url":"https:\/\/blog.zhaw.ch\/gesundheitsoekonomie\/","name":"Gesundheits\u00f6konomie @ ZHAW","description":"Ein Blog der ZHAW Z\u00fcrcher Hochschule f\u00fcr Angewandte Wissenschaften","potentialAction":[{"@type":"SearchAction","target":{"@type":"EntryPoint","urlTemplate":"https:\/\/blog.zhaw.ch\/gesundheitsoekonomie\/?s={search_term_string}"},"query-input":{"@type":"PropertyValueSpecification","valueRequired":true,"valueName":"search_term_string"}}],"inLanguage":"de"},{"@type":"Person","@id":"https:\/\/blog.zhaw.ch\/gesundheitsoekonomie\/#\/schema\/person\/9f23ca3c7e8761fd1498ca155fa97be5","name":"Gesundheits\u00f6konomie @ ZHAW","image":{"@type":"ImageObject","inLanguage":"de","@id":"https:\/\/secure.gravatar.com\/avatar\/288a1d08b0bf4c2e06b5b02bcb8c585ab944f18ce54a408ddc9104152dd07117?s=96&d=mm&r=g","url":"https:\/\/secure.gravatar.com\/avatar\/288a1d08b0bf4c2e06b5b02bcb8c585ab944f18ce54a408ddc9104152dd07117?s=96&d=mm&r=g","contentUrl":"https:\/\/secure.gravatar.com\/avatar\/288a1d08b0bf4c2e06b5b02bcb8c585ab944f18ce54a408ddc9104152dd07117?s=96&d=mm&r=g","caption":"Gesundheits\u00f6konomie @ ZHAW"},"url":"https:\/\/blog.zhaw.ch\/gesundheitsoekonomie\/author\/grbd\/"}]}},"_links":{"self":[{"href":"https:\/\/blog.zhaw.ch\/gesundheitsoekonomie\/wp-json\/wp\/v2\/posts\/4259","targetHints":{"allow":["GET"]}}],"collection":[{"href":"https:\/\/blog.zhaw.ch\/gesundheitsoekonomie\/wp-json\/wp\/v2\/posts"}],"about":[{"href":"https:\/\/blog.zhaw.ch\/gesundheitsoekonomie\/wp-json\/wp\/v2\/types\/post"}],"author":[{"embeddable":true,"href":"https:\/\/blog.zhaw.ch\/gesundheitsoekonomie\/wp-json\/wp\/v2\/users\/394"}],"replies":[{"embeddable":true,"href":"https:\/\/blog.zhaw.ch\/gesundheitsoekonomie\/wp-json\/wp\/v2\/comments?post=4259"}],"version-history":[{"count":12,"href":"https:\/\/blog.zhaw.ch\/gesundheitsoekonomie\/wp-json\/wp\/v2\/posts\/4259\/revisions"}],"predecessor-version":[{"id":4282,"href":"https:\/\/blog.zhaw.ch\/gesundheitsoekonomie\/wp-json\/wp\/v2\/posts\/4259\/revisions\/4282"}],"wp:attachment":[{"href":"https:\/\/blog.zhaw.ch\/gesundheitsoekonomie\/wp-json\/wp\/v2\/media?parent=4259"}],"wp:term":[{"taxonomy":"category","embeddable":true,"href":"https:\/\/blog.zhaw.ch\/gesundheitsoekonomie\/wp-json\/wp\/v2\/categories?post=4259"},{"taxonomy":"post_tag","embeddable":true,"href":"https:\/\/blog.zhaw.ch\/gesundheitsoekonomie\/wp-json\/wp\/v2\/tags?post=4259"},{"taxonomy":"features","embeddable":true,"href":"https:\/\/blog.zhaw.ch\/gesundheitsoekonomie\/wp-json\/wp\/v2\/features?post=4259"}],"curies":[{"name":"wp","href":"https:\/\/api.w.org\/{rel}","templated":true}]}}