{"id":3739,"date":"2024-02-29T10:08:04","date_gmt":"2024-02-29T09:08:04","guid":{"rendered":"https:\/\/blog.zhaw.ch\/gesundheitsoekonomie\/?p=3739"},"modified":"2024-02-29T10:08:05","modified_gmt":"2024-02-29T09:08:05","slug":"sind-physische-veranstaltungen-im-digitalen-zeitalter-noch-zeitgemaess","status":"publish","type":"post","link":"https:\/\/blog.zhaw.ch\/gesundheitsoekonomie\/2024\/02\/29\/sind-physische-veranstaltungen-im-digitalen-zeitalter-noch-zeitgemaess\/","title":{"rendered":"Sind physische Veranstaltungen im digitalen Zeitalter noch zeitgem\u00e4ss?"},"content":{"rendered":"\n<p>Von <a href=\"https:\/\/www.zhaw.ch\/de\/ueber-uns\/person\/ange\/\" target=\"_blank\" rel=\"noreferrer noopener\">Prof. Dr. Alfred Angerer<\/a><\/p>\n\n\n\n<p>In der \u00c4ra der digitalen Transformation sollten wir alle Prozesse und Traditionen kritisch hinterfragen. Vor 25 Jahren galt es als fortschrittlich, R\u00f6ntgenbilder auf CDs zu brennen, um sie Patientinnen mitzugeben. Heutzutage stehen uns jedoch weitaus bessere M\u00f6glichkeiten zur Verf\u00fcgung, Daten online auszutauschen \u2013 auch wenn diese noch nicht \u00fcberall genutzt werden.<\/p>\n\n\n\n<p>Doch wie sieht es mit Pr\u00e4senzveranstaltungen wie Lehre und Konferenzen aus? H\u00e4tten wir sie nicht l\u00e4ngst als veraltet abschreiben sollen? Schauen wir uns das genauer an.<\/p>\n\n\n\n<!--more-->\n\n\n<div class=\"wp-block-image is-style-default\">\n<figure class=\"aligncenter size-full is-resized\"><img loading=\"lazy\" decoding=\"async\" width=\"961\" height=\"697\" src=\"https:\/\/blog.zhaw.ch\/gesundheitsoekonomie\/files\/2024\/02\/20240229_MiG_ange.png\" alt=\"\" class=\"wp-image-3740\" style=\"aspect-ratio:1.3787661406025824;width:721px;height:auto\" srcset=\"https:\/\/blog.zhaw.ch\/gesundheitsoekonomie\/files\/2024\/02\/20240229_MiG_ange.png 961w, https:\/\/blog.zhaw.ch\/gesundheitsoekonomie\/files\/2024\/02\/20240229_MiG_ange-300x218.png 300w, https:\/\/blog.zhaw.ch\/gesundheitsoekonomie\/files\/2024\/02\/20240229_MiG_ange-768x557.png 768w\" sizes=\"auto, (max-width: 961px) 100vw, 961px\" \/><figcaption class=\"wp-element-caption\">Quelle: Analoger WIG-Herbstanlass am 7.11.2023. Fotoquelle: Angerer privat<\/figcaption><\/figure>\n<\/div>\n\n\n<p><strong>Der Hype: Wir sind online!<\/strong><\/p>\n\n\n\n<p>Seien wir ehrlich: Denken Sie an das Jahr 2019 zur\u00fcck und \u00fcberlegen Sie, wie viele Online-Meetings Sie damals hatten und wie oft Sie an Tele-Konferenzen teilgenommen haben. Wahrscheinlich war diese Zahl nahezu null. Wie so oft musste \u00e4usserer Druck daf\u00fcr sorgen, dass viele von uns erstmals Online-Treffen ausprobierten. Die Corona-Pandemie erreichte, was riesige Marketingbudgets zuvor nicht geschafft hatten: Videokonferenz-Tools wie Zoom wurden innerhalb k\u00fcrzester Zeit zum Standard. Nicht nur f\u00fcr einen 1-zu-1-Austausch, sondern auch f\u00fcr gr\u00f6ssere Veranstaltungen wie Vorlesungen und Kongresse.<\/p>\n\n\n\n<p>Die Vorteile lagen auf der Hand:<\/p>\n\n\n\n<p>&#8211; Keine Reisezeit und -kosten: Die Teilnahme erfolgt bequem von zu Hause aus.<\/p>\n\n\n\n<p>&#8211; Dichter gepackter Kalender: Mehrere Veranstaltungen k\u00f6nnen direkt hintereinander besucht werden.<\/p>\n\n\n\n<p>&#8211; Aufzeichnungen f\u00fcr sp\u00e4tere Betrachtung: Wer nicht live dabei sein kann, kann sich die Aufnahme in doppelter Geschwindigkeit anschauen.<\/p>\n\n\n\n<p>&#8211; Und das Beste: Bequeme Kleidung! Man kann in Jogginghosen an den Veranstaltungen teilnehmen.<\/p>\n\n\n\n<p><strong>Die Kehrseite der Medaille<\/strong><\/p>\n\n\n\n<p>Trotz der offensichtlichen Vorteile gibt es auch Nachteile. Aus hygienischen und effizienztechnischen Gr\u00fcnden schien die Online-Kommunikation perfekt zu sein. Doch ein Gesetz der Komplexit\u00e4tsforschung zeigt sich immer wieder: Es gibt keine einfachen Antworten auf komplexe Fragen. Auf die Frage \u00abWie gestaltet man Veranstaltungen am besten?\u00bb die Antwort \u00abimmer online!\u00bb zu geben ist unterkomplex und dadurch falsch.<\/p>\n\n\n\n<p>Gerade beim Thema Vorlesungen haben wir das sehr schnell festgestellt. Die Studierenden, die bei uns den <a href=\"https:\/\/www.zhaw.ch\/de\/sml\/studium\/master\/business-administration-health-economics-and-healthcare\/\" target=\"_blank\" rel=\"noreferrer noopener\">MSc Healthcare Management<\/a> w\u00e4hrend der Pandemie absolviert haben, haben sehr schnell die Nachteile am eigenen Leib gesp\u00fcrt. Ein Studium ist viel mehr als einer Person zuh\u00f6ren die vorne steht und Wissen vermitteln will. Die weichen Faktoren in der Klasse sind mindestens so wichtig. So sind ein integraler Bestandteil eines jeden Studiums auch der Austausch der Studierenden untereinander, das soziale Teilen und dadurch Reflektieren der Erkenntnisse, die Aus\u00fcbung der eigenen sozialen Kompetenzen. Die Forschung besch\u00e4ftigt sich intensiv mit den Vor- und Nachteilen von Online-Veranstaltungen. Spannend finde ich zu lesen, was <a href=\"https:\/\/www.wuv.de\/Themen\/Tech\/Neue-Studie-So-muede-machen-Videokonferenzen\" target=\"_blank\" rel=\"noreferrer noopener\">eine Studie<\/a> der FH Ober\u00f6sterreich mittels Elektroenzephalographie (EEG) herausgefunden hat. Online-Konferenzen machen m\u00fcde! Ich weiss also nun, warum meine Studierenden gerne die Kameras ausschalten bei meinen Webinaren\u2026<\/p>\n\n\n\n<p>All diese Erkenntnisse haben auch etwas Beruhigendes f\u00fcr die Zukunft. Wenn eine online-KI einen Dozenten und seine Lehrveranstaltung ersetzen k\u00f6nnte, w\u00e4re das aus Kosteneffizienzgr\u00fcnden toll, aber mein Job w\u00e4re auch ernsthaft gef\u00e4hrdet. Doch so einfach ist die Substitution nicht. Lehrpersonen und physische Klassen werden auch in Zukunft gefragt sein. Nat\u00fcrlich unter sinnvoller Nutzung moderner digitaler Mittel.\u00a0<\/p>\n\n\n\n<p><strong>Was ist die L\u00f6sung f\u00fcr zuk\u00fcnftige Events?<\/strong><\/p>\n\n\n\n<p>Bei jeder Planung einer Vorlesung oder eines Anlasses in unserem Haus stellt sich die Frage: Online oder vor Ort organisieren? Online, weil dann mehr Leute sich den Termin einrichten k\u00f6nnen? Daf\u00fcr jedoch akzeptieren, dass es keinen sozialen Austausch geben wird und der Termin weniger verbindlich wird? (No-Shows-Quoten von 20% sind keine Seltenheit.)<\/p>\n\n\n\n<p>Interessanterweise ist die goldene Mitte in dem Fall gar nicht so hilfreich, wie man denken w\u00fcrde. Denn ein Hybridevent l\u00e4sst h\u00e4ufig beide Seiten etwas unbefriedigt zur\u00fcck. Wenn man vor Ort ist denkt man sich \u00abich h\u00e4tte auch das bequem von daheim aus haben k\u00f6nnen und h\u00e4tte viel Zeit gespart\u00bb. Und als Online-Teilnehmer fragt man sich, was man alles vor Ort hinter der Kamera verpasst hat und ob man nicht bei einer Teilnahme vor Ort spannende Menschen kennen gelernt h\u00e4tte.<\/p>\n\n\n\n<p>Und so werden wir in Zukunft, auch bei modernen Themen wie Digital Health, weiterhin auf altmodische vor-Ort-Veranstaltungen Wert legen. Denn auch ich, als grosser Freund von AR- und VR-Technologie, sage mir: Ein echtes statt ein virtuelles Bierchen zu trinken und dabei neue Leute kennen zu lernen, ist weiterhin der Goldstandard bei der Organisation von Events.<\/p>\n\n\n\n<p>Wer Lust hat auf physische und nicht-physische Events, hier einige Daten zum Vormerken:<\/p>\n\n\n\n<ul class=\"wp-block-list\">\n<li>Der WIG Herbstanlass findet am 5.11.2024 in Winterthur statt.<\/li>\n\n\n\n<li>Der 5. ZHAW Digital Health Lab Day findet am 3.9.2024 statt.<\/li>\n\n\n\n<li>F\u00fcr alle anderen wichtigen Events im Bereich Healthcare verweisen wir gerne auf den Report unseres Partners Health-Trends. Sie haben einen \u00fcbersichtlichen Jahres-Eventkalender erstellt: <a href=\"https:\/\/www.health-trends.ch\/produkt\/swiss-healthcare-events-report-2024\/\" target=\"_blank\" rel=\"noreferrer noopener\">Healthcare Events Report 2024<\/a><\/li>\n<\/ul>\n\n\n\n<p><strong>Prof. Dr. Alfred Angerer<\/strong> ist Leiter der Fachstelle Management im Gesundheitswesen am WIG.<\/p>\n<div class=\"pt-sm\">Schlagw\u00f6rter: <a href=\"http:\/\/blog.zhaw.ch\/gesundheitsoekonomie\/tag\/alfred-angerer\/\">Alfred Angerer<\/a>, <a href=\"http:\/\/blog.zhaw.ch\/gesundheitsoekonomie\/tag\/digitales-zeitalter\/\">digitales Zeitalter<\/a>, <a href=\"http:\/\/blog.zhaw.ch\/gesundheitsoekonomie\/tag\/herbstanlass\/\">Herbstanlass<\/a>, <a href=\"http:\/\/blog.zhaw.ch\/gesundheitsoekonomie\/tag\/online\/\">online<\/a>, <a href=\"http:\/\/blog.zhaw.ch\/gesundheitsoekonomie\/tag\/physische-veranstaltungen\/\">physische Veranstaltungen<\/a><br><\/div>","protected":false},"excerpt":{"rendered":"<p>Von Prof. Dr. Alfred Angerer In der \u00c4ra der digitalen Transformation sollten wir alle Prozesse und Traditionen kritisch hinterfragen. Vor 25 Jahren galt es als fortschrittlich, R\u00f6ntgenbilder auf CDs zu brennen, um sie Patientinnen mitzugeben. Heutzutage stehen uns jedoch weitaus bessere M\u00f6glichkeiten zur Verf\u00fcgung, Daten online auszutauschen \u2013 auch wenn diese noch nicht \u00fcberall genutzt [&hellip;]<\/p>\n","protected":false},"author":394,"featured_media":0,"comment_status":"open","ping_status":"open","sticky":false,"template":"","format":"standard","meta":{"ngg_post_thumbnail":0,"footnotes":""},"categories":[6],"tags":[32,510,222,399,509],"features":[],"class_list":["post-3739","post","type-post","status-publish","format-standard","hentry","category-managementimgesundheitswesen","tag-alfred-angerer","tag-digitales-zeitalter","tag-herbstanlass","tag-online","tag-physische-veranstaltungen"],"yoast_head":"<!-- This site is optimized with the Yoast SEO Premium plugin v27.2 (Yoast SEO v27.2) - https:\/\/yoast.com\/product\/yoast-seo-premium-wordpress\/ -->\n<title>Sind physische Veranstaltungen im digitalen Zeitalter noch zeitgem\u00e4ss? - Gesundheits\u00f6konomie @ ZHAW<\/title>\n<meta name=\"robots\" content=\"index, follow, max-snippet:-1, max-image-preview:large, max-video-preview:-1\" \/>\n<link rel=\"canonical\" href=\"https:\/\/blog.zhaw.ch\/gesundheitsoekonomie\/2024\/02\/29\/sind-physische-veranstaltungen-im-digitalen-zeitalter-noch-zeitgemaess\/\" \/>\n<meta property=\"og:locale\" content=\"de_DE\" \/>\n<meta property=\"og:type\" content=\"article\" \/>\n<meta property=\"og:title\" content=\"Sind physische Veranstaltungen im digitalen Zeitalter noch zeitgem\u00e4ss?\" \/>\n<meta property=\"og:description\" content=\"Von Prof. Dr. Alfred Angerer In der \u00c4ra der digitalen Transformation sollten wir alle Prozesse und Traditionen kritisch hinterfragen. Vor 25 Jahren galt es als fortschrittlich, R\u00f6ntgenbilder auf CDs zu brennen, um sie Patientinnen mitzugeben. Heutzutage stehen uns jedoch weitaus bessere M\u00f6glichkeiten zur Verf\u00fcgung, Daten online auszutauschen \u2013 auch wenn diese noch nicht \u00fcberall genutzt [&hellip;]\" \/>\n<meta property=\"og:url\" content=\"https:\/\/blog.zhaw.ch\/gesundheitsoekonomie\/2024\/02\/29\/sind-physische-veranstaltungen-im-digitalen-zeitalter-noch-zeitgemaess\/\" \/>\n<meta property=\"og:site_name\" content=\"Gesundheits\u00f6konomie @ ZHAW\" \/>\n<meta property=\"article:published_time\" content=\"2024-02-29T09:08:04+00:00\" \/>\n<meta property=\"article:modified_time\" content=\"2024-02-29T09:08:05+00:00\" \/>\n<meta property=\"og:image\" content=\"https:\/\/blog.zhaw.ch\/gesundheitsoekonomie\/files\/2024\/02\/20240229_MiG_ange.png\" \/>\n<meta name=\"author\" content=\"Gesundheits\u00f6konomie @ ZHAW\" \/>\n<meta name=\"twitter:card\" content=\"summary_large_image\" \/>\n<meta name=\"twitter:label1\" content=\"Verfasst von\" \/>\n\t<meta name=\"twitter:data1\" content=\"Gesundheits\u00f6konomie @ ZHAW\" \/>\n\t<meta name=\"twitter:label2\" content=\"Gesch\u00e4tzte Lesezeit\" \/>\n\t<meta name=\"twitter:data2\" content=\"5\u00a0Minuten\" \/>\n<script type=\"application\/ld+json\" class=\"yoast-schema-graph\">{\"@context\":\"https:\/\/schema.org\",\"@graph\":[{\"@type\":\"Article\",\"@id\":\"https:\/\/blog.zhaw.ch\/gesundheitsoekonomie\/2024\/02\/29\/sind-physische-veranstaltungen-im-digitalen-zeitalter-noch-zeitgemaess\/#article\",\"isPartOf\":{\"@id\":\"https:\/\/blog.zhaw.ch\/gesundheitsoekonomie\/2024\/02\/29\/sind-physische-veranstaltungen-im-digitalen-zeitalter-noch-zeitgemaess\/\"},\"author\":{\"name\":\"Gesundheits\u00f6konomie @ ZHAW\",\"@id\":\"https:\/\/blog.zhaw.ch\/gesundheitsoekonomie\/#\/schema\/person\/9f23ca3c7e8761fd1498ca155fa97be5\"},\"headline\":\"Sind physische Veranstaltungen im digitalen Zeitalter noch zeitgem\u00e4ss?\",\"datePublished\":\"2024-02-29T09:08:04+00:00\",\"dateModified\":\"2024-02-29T09:08:05+00:00\",\"mainEntityOfPage\":{\"@id\":\"https:\/\/blog.zhaw.ch\/gesundheitsoekonomie\/2024\/02\/29\/sind-physische-veranstaltungen-im-digitalen-zeitalter-noch-zeitgemaess\/\"},\"wordCount\":799,\"commentCount\":0,\"image\":{\"@id\":\"https:\/\/blog.zhaw.ch\/gesundheitsoekonomie\/2024\/02\/29\/sind-physische-veranstaltungen-im-digitalen-zeitalter-noch-zeitgemaess\/#primaryimage\"},\"thumbnailUrl\":\"https:\/\/blog.zhaw.ch\/gesundheitsoekonomie\/files\/2024\/02\/20240229_MiG_ange.png\",\"keywords\":[\"Alfred Angerer\",\"digitales Zeitalter\",\"Herbstanlass\",\"online\",\"physische Veranstaltungen\"],\"articleSection\":[\"Management im Gesundheitswesen\"],\"inLanguage\":\"de\",\"potentialAction\":[{\"@type\":\"CommentAction\",\"name\":\"Comment\",\"target\":[\"https:\/\/blog.zhaw.ch\/gesundheitsoekonomie\/2024\/02\/29\/sind-physische-veranstaltungen-im-digitalen-zeitalter-noch-zeitgemaess\/#respond\"]}]},{\"@type\":\"WebPage\",\"@id\":\"https:\/\/blog.zhaw.ch\/gesundheitsoekonomie\/2024\/02\/29\/sind-physische-veranstaltungen-im-digitalen-zeitalter-noch-zeitgemaess\/\",\"url\":\"https:\/\/blog.zhaw.ch\/gesundheitsoekonomie\/2024\/02\/29\/sind-physische-veranstaltungen-im-digitalen-zeitalter-noch-zeitgemaess\/\",\"name\":\"Sind physische Veranstaltungen im digitalen Zeitalter noch zeitgem\u00e4ss? - Gesundheits\u00f6konomie @ ZHAW\",\"isPartOf\":{\"@id\":\"https:\/\/blog.zhaw.ch\/gesundheitsoekonomie\/#website\"},\"primaryImageOfPage\":{\"@id\":\"https:\/\/blog.zhaw.ch\/gesundheitsoekonomie\/2024\/02\/29\/sind-physische-veranstaltungen-im-digitalen-zeitalter-noch-zeitgemaess\/#primaryimage\"},\"image\":{\"@id\":\"https:\/\/blog.zhaw.ch\/gesundheitsoekonomie\/2024\/02\/29\/sind-physische-veranstaltungen-im-digitalen-zeitalter-noch-zeitgemaess\/#primaryimage\"},\"thumbnailUrl\":\"https:\/\/blog.zhaw.ch\/gesundheitsoekonomie\/files\/2024\/02\/20240229_MiG_ange.png\",\"datePublished\":\"2024-02-29T09:08:04+00:00\",\"dateModified\":\"2024-02-29T09:08:05+00:00\",\"author\":{\"@id\":\"https:\/\/blog.zhaw.ch\/gesundheitsoekonomie\/#\/schema\/person\/9f23ca3c7e8761fd1498ca155fa97be5\"},\"breadcrumb\":{\"@id\":\"https:\/\/blog.zhaw.ch\/gesundheitsoekonomie\/2024\/02\/29\/sind-physische-veranstaltungen-im-digitalen-zeitalter-noch-zeitgemaess\/#breadcrumb\"},\"inLanguage\":\"de\",\"potentialAction\":[{\"@type\":\"ReadAction\",\"target\":[\"https:\/\/blog.zhaw.ch\/gesundheitsoekonomie\/2024\/02\/29\/sind-physische-veranstaltungen-im-digitalen-zeitalter-noch-zeitgemaess\/\"]}]},{\"@type\":\"ImageObject\",\"inLanguage\":\"de\",\"@id\":\"https:\/\/blog.zhaw.ch\/gesundheitsoekonomie\/2024\/02\/29\/sind-physische-veranstaltungen-im-digitalen-zeitalter-noch-zeitgemaess\/#primaryimage\",\"url\":\"https:\/\/blog.zhaw.ch\/gesundheitsoekonomie\/files\/2024\/02\/20240229_MiG_ange.png\",\"contentUrl\":\"https:\/\/blog.zhaw.ch\/gesundheitsoekonomie\/files\/2024\/02\/20240229_MiG_ange.png\",\"width\":961,\"height\":697},{\"@type\":\"BreadcrumbList\",\"@id\":\"https:\/\/blog.zhaw.ch\/gesundheitsoekonomie\/2024\/02\/29\/sind-physische-veranstaltungen-im-digitalen-zeitalter-noch-zeitgemaess\/#breadcrumb\",\"itemListElement\":[{\"@type\":\"ListItem\",\"position\":1,\"name\":\"Startseite\",\"item\":\"https:\/\/blog.zhaw.ch\/gesundheitsoekonomie\/\"},{\"@type\":\"ListItem\",\"position\":2,\"name\":\"Sind physische Veranstaltungen im digitalen Zeitalter noch zeitgem\u00e4ss?\"}]},{\"@type\":\"WebSite\",\"@id\":\"https:\/\/blog.zhaw.ch\/gesundheitsoekonomie\/#website\",\"url\":\"https:\/\/blog.zhaw.ch\/gesundheitsoekonomie\/\",\"name\":\"Gesundheits\u00f6konomie @ ZHAW\",\"description\":\"Ein Blog der ZHAW Z\u00fcrcher Hochschule f\u00fcr Angewandte Wissenschaften\",\"potentialAction\":[{\"@type\":\"SearchAction\",\"target\":{\"@type\":\"EntryPoint\",\"urlTemplate\":\"https:\/\/blog.zhaw.ch\/gesundheitsoekonomie\/?s={search_term_string}\"},\"query-input\":{\"@type\":\"PropertyValueSpecification\",\"valueRequired\":true,\"valueName\":\"search_term_string\"}}],\"inLanguage\":\"de\"},{\"@type\":\"Person\",\"@id\":\"https:\/\/blog.zhaw.ch\/gesundheitsoekonomie\/#\/schema\/person\/9f23ca3c7e8761fd1498ca155fa97be5\",\"name\":\"Gesundheits\u00f6konomie @ ZHAW\",\"image\":{\"@type\":\"ImageObject\",\"inLanguage\":\"de\",\"@id\":\"https:\/\/secure.gravatar.com\/avatar\/288a1d08b0bf4c2e06b5b02bcb8c585ab944f18ce54a408ddc9104152dd07117?s=96&d=mm&r=g\",\"url\":\"https:\/\/secure.gravatar.com\/avatar\/288a1d08b0bf4c2e06b5b02bcb8c585ab944f18ce54a408ddc9104152dd07117?s=96&d=mm&r=g\",\"contentUrl\":\"https:\/\/secure.gravatar.com\/avatar\/288a1d08b0bf4c2e06b5b02bcb8c585ab944f18ce54a408ddc9104152dd07117?s=96&d=mm&r=g\",\"caption\":\"Gesundheits\u00f6konomie @ ZHAW\"},\"url\":\"https:\/\/blog.zhaw.ch\/gesundheitsoekonomie\/author\/grbd\/\"}]}<\/script>\n<!-- \/ Yoast SEO Premium plugin. -->","yoast_head_json":{"title":"Sind physische Veranstaltungen im digitalen Zeitalter noch zeitgem\u00e4ss? - Gesundheits\u00f6konomie @ ZHAW","robots":{"index":"index","follow":"follow","max-snippet":"max-snippet:-1","max-image-preview":"max-image-preview:large","max-video-preview":"max-video-preview:-1"},"canonical":"https:\/\/blog.zhaw.ch\/gesundheitsoekonomie\/2024\/02\/29\/sind-physische-veranstaltungen-im-digitalen-zeitalter-noch-zeitgemaess\/","og_locale":"de_DE","og_type":"article","og_title":"Sind physische Veranstaltungen im digitalen Zeitalter noch zeitgem\u00e4ss?","og_description":"Von Prof. Dr. Alfred Angerer In der \u00c4ra der digitalen Transformation sollten wir alle Prozesse und Traditionen kritisch hinterfragen. Vor 25 Jahren galt es als fortschrittlich, R\u00f6ntgenbilder auf CDs zu brennen, um sie Patientinnen mitzugeben. Heutzutage stehen uns jedoch weitaus bessere M\u00f6glichkeiten zur Verf\u00fcgung, Daten online auszutauschen \u2013 auch wenn diese noch nicht \u00fcberall genutzt [&hellip;]","og_url":"https:\/\/blog.zhaw.ch\/gesundheitsoekonomie\/2024\/02\/29\/sind-physische-veranstaltungen-im-digitalen-zeitalter-noch-zeitgemaess\/","og_site_name":"Gesundheits\u00f6konomie @ ZHAW","article_published_time":"2024-02-29T09:08:04+00:00","article_modified_time":"2024-02-29T09:08:05+00:00","og_image":[{"url":"https:\/\/blog.zhaw.ch\/gesundheitsoekonomie\/files\/2024\/02\/20240229_MiG_ange.png","type":"","width":"","height":""}],"author":"Gesundheits\u00f6konomie @ ZHAW","twitter_card":"summary_large_image","twitter_misc":{"Verfasst von":"Gesundheits\u00f6konomie @ ZHAW","Gesch\u00e4tzte Lesezeit":"5\u00a0Minuten"},"schema":{"@context":"https:\/\/schema.org","@graph":[{"@type":"Article","@id":"https:\/\/blog.zhaw.ch\/gesundheitsoekonomie\/2024\/02\/29\/sind-physische-veranstaltungen-im-digitalen-zeitalter-noch-zeitgemaess\/#article","isPartOf":{"@id":"https:\/\/blog.zhaw.ch\/gesundheitsoekonomie\/2024\/02\/29\/sind-physische-veranstaltungen-im-digitalen-zeitalter-noch-zeitgemaess\/"},"author":{"name":"Gesundheits\u00f6konomie @ ZHAW","@id":"https:\/\/blog.zhaw.ch\/gesundheitsoekonomie\/#\/schema\/person\/9f23ca3c7e8761fd1498ca155fa97be5"},"headline":"Sind physische Veranstaltungen im digitalen Zeitalter noch zeitgem\u00e4ss?","datePublished":"2024-02-29T09:08:04+00:00","dateModified":"2024-02-29T09:08:05+00:00","mainEntityOfPage":{"@id":"https:\/\/blog.zhaw.ch\/gesundheitsoekonomie\/2024\/02\/29\/sind-physische-veranstaltungen-im-digitalen-zeitalter-noch-zeitgemaess\/"},"wordCount":799,"commentCount":0,"image":{"@id":"https:\/\/blog.zhaw.ch\/gesundheitsoekonomie\/2024\/02\/29\/sind-physische-veranstaltungen-im-digitalen-zeitalter-noch-zeitgemaess\/#primaryimage"},"thumbnailUrl":"https:\/\/blog.zhaw.ch\/gesundheitsoekonomie\/files\/2024\/02\/20240229_MiG_ange.png","keywords":["Alfred Angerer","digitales Zeitalter","Herbstanlass","online","physische Veranstaltungen"],"articleSection":["Management im Gesundheitswesen"],"inLanguage":"de","potentialAction":[{"@type":"CommentAction","name":"Comment","target":["https:\/\/blog.zhaw.ch\/gesundheitsoekonomie\/2024\/02\/29\/sind-physische-veranstaltungen-im-digitalen-zeitalter-noch-zeitgemaess\/#respond"]}]},{"@type":"WebPage","@id":"https:\/\/blog.zhaw.ch\/gesundheitsoekonomie\/2024\/02\/29\/sind-physische-veranstaltungen-im-digitalen-zeitalter-noch-zeitgemaess\/","url":"https:\/\/blog.zhaw.ch\/gesundheitsoekonomie\/2024\/02\/29\/sind-physische-veranstaltungen-im-digitalen-zeitalter-noch-zeitgemaess\/","name":"Sind physische Veranstaltungen im digitalen Zeitalter noch zeitgem\u00e4ss? - Gesundheits\u00f6konomie @ ZHAW","isPartOf":{"@id":"https:\/\/blog.zhaw.ch\/gesundheitsoekonomie\/#website"},"primaryImageOfPage":{"@id":"https:\/\/blog.zhaw.ch\/gesundheitsoekonomie\/2024\/02\/29\/sind-physische-veranstaltungen-im-digitalen-zeitalter-noch-zeitgemaess\/#primaryimage"},"image":{"@id":"https:\/\/blog.zhaw.ch\/gesundheitsoekonomie\/2024\/02\/29\/sind-physische-veranstaltungen-im-digitalen-zeitalter-noch-zeitgemaess\/#primaryimage"},"thumbnailUrl":"https:\/\/blog.zhaw.ch\/gesundheitsoekonomie\/files\/2024\/02\/20240229_MiG_ange.png","datePublished":"2024-02-29T09:08:04+00:00","dateModified":"2024-02-29T09:08:05+00:00","author":{"@id":"https:\/\/blog.zhaw.ch\/gesundheitsoekonomie\/#\/schema\/person\/9f23ca3c7e8761fd1498ca155fa97be5"},"breadcrumb":{"@id":"https:\/\/blog.zhaw.ch\/gesundheitsoekonomie\/2024\/02\/29\/sind-physische-veranstaltungen-im-digitalen-zeitalter-noch-zeitgemaess\/#breadcrumb"},"inLanguage":"de","potentialAction":[{"@type":"ReadAction","target":["https:\/\/blog.zhaw.ch\/gesundheitsoekonomie\/2024\/02\/29\/sind-physische-veranstaltungen-im-digitalen-zeitalter-noch-zeitgemaess\/"]}]},{"@type":"ImageObject","inLanguage":"de","@id":"https:\/\/blog.zhaw.ch\/gesundheitsoekonomie\/2024\/02\/29\/sind-physische-veranstaltungen-im-digitalen-zeitalter-noch-zeitgemaess\/#primaryimage","url":"https:\/\/blog.zhaw.ch\/gesundheitsoekonomie\/files\/2024\/02\/20240229_MiG_ange.png","contentUrl":"https:\/\/blog.zhaw.ch\/gesundheitsoekonomie\/files\/2024\/02\/20240229_MiG_ange.png","width":961,"height":697},{"@type":"BreadcrumbList","@id":"https:\/\/blog.zhaw.ch\/gesundheitsoekonomie\/2024\/02\/29\/sind-physische-veranstaltungen-im-digitalen-zeitalter-noch-zeitgemaess\/#breadcrumb","itemListElement":[{"@type":"ListItem","position":1,"name":"Startseite","item":"https:\/\/blog.zhaw.ch\/gesundheitsoekonomie\/"},{"@type":"ListItem","position":2,"name":"Sind physische Veranstaltungen im digitalen Zeitalter noch zeitgem\u00e4ss?"}]},{"@type":"WebSite","@id":"https:\/\/blog.zhaw.ch\/gesundheitsoekonomie\/#website","url":"https:\/\/blog.zhaw.ch\/gesundheitsoekonomie\/","name":"Gesundheits\u00f6konomie @ ZHAW","description":"Ein Blog der ZHAW Z\u00fcrcher Hochschule f\u00fcr Angewandte Wissenschaften","potentialAction":[{"@type":"SearchAction","target":{"@type":"EntryPoint","urlTemplate":"https:\/\/blog.zhaw.ch\/gesundheitsoekonomie\/?s={search_term_string}"},"query-input":{"@type":"PropertyValueSpecification","valueRequired":true,"valueName":"search_term_string"}}],"inLanguage":"de"},{"@type":"Person","@id":"https:\/\/blog.zhaw.ch\/gesundheitsoekonomie\/#\/schema\/person\/9f23ca3c7e8761fd1498ca155fa97be5","name":"Gesundheits\u00f6konomie @ ZHAW","image":{"@type":"ImageObject","inLanguage":"de","@id":"https:\/\/secure.gravatar.com\/avatar\/288a1d08b0bf4c2e06b5b02bcb8c585ab944f18ce54a408ddc9104152dd07117?s=96&d=mm&r=g","url":"https:\/\/secure.gravatar.com\/avatar\/288a1d08b0bf4c2e06b5b02bcb8c585ab944f18ce54a408ddc9104152dd07117?s=96&d=mm&r=g","contentUrl":"https:\/\/secure.gravatar.com\/avatar\/288a1d08b0bf4c2e06b5b02bcb8c585ab944f18ce54a408ddc9104152dd07117?s=96&d=mm&r=g","caption":"Gesundheits\u00f6konomie @ ZHAW"},"url":"https:\/\/blog.zhaw.ch\/gesundheitsoekonomie\/author\/grbd\/"}]}},"_links":{"self":[{"href":"https:\/\/blog.zhaw.ch\/gesundheitsoekonomie\/wp-json\/wp\/v2\/posts\/3739","targetHints":{"allow":["GET"]}}],"collection":[{"href":"https:\/\/blog.zhaw.ch\/gesundheitsoekonomie\/wp-json\/wp\/v2\/posts"}],"about":[{"href":"https:\/\/blog.zhaw.ch\/gesundheitsoekonomie\/wp-json\/wp\/v2\/types\/post"}],"author":[{"embeddable":true,"href":"https:\/\/blog.zhaw.ch\/gesundheitsoekonomie\/wp-json\/wp\/v2\/users\/394"}],"replies":[{"embeddable":true,"href":"https:\/\/blog.zhaw.ch\/gesundheitsoekonomie\/wp-json\/wp\/v2\/comments?post=3739"}],"version-history":[{"count":2,"href":"https:\/\/blog.zhaw.ch\/gesundheitsoekonomie\/wp-json\/wp\/v2\/posts\/3739\/revisions"}],"predecessor-version":[{"id":3742,"href":"https:\/\/blog.zhaw.ch\/gesundheitsoekonomie\/wp-json\/wp\/v2\/posts\/3739\/revisions\/3742"}],"wp:attachment":[{"href":"https:\/\/blog.zhaw.ch\/gesundheitsoekonomie\/wp-json\/wp\/v2\/media?parent=3739"}],"wp:term":[{"taxonomy":"category","embeddable":true,"href":"https:\/\/blog.zhaw.ch\/gesundheitsoekonomie\/wp-json\/wp\/v2\/categories?post=3739"},{"taxonomy":"post_tag","embeddable":true,"href":"https:\/\/blog.zhaw.ch\/gesundheitsoekonomie\/wp-json\/wp\/v2\/tags?post=3739"},{"taxonomy":"features","embeddable":true,"href":"https:\/\/blog.zhaw.ch\/gesundheitsoekonomie\/wp-json\/wp\/v2\/features?post=3739"}],"curies":[{"name":"wp","href":"https:\/\/api.w.org\/{rel}","templated":true}]}}