{"id":2792,"date":"2021-12-02T08:51:00","date_gmt":"2021-12-02T07:51:00","guid":{"rendered":"https:\/\/blog.zhaw.ch\/gesundheitsoekonomie\/?p=2792"},"modified":"2021-12-02T08:51:00","modified_gmt":"2021-12-02T07:51:00","slug":"wie-wirkt-sich-cystische-fibrose-auf-betroffene-und-gesellschaft-aus","status":"publish","type":"post","link":"https:\/\/blog.zhaw.ch\/gesundheitsoekonomie\/2021\/12\/02\/wie-wirkt-sich-cystische-fibrose-auf-betroffene-und-gesellschaft-aus\/","title":{"rendered":"Wie wirkt sich Cystische Fibrose auf Betroffene und Gesellschaft aus?"},"content":{"rendered":"\n<figure class=\"wp-block-image size-large is-style-default\"><img loading=\"lazy\" decoding=\"async\" width=\"1024\" height=\"675\" src=\"https:\/\/blog.zhaw.ch\/gesundheitsoekonomie\/files\/2021\/12\/20211202_COLOURBOX18075695_klein-1024x675.jpg\" alt=\"\" class=\"wp-image-2793\" srcset=\"https:\/\/blog.zhaw.ch\/gesundheitsoekonomie\/files\/2021\/12\/20211202_COLOURBOX18075695_klein-1024x675.jpg 1024w, https:\/\/blog.zhaw.ch\/gesundheitsoekonomie\/files\/2021\/12\/20211202_COLOURBOX18075695_klein-300x198.jpg 300w, https:\/\/blog.zhaw.ch\/gesundheitsoekonomie\/files\/2021\/12\/20211202_COLOURBOX18075695_klein-768x506.jpg 768w, https:\/\/blog.zhaw.ch\/gesundheitsoekonomie\/files\/2021\/12\/20211202_COLOURBOX18075695_klein-860x567.jpg 860w, https:\/\/blog.zhaw.ch\/gesundheitsoekonomie\/files\/2021\/12\/20211202_COLOURBOX18075695_klein-1200x791.jpg 1200w, https:\/\/blog.zhaw.ch\/gesundheitsoekonomie\/files\/2021\/12\/20211202_COLOURBOX18075695_klein.jpg 1434w\" sizes=\"auto, (max-width: 1024px) 100vw, 1024px\" \/><figcaption>Quelle: Colourbox.de \/ Tashatuvango<\/figcaption><\/figure>\n\n\n\n<p>Von <a href=\"https:\/\/www.zhaw.ch\/de\/ueber-uns\/person\/tzog\/\" target=\"_blank\" rel=\"noreferrer noopener\">Christina Tzogiou<\/a> und <a href=\"https:\/\/www.zhaw.ch\/de\/ueber-uns\/person\/matl\/\" target=\"_blank\" rel=\"noreferrer noopener\">Dr. Renato Mattli<\/a><\/p>\n\n\n\n<p>Cystische Fibrose (CF) ist f\u00fcr Betroffene und ihre Angeh\u00f6rigen eine belastende Krankheit mit erkennbaren Auswirkungen auf die gesamte Gesellschaft. Eine aktuelle <a rel=\"noreferrer noopener\" href=\"https:\/\/cystischefibroseschweiz.ch\/media\/files\/2021\/10\/cfch_gesellschaftliche_kosten_bericht_final_20201215_clean.pdf\" target=\"_blank\">Studie<\/a> von uns im Auftrag von <a rel=\"noreferrer noopener\" href=\"https:\/\/cystischefibroseschweiz.ch\/\" target=\"_blank\">Cystische Fibrose Schweiz (CFS)<\/a> zeigt, dass CF- Patientinnen und -Patienten in der Schweiz zwar eine gute Lebensqualit\u00e4t aufweisen aber substanzielle nicht-medizinische Kosten und Produktionsverluste anfallen.<\/p>\n\n\n\n<!--more-->\n\n\n\n<p><strong>Was ist Cystische Fibrose?<\/strong><\/p>\n\n\n\n<p>Cystische Fibrose (CF, auch Mukoviszidose) ist eine seltene Erkrankung, jedoch die h\u00e4ufigste genetisch bedingte Stoffwechselerkrankung Westeuropas. In der Schweiz leben etwa 1\u2019000 Menschen mit CF.<br><br>Trotz Fortschritten in Behandlung und Versorgung belastet CF die Patientinnen und Patienten, ihre Angeh\u00f6rigen sowie Gesundheitssysteme in mehrfacher Hinsicht. Zugleich entstehen Kosten auch \u201causserhalb\u201d des Gesundheitssystems. Diese Kosten gehen \u00fcber die direkten medizinischen Kosten f\u00fcr Behandlung und Medikamente hinaus und sind von der Kranken- oder Invalidenversicherung (IV) nicht immer gedeckt.<\/p>\n\n\n\n<p><strong>Was wurde untersucht und wie?<\/strong><br><br>Unsere <a rel=\"noreferrer noopener\" href=\"https:\/\/cystischefibroseschweiz.ch\/media\/files\/2021\/10\/cfch_gesellschaftliche_kosten_bericht_final_20201215_clean.pdf\" target=\"_blank\">Krankheitskostenstudie<\/a> im Auftrag von Cystische Fibrose Schweiz (CFS) ging der Frage auf den Grund, welche Auswirkungen CF auf Betroffene und die Gesellschaft hat. Im Fokus stand dabei die Lebensqualit\u00e4t der CF-Betroffenen, direkte nicht-medizinische Kosten und Produktionsverluste. Produktionsverluste entstehen durch psychosoziale Belastungen, welche die Arbeitsproduktivit\u00e4t von CF-Betroffenen (und von ihren Angeh\u00f6rigen) reduzieren und die Abwesenheiten am Arbeitsplatz beeinflussen. Hinzu kommen Todesf\u00e4lle vor dem regul\u00e4ren Rentenalter.<\/p>\n\n\n\n<p>F\u00fcr die Studie f\u00fchrten wir eine Onlinebefragung von CF-Patientinnen und -Patienten und ihren Angeh\u00f6rigen durch. Alle Mitglieder von CFS wurden dazu per Post und E-Mail zur Teilnahme an der Onlinebefragung eingeladen. Bei den Kindern wurden die Eltern adressiert und bei den erwachsenen Patientinnen und Patienten zus\u00e4tzlich die Angeh\u00f6rigen. Insgesamt nahmen 338 der Total 1\u2019198 kontaktierten Personen an der Umfrage teil. Dies entspricht einer R\u00fccklaufquote von 28%, was f\u00fcr eine solche Befragung einem guten Wert entspricht.<\/p>\n\n\n\n<p><strong>CF- Patientinnen und -Patienten weisen in der Schweiz eine gute Lebensqualit\u00e4t auf<\/strong><\/p>\n\n\n\n<p>Bei erwachsenen CF-Betroffenen liegt die Lebensqualit\u00e4t bei einem durchschnittlichen Wert von 69, bei Kindern bei 84 gem\u00e4ss der standardisierten \u00abVisuellen Analogskala\u00bb (VAS) des EQ-5D Fragebogens, welche Werte zwischen 0 und 100 einnehmen kann. Im internationalen Vergleich schneiden CF-Patientinnen und -Patienten in der Schweiz sehr gut ab; die Schweiz befindet sich unter den ersten R\u00e4ngen. Mit Blick auf die Allgemeinbev\u00f6lkerung gibt es sehr wohl Unterschiede in der Lebensqualit\u00e4t zwischen CF-Betroffenen und der Allgemeinbev\u00f6lkerung, diese fallen jedoch in L\u00e4ndern mit einer guten Lebensqualit\u00e4t eher gering aus.<\/p>\n\n\n\n<p><strong>Die j\u00e4hrlichen direkten nicht-medizinischen Kosten und Produktionsverluste sind substanziell<\/strong><\/p>\n\n\n\n<p>Wir sch\u00e4tzen die j\u00e4hrlichen nicht-medizinischen Kosten und Produktionsverluste aufgrund von CF f\u00fcr die ganze Schweiz auf 18.5 Mio. Franken (CHF). Davon fallen rund CHF 2.7 Mio. f\u00fcr direkte nicht-medizinische Kosten an, w\u00e4hrend sich die Produktionsverluste auf CHF 15.7 Mio. belaufen. Dabei machen Produktionsverluste durch fr\u00fchzeitigen Tod vor dem regul\u00e4ren Rentenalter den gr\u00f6ssten Anteil dieser Kosten aus, gefolgt von Produktionsverlusten bei der Arbeit aufgrund von krankheitsbedingten Belastungen.<\/p>\n\n\n\n<p>Auf den CF-Betroffenen lasten im Schnitt j\u00e4hrlich etwas \u00fcber CHF 2&#8217;700, die nicht von Versicherungen oder Krankenkassen gedeckt werden. Davon fallen bei den Erwachsenen im Durchschnitt CHF 890 (Median CHF 579) und bei den Kindern CHF 718 (Median CHF 543) f\u00fcr Fahrkosten zu den Behandlungsterminen an. Die zus\u00e4tzlichen Ausgaben f\u00fcr Nahrungsmittel (inklusive Vitamine und Supplemente) betragen bei den Erwachsenen im Schnitt CHF 2\u2019527 pro Jahr (Median CHF 1\u2019560) und bei den Kindern CHF 2&#8217;081 (Median CHF 1&#8217;040), wobei die Durchschnittswerte durch ein paar wenige sehr hohe Angaben stark beeinflusst werden.<\/p>\n\n\n\n<p>Weitere Kosten entstehen auch durch freiwillige Unterst\u00fctzung durch die Angeh\u00f6rigen, die in dieser Zeit keiner bezahlten Arbeit nachgehen k\u00f6nnen. Diese Kosten unterscheiden sich jedoch je nach Alter der CF-Patientinnen und -Patienten. So f\u00e4llt die unentgeltliche Unterst\u00fctzung vor allem bei Kindern an. Von den befragten CF-Betroffenen gaben 36.4% der Erwachsenen und 38.7% der Kinder an, im letzten Monat krankheitsbedingt unentgeltliche Hilfe von mindestens einer Person ausserhalb des eigenen Haushalts erhalten zu haben. Dies entspricht einem durchschnittlichen Gegenwert f\u00fcr die \u00fcber das Jahr geleistete Freiwilligenarbeit von CHF 5\u2019217 (Median 2&#8217;046) bei den Erwachsenen und CHF 8\u2019742 (Median 3\u2019348) bei den Kindern.<\/p>\n\n\n\n<p><strong>Fazit <\/strong><\/p>\n\n\n\n<p>Die Studie zeigt eine mehrheitlich \u00abgute\u00bb Lebensqualit\u00e4t bei CF-Betroffenen, was \u00e4usserst erfreulich ist. Die durch CF verursachten nicht-medizinischen Kosten und Produktionsverluste sind aber substanziell. Unsere Sch\u00e4tzung beurteilen wir dabei als eher konservativ, denn aufgrund der Zusammensetzung der Befragten dieser Studie wird der Gesundheitszustand und die Lebensqualit\u00e4t der Patientinnen und Patienten tendenziell zu hoch, die Kosten hingegen zu niedrig eingesch\u00e4tzt.<\/p>\n\n\n\n<p>Trotz dieser Einschr\u00e4nkung hoffen wir mit der Studie einen Beitrag zur Abw\u00e4gung von Kosten und Nutzen neuer Therapieformen f\u00fcr CF leisten zu k\u00f6nnen. Die vollst\u00e4ndige Studie finden Sie <a href=\"https:\/\/cystischefibroseschweiz.ch\/media\/files\/2021\/10\/cfch_gesellschaftliche_kosten_bericht_final_20201215_clean.pdf\" target=\"_blank\" rel=\"noreferrer noopener\">hier<\/a>.<\/p>\n\n\n\n<p>Und zum Abschluss noch ein kurzer Ausblick: Um die gesellschaftlichen Kosten der Cystischen Fibrose in der Schweiz umfassend einsch\u00e4tzen zu k\u00f6nnen, m\u00fcssen auch die medizinischen Kosten in Betracht gezogen werden. Deshalb arbeiten wir bereits an einer zweiten Studie, die helfen soll, das Bild zu den gesellschaftlichen Kosten zu komplettieren.<\/p>\n\n\n\n<p><strong>Christina Tzogiou<\/strong> ist Wissenschaftliche Mitarbeiterin der Fachstelle HTA und gesundheits\u00f6konomische Evaluationen am WIG.<br><strong>Renato Mattli<\/strong> ist Teamleiter der Fachstelle HTA und gesundheits\u00f6konomische Evaluationen am WIG.<\/p>\n<div class=\"pt-sm\">Schlagw\u00f6rter: <a href=\"http:\/\/blog.zhaw.ch\/gesundheitsoekonomie\/tag\/christina-tzogiou\/\">Christina Tzogiou<\/a>, <a href=\"http:\/\/blog.zhaw.ch\/gesundheitsoekonomie\/tag\/cystische-fibrose\/\">Cystische Fibrose<\/a>, <a href=\"http:\/\/blog.zhaw.ch\/gesundheitsoekonomie\/tag\/krankheitskostenstudie\/\">Krankheitskostenstudie<\/a>, <a href=\"http:\/\/blog.zhaw.ch\/gesundheitsoekonomie\/tag\/mukoviszidose\/\">Mukoviszidose<\/a>, <a href=\"http:\/\/blog.zhaw.ch\/gesundheitsoekonomie\/tag\/renato-mattli\/\">Renato Mattli<\/a><br><\/div>","protected":false},"excerpt":{"rendered":"<p>Von Christina Tzogiou und Dr. Renato Mattli Cystische Fibrose (CF) ist f\u00fcr Betroffene und ihre Angeh\u00f6rigen eine belastende Krankheit mit erkennbaren Auswirkungen auf die gesamte Gesellschaft. Eine aktuelle Studie von uns im Auftrag von Cystische Fibrose Schweiz (CFS) zeigt, dass CF- Patientinnen und -Patienten in der Schweiz zwar eine gute Lebensqualit\u00e4t aufweisen aber substanzielle nicht-medizinische [&hellip;]<\/p>\n","protected":false},"author":394,"featured_media":0,"comment_status":"open","ping_status":"open","sticky":false,"template":"","format":"standard","meta":{"ngg_post_thumbnail":0,"footnotes":""},"categories":[20],"tags":[25,228,230,229,27],"features":[],"class_list":["post-2792","post","type-post","status-publish","format-standard","hentry","category-hta-und-gesundheitsoekonomische-evaluationen","tag-christina-tzogiou","tag-cystische-fibrose","tag-krankheitskostenstudie","tag-mukoviszidose","tag-renato-mattli"],"yoast_head":"<!-- This site is optimized with the Yoast SEO Premium plugin v27.2 (Yoast SEO v27.2) - https:\/\/yoast.com\/product\/yoast-seo-premium-wordpress\/ -->\n<title>Wie wirkt sich Cystische Fibrose auf Betroffene und Gesellschaft aus? - Gesundheits\u00f6konomie @ ZHAW<\/title>\n<meta name=\"robots\" content=\"index, follow, max-snippet:-1, max-image-preview:large, max-video-preview:-1\" \/>\n<link rel=\"canonical\" href=\"https:\/\/blog.zhaw.ch\/gesundheitsoekonomie\/2021\/12\/02\/wie-wirkt-sich-cystische-fibrose-auf-betroffene-und-gesellschaft-aus\/\" \/>\n<meta property=\"og:locale\" content=\"de_DE\" \/>\n<meta property=\"og:type\" content=\"article\" \/>\n<meta property=\"og:title\" content=\"Wie wirkt sich Cystische Fibrose auf Betroffene und Gesellschaft aus?\" \/>\n<meta property=\"og:description\" content=\"Von Christina Tzogiou und Dr. Renato Mattli Cystische Fibrose (CF) ist f\u00fcr Betroffene und ihre Angeh\u00f6rigen eine belastende Krankheit mit erkennbaren Auswirkungen auf die gesamte Gesellschaft. Eine aktuelle Studie von uns im Auftrag von Cystische Fibrose Schweiz (CFS) zeigt, dass CF- Patientinnen und -Patienten in der Schweiz zwar eine gute Lebensqualit\u00e4t aufweisen aber substanzielle nicht-medizinische [&hellip;]\" \/>\n<meta property=\"og:url\" content=\"https:\/\/blog.zhaw.ch\/gesundheitsoekonomie\/2021\/12\/02\/wie-wirkt-sich-cystische-fibrose-auf-betroffene-und-gesellschaft-aus\/\" \/>\n<meta property=\"og:site_name\" content=\"Gesundheits\u00f6konomie @ ZHAW\" \/>\n<meta property=\"article:published_time\" content=\"2021-12-02T07:51:00+00:00\" \/>\n<meta property=\"og:image\" content=\"https:\/\/blog.zhaw.ch\/gesundheitsoekonomie\/files\/2021\/12\/20211202_COLOURBOX18075695_klein-1024x675.jpg\" \/>\n<meta name=\"author\" content=\"Gesundheits\u00f6konomie @ ZHAW\" \/>\n<meta name=\"twitter:card\" content=\"summary_large_image\" \/>\n<meta name=\"twitter:label1\" content=\"Verfasst von\" \/>\n\t<meta name=\"twitter:data1\" content=\"Gesundheits\u00f6konomie @ ZHAW\" \/>\n\t<meta name=\"twitter:label2\" content=\"Gesch\u00e4tzte Lesezeit\" \/>\n\t<meta name=\"twitter:data2\" content=\"4\u00a0Minuten\" \/>\n<script type=\"application\/ld+json\" class=\"yoast-schema-graph\">{\"@context\":\"https:\/\/schema.org\",\"@graph\":[{\"@type\":\"Article\",\"@id\":\"https:\/\/blog.zhaw.ch\/gesundheitsoekonomie\/2021\/12\/02\/wie-wirkt-sich-cystische-fibrose-auf-betroffene-und-gesellschaft-aus\/#article\",\"isPartOf\":{\"@id\":\"https:\/\/blog.zhaw.ch\/gesundheitsoekonomie\/2021\/12\/02\/wie-wirkt-sich-cystische-fibrose-auf-betroffene-und-gesellschaft-aus\/\"},\"author\":{\"name\":\"Gesundheits\u00f6konomie @ ZHAW\",\"@id\":\"https:\/\/blog.zhaw.ch\/gesundheitsoekonomie\/#\/schema\/person\/9f23ca3c7e8761fd1498ca155fa97be5\"},\"headline\":\"Wie wirkt sich Cystische Fibrose auf Betroffene und Gesellschaft aus?\",\"datePublished\":\"2021-12-02T07:51:00+00:00\",\"mainEntityOfPage\":{\"@id\":\"https:\/\/blog.zhaw.ch\/gesundheitsoekonomie\/2021\/12\/02\/wie-wirkt-sich-cystische-fibrose-auf-betroffene-und-gesellschaft-aus\/\"},\"wordCount\":855,\"commentCount\":0,\"image\":{\"@id\":\"https:\/\/blog.zhaw.ch\/gesundheitsoekonomie\/2021\/12\/02\/wie-wirkt-sich-cystische-fibrose-auf-betroffene-und-gesellschaft-aus\/#primaryimage\"},\"thumbnailUrl\":\"https:\/\/blog.zhaw.ch\/gesundheitsoekonomie\/files\/2021\/12\/20211202_COLOURBOX18075695_klein-1024x675.jpg\",\"keywords\":[\"Christina Tzogiou\",\"Cystische Fibrose\",\"Krankheitskostenstudie\",\"Mukoviszidose\",\"Renato Mattli\"],\"articleSection\":[\"HTA und Gesundheits\u00f6konomische Evaluationen\"],\"inLanguage\":\"de\",\"potentialAction\":[{\"@type\":\"CommentAction\",\"name\":\"Comment\",\"target\":[\"https:\/\/blog.zhaw.ch\/gesundheitsoekonomie\/2021\/12\/02\/wie-wirkt-sich-cystische-fibrose-auf-betroffene-und-gesellschaft-aus\/#respond\"]}]},{\"@type\":\"WebPage\",\"@id\":\"https:\/\/blog.zhaw.ch\/gesundheitsoekonomie\/2021\/12\/02\/wie-wirkt-sich-cystische-fibrose-auf-betroffene-und-gesellschaft-aus\/\",\"url\":\"https:\/\/blog.zhaw.ch\/gesundheitsoekonomie\/2021\/12\/02\/wie-wirkt-sich-cystische-fibrose-auf-betroffene-und-gesellschaft-aus\/\",\"name\":\"Wie wirkt sich Cystische Fibrose auf Betroffene und Gesellschaft aus? - Gesundheits\u00f6konomie @ ZHAW\",\"isPartOf\":{\"@id\":\"https:\/\/blog.zhaw.ch\/gesundheitsoekonomie\/#website\"},\"primaryImageOfPage\":{\"@id\":\"https:\/\/blog.zhaw.ch\/gesundheitsoekonomie\/2021\/12\/02\/wie-wirkt-sich-cystische-fibrose-auf-betroffene-und-gesellschaft-aus\/#primaryimage\"},\"image\":{\"@id\":\"https:\/\/blog.zhaw.ch\/gesundheitsoekonomie\/2021\/12\/02\/wie-wirkt-sich-cystische-fibrose-auf-betroffene-und-gesellschaft-aus\/#primaryimage\"},\"thumbnailUrl\":\"https:\/\/blog.zhaw.ch\/gesundheitsoekonomie\/files\/2021\/12\/20211202_COLOURBOX18075695_klein-1024x675.jpg\",\"datePublished\":\"2021-12-02T07:51:00+00:00\",\"author\":{\"@id\":\"https:\/\/blog.zhaw.ch\/gesundheitsoekonomie\/#\/schema\/person\/9f23ca3c7e8761fd1498ca155fa97be5\"},\"breadcrumb\":{\"@id\":\"https:\/\/blog.zhaw.ch\/gesundheitsoekonomie\/2021\/12\/02\/wie-wirkt-sich-cystische-fibrose-auf-betroffene-und-gesellschaft-aus\/#breadcrumb\"},\"inLanguage\":\"de\",\"potentialAction\":[{\"@type\":\"ReadAction\",\"target\":[\"https:\/\/blog.zhaw.ch\/gesundheitsoekonomie\/2021\/12\/02\/wie-wirkt-sich-cystische-fibrose-auf-betroffene-und-gesellschaft-aus\/\"]}]},{\"@type\":\"ImageObject\",\"inLanguage\":\"de\",\"@id\":\"https:\/\/blog.zhaw.ch\/gesundheitsoekonomie\/2021\/12\/02\/wie-wirkt-sich-cystische-fibrose-auf-betroffene-und-gesellschaft-aus\/#primaryimage\",\"url\":\"https:\/\/blog.zhaw.ch\/gesundheitsoekonomie\/files\/2021\/12\/20211202_COLOURBOX18075695_klein-1024x675.jpg\",\"contentUrl\":\"https:\/\/blog.zhaw.ch\/gesundheitsoekonomie\/files\/2021\/12\/20211202_COLOURBOX18075695_klein-1024x675.jpg\"},{\"@type\":\"BreadcrumbList\",\"@id\":\"https:\/\/blog.zhaw.ch\/gesundheitsoekonomie\/2021\/12\/02\/wie-wirkt-sich-cystische-fibrose-auf-betroffene-und-gesellschaft-aus\/#breadcrumb\",\"itemListElement\":[{\"@type\":\"ListItem\",\"position\":1,\"name\":\"Startseite\",\"item\":\"https:\/\/blog.zhaw.ch\/gesundheitsoekonomie\/\"},{\"@type\":\"ListItem\",\"position\":2,\"name\":\"Wie wirkt sich Cystische Fibrose auf Betroffene und Gesellschaft aus?\"}]},{\"@type\":\"WebSite\",\"@id\":\"https:\/\/blog.zhaw.ch\/gesundheitsoekonomie\/#website\",\"url\":\"https:\/\/blog.zhaw.ch\/gesundheitsoekonomie\/\",\"name\":\"Gesundheits\u00f6konomie @ ZHAW\",\"description\":\"Ein Blog der ZHAW Z\u00fcrcher Hochschule f\u00fcr Angewandte Wissenschaften\",\"potentialAction\":[{\"@type\":\"SearchAction\",\"target\":{\"@type\":\"EntryPoint\",\"urlTemplate\":\"https:\/\/blog.zhaw.ch\/gesundheitsoekonomie\/?s={search_term_string}\"},\"query-input\":{\"@type\":\"PropertyValueSpecification\",\"valueRequired\":true,\"valueName\":\"search_term_string\"}}],\"inLanguage\":\"de\"},{\"@type\":\"Person\",\"@id\":\"https:\/\/blog.zhaw.ch\/gesundheitsoekonomie\/#\/schema\/person\/9f23ca3c7e8761fd1498ca155fa97be5\",\"name\":\"Gesundheits\u00f6konomie @ ZHAW\",\"image\":{\"@type\":\"ImageObject\",\"inLanguage\":\"de\",\"@id\":\"https:\/\/secure.gravatar.com\/avatar\/288a1d08b0bf4c2e06b5b02bcb8c585ab944f18ce54a408ddc9104152dd07117?s=96&d=mm&r=g\",\"url\":\"https:\/\/secure.gravatar.com\/avatar\/288a1d08b0bf4c2e06b5b02bcb8c585ab944f18ce54a408ddc9104152dd07117?s=96&d=mm&r=g\",\"contentUrl\":\"https:\/\/secure.gravatar.com\/avatar\/288a1d08b0bf4c2e06b5b02bcb8c585ab944f18ce54a408ddc9104152dd07117?s=96&d=mm&r=g\",\"caption\":\"Gesundheits\u00f6konomie @ ZHAW\"},\"url\":\"https:\/\/blog.zhaw.ch\/gesundheitsoekonomie\/author\/grbd\/\"}]}<\/script>\n<!-- \/ Yoast SEO Premium plugin. -->","yoast_head_json":{"title":"Wie wirkt sich Cystische Fibrose auf Betroffene und Gesellschaft aus? - Gesundheits\u00f6konomie @ ZHAW","robots":{"index":"index","follow":"follow","max-snippet":"max-snippet:-1","max-image-preview":"max-image-preview:large","max-video-preview":"max-video-preview:-1"},"canonical":"https:\/\/blog.zhaw.ch\/gesundheitsoekonomie\/2021\/12\/02\/wie-wirkt-sich-cystische-fibrose-auf-betroffene-und-gesellschaft-aus\/","og_locale":"de_DE","og_type":"article","og_title":"Wie wirkt sich Cystische Fibrose auf Betroffene und Gesellschaft aus?","og_description":"Von Christina Tzogiou und Dr. Renato Mattli Cystische Fibrose (CF) ist f\u00fcr Betroffene und ihre Angeh\u00f6rigen eine belastende Krankheit mit erkennbaren Auswirkungen auf die gesamte Gesellschaft. Eine aktuelle Studie von uns im Auftrag von Cystische Fibrose Schweiz (CFS) zeigt, dass CF- Patientinnen und -Patienten in der Schweiz zwar eine gute Lebensqualit\u00e4t aufweisen aber substanzielle nicht-medizinische [&hellip;]","og_url":"https:\/\/blog.zhaw.ch\/gesundheitsoekonomie\/2021\/12\/02\/wie-wirkt-sich-cystische-fibrose-auf-betroffene-und-gesellschaft-aus\/","og_site_name":"Gesundheits\u00f6konomie @ ZHAW","article_published_time":"2021-12-02T07:51:00+00:00","og_image":[{"url":"https:\/\/blog.zhaw.ch\/gesundheitsoekonomie\/files\/2021\/12\/20211202_COLOURBOX18075695_klein-1024x675.jpg","type":"","width":"","height":""}],"author":"Gesundheits\u00f6konomie @ ZHAW","twitter_card":"summary_large_image","twitter_misc":{"Verfasst von":"Gesundheits\u00f6konomie @ ZHAW","Gesch\u00e4tzte Lesezeit":"4\u00a0Minuten"},"schema":{"@context":"https:\/\/schema.org","@graph":[{"@type":"Article","@id":"https:\/\/blog.zhaw.ch\/gesundheitsoekonomie\/2021\/12\/02\/wie-wirkt-sich-cystische-fibrose-auf-betroffene-und-gesellschaft-aus\/#article","isPartOf":{"@id":"https:\/\/blog.zhaw.ch\/gesundheitsoekonomie\/2021\/12\/02\/wie-wirkt-sich-cystische-fibrose-auf-betroffene-und-gesellschaft-aus\/"},"author":{"name":"Gesundheits\u00f6konomie @ ZHAW","@id":"https:\/\/blog.zhaw.ch\/gesundheitsoekonomie\/#\/schema\/person\/9f23ca3c7e8761fd1498ca155fa97be5"},"headline":"Wie wirkt sich Cystische Fibrose auf Betroffene und Gesellschaft aus?","datePublished":"2021-12-02T07:51:00+00:00","mainEntityOfPage":{"@id":"https:\/\/blog.zhaw.ch\/gesundheitsoekonomie\/2021\/12\/02\/wie-wirkt-sich-cystische-fibrose-auf-betroffene-und-gesellschaft-aus\/"},"wordCount":855,"commentCount":0,"image":{"@id":"https:\/\/blog.zhaw.ch\/gesundheitsoekonomie\/2021\/12\/02\/wie-wirkt-sich-cystische-fibrose-auf-betroffene-und-gesellschaft-aus\/#primaryimage"},"thumbnailUrl":"https:\/\/blog.zhaw.ch\/gesundheitsoekonomie\/files\/2021\/12\/20211202_COLOURBOX18075695_klein-1024x675.jpg","keywords":["Christina Tzogiou","Cystische Fibrose","Krankheitskostenstudie","Mukoviszidose","Renato Mattli"],"articleSection":["HTA und Gesundheits\u00f6konomische Evaluationen"],"inLanguage":"de","potentialAction":[{"@type":"CommentAction","name":"Comment","target":["https:\/\/blog.zhaw.ch\/gesundheitsoekonomie\/2021\/12\/02\/wie-wirkt-sich-cystische-fibrose-auf-betroffene-und-gesellschaft-aus\/#respond"]}]},{"@type":"WebPage","@id":"https:\/\/blog.zhaw.ch\/gesundheitsoekonomie\/2021\/12\/02\/wie-wirkt-sich-cystische-fibrose-auf-betroffene-und-gesellschaft-aus\/","url":"https:\/\/blog.zhaw.ch\/gesundheitsoekonomie\/2021\/12\/02\/wie-wirkt-sich-cystische-fibrose-auf-betroffene-und-gesellschaft-aus\/","name":"Wie wirkt sich Cystische Fibrose auf Betroffene und Gesellschaft aus? - Gesundheits\u00f6konomie @ ZHAW","isPartOf":{"@id":"https:\/\/blog.zhaw.ch\/gesundheitsoekonomie\/#website"},"primaryImageOfPage":{"@id":"https:\/\/blog.zhaw.ch\/gesundheitsoekonomie\/2021\/12\/02\/wie-wirkt-sich-cystische-fibrose-auf-betroffene-und-gesellschaft-aus\/#primaryimage"},"image":{"@id":"https:\/\/blog.zhaw.ch\/gesundheitsoekonomie\/2021\/12\/02\/wie-wirkt-sich-cystische-fibrose-auf-betroffene-und-gesellschaft-aus\/#primaryimage"},"thumbnailUrl":"https:\/\/blog.zhaw.ch\/gesundheitsoekonomie\/files\/2021\/12\/20211202_COLOURBOX18075695_klein-1024x675.jpg","datePublished":"2021-12-02T07:51:00+00:00","author":{"@id":"https:\/\/blog.zhaw.ch\/gesundheitsoekonomie\/#\/schema\/person\/9f23ca3c7e8761fd1498ca155fa97be5"},"breadcrumb":{"@id":"https:\/\/blog.zhaw.ch\/gesundheitsoekonomie\/2021\/12\/02\/wie-wirkt-sich-cystische-fibrose-auf-betroffene-und-gesellschaft-aus\/#breadcrumb"},"inLanguage":"de","potentialAction":[{"@type":"ReadAction","target":["https:\/\/blog.zhaw.ch\/gesundheitsoekonomie\/2021\/12\/02\/wie-wirkt-sich-cystische-fibrose-auf-betroffene-und-gesellschaft-aus\/"]}]},{"@type":"ImageObject","inLanguage":"de","@id":"https:\/\/blog.zhaw.ch\/gesundheitsoekonomie\/2021\/12\/02\/wie-wirkt-sich-cystische-fibrose-auf-betroffene-und-gesellschaft-aus\/#primaryimage","url":"https:\/\/blog.zhaw.ch\/gesundheitsoekonomie\/files\/2021\/12\/20211202_COLOURBOX18075695_klein-1024x675.jpg","contentUrl":"https:\/\/blog.zhaw.ch\/gesundheitsoekonomie\/files\/2021\/12\/20211202_COLOURBOX18075695_klein-1024x675.jpg"},{"@type":"BreadcrumbList","@id":"https:\/\/blog.zhaw.ch\/gesundheitsoekonomie\/2021\/12\/02\/wie-wirkt-sich-cystische-fibrose-auf-betroffene-und-gesellschaft-aus\/#breadcrumb","itemListElement":[{"@type":"ListItem","position":1,"name":"Startseite","item":"https:\/\/blog.zhaw.ch\/gesundheitsoekonomie\/"},{"@type":"ListItem","position":2,"name":"Wie wirkt sich Cystische Fibrose auf Betroffene und Gesellschaft aus?"}]},{"@type":"WebSite","@id":"https:\/\/blog.zhaw.ch\/gesundheitsoekonomie\/#website","url":"https:\/\/blog.zhaw.ch\/gesundheitsoekonomie\/","name":"Gesundheits\u00f6konomie @ ZHAW","description":"Ein Blog der ZHAW Z\u00fcrcher Hochschule f\u00fcr Angewandte Wissenschaften","potentialAction":[{"@type":"SearchAction","target":{"@type":"EntryPoint","urlTemplate":"https:\/\/blog.zhaw.ch\/gesundheitsoekonomie\/?s={search_term_string}"},"query-input":{"@type":"PropertyValueSpecification","valueRequired":true,"valueName":"search_term_string"}}],"inLanguage":"de"},{"@type":"Person","@id":"https:\/\/blog.zhaw.ch\/gesundheitsoekonomie\/#\/schema\/person\/9f23ca3c7e8761fd1498ca155fa97be5","name":"Gesundheits\u00f6konomie @ ZHAW","image":{"@type":"ImageObject","inLanguage":"de","@id":"https:\/\/secure.gravatar.com\/avatar\/288a1d08b0bf4c2e06b5b02bcb8c585ab944f18ce54a408ddc9104152dd07117?s=96&d=mm&r=g","url":"https:\/\/secure.gravatar.com\/avatar\/288a1d08b0bf4c2e06b5b02bcb8c585ab944f18ce54a408ddc9104152dd07117?s=96&d=mm&r=g","contentUrl":"https:\/\/secure.gravatar.com\/avatar\/288a1d08b0bf4c2e06b5b02bcb8c585ab944f18ce54a408ddc9104152dd07117?s=96&d=mm&r=g","caption":"Gesundheits\u00f6konomie @ ZHAW"},"url":"https:\/\/blog.zhaw.ch\/gesundheitsoekonomie\/author\/grbd\/"}]}},"_links":{"self":[{"href":"https:\/\/blog.zhaw.ch\/gesundheitsoekonomie\/wp-json\/wp\/v2\/posts\/2792","targetHints":{"allow":["GET"]}}],"collection":[{"href":"https:\/\/blog.zhaw.ch\/gesundheitsoekonomie\/wp-json\/wp\/v2\/posts"}],"about":[{"href":"https:\/\/blog.zhaw.ch\/gesundheitsoekonomie\/wp-json\/wp\/v2\/types\/post"}],"author":[{"embeddable":true,"href":"https:\/\/blog.zhaw.ch\/gesundheitsoekonomie\/wp-json\/wp\/v2\/users\/394"}],"replies":[{"embeddable":true,"href":"https:\/\/blog.zhaw.ch\/gesundheitsoekonomie\/wp-json\/wp\/v2\/comments?post=2792"}],"version-history":[{"count":2,"href":"https:\/\/blog.zhaw.ch\/gesundheitsoekonomie\/wp-json\/wp\/v2\/posts\/2792\/revisions"}],"predecessor-version":[{"id":2795,"href":"https:\/\/blog.zhaw.ch\/gesundheitsoekonomie\/wp-json\/wp\/v2\/posts\/2792\/revisions\/2795"}],"wp:attachment":[{"href":"https:\/\/blog.zhaw.ch\/gesundheitsoekonomie\/wp-json\/wp\/v2\/media?parent=2792"}],"wp:term":[{"taxonomy":"category","embeddable":true,"href":"https:\/\/blog.zhaw.ch\/gesundheitsoekonomie\/wp-json\/wp\/v2\/categories?post=2792"},{"taxonomy":"post_tag","embeddable":true,"href":"https:\/\/blog.zhaw.ch\/gesundheitsoekonomie\/wp-json\/wp\/v2\/tags?post=2792"},{"taxonomy":"features","embeddable":true,"href":"https:\/\/blog.zhaw.ch\/gesundheitsoekonomie\/wp-json\/wp\/v2\/features?post=2792"}],"curies":[{"name":"wp","href":"https:\/\/api.w.org\/{rel}","templated":true}]}}