{"id":2713,"date":"2021-10-21T11:08:26","date_gmt":"2021-10-21T09:08:26","guid":{"rendered":"https:\/\/blog.zhaw.ch\/gesundheitsoekonomie\/?p=2713"},"modified":"2021-11-04T20:13:03","modified_gmt":"2021-11-04T19:13:03","slug":"wann-ist-der-ideale-zeitpunkt-fuer-akutes-herzproblem","status":"publish","type":"post","link":"https:\/\/blog.zhaw.ch\/gesundheitsoekonomie\/2021\/10\/21\/wann-ist-der-ideale-zeitpunkt-fuer-akutes-herzproblem\/","title":{"rendered":"Wann ist der ideale Zeitpunkt f\u00fcr ein akutes Herzproblem?"},"content":{"rendered":"\n<div class=\"wp-block-image is-style-default\"><figure class=\"aligncenter size-large is-resized\"><img loading=\"lazy\" decoding=\"async\" src=\"https:\/\/blog.zhaw.ch\/gesundheitsoekonomie\/files\/2021\/10\/20211021_GoeF_COLOURBOX3882603_cut-1024x712.jpg\" alt=\"\" class=\"wp-image-2714\" width=\"544\" height=\"378\" srcset=\"https:\/\/blog.zhaw.ch\/gesundheitsoekonomie\/files\/2021\/10\/20211021_GoeF_COLOURBOX3882603_cut-1024x712.jpg 1024w, https:\/\/blog.zhaw.ch\/gesundheitsoekonomie\/files\/2021\/10\/20211021_GoeF_COLOURBOX3882603_cut-300x209.jpg 300w, https:\/\/blog.zhaw.ch\/gesundheitsoekonomie\/files\/2021\/10\/20211021_GoeF_COLOURBOX3882603_cut-768x534.jpg 768w, https:\/\/blog.zhaw.ch\/gesundheitsoekonomie\/files\/2021\/10\/20211021_GoeF_COLOURBOX3882603_cut-860x598.jpg 860w, https:\/\/blog.zhaw.ch\/gesundheitsoekonomie\/files\/2021\/10\/20211021_GoeF_COLOURBOX3882603_cut-1200x834.jpg 1200w, https:\/\/blog.zhaw.ch\/gesundheitsoekonomie\/files\/2021\/10\/20211021_GoeF_COLOURBOX3882603_cut.jpg 1223w\" sizes=\"auto, (max-width: 544px) 100vw, 544px\" \/><figcaption>Quelle: Colourbox.de<\/figcaption><\/figure><\/div>\n\n\n\n<p>Von <a href=\"https:\/\/www.zhaw.ch\/de\/ueber-uns\/person\/stmm\/\" target=\"_blank\" rel=\"noreferrer noopener\">M\u00e9lanie Stamm<\/a><\/p>\n\n\n\n<p>Die nat\u00fcrliche Reaktion auf diese Frage ist wahrscheinlich, mit \u00abgar nie\u00bb zu antworten. Nach kurzem \u00dcberlegen kommt man vielleicht zum Schluss, dass man im Idealfall dann ein akutes Herzproblem erleidet, wenn man von qualifiziertem Gesundheitspersonal und dem eventuell n\u00f6tigen Equipment umgeben ist \u2013 also beispielsweise in einem Krankenhaus. Es gibt aber durchaus noch weitere, weniger offensichtliche Faktoren, welche bei dieser Frage einen Einfluss haben k\u00f6nnen. In diesem Blogbeitrag sollen zwei dieser Faktoren vorgestellt werden, die nicht ganz so offensichtlich sind \u2013 das sind Marathons und Kardiologie-Konferenzen.<\/p>\n\n\n\n<!--more-->\n\n\n\n<p>Sport ist gesund und h\u00e4lt unser Herz fit, doch was ist der Zusammenhang zwischen einem Marathon und einem akuten Herzleiden? Interessanterweise geht es hier nicht darum, ob sich die hohe Belastung eines Marathonlaufs negativ auf das Herz auswirkt \u2013 sondern darum, ob sich das Abhalten eines Marathons in der Stadt negativ auf die Gesundheitsversorgung auswirkt. In einer US-amerikanischen Studie aus dem Jahr 2017 wurde untersucht, ob Personen, die am Tag eines Marathons wegen akuter Herzprobleme in ein Krankenhaus eingeliefert werden mussten, Verz\u00f6gerungen in ihrer Behandlung erfuhren.<sup><a href=\"#ref1\" data-type=\"internal\" data-id=\"#ref1\" target=\"_blank\" rel=\"noreferrer noopener\">[1]<\/a><\/sup> Dazu wurden Daten aus elf St\u00e4dten erhoben, die grosse Marathons ausrichten, wie beispielsweise New York, Boston oder Honolulu. Die Autoren untersuchten zuerst, ob sich die Mortalit\u00e4t von akuten Herzpatienten mit Einlieferung am Tag des Marathons von der Mortalit\u00e4t von Patienten unterschied, die in den f\u00fcnf Wochen vor und nach dem Marathon eingeliefert wurden. Ebenfalls interessierten sie sich f\u00fcr die Dauer der Fahrt im Ambulanzfahrzeug am Marathontag im Vergleich zu anderen Tagen, und am Vormittag (wenn Strassensperren \u00fcblich sind) im Vergleich zum Abend (wenn diese wieder aufgehoben sind). Ihr Resultat: Die 30-Tage-Mortalit\u00e4t von Herzinfarkt-Patienten an Marathon-Tagen liegt h\u00f6her (28.2%) als die von Patienten an \u00abnormalen\u00bb Tagen (24.9%), und die Zeit, die im Ambulanzfahrzeug verbracht wird, ist an Marathon-Tagen um 4.4 Minuten erh\u00f6ht. Die Strassenblockierungen, die zur Organisation eines solchen Marathons n\u00f6tig sind, wirken sich also negativ auf die Versorgung von akuten Herzpatienten aus.<\/p>\n\n\n\n<p>Wir wissen nun also, dass man m\u00f6glichst nicht dann einen Herzinfarkt haben sollte, wenn gerade ein Marathon stattfindet. Aber wie sieht es aus mit den Tagen, an denen grosse Kardiologie-Konferenzen stattfinden?<\/p>\n\n\n\n<p>Der wohl naheliegendste Gedankengang hier ist, dass an den Tagen, an denen sich die angesehensten Kardiologen nicht im Krankenhaus, sondern an einer Konferenz aufhalten, die Versorgung von Herzpatienten leidet. Auch dieser Frage wurde wissenschaftlich nachgegangen. Eine Studie aus dem Jahr 2015 <a href=\"#ref2\" target=\"_blank\" rel=\"noreferrer noopener\">[2]<\/a> untersucht Mortalit\u00e4ts- und Behandlungsmuster von akuten Herzproblemen an den Tagen der Nationalen Kardiologie-Konferenzen in den USA. Daf\u00fcr wurde \u00fcber mehrere Jahre die 30-Tage-Mortalit\u00e4t von Einlieferungen an den nationalen Konferenztagen mit der 30-Tage-Mortalit\u00e4t von Einlieferungen jeweils drei Wochen vor und nach der entsprechenden Konferenz verglichen.<\/p>\n\n\n\n<p>Die Studie zeigt auf, dass die Charakteristika der Patienten, die an Konferenztagen eingeliefert werden, vergleichbar sind mit jenen von Patienten, die an nicht-Konferenztagen eingeliefert werden. Die Resultate zeigen auch, dass Hochrisikopatienten, die an einem Konferenztag in ein \u00abteaching hospital\u00bb <a href=\"#ref3\" target=\"_blank\" rel=\"noreferrer noopener\">[3]<\/a> eingeliefert werden, eine<em> tiefere<\/em> 30-Tage-Mortalit\u00e4tsrate aufweisen als jene, die an einem normalen Tag eingeliefert werden. F\u00fcr die anderen Krankenh\u00e4user sowie f\u00fcr low-risk-Patienten in den Ausbildungskrankenh\u00e4usern konnten keine Unterschiede in der Mortalit\u00e4t festgestellt werden.<\/p>\n\n\n\n<p>Gem\u00e4ss dem Erstautor der Studie k\u00f6nnen die Resultate so interpretiert werden, dass auch bei akuten Herzproblemen die Devise \u00abweniger ist mehr\u00bb gilt und daher die Abwesenheit der anerkanntesten Kardiologen eigentlich keinen negativen, wenn nicht in gewissen F\u00e4llen sogar einen positiven Effekt auf die Behandlung akuter Herzprobleme haben sollte. <a href=\"#ref4\" target=\"_blank\" rel=\"noreferrer noopener\">[4]<\/a><\/p>\n\n\n\n<p>Da man sich den Tag eines akuten Herzproblems nicht aussuchen kann, sind diese Informationen auf individueller Ebene wohl einfach \u00abnice to know\u00bb. Auf Systemebene k\u00f6nnen und sollten diese Erkenntnisse hingegen zum Nachdenken anregen.<\/p>\n\n\n\n<p><strong>M\u00e9lanie Stamm<\/strong> ist wissenschaftliche Mitarbeiterin im Team Gesundheits\u00f6konomische Forschung am WIG.<\/p>\n\n\n\n<p><a id=\"ref1\">[1]<\/a> Jena, A. B., Mann, N. C., Wedlund, L. N., &amp; Olenski, A. (2017). Delays in emergency care and mortality during major US marathons.&nbsp;<em>New England Journal of Medicine<\/em>,&nbsp;<em>376<\/em>(15), 1441-1450.<br><a id=\"ref2\">[2]<\/a> Jena, A. B., Prasad, V., Goldman, D. P., &amp; Romley, J. (2015). Mortality and treatment patterns among patients hospitalized with acute cardiovascular conditions during dates of national cardiology meetings. JAMA internal medicine, 175(2), 237-244.<br><a id=\"ref3\">[3]<\/a> Ein \u00abteaching hospital\u00bb in den USA entspricht ungef\u00e4hr einem Universit\u00e4tsspital in der Schweiz und zeichnet sich durch die Ausbildung werdender \u00c4rzte\/-innen aus. <br><a id=\"ref4\">[4<\/a>] Freakonomics Radio Podcast, Episode 202, <a rel=\"noreferrer noopener\" href=\"https:\/\/freakonomics.com\/podcast\/how-many-doctors-does-it-take-to-start-a-healthcare-revolution-a-new-freakonomics-radio-podcast\/\" target=\"_blank\">https:\/\/freakonomics.com\/podcast\/how-many-doctors-does-it-take-to-start-a-healthcare-revolution-a-new-freakonomics-radio-podcast\/<\/a><\/p>\n<div class=\"pt-sm\">Schlagw\u00f6rter: <a href=\"http:\/\/blog.zhaw.ch\/gesundheitsoekonomie\/tag\/herzleiden\/\">Herzleiden<\/a>, <a href=\"http:\/\/blog.zhaw.ch\/gesundheitsoekonomie\/tag\/melanie-stamm\/\">M\u00e9lanie Stamm<\/a>, <a href=\"http:\/\/blog.zhaw.ch\/gesundheitsoekonomie\/tag\/sport\/\">Sport<\/a><br><\/div>","protected":false},"excerpt":{"rendered":"<p>Von M\u00e9lanie Stamm Die nat\u00fcrliche Reaktion auf diese Frage ist wahrscheinlich, mit \u00abgar nie\u00bb zu antworten. Nach kurzem \u00dcberlegen kommt man vielleicht zum Schluss, dass man im Idealfall dann ein akutes Herzproblem erleidet, wenn man von qualifiziertem Gesundheitspersonal und dem eventuell n\u00f6tigen Equipment umgeben ist \u2013 also beispielsweise in einem Krankenhaus. Es gibt aber durchaus [&hellip;]<\/p>\n","protected":false},"author":394,"featured_media":0,"comment_status":"open","ping_status":"open","sticky":false,"template":"","format":"standard","meta":{"ngg_post_thumbnail":0,"footnotes":""},"categories":[8],"tags":[210,209,211],"features":[],"class_list":["post-2713","post","type-post","status-publish","format-standard","hentry","category-gesundheitsoekonomischeforschung","tag-herzleiden","tag-melanie-stamm","tag-sport"],"yoast_head":"<!-- This site is optimized with the Yoast SEO Premium plugin v27.2 (Yoast SEO v27.2) - https:\/\/yoast.com\/product\/yoast-seo-premium-wordpress\/ -->\n<title>Wann ist der ideale Zeitpunkt f\u00fcr ein akutes Herzproblem? - Gesundheits\u00f6konomie @ ZHAW<\/title>\n<meta name=\"robots\" content=\"index, follow, max-snippet:-1, max-image-preview:large, max-video-preview:-1\" \/>\n<link rel=\"canonical\" href=\"https:\/\/blog.zhaw.ch\/gesundheitsoekonomie\/2021\/10\/21\/wann-ist-der-ideale-zeitpunkt-fuer-akutes-herzproblem\/\" \/>\n<meta property=\"og:locale\" content=\"de_DE\" \/>\n<meta property=\"og:type\" content=\"article\" \/>\n<meta property=\"og:title\" content=\"Wann ist der ideale Zeitpunkt f\u00fcr ein akutes Herzproblem?\" \/>\n<meta property=\"og:description\" content=\"Von M\u00e9lanie Stamm Die nat\u00fcrliche Reaktion auf diese Frage ist wahrscheinlich, mit \u00abgar nie\u00bb zu antworten. Nach kurzem \u00dcberlegen kommt man vielleicht zum Schluss, dass man im Idealfall dann ein akutes Herzproblem erleidet, wenn man von qualifiziertem Gesundheitspersonal und dem eventuell n\u00f6tigen Equipment umgeben ist \u2013 also beispielsweise in einem Krankenhaus. Es gibt aber durchaus [&hellip;]\" \/>\n<meta property=\"og:url\" content=\"https:\/\/blog.zhaw.ch\/gesundheitsoekonomie\/2021\/10\/21\/wann-ist-der-ideale-zeitpunkt-fuer-akutes-herzproblem\/\" \/>\n<meta property=\"og:site_name\" content=\"Gesundheits\u00f6konomie @ ZHAW\" \/>\n<meta property=\"article:published_time\" content=\"2021-10-21T09:08:26+00:00\" \/>\n<meta property=\"article:modified_time\" content=\"2021-11-04T19:13:03+00:00\" \/>\n<meta property=\"og:image\" content=\"https:\/\/blog.zhaw.ch\/gesundheitsoekonomie\/files\/2021\/10\/20211021_GoeF_COLOURBOX3882603_cut-1024x712.jpg\" \/>\n<meta name=\"author\" content=\"Gesundheits\u00f6konomie @ ZHAW\" \/>\n<meta name=\"twitter:card\" content=\"summary_large_image\" \/>\n<meta name=\"twitter:label1\" content=\"Verfasst von\" \/>\n\t<meta name=\"twitter:data1\" content=\"Gesundheits\u00f6konomie @ ZHAW\" \/>\n\t<meta name=\"twitter:label2\" content=\"Gesch\u00e4tzte Lesezeit\" \/>\n\t<meta name=\"twitter:data2\" content=\"4\u00a0Minuten\" \/>\n<script type=\"application\/ld+json\" class=\"yoast-schema-graph\">{\"@context\":\"https:\/\/schema.org\",\"@graph\":[{\"@type\":\"Article\",\"@id\":\"https:\/\/blog.zhaw.ch\/gesundheitsoekonomie\/2021\/10\/21\/wann-ist-der-ideale-zeitpunkt-fuer-akutes-herzproblem\/#article\",\"isPartOf\":{\"@id\":\"https:\/\/blog.zhaw.ch\/gesundheitsoekonomie\/2021\/10\/21\/wann-ist-der-ideale-zeitpunkt-fuer-akutes-herzproblem\/\"},\"author\":{\"name\":\"Gesundheits\u00f6konomie @ ZHAW\",\"@id\":\"https:\/\/blog.zhaw.ch\/gesundheitsoekonomie\/#\/schema\/person\/9f23ca3c7e8761fd1498ca155fa97be5\"},\"headline\":\"Wann ist der ideale Zeitpunkt f\u00fcr ein akutes Herzproblem?\",\"datePublished\":\"2021-10-21T09:08:26+00:00\",\"dateModified\":\"2021-11-04T19:13:03+00:00\",\"mainEntityOfPage\":{\"@id\":\"https:\/\/blog.zhaw.ch\/gesundheitsoekonomie\/2021\/10\/21\/wann-ist-der-ideale-zeitpunkt-fuer-akutes-herzproblem\/\"},\"wordCount\":730,\"commentCount\":0,\"image\":{\"@id\":\"https:\/\/blog.zhaw.ch\/gesundheitsoekonomie\/2021\/10\/21\/wann-ist-der-ideale-zeitpunkt-fuer-akutes-herzproblem\/#primaryimage\"},\"thumbnailUrl\":\"https:\/\/blog.zhaw.ch\/gesundheitsoekonomie\/files\/2021\/10\/20211021_GoeF_COLOURBOX3882603_cut-1024x712.jpg\",\"keywords\":[\"Herzleiden\",\"M\u00e9lanie Stamm\",\"Sport\"],\"articleSection\":[\"Gesundheits\u00f6konomische Forschung\"],\"inLanguage\":\"de\",\"potentialAction\":[{\"@type\":\"CommentAction\",\"name\":\"Comment\",\"target\":[\"https:\/\/blog.zhaw.ch\/gesundheitsoekonomie\/2021\/10\/21\/wann-ist-der-ideale-zeitpunkt-fuer-akutes-herzproblem\/#respond\"]}]},{\"@type\":\"WebPage\",\"@id\":\"https:\/\/blog.zhaw.ch\/gesundheitsoekonomie\/2021\/10\/21\/wann-ist-der-ideale-zeitpunkt-fuer-akutes-herzproblem\/\",\"url\":\"https:\/\/blog.zhaw.ch\/gesundheitsoekonomie\/2021\/10\/21\/wann-ist-der-ideale-zeitpunkt-fuer-akutes-herzproblem\/\",\"name\":\"Wann ist der ideale Zeitpunkt f\u00fcr ein akutes Herzproblem? - Gesundheits\u00f6konomie @ ZHAW\",\"isPartOf\":{\"@id\":\"https:\/\/blog.zhaw.ch\/gesundheitsoekonomie\/#website\"},\"primaryImageOfPage\":{\"@id\":\"https:\/\/blog.zhaw.ch\/gesundheitsoekonomie\/2021\/10\/21\/wann-ist-der-ideale-zeitpunkt-fuer-akutes-herzproblem\/#primaryimage\"},\"image\":{\"@id\":\"https:\/\/blog.zhaw.ch\/gesundheitsoekonomie\/2021\/10\/21\/wann-ist-der-ideale-zeitpunkt-fuer-akutes-herzproblem\/#primaryimage\"},\"thumbnailUrl\":\"https:\/\/blog.zhaw.ch\/gesundheitsoekonomie\/files\/2021\/10\/20211021_GoeF_COLOURBOX3882603_cut-1024x712.jpg\",\"datePublished\":\"2021-10-21T09:08:26+00:00\",\"dateModified\":\"2021-11-04T19:13:03+00:00\",\"author\":{\"@id\":\"https:\/\/blog.zhaw.ch\/gesundheitsoekonomie\/#\/schema\/person\/9f23ca3c7e8761fd1498ca155fa97be5\"},\"breadcrumb\":{\"@id\":\"https:\/\/blog.zhaw.ch\/gesundheitsoekonomie\/2021\/10\/21\/wann-ist-der-ideale-zeitpunkt-fuer-akutes-herzproblem\/#breadcrumb\"},\"inLanguage\":\"de\",\"potentialAction\":[{\"@type\":\"ReadAction\",\"target\":[\"https:\/\/blog.zhaw.ch\/gesundheitsoekonomie\/2021\/10\/21\/wann-ist-der-ideale-zeitpunkt-fuer-akutes-herzproblem\/\"]}]},{\"@type\":\"ImageObject\",\"inLanguage\":\"de\",\"@id\":\"https:\/\/blog.zhaw.ch\/gesundheitsoekonomie\/2021\/10\/21\/wann-ist-der-ideale-zeitpunkt-fuer-akutes-herzproblem\/#primaryimage\",\"url\":\"https:\/\/blog.zhaw.ch\/gesundheitsoekonomie\/files\/2021\/10\/20211021_GoeF_COLOURBOX3882603_cut-1024x712.jpg\",\"contentUrl\":\"https:\/\/blog.zhaw.ch\/gesundheitsoekonomie\/files\/2021\/10\/20211021_GoeF_COLOURBOX3882603_cut-1024x712.jpg\"},{\"@type\":\"BreadcrumbList\",\"@id\":\"https:\/\/blog.zhaw.ch\/gesundheitsoekonomie\/2021\/10\/21\/wann-ist-der-ideale-zeitpunkt-fuer-akutes-herzproblem\/#breadcrumb\",\"itemListElement\":[{\"@type\":\"ListItem\",\"position\":1,\"name\":\"Startseite\",\"item\":\"https:\/\/blog.zhaw.ch\/gesundheitsoekonomie\/\"},{\"@type\":\"ListItem\",\"position\":2,\"name\":\"Wann ist der ideale Zeitpunkt f\u00fcr ein akutes Herzproblem?\"}]},{\"@type\":\"WebSite\",\"@id\":\"https:\/\/blog.zhaw.ch\/gesundheitsoekonomie\/#website\",\"url\":\"https:\/\/blog.zhaw.ch\/gesundheitsoekonomie\/\",\"name\":\"Gesundheits\u00f6konomie @ ZHAW\",\"description\":\"Ein Blog der ZHAW Z\u00fcrcher Hochschule f\u00fcr Angewandte Wissenschaften\",\"potentialAction\":[{\"@type\":\"SearchAction\",\"target\":{\"@type\":\"EntryPoint\",\"urlTemplate\":\"https:\/\/blog.zhaw.ch\/gesundheitsoekonomie\/?s={search_term_string}\"},\"query-input\":{\"@type\":\"PropertyValueSpecification\",\"valueRequired\":true,\"valueName\":\"search_term_string\"}}],\"inLanguage\":\"de\"},{\"@type\":\"Person\",\"@id\":\"https:\/\/blog.zhaw.ch\/gesundheitsoekonomie\/#\/schema\/person\/9f23ca3c7e8761fd1498ca155fa97be5\",\"name\":\"Gesundheits\u00f6konomie @ ZHAW\",\"image\":{\"@type\":\"ImageObject\",\"inLanguage\":\"de\",\"@id\":\"https:\/\/secure.gravatar.com\/avatar\/288a1d08b0bf4c2e06b5b02bcb8c585ab944f18ce54a408ddc9104152dd07117?s=96&d=mm&r=g\",\"url\":\"https:\/\/secure.gravatar.com\/avatar\/288a1d08b0bf4c2e06b5b02bcb8c585ab944f18ce54a408ddc9104152dd07117?s=96&d=mm&r=g\",\"contentUrl\":\"https:\/\/secure.gravatar.com\/avatar\/288a1d08b0bf4c2e06b5b02bcb8c585ab944f18ce54a408ddc9104152dd07117?s=96&d=mm&r=g\",\"caption\":\"Gesundheits\u00f6konomie @ ZHAW\"},\"url\":\"https:\/\/blog.zhaw.ch\/gesundheitsoekonomie\/author\/grbd\/\"}]}<\/script>\n<!-- \/ Yoast SEO Premium plugin. -->","yoast_head_json":{"title":"Wann ist der ideale Zeitpunkt f\u00fcr ein akutes Herzproblem? - Gesundheits\u00f6konomie @ ZHAW","robots":{"index":"index","follow":"follow","max-snippet":"max-snippet:-1","max-image-preview":"max-image-preview:large","max-video-preview":"max-video-preview:-1"},"canonical":"https:\/\/blog.zhaw.ch\/gesundheitsoekonomie\/2021\/10\/21\/wann-ist-der-ideale-zeitpunkt-fuer-akutes-herzproblem\/","og_locale":"de_DE","og_type":"article","og_title":"Wann ist der ideale Zeitpunkt f\u00fcr ein akutes Herzproblem?","og_description":"Von M\u00e9lanie Stamm Die nat\u00fcrliche Reaktion auf diese Frage ist wahrscheinlich, mit \u00abgar nie\u00bb zu antworten. Nach kurzem \u00dcberlegen kommt man vielleicht zum Schluss, dass man im Idealfall dann ein akutes Herzproblem erleidet, wenn man von qualifiziertem Gesundheitspersonal und dem eventuell n\u00f6tigen Equipment umgeben ist \u2013 also beispielsweise in einem Krankenhaus. Es gibt aber durchaus [&hellip;]","og_url":"https:\/\/blog.zhaw.ch\/gesundheitsoekonomie\/2021\/10\/21\/wann-ist-der-ideale-zeitpunkt-fuer-akutes-herzproblem\/","og_site_name":"Gesundheits\u00f6konomie @ ZHAW","article_published_time":"2021-10-21T09:08:26+00:00","article_modified_time":"2021-11-04T19:13:03+00:00","og_image":[{"url":"https:\/\/blog.zhaw.ch\/gesundheitsoekonomie\/files\/2021\/10\/20211021_GoeF_COLOURBOX3882603_cut-1024x712.jpg","type":"","width":"","height":""}],"author":"Gesundheits\u00f6konomie @ ZHAW","twitter_card":"summary_large_image","twitter_misc":{"Verfasst von":"Gesundheits\u00f6konomie @ ZHAW","Gesch\u00e4tzte Lesezeit":"4\u00a0Minuten"},"schema":{"@context":"https:\/\/schema.org","@graph":[{"@type":"Article","@id":"https:\/\/blog.zhaw.ch\/gesundheitsoekonomie\/2021\/10\/21\/wann-ist-der-ideale-zeitpunkt-fuer-akutes-herzproblem\/#article","isPartOf":{"@id":"https:\/\/blog.zhaw.ch\/gesundheitsoekonomie\/2021\/10\/21\/wann-ist-der-ideale-zeitpunkt-fuer-akutes-herzproblem\/"},"author":{"name":"Gesundheits\u00f6konomie @ ZHAW","@id":"https:\/\/blog.zhaw.ch\/gesundheitsoekonomie\/#\/schema\/person\/9f23ca3c7e8761fd1498ca155fa97be5"},"headline":"Wann ist der ideale Zeitpunkt f\u00fcr ein akutes Herzproblem?","datePublished":"2021-10-21T09:08:26+00:00","dateModified":"2021-11-04T19:13:03+00:00","mainEntityOfPage":{"@id":"https:\/\/blog.zhaw.ch\/gesundheitsoekonomie\/2021\/10\/21\/wann-ist-der-ideale-zeitpunkt-fuer-akutes-herzproblem\/"},"wordCount":730,"commentCount":0,"image":{"@id":"https:\/\/blog.zhaw.ch\/gesundheitsoekonomie\/2021\/10\/21\/wann-ist-der-ideale-zeitpunkt-fuer-akutes-herzproblem\/#primaryimage"},"thumbnailUrl":"https:\/\/blog.zhaw.ch\/gesundheitsoekonomie\/files\/2021\/10\/20211021_GoeF_COLOURBOX3882603_cut-1024x712.jpg","keywords":["Herzleiden","M\u00e9lanie Stamm","Sport"],"articleSection":["Gesundheits\u00f6konomische Forschung"],"inLanguage":"de","potentialAction":[{"@type":"CommentAction","name":"Comment","target":["https:\/\/blog.zhaw.ch\/gesundheitsoekonomie\/2021\/10\/21\/wann-ist-der-ideale-zeitpunkt-fuer-akutes-herzproblem\/#respond"]}]},{"@type":"WebPage","@id":"https:\/\/blog.zhaw.ch\/gesundheitsoekonomie\/2021\/10\/21\/wann-ist-der-ideale-zeitpunkt-fuer-akutes-herzproblem\/","url":"https:\/\/blog.zhaw.ch\/gesundheitsoekonomie\/2021\/10\/21\/wann-ist-der-ideale-zeitpunkt-fuer-akutes-herzproblem\/","name":"Wann ist der ideale Zeitpunkt f\u00fcr ein akutes Herzproblem? - Gesundheits\u00f6konomie @ ZHAW","isPartOf":{"@id":"https:\/\/blog.zhaw.ch\/gesundheitsoekonomie\/#website"},"primaryImageOfPage":{"@id":"https:\/\/blog.zhaw.ch\/gesundheitsoekonomie\/2021\/10\/21\/wann-ist-der-ideale-zeitpunkt-fuer-akutes-herzproblem\/#primaryimage"},"image":{"@id":"https:\/\/blog.zhaw.ch\/gesundheitsoekonomie\/2021\/10\/21\/wann-ist-der-ideale-zeitpunkt-fuer-akutes-herzproblem\/#primaryimage"},"thumbnailUrl":"https:\/\/blog.zhaw.ch\/gesundheitsoekonomie\/files\/2021\/10\/20211021_GoeF_COLOURBOX3882603_cut-1024x712.jpg","datePublished":"2021-10-21T09:08:26+00:00","dateModified":"2021-11-04T19:13:03+00:00","author":{"@id":"https:\/\/blog.zhaw.ch\/gesundheitsoekonomie\/#\/schema\/person\/9f23ca3c7e8761fd1498ca155fa97be5"},"breadcrumb":{"@id":"https:\/\/blog.zhaw.ch\/gesundheitsoekonomie\/2021\/10\/21\/wann-ist-der-ideale-zeitpunkt-fuer-akutes-herzproblem\/#breadcrumb"},"inLanguage":"de","potentialAction":[{"@type":"ReadAction","target":["https:\/\/blog.zhaw.ch\/gesundheitsoekonomie\/2021\/10\/21\/wann-ist-der-ideale-zeitpunkt-fuer-akutes-herzproblem\/"]}]},{"@type":"ImageObject","inLanguage":"de","@id":"https:\/\/blog.zhaw.ch\/gesundheitsoekonomie\/2021\/10\/21\/wann-ist-der-ideale-zeitpunkt-fuer-akutes-herzproblem\/#primaryimage","url":"https:\/\/blog.zhaw.ch\/gesundheitsoekonomie\/files\/2021\/10\/20211021_GoeF_COLOURBOX3882603_cut-1024x712.jpg","contentUrl":"https:\/\/blog.zhaw.ch\/gesundheitsoekonomie\/files\/2021\/10\/20211021_GoeF_COLOURBOX3882603_cut-1024x712.jpg"},{"@type":"BreadcrumbList","@id":"https:\/\/blog.zhaw.ch\/gesundheitsoekonomie\/2021\/10\/21\/wann-ist-der-ideale-zeitpunkt-fuer-akutes-herzproblem\/#breadcrumb","itemListElement":[{"@type":"ListItem","position":1,"name":"Startseite","item":"https:\/\/blog.zhaw.ch\/gesundheitsoekonomie\/"},{"@type":"ListItem","position":2,"name":"Wann ist der ideale Zeitpunkt f\u00fcr ein akutes Herzproblem?"}]},{"@type":"WebSite","@id":"https:\/\/blog.zhaw.ch\/gesundheitsoekonomie\/#website","url":"https:\/\/blog.zhaw.ch\/gesundheitsoekonomie\/","name":"Gesundheits\u00f6konomie @ ZHAW","description":"Ein Blog der ZHAW Z\u00fcrcher Hochschule f\u00fcr Angewandte Wissenschaften","potentialAction":[{"@type":"SearchAction","target":{"@type":"EntryPoint","urlTemplate":"https:\/\/blog.zhaw.ch\/gesundheitsoekonomie\/?s={search_term_string}"},"query-input":{"@type":"PropertyValueSpecification","valueRequired":true,"valueName":"search_term_string"}}],"inLanguage":"de"},{"@type":"Person","@id":"https:\/\/blog.zhaw.ch\/gesundheitsoekonomie\/#\/schema\/person\/9f23ca3c7e8761fd1498ca155fa97be5","name":"Gesundheits\u00f6konomie @ ZHAW","image":{"@type":"ImageObject","inLanguage":"de","@id":"https:\/\/secure.gravatar.com\/avatar\/288a1d08b0bf4c2e06b5b02bcb8c585ab944f18ce54a408ddc9104152dd07117?s=96&d=mm&r=g","url":"https:\/\/secure.gravatar.com\/avatar\/288a1d08b0bf4c2e06b5b02bcb8c585ab944f18ce54a408ddc9104152dd07117?s=96&d=mm&r=g","contentUrl":"https:\/\/secure.gravatar.com\/avatar\/288a1d08b0bf4c2e06b5b02bcb8c585ab944f18ce54a408ddc9104152dd07117?s=96&d=mm&r=g","caption":"Gesundheits\u00f6konomie @ ZHAW"},"url":"https:\/\/blog.zhaw.ch\/gesundheitsoekonomie\/author\/grbd\/"}]}},"_links":{"self":[{"href":"https:\/\/blog.zhaw.ch\/gesundheitsoekonomie\/wp-json\/wp\/v2\/posts\/2713","targetHints":{"allow":["GET"]}}],"collection":[{"href":"https:\/\/blog.zhaw.ch\/gesundheitsoekonomie\/wp-json\/wp\/v2\/posts"}],"about":[{"href":"https:\/\/blog.zhaw.ch\/gesundheitsoekonomie\/wp-json\/wp\/v2\/types\/post"}],"author":[{"embeddable":true,"href":"https:\/\/blog.zhaw.ch\/gesundheitsoekonomie\/wp-json\/wp\/v2\/users\/394"}],"replies":[{"embeddable":true,"href":"https:\/\/blog.zhaw.ch\/gesundheitsoekonomie\/wp-json\/wp\/v2\/comments?post=2713"}],"version-history":[{"count":17,"href":"https:\/\/blog.zhaw.ch\/gesundheitsoekonomie\/wp-json\/wp\/v2\/posts\/2713\/revisions"}],"predecessor-version":[{"id":2767,"href":"https:\/\/blog.zhaw.ch\/gesundheitsoekonomie\/wp-json\/wp\/v2\/posts\/2713\/revisions\/2767"}],"wp:attachment":[{"href":"https:\/\/blog.zhaw.ch\/gesundheitsoekonomie\/wp-json\/wp\/v2\/media?parent=2713"}],"wp:term":[{"taxonomy":"category","embeddable":true,"href":"https:\/\/blog.zhaw.ch\/gesundheitsoekonomie\/wp-json\/wp\/v2\/categories?post=2713"},{"taxonomy":"post_tag","embeddable":true,"href":"https:\/\/blog.zhaw.ch\/gesundheitsoekonomie\/wp-json\/wp\/v2\/tags?post=2713"},{"taxonomy":"features","embeddable":true,"href":"https:\/\/blog.zhaw.ch\/gesundheitsoekonomie\/wp-json\/wp\/v2\/features?post=2713"}],"curies":[{"name":"wp","href":"https:\/\/api.w.org\/{rel}","templated":true}]}}