{"id":1565,"date":"2020-01-08T10:48:23","date_gmt":"2020-01-08T09:48:23","guid":{"rendered":"http:\/\/blog.zhaw.ch\/gesundheitsoekonomie\/?p=1565"},"modified":"2020-01-09T10:58:25","modified_gmt":"2020-01-09T09:58:25","slug":"politapero-vom-7-maerz-2020-in-winterthur-mehr-eigenverantwortung-als-mittel-zur-kostendaempfung-im-gesundheitswesen","status":"publish","type":"post","link":"https:\/\/blog.zhaw.ch\/gesundheitsoekonomie\/2020\/01\/08\/politapero-vom-7-maerz-2020-in-winterthur-mehr-eigenverantwortung-als-mittel-zur-kostendaempfung-im-gesundheitswesen\/","title":{"rendered":"Politap\u00e9ro vom 7. M\u00e4rz 2020 in Winterthur:                                                \u00abMehr Eigenverantwortung als Mittel zur Kostend\u00e4mpfung im Gesundheitswesen?\u00bb"},"content":{"rendered":"\n<div class=\"wp-block-image\"><figure class=\"aligncenter is-resized\"><img loading=\"lazy\" decoding=\"async\" src=\"https:\/\/blog.zhaw.ch\/gesundheitsoekonomie\/files\/2020\/01\/Bild_Politap\u00e9ro_2020.jpg\" alt=\"\" class=\"wp-image-1566\" width=\"504\" height=\"378\" srcset=\"https:\/\/blog.zhaw.ch\/gesundheitsoekonomie\/files\/2020\/01\/Bild_Politap\u00e9ro_2020.jpg 820w, https:\/\/blog.zhaw.ch\/gesundheitsoekonomie\/files\/2020\/01\/Bild_Politap\u00e9ro_2020-300x225.jpg 300w, https:\/\/blog.zhaw.ch\/gesundheitsoekonomie\/files\/2020\/01\/Bild_Politap\u00e9ro_2020-768x576.jpg 768w\" sizes=\"auto, (max-width: 504px) 100vw, 504px\" \/><\/figure><\/div>\n\n\n\n<p><em>Von <a rel=\"noreferrer noopener\" aria-label=\" (\u00f6ffnet in neuem Tab)\" href=\"https:\/\/www.zhaw.ch\/de\/ueber-uns\/person\/maue\/\" target=\"_blank\">Matthias Maurer<\/a><\/em> <\/p>\n\n\n\n<p>Sie haben sicher schon verschiedentlich geh\u00f6rt von den 38 Kostend\u00e4mpfungsmassnahmen zur Entlastung der obligatorischen Krankenpflegeversicherung aus dem Expertenbericht vom Eidgen\u00f6ssischen Departement des Innern (EDI). Vielleicht kennen Sie auch die <a href=\"https:\/\/www.zhaw.ch\/no_cache\/de\/forschung\/forschungsdatenbank\/projektdetail\/projektid\/2109\/\" target=\"_blank\" rel=\"noreferrer noopener\" aria-label=\" (\u00f6ffnet in neuem Tab)\">ZHAW-Studie<\/a>, ebenfalls zu Massnahmen zur Beeinflussung der Kostenentwicklung im Schweizer Gesundheitswesen.<\/p>\n\n\n\n<p>Als Hauptautor dieser Studie und Modulverantwortlicher f\u00fcr den <a href=\"https:\/\/weiterbildung.zhaw.ch\/de\/school-of-management-and-law\/programm\/cas-gesundheitssysteme-und-politik.html\" target=\"_blank\" rel=\"noreferrer noopener\" aria-label=\" (\u00f6ffnet in neuem Tab)\">CAS Gesundheitssysteme und \u2013politik<\/a> m\u00f6chte ich Sie einladen zu einem <a rel=\"noreferrer noopener\" aria-label=\"Politap\u00e9ro (\u00f6ffnet in neuem Tab)\" href=\"https:\/\/blog.zhaw.ch\/gesundheitsoekonomie\/files\/2020\/01\/20200106_Einladung-Politap%C3%A9ro_Schoch.pdf\" target=\"_blank\">Politap\u00e9ro<\/a> am <strong>Samstag 7. M\u00e4rz 2020, 11 Uhr<\/strong> in Winterthur.<\/p>\n\n\n\n<p>F\u00fcr diesen Politap\u00e9ro haben wir mit <strong>Elisabeth Schoch<\/strong> wiederum eine Pers\u00f6nlichkeit aus dem Gesundheitswesen\ngewinnen k\u00f6nnen. Als Gemeinder\u00e4tin der Stadt Z\u00fcrich (FDP) und Pr\u00e4sidentin der Spezialkommission\nGesundheits- und Umweltdepartement (GUD) wird Elisabeth Schoch zum Thema <strong>\u00abMehr Eigenverantwortung\u00bb<\/strong> referieren.\nDazu wird sie Gedanken anstellen, wo die Chancen und Risiken dieses Ansatzes in\nBezug auf die Kostend\u00e4mpfung liegen sowie ausloten, wie es mit der Akzeptanz\nbei der Bev\u00f6lkerung steht. <\/p>\n\n\n\n<p>Nach dem Inputreferat sind Sie dazu eingeladen, an der Diskussionsrunde\nsowie dem anschliessendem Ap\u00e9ro teilnehmen. \n\nIch w\u00fcrde mich freuen, Sie am Politap\u00e9ro\nbegr\u00fcssen zu d\u00fcrfen!&nbsp;\n\n\n\n<\/p>\n\n\n\n<p> <em><strong>Matthias Maurer<\/strong> ist stellvertretender Institutsleiter am WIG.<\/em> <\/p>\n<div class=\"pt-sm\">Schlagw\u00f6rter: <a href=\"http:\/\/blog.zhaw.ch\/gesundheitsoekonomie\/tag\/matthias-maurer\/\">Matthias Maurer<\/a><br><\/div>","protected":false},"excerpt":{"rendered":"<p>Von Matthias Maurer Sie haben sicher schon verschiedentlich geh\u00f6rt von den 38 Kostend\u00e4mpfungsmassnahmen zur Entlastung der obligatorischen Krankenpflegeversicherung aus dem Expertenbericht vom Eidgen\u00f6ssischen Departement des Innern (EDI). Vielleicht kennen Sie auch die ZHAW-Studie, ebenfalls zu Massnahmen zur Beeinflussung der Kostenentwicklung im Schweizer Gesundheitswesen. Als Hauptautor dieser Studie und Modulverantwortlicher f\u00fcr den CAS Gesundheitssysteme und \u2013politik [&hellip;]<\/p>\n","protected":false},"author":394,"featured_media":0,"comment_status":"open","ping_status":"open","sticky":false,"template":"","format":"standard","meta":{"ngg_post_thumbnail":0,"footnotes":""},"categories":[13],"tags":[26],"features":[],"class_list":["post-1565","post","type-post","status-publish","format-standard","hentry","category-gesundheitspolitik","tag-matthias-maurer"],"yoast_head":"<!-- This site is optimized with the Yoast SEO Premium plugin v27.2 (Yoast SEO v27.2) - https:\/\/yoast.com\/product\/yoast-seo-premium-wordpress\/ -->\n<title>Politap\u00e9ro vom 7. M\u00e4rz 2020 in Winterthur:                        \u00abMehr Eigenverantwortung als Mittel zur Kostend\u00e4mpfung im Gesundheitswesen?\u00bb - Gesundheits\u00f6konomie @ ZHAW<\/title>\n<meta name=\"robots\" content=\"index, follow, max-snippet:-1, max-image-preview:large, max-video-preview:-1\" \/>\n<link rel=\"canonical\" href=\"https:\/\/blog.zhaw.ch\/gesundheitsoekonomie\/2020\/01\/08\/politapero-vom-7-maerz-2020-in-winterthur-mehr-eigenverantwortung-als-mittel-zur-kostendaempfung-im-gesundheitswesen\/\" \/>\n<meta property=\"og:locale\" content=\"de_DE\" \/>\n<meta property=\"og:type\" content=\"article\" \/>\n<meta property=\"og:title\" content=\"Politap\u00e9ro vom 7. M\u00e4rz 2020 in Winterthur:                        \u00abMehr Eigenverantwortung als Mittel zur Kostend\u00e4mpfung im Gesundheitswesen?\u00bb\" \/>\n<meta property=\"og:description\" content=\"Von Matthias Maurer Sie haben sicher schon verschiedentlich geh\u00f6rt von den 38 Kostend\u00e4mpfungsmassnahmen zur Entlastung der obligatorischen Krankenpflegeversicherung aus dem Expertenbericht vom Eidgen\u00f6ssischen Departement des Innern (EDI). Vielleicht kennen Sie auch die ZHAW-Studie, ebenfalls zu Massnahmen zur Beeinflussung der Kostenentwicklung im Schweizer Gesundheitswesen. Als Hauptautor dieser Studie und Modulverantwortlicher f\u00fcr den CAS Gesundheitssysteme und \u2013politik [&hellip;]\" \/>\n<meta property=\"og:url\" content=\"https:\/\/blog.zhaw.ch\/gesundheitsoekonomie\/2020\/01\/08\/politapero-vom-7-maerz-2020-in-winterthur-mehr-eigenverantwortung-als-mittel-zur-kostendaempfung-im-gesundheitswesen\/\" \/>\n<meta property=\"og:site_name\" content=\"Gesundheits\u00f6konomie @ ZHAW\" \/>\n<meta property=\"article:published_time\" content=\"2020-01-08T09:48:23+00:00\" \/>\n<meta property=\"article:modified_time\" content=\"2020-01-09T09:58:25+00:00\" \/>\n<meta name=\"author\" content=\"Gesundheits\u00f6konomie @ ZHAW\" \/>\n<meta name=\"twitter:card\" content=\"summary_large_image\" \/>\n<meta name=\"twitter:label1\" content=\"Verfasst von\" \/>\n\t<meta name=\"twitter:data1\" content=\"Gesundheits\u00f6konomie @ ZHAW\" \/>\n\t<meta name=\"twitter:label2\" content=\"Gesch\u00e4tzte Lesezeit\" \/>\n\t<meta name=\"twitter:data2\" content=\"1\u00a0Minute\" \/>\n<script type=\"application\/ld+json\" class=\"yoast-schema-graph\">{\"@context\":\"https:\/\/schema.org\",\"@graph\":[{\"@type\":\"Article\",\"@id\":\"https:\/\/blog.zhaw.ch\/gesundheitsoekonomie\/2020\/01\/08\/politapero-vom-7-maerz-2020-in-winterthur-mehr-eigenverantwortung-als-mittel-zur-kostendaempfung-im-gesundheitswesen\/#article\",\"isPartOf\":{\"@id\":\"https:\/\/blog.zhaw.ch\/gesundheitsoekonomie\/2020\/01\/08\/politapero-vom-7-maerz-2020-in-winterthur-mehr-eigenverantwortung-als-mittel-zur-kostendaempfung-im-gesundheitswesen\/\"},\"author\":{\"name\":\"Gesundheits\u00f6konomie @ ZHAW\",\"@id\":\"https:\/\/blog.zhaw.ch\/gesundheitsoekonomie\/#\/schema\/person\/9f23ca3c7e8761fd1498ca155fa97be5\"},\"headline\":\"Politap\u00e9ro vom 7. M\u00e4rz 2020 in Winterthur: \u00abMehr Eigenverantwortung als Mittel zur Kostend\u00e4mpfung im Gesundheitswesen?\u00bb\",\"datePublished\":\"2020-01-08T09:48:23+00:00\",\"dateModified\":\"2020-01-09T09:58:25+00:00\",\"mainEntityOfPage\":{\"@id\":\"https:\/\/blog.zhaw.ch\/gesundheitsoekonomie\/2020\/01\/08\/politapero-vom-7-maerz-2020-in-winterthur-mehr-eigenverantwortung-als-mittel-zur-kostendaempfung-im-gesundheitswesen\/\"},\"wordCount\":204,\"commentCount\":0,\"keywords\":[\"Matthias Maurer\"],\"articleSection\":[\"Gesundheitspolitik\"],\"inLanguage\":\"de\",\"potentialAction\":[{\"@type\":\"CommentAction\",\"name\":\"Comment\",\"target\":[\"https:\/\/blog.zhaw.ch\/gesundheitsoekonomie\/2020\/01\/08\/politapero-vom-7-maerz-2020-in-winterthur-mehr-eigenverantwortung-als-mittel-zur-kostendaempfung-im-gesundheitswesen\/#respond\"]}]},{\"@type\":\"WebPage\",\"@id\":\"https:\/\/blog.zhaw.ch\/gesundheitsoekonomie\/2020\/01\/08\/politapero-vom-7-maerz-2020-in-winterthur-mehr-eigenverantwortung-als-mittel-zur-kostendaempfung-im-gesundheitswesen\/\",\"url\":\"https:\/\/blog.zhaw.ch\/gesundheitsoekonomie\/2020\/01\/08\/politapero-vom-7-maerz-2020-in-winterthur-mehr-eigenverantwortung-als-mittel-zur-kostendaempfung-im-gesundheitswesen\/\",\"name\":\"Politap\u00e9ro vom 7. M\u00e4rz 2020 in Winterthur: \u00abMehr Eigenverantwortung als Mittel zur Kostend\u00e4mpfung im Gesundheitswesen?\u00bb - Gesundheits\u00f6konomie @ ZHAW\",\"isPartOf\":{\"@id\":\"https:\/\/blog.zhaw.ch\/gesundheitsoekonomie\/#website\"},\"datePublished\":\"2020-01-08T09:48:23+00:00\",\"dateModified\":\"2020-01-09T09:58:25+00:00\",\"author\":{\"@id\":\"https:\/\/blog.zhaw.ch\/gesundheitsoekonomie\/#\/schema\/person\/9f23ca3c7e8761fd1498ca155fa97be5\"},\"breadcrumb\":{\"@id\":\"https:\/\/blog.zhaw.ch\/gesundheitsoekonomie\/2020\/01\/08\/politapero-vom-7-maerz-2020-in-winterthur-mehr-eigenverantwortung-als-mittel-zur-kostendaempfung-im-gesundheitswesen\/#breadcrumb\"},\"inLanguage\":\"de\",\"potentialAction\":[{\"@type\":\"ReadAction\",\"target\":[\"https:\/\/blog.zhaw.ch\/gesundheitsoekonomie\/2020\/01\/08\/politapero-vom-7-maerz-2020-in-winterthur-mehr-eigenverantwortung-als-mittel-zur-kostendaempfung-im-gesundheitswesen\/\"]}]},{\"@type\":\"BreadcrumbList\",\"@id\":\"https:\/\/blog.zhaw.ch\/gesundheitsoekonomie\/2020\/01\/08\/politapero-vom-7-maerz-2020-in-winterthur-mehr-eigenverantwortung-als-mittel-zur-kostendaempfung-im-gesundheitswesen\/#breadcrumb\",\"itemListElement\":[{\"@type\":\"ListItem\",\"position\":1,\"name\":\"Startseite\",\"item\":\"https:\/\/blog.zhaw.ch\/gesundheitsoekonomie\/\"},{\"@type\":\"ListItem\",\"position\":2,\"name\":\"Politap\u00e9ro vom 7. M\u00e4rz 2020 in Winterthur: \u00abMehr Eigenverantwortung als Mittel zur Kostend\u00e4mpfung im Gesundheitswesen?\u00bb\"}]},{\"@type\":\"WebSite\",\"@id\":\"https:\/\/blog.zhaw.ch\/gesundheitsoekonomie\/#website\",\"url\":\"https:\/\/blog.zhaw.ch\/gesundheitsoekonomie\/\",\"name\":\"Gesundheits\u00f6konomie @ ZHAW\",\"description\":\"Ein Blog der ZHAW Z\u00fcrcher Hochschule f\u00fcr Angewandte Wissenschaften\",\"potentialAction\":[{\"@type\":\"SearchAction\",\"target\":{\"@type\":\"EntryPoint\",\"urlTemplate\":\"https:\/\/blog.zhaw.ch\/gesundheitsoekonomie\/?s={search_term_string}\"},\"query-input\":{\"@type\":\"PropertyValueSpecification\",\"valueRequired\":true,\"valueName\":\"search_term_string\"}}],\"inLanguage\":\"de\"},{\"@type\":\"Person\",\"@id\":\"https:\/\/blog.zhaw.ch\/gesundheitsoekonomie\/#\/schema\/person\/9f23ca3c7e8761fd1498ca155fa97be5\",\"name\":\"Gesundheits\u00f6konomie @ ZHAW\",\"image\":{\"@type\":\"ImageObject\",\"inLanguage\":\"de\",\"@id\":\"https:\/\/secure.gravatar.com\/avatar\/288a1d08b0bf4c2e06b5b02bcb8c585ab944f18ce54a408ddc9104152dd07117?s=96&d=mm&r=g\",\"url\":\"https:\/\/secure.gravatar.com\/avatar\/288a1d08b0bf4c2e06b5b02bcb8c585ab944f18ce54a408ddc9104152dd07117?s=96&d=mm&r=g\",\"contentUrl\":\"https:\/\/secure.gravatar.com\/avatar\/288a1d08b0bf4c2e06b5b02bcb8c585ab944f18ce54a408ddc9104152dd07117?s=96&d=mm&r=g\",\"caption\":\"Gesundheits\u00f6konomie @ ZHAW\"},\"url\":\"https:\/\/blog.zhaw.ch\/gesundheitsoekonomie\/author\/grbd\/\"}]}<\/script>\n<!-- \/ Yoast SEO Premium plugin. -->","yoast_head_json":{"title":"Politap\u00e9ro vom 7. M\u00e4rz 2020 in Winterthur:                        \u00abMehr Eigenverantwortung als Mittel zur Kostend\u00e4mpfung im Gesundheitswesen?\u00bb - Gesundheits\u00f6konomie @ ZHAW","robots":{"index":"index","follow":"follow","max-snippet":"max-snippet:-1","max-image-preview":"max-image-preview:large","max-video-preview":"max-video-preview:-1"},"canonical":"https:\/\/blog.zhaw.ch\/gesundheitsoekonomie\/2020\/01\/08\/politapero-vom-7-maerz-2020-in-winterthur-mehr-eigenverantwortung-als-mittel-zur-kostendaempfung-im-gesundheitswesen\/","og_locale":"de_DE","og_type":"article","og_title":"Politap\u00e9ro vom 7. M\u00e4rz 2020 in Winterthur:                        \u00abMehr Eigenverantwortung als Mittel zur Kostend\u00e4mpfung im Gesundheitswesen?\u00bb","og_description":"Von Matthias Maurer Sie haben sicher schon verschiedentlich geh\u00f6rt von den 38 Kostend\u00e4mpfungsmassnahmen zur Entlastung der obligatorischen Krankenpflegeversicherung aus dem Expertenbericht vom Eidgen\u00f6ssischen Departement des Innern (EDI). Vielleicht kennen Sie auch die ZHAW-Studie, ebenfalls zu Massnahmen zur Beeinflussung der Kostenentwicklung im Schweizer Gesundheitswesen. Als Hauptautor dieser Studie und Modulverantwortlicher f\u00fcr den CAS Gesundheitssysteme und \u2013politik [&hellip;]","og_url":"https:\/\/blog.zhaw.ch\/gesundheitsoekonomie\/2020\/01\/08\/politapero-vom-7-maerz-2020-in-winterthur-mehr-eigenverantwortung-als-mittel-zur-kostendaempfung-im-gesundheitswesen\/","og_site_name":"Gesundheits\u00f6konomie @ ZHAW","article_published_time":"2020-01-08T09:48:23+00:00","article_modified_time":"2020-01-09T09:58:25+00:00","author":"Gesundheits\u00f6konomie @ ZHAW","twitter_card":"summary_large_image","twitter_misc":{"Verfasst von":"Gesundheits\u00f6konomie @ ZHAW","Gesch\u00e4tzte Lesezeit":"1\u00a0Minute"},"schema":{"@context":"https:\/\/schema.org","@graph":[{"@type":"Article","@id":"https:\/\/blog.zhaw.ch\/gesundheitsoekonomie\/2020\/01\/08\/politapero-vom-7-maerz-2020-in-winterthur-mehr-eigenverantwortung-als-mittel-zur-kostendaempfung-im-gesundheitswesen\/#article","isPartOf":{"@id":"https:\/\/blog.zhaw.ch\/gesundheitsoekonomie\/2020\/01\/08\/politapero-vom-7-maerz-2020-in-winterthur-mehr-eigenverantwortung-als-mittel-zur-kostendaempfung-im-gesundheitswesen\/"},"author":{"name":"Gesundheits\u00f6konomie @ ZHAW","@id":"https:\/\/blog.zhaw.ch\/gesundheitsoekonomie\/#\/schema\/person\/9f23ca3c7e8761fd1498ca155fa97be5"},"headline":"Politap\u00e9ro vom 7. M\u00e4rz 2020 in Winterthur: \u00abMehr Eigenverantwortung als Mittel zur Kostend\u00e4mpfung im Gesundheitswesen?\u00bb","datePublished":"2020-01-08T09:48:23+00:00","dateModified":"2020-01-09T09:58:25+00:00","mainEntityOfPage":{"@id":"https:\/\/blog.zhaw.ch\/gesundheitsoekonomie\/2020\/01\/08\/politapero-vom-7-maerz-2020-in-winterthur-mehr-eigenverantwortung-als-mittel-zur-kostendaempfung-im-gesundheitswesen\/"},"wordCount":204,"commentCount":0,"keywords":["Matthias Maurer"],"articleSection":["Gesundheitspolitik"],"inLanguage":"de","potentialAction":[{"@type":"CommentAction","name":"Comment","target":["https:\/\/blog.zhaw.ch\/gesundheitsoekonomie\/2020\/01\/08\/politapero-vom-7-maerz-2020-in-winterthur-mehr-eigenverantwortung-als-mittel-zur-kostendaempfung-im-gesundheitswesen\/#respond"]}]},{"@type":"WebPage","@id":"https:\/\/blog.zhaw.ch\/gesundheitsoekonomie\/2020\/01\/08\/politapero-vom-7-maerz-2020-in-winterthur-mehr-eigenverantwortung-als-mittel-zur-kostendaempfung-im-gesundheitswesen\/","url":"https:\/\/blog.zhaw.ch\/gesundheitsoekonomie\/2020\/01\/08\/politapero-vom-7-maerz-2020-in-winterthur-mehr-eigenverantwortung-als-mittel-zur-kostendaempfung-im-gesundheitswesen\/","name":"Politap\u00e9ro vom 7. M\u00e4rz 2020 in Winterthur: \u00abMehr Eigenverantwortung als Mittel zur Kostend\u00e4mpfung im Gesundheitswesen?\u00bb - Gesundheits\u00f6konomie @ ZHAW","isPartOf":{"@id":"https:\/\/blog.zhaw.ch\/gesundheitsoekonomie\/#website"},"datePublished":"2020-01-08T09:48:23+00:00","dateModified":"2020-01-09T09:58:25+00:00","author":{"@id":"https:\/\/blog.zhaw.ch\/gesundheitsoekonomie\/#\/schema\/person\/9f23ca3c7e8761fd1498ca155fa97be5"},"breadcrumb":{"@id":"https:\/\/blog.zhaw.ch\/gesundheitsoekonomie\/2020\/01\/08\/politapero-vom-7-maerz-2020-in-winterthur-mehr-eigenverantwortung-als-mittel-zur-kostendaempfung-im-gesundheitswesen\/#breadcrumb"},"inLanguage":"de","potentialAction":[{"@type":"ReadAction","target":["https:\/\/blog.zhaw.ch\/gesundheitsoekonomie\/2020\/01\/08\/politapero-vom-7-maerz-2020-in-winterthur-mehr-eigenverantwortung-als-mittel-zur-kostendaempfung-im-gesundheitswesen\/"]}]},{"@type":"BreadcrumbList","@id":"https:\/\/blog.zhaw.ch\/gesundheitsoekonomie\/2020\/01\/08\/politapero-vom-7-maerz-2020-in-winterthur-mehr-eigenverantwortung-als-mittel-zur-kostendaempfung-im-gesundheitswesen\/#breadcrumb","itemListElement":[{"@type":"ListItem","position":1,"name":"Startseite","item":"https:\/\/blog.zhaw.ch\/gesundheitsoekonomie\/"},{"@type":"ListItem","position":2,"name":"Politap\u00e9ro vom 7. M\u00e4rz 2020 in Winterthur: \u00abMehr Eigenverantwortung als Mittel zur Kostend\u00e4mpfung im Gesundheitswesen?\u00bb"}]},{"@type":"WebSite","@id":"https:\/\/blog.zhaw.ch\/gesundheitsoekonomie\/#website","url":"https:\/\/blog.zhaw.ch\/gesundheitsoekonomie\/","name":"Gesundheits\u00f6konomie @ ZHAW","description":"Ein Blog der ZHAW Z\u00fcrcher Hochschule f\u00fcr Angewandte Wissenschaften","potentialAction":[{"@type":"SearchAction","target":{"@type":"EntryPoint","urlTemplate":"https:\/\/blog.zhaw.ch\/gesundheitsoekonomie\/?s={search_term_string}"},"query-input":{"@type":"PropertyValueSpecification","valueRequired":true,"valueName":"search_term_string"}}],"inLanguage":"de"},{"@type":"Person","@id":"https:\/\/blog.zhaw.ch\/gesundheitsoekonomie\/#\/schema\/person\/9f23ca3c7e8761fd1498ca155fa97be5","name":"Gesundheits\u00f6konomie @ ZHAW","image":{"@type":"ImageObject","inLanguage":"de","@id":"https:\/\/secure.gravatar.com\/avatar\/288a1d08b0bf4c2e06b5b02bcb8c585ab944f18ce54a408ddc9104152dd07117?s=96&d=mm&r=g","url":"https:\/\/secure.gravatar.com\/avatar\/288a1d08b0bf4c2e06b5b02bcb8c585ab944f18ce54a408ddc9104152dd07117?s=96&d=mm&r=g","contentUrl":"https:\/\/secure.gravatar.com\/avatar\/288a1d08b0bf4c2e06b5b02bcb8c585ab944f18ce54a408ddc9104152dd07117?s=96&d=mm&r=g","caption":"Gesundheits\u00f6konomie @ ZHAW"},"url":"https:\/\/blog.zhaw.ch\/gesundheitsoekonomie\/author\/grbd\/"}]}},"_links":{"self":[{"href":"https:\/\/blog.zhaw.ch\/gesundheitsoekonomie\/wp-json\/wp\/v2\/posts\/1565","targetHints":{"allow":["GET"]}}],"collection":[{"href":"https:\/\/blog.zhaw.ch\/gesundheitsoekonomie\/wp-json\/wp\/v2\/posts"}],"about":[{"href":"https:\/\/blog.zhaw.ch\/gesundheitsoekonomie\/wp-json\/wp\/v2\/types\/post"}],"author":[{"embeddable":true,"href":"https:\/\/blog.zhaw.ch\/gesundheitsoekonomie\/wp-json\/wp\/v2\/users\/394"}],"replies":[{"embeddable":true,"href":"https:\/\/blog.zhaw.ch\/gesundheitsoekonomie\/wp-json\/wp\/v2\/comments?post=1565"}],"version-history":[{"count":11,"href":"https:\/\/blog.zhaw.ch\/gesundheitsoekonomie\/wp-json\/wp\/v2\/posts\/1565\/revisions"}],"predecessor-version":[{"id":1578,"href":"https:\/\/blog.zhaw.ch\/gesundheitsoekonomie\/wp-json\/wp\/v2\/posts\/1565\/revisions\/1578"}],"wp:attachment":[{"href":"https:\/\/blog.zhaw.ch\/gesundheitsoekonomie\/wp-json\/wp\/v2\/media?parent=1565"}],"wp:term":[{"taxonomy":"category","embeddable":true,"href":"https:\/\/blog.zhaw.ch\/gesundheitsoekonomie\/wp-json\/wp\/v2\/categories?post=1565"},{"taxonomy":"post_tag","embeddable":true,"href":"https:\/\/blog.zhaw.ch\/gesundheitsoekonomie\/wp-json\/wp\/v2\/tags?post=1565"},{"taxonomy":"features","embeddable":true,"href":"https:\/\/blog.zhaw.ch\/gesundheitsoekonomie\/wp-json\/wp\/v2\/features?post=1565"}],"curies":[{"name":"wp","href":"https:\/\/api.w.org\/{rel}","templated":true}]}}