{"id":1418,"date":"2019-10-24T10:44:28","date_gmt":"2019-10-24T08:44:28","guid":{"rendered":"http:\/\/blog.zhaw.ch\/gesundheitsoekonomie\/?p=1418"},"modified":"2020-01-09T11:03:27","modified_gmt":"2020-01-09T10:03:27","slug":"wie-passen-zielvorgaben-zur-okp","status":"publish","type":"post","link":"https:\/\/blog.zhaw.ch\/gesundheitsoekonomie\/2019\/10\/24\/wie-passen-zielvorgaben-zur-okp\/","title":{"rendered":"Wie passen Zielvorgaben zur OKP?"},"content":{"rendered":"\n<div class=\"wp-block-image\"><figure class=\"aligncenter is-resized\"><img loading=\"lazy\" decoding=\"async\" src=\"https:\/\/blog.zhaw.ch\/gesundheitsoekonomie\/files\/2019\/10\/20191024_maue_grid.png\" alt=\"\" class=\"wp-image-1420\" width=\"345\" height=\"336\" srcset=\"https:\/\/blog.zhaw.ch\/gesundheitsoekonomie\/files\/2019\/10\/20191024_maue_grid.png 501w, https:\/\/blog.zhaw.ch\/gesundheitsoekonomie\/files\/2019\/10\/20191024_maue_grid-300x292.png 300w, https:\/\/blog.zhaw.ch\/gesundheitsoekonomie\/files\/2019\/10\/20191024_maue_grid-24x24.png 24w, https:\/\/blog.zhaw.ch\/gesundheitsoekonomie\/files\/2019\/10\/20191024_maue_grid-48x48.png 48w\" sizes=\"auto, (max-width: 345px) 100vw, 345px\" \/><figcaption>Quelle: @ Colourbox<\/figcaption><\/figure><\/div>\n\n\n\n<p><em>Von <a href=\"https:\/\/www.zhaw.ch\/de\/ueber-uns\/person\/maue\/\" target=\"_blank\" rel=\"noreferrer noopener\" aria-label=\" (\u00f6ffnet in neuem Tab)\">Matthias Maurer<\/a><\/em><\/p>\n\n\n\n<p>\u00abDenkbar w\u00e4re, dass der Bundesrat durch die gesetzliche\nGrundlage die Kompetenz erh\u00e4lt, die Globalziele f\u00fcr das Gesamtwachstum der\nOKP-Gesundheitskosten jeweils nach Anh\u00f6rung der Kantone und allenfalls der\nTarifpartner festzulegen.\u00bb <\/p>\n\n\n\n<p>Dieser Satz stammt aus dem <a rel=\"noreferrer noopener\" aria-label=\"Bericht der Expertengruppe (\u00f6ffnet in neuem Tab)\" href=\"https:\/\/www.bag.admin.ch\/bag\/de\/home\/versicherungen\/krankenversicherung\/kostendaempfung-kv.html\" target=\"_blank\">Bericht der Expertengruppe<\/a> des Eidgen\u00f6ssischen Departements des Innern (EDI) zu Kostend\u00e4mpfungsmassnahmen zur Entlastung der obligatorischen Krankenpflegeversicherung (OKP) vom August 2017.<\/p>\n\n\n\n<p>Aus gesundheits\u00f6konomischer und gesundheitspolitischer Sicht kann man sich folgende Fragen zu diesem Vorgehen stellen: <\/p>\n\n\n\n<ol class=\"wp-block-list\"><li>Wie vertr\u00e4gt sich eine \u00abKostenbremse\u00bb \u00fcber Zielvorgaben mit den heutigen Prinzipien der OKP?<\/li><li> Ist eine \u00abKostenbremse\u00bb \u00fcber Zielvorgaben in der Realit\u00e4t geeignet? <\/li><li> Gibt es bessere Alternativen, die Kostenentwicklung zu beeinflussen?<\/li><\/ol>\n\n\n\n<p>Wenn Sie diese und weitere Fragen rund um das Thema \u2018Kostendeckel f\u00fcr das Gesundheitswesen\u2019 interessieren, so sind Sie herzlich eingeladen zum <strong><a href=\"https:\/\/www.zhaw.ch\/storage\/sml\/institute-zentren\/wig\/upload\/03_WIG_Einladung_Herbstanlass_2019.pdf\">Herbstanlass<\/a> <\/strong>des Winterthurer Instituts f\u00fcr Gesundheits\u00f6konomie (WIG) vom <strong>7. November 2019<\/strong> in Winterthur.<\/p>\n\n\n\n<p><strong><em>Matthias Maurer<\/em><\/strong><em> ist stellvertretender Institutsleiter am WIG.<\/em><\/p>\n<div class=\"pt-sm\">Schlagw\u00f6rter: <a href=\"http:\/\/blog.zhaw.ch\/gesundheitsoekonomie\/tag\/matthias-maurer\/\">Matthias Maurer<\/a><br><\/div>","protected":false},"excerpt":{"rendered":"<p>Von Matthias Maurer \u00abDenkbar w\u00e4re, dass der Bundesrat durch die gesetzliche Grundlage die Kompetenz erh\u00e4lt, die Globalziele f\u00fcr das Gesamtwachstum der OKP-Gesundheitskosten jeweils nach Anh\u00f6rung der Kantone und allenfalls der Tarifpartner festzulegen.\u00bb Dieser Satz stammt aus dem Bericht der Expertengruppe des Eidgen\u00f6ssischen Departements des Innern (EDI) zu Kostend\u00e4mpfungsmassnahmen zur Entlastung der obligatorischen Krankenpflegeversicherung (OKP) vom [&hellip;]<\/p>\n","protected":false},"author":394,"featured_media":0,"comment_status":"open","ping_status":"open","sticky":false,"template":"","format":"standard","meta":{"ngg_post_thumbnail":0,"footnotes":""},"categories":[13],"tags":[26],"features":[],"class_list":["post-1418","post","type-post","status-publish","format-standard","hentry","category-gesundheitspolitik","tag-matthias-maurer"],"yoast_head":"<!-- This site is optimized with the Yoast SEO Premium plugin v27.2 (Yoast SEO v27.2) - https:\/\/yoast.com\/product\/yoast-seo-premium-wordpress\/ -->\n<title>Wie passen Zielvorgaben zur OKP? - Gesundheits\u00f6konomie @ ZHAW<\/title>\n<meta name=\"robots\" content=\"index, follow, max-snippet:-1, max-image-preview:large, max-video-preview:-1\" \/>\n<link rel=\"canonical\" href=\"https:\/\/blog.zhaw.ch\/gesundheitsoekonomie\/2019\/10\/24\/wie-passen-zielvorgaben-zur-okp\/\" \/>\n<meta property=\"og:locale\" content=\"de_DE\" \/>\n<meta property=\"og:type\" content=\"article\" \/>\n<meta property=\"og:title\" content=\"Wie passen Zielvorgaben zur OKP?\" \/>\n<meta property=\"og:description\" content=\"Von Matthias Maurer \u00abDenkbar w\u00e4re, dass der Bundesrat durch die gesetzliche Grundlage die Kompetenz erh\u00e4lt, die Globalziele f\u00fcr das Gesamtwachstum der OKP-Gesundheitskosten jeweils nach Anh\u00f6rung der Kantone und allenfalls der Tarifpartner festzulegen.\u00bb Dieser Satz stammt aus dem Bericht der Expertengruppe des Eidgen\u00f6ssischen Departements des Innern (EDI) zu Kostend\u00e4mpfungsmassnahmen zur Entlastung der obligatorischen Krankenpflegeversicherung (OKP) vom [&hellip;]\" \/>\n<meta property=\"og:url\" content=\"https:\/\/blog.zhaw.ch\/gesundheitsoekonomie\/2019\/10\/24\/wie-passen-zielvorgaben-zur-okp\/\" \/>\n<meta property=\"og:site_name\" content=\"Gesundheits\u00f6konomie @ ZHAW\" \/>\n<meta property=\"article:published_time\" content=\"2019-10-24T08:44:28+00:00\" \/>\n<meta property=\"article:modified_time\" content=\"2020-01-09T10:03:27+00:00\" \/>\n<meta property=\"og:image\" content=\"https:\/\/blog.zhaw.ch\/gesundheitsoekonomie\/files\/2019\/10\/20191024_maue_grid.png\" \/>\n<meta name=\"author\" content=\"Gesundheits\u00f6konomie @ ZHAW\" \/>\n<meta name=\"twitter:card\" content=\"summary_large_image\" \/>\n<meta name=\"twitter:label1\" content=\"Verfasst von\" \/>\n\t<meta name=\"twitter:data1\" content=\"Gesundheits\u00f6konomie @ ZHAW\" \/>\n\t<meta name=\"twitter:label2\" content=\"Gesch\u00e4tzte Lesezeit\" \/>\n\t<meta name=\"twitter:data2\" content=\"1\u00a0Minute\" \/>\n<script type=\"application\/ld+json\" class=\"yoast-schema-graph\">{\"@context\":\"https:\/\/schema.org\",\"@graph\":[{\"@type\":\"Article\",\"@id\":\"https:\/\/blog.zhaw.ch\/gesundheitsoekonomie\/2019\/10\/24\/wie-passen-zielvorgaben-zur-okp\/#article\",\"isPartOf\":{\"@id\":\"https:\/\/blog.zhaw.ch\/gesundheitsoekonomie\/2019\/10\/24\/wie-passen-zielvorgaben-zur-okp\/\"},\"author\":{\"name\":\"Gesundheits\u00f6konomie @ ZHAW\",\"@id\":\"https:\/\/blog.zhaw.ch\/gesundheitsoekonomie\/#\/schema\/person\/9f23ca3c7e8761fd1498ca155fa97be5\"},\"headline\":\"Wie passen Zielvorgaben zur OKP?\",\"datePublished\":\"2019-10-24T08:44:28+00:00\",\"dateModified\":\"2020-01-09T10:03:27+00:00\",\"mainEntityOfPage\":{\"@id\":\"https:\/\/blog.zhaw.ch\/gesundheitsoekonomie\/2019\/10\/24\/wie-passen-zielvorgaben-zur-okp\/\"},\"wordCount\":158,\"commentCount\":0,\"image\":{\"@id\":\"https:\/\/blog.zhaw.ch\/gesundheitsoekonomie\/2019\/10\/24\/wie-passen-zielvorgaben-zur-okp\/#primaryimage\"},\"thumbnailUrl\":\"https:\/\/blog.zhaw.ch\/gesundheitsoekonomie\/files\/2019\/10\/20191024_maue_grid.png\",\"keywords\":[\"Matthias Maurer\"],\"articleSection\":[\"Gesundheitspolitik\"],\"inLanguage\":\"de\",\"potentialAction\":[{\"@type\":\"CommentAction\",\"name\":\"Comment\",\"target\":[\"https:\/\/blog.zhaw.ch\/gesundheitsoekonomie\/2019\/10\/24\/wie-passen-zielvorgaben-zur-okp\/#respond\"]}]},{\"@type\":\"WebPage\",\"@id\":\"https:\/\/blog.zhaw.ch\/gesundheitsoekonomie\/2019\/10\/24\/wie-passen-zielvorgaben-zur-okp\/\",\"url\":\"https:\/\/blog.zhaw.ch\/gesundheitsoekonomie\/2019\/10\/24\/wie-passen-zielvorgaben-zur-okp\/\",\"name\":\"Wie passen Zielvorgaben zur OKP? - Gesundheits\u00f6konomie @ ZHAW\",\"isPartOf\":{\"@id\":\"https:\/\/blog.zhaw.ch\/gesundheitsoekonomie\/#website\"},\"primaryImageOfPage\":{\"@id\":\"https:\/\/blog.zhaw.ch\/gesundheitsoekonomie\/2019\/10\/24\/wie-passen-zielvorgaben-zur-okp\/#primaryimage\"},\"image\":{\"@id\":\"https:\/\/blog.zhaw.ch\/gesundheitsoekonomie\/2019\/10\/24\/wie-passen-zielvorgaben-zur-okp\/#primaryimage\"},\"thumbnailUrl\":\"https:\/\/blog.zhaw.ch\/gesundheitsoekonomie\/files\/2019\/10\/20191024_maue_grid.png\",\"datePublished\":\"2019-10-24T08:44:28+00:00\",\"dateModified\":\"2020-01-09T10:03:27+00:00\",\"author\":{\"@id\":\"https:\/\/blog.zhaw.ch\/gesundheitsoekonomie\/#\/schema\/person\/9f23ca3c7e8761fd1498ca155fa97be5\"},\"breadcrumb\":{\"@id\":\"https:\/\/blog.zhaw.ch\/gesundheitsoekonomie\/2019\/10\/24\/wie-passen-zielvorgaben-zur-okp\/#breadcrumb\"},\"inLanguage\":\"de\",\"potentialAction\":[{\"@type\":\"ReadAction\",\"target\":[\"https:\/\/blog.zhaw.ch\/gesundheitsoekonomie\/2019\/10\/24\/wie-passen-zielvorgaben-zur-okp\/\"]}]},{\"@type\":\"ImageObject\",\"inLanguage\":\"de\",\"@id\":\"https:\/\/blog.zhaw.ch\/gesundheitsoekonomie\/2019\/10\/24\/wie-passen-zielvorgaben-zur-okp\/#primaryimage\",\"url\":\"https:\/\/blog.zhaw.ch\/gesundheitsoekonomie\/files\/2019\/10\/20191024_maue_grid.png\",\"contentUrl\":\"https:\/\/blog.zhaw.ch\/gesundheitsoekonomie\/files\/2019\/10\/20191024_maue_grid.png\"},{\"@type\":\"BreadcrumbList\",\"@id\":\"https:\/\/blog.zhaw.ch\/gesundheitsoekonomie\/2019\/10\/24\/wie-passen-zielvorgaben-zur-okp\/#breadcrumb\",\"itemListElement\":[{\"@type\":\"ListItem\",\"position\":1,\"name\":\"Startseite\",\"item\":\"https:\/\/blog.zhaw.ch\/gesundheitsoekonomie\/\"},{\"@type\":\"ListItem\",\"position\":2,\"name\":\"Wie passen Zielvorgaben zur OKP?\"}]},{\"@type\":\"WebSite\",\"@id\":\"https:\/\/blog.zhaw.ch\/gesundheitsoekonomie\/#website\",\"url\":\"https:\/\/blog.zhaw.ch\/gesundheitsoekonomie\/\",\"name\":\"Gesundheits\u00f6konomie @ ZHAW\",\"description\":\"Ein Blog der ZHAW Z\u00fcrcher Hochschule f\u00fcr Angewandte Wissenschaften\",\"potentialAction\":[{\"@type\":\"SearchAction\",\"target\":{\"@type\":\"EntryPoint\",\"urlTemplate\":\"https:\/\/blog.zhaw.ch\/gesundheitsoekonomie\/?s={search_term_string}\"},\"query-input\":{\"@type\":\"PropertyValueSpecification\",\"valueRequired\":true,\"valueName\":\"search_term_string\"}}],\"inLanguage\":\"de\"},{\"@type\":\"Person\",\"@id\":\"https:\/\/blog.zhaw.ch\/gesundheitsoekonomie\/#\/schema\/person\/9f23ca3c7e8761fd1498ca155fa97be5\",\"name\":\"Gesundheits\u00f6konomie @ ZHAW\",\"image\":{\"@type\":\"ImageObject\",\"inLanguage\":\"de\",\"@id\":\"https:\/\/secure.gravatar.com\/avatar\/288a1d08b0bf4c2e06b5b02bcb8c585ab944f18ce54a408ddc9104152dd07117?s=96&d=mm&r=g\",\"url\":\"https:\/\/secure.gravatar.com\/avatar\/288a1d08b0bf4c2e06b5b02bcb8c585ab944f18ce54a408ddc9104152dd07117?s=96&d=mm&r=g\",\"contentUrl\":\"https:\/\/secure.gravatar.com\/avatar\/288a1d08b0bf4c2e06b5b02bcb8c585ab944f18ce54a408ddc9104152dd07117?s=96&d=mm&r=g\",\"caption\":\"Gesundheits\u00f6konomie @ ZHAW\"},\"url\":\"https:\/\/blog.zhaw.ch\/gesundheitsoekonomie\/author\/grbd\/\"}]}<\/script>\n<!-- \/ Yoast SEO Premium plugin. -->","yoast_head_json":{"title":"Wie passen Zielvorgaben zur OKP? - Gesundheits\u00f6konomie @ ZHAW","robots":{"index":"index","follow":"follow","max-snippet":"max-snippet:-1","max-image-preview":"max-image-preview:large","max-video-preview":"max-video-preview:-1"},"canonical":"https:\/\/blog.zhaw.ch\/gesundheitsoekonomie\/2019\/10\/24\/wie-passen-zielvorgaben-zur-okp\/","og_locale":"de_DE","og_type":"article","og_title":"Wie passen Zielvorgaben zur OKP?","og_description":"Von Matthias Maurer \u00abDenkbar w\u00e4re, dass der Bundesrat durch die gesetzliche Grundlage die Kompetenz erh\u00e4lt, die Globalziele f\u00fcr das Gesamtwachstum der OKP-Gesundheitskosten jeweils nach Anh\u00f6rung der Kantone und allenfalls der Tarifpartner festzulegen.\u00bb Dieser Satz stammt aus dem Bericht der Expertengruppe des Eidgen\u00f6ssischen Departements des Innern (EDI) zu Kostend\u00e4mpfungsmassnahmen zur Entlastung der obligatorischen Krankenpflegeversicherung (OKP) vom [&hellip;]","og_url":"https:\/\/blog.zhaw.ch\/gesundheitsoekonomie\/2019\/10\/24\/wie-passen-zielvorgaben-zur-okp\/","og_site_name":"Gesundheits\u00f6konomie @ ZHAW","article_published_time":"2019-10-24T08:44:28+00:00","article_modified_time":"2020-01-09T10:03:27+00:00","og_image":[{"url":"https:\/\/blog.zhaw.ch\/gesundheitsoekonomie\/files\/2019\/10\/20191024_maue_grid.png","type":"","width":"","height":""}],"author":"Gesundheits\u00f6konomie @ ZHAW","twitter_card":"summary_large_image","twitter_misc":{"Verfasst von":"Gesundheits\u00f6konomie @ ZHAW","Gesch\u00e4tzte Lesezeit":"1\u00a0Minute"},"schema":{"@context":"https:\/\/schema.org","@graph":[{"@type":"Article","@id":"https:\/\/blog.zhaw.ch\/gesundheitsoekonomie\/2019\/10\/24\/wie-passen-zielvorgaben-zur-okp\/#article","isPartOf":{"@id":"https:\/\/blog.zhaw.ch\/gesundheitsoekonomie\/2019\/10\/24\/wie-passen-zielvorgaben-zur-okp\/"},"author":{"name":"Gesundheits\u00f6konomie @ ZHAW","@id":"https:\/\/blog.zhaw.ch\/gesundheitsoekonomie\/#\/schema\/person\/9f23ca3c7e8761fd1498ca155fa97be5"},"headline":"Wie passen Zielvorgaben zur OKP?","datePublished":"2019-10-24T08:44:28+00:00","dateModified":"2020-01-09T10:03:27+00:00","mainEntityOfPage":{"@id":"https:\/\/blog.zhaw.ch\/gesundheitsoekonomie\/2019\/10\/24\/wie-passen-zielvorgaben-zur-okp\/"},"wordCount":158,"commentCount":0,"image":{"@id":"https:\/\/blog.zhaw.ch\/gesundheitsoekonomie\/2019\/10\/24\/wie-passen-zielvorgaben-zur-okp\/#primaryimage"},"thumbnailUrl":"https:\/\/blog.zhaw.ch\/gesundheitsoekonomie\/files\/2019\/10\/20191024_maue_grid.png","keywords":["Matthias Maurer"],"articleSection":["Gesundheitspolitik"],"inLanguage":"de","potentialAction":[{"@type":"CommentAction","name":"Comment","target":["https:\/\/blog.zhaw.ch\/gesundheitsoekonomie\/2019\/10\/24\/wie-passen-zielvorgaben-zur-okp\/#respond"]}]},{"@type":"WebPage","@id":"https:\/\/blog.zhaw.ch\/gesundheitsoekonomie\/2019\/10\/24\/wie-passen-zielvorgaben-zur-okp\/","url":"https:\/\/blog.zhaw.ch\/gesundheitsoekonomie\/2019\/10\/24\/wie-passen-zielvorgaben-zur-okp\/","name":"Wie passen Zielvorgaben zur OKP? - Gesundheits\u00f6konomie @ ZHAW","isPartOf":{"@id":"https:\/\/blog.zhaw.ch\/gesundheitsoekonomie\/#website"},"primaryImageOfPage":{"@id":"https:\/\/blog.zhaw.ch\/gesundheitsoekonomie\/2019\/10\/24\/wie-passen-zielvorgaben-zur-okp\/#primaryimage"},"image":{"@id":"https:\/\/blog.zhaw.ch\/gesundheitsoekonomie\/2019\/10\/24\/wie-passen-zielvorgaben-zur-okp\/#primaryimage"},"thumbnailUrl":"https:\/\/blog.zhaw.ch\/gesundheitsoekonomie\/files\/2019\/10\/20191024_maue_grid.png","datePublished":"2019-10-24T08:44:28+00:00","dateModified":"2020-01-09T10:03:27+00:00","author":{"@id":"https:\/\/blog.zhaw.ch\/gesundheitsoekonomie\/#\/schema\/person\/9f23ca3c7e8761fd1498ca155fa97be5"},"breadcrumb":{"@id":"https:\/\/blog.zhaw.ch\/gesundheitsoekonomie\/2019\/10\/24\/wie-passen-zielvorgaben-zur-okp\/#breadcrumb"},"inLanguage":"de","potentialAction":[{"@type":"ReadAction","target":["https:\/\/blog.zhaw.ch\/gesundheitsoekonomie\/2019\/10\/24\/wie-passen-zielvorgaben-zur-okp\/"]}]},{"@type":"ImageObject","inLanguage":"de","@id":"https:\/\/blog.zhaw.ch\/gesundheitsoekonomie\/2019\/10\/24\/wie-passen-zielvorgaben-zur-okp\/#primaryimage","url":"https:\/\/blog.zhaw.ch\/gesundheitsoekonomie\/files\/2019\/10\/20191024_maue_grid.png","contentUrl":"https:\/\/blog.zhaw.ch\/gesundheitsoekonomie\/files\/2019\/10\/20191024_maue_grid.png"},{"@type":"BreadcrumbList","@id":"https:\/\/blog.zhaw.ch\/gesundheitsoekonomie\/2019\/10\/24\/wie-passen-zielvorgaben-zur-okp\/#breadcrumb","itemListElement":[{"@type":"ListItem","position":1,"name":"Startseite","item":"https:\/\/blog.zhaw.ch\/gesundheitsoekonomie\/"},{"@type":"ListItem","position":2,"name":"Wie passen Zielvorgaben zur OKP?"}]},{"@type":"WebSite","@id":"https:\/\/blog.zhaw.ch\/gesundheitsoekonomie\/#website","url":"https:\/\/blog.zhaw.ch\/gesundheitsoekonomie\/","name":"Gesundheits\u00f6konomie @ ZHAW","description":"Ein Blog der ZHAW Z\u00fcrcher Hochschule f\u00fcr Angewandte Wissenschaften","potentialAction":[{"@type":"SearchAction","target":{"@type":"EntryPoint","urlTemplate":"https:\/\/blog.zhaw.ch\/gesundheitsoekonomie\/?s={search_term_string}"},"query-input":{"@type":"PropertyValueSpecification","valueRequired":true,"valueName":"search_term_string"}}],"inLanguage":"de"},{"@type":"Person","@id":"https:\/\/blog.zhaw.ch\/gesundheitsoekonomie\/#\/schema\/person\/9f23ca3c7e8761fd1498ca155fa97be5","name":"Gesundheits\u00f6konomie @ ZHAW","image":{"@type":"ImageObject","inLanguage":"de","@id":"https:\/\/secure.gravatar.com\/avatar\/288a1d08b0bf4c2e06b5b02bcb8c585ab944f18ce54a408ddc9104152dd07117?s=96&d=mm&r=g","url":"https:\/\/secure.gravatar.com\/avatar\/288a1d08b0bf4c2e06b5b02bcb8c585ab944f18ce54a408ddc9104152dd07117?s=96&d=mm&r=g","contentUrl":"https:\/\/secure.gravatar.com\/avatar\/288a1d08b0bf4c2e06b5b02bcb8c585ab944f18ce54a408ddc9104152dd07117?s=96&d=mm&r=g","caption":"Gesundheits\u00f6konomie @ ZHAW"},"url":"https:\/\/blog.zhaw.ch\/gesundheitsoekonomie\/author\/grbd\/"}]}},"_links":{"self":[{"href":"https:\/\/blog.zhaw.ch\/gesundheitsoekonomie\/wp-json\/wp\/v2\/posts\/1418","targetHints":{"allow":["GET"]}}],"collection":[{"href":"https:\/\/blog.zhaw.ch\/gesundheitsoekonomie\/wp-json\/wp\/v2\/posts"}],"about":[{"href":"https:\/\/blog.zhaw.ch\/gesundheitsoekonomie\/wp-json\/wp\/v2\/types\/post"}],"author":[{"embeddable":true,"href":"https:\/\/blog.zhaw.ch\/gesundheitsoekonomie\/wp-json\/wp\/v2\/users\/394"}],"replies":[{"embeddable":true,"href":"https:\/\/blog.zhaw.ch\/gesundheitsoekonomie\/wp-json\/wp\/v2\/comments?post=1418"}],"version-history":[{"count":7,"href":"https:\/\/blog.zhaw.ch\/gesundheitsoekonomie\/wp-json\/wp\/v2\/posts\/1418\/revisions"}],"predecessor-version":[{"id":1429,"href":"https:\/\/blog.zhaw.ch\/gesundheitsoekonomie\/wp-json\/wp\/v2\/posts\/1418\/revisions\/1429"}],"wp:attachment":[{"href":"https:\/\/blog.zhaw.ch\/gesundheitsoekonomie\/wp-json\/wp\/v2\/media?parent=1418"}],"wp:term":[{"taxonomy":"category","embeddable":true,"href":"https:\/\/blog.zhaw.ch\/gesundheitsoekonomie\/wp-json\/wp\/v2\/categories?post=1418"},{"taxonomy":"post_tag","embeddable":true,"href":"https:\/\/blog.zhaw.ch\/gesundheitsoekonomie\/wp-json\/wp\/v2\/tags?post=1418"},{"taxonomy":"features","embeddable":true,"href":"https:\/\/blog.zhaw.ch\/gesundheitsoekonomie\/wp-json\/wp\/v2\/features?post=1418"}],"curies":[{"name":"wp","href":"https:\/\/api.w.org\/{rel}","templated":true}]}}