{"id":115,"date":"2017-11-29T09:00:08","date_gmt":"2017-11-29T08:00:08","guid":{"rendered":"http:\/\/blog.zhaw.ch\/gesundheitsoekonomie\/?p=115"},"modified":"2020-01-09T14:39:53","modified_gmt":"2020-01-09T13:39:53","slug":"urs-bruegger-an-seinem-letzten-wig-herbstanlass-wir-sind-immer-cooler-geworden","status":"publish","type":"post","link":"https:\/\/blog.zhaw.ch\/gesundheitsoekonomie\/2017\/11\/29\/urs-bruegger-an-seinem-letzten-wig-herbstanlass-wir-sind-immer-cooler-geworden\/","title":{"rendered":"Urs Br\u00fcgger an seinem letzten WIG-Herbstanlass: \u00abWir sind immer cooler geworden!\u00bb"},"content":{"rendered":"<p><em>Von <a href=\"https:\/\/www.zhaw.ch\/de\/ueber-uns\/person\/ebeh\/\" target=\"_blank\" rel=\"noopener noreferrer\">Manuela Eberhard<\/a><\/em><\/p>\n<p>Am WIG-Herbstanlass 2017 wurde verabschiedet und begr\u00fcsst. Eine Hommage an den langj\u00e4hrigen Institutsleiter Urs Br\u00fcgger \u2013 und ein herzliches Willkommen an seinen baldigen Nachfolger Simon Wieser.<\/p>\n<p>Der diesj\u00e4hrige Herbstanlass des Winterthurer Institut f\u00fcr Gesundheits\u00f6konomie war so ganz anders, als jene zuvor. Spitaldirektor Rolf Zehnder, der die zahlreichen G\u00e4ste und Referenten durch den Abend f\u00fchrte, begr\u00fcsste das Publikum auf Schweizerdeutsch und schaffte damit sogleich eine famili\u00e4re, heimelige Stimmung. Obwohl \u2013 eigentlich w\u00e4re das gar nicht n\u00f6tig gewesen. Denn dass das WIG mehr als nur eine Gruppe Gesundheitsinteressierter ist, machte sich an diesem Abend mehr als einmal deutlich bemerkbar.<!--more--><\/p>\n<p>Der Abend sollte einen R\u00fcckblick \u00fcber die Erfolgsgeschichte des WIG geben, welcher von Gr\u00fcndungspr\u00e4sident des F\u00f6rdervereins Dr. med. Luzi Dubs eingeleitet wurde, und war zugleich eine Hommage an den langj\u00e4hrigen und bald ehemaligen Leiter Urs Br\u00fcgger, unter dessen Fittiche das einstige Drei-Personen-B\u00fcro zu einem renommierten Institut herangewachsen ist. \u00abEs war ein Aufstieg aus dem Nichts\u00bb, zitiert Urs Br\u00fcgger einen Mitarbeitenden in seiner Pr\u00e4sentation. Und zeigt stolz Teamfotos der vergangenen Jahre.<\/p>\n<p><strong>Keine Angst vor Misserfolgen<br \/>\n<\/strong><\/p>\n<figure id=\"attachment_117\" aria-describedby=\"caption-attachment-117\" style=\"width: 300px\" class=\"wp-caption alignright\"><a href=\"http:\/\/blog.zhaw.ch\/gesundheitsoekonomie\/files\/2017\/11\/Herbstanlass-2017_02.jpg\"><img loading=\"lazy\" decoding=\"async\" class=\"wp-image-117 size-medium\" src=\"http:\/\/blog.zhaw.ch\/gesundheitsoekonomie\/files\/2017\/11\/Herbstanlass-2017_02-300x200.jpg\" alt=\"\" width=\"300\" height=\"200\" srcset=\"https:\/\/blog.zhaw.ch\/gesundheitsoekonomie\/files\/2017\/11\/Herbstanlass-2017_02-300x200.jpg 300w, https:\/\/blog.zhaw.ch\/gesundheitsoekonomie\/files\/2017\/11\/Herbstanlass-2017_02-768x512.jpg 768w, https:\/\/blog.zhaw.ch\/gesundheitsoekonomie\/files\/2017\/11\/Herbstanlass-2017_02-1024x683.jpg 1024w, https:\/\/blog.zhaw.ch\/gesundheitsoekonomie\/files\/2017\/11\/Herbstanlass-2017_02-860x573.jpg 860w, https:\/\/blog.zhaw.ch\/gesundheitsoekonomie\/files\/2017\/11\/Herbstanlass-2017_02-1200x800.jpg 1200w, https:\/\/blog.zhaw.ch\/gesundheitsoekonomie\/files\/2017\/11\/Herbstanlass-2017_02-1600x1067.jpg 1600w\" sizes=\"auto, (max-width: 300px) 100vw, 300px\" \/><\/a><figcaption id=\"caption-attachment-117\" class=\"wp-caption-text\">Das Publikum und die Referenten lauschen gespannt den Diskussionen ehemaliger Mitarbeitenden auf dem Podium.<\/figcaption><\/figure>\n<p>Was ist denn nun aber dieses geheime Erfolgsrezept des WIG? Ehemalige Mitarbeitende, Partner und Freunde des Instituts diskutieren heiss hin und her. Vermutlich, so lassen sich die Stimmen deuten, ist das Rezept, dass es gar kein eigentliches Rezept gab. Der Schl\u00fcssel zum Erfolg war unter anderem das Vertrauen, welches die Leitung in ihr Team hatte. \u00abMach emal, das schaffsch du scho!\u00bb, wiederholt Eliane Kreuzer von der Einkaufsgemeinschaft HSK AG schmunzelnd die Arbeitsanweisungen von Br\u00fcgger. Sie war seine erste Angestellte, damals, im 2003. \u00abWir wussten manchmal nicht so recht, was wir da genau machen\u00bb, denkt sie zur\u00fcck. \u00abUrs hingegen schon.\u00bb Dr. Mark Pletscher, der mittlerweile bei Hoffmann-La Roche Ltd t\u00e4tig ist, st\u00fctzt seine ehemalige Kollegin: \u00abAm WIG habe ich gelernt, einfach mal zu machen, auch wenn ich noch nicht genau weiss, wie.\u00bb Mit Erfolg und Misserfolg sei man schlicht umgegangen, davor, einen Fehler zu machen, habe sich nie jemand f\u00fcrchten m\u00fcssen, pflichtet auch Prof. Dr. Hans Vogel bei, der als Leiter Aus- und Weiterbildungen am WIG t\u00e4tig war.<\/p>\n<p>Diese vertrauensvolle Arbeitshaltung machte sich denn auch bei der Zusammenarbeit mit Auftraggebern bezahlt. Dr. Sven Seitz von Pfizer und Dr. med. Urs Stoffel von der FMH berichteten pointiert \u00fcber ihre Erfahrungen mit dem WIG. Und sind sich einig: \u00abDas sind einfach gute Leute da.\u00bb<\/p>\n<figure id=\"attachment_118\" aria-describedby=\"caption-attachment-118\" style=\"width: 300px\" class=\"wp-caption alignleft\"><a href=\"http:\/\/blog.zhaw.ch\/gesundheitsoekonomie\/files\/2017\/11\/Herbstanlass-2017_04.jpg\"><img loading=\"lazy\" decoding=\"async\" class=\"size-medium wp-image-118\" src=\"http:\/\/blog.zhaw.ch\/gesundheitsoekonomie\/files\/2017\/11\/Herbstanlass-2017_04-300x200.jpg\" alt=\"\" width=\"300\" height=\"200\" srcset=\"https:\/\/blog.zhaw.ch\/gesundheitsoekonomie\/files\/2017\/11\/Herbstanlass-2017_04-300x200.jpg 300w, https:\/\/blog.zhaw.ch\/gesundheitsoekonomie\/files\/2017\/11\/Herbstanlass-2017_04-768x512.jpg 768w, https:\/\/blog.zhaw.ch\/gesundheitsoekonomie\/files\/2017\/11\/Herbstanlass-2017_04-1024x683.jpg 1024w, https:\/\/blog.zhaw.ch\/gesundheitsoekonomie\/files\/2017\/11\/Herbstanlass-2017_04-860x573.jpg 860w, https:\/\/blog.zhaw.ch\/gesundheitsoekonomie\/files\/2017\/11\/Herbstanlass-2017_04-1200x800.jpg 1200w, https:\/\/blog.zhaw.ch\/gesundheitsoekonomie\/files\/2017\/11\/Herbstanlass-2017_04-1600x1067.jpg 1600w\" sizes=\"auto, (max-width: 300px) 100vw, 300px\" \/><\/a><figcaption id=\"caption-attachment-118\" class=\"wp-caption-text\">Simon Wieser wird von Rolf Zehnder als zuk\u00fcnftiger Institutsleiter herzlich willkommen geheissen.<\/figcaption><\/figure>\n<p><strong>Zeit f\u00fcr Neues<br \/>\n<\/strong>Der Abschied von seinem \u00abBaby\u00bb wird nicht ganz leicht f\u00fcr Br\u00fcgger, das sp\u00fcrt man. Aber \u00abdas WIG ist jetzt 18 Jahre alt und erwachsen \u2013 nun ist es Zeit f\u00fcr mich, etwas Neues anzupacken.\u00bb Und die Leitung des Instituts gelange in beste H\u00e4nde: Mit Prof. Dr. Simon Wieser habe sich die Findungskommission nur wenige Tage zuvor f\u00fcr einen hochkompetenten Nachfolger entschieden, der mit seiner elfj\u00e4hrigen T\u00e4tigkeit massgeblich zum Aufbau des Instituts beigetragen habe. \u00abUnter diesen Voraussetzungen\u00bb, so Br\u00fcgger, \u00abkann ich entspannt nach Bern gehen\u00bb.<\/p>\n<p>G\u00e4nzlich missen muss man ihn gl\u00fccklicherweise nicht, daf\u00fcr haben die Kollegen vom Netzwerk Gesundheits\u00f6konomie Winterthur gesorgt. Zum Abschied erh\u00e4lt Br\u00fcgger eine VIP-Urkunde f\u00fcr alle zuk\u00fcnftigen Mitgliederanl\u00e4sse. Wir d\u00fcrfen uns also auf ein baldiges Wiedersehen freuen.<\/p>\n<figure id=\"attachment_119\" aria-describedby=\"caption-attachment-119\" style=\"width: 635px\" class=\"wp-caption aligncenter\"><a href=\"http:\/\/blog.zhaw.ch\/gesundheitsoekonomie\/files\/2017\/11\/Herbstanlass-2017_03.jpg\"><img loading=\"lazy\" decoding=\"async\" class=\"wp-image-119 size-large\" src=\"http:\/\/blog.zhaw.ch\/gesundheitsoekonomie\/files\/2017\/11\/Herbstanlass-2017_03-1024x683.jpg\" alt=\"\" width=\"635\" height=\"424\" srcset=\"https:\/\/blog.zhaw.ch\/gesundheitsoekonomie\/files\/2017\/11\/Herbstanlass-2017_03-1024x683.jpg 1024w, https:\/\/blog.zhaw.ch\/gesundheitsoekonomie\/files\/2017\/11\/Herbstanlass-2017_03-300x200.jpg 300w, https:\/\/blog.zhaw.ch\/gesundheitsoekonomie\/files\/2017\/11\/Herbstanlass-2017_03-768x512.jpg 768w, https:\/\/blog.zhaw.ch\/gesundheitsoekonomie\/files\/2017\/11\/Herbstanlass-2017_03-860x573.jpg 860w, https:\/\/blog.zhaw.ch\/gesundheitsoekonomie\/files\/2017\/11\/Herbstanlass-2017_03-1200x800.jpg 1200w, https:\/\/blog.zhaw.ch\/gesundheitsoekonomie\/files\/2017\/11\/Herbstanlass-2017_03-1600x1067.jpg 1600w\" sizes=\"auto, (max-width: 635px) 100vw, 635px\" \/><\/a><figcaption id=\"caption-attachment-119\" class=\"wp-caption-text\">Urs Br\u00fcgger nimmt freudig das Abschiedsgeschenk vom Netzwerk Gesundheits\u00f6konomie Winterthur (NGW) entgegen.<\/figcaption><\/figure>\n<div class=\"pt-sm\">Schlagw\u00f6rter: <a href=\"http:\/\/blog.zhaw.ch\/gesundheitsoekonomie\/tag\/manuela-eberhard\/\">Manuela Eberhard<\/a><br><\/div>","protected":false},"excerpt":{"rendered":"<p>Von Manuela Eberhard Am WIG-Herbstanlass 2017 wurde verabschiedet und begr\u00fcsst. Eine Hommage an den langj\u00e4hrigen Institutsleiter Urs Br\u00fcgger \u2013 und ein herzliches Willkommen an seinen baldigen Nachfolger Simon Wieser. Der diesj\u00e4hrige Herbstanlass des Winterthurer Institut f\u00fcr Gesundheits\u00f6konomie war so ganz anders, als jene zuvor. Spitaldirektor Rolf Zehnder, der die zahlreichen G\u00e4ste und Referenten durch den [&hellip;]<\/p>\n","protected":false},"author":394,"featured_media":116,"comment_status":"open","ping_status":"open","sticky":false,"template":"","format":"standard","meta":{"ngg_post_thumbnail":0,"footnotes":""},"categories":[4],"tags":[59],"features":[],"class_list":["post-115","post","type-post","status-publish","format-standard","has-post-thumbnail","hentry","category-veranstaltungen","tag-manuela-eberhard"],"yoast_head":"<!-- This site is optimized with the Yoast SEO Premium plugin v27.2 (Yoast SEO v27.2) - https:\/\/yoast.com\/product\/yoast-seo-premium-wordpress\/ -->\n<title>Urs Br\u00fcgger an seinem letzten WIG-Herbstanlass: \u00abWir sind immer cooler geworden!\u00bb - Gesundheits\u00f6konomie @ ZHAW<\/title>\n<meta name=\"robots\" content=\"index, follow, max-snippet:-1, max-image-preview:large, max-video-preview:-1\" \/>\n<link rel=\"canonical\" href=\"https:\/\/blog.zhaw.ch\/gesundheitsoekonomie\/2017\/11\/29\/urs-bruegger-an-seinem-letzten-wig-herbstanlass-wir-sind-immer-cooler-geworden\/\" \/>\n<meta property=\"og:locale\" content=\"de_DE\" \/>\n<meta property=\"og:type\" content=\"article\" \/>\n<meta property=\"og:title\" content=\"Urs Br\u00fcgger an seinem letzten WIG-Herbstanlass: \u00abWir sind immer cooler geworden!\u00bb\" \/>\n<meta property=\"og:description\" content=\"Von Manuela Eberhard Am WIG-Herbstanlass 2017 wurde verabschiedet und begr\u00fcsst. Eine Hommage an den langj\u00e4hrigen Institutsleiter Urs Br\u00fcgger \u2013 und ein herzliches Willkommen an seinen baldigen Nachfolger Simon Wieser. Der diesj\u00e4hrige Herbstanlass des Winterthurer Institut f\u00fcr Gesundheits\u00f6konomie war so ganz anders, als jene zuvor. Spitaldirektor Rolf Zehnder, der die zahlreichen G\u00e4ste und Referenten durch den [&hellip;]\" \/>\n<meta property=\"og:url\" content=\"https:\/\/blog.zhaw.ch\/gesundheitsoekonomie\/2017\/11\/29\/urs-bruegger-an-seinem-letzten-wig-herbstanlass-wir-sind-immer-cooler-geworden\/\" \/>\n<meta property=\"og:site_name\" content=\"Gesundheits\u00f6konomie @ ZHAW\" \/>\n<meta property=\"article:published_time\" content=\"2017-11-29T08:00:08+00:00\" \/>\n<meta property=\"article:modified_time\" content=\"2020-01-09T13:39:53+00:00\" \/>\n<meta property=\"og:image\" content=\"https:\/\/blog.zhaw.ch\/gesundheitsoekonomie\/files\/2017\/11\/Herbstanlass-2017_01.jpg\" \/>\n\t<meta property=\"og:image:width\" content=\"2520\" \/>\n\t<meta property=\"og:image:height\" content=\"1680\" \/>\n\t<meta property=\"og:image:type\" content=\"image\/jpeg\" \/>\n<meta name=\"author\" content=\"Gesundheits\u00f6konomie @ ZHAW\" \/>\n<meta name=\"twitter:card\" content=\"summary_large_image\" \/>\n<meta name=\"twitter:label1\" content=\"Verfasst von\" \/>\n\t<meta name=\"twitter:data1\" content=\"Gesundheits\u00f6konomie @ ZHAW\" \/>\n\t<meta name=\"twitter:label2\" content=\"Gesch\u00e4tzte Lesezeit\" \/>\n\t<meta name=\"twitter:data2\" content=\"3\u00a0Minuten\" \/>\n<script type=\"application\/ld+json\" class=\"yoast-schema-graph\">{\"@context\":\"https:\/\/schema.org\",\"@graph\":[{\"@type\":\"Article\",\"@id\":\"https:\/\/blog.zhaw.ch\/gesundheitsoekonomie\/2017\/11\/29\/urs-bruegger-an-seinem-letzten-wig-herbstanlass-wir-sind-immer-cooler-geworden\/#article\",\"isPartOf\":{\"@id\":\"https:\/\/blog.zhaw.ch\/gesundheitsoekonomie\/2017\/11\/29\/urs-bruegger-an-seinem-letzten-wig-herbstanlass-wir-sind-immer-cooler-geworden\/\"},\"author\":{\"name\":\"Gesundheits\u00f6konomie @ ZHAW\",\"@id\":\"https:\/\/blog.zhaw.ch\/gesundheitsoekonomie\/#\/schema\/person\/9f23ca3c7e8761fd1498ca155fa97be5\"},\"headline\":\"Urs Br\u00fcgger an seinem letzten WIG-Herbstanlass: \u00abWir sind immer cooler geworden!\u00bb\",\"datePublished\":\"2017-11-29T08:00:08+00:00\",\"dateModified\":\"2020-01-09T13:39:53+00:00\",\"mainEntityOfPage\":{\"@id\":\"https:\/\/blog.zhaw.ch\/gesundheitsoekonomie\/2017\/11\/29\/urs-bruegger-an-seinem-letzten-wig-herbstanlass-wir-sind-immer-cooler-geworden\/\"},\"wordCount\":624,\"commentCount\":0,\"image\":{\"@id\":\"https:\/\/blog.zhaw.ch\/gesundheitsoekonomie\/2017\/11\/29\/urs-bruegger-an-seinem-letzten-wig-herbstanlass-wir-sind-immer-cooler-geworden\/#primaryimage\"},\"thumbnailUrl\":\"https:\/\/blog.zhaw.ch\/gesundheitsoekonomie\/files\/2017\/11\/Herbstanlass-2017_01.jpg\",\"keywords\":[\"Manuela Eberhard\"],\"articleSection\":[\"Veranstaltungen\"],\"inLanguage\":\"de\",\"potentialAction\":[{\"@type\":\"CommentAction\",\"name\":\"Comment\",\"target\":[\"https:\/\/blog.zhaw.ch\/gesundheitsoekonomie\/2017\/11\/29\/urs-bruegger-an-seinem-letzten-wig-herbstanlass-wir-sind-immer-cooler-geworden\/#respond\"]}]},{\"@type\":\"WebPage\",\"@id\":\"https:\/\/blog.zhaw.ch\/gesundheitsoekonomie\/2017\/11\/29\/urs-bruegger-an-seinem-letzten-wig-herbstanlass-wir-sind-immer-cooler-geworden\/\",\"url\":\"https:\/\/blog.zhaw.ch\/gesundheitsoekonomie\/2017\/11\/29\/urs-bruegger-an-seinem-letzten-wig-herbstanlass-wir-sind-immer-cooler-geworden\/\",\"name\":\"Urs Br\u00fcgger an seinem letzten WIG-Herbstanlass: \u00abWir sind immer cooler geworden!\u00bb - Gesundheits\u00f6konomie @ ZHAW\",\"isPartOf\":{\"@id\":\"https:\/\/blog.zhaw.ch\/gesundheitsoekonomie\/#website\"},\"primaryImageOfPage\":{\"@id\":\"https:\/\/blog.zhaw.ch\/gesundheitsoekonomie\/2017\/11\/29\/urs-bruegger-an-seinem-letzten-wig-herbstanlass-wir-sind-immer-cooler-geworden\/#primaryimage\"},\"image\":{\"@id\":\"https:\/\/blog.zhaw.ch\/gesundheitsoekonomie\/2017\/11\/29\/urs-bruegger-an-seinem-letzten-wig-herbstanlass-wir-sind-immer-cooler-geworden\/#primaryimage\"},\"thumbnailUrl\":\"https:\/\/blog.zhaw.ch\/gesundheitsoekonomie\/files\/2017\/11\/Herbstanlass-2017_01.jpg\",\"datePublished\":\"2017-11-29T08:00:08+00:00\",\"dateModified\":\"2020-01-09T13:39:53+00:00\",\"author\":{\"@id\":\"https:\/\/blog.zhaw.ch\/gesundheitsoekonomie\/#\/schema\/person\/9f23ca3c7e8761fd1498ca155fa97be5\"},\"breadcrumb\":{\"@id\":\"https:\/\/blog.zhaw.ch\/gesundheitsoekonomie\/2017\/11\/29\/urs-bruegger-an-seinem-letzten-wig-herbstanlass-wir-sind-immer-cooler-geworden\/#breadcrumb\"},\"inLanguage\":\"de\",\"potentialAction\":[{\"@type\":\"ReadAction\",\"target\":[\"https:\/\/blog.zhaw.ch\/gesundheitsoekonomie\/2017\/11\/29\/urs-bruegger-an-seinem-letzten-wig-herbstanlass-wir-sind-immer-cooler-geworden\/\"]}]},{\"@type\":\"ImageObject\",\"inLanguage\":\"de\",\"@id\":\"https:\/\/blog.zhaw.ch\/gesundheitsoekonomie\/2017\/11\/29\/urs-bruegger-an-seinem-letzten-wig-herbstanlass-wir-sind-immer-cooler-geworden\/#primaryimage\",\"url\":\"https:\/\/blog.zhaw.ch\/gesundheitsoekonomie\/files\/2017\/11\/Herbstanlass-2017_01.jpg\",\"contentUrl\":\"https:\/\/blog.zhaw.ch\/gesundheitsoekonomie\/files\/2017\/11\/Herbstanlass-2017_01.jpg\",\"width\":2520,\"height\":1680},{\"@type\":\"BreadcrumbList\",\"@id\":\"https:\/\/blog.zhaw.ch\/gesundheitsoekonomie\/2017\/11\/29\/urs-bruegger-an-seinem-letzten-wig-herbstanlass-wir-sind-immer-cooler-geworden\/#breadcrumb\",\"itemListElement\":[{\"@type\":\"ListItem\",\"position\":1,\"name\":\"Startseite\",\"item\":\"https:\/\/blog.zhaw.ch\/gesundheitsoekonomie\/\"},{\"@type\":\"ListItem\",\"position\":2,\"name\":\"Urs Br\u00fcgger an seinem letzten WIG-Herbstanlass: \u00abWir sind immer cooler geworden!\u00bb\"}]},{\"@type\":\"WebSite\",\"@id\":\"https:\/\/blog.zhaw.ch\/gesundheitsoekonomie\/#website\",\"url\":\"https:\/\/blog.zhaw.ch\/gesundheitsoekonomie\/\",\"name\":\"Gesundheits\u00f6konomie @ ZHAW\",\"description\":\"Ein Blog der ZHAW Z\u00fcrcher Hochschule f\u00fcr Angewandte Wissenschaften\",\"potentialAction\":[{\"@type\":\"SearchAction\",\"target\":{\"@type\":\"EntryPoint\",\"urlTemplate\":\"https:\/\/blog.zhaw.ch\/gesundheitsoekonomie\/?s={search_term_string}\"},\"query-input\":{\"@type\":\"PropertyValueSpecification\",\"valueRequired\":true,\"valueName\":\"search_term_string\"}}],\"inLanguage\":\"de\"},{\"@type\":\"Person\",\"@id\":\"https:\/\/blog.zhaw.ch\/gesundheitsoekonomie\/#\/schema\/person\/9f23ca3c7e8761fd1498ca155fa97be5\",\"name\":\"Gesundheits\u00f6konomie @ ZHAW\",\"image\":{\"@type\":\"ImageObject\",\"inLanguage\":\"de\",\"@id\":\"https:\/\/secure.gravatar.com\/avatar\/288a1d08b0bf4c2e06b5b02bcb8c585ab944f18ce54a408ddc9104152dd07117?s=96&d=mm&r=g\",\"url\":\"https:\/\/secure.gravatar.com\/avatar\/288a1d08b0bf4c2e06b5b02bcb8c585ab944f18ce54a408ddc9104152dd07117?s=96&d=mm&r=g\",\"contentUrl\":\"https:\/\/secure.gravatar.com\/avatar\/288a1d08b0bf4c2e06b5b02bcb8c585ab944f18ce54a408ddc9104152dd07117?s=96&d=mm&r=g\",\"caption\":\"Gesundheits\u00f6konomie @ ZHAW\"},\"url\":\"https:\/\/blog.zhaw.ch\/gesundheitsoekonomie\/author\/grbd\/\"}]}<\/script>\n<!-- \/ Yoast SEO Premium plugin. -->","yoast_head_json":{"title":"Urs Br\u00fcgger an seinem letzten WIG-Herbstanlass: \u00abWir sind immer cooler geworden!\u00bb - Gesundheits\u00f6konomie @ ZHAW","robots":{"index":"index","follow":"follow","max-snippet":"max-snippet:-1","max-image-preview":"max-image-preview:large","max-video-preview":"max-video-preview:-1"},"canonical":"https:\/\/blog.zhaw.ch\/gesundheitsoekonomie\/2017\/11\/29\/urs-bruegger-an-seinem-letzten-wig-herbstanlass-wir-sind-immer-cooler-geworden\/","og_locale":"de_DE","og_type":"article","og_title":"Urs Br\u00fcgger an seinem letzten WIG-Herbstanlass: \u00abWir sind immer cooler geworden!\u00bb","og_description":"Von Manuela Eberhard Am WIG-Herbstanlass 2017 wurde verabschiedet und begr\u00fcsst. Eine Hommage an den langj\u00e4hrigen Institutsleiter Urs Br\u00fcgger \u2013 und ein herzliches Willkommen an seinen baldigen Nachfolger Simon Wieser. Der diesj\u00e4hrige Herbstanlass des Winterthurer Institut f\u00fcr Gesundheits\u00f6konomie war so ganz anders, als jene zuvor. Spitaldirektor Rolf Zehnder, der die zahlreichen G\u00e4ste und Referenten durch den [&hellip;]","og_url":"https:\/\/blog.zhaw.ch\/gesundheitsoekonomie\/2017\/11\/29\/urs-bruegger-an-seinem-letzten-wig-herbstanlass-wir-sind-immer-cooler-geworden\/","og_site_name":"Gesundheits\u00f6konomie @ ZHAW","article_published_time":"2017-11-29T08:00:08+00:00","article_modified_time":"2020-01-09T13:39:53+00:00","og_image":[{"width":2520,"height":1680,"url":"https:\/\/blog.zhaw.ch\/gesundheitsoekonomie\/files\/2017\/11\/Herbstanlass-2017_01.jpg","type":"image\/jpeg"}],"author":"Gesundheits\u00f6konomie @ ZHAW","twitter_card":"summary_large_image","twitter_misc":{"Verfasst von":"Gesundheits\u00f6konomie @ ZHAW","Gesch\u00e4tzte Lesezeit":"3\u00a0Minuten"},"schema":{"@context":"https:\/\/schema.org","@graph":[{"@type":"Article","@id":"https:\/\/blog.zhaw.ch\/gesundheitsoekonomie\/2017\/11\/29\/urs-bruegger-an-seinem-letzten-wig-herbstanlass-wir-sind-immer-cooler-geworden\/#article","isPartOf":{"@id":"https:\/\/blog.zhaw.ch\/gesundheitsoekonomie\/2017\/11\/29\/urs-bruegger-an-seinem-letzten-wig-herbstanlass-wir-sind-immer-cooler-geworden\/"},"author":{"name":"Gesundheits\u00f6konomie @ ZHAW","@id":"https:\/\/blog.zhaw.ch\/gesundheitsoekonomie\/#\/schema\/person\/9f23ca3c7e8761fd1498ca155fa97be5"},"headline":"Urs Br\u00fcgger an seinem letzten WIG-Herbstanlass: \u00abWir sind immer cooler geworden!\u00bb","datePublished":"2017-11-29T08:00:08+00:00","dateModified":"2020-01-09T13:39:53+00:00","mainEntityOfPage":{"@id":"https:\/\/blog.zhaw.ch\/gesundheitsoekonomie\/2017\/11\/29\/urs-bruegger-an-seinem-letzten-wig-herbstanlass-wir-sind-immer-cooler-geworden\/"},"wordCount":624,"commentCount":0,"image":{"@id":"https:\/\/blog.zhaw.ch\/gesundheitsoekonomie\/2017\/11\/29\/urs-bruegger-an-seinem-letzten-wig-herbstanlass-wir-sind-immer-cooler-geworden\/#primaryimage"},"thumbnailUrl":"https:\/\/blog.zhaw.ch\/gesundheitsoekonomie\/files\/2017\/11\/Herbstanlass-2017_01.jpg","keywords":["Manuela Eberhard"],"articleSection":["Veranstaltungen"],"inLanguage":"de","potentialAction":[{"@type":"CommentAction","name":"Comment","target":["https:\/\/blog.zhaw.ch\/gesundheitsoekonomie\/2017\/11\/29\/urs-bruegger-an-seinem-letzten-wig-herbstanlass-wir-sind-immer-cooler-geworden\/#respond"]}]},{"@type":"WebPage","@id":"https:\/\/blog.zhaw.ch\/gesundheitsoekonomie\/2017\/11\/29\/urs-bruegger-an-seinem-letzten-wig-herbstanlass-wir-sind-immer-cooler-geworden\/","url":"https:\/\/blog.zhaw.ch\/gesundheitsoekonomie\/2017\/11\/29\/urs-bruegger-an-seinem-letzten-wig-herbstanlass-wir-sind-immer-cooler-geworden\/","name":"Urs Br\u00fcgger an seinem letzten WIG-Herbstanlass: \u00abWir sind immer cooler geworden!\u00bb - Gesundheits\u00f6konomie @ ZHAW","isPartOf":{"@id":"https:\/\/blog.zhaw.ch\/gesundheitsoekonomie\/#website"},"primaryImageOfPage":{"@id":"https:\/\/blog.zhaw.ch\/gesundheitsoekonomie\/2017\/11\/29\/urs-bruegger-an-seinem-letzten-wig-herbstanlass-wir-sind-immer-cooler-geworden\/#primaryimage"},"image":{"@id":"https:\/\/blog.zhaw.ch\/gesundheitsoekonomie\/2017\/11\/29\/urs-bruegger-an-seinem-letzten-wig-herbstanlass-wir-sind-immer-cooler-geworden\/#primaryimage"},"thumbnailUrl":"https:\/\/blog.zhaw.ch\/gesundheitsoekonomie\/files\/2017\/11\/Herbstanlass-2017_01.jpg","datePublished":"2017-11-29T08:00:08+00:00","dateModified":"2020-01-09T13:39:53+00:00","author":{"@id":"https:\/\/blog.zhaw.ch\/gesundheitsoekonomie\/#\/schema\/person\/9f23ca3c7e8761fd1498ca155fa97be5"},"breadcrumb":{"@id":"https:\/\/blog.zhaw.ch\/gesundheitsoekonomie\/2017\/11\/29\/urs-bruegger-an-seinem-letzten-wig-herbstanlass-wir-sind-immer-cooler-geworden\/#breadcrumb"},"inLanguage":"de","potentialAction":[{"@type":"ReadAction","target":["https:\/\/blog.zhaw.ch\/gesundheitsoekonomie\/2017\/11\/29\/urs-bruegger-an-seinem-letzten-wig-herbstanlass-wir-sind-immer-cooler-geworden\/"]}]},{"@type":"ImageObject","inLanguage":"de","@id":"https:\/\/blog.zhaw.ch\/gesundheitsoekonomie\/2017\/11\/29\/urs-bruegger-an-seinem-letzten-wig-herbstanlass-wir-sind-immer-cooler-geworden\/#primaryimage","url":"https:\/\/blog.zhaw.ch\/gesundheitsoekonomie\/files\/2017\/11\/Herbstanlass-2017_01.jpg","contentUrl":"https:\/\/blog.zhaw.ch\/gesundheitsoekonomie\/files\/2017\/11\/Herbstanlass-2017_01.jpg","width":2520,"height":1680},{"@type":"BreadcrumbList","@id":"https:\/\/blog.zhaw.ch\/gesundheitsoekonomie\/2017\/11\/29\/urs-bruegger-an-seinem-letzten-wig-herbstanlass-wir-sind-immer-cooler-geworden\/#breadcrumb","itemListElement":[{"@type":"ListItem","position":1,"name":"Startseite","item":"https:\/\/blog.zhaw.ch\/gesundheitsoekonomie\/"},{"@type":"ListItem","position":2,"name":"Urs Br\u00fcgger an seinem letzten WIG-Herbstanlass: \u00abWir sind immer cooler geworden!\u00bb"}]},{"@type":"WebSite","@id":"https:\/\/blog.zhaw.ch\/gesundheitsoekonomie\/#website","url":"https:\/\/blog.zhaw.ch\/gesundheitsoekonomie\/","name":"Gesundheits\u00f6konomie @ ZHAW","description":"Ein Blog der ZHAW Z\u00fcrcher Hochschule f\u00fcr Angewandte Wissenschaften","potentialAction":[{"@type":"SearchAction","target":{"@type":"EntryPoint","urlTemplate":"https:\/\/blog.zhaw.ch\/gesundheitsoekonomie\/?s={search_term_string}"},"query-input":{"@type":"PropertyValueSpecification","valueRequired":true,"valueName":"search_term_string"}}],"inLanguage":"de"},{"@type":"Person","@id":"https:\/\/blog.zhaw.ch\/gesundheitsoekonomie\/#\/schema\/person\/9f23ca3c7e8761fd1498ca155fa97be5","name":"Gesundheits\u00f6konomie @ ZHAW","image":{"@type":"ImageObject","inLanguage":"de","@id":"https:\/\/secure.gravatar.com\/avatar\/288a1d08b0bf4c2e06b5b02bcb8c585ab944f18ce54a408ddc9104152dd07117?s=96&d=mm&r=g","url":"https:\/\/secure.gravatar.com\/avatar\/288a1d08b0bf4c2e06b5b02bcb8c585ab944f18ce54a408ddc9104152dd07117?s=96&d=mm&r=g","contentUrl":"https:\/\/secure.gravatar.com\/avatar\/288a1d08b0bf4c2e06b5b02bcb8c585ab944f18ce54a408ddc9104152dd07117?s=96&d=mm&r=g","caption":"Gesundheits\u00f6konomie @ ZHAW"},"url":"https:\/\/blog.zhaw.ch\/gesundheitsoekonomie\/author\/grbd\/"}]}},"_links":{"self":[{"href":"https:\/\/blog.zhaw.ch\/gesundheitsoekonomie\/wp-json\/wp\/v2\/posts\/115","targetHints":{"allow":["GET"]}}],"collection":[{"href":"https:\/\/blog.zhaw.ch\/gesundheitsoekonomie\/wp-json\/wp\/v2\/posts"}],"about":[{"href":"https:\/\/blog.zhaw.ch\/gesundheitsoekonomie\/wp-json\/wp\/v2\/types\/post"}],"author":[{"embeddable":true,"href":"https:\/\/blog.zhaw.ch\/gesundheitsoekonomie\/wp-json\/wp\/v2\/users\/394"}],"replies":[{"embeddable":true,"href":"https:\/\/blog.zhaw.ch\/gesundheitsoekonomie\/wp-json\/wp\/v2\/comments?post=115"}],"version-history":[{"count":10,"href":"https:\/\/blog.zhaw.ch\/gesundheitsoekonomie\/wp-json\/wp\/v2\/posts\/115\/revisions"}],"predecessor-version":[{"id":1621,"href":"https:\/\/blog.zhaw.ch\/gesundheitsoekonomie\/wp-json\/wp\/v2\/posts\/115\/revisions\/1621"}],"wp:featuredmedia":[{"embeddable":true,"href":"https:\/\/blog.zhaw.ch\/gesundheitsoekonomie\/wp-json\/wp\/v2\/media\/116"}],"wp:attachment":[{"href":"https:\/\/blog.zhaw.ch\/gesundheitsoekonomie\/wp-json\/wp\/v2\/media?parent=115"}],"wp:term":[{"taxonomy":"category","embeddable":true,"href":"https:\/\/blog.zhaw.ch\/gesundheitsoekonomie\/wp-json\/wp\/v2\/categories?post=115"},{"taxonomy":"post_tag","embeddable":true,"href":"https:\/\/blog.zhaw.ch\/gesundheitsoekonomie\/wp-json\/wp\/v2\/tags?post=115"},{"taxonomy":"features","embeddable":true,"href":"https:\/\/blog.zhaw.ch\/gesundheitsoekonomie\/wp-json\/wp\/v2\/features?post=115"}],"curies":[{"name":"wp","href":"https:\/\/api.w.org\/{rel}","templated":true}]}}