{"id":1089,"date":"2019-04-11T11:03:22","date_gmt":"2019-04-11T09:03:22","guid":{"rendered":"http:\/\/blog.zhaw.ch\/gesundheitsoekonomie\/?p=1089"},"modified":"2020-01-09T11:30:30","modified_gmt":"2020-01-09T10:30:30","slug":"wer-pflegt-uns-im-jahr-2030","status":"publish","type":"post","link":"https:\/\/blog.zhaw.ch\/gesundheitsoekonomie\/2019\/04\/11\/wer-pflegt-uns-im-jahr-2030\/","title":{"rendered":"Wer pflegt uns im Jahr 2030?"},"content":{"rendered":"\n<figure class=\"wp-block-image\"><img loading=\"lazy\" decoding=\"async\" width=\"571\" height=\"381\" src=\"https:\/\/blog.zhaw.ch\/gesundheitsoekonomie\/files\/2019\/04\/20190411_kzenon_final.jpg\" alt=\"\" class=\"wp-image-1109\" srcset=\"https:\/\/blog.zhaw.ch\/gesundheitsoekonomie\/files\/2019\/04\/20190411_kzenon_final.jpg 571w, https:\/\/blog.zhaw.ch\/gesundheitsoekonomie\/files\/2019\/04\/20190411_kzenon_final-300x200.jpg 300w\" sizes=\"auto, (max-width: 571px) 100vw, 571px\" \/><figcaption>Quelle Colourbox Kzenon<\/figcaption><\/figure>\n\n\n\n<p> <em>Von <a rel=\"noreferrer noopener\" href=\"https:\/\/www.zhaw.ch\/de\/ueber-uns\/person\/knof\/\" target=\"_blank\">Fabio Kn\u00f6fler<\/a><\/em> <\/p>\n\n\n\n<p>\u00abPflegenotstand in der Schweiz!\u00bb. Seit Jahren machen die\nMedien auf den Fachkr\u00e4ftemangel in der Pflege aufmerksam. Wie gravierend ist\ndie Situation? Was sind m\u00f6gliche L\u00f6sungen? Und was heisst das f\u00fcr die\nGesundheitsversorgung?<\/p>\n\n\n\n<!--more-->\n\n\n\n<p><strong>Zu wenig und zu kurz<\/strong><\/p>\n\n\n\n<p>Laut dem <a rel=\"noreferrer noopener\" aria-label=\" (\u00f6ffnet in neuem Tab)\" href=\"https:\/\/www.obsan.admin.ch\/sites\/default\/files\/publications\/2016\/obsan_bulletin_2016-12_d.pdf\" target=\"_blank\">Schweizerischen Gesundheitsobservatorium<\/a> wird der Pflegepersonalbedarf bis zum Jahr 2030 um 36% zunehmen. Die Ausbildungsabschl\u00fcsse decken diesen Personalbedarf bei weitem nicht ab. Besonders bei den diplomierten Pflegefachpersonen scheint die Situation gravierend: 2014 wurden nur 43% der erforderlichen Abschl\u00fcsse erreicht. Grund f\u00fcr die prek\u00e4re Situation ist \u2013 unter anderem \u2013 eine vergleichsweise kurze Berufsverweildauer. Auch eine <a href=\"https:\/\/www.medinside.ch\/de\/post\/fast-die-haelfte-der-pflegenden-will-anderen-beruf\" target=\"_blank\" rel=\"noreferrer noopener\" aria-label=\" (\u00f6ffnet in neuem Tab)\">neuste Umfrage<\/a> unter Pflegenden zeichnet ein wenig erfreuliches Bild: rund 47% der Befragten wollen voraussichtlich nicht bis zur Pensionierung im Beruf bleiben. <\/p>\n\n\n\n<p><strong>Was heisst das f\u00fcr\nden Pflegealltag?<\/strong><\/p>\n\n\n\n<p>Die Folgen eines Pflegemangels lassen sich bereits heute,\ninsbesondere auch in Nachbarl\u00e4ndern, beobachten. Es bleibt weniger Zeit f\u00fcr die\nPatienten und somit auch f\u00fcr eine qualitativ hochstehende Pflege, was zu\nfrustrierten Patienten und Pflegenden f\u00fchrt. Das Personal ist zudem chronisch\n\u00fcberlastet, was sich wiederum negativ auf die Berufsverweildauer auswirkt. Ein\nTeufelskreis. Was also tun?<\/p>\n\n\n\n<p><strong>Was l\u00e4uft (nicht)?<\/strong><\/p>\n\n\n\n<p>Die Rekrutierung von ausl\u00e4ndischem Pflegepersonal konnte die Situation bisher zumindest etwas abfedern. So waren zwischen 2010 und 2014 <a href=\"https:\/\/www.obsan.admin.ch\/sites\/default\/files\/publications\/2016\/obsan_bulletin_2016-12_d.pdf\" target=\"_blank\" rel=\"noreferrer noopener\" aria-label=\" (\u00f6ffnet in neuem Tab)\">drei von f\u00fcnf diplomierten Pflegefachkr\u00e4ften eingewandert<\/a>. Diese Rekrutierung im Ausland f\u00fchrt aber einerseits zu einem Mangel an (teuer ausgebildetem) Pflegepersonal in den Herkunftsl\u00e4ndern, anderseits macht sie die Schweiz abh\u00e4ngig vom Ausland und ist deshalb langfristig keine tragf\u00e4hige L\u00f6sung. Der Bund hat auf diese Herausforderungen reagiert und seit 2010 verschiedene Massnahmen zur Steigerung der Abschl\u00fcsse und zur Verl\u00e4ngerung der Berufsverweildauer umgesetzt, im Rahmen des \u00abMasterplans Bildung Pflegeberufe\u00bb und der \u00abFachkr\u00e4fteinitiative\u00bb. Diese Anstrengungen tragen erste Fr\u00fcchte. So konnten die Abschl\u00fcsse bei den Fachfrauen und -m\u00e4nnern Gesundheit in den letzten Jahren mehr als verdoppelt werden und auch bei den dipl. Pflegefachpersonen stiegen die Studieneintritte etwas an. Der Berufsverband der Pflegefachfrauen und -m\u00e4nner (SBK) fordert trotzdem weitere Massnahmen, die zu einer deutlichen Verbesserung der Situation f\u00fchren sollen. Er hat deswegen die Volksinitiative \u00abF\u00fcr eine starke Pflege\u00bb eingereicht, die den Pflegefachpersonen unter anderem das direkte Abrechnen von Leistungen erm\u00f6glichen soll. Und sofort wurden Stimmen laut, die vor einer Mengenausweitung warnen. Derzeit erarbeitet die zust\u00e4ndige Kommission des Nationalrates deshalb einen Gegenvorschlag aus. Mit dem Anliegen sei man grunds\u00e4tzlich einverstanden \u2013 die Besserstellung darf aber keine Mehrkosten verursachen. Ob und wie das erreicht werden kann, wird sich zeigen. <\/p>\n\n\n\n<p><strong>Interprofessionelle Versorgungsmodelle\nals Teil der L\u00f6sung?<\/strong><\/p>\n\n\n\n<p><a rel=\"noreferrer noopener\" aria-label=\" (\u00f6ffnet in neuem Tab)\" href=\"http:\/\/www.formative-works.ch\/content\/files\/Sottas%20-%20Evidenzlage%20Kosteneffizienz%20bei%20Interprofessionalit%C3%A4t%202016.docx.pdf\" target=\"_blank\">Verschiedene Untersuchungen<\/a> weisen darauf hin, dass durch eine verst\u00e4rkte interprofessionelle Zusammenarbeit die Zufriedenheit der Gesundheitsfachpersonen und deren Verweildauer im Beruf positiv beeinflusst werden k\u00f6nnen. Im Rahmen des vom Bundesamt f\u00fcr Gesundheit (BAG) lancierten \u00abF\u00f6rderprogramm Interprofessionalit\u00e4t im Gesundheitswesen 2017-2020\u00bb sollen deshalb die Herausforderungen und Potentiale interprofessioneller Zusammenarbeit untersucht werden.  Auch das Winterthurer Institut f\u00fcr Gesundheits\u00f6konomie ist mit dabei und evaluiert im Rahmen dieses F\u00f6rderprogramms die Auswirkungen von sogenannten \u00abTask Shifting\u00bb-Modellen, bei denen gewisse Kompetenzen von \u00c4rzten auf andere Fachpersonen \u00fcbertragen werden (siehe auch <a href=\"https:\/\/blog.zhaw.ch\/gesundheitsoekonomie\/2019\/03\/21\/dem-aerztemangel-mit-physiotherapie-begegnen\/\" target=\"_blank\" rel=\"noreferrer noopener\" aria-label=\" (\u00f6ffnet in neuem Tab)\">Blog-Beitrag vom 21.03.2019<\/a>). Wie solche Modelle in der Praxis umgesetzt werden und wie sich diese auf die Versorgung und im \u00f6konomischen Bereich \u2013 z.B. auf die Personalkosten \u2013 auswirken, dar\u00fcber wird in diesem Blog laufend berichtet.&nbsp;  <\/p>\n\n\n\n<p class=\"has-background has-pale-cyan-blue-background-color\">Fachfrau\/Fachmann\nGesundheit EFZ (FaGe) ist eine berufliche Grundausbildung. Die Ausbildung\ndauert in der Regel drei Jahre. Eingesetzt werden FaGes in der Pflege und\nBetreuung, in der Alltagsgestaltung sowie in der Administration in\nunterschiedlichen Institutionen des Gesundheitswesens. In der Regel sind sie\ndem diplomierten Pflegepersonal unterstellt. <\/p>\n\n\n\n<p class=\"has-background has-pale-cyan-blue-background-color\">Diplomierte\nPflegefachpersonen HF\/FH werden an h\u00f6heren Fachschulen oder Fachhochschulen\nausgebildet. Sie \u00fcbernehmen die Pflege und Beratung von Patienten und ihren\nAngeh\u00f6rigen in komplexen Situationen und Umst\u00e4nden mit raschen Ver\u00e4nderungen im\nSpital. Sie arbeiten selbstst\u00e4ndig und \u00fcbernehmen die fachliche Verantwortung\nf\u00fcr den Pflegeprozess.<\/p>\n\n\n\n<p><em><strong>Fabio Kn\u00f6fler<\/strong> ist wissenschaftlicher Mitarbeiter der Fachstelle Versorgungsforschung am WIG.<\/em> <\/p>\n<div class=\"pt-sm\">Schlagw\u00f6rter: <a href=\"http:\/\/blog.zhaw.ch\/gesundheitsoekonomie\/tag\/fabio-knoefler\/\">Fabio Kn\u00f6fler<\/a><br><\/div>","protected":false},"excerpt":{"rendered":"<p>Von Fabio Kn\u00f6fler \u00abPflegenotstand in der Schweiz!\u00bb. Seit Jahren machen die Medien auf den Fachkr\u00e4ftemangel in der Pflege aufmerksam. Wie gravierend ist die Situation? Was sind m\u00f6gliche L\u00f6sungen? Und was heisst das f\u00fcr die Gesundheitsversorgung? Schlagw\u00f6rter: Fabio Kn\u00f6fler<\/p>\n","protected":false},"author":394,"featured_media":0,"comment_status":"open","ping_status":"open","sticky":false,"template":"","format":"standard","meta":{"ngg_post_thumbnail":0,"footnotes":""},"categories":[7],"tags":[51],"features":[],"class_list":["post-1089","post","type-post","status-publish","format-standard","hentry","category-versorgungsforschung","tag-fabio-knoefler"],"yoast_head":"<!-- This site is optimized with the Yoast SEO Premium plugin v27.2 (Yoast SEO v27.2) - https:\/\/yoast.com\/product\/yoast-seo-premium-wordpress\/ -->\n<title>Wer pflegt uns im Jahr 2030? - Gesundheits\u00f6konomie @ ZHAW<\/title>\n<meta name=\"robots\" content=\"index, follow, max-snippet:-1, max-image-preview:large, max-video-preview:-1\" \/>\n<link rel=\"canonical\" href=\"https:\/\/blog.zhaw.ch\/gesundheitsoekonomie\/2019\/04\/11\/wer-pflegt-uns-im-jahr-2030\/\" \/>\n<meta property=\"og:locale\" content=\"de_DE\" \/>\n<meta property=\"og:type\" content=\"article\" \/>\n<meta property=\"og:title\" content=\"Wer pflegt uns im Jahr 2030?\" \/>\n<meta property=\"og:description\" content=\"Von Fabio Kn\u00f6fler \u00abPflegenotstand in der Schweiz!\u00bb. Seit Jahren machen die Medien auf den Fachkr\u00e4ftemangel in der Pflege aufmerksam. Wie gravierend ist die Situation? Was sind m\u00f6gliche L\u00f6sungen? Und was heisst das f\u00fcr die Gesundheitsversorgung? Schlagw\u00f6rter: Fabio Kn\u00f6fler\" \/>\n<meta property=\"og:url\" content=\"https:\/\/blog.zhaw.ch\/gesundheitsoekonomie\/2019\/04\/11\/wer-pflegt-uns-im-jahr-2030\/\" \/>\n<meta property=\"og:site_name\" content=\"Gesundheits\u00f6konomie @ ZHAW\" \/>\n<meta property=\"article:published_time\" content=\"2019-04-11T09:03:22+00:00\" \/>\n<meta property=\"article:modified_time\" content=\"2020-01-09T10:30:30+00:00\" \/>\n<meta property=\"og:image\" content=\"https:\/\/blog.zhaw.ch\/gesundheitsoekonomie\/files\/2019\/04\/20190411_kzenon_final.jpg\" \/>\n<meta name=\"author\" content=\"Gesundheits\u00f6konomie @ ZHAW\" \/>\n<meta name=\"twitter:card\" content=\"summary_large_image\" \/>\n<meta name=\"twitter:label1\" content=\"Verfasst von\" \/>\n\t<meta name=\"twitter:data1\" content=\"Gesundheits\u00f6konomie @ ZHAW\" \/>\n\t<meta name=\"twitter:label2\" content=\"Gesch\u00e4tzte Lesezeit\" \/>\n\t<meta name=\"twitter:data2\" content=\"3\u00a0Minuten\" \/>\n<script type=\"application\/ld+json\" class=\"yoast-schema-graph\">{\"@context\":\"https:\/\/schema.org\",\"@graph\":[{\"@type\":\"Article\",\"@id\":\"https:\/\/blog.zhaw.ch\/gesundheitsoekonomie\/2019\/04\/11\/wer-pflegt-uns-im-jahr-2030\/#article\",\"isPartOf\":{\"@id\":\"https:\/\/blog.zhaw.ch\/gesundheitsoekonomie\/2019\/04\/11\/wer-pflegt-uns-im-jahr-2030\/\"},\"author\":{\"name\":\"Gesundheits\u00f6konomie @ ZHAW\",\"@id\":\"https:\/\/blog.zhaw.ch\/gesundheitsoekonomie\/#\/schema\/person\/9f23ca3c7e8761fd1498ca155fa97be5\"},\"headline\":\"Wer pflegt uns im Jahr 2030?\",\"datePublished\":\"2019-04-11T09:03:22+00:00\",\"dateModified\":\"2020-01-09T10:30:30+00:00\",\"mainEntityOfPage\":{\"@id\":\"https:\/\/blog.zhaw.ch\/gesundheitsoekonomie\/2019\/04\/11\/wer-pflegt-uns-im-jahr-2030\/\"},\"wordCount\":662,\"commentCount\":2,\"image\":{\"@id\":\"https:\/\/blog.zhaw.ch\/gesundheitsoekonomie\/2019\/04\/11\/wer-pflegt-uns-im-jahr-2030\/#primaryimage\"},\"thumbnailUrl\":\"https:\/\/blog.zhaw.ch\/gesundheitsoekonomie\/files\/2019\/04\/20190411_kzenon_final.jpg\",\"keywords\":[\"Fabio Kn\u00f6fler\"],\"articleSection\":[\"Versorgungsforschung\"],\"inLanguage\":\"de\",\"potentialAction\":[{\"@type\":\"CommentAction\",\"name\":\"Comment\",\"target\":[\"https:\/\/blog.zhaw.ch\/gesundheitsoekonomie\/2019\/04\/11\/wer-pflegt-uns-im-jahr-2030\/#respond\"]}]},{\"@type\":\"WebPage\",\"@id\":\"https:\/\/blog.zhaw.ch\/gesundheitsoekonomie\/2019\/04\/11\/wer-pflegt-uns-im-jahr-2030\/\",\"url\":\"https:\/\/blog.zhaw.ch\/gesundheitsoekonomie\/2019\/04\/11\/wer-pflegt-uns-im-jahr-2030\/\",\"name\":\"Wer pflegt uns im Jahr 2030? - Gesundheits\u00f6konomie @ ZHAW\",\"isPartOf\":{\"@id\":\"https:\/\/blog.zhaw.ch\/gesundheitsoekonomie\/#website\"},\"primaryImageOfPage\":{\"@id\":\"https:\/\/blog.zhaw.ch\/gesundheitsoekonomie\/2019\/04\/11\/wer-pflegt-uns-im-jahr-2030\/#primaryimage\"},\"image\":{\"@id\":\"https:\/\/blog.zhaw.ch\/gesundheitsoekonomie\/2019\/04\/11\/wer-pflegt-uns-im-jahr-2030\/#primaryimage\"},\"thumbnailUrl\":\"https:\/\/blog.zhaw.ch\/gesundheitsoekonomie\/files\/2019\/04\/20190411_kzenon_final.jpg\",\"datePublished\":\"2019-04-11T09:03:22+00:00\",\"dateModified\":\"2020-01-09T10:30:30+00:00\",\"author\":{\"@id\":\"https:\/\/blog.zhaw.ch\/gesundheitsoekonomie\/#\/schema\/person\/9f23ca3c7e8761fd1498ca155fa97be5\"},\"breadcrumb\":{\"@id\":\"https:\/\/blog.zhaw.ch\/gesundheitsoekonomie\/2019\/04\/11\/wer-pflegt-uns-im-jahr-2030\/#breadcrumb\"},\"inLanguage\":\"de\",\"potentialAction\":[{\"@type\":\"ReadAction\",\"target\":[\"https:\/\/blog.zhaw.ch\/gesundheitsoekonomie\/2019\/04\/11\/wer-pflegt-uns-im-jahr-2030\/\"]}]},{\"@type\":\"ImageObject\",\"inLanguage\":\"de\",\"@id\":\"https:\/\/blog.zhaw.ch\/gesundheitsoekonomie\/2019\/04\/11\/wer-pflegt-uns-im-jahr-2030\/#primaryimage\",\"url\":\"https:\/\/blog.zhaw.ch\/gesundheitsoekonomie\/files\/2019\/04\/20190411_kzenon_final.jpg\",\"contentUrl\":\"https:\/\/blog.zhaw.ch\/gesundheitsoekonomie\/files\/2019\/04\/20190411_kzenon_final.jpg\"},{\"@type\":\"BreadcrumbList\",\"@id\":\"https:\/\/blog.zhaw.ch\/gesundheitsoekonomie\/2019\/04\/11\/wer-pflegt-uns-im-jahr-2030\/#breadcrumb\",\"itemListElement\":[{\"@type\":\"ListItem\",\"position\":1,\"name\":\"Startseite\",\"item\":\"https:\/\/blog.zhaw.ch\/gesundheitsoekonomie\/\"},{\"@type\":\"ListItem\",\"position\":2,\"name\":\"Wer pflegt uns im Jahr 2030?\"}]},{\"@type\":\"WebSite\",\"@id\":\"https:\/\/blog.zhaw.ch\/gesundheitsoekonomie\/#website\",\"url\":\"https:\/\/blog.zhaw.ch\/gesundheitsoekonomie\/\",\"name\":\"Gesundheits\u00f6konomie @ ZHAW\",\"description\":\"Ein Blog der ZHAW Z\u00fcrcher Hochschule f\u00fcr Angewandte Wissenschaften\",\"potentialAction\":[{\"@type\":\"SearchAction\",\"target\":{\"@type\":\"EntryPoint\",\"urlTemplate\":\"https:\/\/blog.zhaw.ch\/gesundheitsoekonomie\/?s={search_term_string}\"},\"query-input\":{\"@type\":\"PropertyValueSpecification\",\"valueRequired\":true,\"valueName\":\"search_term_string\"}}],\"inLanguage\":\"de\"},{\"@type\":\"Person\",\"@id\":\"https:\/\/blog.zhaw.ch\/gesundheitsoekonomie\/#\/schema\/person\/9f23ca3c7e8761fd1498ca155fa97be5\",\"name\":\"Gesundheits\u00f6konomie @ ZHAW\",\"image\":{\"@type\":\"ImageObject\",\"inLanguage\":\"de\",\"@id\":\"https:\/\/secure.gravatar.com\/avatar\/288a1d08b0bf4c2e06b5b02bcb8c585ab944f18ce54a408ddc9104152dd07117?s=96&d=mm&r=g\",\"url\":\"https:\/\/secure.gravatar.com\/avatar\/288a1d08b0bf4c2e06b5b02bcb8c585ab944f18ce54a408ddc9104152dd07117?s=96&d=mm&r=g\",\"contentUrl\":\"https:\/\/secure.gravatar.com\/avatar\/288a1d08b0bf4c2e06b5b02bcb8c585ab944f18ce54a408ddc9104152dd07117?s=96&d=mm&r=g\",\"caption\":\"Gesundheits\u00f6konomie @ ZHAW\"},\"url\":\"https:\/\/blog.zhaw.ch\/gesundheitsoekonomie\/author\/grbd\/\"}]}<\/script>\n<!-- \/ Yoast SEO Premium plugin. -->","yoast_head_json":{"title":"Wer pflegt uns im Jahr 2030? - Gesundheits\u00f6konomie @ ZHAW","robots":{"index":"index","follow":"follow","max-snippet":"max-snippet:-1","max-image-preview":"max-image-preview:large","max-video-preview":"max-video-preview:-1"},"canonical":"https:\/\/blog.zhaw.ch\/gesundheitsoekonomie\/2019\/04\/11\/wer-pflegt-uns-im-jahr-2030\/","og_locale":"de_DE","og_type":"article","og_title":"Wer pflegt uns im Jahr 2030?","og_description":"Von Fabio Kn\u00f6fler \u00abPflegenotstand in der Schweiz!\u00bb. Seit Jahren machen die Medien auf den Fachkr\u00e4ftemangel in der Pflege aufmerksam. Wie gravierend ist die Situation? Was sind m\u00f6gliche L\u00f6sungen? Und was heisst das f\u00fcr die Gesundheitsversorgung? Schlagw\u00f6rter: Fabio Kn\u00f6fler","og_url":"https:\/\/blog.zhaw.ch\/gesundheitsoekonomie\/2019\/04\/11\/wer-pflegt-uns-im-jahr-2030\/","og_site_name":"Gesundheits\u00f6konomie @ ZHAW","article_published_time":"2019-04-11T09:03:22+00:00","article_modified_time":"2020-01-09T10:30:30+00:00","og_image":[{"url":"https:\/\/blog.zhaw.ch\/gesundheitsoekonomie\/files\/2019\/04\/20190411_kzenon_final.jpg","type":"","width":"","height":""}],"author":"Gesundheits\u00f6konomie @ ZHAW","twitter_card":"summary_large_image","twitter_misc":{"Verfasst von":"Gesundheits\u00f6konomie @ ZHAW","Gesch\u00e4tzte Lesezeit":"3\u00a0Minuten"},"schema":{"@context":"https:\/\/schema.org","@graph":[{"@type":"Article","@id":"https:\/\/blog.zhaw.ch\/gesundheitsoekonomie\/2019\/04\/11\/wer-pflegt-uns-im-jahr-2030\/#article","isPartOf":{"@id":"https:\/\/blog.zhaw.ch\/gesundheitsoekonomie\/2019\/04\/11\/wer-pflegt-uns-im-jahr-2030\/"},"author":{"name":"Gesundheits\u00f6konomie @ ZHAW","@id":"https:\/\/blog.zhaw.ch\/gesundheitsoekonomie\/#\/schema\/person\/9f23ca3c7e8761fd1498ca155fa97be5"},"headline":"Wer pflegt uns im Jahr 2030?","datePublished":"2019-04-11T09:03:22+00:00","dateModified":"2020-01-09T10:30:30+00:00","mainEntityOfPage":{"@id":"https:\/\/blog.zhaw.ch\/gesundheitsoekonomie\/2019\/04\/11\/wer-pflegt-uns-im-jahr-2030\/"},"wordCount":662,"commentCount":2,"image":{"@id":"https:\/\/blog.zhaw.ch\/gesundheitsoekonomie\/2019\/04\/11\/wer-pflegt-uns-im-jahr-2030\/#primaryimage"},"thumbnailUrl":"https:\/\/blog.zhaw.ch\/gesundheitsoekonomie\/files\/2019\/04\/20190411_kzenon_final.jpg","keywords":["Fabio Kn\u00f6fler"],"articleSection":["Versorgungsforschung"],"inLanguage":"de","potentialAction":[{"@type":"CommentAction","name":"Comment","target":["https:\/\/blog.zhaw.ch\/gesundheitsoekonomie\/2019\/04\/11\/wer-pflegt-uns-im-jahr-2030\/#respond"]}]},{"@type":"WebPage","@id":"https:\/\/blog.zhaw.ch\/gesundheitsoekonomie\/2019\/04\/11\/wer-pflegt-uns-im-jahr-2030\/","url":"https:\/\/blog.zhaw.ch\/gesundheitsoekonomie\/2019\/04\/11\/wer-pflegt-uns-im-jahr-2030\/","name":"Wer pflegt uns im Jahr 2030? - Gesundheits\u00f6konomie @ ZHAW","isPartOf":{"@id":"https:\/\/blog.zhaw.ch\/gesundheitsoekonomie\/#website"},"primaryImageOfPage":{"@id":"https:\/\/blog.zhaw.ch\/gesundheitsoekonomie\/2019\/04\/11\/wer-pflegt-uns-im-jahr-2030\/#primaryimage"},"image":{"@id":"https:\/\/blog.zhaw.ch\/gesundheitsoekonomie\/2019\/04\/11\/wer-pflegt-uns-im-jahr-2030\/#primaryimage"},"thumbnailUrl":"https:\/\/blog.zhaw.ch\/gesundheitsoekonomie\/files\/2019\/04\/20190411_kzenon_final.jpg","datePublished":"2019-04-11T09:03:22+00:00","dateModified":"2020-01-09T10:30:30+00:00","author":{"@id":"https:\/\/blog.zhaw.ch\/gesundheitsoekonomie\/#\/schema\/person\/9f23ca3c7e8761fd1498ca155fa97be5"},"breadcrumb":{"@id":"https:\/\/blog.zhaw.ch\/gesundheitsoekonomie\/2019\/04\/11\/wer-pflegt-uns-im-jahr-2030\/#breadcrumb"},"inLanguage":"de","potentialAction":[{"@type":"ReadAction","target":["https:\/\/blog.zhaw.ch\/gesundheitsoekonomie\/2019\/04\/11\/wer-pflegt-uns-im-jahr-2030\/"]}]},{"@type":"ImageObject","inLanguage":"de","@id":"https:\/\/blog.zhaw.ch\/gesundheitsoekonomie\/2019\/04\/11\/wer-pflegt-uns-im-jahr-2030\/#primaryimage","url":"https:\/\/blog.zhaw.ch\/gesundheitsoekonomie\/files\/2019\/04\/20190411_kzenon_final.jpg","contentUrl":"https:\/\/blog.zhaw.ch\/gesundheitsoekonomie\/files\/2019\/04\/20190411_kzenon_final.jpg"},{"@type":"BreadcrumbList","@id":"https:\/\/blog.zhaw.ch\/gesundheitsoekonomie\/2019\/04\/11\/wer-pflegt-uns-im-jahr-2030\/#breadcrumb","itemListElement":[{"@type":"ListItem","position":1,"name":"Startseite","item":"https:\/\/blog.zhaw.ch\/gesundheitsoekonomie\/"},{"@type":"ListItem","position":2,"name":"Wer pflegt uns im Jahr 2030?"}]},{"@type":"WebSite","@id":"https:\/\/blog.zhaw.ch\/gesundheitsoekonomie\/#website","url":"https:\/\/blog.zhaw.ch\/gesundheitsoekonomie\/","name":"Gesundheits\u00f6konomie @ ZHAW","description":"Ein Blog der ZHAW Z\u00fcrcher Hochschule f\u00fcr Angewandte Wissenschaften","potentialAction":[{"@type":"SearchAction","target":{"@type":"EntryPoint","urlTemplate":"https:\/\/blog.zhaw.ch\/gesundheitsoekonomie\/?s={search_term_string}"},"query-input":{"@type":"PropertyValueSpecification","valueRequired":true,"valueName":"search_term_string"}}],"inLanguage":"de"},{"@type":"Person","@id":"https:\/\/blog.zhaw.ch\/gesundheitsoekonomie\/#\/schema\/person\/9f23ca3c7e8761fd1498ca155fa97be5","name":"Gesundheits\u00f6konomie @ ZHAW","image":{"@type":"ImageObject","inLanguage":"de","@id":"https:\/\/secure.gravatar.com\/avatar\/288a1d08b0bf4c2e06b5b02bcb8c585ab944f18ce54a408ddc9104152dd07117?s=96&d=mm&r=g","url":"https:\/\/secure.gravatar.com\/avatar\/288a1d08b0bf4c2e06b5b02bcb8c585ab944f18ce54a408ddc9104152dd07117?s=96&d=mm&r=g","contentUrl":"https:\/\/secure.gravatar.com\/avatar\/288a1d08b0bf4c2e06b5b02bcb8c585ab944f18ce54a408ddc9104152dd07117?s=96&d=mm&r=g","caption":"Gesundheits\u00f6konomie @ ZHAW"},"url":"https:\/\/blog.zhaw.ch\/gesundheitsoekonomie\/author\/grbd\/"}]}},"_links":{"self":[{"href":"https:\/\/blog.zhaw.ch\/gesundheitsoekonomie\/wp-json\/wp\/v2\/posts\/1089","targetHints":{"allow":["GET"]}}],"collection":[{"href":"https:\/\/blog.zhaw.ch\/gesundheitsoekonomie\/wp-json\/wp\/v2\/posts"}],"about":[{"href":"https:\/\/blog.zhaw.ch\/gesundheitsoekonomie\/wp-json\/wp\/v2\/types\/post"}],"author":[{"embeddable":true,"href":"https:\/\/blog.zhaw.ch\/gesundheitsoekonomie\/wp-json\/wp\/v2\/users\/394"}],"replies":[{"embeddable":true,"href":"https:\/\/blog.zhaw.ch\/gesundheitsoekonomie\/wp-json\/wp\/v2\/comments?post=1089"}],"version-history":[{"count":12,"href":"https:\/\/blog.zhaw.ch\/gesundheitsoekonomie\/wp-json\/wp\/v2\/posts\/1089\/revisions"}],"predecessor-version":[{"id":1115,"href":"https:\/\/blog.zhaw.ch\/gesundheitsoekonomie\/wp-json\/wp\/v2\/posts\/1089\/revisions\/1115"}],"wp:attachment":[{"href":"https:\/\/blog.zhaw.ch\/gesundheitsoekonomie\/wp-json\/wp\/v2\/media?parent=1089"}],"wp:term":[{"taxonomy":"category","embeddable":true,"href":"https:\/\/blog.zhaw.ch\/gesundheitsoekonomie\/wp-json\/wp\/v2\/categories?post=1089"},{"taxonomy":"post_tag","embeddable":true,"href":"https:\/\/blog.zhaw.ch\/gesundheitsoekonomie\/wp-json\/wp\/v2\/tags?post=1089"},{"taxonomy":"features","embeddable":true,"href":"https:\/\/blog.zhaw.ch\/gesundheitsoekonomie\/wp-json\/wp\/v2\/features?post=1089"}],"curies":[{"name":"wp","href":"https:\/\/api.w.org\/{rel}","templated":true}]}}