{"id":947,"date":"2011-03-15T15:54:17","date_gmt":"2011-03-15T15:54:17","guid":{"rendered":"http:\/\/www.forschungssupport.ch\/?p=947"},"modified":"2011-03-15T15:54:17","modified_gmt":"2011-03-15T15:54:17","slug":"aal-nationaler-informationstag-am-1-april-in-zurich","status":"publish","type":"post","link":"https:\/\/blog.zhaw.ch\/forschungssupport\/aal-nationaler-informationstag-am-1-april-in-zurich\/","title":{"rendered":"AAL: Nationaler Informationstag am 1. April in Z\u00fcrich"},"content":{"rendered":"<p><a href=\"http:\/\/blog.zhaw.ch\/forschungssupport\/files\/2010\/07\/AAL_ambient_assisted_living.gif\"><img loading=\"lazy\" decoding=\"async\" class=\"alignleft size-full wp-image-306\" title=\"AAL_ambient_assisted_living\" src=\"http:\/\/blog.zhaw.ch\/forschungssupport\/files\/2010\/07\/AAL_ambient_assisted_living.gif\" alt=\"\" width=\"188\" height=\"87\" \/><\/a>Invitation for this year\u2019s <strong>national AAL information event in Zurich on<\/strong> <strong>1 April 2011<\/strong>, hosted by the ICT Accessibility Group of the Swiss Informatics Society and the Federal Office for Professional Education and Technology (OPET). <a href=\"http:\/\/blog.zhaw.ch\/forschungssupport\/files\/2011\/03\/AAL-Info-Event-Z\u00fcrich-2011.pdf\">AAL Info-Event Z\u00fcrich 2011<\/a><\/p>\n<p>The event addresses all Swiss stakeholders interested in participating in the upcoming AAL call 4; it will give an overview of the AAL Joint Programme, provide essential information on call 4 (subjects, application procedure, funding rules etc.) and present a showcase of a running AAL project in Switzerland.<\/p>\n<p>Please note that two transnational AAL information and networking events are also being organized in the context of AAL call 4:<\/p>\n<p><strong>Brussels, 7 April 2011<\/strong>: European AAL information and networking day<\/p>\n<p><strong>Innsbruck, 11 April 2011 <\/strong>Joint Austrian-German-Swiss AAL information and networking day<\/p>\n<p><strong>Geneva, 15 April 2011 <\/strong>Joint French-Swiss AAL information and networking day at the University of Geneva<\/p>\n<p>The events in Brussels, Geneva and Innsbruck will also feature a <strong>networking session<\/strong> to give potential project partners from different fields and countries the opportunity to discuss their project ideas and establish valuable contacts.<\/p>\n<p>For further information on these events please visit our <span style=\"text-decoration: underline\"><a href=\"http:\/\/www.bbt.admin.ch\/aal\" target=\"_blank\">website<\/a><\/span><\/p>\n<p>Kind regards, <strong>Barbla R\u00fcegg <\/strong>Project Officer<\/p>\n<div class=\"pt-sm\">Schlagw\u00f6rter: <a href=\"https:\/\/blog.zhaw.ch\/forschungssupport\/tag\/aal\/\">AAL<\/a><br><\/div>","protected":false},"excerpt":{"rendered":"<p>Invitation for this year\u2019s national AAL information event in Zurich on 1 April 2011, hosted by the ICT Accessibility Group of the Swiss Informatics Society and the Federal Office for Professional Education and Technology (OPET). AAL Info-Event Z\u00fcrich 2011 The event addresses all Swiss stakeholders interested in participating in the upcoming AAL call 4; it [&hellip;]<\/p>\n","protected":false},"author":10,"featured_media":0,"comment_status":"open","ping_status":"open","sticky":false,"template":"","format":"standard","meta":{"ngg_post_thumbnail":0,"footnotes":""},"categories":[22,5,8,16,17],"tags":[25],"features":[],"class_list":["post-947","post","type-post","status-publish","format-standard","hentry","category-eu-fp7","category-forderinstutionen","category-internationales","category-veranstaltungen-extern","category-veranstaltungen-international","tag-aal"],"yoast_head":"<!-- This site is optimized with the Yoast SEO Premium plugin v27.2 (Yoast SEO v27.2) - https:\/\/yoast.com\/product\/yoast-seo-premium-wordpress\/ -->\n<title>AAL: Nationaler Informationstag am 1. April in Z\u00fcrich - Blog f\u00fcr Forschung und Entwicklung<\/title>\n<meta name=\"robots\" content=\"index, follow, max-snippet:-1, max-image-preview:large, max-video-preview:-1\" \/>\n<link rel=\"canonical\" href=\"https:\/\/blog.zhaw.ch\/forschungssupport\/aal-nationaler-informationstag-am-1-april-in-zurich\/\" \/>\n<meta property=\"og:locale\" content=\"de_DE\" \/>\n<meta property=\"og:type\" content=\"article\" \/>\n<meta property=\"og:title\" content=\"AAL: Nationaler Informationstag am 1. April in Z\u00fcrich\" \/>\n<meta property=\"og:description\" content=\"Invitation for this year\u2019s national AAL information event in Zurich on 1 April 2011, hosted by the ICT Accessibility Group of the Swiss Informatics Society and the Federal Office for Professional Education and Technology (OPET). AAL Info-Event Z\u00fcrich 2011 The event addresses all Swiss stakeholders interested in participating in the upcoming AAL call 4; it [&hellip;]\" \/>\n<meta property=\"og:url\" content=\"https:\/\/blog.zhaw.ch\/forschungssupport\/aal-nationaler-informationstag-am-1-april-in-zurich\/\" \/>\n<meta property=\"og:site_name\" content=\"Blog f\u00fcr Forschung und Entwicklung\" \/>\n<meta property=\"article:published_time\" content=\"2011-03-15T15:54:17+00:00\" \/>\n<meta property=\"og:image\" content=\"http:\/\/blog.zhaw.ch\/forschungssupport\/files\/2010\/07\/AAL_ambient_assisted_living.gif\" \/>\n<meta name=\"author\" content=\"Heinrich St\u00fclpnagel\" \/>\n<meta name=\"twitter:card\" content=\"summary_large_image\" \/>\n<meta name=\"twitter:label1\" content=\"Verfasst von\" \/>\n\t<meta name=\"twitter:data1\" content=\"Heinrich St\u00fclpnagel\" \/>\n\t<meta name=\"twitter:label2\" content=\"Gesch\u00e4tzte Lesezeit\" \/>\n\t<meta name=\"twitter:data2\" content=\"1\u00a0Minute\" \/>\n<script type=\"application\/ld+json\" class=\"yoast-schema-graph\">{\"@context\":\"https:\/\/schema.org\",\"@graph\":[{\"@type\":\"Article\",\"@id\":\"https:\/\/blog.zhaw.ch\/forschungssupport\/aal-nationaler-informationstag-am-1-april-in-zurich\/#article\",\"isPartOf\":{\"@id\":\"https:\/\/blog.zhaw.ch\/forschungssupport\/aal-nationaler-informationstag-am-1-april-in-zurich\/\"},\"author\":{\"name\":\"Heinrich St\u00fclpnagel\",\"@id\":\"https:\/\/blog.zhaw.ch\/forschungssupport\/#\/schema\/person\/ac9b72054c9b75700c5fe6696ee3dfb0\"},\"headline\":\"AAL: Nationaler Informationstag am 1. April in Z\u00fcrich\",\"datePublished\":\"2011-03-15T15:54:17+00:00\",\"mainEntityOfPage\":{\"@id\":\"https:\/\/blog.zhaw.ch\/forschungssupport\/aal-nationaler-informationstag-am-1-april-in-zurich\/\"},\"wordCount\":194,\"commentCount\":0,\"image\":{\"@id\":\"https:\/\/blog.zhaw.ch\/forschungssupport\/aal-nationaler-informationstag-am-1-april-in-zurich\/#primaryimage\"},\"thumbnailUrl\":\"http:\/\/blog.zhaw.ch\/forschungssupport\/files\/2010\/07\/AAL_ambient_assisted_living.gif\",\"keywords\":[\"AAL\"],\"articleSection\":[\"EU FP7\",\"F\u00f6rderinstitutionen\",\"Internationales\",\"Veranstaltungen extern\",\"Veranstaltungen International\"],\"inLanguage\":\"de\",\"potentialAction\":[{\"@type\":\"CommentAction\",\"name\":\"Comment\",\"target\":[\"https:\/\/blog.zhaw.ch\/forschungssupport\/aal-nationaler-informationstag-am-1-april-in-zurich\/#respond\"]}]},{\"@type\":\"WebPage\",\"@id\":\"https:\/\/blog.zhaw.ch\/forschungssupport\/aal-nationaler-informationstag-am-1-april-in-zurich\/\",\"url\":\"https:\/\/blog.zhaw.ch\/forschungssupport\/aal-nationaler-informationstag-am-1-april-in-zurich\/\",\"name\":\"AAL: Nationaler Informationstag am 1. April in Z\u00fcrich - Blog f\u00fcr Forschung und Entwicklung\",\"isPartOf\":{\"@id\":\"https:\/\/blog.zhaw.ch\/forschungssupport\/#website\"},\"primaryImageOfPage\":{\"@id\":\"https:\/\/blog.zhaw.ch\/forschungssupport\/aal-nationaler-informationstag-am-1-april-in-zurich\/#primaryimage\"},\"image\":{\"@id\":\"https:\/\/blog.zhaw.ch\/forschungssupport\/aal-nationaler-informationstag-am-1-april-in-zurich\/#primaryimage\"},\"thumbnailUrl\":\"http:\/\/blog.zhaw.ch\/forschungssupport\/files\/2010\/07\/AAL_ambient_assisted_living.gif\",\"datePublished\":\"2011-03-15T15:54:17+00:00\",\"author\":{\"@id\":\"https:\/\/blog.zhaw.ch\/forschungssupport\/#\/schema\/person\/ac9b72054c9b75700c5fe6696ee3dfb0\"},\"breadcrumb\":{\"@id\":\"https:\/\/blog.zhaw.ch\/forschungssupport\/aal-nationaler-informationstag-am-1-april-in-zurich\/#breadcrumb\"},\"inLanguage\":\"de\",\"potentialAction\":[{\"@type\":\"ReadAction\",\"target\":[\"https:\/\/blog.zhaw.ch\/forschungssupport\/aal-nationaler-informationstag-am-1-april-in-zurich\/\"]}]},{\"@type\":\"ImageObject\",\"inLanguage\":\"de\",\"@id\":\"https:\/\/blog.zhaw.ch\/forschungssupport\/aal-nationaler-informationstag-am-1-april-in-zurich\/#primaryimage\",\"url\":\"http:\/\/blog.zhaw.ch\/forschungssupport\/files\/2010\/07\/AAL_ambient_assisted_living.gif\",\"contentUrl\":\"http:\/\/blog.zhaw.ch\/forschungssupport\/files\/2010\/07\/AAL_ambient_assisted_living.gif\"},{\"@type\":\"BreadcrumbList\",\"@id\":\"https:\/\/blog.zhaw.ch\/forschungssupport\/aal-nationaler-informationstag-am-1-april-in-zurich\/#breadcrumb\",\"itemListElement\":[{\"@type\":\"ListItem\",\"position\":1,\"name\":\"Startseite\",\"item\":\"https:\/\/blog.zhaw.ch\/forschungssupport\/\"},{\"@type\":\"ListItem\",\"position\":2,\"name\":\"AAL: Nationaler Informationstag am 1. April in Z\u00fcrich\"}]},{\"@type\":\"WebSite\",\"@id\":\"https:\/\/blog.zhaw.ch\/forschungssupport\/#website\",\"url\":\"https:\/\/blog.zhaw.ch\/forschungssupport\/\",\"name\":\"Blog f\u00fcr Forschung und Entwicklung\",\"description\":\"Ein Blog der ZHAW Z\u00fcrcher Hochschule f\u00fcr Angewandte Wissenschaften\",\"potentialAction\":[{\"@type\":\"SearchAction\",\"target\":{\"@type\":\"EntryPoint\",\"urlTemplate\":\"https:\/\/blog.zhaw.ch\/forschungssupport\/?s={search_term_string}\"},\"query-input\":{\"@type\":\"PropertyValueSpecification\",\"valueRequired\":true,\"valueName\":\"search_term_string\"}}],\"inLanguage\":\"de\"},{\"@type\":\"Person\",\"@id\":\"https:\/\/blog.zhaw.ch\/forschungssupport\/#\/schema\/person\/ac9b72054c9b75700c5fe6696ee3dfb0\",\"name\":\"Heinrich St\u00fclpnagel\",\"image\":{\"@type\":\"ImageObject\",\"inLanguage\":\"de\",\"@id\":\"https:\/\/secure.gravatar.com\/avatar\/abb16a8086434b08b727ee8686cd30a270b9a039f415b3546c1ab03c85b7b91c?s=96&d=mm&r=g\",\"url\":\"https:\/\/secure.gravatar.com\/avatar\/abb16a8086434b08b727ee8686cd30a270b9a039f415b3546c1ab03c85b7b91c?s=96&d=mm&r=g\",\"contentUrl\":\"https:\/\/secure.gravatar.com\/avatar\/abb16a8086434b08b727ee8686cd30a270b9a039f415b3546c1ab03c85b7b91c?s=96&d=mm&r=g\",\"caption\":\"Heinrich St\u00fclpnagel\"},\"sameAs\":[\"http:\/\/www.zhaw.ch\/Forschung\"],\"url\":\"https:\/\/blog.zhaw.ch\/forschungssupport\/author\/stph\/\"}]}<\/script>\n<!-- \/ Yoast SEO Premium plugin. -->","yoast_head_json":{"title":"AAL: Nationaler Informationstag am 1. April in Z\u00fcrich - Blog f\u00fcr Forschung und Entwicklung","robots":{"index":"index","follow":"follow","max-snippet":"max-snippet:-1","max-image-preview":"max-image-preview:large","max-video-preview":"max-video-preview:-1"},"canonical":"https:\/\/blog.zhaw.ch\/forschungssupport\/aal-nationaler-informationstag-am-1-april-in-zurich\/","og_locale":"de_DE","og_type":"article","og_title":"AAL: Nationaler Informationstag am 1. April in Z\u00fcrich","og_description":"Invitation for this year\u2019s national AAL information event in Zurich on 1 April 2011, hosted by the ICT Accessibility Group of the Swiss Informatics Society and the Federal Office for Professional Education and Technology (OPET). AAL Info-Event Z\u00fcrich 2011 The event addresses all Swiss stakeholders interested in participating in the upcoming AAL call 4; it [&hellip;]","og_url":"https:\/\/blog.zhaw.ch\/forschungssupport\/aal-nationaler-informationstag-am-1-april-in-zurich\/","og_site_name":"Blog f\u00fcr Forschung und Entwicklung","article_published_time":"2011-03-15T15:54:17+00:00","og_image":[{"url":"http:\/\/blog.zhaw.ch\/forschungssupport\/files\/2010\/07\/AAL_ambient_assisted_living.gif","type":"","width":"","height":""}],"author":"Heinrich St\u00fclpnagel","twitter_card":"summary_large_image","twitter_misc":{"Verfasst von":"Heinrich St\u00fclpnagel","Gesch\u00e4tzte Lesezeit":"1\u00a0Minute"},"schema":{"@context":"https:\/\/schema.org","@graph":[{"@type":"Article","@id":"https:\/\/blog.zhaw.ch\/forschungssupport\/aal-nationaler-informationstag-am-1-april-in-zurich\/#article","isPartOf":{"@id":"https:\/\/blog.zhaw.ch\/forschungssupport\/aal-nationaler-informationstag-am-1-april-in-zurich\/"},"author":{"name":"Heinrich St\u00fclpnagel","@id":"https:\/\/blog.zhaw.ch\/forschungssupport\/#\/schema\/person\/ac9b72054c9b75700c5fe6696ee3dfb0"},"headline":"AAL: Nationaler Informationstag am 1. April in Z\u00fcrich","datePublished":"2011-03-15T15:54:17+00:00","mainEntityOfPage":{"@id":"https:\/\/blog.zhaw.ch\/forschungssupport\/aal-nationaler-informationstag-am-1-april-in-zurich\/"},"wordCount":194,"commentCount":0,"image":{"@id":"https:\/\/blog.zhaw.ch\/forschungssupport\/aal-nationaler-informationstag-am-1-april-in-zurich\/#primaryimage"},"thumbnailUrl":"http:\/\/blog.zhaw.ch\/forschungssupport\/files\/2010\/07\/AAL_ambient_assisted_living.gif","keywords":["AAL"],"articleSection":["EU FP7","F\u00f6rderinstitutionen","Internationales","Veranstaltungen extern","Veranstaltungen International"],"inLanguage":"de","potentialAction":[{"@type":"CommentAction","name":"Comment","target":["https:\/\/blog.zhaw.ch\/forschungssupport\/aal-nationaler-informationstag-am-1-april-in-zurich\/#respond"]}]},{"@type":"WebPage","@id":"https:\/\/blog.zhaw.ch\/forschungssupport\/aal-nationaler-informationstag-am-1-april-in-zurich\/","url":"https:\/\/blog.zhaw.ch\/forschungssupport\/aal-nationaler-informationstag-am-1-april-in-zurich\/","name":"AAL: Nationaler Informationstag am 1. April in Z\u00fcrich - Blog f\u00fcr Forschung und Entwicklung","isPartOf":{"@id":"https:\/\/blog.zhaw.ch\/forschungssupport\/#website"},"primaryImageOfPage":{"@id":"https:\/\/blog.zhaw.ch\/forschungssupport\/aal-nationaler-informationstag-am-1-april-in-zurich\/#primaryimage"},"image":{"@id":"https:\/\/blog.zhaw.ch\/forschungssupport\/aal-nationaler-informationstag-am-1-april-in-zurich\/#primaryimage"},"thumbnailUrl":"http:\/\/blog.zhaw.ch\/forschungssupport\/files\/2010\/07\/AAL_ambient_assisted_living.gif","datePublished":"2011-03-15T15:54:17+00:00","author":{"@id":"https:\/\/blog.zhaw.ch\/forschungssupport\/#\/schema\/person\/ac9b72054c9b75700c5fe6696ee3dfb0"},"breadcrumb":{"@id":"https:\/\/blog.zhaw.ch\/forschungssupport\/aal-nationaler-informationstag-am-1-april-in-zurich\/#breadcrumb"},"inLanguage":"de","potentialAction":[{"@type":"ReadAction","target":["https:\/\/blog.zhaw.ch\/forschungssupport\/aal-nationaler-informationstag-am-1-april-in-zurich\/"]}]},{"@type":"ImageObject","inLanguage":"de","@id":"https:\/\/blog.zhaw.ch\/forschungssupport\/aal-nationaler-informationstag-am-1-april-in-zurich\/#primaryimage","url":"http:\/\/blog.zhaw.ch\/forschungssupport\/files\/2010\/07\/AAL_ambient_assisted_living.gif","contentUrl":"http:\/\/blog.zhaw.ch\/forschungssupport\/files\/2010\/07\/AAL_ambient_assisted_living.gif"},{"@type":"BreadcrumbList","@id":"https:\/\/blog.zhaw.ch\/forschungssupport\/aal-nationaler-informationstag-am-1-april-in-zurich\/#breadcrumb","itemListElement":[{"@type":"ListItem","position":1,"name":"Startseite","item":"https:\/\/blog.zhaw.ch\/forschungssupport\/"},{"@type":"ListItem","position":2,"name":"AAL: Nationaler Informationstag am 1. April in Z\u00fcrich"}]},{"@type":"WebSite","@id":"https:\/\/blog.zhaw.ch\/forschungssupport\/#website","url":"https:\/\/blog.zhaw.ch\/forschungssupport\/","name":"Blog f\u00fcr Forschung und Entwicklung","description":"Ein Blog der ZHAW Z\u00fcrcher Hochschule f\u00fcr Angewandte Wissenschaften","potentialAction":[{"@type":"SearchAction","target":{"@type":"EntryPoint","urlTemplate":"https:\/\/blog.zhaw.ch\/forschungssupport\/?s={search_term_string}"},"query-input":{"@type":"PropertyValueSpecification","valueRequired":true,"valueName":"search_term_string"}}],"inLanguage":"de"},{"@type":"Person","@id":"https:\/\/blog.zhaw.ch\/forschungssupport\/#\/schema\/person\/ac9b72054c9b75700c5fe6696ee3dfb0","name":"Heinrich St\u00fclpnagel","image":{"@type":"ImageObject","inLanguage":"de","@id":"https:\/\/secure.gravatar.com\/avatar\/abb16a8086434b08b727ee8686cd30a270b9a039f415b3546c1ab03c85b7b91c?s=96&d=mm&r=g","url":"https:\/\/secure.gravatar.com\/avatar\/abb16a8086434b08b727ee8686cd30a270b9a039f415b3546c1ab03c85b7b91c?s=96&d=mm&r=g","contentUrl":"https:\/\/secure.gravatar.com\/avatar\/abb16a8086434b08b727ee8686cd30a270b9a039f415b3546c1ab03c85b7b91c?s=96&d=mm&r=g","caption":"Heinrich St\u00fclpnagel"},"sameAs":["http:\/\/www.zhaw.ch\/Forschung"],"url":"https:\/\/blog.zhaw.ch\/forschungssupport\/author\/stph\/"}]}},"_links":{"self":[{"href":"https:\/\/blog.zhaw.ch\/forschungssupport\/wp-json\/wp\/v2\/posts\/947","targetHints":{"allow":["GET"]}}],"collection":[{"href":"https:\/\/blog.zhaw.ch\/forschungssupport\/wp-json\/wp\/v2\/posts"}],"about":[{"href":"https:\/\/blog.zhaw.ch\/forschungssupport\/wp-json\/wp\/v2\/types\/post"}],"author":[{"embeddable":true,"href":"https:\/\/blog.zhaw.ch\/forschungssupport\/wp-json\/wp\/v2\/users\/10"}],"replies":[{"embeddable":true,"href":"https:\/\/blog.zhaw.ch\/forschungssupport\/wp-json\/wp\/v2\/comments?post=947"}],"version-history":[{"count":0,"href":"https:\/\/blog.zhaw.ch\/forschungssupport\/wp-json\/wp\/v2\/posts\/947\/revisions"}],"wp:attachment":[{"href":"https:\/\/blog.zhaw.ch\/forschungssupport\/wp-json\/wp\/v2\/media?parent=947"}],"wp:term":[{"taxonomy":"category","embeddable":true,"href":"https:\/\/blog.zhaw.ch\/forschungssupport\/wp-json\/wp\/v2\/categories?post=947"},{"taxonomy":"post_tag","embeddable":true,"href":"https:\/\/blog.zhaw.ch\/forschungssupport\/wp-json\/wp\/v2\/tags?post=947"},{"taxonomy":"features","embeddable":true,"href":"https:\/\/blog.zhaw.ch\/forschungssupport\/wp-json\/wp\/v2\/features?post=947"}],"curies":[{"name":"wp","href":"https:\/\/api.w.org\/{rel}","templated":true}]}}