{"id":7263,"date":"2017-02-02T11:35:05","date_gmt":"2017-02-02T10:35:05","guid":{"rendered":"https:\/\/blog.zhaw.ch\/forschungssupport\/?p=7263"},"modified":"2017-02-02T11:35:05","modified_gmt":"2017-02-02T10:35:05","slug":"active-and-assisted-living-aal-call-2017-information-day","status":"publish","type":"post","link":"https:\/\/blog.zhaw.ch\/forschungssupport\/active-and-assisted-living-aal-call-2017-information-day\/","title":{"rendered":"Active and Assisted Living (AAL) Call 2017 Information Day"},"content":{"rendered":"<p><strong><a href=\"https:\/\/blog.zhaw.ch\/forschungssupport\/?p=7263&amp;preview=true\" target=\"_blank\"><img loading=\"lazy\" decoding=\"async\" class=\"alignleft size-medium wp-image-4213\" src=\"https:\/\/blog.zhaw.ch\/forschungssupport\/files\/2014\/03\/horizon2020-300x141.jpg\" alt=\"\" width=\"300\" height=\"141\" srcset=\"https:\/\/blog.zhaw.ch\/forschungssupport\/files\/2014\/03\/horizon2020-300x141.jpg 300w, https:\/\/blog.zhaw.ch\/forschungssupport\/files\/2014\/03\/horizon2020.jpg 360w\" sizes=\"auto, (max-width: 300px) 100vw, 300px\" \/><\/a>Get prepared for the AAL Call 2017 and visit the dedicated information day on 6 March 2017 in Brussels, Belgium.<\/strong><\/p>\n<p>&nbsp;<br \/>\nThe AAL association will organise an information day to inform the European community about the next call topic of the AAL programme: &#8222;AAL packages\/Integrated solutions \u2013 Packages integrating different solutions based on ICT to support active, healthy and independent living of older adults&#8220;.<\/p>\n<p>In addition, a consortium building seminar will be offered to learn how to set up a successful project consortium.<\/p>\n<p><a href=\"https:\/\/www.euresearch.ch\/index.php?id=499&amp;tx_ttnews%5btt_news%5d=721&amp;no_cache=1&amp;user_id=43152&amp;job_id=2596\" target=\"_blank\">More Information:<\/a><\/p>\n<div class=\"pt-sm\">Schlagw\u00f6rter: <a href=\"https:\/\/blog.zhaw.ch\/forschungssupport\/tag\/aal\/\">AAL<\/a>, <a href=\"https:\/\/blog.zhaw.ch\/forschungssupport\/tag\/information-day\/\">information day<\/a><br><\/div>","protected":false},"excerpt":{"rendered":"<p>Get prepared for the AAL Call 2017 and visit the dedicated information day on 6 March 2017 in Brussels, Belgium. &nbsp; The AAL association will organise an information day to inform the European community about the next call topic of the AAL programme: &#8222;AAL packages\/Integrated solutions \u2013 Packages integrating different solutions based on ICT to [&hellip;]<\/p>\n","protected":false},"author":309,"featured_media":0,"comment_status":"open","ping_status":"open","sticky":false,"template":"","format":"standard","meta":{"ngg_post_thumbnail":0,"footnotes":""},"categories":[3,23,8,16,17],"tags":[25,740],"features":[],"class_list":["post-7263","post","type-post","status-publish","format-standard","hentry","category-ausschreibungen","category-eu-horizon-2020","category-internationales","category-veranstaltungen-extern","category-veranstaltungen-international","tag-aal","tag-information-day"],"yoast_head":"<!-- This site is optimized with the Yoast SEO Premium plugin v27.2 (Yoast SEO v27.2) - https:\/\/yoast.com\/product\/yoast-seo-premium-wordpress\/ -->\n<title>Active and Assisted Living (AAL) Call 2017 Information Day - Blog f\u00fcr Forschung und Entwicklung<\/title>\n<meta name=\"robots\" content=\"index, follow, max-snippet:-1, max-image-preview:large, max-video-preview:-1\" \/>\n<link rel=\"canonical\" href=\"https:\/\/blog.zhaw.ch\/forschungssupport\/active-and-assisted-living-aal-call-2017-information-day\/\" \/>\n<meta property=\"og:locale\" content=\"de_DE\" \/>\n<meta property=\"og:type\" content=\"article\" \/>\n<meta property=\"og:title\" content=\"Active and Assisted Living (AAL) Call 2017 Information Day\" \/>\n<meta property=\"og:description\" content=\"Get prepared for the AAL Call 2017 and visit the dedicated information day on 6 March 2017 in Brussels, Belgium. &nbsp; The AAL association will organise an information day to inform the European community about the next call topic of the AAL programme: &#8222;AAL packages\/Integrated solutions \u2013 Packages integrating different solutions based on ICT to [&hellip;]\" \/>\n<meta property=\"og:url\" content=\"https:\/\/blog.zhaw.ch\/forschungssupport\/active-and-assisted-living-aal-call-2017-information-day\/\" \/>\n<meta property=\"og:site_name\" content=\"Blog f\u00fcr Forschung und Entwicklung\" \/>\n<meta property=\"article:published_time\" content=\"2017-02-02T10:35:05+00:00\" \/>\n<meta property=\"og:image\" content=\"https:\/\/blog.zhaw.ch\/forschungssupport\/files\/2014\/03\/horizon2020-300x141.jpg\" \/>\n<meta name=\"author\" content=\"Ressort Forschung &amp; Entwicklung \/ Dienstleistung\" \/>\n<meta name=\"twitter:card\" content=\"summary_large_image\" \/>\n<meta name=\"twitter:label1\" content=\"Verfasst von\" \/>\n\t<meta name=\"twitter:data1\" content=\"Ressort Forschung &amp; Entwicklung \/ Dienstleistung\" \/>\n<script type=\"application\/ld+json\" class=\"yoast-schema-graph\">{\"@context\":\"https:\/\/schema.org\",\"@graph\":[{\"@type\":\"Article\",\"@id\":\"https:\/\/blog.zhaw.ch\/forschungssupport\/active-and-assisted-living-aal-call-2017-information-day\/#article\",\"isPartOf\":{\"@id\":\"https:\/\/blog.zhaw.ch\/forschungssupport\/active-and-assisted-living-aal-call-2017-information-day\/\"},\"author\":{\"name\":\"Ressort Forschung &amp; Entwicklung \/ Dienstleistung\",\"@id\":\"https:\/\/blog.zhaw.ch\/forschungssupport\/#\/schema\/person\/78c63f6bb2f8917da606eee73a213a79\"},\"headline\":\"Active and Assisted Living (AAL) Call 2017 Information Day\",\"datePublished\":\"2017-02-02T10:35:05+00:00\",\"mainEntityOfPage\":{\"@id\":\"https:\/\/blog.zhaw.ch\/forschungssupport\/active-and-assisted-living-aal-call-2017-information-day\/\"},\"wordCount\":90,\"commentCount\":0,\"image\":{\"@id\":\"https:\/\/blog.zhaw.ch\/forschungssupport\/active-and-assisted-living-aal-call-2017-information-day\/#primaryimage\"},\"thumbnailUrl\":\"https:\/\/blog.zhaw.ch\/forschungssupport\/files\/2014\/03\/horizon2020-300x141.jpg\",\"keywords\":[\"AAL\",\"information day\"],\"articleSection\":[\"Ausschreibungen\",\"EU Horizon 2020\",\"Internationales\",\"Veranstaltungen extern\",\"Veranstaltungen International\"],\"inLanguage\":\"de\",\"potentialAction\":[{\"@type\":\"CommentAction\",\"name\":\"Comment\",\"target\":[\"https:\/\/blog.zhaw.ch\/forschungssupport\/active-and-assisted-living-aal-call-2017-information-day\/#respond\"]}]},{\"@type\":\"WebPage\",\"@id\":\"https:\/\/blog.zhaw.ch\/forschungssupport\/active-and-assisted-living-aal-call-2017-information-day\/\",\"url\":\"https:\/\/blog.zhaw.ch\/forschungssupport\/active-and-assisted-living-aal-call-2017-information-day\/\",\"name\":\"Active and Assisted Living (AAL) Call 2017 Information Day - Blog f\u00fcr Forschung und Entwicklung\",\"isPartOf\":{\"@id\":\"https:\/\/blog.zhaw.ch\/forschungssupport\/#website\"},\"primaryImageOfPage\":{\"@id\":\"https:\/\/blog.zhaw.ch\/forschungssupport\/active-and-assisted-living-aal-call-2017-information-day\/#primaryimage\"},\"image\":{\"@id\":\"https:\/\/blog.zhaw.ch\/forschungssupport\/active-and-assisted-living-aal-call-2017-information-day\/#primaryimage\"},\"thumbnailUrl\":\"https:\/\/blog.zhaw.ch\/forschungssupport\/files\/2014\/03\/horizon2020-300x141.jpg\",\"datePublished\":\"2017-02-02T10:35:05+00:00\",\"author\":{\"@id\":\"https:\/\/blog.zhaw.ch\/forschungssupport\/#\/schema\/person\/78c63f6bb2f8917da606eee73a213a79\"},\"breadcrumb\":{\"@id\":\"https:\/\/blog.zhaw.ch\/forschungssupport\/active-and-assisted-living-aal-call-2017-information-day\/#breadcrumb\"},\"inLanguage\":\"de\",\"potentialAction\":[{\"@type\":\"ReadAction\",\"target\":[\"https:\/\/blog.zhaw.ch\/forschungssupport\/active-and-assisted-living-aal-call-2017-information-day\/\"]}]},{\"@type\":\"ImageObject\",\"inLanguage\":\"de\",\"@id\":\"https:\/\/blog.zhaw.ch\/forschungssupport\/active-and-assisted-living-aal-call-2017-information-day\/#primaryimage\",\"url\":\"https:\/\/blog.zhaw.ch\/forschungssupport\/files\/2014\/03\/horizon2020.jpg\",\"contentUrl\":\"https:\/\/blog.zhaw.ch\/forschungssupport\/files\/2014\/03\/horizon2020.jpg\",\"width\":360,\"height\":170},{\"@type\":\"BreadcrumbList\",\"@id\":\"https:\/\/blog.zhaw.ch\/forschungssupport\/active-and-assisted-living-aal-call-2017-information-day\/#breadcrumb\",\"itemListElement\":[{\"@type\":\"ListItem\",\"position\":1,\"name\":\"Startseite\",\"item\":\"https:\/\/blog.zhaw.ch\/forschungssupport\/\"},{\"@type\":\"ListItem\",\"position\":2,\"name\":\"Active and Assisted Living (AAL) Call 2017 Information Day\"}]},{\"@type\":\"WebSite\",\"@id\":\"https:\/\/blog.zhaw.ch\/forschungssupport\/#website\",\"url\":\"https:\/\/blog.zhaw.ch\/forschungssupport\/\",\"name\":\"Blog f\u00fcr Forschung und Entwicklung\",\"description\":\"Ein Blog der ZHAW Z\u00fcrcher Hochschule f\u00fcr Angewandte Wissenschaften\",\"potentialAction\":[{\"@type\":\"SearchAction\",\"target\":{\"@type\":\"EntryPoint\",\"urlTemplate\":\"https:\/\/blog.zhaw.ch\/forschungssupport\/?s={search_term_string}\"},\"query-input\":{\"@type\":\"PropertyValueSpecification\",\"valueRequired\":true,\"valueName\":\"search_term_string\"}}],\"inLanguage\":\"de\"},{\"@type\":\"Person\",\"@id\":\"https:\/\/blog.zhaw.ch\/forschungssupport\/#\/schema\/person\/78c63f6bb2f8917da606eee73a213a79\",\"name\":\"Ressort Forschung &amp; Entwicklung \/ Dienstleistung\",\"image\":{\"@type\":\"ImageObject\",\"inLanguage\":\"de\",\"@id\":\"https:\/\/secure.gravatar.com\/avatar\/891a8e21a09e935da14dcf3e95ec677486afe574c676525ba3e74e0bb0027c95?s=96&d=mm&r=g\",\"url\":\"https:\/\/secure.gravatar.com\/avatar\/891a8e21a09e935da14dcf3e95ec677486afe574c676525ba3e74e0bb0027c95?s=96&d=mm&r=g\",\"contentUrl\":\"https:\/\/secure.gravatar.com\/avatar\/891a8e21a09e935da14dcf3e95ec677486afe574c676525ba3e74e0bb0027c95?s=96&d=mm&r=g\",\"caption\":\"Ressort Forschung &amp; Entwicklung \/ Dienstleistung\"},\"url\":\"https:\/\/blog.zhaw.ch\/forschungssupport\/author\/bilr\/\"}]}<\/script>\n<!-- \/ Yoast SEO Premium plugin. -->","yoast_head_json":{"title":"Active and Assisted Living (AAL) Call 2017 Information Day - Blog f\u00fcr Forschung und Entwicklung","robots":{"index":"index","follow":"follow","max-snippet":"max-snippet:-1","max-image-preview":"max-image-preview:large","max-video-preview":"max-video-preview:-1"},"canonical":"https:\/\/blog.zhaw.ch\/forschungssupport\/active-and-assisted-living-aal-call-2017-information-day\/","og_locale":"de_DE","og_type":"article","og_title":"Active and Assisted Living (AAL) Call 2017 Information Day","og_description":"Get prepared for the AAL Call 2017 and visit the dedicated information day on 6 March 2017 in Brussels, Belgium. &nbsp; The AAL association will organise an information day to inform the European community about the next call topic of the AAL programme: &#8222;AAL packages\/Integrated solutions \u2013 Packages integrating different solutions based on ICT to [&hellip;]","og_url":"https:\/\/blog.zhaw.ch\/forschungssupport\/active-and-assisted-living-aal-call-2017-information-day\/","og_site_name":"Blog f\u00fcr Forschung und Entwicklung","article_published_time":"2017-02-02T10:35:05+00:00","og_image":[{"url":"https:\/\/blog.zhaw.ch\/forschungssupport\/files\/2014\/03\/horizon2020-300x141.jpg","type":"","width":"","height":""}],"author":"Ressort Forschung &amp; Entwicklung \/ Dienstleistung","twitter_card":"summary_large_image","twitter_misc":{"Verfasst von":"Ressort Forschung &amp; Entwicklung \/ Dienstleistung"},"schema":{"@context":"https:\/\/schema.org","@graph":[{"@type":"Article","@id":"https:\/\/blog.zhaw.ch\/forschungssupport\/active-and-assisted-living-aal-call-2017-information-day\/#article","isPartOf":{"@id":"https:\/\/blog.zhaw.ch\/forschungssupport\/active-and-assisted-living-aal-call-2017-information-day\/"},"author":{"name":"Ressort Forschung &amp; Entwicklung \/ Dienstleistung","@id":"https:\/\/blog.zhaw.ch\/forschungssupport\/#\/schema\/person\/78c63f6bb2f8917da606eee73a213a79"},"headline":"Active and Assisted Living (AAL) Call 2017 Information Day","datePublished":"2017-02-02T10:35:05+00:00","mainEntityOfPage":{"@id":"https:\/\/blog.zhaw.ch\/forschungssupport\/active-and-assisted-living-aal-call-2017-information-day\/"},"wordCount":90,"commentCount":0,"image":{"@id":"https:\/\/blog.zhaw.ch\/forschungssupport\/active-and-assisted-living-aal-call-2017-information-day\/#primaryimage"},"thumbnailUrl":"https:\/\/blog.zhaw.ch\/forschungssupport\/files\/2014\/03\/horizon2020-300x141.jpg","keywords":["AAL","information day"],"articleSection":["Ausschreibungen","EU Horizon 2020","Internationales","Veranstaltungen extern","Veranstaltungen International"],"inLanguage":"de","potentialAction":[{"@type":"CommentAction","name":"Comment","target":["https:\/\/blog.zhaw.ch\/forschungssupport\/active-and-assisted-living-aal-call-2017-information-day\/#respond"]}]},{"@type":"WebPage","@id":"https:\/\/blog.zhaw.ch\/forschungssupport\/active-and-assisted-living-aal-call-2017-information-day\/","url":"https:\/\/blog.zhaw.ch\/forschungssupport\/active-and-assisted-living-aal-call-2017-information-day\/","name":"Active and Assisted Living (AAL) Call 2017 Information Day - Blog f\u00fcr Forschung und Entwicklung","isPartOf":{"@id":"https:\/\/blog.zhaw.ch\/forschungssupport\/#website"},"primaryImageOfPage":{"@id":"https:\/\/blog.zhaw.ch\/forschungssupport\/active-and-assisted-living-aal-call-2017-information-day\/#primaryimage"},"image":{"@id":"https:\/\/blog.zhaw.ch\/forschungssupport\/active-and-assisted-living-aal-call-2017-information-day\/#primaryimage"},"thumbnailUrl":"https:\/\/blog.zhaw.ch\/forschungssupport\/files\/2014\/03\/horizon2020-300x141.jpg","datePublished":"2017-02-02T10:35:05+00:00","author":{"@id":"https:\/\/blog.zhaw.ch\/forschungssupport\/#\/schema\/person\/78c63f6bb2f8917da606eee73a213a79"},"breadcrumb":{"@id":"https:\/\/blog.zhaw.ch\/forschungssupport\/active-and-assisted-living-aal-call-2017-information-day\/#breadcrumb"},"inLanguage":"de","potentialAction":[{"@type":"ReadAction","target":["https:\/\/blog.zhaw.ch\/forschungssupport\/active-and-assisted-living-aal-call-2017-information-day\/"]}]},{"@type":"ImageObject","inLanguage":"de","@id":"https:\/\/blog.zhaw.ch\/forschungssupport\/active-and-assisted-living-aal-call-2017-information-day\/#primaryimage","url":"https:\/\/blog.zhaw.ch\/forschungssupport\/files\/2014\/03\/horizon2020.jpg","contentUrl":"https:\/\/blog.zhaw.ch\/forschungssupport\/files\/2014\/03\/horizon2020.jpg","width":360,"height":170},{"@type":"BreadcrumbList","@id":"https:\/\/blog.zhaw.ch\/forschungssupport\/active-and-assisted-living-aal-call-2017-information-day\/#breadcrumb","itemListElement":[{"@type":"ListItem","position":1,"name":"Startseite","item":"https:\/\/blog.zhaw.ch\/forschungssupport\/"},{"@type":"ListItem","position":2,"name":"Active and Assisted Living (AAL) Call 2017 Information Day"}]},{"@type":"WebSite","@id":"https:\/\/blog.zhaw.ch\/forschungssupport\/#website","url":"https:\/\/blog.zhaw.ch\/forschungssupport\/","name":"Blog f\u00fcr Forschung und Entwicklung","description":"Ein Blog der ZHAW Z\u00fcrcher Hochschule f\u00fcr Angewandte Wissenschaften","potentialAction":[{"@type":"SearchAction","target":{"@type":"EntryPoint","urlTemplate":"https:\/\/blog.zhaw.ch\/forschungssupport\/?s={search_term_string}"},"query-input":{"@type":"PropertyValueSpecification","valueRequired":true,"valueName":"search_term_string"}}],"inLanguage":"de"},{"@type":"Person","@id":"https:\/\/blog.zhaw.ch\/forschungssupport\/#\/schema\/person\/78c63f6bb2f8917da606eee73a213a79","name":"Ressort Forschung &amp; Entwicklung \/ Dienstleistung","image":{"@type":"ImageObject","inLanguage":"de","@id":"https:\/\/secure.gravatar.com\/avatar\/891a8e21a09e935da14dcf3e95ec677486afe574c676525ba3e74e0bb0027c95?s=96&d=mm&r=g","url":"https:\/\/secure.gravatar.com\/avatar\/891a8e21a09e935da14dcf3e95ec677486afe574c676525ba3e74e0bb0027c95?s=96&d=mm&r=g","contentUrl":"https:\/\/secure.gravatar.com\/avatar\/891a8e21a09e935da14dcf3e95ec677486afe574c676525ba3e74e0bb0027c95?s=96&d=mm&r=g","caption":"Ressort Forschung &amp; Entwicklung \/ Dienstleistung"},"url":"https:\/\/blog.zhaw.ch\/forschungssupport\/author\/bilr\/"}]}},"_links":{"self":[{"href":"https:\/\/blog.zhaw.ch\/forschungssupport\/wp-json\/wp\/v2\/posts\/7263","targetHints":{"allow":["GET"]}}],"collection":[{"href":"https:\/\/blog.zhaw.ch\/forschungssupport\/wp-json\/wp\/v2\/posts"}],"about":[{"href":"https:\/\/blog.zhaw.ch\/forschungssupport\/wp-json\/wp\/v2\/types\/post"}],"author":[{"embeddable":true,"href":"https:\/\/blog.zhaw.ch\/forschungssupport\/wp-json\/wp\/v2\/users\/309"}],"replies":[{"embeddable":true,"href":"https:\/\/blog.zhaw.ch\/forschungssupport\/wp-json\/wp\/v2\/comments?post=7263"}],"version-history":[{"count":9,"href":"https:\/\/blog.zhaw.ch\/forschungssupport\/wp-json\/wp\/v2\/posts\/7263\/revisions"}],"predecessor-version":[{"id":7272,"href":"https:\/\/blog.zhaw.ch\/forschungssupport\/wp-json\/wp\/v2\/posts\/7263\/revisions\/7272"}],"wp:attachment":[{"href":"https:\/\/blog.zhaw.ch\/forschungssupport\/wp-json\/wp\/v2\/media?parent=7263"}],"wp:term":[{"taxonomy":"category","embeddable":true,"href":"https:\/\/blog.zhaw.ch\/forschungssupport\/wp-json\/wp\/v2\/categories?post=7263"},{"taxonomy":"post_tag","embeddable":true,"href":"https:\/\/blog.zhaw.ch\/forschungssupport\/wp-json\/wp\/v2\/tags?post=7263"},{"taxonomy":"features","embeddable":true,"href":"https:\/\/blog.zhaw.ch\/forschungssupport\/wp-json\/wp\/v2\/features?post=7263"}],"curies":[{"name":"wp","href":"https:\/\/api.w.org\/{rel}","templated":true}]}}