{"id":5476,"date":"2015-08-05T11:46:53","date_gmt":"2015-08-05T09:46:53","guid":{"rendered":"http:\/\/blog.zhaw.ch\/forschungssupport\/?p=5476"},"modified":"2015-08-05T11:51:17","modified_gmt":"2015-08-05T09:51:17","slug":"bicar-vision-der-urbanen-mobilitaet","status":"publish","type":"post","link":"https:\/\/blog.zhaw.ch\/forschungssupport\/bicar-vision-der-urbanen-mobilitaet\/","title":{"rendered":"BICAR &#8211; Vision der urbanen Mobilit\u00e4t"},"content":{"rendered":"<p><a href=\"http:\/\/blog.zhaw.ch\/forschungssupport\/bicar-vision-der-urbanen-mobilitaet\/#more-5476\" target=\"_blank\"><img loading=\"lazy\" decoding=\"async\" class=\" size-full wp-image-5477 alignleft\" src=\"http:\/\/blog.zhaw.ch\/forschungssupport\/files\/2015\/08\/ZPP.jpg\" alt=\"ZPP\" width=\"193\" height=\"96\" \/><\/a>Zunehmende Urbanisierung und drohender Klimawandel erfordern neue Strategien f\u00fcr einen nachhaltigeren Stadtverkehr. Mit dem BICAR entsteht unter der Leitung des Zentrums f\u00fcr Produkt- und Prozessentwicklung der ZHAW und zahlreichen Partnern und Mobilit\u00e4tsexperten ein einzigartiges wegweisendes Projekt. Das BICAR-Mobilit\u00e4tskonzept zeigt, wie urbane Mobilit\u00e4t effizient und nutzerzentriert umgesetzt werden kann \u2013 und dies \u00f6kologisch und energieeffizient.<!--more--><\/p>\n<p>Erleben Sie den BICAR live an folgenden Veranstaltungen:<\/p>\n<ul>\n<li><strong>Swiss-US Energy Innovation Days, Z\u00fcrich<\/strong><br \/>\n19.-21. August 2015<br \/>\n<a href=\"http:\/\/www.s-ge.com\/schweiz\/export\/de\/event\/swiss-us-energy-innovation-days-2015\" target=\"_blank\">http:\/\/www.s-ge.com\/schweiz\/export\/de\/event\/swiss-us-energy-innovation-days-2015<\/a><\/li>\n<li><strong>Tag der offenen T\u00fcr ZPP, Winterthur<\/strong><br \/>\n11. September 2015<br \/>\n<a href=\"http:\/\/goo.gl\/AGxoG3\" target=\"_blank\">http:\/\/goo.gl\/AGxoG3<\/a><\/li>\n<li><strong>eCarTec, M\u00fcnchen<\/strong><br \/>\n20.-22. Oktober 2015<br \/>\n<a href=\"http:\/\/www.ecartec.com\/\" target=\"_blank\">http:\/\/www.ecartec.com\/<\/a><\/li>\n<li><strong>Uster Messe, Uster<\/strong><br \/>\n22.-25. Oktober 2015<br \/>\n<a href=\"http:\/\/www.ustermesse.ch\/#Erlebniswelt\" target=\"_blank\">http:\/\/www.ustermesse.ch\/#Erlebniswelt<\/a><\/li>\n<li><strong>10. Swiss Innovation Forum 2015, Basel<\/strong><br \/>\n19. November 2015<br \/>\n<a href=\"http:\/\/www.swiss-innovation.com\/\" target=\"_blank\">http:\/\/www.swiss-innovation.com\/<\/a><\/li>\n<li><strong>Energie Lunch, Winterthur<\/strong><br \/>\n3. Dezember 2015<br \/>\n<a href=\"http:\/\/www.ebw.ch\/\" target=\"_blank\">http:\/\/www.ebw.ch\/<\/a><\/li>\n<\/ul>\n<p>Weitere Informationen:<\/p>\n<ul>\n<li><a href=\"http:\/\/customer.ticketino.com\/(S(4dkz4q55xeawqsm4tzq0ef55))\/defaultEcartec.aspx?id=1152&amp;lang=de\" target=\"_blank\">Einladungslink<\/a><\/li>\n<li><a href=\"http:\/\/blog.zhaw.ch\/bicar\/category\/events\/\" target=\"_blank\">Blogbeitrag BICAR<\/a><\/li>\n<\/ul>\n<div class=\"pt-sm\">Schlagw\u00f6rter: <a href=\"https:\/\/blog.zhaw.ch\/forschungssupport\/tag\/energie\/\">Energie<\/a>, <a href=\"https:\/\/blog.zhaw.ch\/forschungssupport\/tag\/veranstaltung-zhaw-zpp\/\">Veranstaltung ZHAW ZPP<\/a><br><\/div>","protected":false},"excerpt":{"rendered":"<p>Zunehmende Urbanisierung und drohender Klimawandel erfordern neue Strategien f\u00fcr einen nachhaltigeren Stadtverkehr. Mit dem BICAR entsteht unter der Leitung des Zentrums f\u00fcr Produkt- und Prozessentwicklung der ZHAW und zahlreichen Partnern und Mobilit\u00e4tsexperten ein einzigartiges wegweisendes Projekt. Das BICAR-Mobilit\u00e4tskonzept zeigt, wie urbane Mobilit\u00e4t effizient und nutzerzentriert umgesetzt werden kann \u2013 und dies \u00f6kologisch und energieeffizient. Schlagw\u00f6rter: [&hellip;]<\/p>\n","protected":false},"author":11,"featured_media":0,"comment_status":"open","ping_status":"open","sticky":false,"template":"","format":"standard","meta":{"ngg_post_thumbnail":0,"footnotes":""},"categories":[376,20],"tags":[60,398],"features":[],"class_list":["post-5476","post","type-post","status-publish","format-standard","hentry","category-energie","category-zhaw-veranstaltungen","tag-energie","tag-veranstaltung-zhaw-zpp"],"yoast_head":"<!-- This site is optimized with the Yoast SEO Premium plugin v27.2 (Yoast SEO v27.2) - https:\/\/yoast.com\/product\/yoast-seo-premium-wordpress\/ -->\n<title>BICAR - Vision der urbanen Mobilit\u00e4t - Blog f\u00fcr Forschung und Entwicklung<\/title>\n<meta name=\"robots\" content=\"index, follow, max-snippet:-1, max-image-preview:large, max-video-preview:-1\" \/>\n<link rel=\"canonical\" href=\"https:\/\/blog.zhaw.ch\/forschungssupport\/bicar-vision-der-urbanen-mobilitaet\/\" \/>\n<meta property=\"og:locale\" content=\"de_DE\" \/>\n<meta property=\"og:type\" content=\"article\" \/>\n<meta property=\"og:title\" content=\"BICAR - Vision der urbanen Mobilit\u00e4t\" \/>\n<meta property=\"og:description\" content=\"Zunehmende Urbanisierung und drohender Klimawandel erfordern neue Strategien f\u00fcr einen nachhaltigeren Stadtverkehr. Mit dem BICAR entsteht unter der Leitung des Zentrums f\u00fcr Produkt- und Prozessentwicklung der ZHAW und zahlreichen Partnern und Mobilit\u00e4tsexperten ein einzigartiges wegweisendes Projekt. Das BICAR-Mobilit\u00e4tskonzept zeigt, wie urbane Mobilit\u00e4t effizient und nutzerzentriert umgesetzt werden kann \u2013 und dies \u00f6kologisch und energieeffizient. Schlagw\u00f6rter: [&hellip;]\" \/>\n<meta property=\"og:url\" content=\"https:\/\/blog.zhaw.ch\/forschungssupport\/bicar-vision-der-urbanen-mobilitaet\/\" \/>\n<meta property=\"og:site_name\" content=\"Blog f\u00fcr Forschung und Entwicklung\" \/>\n<meta property=\"article:published_time\" content=\"2015-08-05T09:46:53+00:00\" \/>\n<meta property=\"article:modified_time\" content=\"2015-08-05T09:51:17+00:00\" \/>\n<meta property=\"og:image\" content=\"http:\/\/blog.zhaw.ch\/forschungssupport\/files\/2015\/08\/ZPP.jpg\" \/>\n<meta name=\"author\" content=\"Astrid Messerli\" \/>\n<meta name=\"twitter:card\" content=\"summary_large_image\" \/>\n<meta name=\"twitter:label1\" content=\"Verfasst von\" \/>\n\t<meta name=\"twitter:data1\" content=\"Astrid Messerli\" \/>\n\t<meta name=\"twitter:label2\" content=\"Gesch\u00e4tzte Lesezeit\" \/>\n\t<meta name=\"twitter:data2\" content=\"1\u00a0Minute\" \/>\n<script type=\"application\/ld+json\" class=\"yoast-schema-graph\">{\"@context\":\"https:\/\/schema.org\",\"@graph\":[{\"@type\":\"Article\",\"@id\":\"https:\/\/blog.zhaw.ch\/forschungssupport\/bicar-vision-der-urbanen-mobilitaet\/#article\",\"isPartOf\":{\"@id\":\"https:\/\/blog.zhaw.ch\/forschungssupport\/bicar-vision-der-urbanen-mobilitaet\/\"},\"author\":{\"name\":\"Astrid Messerli\",\"@id\":\"https:\/\/blog.zhaw.ch\/forschungssupport\/#\/schema\/person\/bf606b7969f0f063b04f76c3247f44e2\"},\"headline\":\"BICAR &#8211; Vision der urbanen Mobilit\u00e4t\",\"datePublished\":\"2015-08-05T09:46:53+00:00\",\"dateModified\":\"2015-08-05T09:51:17+00:00\",\"mainEntityOfPage\":{\"@id\":\"https:\/\/blog.zhaw.ch\/forschungssupport\/bicar-vision-der-urbanen-mobilitaet\/\"},\"wordCount\":143,\"commentCount\":0,\"image\":{\"@id\":\"https:\/\/blog.zhaw.ch\/forschungssupport\/bicar-vision-der-urbanen-mobilitaet\/#primaryimage\"},\"thumbnailUrl\":\"http:\/\/blog.zhaw.ch\/forschungssupport\/files\/2015\/08\/ZPP.jpg\",\"keywords\":[\"Energie\",\"Veranstaltung ZHAW ZPP\"],\"articleSection\":[\"Energie\",\"ZHAW Veranstaltungen\"],\"inLanguage\":\"de\",\"potentialAction\":[{\"@type\":\"CommentAction\",\"name\":\"Comment\",\"target\":[\"https:\/\/blog.zhaw.ch\/forschungssupport\/bicar-vision-der-urbanen-mobilitaet\/#respond\"]}]},{\"@type\":\"WebPage\",\"@id\":\"https:\/\/blog.zhaw.ch\/forschungssupport\/bicar-vision-der-urbanen-mobilitaet\/\",\"url\":\"https:\/\/blog.zhaw.ch\/forschungssupport\/bicar-vision-der-urbanen-mobilitaet\/\",\"name\":\"BICAR - Vision der urbanen Mobilit\u00e4t - Blog f\u00fcr Forschung und Entwicklung\",\"isPartOf\":{\"@id\":\"https:\/\/blog.zhaw.ch\/forschungssupport\/#website\"},\"primaryImageOfPage\":{\"@id\":\"https:\/\/blog.zhaw.ch\/forschungssupport\/bicar-vision-der-urbanen-mobilitaet\/#primaryimage\"},\"image\":{\"@id\":\"https:\/\/blog.zhaw.ch\/forschungssupport\/bicar-vision-der-urbanen-mobilitaet\/#primaryimage\"},\"thumbnailUrl\":\"http:\/\/blog.zhaw.ch\/forschungssupport\/files\/2015\/08\/ZPP.jpg\",\"datePublished\":\"2015-08-05T09:46:53+00:00\",\"dateModified\":\"2015-08-05T09:51:17+00:00\",\"author\":{\"@id\":\"https:\/\/blog.zhaw.ch\/forschungssupport\/#\/schema\/person\/bf606b7969f0f063b04f76c3247f44e2\"},\"breadcrumb\":{\"@id\":\"https:\/\/blog.zhaw.ch\/forschungssupport\/bicar-vision-der-urbanen-mobilitaet\/#breadcrumb\"},\"inLanguage\":\"de\",\"potentialAction\":[{\"@type\":\"ReadAction\",\"target\":[\"https:\/\/blog.zhaw.ch\/forschungssupport\/bicar-vision-der-urbanen-mobilitaet\/\"]}]},{\"@type\":\"ImageObject\",\"inLanguage\":\"de\",\"@id\":\"https:\/\/blog.zhaw.ch\/forschungssupport\/bicar-vision-der-urbanen-mobilitaet\/#primaryimage\",\"url\":\"https:\/\/blog.zhaw.ch\/forschungssupport\/files\/2015\/08\/ZPP.jpg\",\"contentUrl\":\"https:\/\/blog.zhaw.ch\/forschungssupport\/files\/2015\/08\/ZPP.jpg\",\"width\":193,\"height\":96},{\"@type\":\"BreadcrumbList\",\"@id\":\"https:\/\/blog.zhaw.ch\/forschungssupport\/bicar-vision-der-urbanen-mobilitaet\/#breadcrumb\",\"itemListElement\":[{\"@type\":\"ListItem\",\"position\":1,\"name\":\"Startseite\",\"item\":\"https:\/\/blog.zhaw.ch\/forschungssupport\/\"},{\"@type\":\"ListItem\",\"position\":2,\"name\":\"BICAR &#8211; Vision der urbanen Mobilit\u00e4t\"}]},{\"@type\":\"WebSite\",\"@id\":\"https:\/\/blog.zhaw.ch\/forschungssupport\/#website\",\"url\":\"https:\/\/blog.zhaw.ch\/forschungssupport\/\",\"name\":\"Blog f\u00fcr Forschung und Entwicklung\",\"description\":\"Ein Blog der ZHAW Z\u00fcrcher Hochschule f\u00fcr Angewandte Wissenschaften\",\"potentialAction\":[{\"@type\":\"SearchAction\",\"target\":{\"@type\":\"EntryPoint\",\"urlTemplate\":\"https:\/\/blog.zhaw.ch\/forschungssupport\/?s={search_term_string}\"},\"query-input\":{\"@type\":\"PropertyValueSpecification\",\"valueRequired\":true,\"valueName\":\"search_term_string\"}}],\"inLanguage\":\"de\"},{\"@type\":\"Person\",\"@id\":\"https:\/\/blog.zhaw.ch\/forschungssupport\/#\/schema\/person\/bf606b7969f0f063b04f76c3247f44e2\",\"name\":\"Astrid Messerli\",\"image\":{\"@type\":\"ImageObject\",\"inLanguage\":\"de\",\"@id\":\"https:\/\/secure.gravatar.com\/avatar\/f628da30eca51e8b5a96a797d181689a48260bd1bcb7d3be9d4d4bc798f25b3f?s=96&d=mm&r=g\",\"url\":\"https:\/\/secure.gravatar.com\/avatar\/f628da30eca51e8b5a96a797d181689a48260bd1bcb7d3be9d4d4bc798f25b3f?s=96&d=mm&r=g\",\"contentUrl\":\"https:\/\/secure.gravatar.com\/avatar\/f628da30eca51e8b5a96a797d181689a48260bd1bcb7d3be9d4d4bc798f25b3f?s=96&d=mm&r=g\",\"caption\":\"Astrid Messerli\"},\"url\":\"https:\/\/blog.zhaw.ch\/forschungssupport\/author\/mess\/\"}]}<\/script>\n<!-- \/ Yoast SEO Premium plugin. -->","yoast_head_json":{"title":"BICAR - Vision der urbanen Mobilit\u00e4t - Blog f\u00fcr Forschung und Entwicklung","robots":{"index":"index","follow":"follow","max-snippet":"max-snippet:-1","max-image-preview":"max-image-preview:large","max-video-preview":"max-video-preview:-1"},"canonical":"https:\/\/blog.zhaw.ch\/forschungssupport\/bicar-vision-der-urbanen-mobilitaet\/","og_locale":"de_DE","og_type":"article","og_title":"BICAR - Vision der urbanen Mobilit\u00e4t","og_description":"Zunehmende Urbanisierung und drohender Klimawandel erfordern neue Strategien f\u00fcr einen nachhaltigeren Stadtverkehr. Mit dem BICAR entsteht unter der Leitung des Zentrums f\u00fcr Produkt- und Prozessentwicklung der ZHAW und zahlreichen Partnern und Mobilit\u00e4tsexperten ein einzigartiges wegweisendes Projekt. Das BICAR-Mobilit\u00e4tskonzept zeigt, wie urbane Mobilit\u00e4t effizient und nutzerzentriert umgesetzt werden kann \u2013 und dies \u00f6kologisch und energieeffizient. Schlagw\u00f6rter: [&hellip;]","og_url":"https:\/\/blog.zhaw.ch\/forschungssupport\/bicar-vision-der-urbanen-mobilitaet\/","og_site_name":"Blog f\u00fcr Forschung und Entwicklung","article_published_time":"2015-08-05T09:46:53+00:00","article_modified_time":"2015-08-05T09:51:17+00:00","og_image":[{"url":"http:\/\/blog.zhaw.ch\/forschungssupport\/files\/2015\/08\/ZPP.jpg","type":"","width":"","height":""}],"author":"Astrid Messerli","twitter_card":"summary_large_image","twitter_misc":{"Verfasst von":"Astrid Messerli","Gesch\u00e4tzte Lesezeit":"1\u00a0Minute"},"schema":{"@context":"https:\/\/schema.org","@graph":[{"@type":"Article","@id":"https:\/\/blog.zhaw.ch\/forschungssupport\/bicar-vision-der-urbanen-mobilitaet\/#article","isPartOf":{"@id":"https:\/\/blog.zhaw.ch\/forschungssupport\/bicar-vision-der-urbanen-mobilitaet\/"},"author":{"name":"Astrid Messerli","@id":"https:\/\/blog.zhaw.ch\/forschungssupport\/#\/schema\/person\/bf606b7969f0f063b04f76c3247f44e2"},"headline":"BICAR &#8211; Vision der urbanen Mobilit\u00e4t","datePublished":"2015-08-05T09:46:53+00:00","dateModified":"2015-08-05T09:51:17+00:00","mainEntityOfPage":{"@id":"https:\/\/blog.zhaw.ch\/forschungssupport\/bicar-vision-der-urbanen-mobilitaet\/"},"wordCount":143,"commentCount":0,"image":{"@id":"https:\/\/blog.zhaw.ch\/forschungssupport\/bicar-vision-der-urbanen-mobilitaet\/#primaryimage"},"thumbnailUrl":"http:\/\/blog.zhaw.ch\/forschungssupport\/files\/2015\/08\/ZPP.jpg","keywords":["Energie","Veranstaltung ZHAW ZPP"],"articleSection":["Energie","ZHAW Veranstaltungen"],"inLanguage":"de","potentialAction":[{"@type":"CommentAction","name":"Comment","target":["https:\/\/blog.zhaw.ch\/forschungssupport\/bicar-vision-der-urbanen-mobilitaet\/#respond"]}]},{"@type":"WebPage","@id":"https:\/\/blog.zhaw.ch\/forschungssupport\/bicar-vision-der-urbanen-mobilitaet\/","url":"https:\/\/blog.zhaw.ch\/forschungssupport\/bicar-vision-der-urbanen-mobilitaet\/","name":"BICAR - Vision der urbanen Mobilit\u00e4t - Blog f\u00fcr Forschung und Entwicklung","isPartOf":{"@id":"https:\/\/blog.zhaw.ch\/forschungssupport\/#website"},"primaryImageOfPage":{"@id":"https:\/\/blog.zhaw.ch\/forschungssupport\/bicar-vision-der-urbanen-mobilitaet\/#primaryimage"},"image":{"@id":"https:\/\/blog.zhaw.ch\/forschungssupport\/bicar-vision-der-urbanen-mobilitaet\/#primaryimage"},"thumbnailUrl":"http:\/\/blog.zhaw.ch\/forschungssupport\/files\/2015\/08\/ZPP.jpg","datePublished":"2015-08-05T09:46:53+00:00","dateModified":"2015-08-05T09:51:17+00:00","author":{"@id":"https:\/\/blog.zhaw.ch\/forschungssupport\/#\/schema\/person\/bf606b7969f0f063b04f76c3247f44e2"},"breadcrumb":{"@id":"https:\/\/blog.zhaw.ch\/forschungssupport\/bicar-vision-der-urbanen-mobilitaet\/#breadcrumb"},"inLanguage":"de","potentialAction":[{"@type":"ReadAction","target":["https:\/\/blog.zhaw.ch\/forschungssupport\/bicar-vision-der-urbanen-mobilitaet\/"]}]},{"@type":"ImageObject","inLanguage":"de","@id":"https:\/\/blog.zhaw.ch\/forschungssupport\/bicar-vision-der-urbanen-mobilitaet\/#primaryimage","url":"https:\/\/blog.zhaw.ch\/forschungssupport\/files\/2015\/08\/ZPP.jpg","contentUrl":"https:\/\/blog.zhaw.ch\/forschungssupport\/files\/2015\/08\/ZPP.jpg","width":193,"height":96},{"@type":"BreadcrumbList","@id":"https:\/\/blog.zhaw.ch\/forschungssupport\/bicar-vision-der-urbanen-mobilitaet\/#breadcrumb","itemListElement":[{"@type":"ListItem","position":1,"name":"Startseite","item":"https:\/\/blog.zhaw.ch\/forschungssupport\/"},{"@type":"ListItem","position":2,"name":"BICAR &#8211; Vision der urbanen Mobilit\u00e4t"}]},{"@type":"WebSite","@id":"https:\/\/blog.zhaw.ch\/forschungssupport\/#website","url":"https:\/\/blog.zhaw.ch\/forschungssupport\/","name":"Blog f\u00fcr Forschung und Entwicklung","description":"Ein Blog der ZHAW Z\u00fcrcher Hochschule f\u00fcr Angewandte Wissenschaften","potentialAction":[{"@type":"SearchAction","target":{"@type":"EntryPoint","urlTemplate":"https:\/\/blog.zhaw.ch\/forschungssupport\/?s={search_term_string}"},"query-input":{"@type":"PropertyValueSpecification","valueRequired":true,"valueName":"search_term_string"}}],"inLanguage":"de"},{"@type":"Person","@id":"https:\/\/blog.zhaw.ch\/forschungssupport\/#\/schema\/person\/bf606b7969f0f063b04f76c3247f44e2","name":"Astrid Messerli","image":{"@type":"ImageObject","inLanguage":"de","@id":"https:\/\/secure.gravatar.com\/avatar\/f628da30eca51e8b5a96a797d181689a48260bd1bcb7d3be9d4d4bc798f25b3f?s=96&d=mm&r=g","url":"https:\/\/secure.gravatar.com\/avatar\/f628da30eca51e8b5a96a797d181689a48260bd1bcb7d3be9d4d4bc798f25b3f?s=96&d=mm&r=g","contentUrl":"https:\/\/secure.gravatar.com\/avatar\/f628da30eca51e8b5a96a797d181689a48260bd1bcb7d3be9d4d4bc798f25b3f?s=96&d=mm&r=g","caption":"Astrid Messerli"},"url":"https:\/\/blog.zhaw.ch\/forschungssupport\/author\/mess\/"}]}},"_links":{"self":[{"href":"https:\/\/blog.zhaw.ch\/forschungssupport\/wp-json\/wp\/v2\/posts\/5476","targetHints":{"allow":["GET"]}}],"collection":[{"href":"https:\/\/blog.zhaw.ch\/forschungssupport\/wp-json\/wp\/v2\/posts"}],"about":[{"href":"https:\/\/blog.zhaw.ch\/forschungssupport\/wp-json\/wp\/v2\/types\/post"}],"author":[{"embeddable":true,"href":"https:\/\/blog.zhaw.ch\/forschungssupport\/wp-json\/wp\/v2\/users\/11"}],"replies":[{"embeddable":true,"href":"https:\/\/blog.zhaw.ch\/forschungssupport\/wp-json\/wp\/v2\/comments?post=5476"}],"version-history":[{"count":3,"href":"https:\/\/blog.zhaw.ch\/forschungssupport\/wp-json\/wp\/v2\/posts\/5476\/revisions"}],"predecessor-version":[{"id":5480,"href":"https:\/\/blog.zhaw.ch\/forschungssupport\/wp-json\/wp\/v2\/posts\/5476\/revisions\/5480"}],"wp:attachment":[{"href":"https:\/\/blog.zhaw.ch\/forschungssupport\/wp-json\/wp\/v2\/media?parent=5476"}],"wp:term":[{"taxonomy":"category","embeddable":true,"href":"https:\/\/blog.zhaw.ch\/forschungssupport\/wp-json\/wp\/v2\/categories?post=5476"},{"taxonomy":"post_tag","embeddable":true,"href":"https:\/\/blog.zhaw.ch\/forschungssupport\/wp-json\/wp\/v2\/tags?post=5476"},{"taxonomy":"features","embeddable":true,"href":"https:\/\/blog.zhaw.ch\/forschungssupport\/wp-json\/wp\/v2\/features?post=5476"}],"curies":[{"name":"wp","href":"https:\/\/api.w.org\/{rel}","templated":true}]}}