{"id":526,"date":"2010-09-23T07:45:41","date_gmt":"2010-09-23T07:45:41","guid":{"rendered":"http:\/\/www.forschungssupport.ch\/?p=526"},"modified":"2010-09-23T07:45:41","modified_gmt":"2010-09-23T07:45:41","slug":"prix-evenier-2011-nachhaltigkeitspreis-der-erdolvereinigung","status":"publish","type":"post","link":"https:\/\/blog.zhaw.ch\/forschungssupport\/prix-evenier-2011-nachhaltigkeitspreis-der-erdolvereinigung\/","title":{"rendered":"Prix Evenier 2011: Nachhaltigkeitspreis der Erd\u00f6lvereinigung"},"content":{"rendered":"<p><a href=\"http:\/\/blog.zhaw.ch\/forschungssupport\/files\/2010\/09\/Logo_Prix-Evenir.jpg\"><img loading=\"lazy\" decoding=\"async\" class=\"alignleft size-full wp-image-527\" title=\"Logo_Prix Evenir\" src=\"http:\/\/blog.zhaw.ch\/forschungssupport\/files\/2010\/09\/Logo_Prix-Evenir.jpg\" alt=\"\" width=\"200\" height=\"69\" \/><\/a>Zum 9. mal wird 2011 der Prix Evenier vergeben. Er ist mit CHF 50&#8217;000 dotiert und geht an Projekte, die \u00f6kologische, \u00f6konomische und soziale Aspekte langfristig in Einklang bringen.<\/p>\n<p>Kandidatinnen und Kandidaten k\u00f6nnen nur \u00fcber eine Drittperson nomiert werden. Die Nominierungsfrist l\u00e4uft bis zum 30. November 2010. Bei Interesse erhalten Sie bei mir weitere Informationen.<\/p>\n<p>Link zu <a href=\"http:\/\/www.erdoel-vereinigung.ch\/de\/prixevenir.aspx\" target=\"_blank\">Prix Evenir<\/a><\/p>\n<div class=\"pt-sm\">Schlagw\u00f6rter: <a href=\"https:\/\/blog.zhaw.ch\/forschungssupport\/tag\/nachhaltige-entwicklung\/\">Nachhaltige Entwicklung<\/a><br><\/div>","protected":false},"excerpt":{"rendered":"<p>Zum 9. mal wird 2011 der Prix Evenier vergeben. Er ist mit CHF 50&#8217;000 dotiert und geht an Projekte, die \u00f6kologische, \u00f6konomische und soziale Aspekte langfristig in Einklang bringen. Kandidatinnen und Kandidaten k\u00f6nnen nur \u00fcber eine Drittperson nomiert werden. Die Nominierungsfrist l\u00e4uft bis zum 30. November 2010. Bei Interesse erhalten Sie bei mir weitere Informationen. [&hellip;]<\/p>\n","protected":false},"author":10,"featured_media":0,"comment_status":"open","ping_status":"open","sticky":false,"template":"","format":"standard","meta":{"ngg_post_thumbnail":0,"footnotes":""},"categories":[3],"tags":[135],"features":[],"class_list":["post-526","post","type-post","status-publish","format-standard","hentry","category-ausschreibungen","tag-nachhaltige-entwicklung"],"yoast_head":"<!-- This site is optimized with the Yoast SEO Premium plugin v27.2 (Yoast SEO v27.2) - https:\/\/yoast.com\/product\/yoast-seo-premium-wordpress\/ -->\n<title>Prix Evenier 2011: Nachhaltigkeitspreis der Erd\u00f6lvereinigung - Blog f\u00fcr Forschung und Entwicklung<\/title>\n<meta name=\"robots\" content=\"index, follow, max-snippet:-1, max-image-preview:large, max-video-preview:-1\" \/>\n<link rel=\"canonical\" href=\"https:\/\/blog.zhaw.ch\/forschungssupport\/prix-evenier-2011-nachhaltigkeitspreis-der-erdolvereinigung\/\" \/>\n<meta property=\"og:locale\" content=\"de_DE\" \/>\n<meta property=\"og:type\" content=\"article\" \/>\n<meta property=\"og:title\" content=\"Prix Evenier 2011: Nachhaltigkeitspreis der Erd\u00f6lvereinigung\" \/>\n<meta property=\"og:description\" content=\"Zum 9. mal wird 2011 der Prix Evenier vergeben. Er ist mit CHF 50&#8217;000 dotiert und geht an Projekte, die \u00f6kologische, \u00f6konomische und soziale Aspekte langfristig in Einklang bringen. Kandidatinnen und Kandidaten k\u00f6nnen nur \u00fcber eine Drittperson nomiert werden. Die Nominierungsfrist l\u00e4uft bis zum 30. November 2010. Bei Interesse erhalten Sie bei mir weitere Informationen. [&hellip;]\" \/>\n<meta property=\"og:url\" content=\"https:\/\/blog.zhaw.ch\/forschungssupport\/prix-evenier-2011-nachhaltigkeitspreis-der-erdolvereinigung\/\" \/>\n<meta property=\"og:site_name\" content=\"Blog f\u00fcr Forschung und Entwicklung\" \/>\n<meta property=\"article:published_time\" content=\"2010-09-23T07:45:41+00:00\" \/>\n<meta property=\"og:image\" content=\"http:\/\/blog.zhaw.ch\/forschungssupport\/files\/2010\/09\/Logo_Prix-Evenir.jpg\" \/>\n<meta name=\"author\" content=\"Heinrich St\u00fclpnagel\" \/>\n<meta name=\"twitter:card\" content=\"summary_large_image\" \/>\n<meta name=\"twitter:label1\" content=\"Verfasst von\" \/>\n\t<meta name=\"twitter:data1\" content=\"Heinrich St\u00fclpnagel\" \/>\n<script type=\"application\/ld+json\" class=\"yoast-schema-graph\">{\"@context\":\"https:\/\/schema.org\",\"@graph\":[{\"@type\":\"Article\",\"@id\":\"https:\/\/blog.zhaw.ch\/forschungssupport\/prix-evenier-2011-nachhaltigkeitspreis-der-erdolvereinigung\/#article\",\"isPartOf\":{\"@id\":\"https:\/\/blog.zhaw.ch\/forschungssupport\/prix-evenier-2011-nachhaltigkeitspreis-der-erdolvereinigung\/\"},\"author\":{\"name\":\"Heinrich St\u00fclpnagel\",\"@id\":\"https:\/\/blog.zhaw.ch\/forschungssupport\/#\/schema\/person\/ac9b72054c9b75700c5fe6696ee3dfb0\"},\"headline\":\"Prix Evenier 2011: Nachhaltigkeitspreis der Erd\u00f6lvereinigung\",\"datePublished\":\"2010-09-23T07:45:41+00:00\",\"mainEntityOfPage\":{\"@id\":\"https:\/\/blog.zhaw.ch\/forschungssupport\/prix-evenier-2011-nachhaltigkeitspreis-der-erdolvereinigung\/\"},\"wordCount\":62,\"commentCount\":0,\"image\":{\"@id\":\"https:\/\/blog.zhaw.ch\/forschungssupport\/prix-evenier-2011-nachhaltigkeitspreis-der-erdolvereinigung\/#primaryimage\"},\"thumbnailUrl\":\"http:\/\/blog.zhaw.ch\/forschungssupport\/files\/2010\/09\/Logo_Prix-Evenir.jpg\",\"keywords\":[\"Nachhaltige Entwicklung\"],\"articleSection\":[\"Ausschreibungen\"],\"inLanguage\":\"de\",\"potentialAction\":[{\"@type\":\"CommentAction\",\"name\":\"Comment\",\"target\":[\"https:\/\/blog.zhaw.ch\/forschungssupport\/prix-evenier-2011-nachhaltigkeitspreis-der-erdolvereinigung\/#respond\"]}]},{\"@type\":\"WebPage\",\"@id\":\"https:\/\/blog.zhaw.ch\/forschungssupport\/prix-evenier-2011-nachhaltigkeitspreis-der-erdolvereinigung\/\",\"url\":\"https:\/\/blog.zhaw.ch\/forschungssupport\/prix-evenier-2011-nachhaltigkeitspreis-der-erdolvereinigung\/\",\"name\":\"Prix Evenier 2011: Nachhaltigkeitspreis der Erd\u00f6lvereinigung - Blog f\u00fcr Forschung und Entwicklung\",\"isPartOf\":{\"@id\":\"https:\/\/blog.zhaw.ch\/forschungssupport\/#website\"},\"primaryImageOfPage\":{\"@id\":\"https:\/\/blog.zhaw.ch\/forschungssupport\/prix-evenier-2011-nachhaltigkeitspreis-der-erdolvereinigung\/#primaryimage\"},\"image\":{\"@id\":\"https:\/\/blog.zhaw.ch\/forschungssupport\/prix-evenier-2011-nachhaltigkeitspreis-der-erdolvereinigung\/#primaryimage\"},\"thumbnailUrl\":\"http:\/\/blog.zhaw.ch\/forschungssupport\/files\/2010\/09\/Logo_Prix-Evenir.jpg\",\"datePublished\":\"2010-09-23T07:45:41+00:00\",\"author\":{\"@id\":\"https:\/\/blog.zhaw.ch\/forschungssupport\/#\/schema\/person\/ac9b72054c9b75700c5fe6696ee3dfb0\"},\"breadcrumb\":{\"@id\":\"https:\/\/blog.zhaw.ch\/forschungssupport\/prix-evenier-2011-nachhaltigkeitspreis-der-erdolvereinigung\/#breadcrumb\"},\"inLanguage\":\"de\",\"potentialAction\":[{\"@type\":\"ReadAction\",\"target\":[\"https:\/\/blog.zhaw.ch\/forschungssupport\/prix-evenier-2011-nachhaltigkeitspreis-der-erdolvereinigung\/\"]}]},{\"@type\":\"ImageObject\",\"inLanguage\":\"de\",\"@id\":\"https:\/\/blog.zhaw.ch\/forschungssupport\/prix-evenier-2011-nachhaltigkeitspreis-der-erdolvereinigung\/#primaryimage\",\"url\":\"http:\/\/blog.zhaw.ch\/forschungssupport\/files\/2010\/09\/Logo_Prix-Evenir.jpg\",\"contentUrl\":\"http:\/\/blog.zhaw.ch\/forschungssupport\/files\/2010\/09\/Logo_Prix-Evenir.jpg\"},{\"@type\":\"BreadcrumbList\",\"@id\":\"https:\/\/blog.zhaw.ch\/forschungssupport\/prix-evenier-2011-nachhaltigkeitspreis-der-erdolvereinigung\/#breadcrumb\",\"itemListElement\":[{\"@type\":\"ListItem\",\"position\":1,\"name\":\"Startseite\",\"item\":\"https:\/\/blog.zhaw.ch\/forschungssupport\/\"},{\"@type\":\"ListItem\",\"position\":2,\"name\":\"Prix Evenier 2011: Nachhaltigkeitspreis der Erd\u00f6lvereinigung\"}]},{\"@type\":\"WebSite\",\"@id\":\"https:\/\/blog.zhaw.ch\/forschungssupport\/#website\",\"url\":\"https:\/\/blog.zhaw.ch\/forschungssupport\/\",\"name\":\"Blog f\u00fcr Forschung und Entwicklung\",\"description\":\"Ein Blog der ZHAW Z\u00fcrcher Hochschule f\u00fcr Angewandte Wissenschaften\",\"potentialAction\":[{\"@type\":\"SearchAction\",\"target\":{\"@type\":\"EntryPoint\",\"urlTemplate\":\"https:\/\/blog.zhaw.ch\/forschungssupport\/?s={search_term_string}\"},\"query-input\":{\"@type\":\"PropertyValueSpecification\",\"valueRequired\":true,\"valueName\":\"search_term_string\"}}],\"inLanguage\":\"de\"},{\"@type\":\"Person\",\"@id\":\"https:\/\/blog.zhaw.ch\/forschungssupport\/#\/schema\/person\/ac9b72054c9b75700c5fe6696ee3dfb0\",\"name\":\"Heinrich St\u00fclpnagel\",\"image\":{\"@type\":\"ImageObject\",\"inLanguage\":\"de\",\"@id\":\"https:\/\/secure.gravatar.com\/avatar\/abb16a8086434b08b727ee8686cd30a270b9a039f415b3546c1ab03c85b7b91c?s=96&d=mm&r=g\",\"url\":\"https:\/\/secure.gravatar.com\/avatar\/abb16a8086434b08b727ee8686cd30a270b9a039f415b3546c1ab03c85b7b91c?s=96&d=mm&r=g\",\"contentUrl\":\"https:\/\/secure.gravatar.com\/avatar\/abb16a8086434b08b727ee8686cd30a270b9a039f415b3546c1ab03c85b7b91c?s=96&d=mm&r=g\",\"caption\":\"Heinrich St\u00fclpnagel\"},\"sameAs\":[\"http:\/\/www.zhaw.ch\/Forschung\"],\"url\":\"https:\/\/blog.zhaw.ch\/forschungssupport\/author\/stph\/\"}]}<\/script>\n<!-- \/ Yoast SEO Premium plugin. -->","yoast_head_json":{"title":"Prix Evenier 2011: Nachhaltigkeitspreis der Erd\u00f6lvereinigung - Blog f\u00fcr Forschung und Entwicklung","robots":{"index":"index","follow":"follow","max-snippet":"max-snippet:-1","max-image-preview":"max-image-preview:large","max-video-preview":"max-video-preview:-1"},"canonical":"https:\/\/blog.zhaw.ch\/forschungssupport\/prix-evenier-2011-nachhaltigkeitspreis-der-erdolvereinigung\/","og_locale":"de_DE","og_type":"article","og_title":"Prix Evenier 2011: Nachhaltigkeitspreis der Erd\u00f6lvereinigung","og_description":"Zum 9. mal wird 2011 der Prix Evenier vergeben. Er ist mit CHF 50&#8217;000 dotiert und geht an Projekte, die \u00f6kologische, \u00f6konomische und soziale Aspekte langfristig in Einklang bringen. Kandidatinnen und Kandidaten k\u00f6nnen nur \u00fcber eine Drittperson nomiert werden. Die Nominierungsfrist l\u00e4uft bis zum 30. November 2010. Bei Interesse erhalten Sie bei mir weitere Informationen. [&hellip;]","og_url":"https:\/\/blog.zhaw.ch\/forschungssupport\/prix-evenier-2011-nachhaltigkeitspreis-der-erdolvereinigung\/","og_site_name":"Blog f\u00fcr Forschung und Entwicklung","article_published_time":"2010-09-23T07:45:41+00:00","og_image":[{"url":"http:\/\/blog.zhaw.ch\/forschungssupport\/files\/2010\/09\/Logo_Prix-Evenir.jpg","type":"","width":"","height":""}],"author":"Heinrich St\u00fclpnagel","twitter_card":"summary_large_image","twitter_misc":{"Verfasst von":"Heinrich St\u00fclpnagel"},"schema":{"@context":"https:\/\/schema.org","@graph":[{"@type":"Article","@id":"https:\/\/blog.zhaw.ch\/forschungssupport\/prix-evenier-2011-nachhaltigkeitspreis-der-erdolvereinigung\/#article","isPartOf":{"@id":"https:\/\/blog.zhaw.ch\/forschungssupport\/prix-evenier-2011-nachhaltigkeitspreis-der-erdolvereinigung\/"},"author":{"name":"Heinrich St\u00fclpnagel","@id":"https:\/\/blog.zhaw.ch\/forschungssupport\/#\/schema\/person\/ac9b72054c9b75700c5fe6696ee3dfb0"},"headline":"Prix Evenier 2011: Nachhaltigkeitspreis der Erd\u00f6lvereinigung","datePublished":"2010-09-23T07:45:41+00:00","mainEntityOfPage":{"@id":"https:\/\/blog.zhaw.ch\/forschungssupport\/prix-evenier-2011-nachhaltigkeitspreis-der-erdolvereinigung\/"},"wordCount":62,"commentCount":0,"image":{"@id":"https:\/\/blog.zhaw.ch\/forschungssupport\/prix-evenier-2011-nachhaltigkeitspreis-der-erdolvereinigung\/#primaryimage"},"thumbnailUrl":"http:\/\/blog.zhaw.ch\/forschungssupport\/files\/2010\/09\/Logo_Prix-Evenir.jpg","keywords":["Nachhaltige Entwicklung"],"articleSection":["Ausschreibungen"],"inLanguage":"de","potentialAction":[{"@type":"CommentAction","name":"Comment","target":["https:\/\/blog.zhaw.ch\/forschungssupport\/prix-evenier-2011-nachhaltigkeitspreis-der-erdolvereinigung\/#respond"]}]},{"@type":"WebPage","@id":"https:\/\/blog.zhaw.ch\/forschungssupport\/prix-evenier-2011-nachhaltigkeitspreis-der-erdolvereinigung\/","url":"https:\/\/blog.zhaw.ch\/forschungssupport\/prix-evenier-2011-nachhaltigkeitspreis-der-erdolvereinigung\/","name":"Prix Evenier 2011: Nachhaltigkeitspreis der Erd\u00f6lvereinigung - Blog f\u00fcr Forschung und Entwicklung","isPartOf":{"@id":"https:\/\/blog.zhaw.ch\/forschungssupport\/#website"},"primaryImageOfPage":{"@id":"https:\/\/blog.zhaw.ch\/forschungssupport\/prix-evenier-2011-nachhaltigkeitspreis-der-erdolvereinigung\/#primaryimage"},"image":{"@id":"https:\/\/blog.zhaw.ch\/forschungssupport\/prix-evenier-2011-nachhaltigkeitspreis-der-erdolvereinigung\/#primaryimage"},"thumbnailUrl":"http:\/\/blog.zhaw.ch\/forschungssupport\/files\/2010\/09\/Logo_Prix-Evenir.jpg","datePublished":"2010-09-23T07:45:41+00:00","author":{"@id":"https:\/\/blog.zhaw.ch\/forschungssupport\/#\/schema\/person\/ac9b72054c9b75700c5fe6696ee3dfb0"},"breadcrumb":{"@id":"https:\/\/blog.zhaw.ch\/forschungssupport\/prix-evenier-2011-nachhaltigkeitspreis-der-erdolvereinigung\/#breadcrumb"},"inLanguage":"de","potentialAction":[{"@type":"ReadAction","target":["https:\/\/blog.zhaw.ch\/forschungssupport\/prix-evenier-2011-nachhaltigkeitspreis-der-erdolvereinigung\/"]}]},{"@type":"ImageObject","inLanguage":"de","@id":"https:\/\/blog.zhaw.ch\/forschungssupport\/prix-evenier-2011-nachhaltigkeitspreis-der-erdolvereinigung\/#primaryimage","url":"http:\/\/blog.zhaw.ch\/forschungssupport\/files\/2010\/09\/Logo_Prix-Evenir.jpg","contentUrl":"http:\/\/blog.zhaw.ch\/forschungssupport\/files\/2010\/09\/Logo_Prix-Evenir.jpg"},{"@type":"BreadcrumbList","@id":"https:\/\/blog.zhaw.ch\/forschungssupport\/prix-evenier-2011-nachhaltigkeitspreis-der-erdolvereinigung\/#breadcrumb","itemListElement":[{"@type":"ListItem","position":1,"name":"Startseite","item":"https:\/\/blog.zhaw.ch\/forschungssupport\/"},{"@type":"ListItem","position":2,"name":"Prix Evenier 2011: Nachhaltigkeitspreis der Erd\u00f6lvereinigung"}]},{"@type":"WebSite","@id":"https:\/\/blog.zhaw.ch\/forschungssupport\/#website","url":"https:\/\/blog.zhaw.ch\/forschungssupport\/","name":"Blog f\u00fcr Forschung und Entwicklung","description":"Ein Blog der ZHAW Z\u00fcrcher Hochschule f\u00fcr Angewandte Wissenschaften","potentialAction":[{"@type":"SearchAction","target":{"@type":"EntryPoint","urlTemplate":"https:\/\/blog.zhaw.ch\/forschungssupport\/?s={search_term_string}"},"query-input":{"@type":"PropertyValueSpecification","valueRequired":true,"valueName":"search_term_string"}}],"inLanguage":"de"},{"@type":"Person","@id":"https:\/\/blog.zhaw.ch\/forschungssupport\/#\/schema\/person\/ac9b72054c9b75700c5fe6696ee3dfb0","name":"Heinrich St\u00fclpnagel","image":{"@type":"ImageObject","inLanguage":"de","@id":"https:\/\/secure.gravatar.com\/avatar\/abb16a8086434b08b727ee8686cd30a270b9a039f415b3546c1ab03c85b7b91c?s=96&d=mm&r=g","url":"https:\/\/secure.gravatar.com\/avatar\/abb16a8086434b08b727ee8686cd30a270b9a039f415b3546c1ab03c85b7b91c?s=96&d=mm&r=g","contentUrl":"https:\/\/secure.gravatar.com\/avatar\/abb16a8086434b08b727ee8686cd30a270b9a039f415b3546c1ab03c85b7b91c?s=96&d=mm&r=g","caption":"Heinrich St\u00fclpnagel"},"sameAs":["http:\/\/www.zhaw.ch\/Forschung"],"url":"https:\/\/blog.zhaw.ch\/forschungssupport\/author\/stph\/"}]}},"_links":{"self":[{"href":"https:\/\/blog.zhaw.ch\/forschungssupport\/wp-json\/wp\/v2\/posts\/526","targetHints":{"allow":["GET"]}}],"collection":[{"href":"https:\/\/blog.zhaw.ch\/forschungssupport\/wp-json\/wp\/v2\/posts"}],"about":[{"href":"https:\/\/blog.zhaw.ch\/forschungssupport\/wp-json\/wp\/v2\/types\/post"}],"author":[{"embeddable":true,"href":"https:\/\/blog.zhaw.ch\/forschungssupport\/wp-json\/wp\/v2\/users\/10"}],"replies":[{"embeddable":true,"href":"https:\/\/blog.zhaw.ch\/forschungssupport\/wp-json\/wp\/v2\/comments?post=526"}],"version-history":[{"count":0,"href":"https:\/\/blog.zhaw.ch\/forschungssupport\/wp-json\/wp\/v2\/posts\/526\/revisions"}],"wp:attachment":[{"href":"https:\/\/blog.zhaw.ch\/forschungssupport\/wp-json\/wp\/v2\/media?parent=526"}],"wp:term":[{"taxonomy":"category","embeddable":true,"href":"https:\/\/blog.zhaw.ch\/forschungssupport\/wp-json\/wp\/v2\/categories?post=526"},{"taxonomy":"post_tag","embeddable":true,"href":"https:\/\/blog.zhaw.ch\/forschungssupport\/wp-json\/wp\/v2\/tags?post=526"},{"taxonomy":"features","embeddable":true,"href":"https:\/\/blog.zhaw.ch\/forschungssupport\/wp-json\/wp\/v2\/features?post=526"}],"curies":[{"name":"wp","href":"https:\/\/api.w.org\/{rel}","templated":true}]}}