{"id":5067,"date":"2015-03-23T16:27:14","date_gmt":"2015-03-23T15:27:14","guid":{"rendered":"http:\/\/blog.zhaw.ch\/forschungssupport\/?p=5067"},"modified":"2015-03-23T16:27:52","modified_gmt":"2015-03-23T15:27:52","slug":"prix-de-quervain-fuer-polar-und-hoehenforschung","status":"publish","type":"post","link":"https:\/\/blog.zhaw.ch\/forschungssupport\/prix-de-quervain-fuer-polar-und-hoehenforschung\/","title":{"rendered":"Prix de Quervain f\u00fcr Polar- und H\u00f6henforschung"},"content":{"rendered":"<p><a href=\"http:\/\/blog.zhaw.ch\/forschungssupport\/prix-de-quervain-fuer-polar-und-hoehenforschung\/#more-5067\" target=\"_blank\"><img loading=\"lazy\" decoding=\"async\" class=\" size-full wp-image-1603 alignleft\" src=\"http:\/\/blog.zhaw.ch\/forschungssupport\/files\/2012\/01\/logo-Akademien-Schweiz.png\" alt=\"logo Akademien Schweiz\" width=\"259\" height=\"65\" \/><\/a>Die Schweizerische Kommission f\u00fcr Polar- und H\u00f6henforschung SKPH und die<br \/>\nSchweizerische Kommission f\u00fcr die hochalpine Forschungsstation Jungfraujoch SKJFJ haben sich die F\u00f6rderung herausragender Nachwuchsforscherinnen und \u2013forscher auf ihrem Gebiet zum Ziel gesetzt. Daher vergeben sie gemeinsam j\u00e4hrlich den Nachwuchsf\u00f6rderpreis \u201ePrix de Quervain\u201c auf dem Gebiet der Polar- und H\u00f6henforschung.<!--more--><\/p>\n<p>Der Preis ist an junge Forschende (bis Jahrgang 1980) gerichtet, die ihre seit maximal zwei Jahren abgeschlossene Master- oder Diplomarbeit, Dissertation oder andere<br \/>\nForschungsarbeit (z.B. Post-Doc) einreichen k\u00f6nnen. Das Preisgeld betr\u00e4gt CH 5&#8217;000.-<br \/>\nund kann je nach Qualit\u00e4t der eingereichten Arbeiten in toto verliehen oder aufgeteilt<br \/>\nwerden und soll zur F\u00f6rderung der wissenschaftlichen Karriere der Preistr\u00e4ger eingesetzt<br \/>\nwerden.<\/p>\n<p>Die Preisverleihung findet jeweils im Herbst in Bern statt. Die Preistr\u00e4gerinnen oder<br \/>\nPreistr\u00e4ger erhalten die Gelegenheit, die Ergebnisse ihrer pr\u00e4mierten Arbeiten im Rahmen<br \/>\neines \u00f6ffentlichen Symposiums mit namhaften Referenten einem interdisziplin\u00e4ren<br \/>\nPublikum vorzustellen.<\/p>\n<p>Weitere Informationen:<\/p>\n<ul>\n<li><a href=\"http:\/\/www.polar-research.ch\/e\/prix_De_quervain\/\" target=\"_blank\">Bewerbungsunterlagen und weitere Informationen<\/a><\/li>\n<\/ul>\n<div class=\"pt-sm\">Schlagw\u00f6rter: <a href=\"https:\/\/blog.zhaw.ch\/forschungssupport\/tag\/nachwuchsforderung\/\">Nachwuchsf\u00f6rderung<\/a>, <a href=\"https:\/\/blog.zhaw.ch\/forschungssupport\/tag\/preise\/\">Preise<\/a>, <a href=\"https:\/\/blog.zhaw.ch\/forschungssupport\/tag\/prix-de-quervain\/\">Prix de Quervain<\/a><br><\/div>","protected":false},"excerpt":{"rendered":"<p>Die Schweizerische Kommission f\u00fcr Polar- und H\u00f6henforschung SKPH und die Schweizerische Kommission f\u00fcr die hochalpine Forschungsstation Jungfraujoch SKJFJ haben sich die F\u00f6rderung herausragender Nachwuchsforscherinnen und \u2013forscher auf ihrem Gebiet zum Ziel gesetzt. Daher vergeben sie gemeinsam j\u00e4hrlich den Nachwuchsf\u00f6rderpreis \u201ePrix de Quervain\u201c auf dem Gebiet der Polar- und H\u00f6henforschung. Schlagw\u00f6rter: Nachwuchsf\u00f6rderung, Preise, Prix de Quervain<\/p>\n","protected":false},"author":11,"featured_media":0,"comment_status":"open","ping_status":"open","sticky":false,"template":"","format":"standard","meta":{"ngg_post_thumbnail":0,"footnotes":""},"categories":[3,4],"tags":[138,152,357],"features":[],"class_list":["post-5067","post","type-post","status-publish","format-standard","hentry","category-ausschreibungen","category-fordergelder","tag-nachwuchsforderung","tag-preise","tag-prix-de-quervain"],"yoast_head":"<!-- This site is optimized with the Yoast SEO Premium plugin v27.2 (Yoast SEO v27.2) - https:\/\/yoast.com\/product\/yoast-seo-premium-wordpress\/ -->\n<title>Prix de Quervain f\u00fcr Polar- und H\u00f6henforschung - Blog f\u00fcr Forschung und Entwicklung<\/title>\n<meta name=\"robots\" content=\"index, follow, max-snippet:-1, max-image-preview:large, max-video-preview:-1\" \/>\n<link rel=\"canonical\" href=\"https:\/\/blog.zhaw.ch\/forschungssupport\/prix-de-quervain-fuer-polar-und-hoehenforschung\/\" \/>\n<meta property=\"og:locale\" content=\"de_DE\" \/>\n<meta property=\"og:type\" content=\"article\" \/>\n<meta property=\"og:title\" content=\"Prix de Quervain f\u00fcr Polar- und H\u00f6henforschung\" \/>\n<meta property=\"og:description\" content=\"Die Schweizerische Kommission f\u00fcr Polar- und H\u00f6henforschung SKPH und die Schweizerische Kommission f\u00fcr die hochalpine Forschungsstation Jungfraujoch SKJFJ haben sich die F\u00f6rderung herausragender Nachwuchsforscherinnen und \u2013forscher auf ihrem Gebiet zum Ziel gesetzt. Daher vergeben sie gemeinsam j\u00e4hrlich den Nachwuchsf\u00f6rderpreis \u201ePrix de Quervain\u201c auf dem Gebiet der Polar- und H\u00f6henforschung. Schlagw\u00f6rter: Nachwuchsf\u00f6rderung, Preise, Prix de Quervain\" \/>\n<meta property=\"og:url\" content=\"https:\/\/blog.zhaw.ch\/forschungssupport\/prix-de-quervain-fuer-polar-und-hoehenforschung\/\" \/>\n<meta property=\"og:site_name\" content=\"Blog f\u00fcr Forschung und Entwicklung\" \/>\n<meta property=\"article:published_time\" content=\"2015-03-23T15:27:14+00:00\" \/>\n<meta property=\"article:modified_time\" content=\"2015-03-23T15:27:52+00:00\" \/>\n<meta property=\"og:image\" content=\"http:\/\/blog.zhaw.ch\/forschungssupport\/files\/2012\/01\/logo-Akademien-Schweiz.png\" \/>\n<meta name=\"author\" content=\"Astrid Messerli\" \/>\n<meta name=\"twitter:card\" content=\"summary_large_image\" \/>\n<meta name=\"twitter:label1\" content=\"Verfasst von\" \/>\n\t<meta name=\"twitter:data1\" content=\"Astrid Messerli\" \/>\n\t<meta name=\"twitter:label2\" content=\"Gesch\u00e4tzte Lesezeit\" \/>\n\t<meta name=\"twitter:data2\" content=\"1\u00a0Minute\" \/>\n<script type=\"application\/ld+json\" class=\"yoast-schema-graph\">{\"@context\":\"https:\/\/schema.org\",\"@graph\":[{\"@type\":\"Article\",\"@id\":\"https:\/\/blog.zhaw.ch\/forschungssupport\/prix-de-quervain-fuer-polar-und-hoehenforschung\/#article\",\"isPartOf\":{\"@id\":\"https:\/\/blog.zhaw.ch\/forschungssupport\/prix-de-quervain-fuer-polar-und-hoehenforschung\/\"},\"author\":{\"name\":\"Astrid Messerli\",\"@id\":\"https:\/\/blog.zhaw.ch\/forschungssupport\/#\/schema\/person\/bf606b7969f0f063b04f76c3247f44e2\"},\"headline\":\"Prix de Quervain f\u00fcr Polar- und H\u00f6henforschung\",\"datePublished\":\"2015-03-23T15:27:14+00:00\",\"dateModified\":\"2015-03-23T15:27:52+00:00\",\"mainEntityOfPage\":{\"@id\":\"https:\/\/blog.zhaw.ch\/forschungssupport\/prix-de-quervain-fuer-polar-und-hoehenforschung\/\"},\"wordCount\":171,\"commentCount\":0,\"image\":{\"@id\":\"https:\/\/blog.zhaw.ch\/forschungssupport\/prix-de-quervain-fuer-polar-und-hoehenforschung\/#primaryimage\"},\"thumbnailUrl\":\"http:\/\/blog.zhaw.ch\/forschungssupport\/files\/2012\/01\/logo-Akademien-Schweiz.png\",\"keywords\":[\"Nachwuchsf\u00f6rderung\",\"Preise\",\"Prix de Quervain\"],\"articleSection\":[\"Ausschreibungen\",\"F\u00f6rdergelder\"],\"inLanguage\":\"de\",\"potentialAction\":[{\"@type\":\"CommentAction\",\"name\":\"Comment\",\"target\":[\"https:\/\/blog.zhaw.ch\/forschungssupport\/prix-de-quervain-fuer-polar-und-hoehenforschung\/#respond\"]}]},{\"@type\":\"WebPage\",\"@id\":\"https:\/\/blog.zhaw.ch\/forschungssupport\/prix-de-quervain-fuer-polar-und-hoehenforschung\/\",\"url\":\"https:\/\/blog.zhaw.ch\/forschungssupport\/prix-de-quervain-fuer-polar-und-hoehenforschung\/\",\"name\":\"Prix de Quervain f\u00fcr Polar- und H\u00f6henforschung - Blog f\u00fcr Forschung und Entwicklung\",\"isPartOf\":{\"@id\":\"https:\/\/blog.zhaw.ch\/forschungssupport\/#website\"},\"primaryImageOfPage\":{\"@id\":\"https:\/\/blog.zhaw.ch\/forschungssupport\/prix-de-quervain-fuer-polar-und-hoehenforschung\/#primaryimage\"},\"image\":{\"@id\":\"https:\/\/blog.zhaw.ch\/forschungssupport\/prix-de-quervain-fuer-polar-und-hoehenforschung\/#primaryimage\"},\"thumbnailUrl\":\"http:\/\/blog.zhaw.ch\/forschungssupport\/files\/2012\/01\/logo-Akademien-Schweiz.png\",\"datePublished\":\"2015-03-23T15:27:14+00:00\",\"dateModified\":\"2015-03-23T15:27:52+00:00\",\"author\":{\"@id\":\"https:\/\/blog.zhaw.ch\/forschungssupport\/#\/schema\/person\/bf606b7969f0f063b04f76c3247f44e2\"},\"breadcrumb\":{\"@id\":\"https:\/\/blog.zhaw.ch\/forschungssupport\/prix-de-quervain-fuer-polar-und-hoehenforschung\/#breadcrumb\"},\"inLanguage\":\"de\",\"potentialAction\":[{\"@type\":\"ReadAction\",\"target\":[\"https:\/\/blog.zhaw.ch\/forschungssupport\/prix-de-quervain-fuer-polar-und-hoehenforschung\/\"]}]},{\"@type\":\"ImageObject\",\"inLanguage\":\"de\",\"@id\":\"https:\/\/blog.zhaw.ch\/forschungssupport\/prix-de-quervain-fuer-polar-und-hoehenforschung\/#primaryimage\",\"url\":\"http:\/\/blog.zhaw.ch\/forschungssupport\/files\/2012\/01\/logo-Akademien-Schweiz.png\",\"contentUrl\":\"http:\/\/blog.zhaw.ch\/forschungssupport\/files\/2012\/01\/logo-Akademien-Schweiz.png\"},{\"@type\":\"BreadcrumbList\",\"@id\":\"https:\/\/blog.zhaw.ch\/forschungssupport\/prix-de-quervain-fuer-polar-und-hoehenforschung\/#breadcrumb\",\"itemListElement\":[{\"@type\":\"ListItem\",\"position\":1,\"name\":\"Startseite\",\"item\":\"https:\/\/blog.zhaw.ch\/forschungssupport\/\"},{\"@type\":\"ListItem\",\"position\":2,\"name\":\"Prix de Quervain f\u00fcr Polar- und H\u00f6henforschung\"}]},{\"@type\":\"WebSite\",\"@id\":\"https:\/\/blog.zhaw.ch\/forschungssupport\/#website\",\"url\":\"https:\/\/blog.zhaw.ch\/forschungssupport\/\",\"name\":\"Blog f\u00fcr Forschung und Entwicklung\",\"description\":\"Ein Blog der ZHAW Z\u00fcrcher Hochschule f\u00fcr Angewandte Wissenschaften\",\"potentialAction\":[{\"@type\":\"SearchAction\",\"target\":{\"@type\":\"EntryPoint\",\"urlTemplate\":\"https:\/\/blog.zhaw.ch\/forschungssupport\/?s={search_term_string}\"},\"query-input\":{\"@type\":\"PropertyValueSpecification\",\"valueRequired\":true,\"valueName\":\"search_term_string\"}}],\"inLanguage\":\"de\"},{\"@type\":\"Person\",\"@id\":\"https:\/\/blog.zhaw.ch\/forschungssupport\/#\/schema\/person\/bf606b7969f0f063b04f76c3247f44e2\",\"name\":\"Astrid Messerli\",\"image\":{\"@type\":\"ImageObject\",\"inLanguage\":\"de\",\"@id\":\"https:\/\/secure.gravatar.com\/avatar\/f628da30eca51e8b5a96a797d181689a48260bd1bcb7d3be9d4d4bc798f25b3f?s=96&d=mm&r=g\",\"url\":\"https:\/\/secure.gravatar.com\/avatar\/f628da30eca51e8b5a96a797d181689a48260bd1bcb7d3be9d4d4bc798f25b3f?s=96&d=mm&r=g\",\"contentUrl\":\"https:\/\/secure.gravatar.com\/avatar\/f628da30eca51e8b5a96a797d181689a48260bd1bcb7d3be9d4d4bc798f25b3f?s=96&d=mm&r=g\",\"caption\":\"Astrid Messerli\"},\"url\":\"https:\/\/blog.zhaw.ch\/forschungssupport\/author\/mess\/\"}]}<\/script>\n<!-- \/ Yoast SEO Premium plugin. -->","yoast_head_json":{"title":"Prix de Quervain f\u00fcr Polar- und H\u00f6henforschung - Blog f\u00fcr Forschung und Entwicklung","robots":{"index":"index","follow":"follow","max-snippet":"max-snippet:-1","max-image-preview":"max-image-preview:large","max-video-preview":"max-video-preview:-1"},"canonical":"https:\/\/blog.zhaw.ch\/forschungssupport\/prix-de-quervain-fuer-polar-und-hoehenforschung\/","og_locale":"de_DE","og_type":"article","og_title":"Prix de Quervain f\u00fcr Polar- und H\u00f6henforschung","og_description":"Die Schweizerische Kommission f\u00fcr Polar- und H\u00f6henforschung SKPH und die Schweizerische Kommission f\u00fcr die hochalpine Forschungsstation Jungfraujoch SKJFJ haben sich die F\u00f6rderung herausragender Nachwuchsforscherinnen und \u2013forscher auf ihrem Gebiet zum Ziel gesetzt. Daher vergeben sie gemeinsam j\u00e4hrlich den Nachwuchsf\u00f6rderpreis \u201ePrix de Quervain\u201c auf dem Gebiet der Polar- und H\u00f6henforschung. Schlagw\u00f6rter: Nachwuchsf\u00f6rderung, Preise, Prix de Quervain","og_url":"https:\/\/blog.zhaw.ch\/forschungssupport\/prix-de-quervain-fuer-polar-und-hoehenforschung\/","og_site_name":"Blog f\u00fcr Forschung und Entwicklung","article_published_time":"2015-03-23T15:27:14+00:00","article_modified_time":"2015-03-23T15:27:52+00:00","og_image":[{"url":"http:\/\/blog.zhaw.ch\/forschungssupport\/files\/2012\/01\/logo-Akademien-Schweiz.png","type":"","width":"","height":""}],"author":"Astrid Messerli","twitter_card":"summary_large_image","twitter_misc":{"Verfasst von":"Astrid Messerli","Gesch\u00e4tzte Lesezeit":"1\u00a0Minute"},"schema":{"@context":"https:\/\/schema.org","@graph":[{"@type":"Article","@id":"https:\/\/blog.zhaw.ch\/forschungssupport\/prix-de-quervain-fuer-polar-und-hoehenforschung\/#article","isPartOf":{"@id":"https:\/\/blog.zhaw.ch\/forschungssupport\/prix-de-quervain-fuer-polar-und-hoehenforschung\/"},"author":{"name":"Astrid Messerli","@id":"https:\/\/blog.zhaw.ch\/forschungssupport\/#\/schema\/person\/bf606b7969f0f063b04f76c3247f44e2"},"headline":"Prix de Quervain f\u00fcr Polar- und H\u00f6henforschung","datePublished":"2015-03-23T15:27:14+00:00","dateModified":"2015-03-23T15:27:52+00:00","mainEntityOfPage":{"@id":"https:\/\/blog.zhaw.ch\/forschungssupport\/prix-de-quervain-fuer-polar-und-hoehenforschung\/"},"wordCount":171,"commentCount":0,"image":{"@id":"https:\/\/blog.zhaw.ch\/forschungssupport\/prix-de-quervain-fuer-polar-und-hoehenforschung\/#primaryimage"},"thumbnailUrl":"http:\/\/blog.zhaw.ch\/forschungssupport\/files\/2012\/01\/logo-Akademien-Schweiz.png","keywords":["Nachwuchsf\u00f6rderung","Preise","Prix de Quervain"],"articleSection":["Ausschreibungen","F\u00f6rdergelder"],"inLanguage":"de","potentialAction":[{"@type":"CommentAction","name":"Comment","target":["https:\/\/blog.zhaw.ch\/forschungssupport\/prix-de-quervain-fuer-polar-und-hoehenforschung\/#respond"]}]},{"@type":"WebPage","@id":"https:\/\/blog.zhaw.ch\/forschungssupport\/prix-de-quervain-fuer-polar-und-hoehenforschung\/","url":"https:\/\/blog.zhaw.ch\/forschungssupport\/prix-de-quervain-fuer-polar-und-hoehenforschung\/","name":"Prix de Quervain f\u00fcr Polar- und H\u00f6henforschung - Blog f\u00fcr Forschung und Entwicklung","isPartOf":{"@id":"https:\/\/blog.zhaw.ch\/forschungssupport\/#website"},"primaryImageOfPage":{"@id":"https:\/\/blog.zhaw.ch\/forschungssupport\/prix-de-quervain-fuer-polar-und-hoehenforschung\/#primaryimage"},"image":{"@id":"https:\/\/blog.zhaw.ch\/forschungssupport\/prix-de-quervain-fuer-polar-und-hoehenforschung\/#primaryimage"},"thumbnailUrl":"http:\/\/blog.zhaw.ch\/forschungssupport\/files\/2012\/01\/logo-Akademien-Schweiz.png","datePublished":"2015-03-23T15:27:14+00:00","dateModified":"2015-03-23T15:27:52+00:00","author":{"@id":"https:\/\/blog.zhaw.ch\/forschungssupport\/#\/schema\/person\/bf606b7969f0f063b04f76c3247f44e2"},"breadcrumb":{"@id":"https:\/\/blog.zhaw.ch\/forschungssupport\/prix-de-quervain-fuer-polar-und-hoehenforschung\/#breadcrumb"},"inLanguage":"de","potentialAction":[{"@type":"ReadAction","target":["https:\/\/blog.zhaw.ch\/forschungssupport\/prix-de-quervain-fuer-polar-und-hoehenforschung\/"]}]},{"@type":"ImageObject","inLanguage":"de","@id":"https:\/\/blog.zhaw.ch\/forschungssupport\/prix-de-quervain-fuer-polar-und-hoehenforschung\/#primaryimage","url":"http:\/\/blog.zhaw.ch\/forschungssupport\/files\/2012\/01\/logo-Akademien-Schweiz.png","contentUrl":"http:\/\/blog.zhaw.ch\/forschungssupport\/files\/2012\/01\/logo-Akademien-Schweiz.png"},{"@type":"BreadcrumbList","@id":"https:\/\/blog.zhaw.ch\/forschungssupport\/prix-de-quervain-fuer-polar-und-hoehenforschung\/#breadcrumb","itemListElement":[{"@type":"ListItem","position":1,"name":"Startseite","item":"https:\/\/blog.zhaw.ch\/forschungssupport\/"},{"@type":"ListItem","position":2,"name":"Prix de Quervain f\u00fcr Polar- und H\u00f6henforschung"}]},{"@type":"WebSite","@id":"https:\/\/blog.zhaw.ch\/forschungssupport\/#website","url":"https:\/\/blog.zhaw.ch\/forschungssupport\/","name":"Blog f\u00fcr Forschung und Entwicklung","description":"Ein Blog der ZHAW Z\u00fcrcher Hochschule f\u00fcr Angewandte Wissenschaften","potentialAction":[{"@type":"SearchAction","target":{"@type":"EntryPoint","urlTemplate":"https:\/\/blog.zhaw.ch\/forschungssupport\/?s={search_term_string}"},"query-input":{"@type":"PropertyValueSpecification","valueRequired":true,"valueName":"search_term_string"}}],"inLanguage":"de"},{"@type":"Person","@id":"https:\/\/blog.zhaw.ch\/forschungssupport\/#\/schema\/person\/bf606b7969f0f063b04f76c3247f44e2","name":"Astrid Messerli","image":{"@type":"ImageObject","inLanguage":"de","@id":"https:\/\/secure.gravatar.com\/avatar\/f628da30eca51e8b5a96a797d181689a48260bd1bcb7d3be9d4d4bc798f25b3f?s=96&d=mm&r=g","url":"https:\/\/secure.gravatar.com\/avatar\/f628da30eca51e8b5a96a797d181689a48260bd1bcb7d3be9d4d4bc798f25b3f?s=96&d=mm&r=g","contentUrl":"https:\/\/secure.gravatar.com\/avatar\/f628da30eca51e8b5a96a797d181689a48260bd1bcb7d3be9d4d4bc798f25b3f?s=96&d=mm&r=g","caption":"Astrid Messerli"},"url":"https:\/\/blog.zhaw.ch\/forschungssupport\/author\/mess\/"}]}},"_links":{"self":[{"href":"https:\/\/blog.zhaw.ch\/forschungssupport\/wp-json\/wp\/v2\/posts\/5067","targetHints":{"allow":["GET"]}}],"collection":[{"href":"https:\/\/blog.zhaw.ch\/forschungssupport\/wp-json\/wp\/v2\/posts"}],"about":[{"href":"https:\/\/blog.zhaw.ch\/forschungssupport\/wp-json\/wp\/v2\/types\/post"}],"author":[{"embeddable":true,"href":"https:\/\/blog.zhaw.ch\/forschungssupport\/wp-json\/wp\/v2\/users\/11"}],"replies":[{"embeddable":true,"href":"https:\/\/blog.zhaw.ch\/forschungssupport\/wp-json\/wp\/v2\/comments?post=5067"}],"version-history":[{"count":3,"href":"https:\/\/blog.zhaw.ch\/forschungssupport\/wp-json\/wp\/v2\/posts\/5067\/revisions"}],"predecessor-version":[{"id":5070,"href":"https:\/\/blog.zhaw.ch\/forschungssupport\/wp-json\/wp\/v2\/posts\/5067\/revisions\/5070"}],"wp:attachment":[{"href":"https:\/\/blog.zhaw.ch\/forschungssupport\/wp-json\/wp\/v2\/media?parent=5067"}],"wp:term":[{"taxonomy":"category","embeddable":true,"href":"https:\/\/blog.zhaw.ch\/forschungssupport\/wp-json\/wp\/v2\/categories?post=5067"},{"taxonomy":"post_tag","embeddable":true,"href":"https:\/\/blog.zhaw.ch\/forschungssupport\/wp-json\/wp\/v2\/tags?post=5067"},{"taxonomy":"features","embeddable":true,"href":"https:\/\/blog.zhaw.ch\/forschungssupport\/wp-json\/wp\/v2\/features?post=5067"}],"curies":[{"name":"wp","href":"https:\/\/api.w.org\/{rel}","templated":true}]}}