{"id":4791,"date":"2014-11-06T11:31:56","date_gmt":"2014-11-06T10:31:56","guid":{"rendered":"http:\/\/blog.zhaw.ch\/forschungssupport\/?p=4791"},"modified":"2014-11-06T11:32:41","modified_gmt":"2014-11-06T10:32:41","slug":"bundesrat-genehmigt-horizon-2020-paket","status":"publish","type":"post","link":"https:\/\/blog.zhaw.ch\/forschungssupport\/bundesrat-genehmigt-horizon-2020-paket\/","title":{"rendered":"Bundesrat genehmigt Horizon 2020-Paket"},"content":{"rendered":"<p><a href=\"http:\/\/blog.zhaw.ch\/forschungssupport\/bundesrat-genehmigt-horizon-2020-paket\/\" target=\"_blank\"><img loading=\"lazy\" decoding=\"async\" class=\"alignleft wp-image-2699 size-full\" src=\"http:\/\/blog.zhaw.ch\/forschungssupport\/files\/2012\/09\/Schweizerische-Eidgenossenschaft-300x100.png\" alt=\"Schweizerische Eidgenossenschaft 300x100\" width=\"300\" height=\"100\" \/><\/a>Der Bundesrat hat an seiner Sitzung vom 22.10.2014 das Abkommen zur Beteiligung der Schweiz am europ\u00e4ischen Forschungsrahmenprogramm Horizon 2020 genehmigt. Das Abkommen sieht zwischen dem 15. September 2014 und dem 31. Dezember 2016 eine Teilassoziierung der Schweiz vor. Gest\u00fctzt darauf k\u00f6nnen sich Forschende aus der Schweiz an ausgew\u00e4hlten Teilen von Horizon 2020 vollumf\u00e4nglich beteiligen und sich dabei namentlich auch um die begehrten Stipendien des Europ\u00e4ischen Forschungsrates bewerben. F\u00fcr die Zeitspanne von 2017-2020 sieht das Abkommen eine Vollassoziierung der Schweiz an Horizon 2020 vor, vorausgesetzt, dass eine L\u00f6sung im Bereich der Personenfreiz\u00fcgigkeit gefunden werden kann. <!--more--><\/p>\n<p>Die zeitlich befristete Teilassoziierung erm\u00f6glicht es Forscherinnen und Forschern aus der Schweiz, sich bis Ende 2016 in unterschiedlicher Form an den einzelnen Instrumenten von Horizon 2020 zu beteiligen.<\/p>\n<p>Weitere Informationen:<\/p>\n<ul>\n<li><a href=\"https:\/\/www.news.admin.ch\/message\/index.html?lang=de&amp;msg-id=54907\" target=\"_blank\">Bundesrat genehmigt Horizon 2020-Paket<\/a><\/li>\n<\/ul>\n<div class=\"pt-sm\">Schlagw\u00f6rter: <a href=\"https:\/\/blog.zhaw.ch\/forschungssupport\/tag\/fordergelder\/\">F\u00f6rdergelder<\/a>, <a href=\"https:\/\/blog.zhaw.ch\/forschungssupport\/tag\/forschungspolitik\/\">Forschungspolitik<\/a>, <a href=\"https:\/\/blog.zhaw.ch\/forschungssupport\/tag\/horizon-2020\/\">Horizon 2020<\/a><br><\/div>","protected":false},"excerpt":{"rendered":"<p>Der Bundesrat hat an seiner Sitzung vom 22.10.2014 das Abkommen zur Beteiligung der Schweiz am europ\u00e4ischen Forschungsrahmenprogramm Horizon 2020 genehmigt. Das Abkommen sieht zwischen dem 15. September 2014 und dem 31. Dezember 2016 eine Teilassoziierung der Schweiz vor. Gest\u00fctzt darauf k\u00f6nnen sich Forschende aus der Schweiz an ausgew\u00e4hlten Teilen von Horizon 2020 vollumf\u00e4nglich beteiligen und [&hellip;]<\/p>\n","protected":false},"author":11,"featured_media":0,"comment_status":"open","ping_status":"open","sticky":false,"template":"","format":"standard","meta":{"ngg_post_thumbnail":0,"footnotes":""},"categories":[23],"tags":[401,402,236],"features":[],"class_list":["post-4791","post","type-post","status-publish","format-standard","hentry","category-eu-horizon-2020","tag-fordergelder","tag-forschungspolitik","tag-horizon-2020"],"yoast_head":"<!-- This site is optimized with the Yoast SEO Premium plugin v27.2 (Yoast SEO v27.2) - https:\/\/yoast.com\/product\/yoast-seo-premium-wordpress\/ -->\n<title>Bundesrat genehmigt Horizon 2020-Paket - Blog f\u00fcr Forschung und Entwicklung<\/title>\n<meta name=\"robots\" content=\"index, follow, max-snippet:-1, max-image-preview:large, max-video-preview:-1\" \/>\n<link rel=\"canonical\" href=\"https:\/\/blog.zhaw.ch\/forschungssupport\/bundesrat-genehmigt-horizon-2020-paket\/\" \/>\n<meta property=\"og:locale\" content=\"de_DE\" \/>\n<meta property=\"og:type\" content=\"article\" \/>\n<meta property=\"og:title\" content=\"Bundesrat genehmigt Horizon 2020-Paket\" \/>\n<meta property=\"og:description\" content=\"Der Bundesrat hat an seiner Sitzung vom 22.10.2014 das Abkommen zur Beteiligung der Schweiz am europ\u00e4ischen Forschungsrahmenprogramm Horizon 2020 genehmigt. Das Abkommen sieht zwischen dem 15. September 2014 und dem 31. Dezember 2016 eine Teilassoziierung der Schweiz vor. Gest\u00fctzt darauf k\u00f6nnen sich Forschende aus der Schweiz an ausgew\u00e4hlten Teilen von Horizon 2020 vollumf\u00e4nglich beteiligen und [&hellip;]\" \/>\n<meta property=\"og:url\" content=\"https:\/\/blog.zhaw.ch\/forschungssupport\/bundesrat-genehmigt-horizon-2020-paket\/\" \/>\n<meta property=\"og:site_name\" content=\"Blog f\u00fcr Forschung und Entwicklung\" \/>\n<meta property=\"article:published_time\" content=\"2014-11-06T10:31:56+00:00\" \/>\n<meta property=\"article:modified_time\" content=\"2014-11-06T10:32:41+00:00\" \/>\n<meta property=\"og:image\" content=\"http:\/\/blog.zhaw.ch\/forschungssupport\/files\/2012\/09\/Schweizerische-Eidgenossenschaft-300x100.png\" \/>\n<meta name=\"author\" content=\"Astrid Messerli\" \/>\n<meta name=\"twitter:card\" content=\"summary_large_image\" \/>\n<meta name=\"twitter:label1\" content=\"Verfasst von\" \/>\n\t<meta name=\"twitter:data1\" content=\"Astrid Messerli\" \/>\n\t<meta name=\"twitter:label2\" content=\"Gesch\u00e4tzte Lesezeit\" \/>\n\t<meta name=\"twitter:data2\" content=\"1\u00a0Minute\" \/>\n<script type=\"application\/ld+json\" class=\"yoast-schema-graph\">{\"@context\":\"https:\/\/schema.org\",\"@graph\":[{\"@type\":\"Article\",\"@id\":\"https:\/\/blog.zhaw.ch\/forschungssupport\/bundesrat-genehmigt-horizon-2020-paket\/#article\",\"isPartOf\":{\"@id\":\"https:\/\/blog.zhaw.ch\/forschungssupport\/bundesrat-genehmigt-horizon-2020-paket\/\"},\"author\":{\"name\":\"Astrid Messerli\",\"@id\":\"https:\/\/blog.zhaw.ch\/forschungssupport\/#\/schema\/person\/bf606b7969f0f063b04f76c3247f44e2\"},\"headline\":\"Bundesrat genehmigt Horizon 2020-Paket\",\"datePublished\":\"2014-11-06T10:31:56+00:00\",\"dateModified\":\"2014-11-06T10:32:41+00:00\",\"mainEntityOfPage\":{\"@id\":\"https:\/\/blog.zhaw.ch\/forschungssupport\/bundesrat-genehmigt-horizon-2020-paket\/\"},\"wordCount\":132,\"commentCount\":0,\"image\":{\"@id\":\"https:\/\/blog.zhaw.ch\/forschungssupport\/bundesrat-genehmigt-horizon-2020-paket\/#primaryimage\"},\"thumbnailUrl\":\"http:\/\/blog.zhaw.ch\/forschungssupport\/files\/2012\/09\/Schweizerische-Eidgenossenschaft-300x100.png\",\"keywords\":[\"F\u00f6rdergelder\",\"Forschungspolitik\",\"Horizon 2020\"],\"articleSection\":[\"EU Horizon 2020\"],\"inLanguage\":\"de\",\"potentialAction\":[{\"@type\":\"CommentAction\",\"name\":\"Comment\",\"target\":[\"https:\/\/blog.zhaw.ch\/forschungssupport\/bundesrat-genehmigt-horizon-2020-paket\/#respond\"]}]},{\"@type\":\"WebPage\",\"@id\":\"https:\/\/blog.zhaw.ch\/forschungssupport\/bundesrat-genehmigt-horizon-2020-paket\/\",\"url\":\"https:\/\/blog.zhaw.ch\/forschungssupport\/bundesrat-genehmigt-horizon-2020-paket\/\",\"name\":\"Bundesrat genehmigt Horizon 2020-Paket - Blog f\u00fcr Forschung und Entwicklung\",\"isPartOf\":{\"@id\":\"https:\/\/blog.zhaw.ch\/forschungssupport\/#website\"},\"primaryImageOfPage\":{\"@id\":\"https:\/\/blog.zhaw.ch\/forschungssupport\/bundesrat-genehmigt-horizon-2020-paket\/#primaryimage\"},\"image\":{\"@id\":\"https:\/\/blog.zhaw.ch\/forschungssupport\/bundesrat-genehmigt-horizon-2020-paket\/#primaryimage\"},\"thumbnailUrl\":\"http:\/\/blog.zhaw.ch\/forschungssupport\/files\/2012\/09\/Schweizerische-Eidgenossenschaft-300x100.png\",\"datePublished\":\"2014-11-06T10:31:56+00:00\",\"dateModified\":\"2014-11-06T10:32:41+00:00\",\"author\":{\"@id\":\"https:\/\/blog.zhaw.ch\/forschungssupport\/#\/schema\/person\/bf606b7969f0f063b04f76c3247f44e2\"},\"breadcrumb\":{\"@id\":\"https:\/\/blog.zhaw.ch\/forschungssupport\/bundesrat-genehmigt-horizon-2020-paket\/#breadcrumb\"},\"inLanguage\":\"de\",\"potentialAction\":[{\"@type\":\"ReadAction\",\"target\":[\"https:\/\/blog.zhaw.ch\/forschungssupport\/bundesrat-genehmigt-horizon-2020-paket\/\"]}]},{\"@type\":\"ImageObject\",\"inLanguage\":\"de\",\"@id\":\"https:\/\/blog.zhaw.ch\/forschungssupport\/bundesrat-genehmigt-horizon-2020-paket\/#primaryimage\",\"url\":\"http:\/\/blog.zhaw.ch\/forschungssupport\/files\/2012\/09\/Schweizerische-Eidgenossenschaft-300x100.png\",\"contentUrl\":\"http:\/\/blog.zhaw.ch\/forschungssupport\/files\/2012\/09\/Schweizerische-Eidgenossenschaft-300x100.png\"},{\"@type\":\"BreadcrumbList\",\"@id\":\"https:\/\/blog.zhaw.ch\/forschungssupport\/bundesrat-genehmigt-horizon-2020-paket\/#breadcrumb\",\"itemListElement\":[{\"@type\":\"ListItem\",\"position\":1,\"name\":\"Startseite\",\"item\":\"https:\/\/blog.zhaw.ch\/forschungssupport\/\"},{\"@type\":\"ListItem\",\"position\":2,\"name\":\"Bundesrat genehmigt Horizon 2020-Paket\"}]},{\"@type\":\"WebSite\",\"@id\":\"https:\/\/blog.zhaw.ch\/forschungssupport\/#website\",\"url\":\"https:\/\/blog.zhaw.ch\/forschungssupport\/\",\"name\":\"Blog f\u00fcr Forschung und Entwicklung\",\"description\":\"Ein Blog der ZHAW Z\u00fcrcher Hochschule f\u00fcr Angewandte Wissenschaften\",\"potentialAction\":[{\"@type\":\"SearchAction\",\"target\":{\"@type\":\"EntryPoint\",\"urlTemplate\":\"https:\/\/blog.zhaw.ch\/forschungssupport\/?s={search_term_string}\"},\"query-input\":{\"@type\":\"PropertyValueSpecification\",\"valueRequired\":true,\"valueName\":\"search_term_string\"}}],\"inLanguage\":\"de\"},{\"@type\":\"Person\",\"@id\":\"https:\/\/blog.zhaw.ch\/forschungssupport\/#\/schema\/person\/bf606b7969f0f063b04f76c3247f44e2\",\"name\":\"Astrid Messerli\",\"image\":{\"@type\":\"ImageObject\",\"inLanguage\":\"de\",\"@id\":\"https:\/\/secure.gravatar.com\/avatar\/f628da30eca51e8b5a96a797d181689a48260bd1bcb7d3be9d4d4bc798f25b3f?s=96&d=mm&r=g\",\"url\":\"https:\/\/secure.gravatar.com\/avatar\/f628da30eca51e8b5a96a797d181689a48260bd1bcb7d3be9d4d4bc798f25b3f?s=96&d=mm&r=g\",\"contentUrl\":\"https:\/\/secure.gravatar.com\/avatar\/f628da30eca51e8b5a96a797d181689a48260bd1bcb7d3be9d4d4bc798f25b3f?s=96&d=mm&r=g\",\"caption\":\"Astrid Messerli\"},\"url\":\"https:\/\/blog.zhaw.ch\/forschungssupport\/author\/mess\/\"}]}<\/script>\n<!-- \/ Yoast SEO Premium plugin. -->","yoast_head_json":{"title":"Bundesrat genehmigt Horizon 2020-Paket - Blog f\u00fcr Forschung und Entwicklung","robots":{"index":"index","follow":"follow","max-snippet":"max-snippet:-1","max-image-preview":"max-image-preview:large","max-video-preview":"max-video-preview:-1"},"canonical":"https:\/\/blog.zhaw.ch\/forschungssupport\/bundesrat-genehmigt-horizon-2020-paket\/","og_locale":"de_DE","og_type":"article","og_title":"Bundesrat genehmigt Horizon 2020-Paket","og_description":"Der Bundesrat hat an seiner Sitzung vom 22.10.2014 das Abkommen zur Beteiligung der Schweiz am europ\u00e4ischen Forschungsrahmenprogramm Horizon 2020 genehmigt. Das Abkommen sieht zwischen dem 15. September 2014 und dem 31. Dezember 2016 eine Teilassoziierung der Schweiz vor. Gest\u00fctzt darauf k\u00f6nnen sich Forschende aus der Schweiz an ausgew\u00e4hlten Teilen von Horizon 2020 vollumf\u00e4nglich beteiligen und [&hellip;]","og_url":"https:\/\/blog.zhaw.ch\/forschungssupport\/bundesrat-genehmigt-horizon-2020-paket\/","og_site_name":"Blog f\u00fcr Forschung und Entwicklung","article_published_time":"2014-11-06T10:31:56+00:00","article_modified_time":"2014-11-06T10:32:41+00:00","og_image":[{"url":"http:\/\/blog.zhaw.ch\/forschungssupport\/files\/2012\/09\/Schweizerische-Eidgenossenschaft-300x100.png","type":"","width":"","height":""}],"author":"Astrid Messerli","twitter_card":"summary_large_image","twitter_misc":{"Verfasst von":"Astrid Messerli","Gesch\u00e4tzte Lesezeit":"1\u00a0Minute"},"schema":{"@context":"https:\/\/schema.org","@graph":[{"@type":"Article","@id":"https:\/\/blog.zhaw.ch\/forschungssupport\/bundesrat-genehmigt-horizon-2020-paket\/#article","isPartOf":{"@id":"https:\/\/blog.zhaw.ch\/forschungssupport\/bundesrat-genehmigt-horizon-2020-paket\/"},"author":{"name":"Astrid Messerli","@id":"https:\/\/blog.zhaw.ch\/forschungssupport\/#\/schema\/person\/bf606b7969f0f063b04f76c3247f44e2"},"headline":"Bundesrat genehmigt Horizon 2020-Paket","datePublished":"2014-11-06T10:31:56+00:00","dateModified":"2014-11-06T10:32:41+00:00","mainEntityOfPage":{"@id":"https:\/\/blog.zhaw.ch\/forschungssupport\/bundesrat-genehmigt-horizon-2020-paket\/"},"wordCount":132,"commentCount":0,"image":{"@id":"https:\/\/blog.zhaw.ch\/forschungssupport\/bundesrat-genehmigt-horizon-2020-paket\/#primaryimage"},"thumbnailUrl":"http:\/\/blog.zhaw.ch\/forschungssupport\/files\/2012\/09\/Schweizerische-Eidgenossenschaft-300x100.png","keywords":["F\u00f6rdergelder","Forschungspolitik","Horizon 2020"],"articleSection":["EU Horizon 2020"],"inLanguage":"de","potentialAction":[{"@type":"CommentAction","name":"Comment","target":["https:\/\/blog.zhaw.ch\/forschungssupport\/bundesrat-genehmigt-horizon-2020-paket\/#respond"]}]},{"@type":"WebPage","@id":"https:\/\/blog.zhaw.ch\/forschungssupport\/bundesrat-genehmigt-horizon-2020-paket\/","url":"https:\/\/blog.zhaw.ch\/forschungssupport\/bundesrat-genehmigt-horizon-2020-paket\/","name":"Bundesrat genehmigt Horizon 2020-Paket - Blog f\u00fcr Forschung und Entwicklung","isPartOf":{"@id":"https:\/\/blog.zhaw.ch\/forschungssupport\/#website"},"primaryImageOfPage":{"@id":"https:\/\/blog.zhaw.ch\/forschungssupport\/bundesrat-genehmigt-horizon-2020-paket\/#primaryimage"},"image":{"@id":"https:\/\/blog.zhaw.ch\/forschungssupport\/bundesrat-genehmigt-horizon-2020-paket\/#primaryimage"},"thumbnailUrl":"http:\/\/blog.zhaw.ch\/forschungssupport\/files\/2012\/09\/Schweizerische-Eidgenossenschaft-300x100.png","datePublished":"2014-11-06T10:31:56+00:00","dateModified":"2014-11-06T10:32:41+00:00","author":{"@id":"https:\/\/blog.zhaw.ch\/forschungssupport\/#\/schema\/person\/bf606b7969f0f063b04f76c3247f44e2"},"breadcrumb":{"@id":"https:\/\/blog.zhaw.ch\/forschungssupport\/bundesrat-genehmigt-horizon-2020-paket\/#breadcrumb"},"inLanguage":"de","potentialAction":[{"@type":"ReadAction","target":["https:\/\/blog.zhaw.ch\/forschungssupport\/bundesrat-genehmigt-horizon-2020-paket\/"]}]},{"@type":"ImageObject","inLanguage":"de","@id":"https:\/\/blog.zhaw.ch\/forschungssupport\/bundesrat-genehmigt-horizon-2020-paket\/#primaryimage","url":"http:\/\/blog.zhaw.ch\/forschungssupport\/files\/2012\/09\/Schweizerische-Eidgenossenschaft-300x100.png","contentUrl":"http:\/\/blog.zhaw.ch\/forschungssupport\/files\/2012\/09\/Schweizerische-Eidgenossenschaft-300x100.png"},{"@type":"BreadcrumbList","@id":"https:\/\/blog.zhaw.ch\/forschungssupport\/bundesrat-genehmigt-horizon-2020-paket\/#breadcrumb","itemListElement":[{"@type":"ListItem","position":1,"name":"Startseite","item":"https:\/\/blog.zhaw.ch\/forschungssupport\/"},{"@type":"ListItem","position":2,"name":"Bundesrat genehmigt Horizon 2020-Paket"}]},{"@type":"WebSite","@id":"https:\/\/blog.zhaw.ch\/forschungssupport\/#website","url":"https:\/\/blog.zhaw.ch\/forschungssupport\/","name":"Blog f\u00fcr Forschung und Entwicklung","description":"Ein Blog der ZHAW Z\u00fcrcher Hochschule f\u00fcr Angewandte Wissenschaften","potentialAction":[{"@type":"SearchAction","target":{"@type":"EntryPoint","urlTemplate":"https:\/\/blog.zhaw.ch\/forschungssupport\/?s={search_term_string}"},"query-input":{"@type":"PropertyValueSpecification","valueRequired":true,"valueName":"search_term_string"}}],"inLanguage":"de"},{"@type":"Person","@id":"https:\/\/blog.zhaw.ch\/forschungssupport\/#\/schema\/person\/bf606b7969f0f063b04f76c3247f44e2","name":"Astrid Messerli","image":{"@type":"ImageObject","inLanguage":"de","@id":"https:\/\/secure.gravatar.com\/avatar\/f628da30eca51e8b5a96a797d181689a48260bd1bcb7d3be9d4d4bc798f25b3f?s=96&d=mm&r=g","url":"https:\/\/secure.gravatar.com\/avatar\/f628da30eca51e8b5a96a797d181689a48260bd1bcb7d3be9d4d4bc798f25b3f?s=96&d=mm&r=g","contentUrl":"https:\/\/secure.gravatar.com\/avatar\/f628da30eca51e8b5a96a797d181689a48260bd1bcb7d3be9d4d4bc798f25b3f?s=96&d=mm&r=g","caption":"Astrid Messerli"},"url":"https:\/\/blog.zhaw.ch\/forschungssupport\/author\/mess\/"}]}},"_links":{"self":[{"href":"https:\/\/blog.zhaw.ch\/forschungssupport\/wp-json\/wp\/v2\/posts\/4791","targetHints":{"allow":["GET"]}}],"collection":[{"href":"https:\/\/blog.zhaw.ch\/forschungssupport\/wp-json\/wp\/v2\/posts"}],"about":[{"href":"https:\/\/blog.zhaw.ch\/forschungssupport\/wp-json\/wp\/v2\/types\/post"}],"author":[{"embeddable":true,"href":"https:\/\/blog.zhaw.ch\/forschungssupport\/wp-json\/wp\/v2\/users\/11"}],"replies":[{"embeddable":true,"href":"https:\/\/blog.zhaw.ch\/forschungssupport\/wp-json\/wp\/v2\/comments?post=4791"}],"version-history":[{"count":3,"href":"https:\/\/blog.zhaw.ch\/forschungssupport\/wp-json\/wp\/v2\/posts\/4791\/revisions"}],"predecessor-version":[{"id":4794,"href":"https:\/\/blog.zhaw.ch\/forschungssupport\/wp-json\/wp\/v2\/posts\/4791\/revisions\/4794"}],"wp:attachment":[{"href":"https:\/\/blog.zhaw.ch\/forschungssupport\/wp-json\/wp\/v2\/media?parent=4791"}],"wp:term":[{"taxonomy":"category","embeddable":true,"href":"https:\/\/blog.zhaw.ch\/forschungssupport\/wp-json\/wp\/v2\/categories?post=4791"},{"taxonomy":"post_tag","embeddable":true,"href":"https:\/\/blog.zhaw.ch\/forschungssupport\/wp-json\/wp\/v2\/tags?post=4791"},{"taxonomy":"features","embeddable":true,"href":"https:\/\/blog.zhaw.ch\/forschungssupport\/wp-json\/wp\/v2\/features?post=4791"}],"curies":[{"name":"wp","href":"https:\/\/api.w.org\/{rel}","templated":true}]}}