{"id":4099,"date":"2014-01-27T15:27:58","date_gmt":"2014-01-27T14:27:58","guid":{"rendered":"http:\/\/blog.zhaw.ch\/forschungssupport\/?p=4099"},"modified":"2014-01-27T15:29:37","modified_gmt":"2014-01-27T14:29:37","slug":"call-for-abstracts-status-seminar-forschen-fuer-den-bau-im-kontext-von-energie-und-umwelt","status":"publish","type":"post","link":"https:\/\/blog.zhaw.ch\/forschungssupport\/call-for-abstracts-status-seminar-forschen-fuer-den-bau-im-kontext-von-energie-und-umwelt\/","title":{"rendered":"Call for Abstracts &#8211; Status-Seminar \u00abForschen f\u00fcr den Bau im Kontext von Energie und Umwelt\u00bb"},"content":{"rendered":"<p><a href=\"http:\/\/blog.zhaw.ch\/forschungssupport\/call-for-abstracts-status-seminar-forschen-fuer-den-bau-im-kontext-von-energie-und-umwelt\/\" target=\"_blank\"><img loading=\"lazy\" decoding=\"async\" class=\"size-medium wp-image-4101 alignleft\" alt=\"brenet\" src=\"http:\/\/blog.zhaw.ch\/forschungssupport\/files\/2014\/01\/brenet-300x50.jpg\" width=\"300\" height=\"50\" srcset=\"https:\/\/blog.zhaw.ch\/forschungssupport\/files\/2014\/01\/brenet-300x50.jpg 300w, https:\/\/blog.zhaw.ch\/forschungssupport\/files\/2014\/01\/brenet-500x83.jpg 500w, https:\/\/blog.zhaw.ch\/forschungssupport\/files\/2014\/01\/brenet.jpg 805w\" sizes=\"auto, (max-width: 300px) 100vw, 300px\" \/><\/a>Das <strong>18. Status-Seminar \u00abForschen f\u00fcr den Bau im Kontext von Energie und Umwelt\u00bb<\/strong> findet am <strong>4.\/5. September 2014<\/strong> an der ETH-Z\u00fcrich, Maschinenlabor statt.<!--more--><\/p>\n<p><strong>\u00ab\u00e7a suffit &#8211; es ist genug!\u00bb<br \/>\n<\/strong>Die Diskussion um Suffizienz hat Einzug in die Forschung und in die politische Agenda gehalten. Die Forderung nach Verzicht ist allgegenw\u00e4rtig! Doch was bedeutet Suffizienz? In was f\u00fcr einem Spannungsfeld sollte Suffizienz betrachtet werden? Wie realistisch ist die Forderung nach Masshalten, wenn der Konsum (noch) nicht schmerzt? Was bedeutet dies f\u00fcr unseren Lebensalltag und vor allem auch f\u00fcr den gebauten Lebensraum? Welche Hemmnisse bestehen auf dem Weg zu einem massvollem Verbrauch der Ressourcen und wie lassen sich diese \u00fcberwinden?<\/p>\n<p>Im 18. Status-Seminar 2014 \u00abForschen f\u00fcr den Bau im Kontext von Energie und Umwelt\u00bb werden Forschungsprojekte unter dem Gesichtspunkt von Suffizienz, Effizienz und Konsistenz vorgestellt und diskutiert. Damit wollen wir sehen, ob die Forschung die neuen Fragestellungen aufgreift und kl\u00e4ren, wo noch Forschungsaktivit\u00e4ten lanciert werden m\u00fcssen. Es ist uns dabei ein grosses Anliegen, das Thema Suffizienz m\u00f6glichst vielschichtig zu betrachten um einen ganzheitlichen Bogen zwischen Wertehaltung, Technologie und Materialisierung schlagen zu k\u00f6nnen.<\/p>\n<p>Abgabetermin f\u00fcr die Einreichung der Abstracts\u00a0 <strong>12. M\u00e4rz 2014<\/strong><\/p>\n<p>Weitere Informationen<\/p>\n<ul>\n<li><a href=\"http:\/\/www.brenet.ch\/statusseminar.php\" target=\"_blank\">http:\/\/www.brenet.ch\/statusseminar.php<\/a><\/li>\n<\/ul>\n<div class=\"pt-sm\">Schlagw\u00f6rter: <a href=\"https:\/\/blog.zhaw.ch\/forschungssupport\/tag\/ausschreibung\/\">Ausschreibung<\/a>, <a href=\"https:\/\/blog.zhaw.ch\/forschungssupport\/tag\/veranstaltung-extern\/\">Veranstaltung extern<\/a><br><\/div>","protected":false},"excerpt":{"rendered":"<p>Das 18. Status-Seminar \u00abForschen f\u00fcr den Bau im Kontext von Energie und Umwelt\u00bb findet am 4.\/5. September 2014 an der ETH-Z\u00fcrich, Maschinenlabor statt. Schlagw\u00f6rter: Ausschreibung, Veranstaltung extern<\/p>\n","protected":false},"author":11,"featured_media":0,"comment_status":"open","ping_status":"open","sticky":false,"template":"","format":"standard","meta":{"ngg_post_thumbnail":0,"footnotes":""},"categories":[3,21,5,9,16],"tags":[32,256],"features":[],"class_list":["post-4099","post","type-post","status-publish","format-standard","hentry","category-ausschreibungen","category-bund","category-forderinstutionen","category-kti","category-veranstaltungen-extern","tag-ausschreibung","tag-veranstaltung-extern"],"yoast_head":"<!-- This site is optimized with the Yoast SEO Premium plugin v27.2 (Yoast SEO v27.2) - https:\/\/yoast.com\/product\/yoast-seo-premium-wordpress\/ -->\n<title>Call for Abstracts - Status-Seminar \u00abForschen f\u00fcr den Bau im Kontext von Energie und Umwelt\u00bb - Blog f\u00fcr Forschung und Entwicklung<\/title>\n<meta name=\"robots\" content=\"index, follow, max-snippet:-1, max-image-preview:large, max-video-preview:-1\" \/>\n<link rel=\"canonical\" href=\"https:\/\/blog.zhaw.ch\/forschungssupport\/call-for-abstracts-status-seminar-forschen-fuer-den-bau-im-kontext-von-energie-und-umwelt\/\" \/>\n<meta property=\"og:locale\" content=\"de_DE\" \/>\n<meta property=\"og:type\" content=\"article\" \/>\n<meta property=\"og:title\" content=\"Call for Abstracts - Status-Seminar \u00abForschen f\u00fcr den Bau im Kontext von Energie und Umwelt\u00bb\" \/>\n<meta property=\"og:description\" content=\"Das 18. Status-Seminar \u00abForschen f\u00fcr den Bau im Kontext von Energie und Umwelt\u00bb findet am 4.\/5. September 2014 an der ETH-Z\u00fcrich, Maschinenlabor statt. Schlagw\u00f6rter: Ausschreibung, Veranstaltung extern\" \/>\n<meta property=\"og:url\" content=\"https:\/\/blog.zhaw.ch\/forschungssupport\/call-for-abstracts-status-seminar-forschen-fuer-den-bau-im-kontext-von-energie-und-umwelt\/\" \/>\n<meta property=\"og:site_name\" content=\"Blog f\u00fcr Forschung und Entwicklung\" \/>\n<meta property=\"article:published_time\" content=\"2014-01-27T14:27:58+00:00\" \/>\n<meta property=\"article:modified_time\" content=\"2014-01-27T14:29:37+00:00\" \/>\n<meta property=\"og:image\" content=\"http:\/\/blog.zhaw.ch\/forschungssupport\/files\/2014\/01\/brenet-300x50.jpg\" \/>\n<meta name=\"author\" content=\"Astrid Messerli\" \/>\n<meta name=\"twitter:card\" content=\"summary_large_image\" \/>\n<meta name=\"twitter:label1\" content=\"Verfasst von\" \/>\n\t<meta name=\"twitter:data1\" content=\"Astrid Messerli\" \/>\n\t<meta name=\"twitter:label2\" content=\"Gesch\u00e4tzte Lesezeit\" \/>\n\t<meta name=\"twitter:data2\" content=\"1\u00a0Minute\" \/>\n<script type=\"application\/ld+json\" class=\"yoast-schema-graph\">{\"@context\":\"https:\/\/schema.org\",\"@graph\":[{\"@type\":\"Article\",\"@id\":\"https:\/\/blog.zhaw.ch\/forschungssupport\/call-for-abstracts-status-seminar-forschen-fuer-den-bau-im-kontext-von-energie-und-umwelt\/#article\",\"isPartOf\":{\"@id\":\"https:\/\/blog.zhaw.ch\/forschungssupport\/call-for-abstracts-status-seminar-forschen-fuer-den-bau-im-kontext-von-energie-und-umwelt\/\"},\"author\":{\"name\":\"Astrid Messerli\",\"@id\":\"https:\/\/blog.zhaw.ch\/forschungssupport\/#\/schema\/person\/bf606b7969f0f063b04f76c3247f44e2\"},\"headline\":\"Call for Abstracts &#8211; Status-Seminar \u00abForschen f\u00fcr den Bau im Kontext von Energie und Umwelt\u00bb\",\"datePublished\":\"2014-01-27T14:27:58+00:00\",\"dateModified\":\"2014-01-27T14:29:37+00:00\",\"mainEntityOfPage\":{\"@id\":\"https:\/\/blog.zhaw.ch\/forschungssupport\/call-for-abstracts-status-seminar-forschen-fuer-den-bau-im-kontext-von-energie-und-umwelt\/\"},\"wordCount\":220,\"commentCount\":0,\"image\":{\"@id\":\"https:\/\/blog.zhaw.ch\/forschungssupport\/call-for-abstracts-status-seminar-forschen-fuer-den-bau-im-kontext-von-energie-und-umwelt\/#primaryimage\"},\"thumbnailUrl\":\"http:\/\/blog.zhaw.ch\/forschungssupport\/files\/2014\/01\/brenet-300x50.jpg\",\"keywords\":[\"Ausschreibung\",\"Veranstaltung extern\"],\"articleSection\":[\"Ausschreibungen\",\"Bund\",\"F\u00f6rderinstitutionen\",\"KTI\",\"Veranstaltungen extern\"],\"inLanguage\":\"de\",\"potentialAction\":[{\"@type\":\"CommentAction\",\"name\":\"Comment\",\"target\":[\"https:\/\/blog.zhaw.ch\/forschungssupport\/call-for-abstracts-status-seminar-forschen-fuer-den-bau-im-kontext-von-energie-und-umwelt\/#respond\"]}]},{\"@type\":\"WebPage\",\"@id\":\"https:\/\/blog.zhaw.ch\/forschungssupport\/call-for-abstracts-status-seminar-forschen-fuer-den-bau-im-kontext-von-energie-und-umwelt\/\",\"url\":\"https:\/\/blog.zhaw.ch\/forschungssupport\/call-for-abstracts-status-seminar-forschen-fuer-den-bau-im-kontext-von-energie-und-umwelt\/\",\"name\":\"Call for Abstracts - Status-Seminar \u00abForschen f\u00fcr den Bau im Kontext von Energie und Umwelt\u00bb - Blog f\u00fcr Forschung und Entwicklung\",\"isPartOf\":{\"@id\":\"https:\/\/blog.zhaw.ch\/forschungssupport\/#website\"},\"primaryImageOfPage\":{\"@id\":\"https:\/\/blog.zhaw.ch\/forschungssupport\/call-for-abstracts-status-seminar-forschen-fuer-den-bau-im-kontext-von-energie-und-umwelt\/#primaryimage\"},\"image\":{\"@id\":\"https:\/\/blog.zhaw.ch\/forschungssupport\/call-for-abstracts-status-seminar-forschen-fuer-den-bau-im-kontext-von-energie-und-umwelt\/#primaryimage\"},\"thumbnailUrl\":\"http:\/\/blog.zhaw.ch\/forschungssupport\/files\/2014\/01\/brenet-300x50.jpg\",\"datePublished\":\"2014-01-27T14:27:58+00:00\",\"dateModified\":\"2014-01-27T14:29:37+00:00\",\"author\":{\"@id\":\"https:\/\/blog.zhaw.ch\/forschungssupport\/#\/schema\/person\/bf606b7969f0f063b04f76c3247f44e2\"},\"breadcrumb\":{\"@id\":\"https:\/\/blog.zhaw.ch\/forschungssupport\/call-for-abstracts-status-seminar-forschen-fuer-den-bau-im-kontext-von-energie-und-umwelt\/#breadcrumb\"},\"inLanguage\":\"de\",\"potentialAction\":[{\"@type\":\"ReadAction\",\"target\":[\"https:\/\/blog.zhaw.ch\/forschungssupport\/call-for-abstracts-status-seminar-forschen-fuer-den-bau-im-kontext-von-energie-und-umwelt\/\"]}]},{\"@type\":\"ImageObject\",\"inLanguage\":\"de\",\"@id\":\"https:\/\/blog.zhaw.ch\/forschungssupport\/call-for-abstracts-status-seminar-forschen-fuer-den-bau-im-kontext-von-energie-und-umwelt\/#primaryimage\",\"url\":\"https:\/\/blog.zhaw.ch\/forschungssupport\/files\/2014\/01\/brenet.jpg\",\"contentUrl\":\"https:\/\/blog.zhaw.ch\/forschungssupport\/files\/2014\/01\/brenet.jpg\",\"width\":805,\"height\":135},{\"@type\":\"BreadcrumbList\",\"@id\":\"https:\/\/blog.zhaw.ch\/forschungssupport\/call-for-abstracts-status-seminar-forschen-fuer-den-bau-im-kontext-von-energie-und-umwelt\/#breadcrumb\",\"itemListElement\":[{\"@type\":\"ListItem\",\"position\":1,\"name\":\"Startseite\",\"item\":\"https:\/\/blog.zhaw.ch\/forschungssupport\/\"},{\"@type\":\"ListItem\",\"position\":2,\"name\":\"Call for Abstracts &#8211; Status-Seminar \u00abForschen f\u00fcr den Bau im Kontext von Energie und Umwelt\u00bb\"}]},{\"@type\":\"WebSite\",\"@id\":\"https:\/\/blog.zhaw.ch\/forschungssupport\/#website\",\"url\":\"https:\/\/blog.zhaw.ch\/forschungssupport\/\",\"name\":\"Blog f\u00fcr Forschung und Entwicklung\",\"description\":\"Ein Blog der ZHAW Z\u00fcrcher Hochschule f\u00fcr Angewandte Wissenschaften\",\"potentialAction\":[{\"@type\":\"SearchAction\",\"target\":{\"@type\":\"EntryPoint\",\"urlTemplate\":\"https:\/\/blog.zhaw.ch\/forschungssupport\/?s={search_term_string}\"},\"query-input\":{\"@type\":\"PropertyValueSpecification\",\"valueRequired\":true,\"valueName\":\"search_term_string\"}}],\"inLanguage\":\"de\"},{\"@type\":\"Person\",\"@id\":\"https:\/\/blog.zhaw.ch\/forschungssupport\/#\/schema\/person\/bf606b7969f0f063b04f76c3247f44e2\",\"name\":\"Astrid Messerli\",\"image\":{\"@type\":\"ImageObject\",\"inLanguage\":\"de\",\"@id\":\"https:\/\/secure.gravatar.com\/avatar\/f628da30eca51e8b5a96a797d181689a48260bd1bcb7d3be9d4d4bc798f25b3f?s=96&d=mm&r=g\",\"url\":\"https:\/\/secure.gravatar.com\/avatar\/f628da30eca51e8b5a96a797d181689a48260bd1bcb7d3be9d4d4bc798f25b3f?s=96&d=mm&r=g\",\"contentUrl\":\"https:\/\/secure.gravatar.com\/avatar\/f628da30eca51e8b5a96a797d181689a48260bd1bcb7d3be9d4d4bc798f25b3f?s=96&d=mm&r=g\",\"caption\":\"Astrid Messerli\"},\"url\":\"https:\/\/blog.zhaw.ch\/forschungssupport\/author\/mess\/\"}]}<\/script>\n<!-- \/ Yoast SEO Premium plugin. -->","yoast_head_json":{"title":"Call for Abstracts - Status-Seminar \u00abForschen f\u00fcr den Bau im Kontext von Energie und Umwelt\u00bb - Blog f\u00fcr Forschung und Entwicklung","robots":{"index":"index","follow":"follow","max-snippet":"max-snippet:-1","max-image-preview":"max-image-preview:large","max-video-preview":"max-video-preview:-1"},"canonical":"https:\/\/blog.zhaw.ch\/forschungssupport\/call-for-abstracts-status-seminar-forschen-fuer-den-bau-im-kontext-von-energie-und-umwelt\/","og_locale":"de_DE","og_type":"article","og_title":"Call for Abstracts - Status-Seminar \u00abForschen f\u00fcr den Bau im Kontext von Energie und Umwelt\u00bb","og_description":"Das 18. Status-Seminar \u00abForschen f\u00fcr den Bau im Kontext von Energie und Umwelt\u00bb findet am 4.\/5. September 2014 an der ETH-Z\u00fcrich, Maschinenlabor statt. Schlagw\u00f6rter: Ausschreibung, Veranstaltung extern","og_url":"https:\/\/blog.zhaw.ch\/forschungssupport\/call-for-abstracts-status-seminar-forschen-fuer-den-bau-im-kontext-von-energie-und-umwelt\/","og_site_name":"Blog f\u00fcr Forschung und Entwicklung","article_published_time":"2014-01-27T14:27:58+00:00","article_modified_time":"2014-01-27T14:29:37+00:00","og_image":[{"url":"http:\/\/blog.zhaw.ch\/forschungssupport\/files\/2014\/01\/brenet-300x50.jpg","type":"","width":"","height":""}],"author":"Astrid Messerli","twitter_card":"summary_large_image","twitter_misc":{"Verfasst von":"Astrid Messerli","Gesch\u00e4tzte Lesezeit":"1\u00a0Minute"},"schema":{"@context":"https:\/\/schema.org","@graph":[{"@type":"Article","@id":"https:\/\/blog.zhaw.ch\/forschungssupport\/call-for-abstracts-status-seminar-forschen-fuer-den-bau-im-kontext-von-energie-und-umwelt\/#article","isPartOf":{"@id":"https:\/\/blog.zhaw.ch\/forschungssupport\/call-for-abstracts-status-seminar-forschen-fuer-den-bau-im-kontext-von-energie-und-umwelt\/"},"author":{"name":"Astrid Messerli","@id":"https:\/\/blog.zhaw.ch\/forschungssupport\/#\/schema\/person\/bf606b7969f0f063b04f76c3247f44e2"},"headline":"Call for Abstracts &#8211; Status-Seminar \u00abForschen f\u00fcr den Bau im Kontext von Energie und Umwelt\u00bb","datePublished":"2014-01-27T14:27:58+00:00","dateModified":"2014-01-27T14:29:37+00:00","mainEntityOfPage":{"@id":"https:\/\/blog.zhaw.ch\/forschungssupport\/call-for-abstracts-status-seminar-forschen-fuer-den-bau-im-kontext-von-energie-und-umwelt\/"},"wordCount":220,"commentCount":0,"image":{"@id":"https:\/\/blog.zhaw.ch\/forschungssupport\/call-for-abstracts-status-seminar-forschen-fuer-den-bau-im-kontext-von-energie-und-umwelt\/#primaryimage"},"thumbnailUrl":"http:\/\/blog.zhaw.ch\/forschungssupport\/files\/2014\/01\/brenet-300x50.jpg","keywords":["Ausschreibung","Veranstaltung extern"],"articleSection":["Ausschreibungen","Bund","F\u00f6rderinstitutionen","KTI","Veranstaltungen extern"],"inLanguage":"de","potentialAction":[{"@type":"CommentAction","name":"Comment","target":["https:\/\/blog.zhaw.ch\/forschungssupport\/call-for-abstracts-status-seminar-forschen-fuer-den-bau-im-kontext-von-energie-und-umwelt\/#respond"]}]},{"@type":"WebPage","@id":"https:\/\/blog.zhaw.ch\/forschungssupport\/call-for-abstracts-status-seminar-forschen-fuer-den-bau-im-kontext-von-energie-und-umwelt\/","url":"https:\/\/blog.zhaw.ch\/forschungssupport\/call-for-abstracts-status-seminar-forschen-fuer-den-bau-im-kontext-von-energie-und-umwelt\/","name":"Call for Abstracts - Status-Seminar \u00abForschen f\u00fcr den Bau im Kontext von Energie und Umwelt\u00bb - Blog f\u00fcr Forschung und Entwicklung","isPartOf":{"@id":"https:\/\/blog.zhaw.ch\/forschungssupport\/#website"},"primaryImageOfPage":{"@id":"https:\/\/blog.zhaw.ch\/forschungssupport\/call-for-abstracts-status-seminar-forschen-fuer-den-bau-im-kontext-von-energie-und-umwelt\/#primaryimage"},"image":{"@id":"https:\/\/blog.zhaw.ch\/forschungssupport\/call-for-abstracts-status-seminar-forschen-fuer-den-bau-im-kontext-von-energie-und-umwelt\/#primaryimage"},"thumbnailUrl":"http:\/\/blog.zhaw.ch\/forschungssupport\/files\/2014\/01\/brenet-300x50.jpg","datePublished":"2014-01-27T14:27:58+00:00","dateModified":"2014-01-27T14:29:37+00:00","author":{"@id":"https:\/\/blog.zhaw.ch\/forschungssupport\/#\/schema\/person\/bf606b7969f0f063b04f76c3247f44e2"},"breadcrumb":{"@id":"https:\/\/blog.zhaw.ch\/forschungssupport\/call-for-abstracts-status-seminar-forschen-fuer-den-bau-im-kontext-von-energie-und-umwelt\/#breadcrumb"},"inLanguage":"de","potentialAction":[{"@type":"ReadAction","target":["https:\/\/blog.zhaw.ch\/forschungssupport\/call-for-abstracts-status-seminar-forschen-fuer-den-bau-im-kontext-von-energie-und-umwelt\/"]}]},{"@type":"ImageObject","inLanguage":"de","@id":"https:\/\/blog.zhaw.ch\/forschungssupport\/call-for-abstracts-status-seminar-forschen-fuer-den-bau-im-kontext-von-energie-und-umwelt\/#primaryimage","url":"https:\/\/blog.zhaw.ch\/forschungssupport\/files\/2014\/01\/brenet.jpg","contentUrl":"https:\/\/blog.zhaw.ch\/forschungssupport\/files\/2014\/01\/brenet.jpg","width":805,"height":135},{"@type":"BreadcrumbList","@id":"https:\/\/blog.zhaw.ch\/forschungssupport\/call-for-abstracts-status-seminar-forschen-fuer-den-bau-im-kontext-von-energie-und-umwelt\/#breadcrumb","itemListElement":[{"@type":"ListItem","position":1,"name":"Startseite","item":"https:\/\/blog.zhaw.ch\/forschungssupport\/"},{"@type":"ListItem","position":2,"name":"Call for Abstracts &#8211; Status-Seminar \u00abForschen f\u00fcr den Bau im Kontext von Energie und Umwelt\u00bb"}]},{"@type":"WebSite","@id":"https:\/\/blog.zhaw.ch\/forschungssupport\/#website","url":"https:\/\/blog.zhaw.ch\/forschungssupport\/","name":"Blog f\u00fcr Forschung und Entwicklung","description":"Ein Blog der ZHAW Z\u00fcrcher Hochschule f\u00fcr Angewandte Wissenschaften","potentialAction":[{"@type":"SearchAction","target":{"@type":"EntryPoint","urlTemplate":"https:\/\/blog.zhaw.ch\/forschungssupport\/?s={search_term_string}"},"query-input":{"@type":"PropertyValueSpecification","valueRequired":true,"valueName":"search_term_string"}}],"inLanguage":"de"},{"@type":"Person","@id":"https:\/\/blog.zhaw.ch\/forschungssupport\/#\/schema\/person\/bf606b7969f0f063b04f76c3247f44e2","name":"Astrid Messerli","image":{"@type":"ImageObject","inLanguage":"de","@id":"https:\/\/secure.gravatar.com\/avatar\/f628da30eca51e8b5a96a797d181689a48260bd1bcb7d3be9d4d4bc798f25b3f?s=96&d=mm&r=g","url":"https:\/\/secure.gravatar.com\/avatar\/f628da30eca51e8b5a96a797d181689a48260bd1bcb7d3be9d4d4bc798f25b3f?s=96&d=mm&r=g","contentUrl":"https:\/\/secure.gravatar.com\/avatar\/f628da30eca51e8b5a96a797d181689a48260bd1bcb7d3be9d4d4bc798f25b3f?s=96&d=mm&r=g","caption":"Astrid Messerli"},"url":"https:\/\/blog.zhaw.ch\/forschungssupport\/author\/mess\/"}]}},"_links":{"self":[{"href":"https:\/\/blog.zhaw.ch\/forschungssupport\/wp-json\/wp\/v2\/posts\/4099","targetHints":{"allow":["GET"]}}],"collection":[{"href":"https:\/\/blog.zhaw.ch\/forschungssupport\/wp-json\/wp\/v2\/posts"}],"about":[{"href":"https:\/\/blog.zhaw.ch\/forschungssupport\/wp-json\/wp\/v2\/types\/post"}],"author":[{"embeddable":true,"href":"https:\/\/blog.zhaw.ch\/forschungssupport\/wp-json\/wp\/v2\/users\/11"}],"replies":[{"embeddable":true,"href":"https:\/\/blog.zhaw.ch\/forschungssupport\/wp-json\/wp\/v2\/comments?post=4099"}],"version-history":[{"count":6,"href":"https:\/\/blog.zhaw.ch\/forschungssupport\/wp-json\/wp\/v2\/posts\/4099\/revisions"}],"predecessor-version":[{"id":4106,"href":"https:\/\/blog.zhaw.ch\/forschungssupport\/wp-json\/wp\/v2\/posts\/4099\/revisions\/4106"}],"wp:attachment":[{"href":"https:\/\/blog.zhaw.ch\/forschungssupport\/wp-json\/wp\/v2\/media?parent=4099"}],"wp:term":[{"taxonomy":"category","embeddable":true,"href":"https:\/\/blog.zhaw.ch\/forschungssupport\/wp-json\/wp\/v2\/categories?post=4099"},{"taxonomy":"post_tag","embeddable":true,"href":"https:\/\/blog.zhaw.ch\/forschungssupport\/wp-json\/wp\/v2\/tags?post=4099"},{"taxonomy":"features","embeddable":true,"href":"https:\/\/blog.zhaw.ch\/forschungssupport\/wp-json\/wp\/v2\/features?post=4099"}],"curies":[{"name":"wp","href":"https:\/\/api.w.org\/{rel}","templated":true}]}}