{"id":4066,"date":"2014-01-16T12:46:36","date_gmt":"2014-01-16T11:46:36","guid":{"rendered":"http:\/\/blog.zhaw.ch\/forschungssupport\/?p=4066"},"modified":"2014-01-16T12:48:19","modified_gmt":"2014-01-16T11:48:19","slug":"nzz-ueber-das-neue-forschungsprogramm-der-eu-horizon-2020","status":"publish","type":"post","link":"https:\/\/blog.zhaw.ch\/forschungssupport\/nzz-ueber-das-neue-forschungsprogramm-der-eu-horizon-2020\/","title":{"rendered":"NZZ \u00fcber das neue Forschungsprogramm der EU \u00abHorizon 2020\u00bb"},"content":{"rendered":"<p><a href=\"http:\/\/blog.zhaw.ch\/forschungssupport\/nzz-ueber-das-neue-forschungsprogramm-der-eu-horizon-2020\/\" target=\"_blank\"><img loading=\"lazy\" decoding=\"async\" class=\" wp-image-3303 alignleft\" alt=\"NZZ\" src=\"http:\/\/blog.zhaw.ch\/forschungssupport\/files\/2013\/03\/NZZ.jpg\" width=\"300\" height=\"100\" \/><\/a>Diese Woche finden in Bern die Startveranstaltungen von Horizon 2020 statt. In ihrer Ausgabe vom 15.01.2014 berichtet dazu die NZZ in\u00a0ihrem\u00a0Beitrag <strong>\u00abAuftakt zum neuen Programm\u00bb<\/strong> wie folgt:<!--more--><\/p>\n<p><em>Christoph Wehrli<br \/>\n<\/em>Die EU setzt gerade in schwierigen Zeiten auf die Forschung als Quelle von wirtschaftlicher Innovation und von L\u00f6sungen f\u00fcr grosse Zivilisationsprobleme. F\u00fcr das siebenj\u00e4hrige Programm \u00abHorizon 2020\u00bb sind 79 Milliarden Euro budgetiert, real rund 30 Prozent mehr als f\u00fcr die letzte Periode. Um Wissenschafter in der Schweiz zur Bewerbung f\u00fcr Beitr\u00e4ge zu motivieren, f\u00fchrt das Wirtschafts- und Bildungsdepartement zusammen mit den Informationsstellen von Euresearch in Bern eine Einf\u00fchrungsveranstaltung durch. Sie hat am Dienstag mit einem allgemeinen oder politischen Teil begonnen.<\/p>\n<p><strong>Von der Theorie zum Markt<br \/>\n<\/strong>Bundesrat Johann Schneider-Ammann und das zust\u00e4ndige Mitglied der EU-Kommission, die Irin M\u00e1ire Geoghegan-Quinn, unterstrichen mit ihren Auftritten die Bedeutung der europ\u00e4ischen Kooperation in der Wissenschaft und in deren F\u00f6rderung. Das neue Programm folgt wiederum dem Prinzip der Exzellenz \u2013 w\u00e4hrend nationale Finanzierungsinstitutionen breitere Aufgaben zu erf\u00fcllen haben. Ebenso bleibt \u00abHorizon 2020\u00bb bei der Erwartung, dass die Forschung ein Faktor der Wettbewerbsf\u00e4higkeit und eine Antwort auf \u00abHerausforderungen\u00bb wie Klimawandel oder demografische Alterung ist. Neu werden auch Aktivit\u00e4ten unterst\u00fctzt, die noch n\u00e4her bei der Markteinf\u00fchrung von Innovationen liegen, beispielsweise Demonstrationsanlagen. Generell sollen die KMU besser einbezogen werden. Gleichzeitig will man von engen thematischen Vorgaben etwas abr\u00fccken. Der Bedeutung der freien Grundlagenforschung tr\u00e4gt das Programm Rechnung, indem deutlich mehr Mittel, 13 Milliarden Euro, f\u00fcr die grossz\u00fcgigen pers\u00f6nlichen Beitr\u00e4ge (ERC Grants) zur Verf\u00fcgung stehen.<\/p>\n<p>Ein Hindernis f\u00fcr potenzielle Teilnehmer ist der grosse Aufwand f\u00fcr die Ausarbeitung eines Projektantrags und die Formalit\u00e4ten bei der Durchf\u00fchrung \u2013 zumal die Erfolgsquote von Gesuchen im letzten Programm durchschnittlich 22 Prozent betrug. Wegen verbreiteter Kritik sollen die Verfahren und Kontrollen nun \u00abradikal vereinfacht\u00bb worden sein und mehr auf dem Vertrauensprinzip beruhen. Zwischen Gesuchseinreichung und ersten Zahlungen sollen \u00abnur\u00bb noch maximal acht Monate verstreichen. F\u00fcr die diversen Programmteile gelten nun einheitliche Regeln. Zumal die EU schon fr\u00fcher Korrekturen in Aussicht gestellt hatte, sind nun die konkreten Erfahrungen abzuwarten.<\/p>\n<p><strong>Unter dem Damoklesschwert<br \/>\n<\/strong>Die eidgen\u00f6ssischen R\u00e4te haben f\u00fcr die Beteiligung der Schweiz in der siebenj\u00e4hrigen Periode 4,4 Milliarden Franken bewilligt. Erfahrungsgem\u00e4ss fliesst wesentlich mehr Geld aus Br\u00fcssel in die Forschung zur\u00fcck, als dieser pauschale Beitrag ausmacht \u2013 auch wenn die Schw\u00e4che des Euro f\u00fcr die einzelnen Bez\u00fcger zu Problemen f\u00fchren kann. Als Gewinn zu bedenken sei aber, betonten mehrere Referenten, besonders auch die Vernetzung \u00fcber die Grenzen sowie zwischen Universit\u00e4tsinstituten und Unternehmen der Wirtschaft.<\/p>\n<p>F\u00fcr Gesuche ist Gleichbehandlung zugesagt, obwohl das neue Abkommen erst im Laufe dieses Jahres unterzeichnet werden soll. Strittig ist wohl besonders die Verkn\u00fcpfung mit den anderen bilateralen Vertr\u00e4gen I inklusive der Personenfreiz\u00fcgigkeit. Sollten sich Volk und St\u00e4nde am 9. Februar gegen diesen \u00abzentralen Pfeiler der Beziehungen\u00bb (Geoghegan-Quinn) entscheiden, w\u00e4re dies \u00abnat\u00fcrlich\u00bb ein Problem, wie Robert-Jan Smits, Generaldirektor f\u00fcr Forschung, sagte.<\/p>\n<p><a href=\"http:\/\/www.nzz.ch\/aktuell\/schweiz\/forschungsabkommen-noch-nicht-unter-dach-1.18221254#\" target=\"_blank\">Link zum NZZ-Artikel<\/a><\/p>\n<div class=\"pt-sm\">Schlagw\u00f6rter: <a href=\"https:\/\/blog.zhaw.ch\/forschungssupport\/tag\/horizon-2020\/\">Horizon 2020<\/a>, <a href=\"https:\/\/blog.zhaw.ch\/forschungssupport\/tag\/nzz\/\">NZZ<\/a><br><\/div>","protected":false},"excerpt":{"rendered":"<p>Diese Woche finden in Bern die Startveranstaltungen von Horizon 2020 statt. In ihrer Ausgabe vom 15.01.2014 berichtet dazu die NZZ in\u00a0ihrem\u00a0Beitrag \u00abAuftakt zum neuen Programm\u00bb wie folgt: Schlagw\u00f6rter: Horizon 2020, NZZ<\/p>\n","protected":false},"author":11,"featured_media":0,"comment_status":"open","ping_status":"open","sticky":false,"template":"","format":"standard","meta":{"ngg_post_thumbnail":0,"footnotes":""},"categories":[23,7,8],"tags":[236,269],"features":[],"class_list":["post-4066","post","type-post","status-publish","format-standard","hentry","category-eu-horizon-2020","category-forschungspolitik","category-internationales","tag-horizon-2020","tag-nzz"],"yoast_head":"<!-- This site is optimized with the Yoast SEO Premium plugin v27.2 (Yoast SEO v27.2) - https:\/\/yoast.com\/product\/yoast-seo-premium-wordpress\/ -->\n<title>NZZ \u00fcber das neue Forschungsprogramm der EU \u00abHorizon 2020\u00bb - Blog f\u00fcr Forschung und Entwicklung<\/title>\n<meta name=\"robots\" content=\"index, follow, max-snippet:-1, max-image-preview:large, max-video-preview:-1\" \/>\n<link rel=\"canonical\" href=\"https:\/\/blog.zhaw.ch\/forschungssupport\/nzz-ueber-das-neue-forschungsprogramm-der-eu-horizon-2020\/\" \/>\n<meta property=\"og:locale\" content=\"de_DE\" \/>\n<meta property=\"og:type\" content=\"article\" \/>\n<meta property=\"og:title\" content=\"NZZ \u00fcber das neue Forschungsprogramm der EU \u00abHorizon 2020\u00bb\" \/>\n<meta property=\"og:description\" content=\"Diese Woche finden in Bern die Startveranstaltungen von Horizon 2020 statt. In ihrer Ausgabe vom 15.01.2014 berichtet dazu die NZZ in\u00a0ihrem\u00a0Beitrag \u00abAuftakt zum neuen Programm\u00bb wie folgt: Schlagw\u00f6rter: Horizon 2020, NZZ\" \/>\n<meta property=\"og:url\" content=\"https:\/\/blog.zhaw.ch\/forschungssupport\/nzz-ueber-das-neue-forschungsprogramm-der-eu-horizon-2020\/\" \/>\n<meta property=\"og:site_name\" content=\"Blog f\u00fcr Forschung und Entwicklung\" \/>\n<meta property=\"article:published_time\" content=\"2014-01-16T11:46:36+00:00\" \/>\n<meta property=\"article:modified_time\" content=\"2014-01-16T11:48:19+00:00\" \/>\n<meta property=\"og:image\" content=\"http:\/\/blog.zhaw.ch\/forschungssupport\/files\/2013\/03\/NZZ.jpg\" \/>\n<meta name=\"author\" content=\"Astrid Messerli\" \/>\n<meta name=\"twitter:card\" content=\"summary_large_image\" \/>\n<meta name=\"twitter:label1\" content=\"Verfasst von\" \/>\n\t<meta name=\"twitter:data1\" content=\"Astrid Messerli\" \/>\n\t<meta name=\"twitter:label2\" content=\"Gesch\u00e4tzte Lesezeit\" \/>\n\t<meta name=\"twitter:data2\" content=\"3\u00a0Minuten\" \/>\n<script type=\"application\/ld+json\" class=\"yoast-schema-graph\">{\"@context\":\"https:\/\/schema.org\",\"@graph\":[{\"@type\":\"Article\",\"@id\":\"https:\/\/blog.zhaw.ch\/forschungssupport\/nzz-ueber-das-neue-forschungsprogramm-der-eu-horizon-2020\/#article\",\"isPartOf\":{\"@id\":\"https:\/\/blog.zhaw.ch\/forschungssupport\/nzz-ueber-das-neue-forschungsprogramm-der-eu-horizon-2020\/\"},\"author\":{\"name\":\"Astrid Messerli\",\"@id\":\"https:\/\/blog.zhaw.ch\/forschungssupport\/#\/schema\/person\/bf606b7969f0f063b04f76c3247f44e2\"},\"headline\":\"NZZ \u00fcber das neue Forschungsprogramm der EU \u00abHorizon 2020\u00bb\",\"datePublished\":\"2014-01-16T11:46:36+00:00\",\"dateModified\":\"2014-01-16T11:48:19+00:00\",\"mainEntityOfPage\":{\"@id\":\"https:\/\/blog.zhaw.ch\/forschungssupport\/nzz-ueber-das-neue-forschungsprogramm-der-eu-horizon-2020\/\"},\"wordCount\":519,\"commentCount\":0,\"image\":{\"@id\":\"https:\/\/blog.zhaw.ch\/forschungssupport\/nzz-ueber-das-neue-forschungsprogramm-der-eu-horizon-2020\/#primaryimage\"},\"thumbnailUrl\":\"http:\/\/blog.zhaw.ch\/forschungssupport\/files\/2013\/03\/NZZ.jpg\",\"keywords\":[\"Horizon 2020\",\"NZZ\"],\"articleSection\":[\"EU Horizon 2020\",\"Forschungspolitik\",\"Internationales\"],\"inLanguage\":\"de\",\"potentialAction\":[{\"@type\":\"CommentAction\",\"name\":\"Comment\",\"target\":[\"https:\/\/blog.zhaw.ch\/forschungssupport\/nzz-ueber-das-neue-forschungsprogramm-der-eu-horizon-2020\/#respond\"]}]},{\"@type\":\"WebPage\",\"@id\":\"https:\/\/blog.zhaw.ch\/forschungssupport\/nzz-ueber-das-neue-forschungsprogramm-der-eu-horizon-2020\/\",\"url\":\"https:\/\/blog.zhaw.ch\/forschungssupport\/nzz-ueber-das-neue-forschungsprogramm-der-eu-horizon-2020\/\",\"name\":\"NZZ \u00fcber das neue Forschungsprogramm der EU \u00abHorizon 2020\u00bb - Blog f\u00fcr Forschung und Entwicklung\",\"isPartOf\":{\"@id\":\"https:\/\/blog.zhaw.ch\/forschungssupport\/#website\"},\"primaryImageOfPage\":{\"@id\":\"https:\/\/blog.zhaw.ch\/forschungssupport\/nzz-ueber-das-neue-forschungsprogramm-der-eu-horizon-2020\/#primaryimage\"},\"image\":{\"@id\":\"https:\/\/blog.zhaw.ch\/forschungssupport\/nzz-ueber-das-neue-forschungsprogramm-der-eu-horizon-2020\/#primaryimage\"},\"thumbnailUrl\":\"http:\/\/blog.zhaw.ch\/forschungssupport\/files\/2013\/03\/NZZ.jpg\",\"datePublished\":\"2014-01-16T11:46:36+00:00\",\"dateModified\":\"2014-01-16T11:48:19+00:00\",\"author\":{\"@id\":\"https:\/\/blog.zhaw.ch\/forschungssupport\/#\/schema\/person\/bf606b7969f0f063b04f76c3247f44e2\"},\"breadcrumb\":{\"@id\":\"https:\/\/blog.zhaw.ch\/forschungssupport\/nzz-ueber-das-neue-forschungsprogramm-der-eu-horizon-2020\/#breadcrumb\"},\"inLanguage\":\"de\",\"potentialAction\":[{\"@type\":\"ReadAction\",\"target\":[\"https:\/\/blog.zhaw.ch\/forschungssupport\/nzz-ueber-das-neue-forschungsprogramm-der-eu-horizon-2020\/\"]}]},{\"@type\":\"ImageObject\",\"inLanguage\":\"de\",\"@id\":\"https:\/\/blog.zhaw.ch\/forschungssupport\/nzz-ueber-das-neue-forschungsprogramm-der-eu-horizon-2020\/#primaryimage\",\"url\":\"http:\/\/blog.zhaw.ch\/forschungssupport\/files\/2013\/03\/NZZ.jpg\",\"contentUrl\":\"http:\/\/blog.zhaw.ch\/forschungssupport\/files\/2013\/03\/NZZ.jpg\"},{\"@type\":\"BreadcrumbList\",\"@id\":\"https:\/\/blog.zhaw.ch\/forschungssupport\/nzz-ueber-das-neue-forschungsprogramm-der-eu-horizon-2020\/#breadcrumb\",\"itemListElement\":[{\"@type\":\"ListItem\",\"position\":1,\"name\":\"Startseite\",\"item\":\"https:\/\/blog.zhaw.ch\/forschungssupport\/\"},{\"@type\":\"ListItem\",\"position\":2,\"name\":\"NZZ \u00fcber das neue Forschungsprogramm der EU \u00abHorizon 2020\u00bb\"}]},{\"@type\":\"WebSite\",\"@id\":\"https:\/\/blog.zhaw.ch\/forschungssupport\/#website\",\"url\":\"https:\/\/blog.zhaw.ch\/forschungssupport\/\",\"name\":\"Blog f\u00fcr Forschung und Entwicklung\",\"description\":\"Ein Blog der ZHAW Z\u00fcrcher Hochschule f\u00fcr Angewandte Wissenschaften\",\"potentialAction\":[{\"@type\":\"SearchAction\",\"target\":{\"@type\":\"EntryPoint\",\"urlTemplate\":\"https:\/\/blog.zhaw.ch\/forschungssupport\/?s={search_term_string}\"},\"query-input\":{\"@type\":\"PropertyValueSpecification\",\"valueRequired\":true,\"valueName\":\"search_term_string\"}}],\"inLanguage\":\"de\"},{\"@type\":\"Person\",\"@id\":\"https:\/\/blog.zhaw.ch\/forschungssupport\/#\/schema\/person\/bf606b7969f0f063b04f76c3247f44e2\",\"name\":\"Astrid Messerli\",\"image\":{\"@type\":\"ImageObject\",\"inLanguage\":\"de\",\"@id\":\"https:\/\/secure.gravatar.com\/avatar\/f628da30eca51e8b5a96a797d181689a48260bd1bcb7d3be9d4d4bc798f25b3f?s=96&d=mm&r=g\",\"url\":\"https:\/\/secure.gravatar.com\/avatar\/f628da30eca51e8b5a96a797d181689a48260bd1bcb7d3be9d4d4bc798f25b3f?s=96&d=mm&r=g\",\"contentUrl\":\"https:\/\/secure.gravatar.com\/avatar\/f628da30eca51e8b5a96a797d181689a48260bd1bcb7d3be9d4d4bc798f25b3f?s=96&d=mm&r=g\",\"caption\":\"Astrid Messerli\"},\"url\":\"https:\/\/blog.zhaw.ch\/forschungssupport\/author\/mess\/\"}]}<\/script>\n<!-- \/ Yoast SEO Premium plugin. -->","yoast_head_json":{"title":"NZZ \u00fcber das neue Forschungsprogramm der EU \u00abHorizon 2020\u00bb - Blog f\u00fcr Forschung und Entwicklung","robots":{"index":"index","follow":"follow","max-snippet":"max-snippet:-1","max-image-preview":"max-image-preview:large","max-video-preview":"max-video-preview:-1"},"canonical":"https:\/\/blog.zhaw.ch\/forschungssupport\/nzz-ueber-das-neue-forschungsprogramm-der-eu-horizon-2020\/","og_locale":"de_DE","og_type":"article","og_title":"NZZ \u00fcber das neue Forschungsprogramm der EU \u00abHorizon 2020\u00bb","og_description":"Diese Woche finden in Bern die Startveranstaltungen von Horizon 2020 statt. In ihrer Ausgabe vom 15.01.2014 berichtet dazu die NZZ in\u00a0ihrem\u00a0Beitrag \u00abAuftakt zum neuen Programm\u00bb wie folgt: Schlagw\u00f6rter: Horizon 2020, NZZ","og_url":"https:\/\/blog.zhaw.ch\/forschungssupport\/nzz-ueber-das-neue-forschungsprogramm-der-eu-horizon-2020\/","og_site_name":"Blog f\u00fcr Forschung und Entwicklung","article_published_time":"2014-01-16T11:46:36+00:00","article_modified_time":"2014-01-16T11:48:19+00:00","og_image":[{"url":"http:\/\/blog.zhaw.ch\/forschungssupport\/files\/2013\/03\/NZZ.jpg","type":"","width":"","height":""}],"author":"Astrid Messerli","twitter_card":"summary_large_image","twitter_misc":{"Verfasst von":"Astrid Messerli","Gesch\u00e4tzte Lesezeit":"3\u00a0Minuten"},"schema":{"@context":"https:\/\/schema.org","@graph":[{"@type":"Article","@id":"https:\/\/blog.zhaw.ch\/forschungssupport\/nzz-ueber-das-neue-forschungsprogramm-der-eu-horizon-2020\/#article","isPartOf":{"@id":"https:\/\/blog.zhaw.ch\/forschungssupport\/nzz-ueber-das-neue-forschungsprogramm-der-eu-horizon-2020\/"},"author":{"name":"Astrid Messerli","@id":"https:\/\/blog.zhaw.ch\/forschungssupport\/#\/schema\/person\/bf606b7969f0f063b04f76c3247f44e2"},"headline":"NZZ \u00fcber das neue Forschungsprogramm der EU \u00abHorizon 2020\u00bb","datePublished":"2014-01-16T11:46:36+00:00","dateModified":"2014-01-16T11:48:19+00:00","mainEntityOfPage":{"@id":"https:\/\/blog.zhaw.ch\/forschungssupport\/nzz-ueber-das-neue-forschungsprogramm-der-eu-horizon-2020\/"},"wordCount":519,"commentCount":0,"image":{"@id":"https:\/\/blog.zhaw.ch\/forschungssupport\/nzz-ueber-das-neue-forschungsprogramm-der-eu-horizon-2020\/#primaryimage"},"thumbnailUrl":"http:\/\/blog.zhaw.ch\/forschungssupport\/files\/2013\/03\/NZZ.jpg","keywords":["Horizon 2020","NZZ"],"articleSection":["EU Horizon 2020","Forschungspolitik","Internationales"],"inLanguage":"de","potentialAction":[{"@type":"CommentAction","name":"Comment","target":["https:\/\/blog.zhaw.ch\/forschungssupport\/nzz-ueber-das-neue-forschungsprogramm-der-eu-horizon-2020\/#respond"]}]},{"@type":"WebPage","@id":"https:\/\/blog.zhaw.ch\/forschungssupport\/nzz-ueber-das-neue-forschungsprogramm-der-eu-horizon-2020\/","url":"https:\/\/blog.zhaw.ch\/forschungssupport\/nzz-ueber-das-neue-forschungsprogramm-der-eu-horizon-2020\/","name":"NZZ \u00fcber das neue Forschungsprogramm der EU \u00abHorizon 2020\u00bb - Blog f\u00fcr Forschung und Entwicklung","isPartOf":{"@id":"https:\/\/blog.zhaw.ch\/forschungssupport\/#website"},"primaryImageOfPage":{"@id":"https:\/\/blog.zhaw.ch\/forschungssupport\/nzz-ueber-das-neue-forschungsprogramm-der-eu-horizon-2020\/#primaryimage"},"image":{"@id":"https:\/\/blog.zhaw.ch\/forschungssupport\/nzz-ueber-das-neue-forschungsprogramm-der-eu-horizon-2020\/#primaryimage"},"thumbnailUrl":"http:\/\/blog.zhaw.ch\/forschungssupport\/files\/2013\/03\/NZZ.jpg","datePublished":"2014-01-16T11:46:36+00:00","dateModified":"2014-01-16T11:48:19+00:00","author":{"@id":"https:\/\/blog.zhaw.ch\/forschungssupport\/#\/schema\/person\/bf606b7969f0f063b04f76c3247f44e2"},"breadcrumb":{"@id":"https:\/\/blog.zhaw.ch\/forschungssupport\/nzz-ueber-das-neue-forschungsprogramm-der-eu-horizon-2020\/#breadcrumb"},"inLanguage":"de","potentialAction":[{"@type":"ReadAction","target":["https:\/\/blog.zhaw.ch\/forschungssupport\/nzz-ueber-das-neue-forschungsprogramm-der-eu-horizon-2020\/"]}]},{"@type":"ImageObject","inLanguage":"de","@id":"https:\/\/blog.zhaw.ch\/forschungssupport\/nzz-ueber-das-neue-forschungsprogramm-der-eu-horizon-2020\/#primaryimage","url":"http:\/\/blog.zhaw.ch\/forschungssupport\/files\/2013\/03\/NZZ.jpg","contentUrl":"http:\/\/blog.zhaw.ch\/forschungssupport\/files\/2013\/03\/NZZ.jpg"},{"@type":"BreadcrumbList","@id":"https:\/\/blog.zhaw.ch\/forschungssupport\/nzz-ueber-das-neue-forschungsprogramm-der-eu-horizon-2020\/#breadcrumb","itemListElement":[{"@type":"ListItem","position":1,"name":"Startseite","item":"https:\/\/blog.zhaw.ch\/forschungssupport\/"},{"@type":"ListItem","position":2,"name":"NZZ \u00fcber das neue Forschungsprogramm der EU \u00abHorizon 2020\u00bb"}]},{"@type":"WebSite","@id":"https:\/\/blog.zhaw.ch\/forschungssupport\/#website","url":"https:\/\/blog.zhaw.ch\/forschungssupport\/","name":"Blog f\u00fcr Forschung und Entwicklung","description":"Ein Blog der ZHAW Z\u00fcrcher Hochschule f\u00fcr Angewandte Wissenschaften","potentialAction":[{"@type":"SearchAction","target":{"@type":"EntryPoint","urlTemplate":"https:\/\/blog.zhaw.ch\/forschungssupport\/?s={search_term_string}"},"query-input":{"@type":"PropertyValueSpecification","valueRequired":true,"valueName":"search_term_string"}}],"inLanguage":"de"},{"@type":"Person","@id":"https:\/\/blog.zhaw.ch\/forschungssupport\/#\/schema\/person\/bf606b7969f0f063b04f76c3247f44e2","name":"Astrid Messerli","image":{"@type":"ImageObject","inLanguage":"de","@id":"https:\/\/secure.gravatar.com\/avatar\/f628da30eca51e8b5a96a797d181689a48260bd1bcb7d3be9d4d4bc798f25b3f?s=96&d=mm&r=g","url":"https:\/\/secure.gravatar.com\/avatar\/f628da30eca51e8b5a96a797d181689a48260bd1bcb7d3be9d4d4bc798f25b3f?s=96&d=mm&r=g","contentUrl":"https:\/\/secure.gravatar.com\/avatar\/f628da30eca51e8b5a96a797d181689a48260bd1bcb7d3be9d4d4bc798f25b3f?s=96&d=mm&r=g","caption":"Astrid Messerli"},"url":"https:\/\/blog.zhaw.ch\/forschungssupport\/author\/mess\/"}]}},"_links":{"self":[{"href":"https:\/\/blog.zhaw.ch\/forschungssupport\/wp-json\/wp\/v2\/posts\/4066","targetHints":{"allow":["GET"]}}],"collection":[{"href":"https:\/\/blog.zhaw.ch\/forschungssupport\/wp-json\/wp\/v2\/posts"}],"about":[{"href":"https:\/\/blog.zhaw.ch\/forschungssupport\/wp-json\/wp\/v2\/types\/post"}],"author":[{"embeddable":true,"href":"https:\/\/blog.zhaw.ch\/forschungssupport\/wp-json\/wp\/v2\/users\/11"}],"replies":[{"embeddable":true,"href":"https:\/\/blog.zhaw.ch\/forschungssupport\/wp-json\/wp\/v2\/comments?post=4066"}],"version-history":[{"count":2,"href":"https:\/\/blog.zhaw.ch\/forschungssupport\/wp-json\/wp\/v2\/posts\/4066\/revisions"}],"predecessor-version":[{"id":4068,"href":"https:\/\/blog.zhaw.ch\/forschungssupport\/wp-json\/wp\/v2\/posts\/4066\/revisions\/4068"}],"wp:attachment":[{"href":"https:\/\/blog.zhaw.ch\/forschungssupport\/wp-json\/wp\/v2\/media?parent=4066"}],"wp:term":[{"taxonomy":"category","embeddable":true,"href":"https:\/\/blog.zhaw.ch\/forschungssupport\/wp-json\/wp\/v2\/categories?post=4066"},{"taxonomy":"post_tag","embeddable":true,"href":"https:\/\/blog.zhaw.ch\/forschungssupport\/wp-json\/wp\/v2\/tags?post=4066"},{"taxonomy":"features","embeddable":true,"href":"https:\/\/blog.zhaw.ch\/forschungssupport\/wp-json\/wp\/v2\/features?post=4066"}],"curies":[{"name":"wp","href":"https:\/\/api.w.org\/{rel}","templated":true}]}}