{"id":3817,"date":"2013-09-30T14:25:03","date_gmt":"2013-09-30T12:25:03","guid":{"rendered":"http:\/\/blog.zhaw.ch\/forschungssupport\/?p=3817"},"modified":"2013-10-01T09:43:30","modified_gmt":"2013-10-01T07:43:30","slug":"tagung-verknuepfung-von-forschung-und-lehre-forschungsorientierung-in-berufsorientierten-studiengaengen","status":"publish","type":"post","link":"https:\/\/blog.zhaw.ch\/forschungssupport\/tagung-verknuepfung-von-forschung-und-lehre-forschungsorientierung-in-berufsorientierten-studiengaengen\/","title":{"rendered":"Tagung \u00abVerkn\u00fcpfung von Forschung und Lehre: Forschungsorientierung in berufsorientierten Studieng\u00e4ngen\u00bb"},"content":{"rendered":"<p><strong><a href=\"http:\/\/blog.zhaw.ch\/forschungssupport\/tagung-verknuepfung-von-forschung-und-lehre-forschungsorientierung-in-berufsorientierten-studiengaengen\/\" target=\"_blank\"><img loading=\"lazy\" decoding=\"async\" class=\" wp-image-3527 alignleft\" alt=\"phzh\" src=\"http:\/\/blog.zhaw.ch\/forschungssupport\/wp-content\/blogs.dir\/4\/files\/2013\/05\/phzh.png\" width=\"300\" height=\"68\" \/><\/a>Donnerstag, 5. Dezember 2013, <\/strong><strong>9.30 bis 16.30 Uhr<br \/>\nan der P\u00e4dagogischen Hochschule Z\u00fcrich<\/strong><\/p>\n<p>Die Tagung beabsichtigt, einige Dimensionen zum Grundanspruch \u00abVerkn\u00fcpfung von Forschung und Lehre\u00bb in berufs- und professionsorientierten Studieng\u00e4ngen zu er\u00f6rtern sowie unterschiedliche Realisierungsformen zu pr\u00e4sentieren und zu diskutieren. Sie bietet damit eine Gelegenheit zum Austausch zwischen Dozierenden und Studiengangs- resp. Lehrverantwortlichen aus P\u00e4dagogischen Hochschulen, Fachhochschulen und Universit\u00e4ten.<!--more--><\/p>\n<p>Die Tagung wird durchgef\u00fchrt von der Abteilung Forschung und Entwicklung der PH Z\u00fcrich in Zusammenarbeit mit dem Ressort Lehre der Rektorenkonferenz der Fachhochschulen der Schweiz und der Schweizerischen Gesellschaft f\u00fcr Lehrerinnen- und Lehrerbildung.<\/p>\n<p>Weitere Informationen<\/p>\n<ul>\n<li><a href=\"https:\/\/www.phzh.ch\/Forschung-Lehre\" target=\"_blank\">Tagung <\/a><\/li>\n<li><a href=\"https:\/\/www.phzh.ch\/de\/ueber_uns\/Veranstaltungen\/Tagung_Verknuepfung_Forschung_und_Lehre\/Programm\/\" target=\"_blank\">Programm<\/a><\/li>\n<li><a href=\"https:\/\/www.phzh.ch\/MyPHZHLogin\/?epslanguage=de-DE\" target=\"_blank\">Anmeldung<\/a><\/li>\n<\/ul>\n<div class=\"pt-sm\">Schlagw\u00f6rter: <a href=\"https:\/\/blog.zhaw.ch\/forschungssupport\/tag\/forschung-und-lehre\/\">Forschung und Lehre<\/a>, <a href=\"https:\/\/blog.zhaw.ch\/forschungssupport\/tag\/veranstaltungenen-extern\/\">Veranstaltungenen extern<\/a><br><\/div>","protected":false},"excerpt":{"rendered":"<p>Donnerstag, 5. Dezember 2013, 9.30 bis 16.30 Uhr an der P\u00e4dagogischen Hochschule Z\u00fcrich Die Tagung beabsichtigt, einige Dimensionen zum Grundanspruch \u00abVerkn\u00fcpfung von Forschung und Lehre\u00bb in berufs- und professionsorientierten Studieng\u00e4ngen zu er\u00f6rtern sowie unterschiedliche Realisierungsformen zu pr\u00e4sentieren und zu diskutieren. Sie bietet damit eine Gelegenheit zum Austausch zwischen Dozierenden und Studiengangs- resp. Lehrverantwortlichen aus P\u00e4dagogischen [&hellip;]<\/p>\n","protected":false},"author":11,"featured_media":0,"comment_status":"open","ping_status":"open","sticky":false,"template":"","format":"standard","meta":{"ngg_post_thumbnail":0,"footnotes":""},"categories":[2,15,16],"tags":[245,193],"features":[],"class_list":["post-3817","post","type-post","status-publish","format-standard","hentry","category-allgemein","category-veranstaltungen","category-veranstaltungen-extern","tag-forschung-und-lehre","tag-veranstaltungenen-extern"],"yoast_head":"<!-- This site is optimized with the Yoast SEO Premium plugin v27.2 (Yoast SEO v27.2) - https:\/\/yoast.com\/product\/yoast-seo-premium-wordpress\/ -->\n<title>Tagung \u00abVerkn\u00fcpfung von Forschung und Lehre: Forschungsorientierung in berufsorientierten Studieng\u00e4ngen\u00bb  - Blog f\u00fcr Forschung und Entwicklung<\/title>\n<meta name=\"robots\" content=\"index, follow, max-snippet:-1, max-image-preview:large, max-video-preview:-1\" \/>\n<link rel=\"canonical\" href=\"https:\/\/blog.zhaw.ch\/forschungssupport\/tagung-verknuepfung-von-forschung-und-lehre-forschungsorientierung-in-berufsorientierten-studiengaengen\/\" \/>\n<meta property=\"og:locale\" content=\"de_DE\" \/>\n<meta property=\"og:type\" content=\"article\" \/>\n<meta property=\"og:title\" content=\"Tagung \u00abVerkn\u00fcpfung von Forschung und Lehre: Forschungsorientierung in berufsorientierten Studieng\u00e4ngen\u00bb\" \/>\n<meta property=\"og:description\" content=\"Donnerstag, 5. Dezember 2013, 9.30 bis 16.30 Uhr an der P\u00e4dagogischen Hochschule Z\u00fcrich Die Tagung beabsichtigt, einige Dimensionen zum Grundanspruch \u00abVerkn\u00fcpfung von Forschung und Lehre\u00bb in berufs- und professionsorientierten Studieng\u00e4ngen zu er\u00f6rtern sowie unterschiedliche Realisierungsformen zu pr\u00e4sentieren und zu diskutieren. Sie bietet damit eine Gelegenheit zum Austausch zwischen Dozierenden und Studiengangs- resp. Lehrverantwortlichen aus P\u00e4dagogischen [&hellip;]\" \/>\n<meta property=\"og:url\" content=\"https:\/\/blog.zhaw.ch\/forschungssupport\/tagung-verknuepfung-von-forschung-und-lehre-forschungsorientierung-in-berufsorientierten-studiengaengen\/\" \/>\n<meta property=\"og:site_name\" content=\"Blog f\u00fcr Forschung und Entwicklung\" \/>\n<meta property=\"article:published_time\" content=\"2013-09-30T12:25:03+00:00\" \/>\n<meta property=\"article:modified_time\" content=\"2013-10-01T07:43:30+00:00\" \/>\n<meta property=\"og:image\" content=\"http:\/\/blog.zhaw.ch\/forschungssupport\/wp-content\/blogs.dir\/4\/files\/2013\/05\/phzh.png\" \/>\n<meta name=\"author\" content=\"Astrid Messerli\" \/>\n<meta name=\"twitter:card\" content=\"summary_large_image\" \/>\n<meta name=\"twitter:label1\" content=\"Verfasst von\" \/>\n\t<meta name=\"twitter:data1\" content=\"Astrid Messerli\" \/>\n\t<meta name=\"twitter:label2\" content=\"Gesch\u00e4tzte Lesezeit\" \/>\n\t<meta name=\"twitter:data2\" content=\"1\u00a0Minute\" \/>\n<script type=\"application\/ld+json\" class=\"yoast-schema-graph\">{\"@context\":\"https:\/\/schema.org\",\"@graph\":[{\"@type\":\"Article\",\"@id\":\"https:\/\/blog.zhaw.ch\/forschungssupport\/tagung-verknuepfung-von-forschung-und-lehre-forschungsorientierung-in-berufsorientierten-studiengaengen\/#article\",\"isPartOf\":{\"@id\":\"https:\/\/blog.zhaw.ch\/forschungssupport\/tagung-verknuepfung-von-forschung-und-lehre-forschungsorientierung-in-berufsorientierten-studiengaengen\/\"},\"author\":{\"name\":\"Astrid Messerli\",\"@id\":\"https:\/\/blog.zhaw.ch\/forschungssupport\/#\/schema\/person\/bf606b7969f0f063b04f76c3247f44e2\"},\"headline\":\"Tagung \u00abVerkn\u00fcpfung von Forschung und Lehre: Forschungsorientierung in berufsorientierten Studieng\u00e4ngen\u00bb\",\"datePublished\":\"2013-09-30T12:25:03+00:00\",\"dateModified\":\"2013-10-01T07:43:30+00:00\",\"mainEntityOfPage\":{\"@id\":\"https:\/\/blog.zhaw.ch\/forschungssupport\/tagung-verknuepfung-von-forschung-und-lehre-forschungsorientierung-in-berufsorientierten-studiengaengen\/\"},\"wordCount\":116,\"commentCount\":0,\"image\":{\"@id\":\"https:\/\/blog.zhaw.ch\/forschungssupport\/tagung-verknuepfung-von-forschung-und-lehre-forschungsorientierung-in-berufsorientierten-studiengaengen\/#primaryimage\"},\"thumbnailUrl\":\"http:\/\/blog.zhaw.ch\/forschungssupport\/wp-content\/blogs.dir\/4\/files\/2013\/05\/phzh.png\",\"keywords\":[\"Forschung und Lehre\",\"Veranstaltungenen extern\"],\"articleSection\":{\"1\":\"Veranstaltungen\",\"2\":\"Veranstaltungen extern\"},\"inLanguage\":\"de\",\"potentialAction\":[{\"@type\":\"CommentAction\",\"name\":\"Comment\",\"target\":[\"https:\/\/blog.zhaw.ch\/forschungssupport\/tagung-verknuepfung-von-forschung-und-lehre-forschungsorientierung-in-berufsorientierten-studiengaengen\/#respond\"]}]},{\"@type\":\"WebPage\",\"@id\":\"https:\/\/blog.zhaw.ch\/forschungssupport\/tagung-verknuepfung-von-forschung-und-lehre-forschungsorientierung-in-berufsorientierten-studiengaengen\/\",\"url\":\"https:\/\/blog.zhaw.ch\/forschungssupport\/tagung-verknuepfung-von-forschung-und-lehre-forschungsorientierung-in-berufsorientierten-studiengaengen\/\",\"name\":\"Tagung \u00abVerkn\u00fcpfung von Forschung und Lehre: Forschungsorientierung in berufsorientierten Studieng\u00e4ngen\u00bb - Blog f\u00fcr Forschung und Entwicklung\",\"isPartOf\":{\"@id\":\"https:\/\/blog.zhaw.ch\/forschungssupport\/#website\"},\"primaryImageOfPage\":{\"@id\":\"https:\/\/blog.zhaw.ch\/forschungssupport\/tagung-verknuepfung-von-forschung-und-lehre-forschungsorientierung-in-berufsorientierten-studiengaengen\/#primaryimage\"},\"image\":{\"@id\":\"https:\/\/blog.zhaw.ch\/forschungssupport\/tagung-verknuepfung-von-forschung-und-lehre-forschungsorientierung-in-berufsorientierten-studiengaengen\/#primaryimage\"},\"thumbnailUrl\":\"http:\/\/blog.zhaw.ch\/forschungssupport\/wp-content\/blogs.dir\/4\/files\/2013\/05\/phzh.png\",\"datePublished\":\"2013-09-30T12:25:03+00:00\",\"dateModified\":\"2013-10-01T07:43:30+00:00\",\"author\":{\"@id\":\"https:\/\/blog.zhaw.ch\/forschungssupport\/#\/schema\/person\/bf606b7969f0f063b04f76c3247f44e2\"},\"breadcrumb\":{\"@id\":\"https:\/\/blog.zhaw.ch\/forschungssupport\/tagung-verknuepfung-von-forschung-und-lehre-forschungsorientierung-in-berufsorientierten-studiengaengen\/#breadcrumb\"},\"inLanguage\":\"de\",\"potentialAction\":[{\"@type\":\"ReadAction\",\"target\":[\"https:\/\/blog.zhaw.ch\/forschungssupport\/tagung-verknuepfung-von-forschung-und-lehre-forschungsorientierung-in-berufsorientierten-studiengaengen\/\"]}]},{\"@type\":\"ImageObject\",\"inLanguage\":\"de\",\"@id\":\"https:\/\/blog.zhaw.ch\/forschungssupport\/tagung-verknuepfung-von-forschung-und-lehre-forschungsorientierung-in-berufsorientierten-studiengaengen\/#primaryimage\",\"url\":\"http:\/\/blog.zhaw.ch\/forschungssupport\/wp-content\/blogs.dir\/4\/files\/2013\/05\/phzh.png\",\"contentUrl\":\"http:\/\/blog.zhaw.ch\/forschungssupport\/wp-content\/blogs.dir\/4\/files\/2013\/05\/phzh.png\"},{\"@type\":\"BreadcrumbList\",\"@id\":\"https:\/\/blog.zhaw.ch\/forschungssupport\/tagung-verknuepfung-von-forschung-und-lehre-forschungsorientierung-in-berufsorientierten-studiengaengen\/#breadcrumb\",\"itemListElement\":[{\"@type\":\"ListItem\",\"position\":1,\"name\":\"Startseite\",\"item\":\"https:\/\/blog.zhaw.ch\/forschungssupport\/\"},{\"@type\":\"ListItem\",\"position\":2,\"name\":\"Tagung \u00abVerkn\u00fcpfung von Forschung und Lehre: Forschungsorientierung in berufsorientierten Studieng\u00e4ngen\u00bb\"}]},{\"@type\":\"WebSite\",\"@id\":\"https:\/\/blog.zhaw.ch\/forschungssupport\/#website\",\"url\":\"https:\/\/blog.zhaw.ch\/forschungssupport\/\",\"name\":\"Blog f\u00fcr Forschung und Entwicklung\",\"description\":\"Ein Blog der ZHAW Z\u00fcrcher Hochschule f\u00fcr Angewandte Wissenschaften\",\"potentialAction\":[{\"@type\":\"SearchAction\",\"target\":{\"@type\":\"EntryPoint\",\"urlTemplate\":\"https:\/\/blog.zhaw.ch\/forschungssupport\/?s={search_term_string}\"},\"query-input\":{\"@type\":\"PropertyValueSpecification\",\"valueRequired\":true,\"valueName\":\"search_term_string\"}}],\"inLanguage\":\"de\"},{\"@type\":\"Person\",\"@id\":\"https:\/\/blog.zhaw.ch\/forschungssupport\/#\/schema\/person\/bf606b7969f0f063b04f76c3247f44e2\",\"name\":\"Astrid Messerli\",\"image\":{\"@type\":\"ImageObject\",\"inLanguage\":\"de\",\"@id\":\"https:\/\/secure.gravatar.com\/avatar\/f628da30eca51e8b5a96a797d181689a48260bd1bcb7d3be9d4d4bc798f25b3f?s=96&d=mm&r=g\",\"url\":\"https:\/\/secure.gravatar.com\/avatar\/f628da30eca51e8b5a96a797d181689a48260bd1bcb7d3be9d4d4bc798f25b3f?s=96&d=mm&r=g\",\"contentUrl\":\"https:\/\/secure.gravatar.com\/avatar\/f628da30eca51e8b5a96a797d181689a48260bd1bcb7d3be9d4d4bc798f25b3f?s=96&d=mm&r=g\",\"caption\":\"Astrid Messerli\"},\"url\":\"https:\/\/blog.zhaw.ch\/forschungssupport\/author\/mess\/\"}]}<\/script>\n<!-- \/ Yoast SEO Premium plugin. -->","yoast_head_json":{"title":"Tagung \u00abVerkn\u00fcpfung von Forschung und Lehre: Forschungsorientierung in berufsorientierten Studieng\u00e4ngen\u00bb  - Blog f\u00fcr Forschung und Entwicklung","robots":{"index":"index","follow":"follow","max-snippet":"max-snippet:-1","max-image-preview":"max-image-preview:large","max-video-preview":"max-video-preview:-1"},"canonical":"https:\/\/blog.zhaw.ch\/forschungssupport\/tagung-verknuepfung-von-forschung-und-lehre-forschungsorientierung-in-berufsorientierten-studiengaengen\/","og_locale":"de_DE","og_type":"article","og_title":"Tagung \u00abVerkn\u00fcpfung von Forschung und Lehre: Forschungsorientierung in berufsorientierten Studieng\u00e4ngen\u00bb","og_description":"Donnerstag, 5. Dezember 2013, 9.30 bis 16.30 Uhr an der P\u00e4dagogischen Hochschule Z\u00fcrich Die Tagung beabsichtigt, einige Dimensionen zum Grundanspruch \u00abVerkn\u00fcpfung von Forschung und Lehre\u00bb in berufs- und professionsorientierten Studieng\u00e4ngen zu er\u00f6rtern sowie unterschiedliche Realisierungsformen zu pr\u00e4sentieren und zu diskutieren. Sie bietet damit eine Gelegenheit zum Austausch zwischen Dozierenden und Studiengangs- resp. Lehrverantwortlichen aus P\u00e4dagogischen [&hellip;]","og_url":"https:\/\/blog.zhaw.ch\/forschungssupport\/tagung-verknuepfung-von-forschung-und-lehre-forschungsorientierung-in-berufsorientierten-studiengaengen\/","og_site_name":"Blog f\u00fcr Forschung und Entwicklung","article_published_time":"2013-09-30T12:25:03+00:00","article_modified_time":"2013-10-01T07:43:30+00:00","og_image":[{"url":"http:\/\/blog.zhaw.ch\/forschungssupport\/wp-content\/blogs.dir\/4\/files\/2013\/05\/phzh.png","type":"","width":"","height":""}],"author":"Astrid Messerli","twitter_card":"summary_large_image","twitter_misc":{"Verfasst von":"Astrid Messerli","Gesch\u00e4tzte Lesezeit":"1\u00a0Minute"},"schema":{"@context":"https:\/\/schema.org","@graph":[{"@type":"Article","@id":"https:\/\/blog.zhaw.ch\/forschungssupport\/tagung-verknuepfung-von-forschung-und-lehre-forschungsorientierung-in-berufsorientierten-studiengaengen\/#article","isPartOf":{"@id":"https:\/\/blog.zhaw.ch\/forschungssupport\/tagung-verknuepfung-von-forschung-und-lehre-forschungsorientierung-in-berufsorientierten-studiengaengen\/"},"author":{"name":"Astrid Messerli","@id":"https:\/\/blog.zhaw.ch\/forschungssupport\/#\/schema\/person\/bf606b7969f0f063b04f76c3247f44e2"},"headline":"Tagung \u00abVerkn\u00fcpfung von Forschung und Lehre: Forschungsorientierung in berufsorientierten Studieng\u00e4ngen\u00bb","datePublished":"2013-09-30T12:25:03+00:00","dateModified":"2013-10-01T07:43:30+00:00","mainEntityOfPage":{"@id":"https:\/\/blog.zhaw.ch\/forschungssupport\/tagung-verknuepfung-von-forschung-und-lehre-forschungsorientierung-in-berufsorientierten-studiengaengen\/"},"wordCount":116,"commentCount":0,"image":{"@id":"https:\/\/blog.zhaw.ch\/forschungssupport\/tagung-verknuepfung-von-forschung-und-lehre-forschungsorientierung-in-berufsorientierten-studiengaengen\/#primaryimage"},"thumbnailUrl":"http:\/\/blog.zhaw.ch\/forschungssupport\/wp-content\/blogs.dir\/4\/files\/2013\/05\/phzh.png","keywords":["Forschung und Lehre","Veranstaltungenen extern"],"articleSection":{"1":"Veranstaltungen","2":"Veranstaltungen extern"},"inLanguage":"de","potentialAction":[{"@type":"CommentAction","name":"Comment","target":["https:\/\/blog.zhaw.ch\/forschungssupport\/tagung-verknuepfung-von-forschung-und-lehre-forschungsorientierung-in-berufsorientierten-studiengaengen\/#respond"]}]},{"@type":"WebPage","@id":"https:\/\/blog.zhaw.ch\/forschungssupport\/tagung-verknuepfung-von-forschung-und-lehre-forschungsorientierung-in-berufsorientierten-studiengaengen\/","url":"https:\/\/blog.zhaw.ch\/forschungssupport\/tagung-verknuepfung-von-forschung-und-lehre-forschungsorientierung-in-berufsorientierten-studiengaengen\/","name":"Tagung \u00abVerkn\u00fcpfung von Forschung und Lehre: Forschungsorientierung in berufsorientierten Studieng\u00e4ngen\u00bb - Blog f\u00fcr Forschung und Entwicklung","isPartOf":{"@id":"https:\/\/blog.zhaw.ch\/forschungssupport\/#website"},"primaryImageOfPage":{"@id":"https:\/\/blog.zhaw.ch\/forschungssupport\/tagung-verknuepfung-von-forschung-und-lehre-forschungsorientierung-in-berufsorientierten-studiengaengen\/#primaryimage"},"image":{"@id":"https:\/\/blog.zhaw.ch\/forschungssupport\/tagung-verknuepfung-von-forschung-und-lehre-forschungsorientierung-in-berufsorientierten-studiengaengen\/#primaryimage"},"thumbnailUrl":"http:\/\/blog.zhaw.ch\/forschungssupport\/wp-content\/blogs.dir\/4\/files\/2013\/05\/phzh.png","datePublished":"2013-09-30T12:25:03+00:00","dateModified":"2013-10-01T07:43:30+00:00","author":{"@id":"https:\/\/blog.zhaw.ch\/forschungssupport\/#\/schema\/person\/bf606b7969f0f063b04f76c3247f44e2"},"breadcrumb":{"@id":"https:\/\/blog.zhaw.ch\/forschungssupport\/tagung-verknuepfung-von-forschung-und-lehre-forschungsorientierung-in-berufsorientierten-studiengaengen\/#breadcrumb"},"inLanguage":"de","potentialAction":[{"@type":"ReadAction","target":["https:\/\/blog.zhaw.ch\/forschungssupport\/tagung-verknuepfung-von-forschung-und-lehre-forschungsorientierung-in-berufsorientierten-studiengaengen\/"]}]},{"@type":"ImageObject","inLanguage":"de","@id":"https:\/\/blog.zhaw.ch\/forschungssupport\/tagung-verknuepfung-von-forschung-und-lehre-forschungsorientierung-in-berufsorientierten-studiengaengen\/#primaryimage","url":"http:\/\/blog.zhaw.ch\/forschungssupport\/wp-content\/blogs.dir\/4\/files\/2013\/05\/phzh.png","contentUrl":"http:\/\/blog.zhaw.ch\/forschungssupport\/wp-content\/blogs.dir\/4\/files\/2013\/05\/phzh.png"},{"@type":"BreadcrumbList","@id":"https:\/\/blog.zhaw.ch\/forschungssupport\/tagung-verknuepfung-von-forschung-und-lehre-forschungsorientierung-in-berufsorientierten-studiengaengen\/#breadcrumb","itemListElement":[{"@type":"ListItem","position":1,"name":"Startseite","item":"https:\/\/blog.zhaw.ch\/forschungssupport\/"},{"@type":"ListItem","position":2,"name":"Tagung \u00abVerkn\u00fcpfung von Forschung und Lehre: Forschungsorientierung in berufsorientierten Studieng\u00e4ngen\u00bb"}]},{"@type":"WebSite","@id":"https:\/\/blog.zhaw.ch\/forschungssupport\/#website","url":"https:\/\/blog.zhaw.ch\/forschungssupport\/","name":"Blog f\u00fcr Forschung und Entwicklung","description":"Ein Blog der ZHAW Z\u00fcrcher Hochschule f\u00fcr Angewandte Wissenschaften","potentialAction":[{"@type":"SearchAction","target":{"@type":"EntryPoint","urlTemplate":"https:\/\/blog.zhaw.ch\/forschungssupport\/?s={search_term_string}"},"query-input":{"@type":"PropertyValueSpecification","valueRequired":true,"valueName":"search_term_string"}}],"inLanguage":"de"},{"@type":"Person","@id":"https:\/\/blog.zhaw.ch\/forschungssupport\/#\/schema\/person\/bf606b7969f0f063b04f76c3247f44e2","name":"Astrid Messerli","image":{"@type":"ImageObject","inLanguage":"de","@id":"https:\/\/secure.gravatar.com\/avatar\/f628da30eca51e8b5a96a797d181689a48260bd1bcb7d3be9d4d4bc798f25b3f?s=96&d=mm&r=g","url":"https:\/\/secure.gravatar.com\/avatar\/f628da30eca51e8b5a96a797d181689a48260bd1bcb7d3be9d4d4bc798f25b3f?s=96&d=mm&r=g","contentUrl":"https:\/\/secure.gravatar.com\/avatar\/f628da30eca51e8b5a96a797d181689a48260bd1bcb7d3be9d4d4bc798f25b3f?s=96&d=mm&r=g","caption":"Astrid Messerli"},"url":"https:\/\/blog.zhaw.ch\/forschungssupport\/author\/mess\/"}]}},"_links":{"self":[{"href":"https:\/\/blog.zhaw.ch\/forschungssupport\/wp-json\/wp\/v2\/posts\/3817","targetHints":{"allow":["GET"]}}],"collection":[{"href":"https:\/\/blog.zhaw.ch\/forschungssupport\/wp-json\/wp\/v2\/posts"}],"about":[{"href":"https:\/\/blog.zhaw.ch\/forschungssupport\/wp-json\/wp\/v2\/types\/post"}],"author":[{"embeddable":true,"href":"https:\/\/blog.zhaw.ch\/forschungssupport\/wp-json\/wp\/v2\/users\/11"}],"replies":[{"embeddable":true,"href":"https:\/\/blog.zhaw.ch\/forschungssupport\/wp-json\/wp\/v2\/comments?post=3817"}],"version-history":[{"count":4,"href":"https:\/\/blog.zhaw.ch\/forschungssupport\/wp-json\/wp\/v2\/posts\/3817\/revisions"}],"predecessor-version":[{"id":3834,"href":"https:\/\/blog.zhaw.ch\/forschungssupport\/wp-json\/wp\/v2\/posts\/3817\/revisions\/3834"}],"wp:attachment":[{"href":"https:\/\/blog.zhaw.ch\/forschungssupport\/wp-json\/wp\/v2\/media?parent=3817"}],"wp:term":[{"taxonomy":"category","embeddable":true,"href":"https:\/\/blog.zhaw.ch\/forschungssupport\/wp-json\/wp\/v2\/categories?post=3817"},{"taxonomy":"post_tag","embeddable":true,"href":"https:\/\/blog.zhaw.ch\/forschungssupport\/wp-json\/wp\/v2\/tags?post=3817"},{"taxonomy":"features","embeddable":true,"href":"https:\/\/blog.zhaw.ch\/forschungssupport\/wp-json\/wp\/v2\/features?post=3817"}],"curies":[{"name":"wp","href":"https:\/\/api.w.org\/{rel}","templated":true}]}}