{"id":3613,"date":"2013-06-13T11:33:49","date_gmt":"2013-06-13T09:33:49","guid":{"rendered":"http:\/\/blog.zhaw.ch\/forschungssupport\/?p=3613"},"modified":"2013-06-14T08:39:56","modified_gmt":"2013-06-14T06:39:56","slug":"stromeffizienz-als-zentraler-pfeiler-der-energiewende","status":"publish","type":"post","link":"https:\/\/blog.zhaw.ch\/forschungssupport\/stromeffizienz-als-zentraler-pfeiler-der-energiewende\/","title":{"rendered":"Jahrestagung energie-cluster.ch: Stromeffizienz als zentraler Pfeiler der Energiewende"},"content":{"rendered":"<p><a href=\"http:\/\/blog.zhaw.ch\/forschungssupport\/stromeffizienz-als-zentraler-pfeiler-der-energiewende\" target=\"_blank\"><img loading=\"lazy\" decoding=\"async\" class=\" wp-image-3617 alignleft\" alt=\"Energie Cluster\" src=\"http:\/\/blog.zhaw.ch\/forschungssupport\/files\/2013\/06\/Energie-Cluster-300x39.jpg\" width=\"300\" height=\"39\" srcset=\"https:\/\/blog.zhaw.ch\/forschungssupport\/files\/2013\/06\/Energie-Cluster-300x39.jpg 300w, https:\/\/blog.zhaw.ch\/forschungssupport\/files\/2013\/06\/Energie-Cluster.jpg 345w\" sizes=\"auto, (max-width: 300px) 100vw, 300px\" \/><\/a>\u00a0Energie-Cluster.ch l\u00e4dt zur Jahrestagung 2013 ein:<\/p>\n<p align=\"left\"><strong>Stromeffizienz als zentraler Pfeiler der Energiewende \u2013Potenziale, Hemmnisse, Massnahmen, konkrete Beispiele<br \/>\n<\/strong><\/p>\n<p align=\"left\"><strong>Dienstag, 25. Juni 2013, 9.00 bis 17.00 Uhr<\/strong><br \/>\nUmwelt Arena, T\u00fcrliackerstrasse 4, 8957 Spreitenbach<\/p>\n<ul>\n<li>\n<div align=\"left\"><a href=\"http:\/\/www.energie-cluster.ch\/ecweb5\/de\/veranstaltungen\/jahrestagung\/jahrestagun-2013\/brief-jata.pdf\" target=\"_blank\">Einladung<\/a><\/div>\n<\/li>\n<li>\n<div align=\"left\"><a href=\"http:\/\/www.energie-cluster.ch\/ecweb5\/de\/veranstaltungen\/jahrestagung\/jahrestagun-2013\/web_2013_-jahrestagung-flyer.pdf\" target=\"_blank\">Programm<\/a><\/div>\n<\/li>\n<li>\n<div align=\"left\">Anmeldung per Mail an: <a href=\"mailto:andrea.herrmann@energie-cluster.ch\">andrea.herrmann(at)energie-cluster.ch<\/a><b><\/b><\/div>\n<\/li>\n<li><a href=\"http:\/\/www.energie-cluster.ch\/ecweb5\/de\/veranstaltungen\/jahrestagung\/jahrestagun-2013\" target=\"_blank\">Weitere Informationen<\/a><\/li>\n<\/ul>\n<p>&nbsp;<\/p>\n<div class=\"pt-sm\">Schlagw\u00f6rter: <a href=\"https:\/\/blog.zhaw.ch\/forschungssupport\/tag\/energie\/\">Energie<\/a>, <a href=\"https:\/\/blog.zhaw.ch\/forschungssupport\/tag\/veranstaltungenen-extern\/\">Veranstaltungenen extern<\/a><br><\/div>","protected":false},"excerpt":{"rendered":"<p>\u00a0Energie-Cluster.ch l\u00e4dt zur Jahrestagung 2013 ein: Stromeffizienz als zentraler Pfeiler der Energiewende \u2013Potenziale, Hemmnisse, Massnahmen, konkrete Beispiele Dienstag, 25. Juni 2013, 9.00 bis 17.00 Uhr Umwelt Arena, T\u00fcrliackerstrasse 4, 8957 Spreitenbach Einladung Programm Anmeldung per Mail an: andrea.herrmann(at)energie-cluster.ch Weitere Informationen &nbsp; Schlagw\u00f6rter: Energie, Veranstaltungenen extern<\/p>\n","protected":false},"author":11,"featured_media":0,"comment_status":"open","ping_status":"open","sticky":false,"template":"","format":"standard","meta":{"ngg_post_thumbnail":0,"footnotes":""},"categories":[1,16],"tags":[60,193],"features":[],"class_list":["post-3613","post","type-post","status-publish","format-standard","hentry","category-uncategorized","category-veranstaltungen-extern","tag-energie","tag-veranstaltungenen-extern"],"yoast_head":"<!-- This site is optimized with the Yoast SEO Premium plugin v27.2 (Yoast SEO v27.2) - https:\/\/yoast.com\/product\/yoast-seo-premium-wordpress\/ -->\n<title>Jahrestagung energie-cluster.ch: Stromeffizienz als zentraler Pfeiler der Energiewende - Blog f\u00fcr Forschung und Entwicklung<\/title>\n<meta name=\"robots\" content=\"index, follow, max-snippet:-1, max-image-preview:large, max-video-preview:-1\" \/>\n<link rel=\"canonical\" href=\"https:\/\/blog.zhaw.ch\/forschungssupport\/stromeffizienz-als-zentraler-pfeiler-der-energiewende\/\" \/>\n<meta property=\"og:locale\" content=\"de_DE\" \/>\n<meta property=\"og:type\" content=\"article\" \/>\n<meta property=\"og:title\" content=\"Jahrestagung energie-cluster.ch: Stromeffizienz als zentraler Pfeiler der Energiewende\" \/>\n<meta property=\"og:description\" content=\"\u00a0Energie-Cluster.ch l\u00e4dt zur Jahrestagung 2013 ein: Stromeffizienz als zentraler Pfeiler der Energiewende \u2013Potenziale, Hemmnisse, Massnahmen, konkrete Beispiele Dienstag, 25. Juni 2013, 9.00 bis 17.00 Uhr Umwelt Arena, T\u00fcrliackerstrasse 4, 8957 Spreitenbach Einladung Programm Anmeldung per Mail an: andrea.herrmann(at)energie-cluster.ch Weitere Informationen &nbsp; Schlagw\u00f6rter: Energie, Veranstaltungenen extern\" \/>\n<meta property=\"og:url\" content=\"https:\/\/blog.zhaw.ch\/forschungssupport\/stromeffizienz-als-zentraler-pfeiler-der-energiewende\/\" \/>\n<meta property=\"og:site_name\" content=\"Blog f\u00fcr Forschung und Entwicklung\" \/>\n<meta property=\"article:published_time\" content=\"2013-06-13T09:33:49+00:00\" \/>\n<meta property=\"article:modified_time\" content=\"2013-06-14T06:39:56+00:00\" \/>\n<meta property=\"og:image\" content=\"http:\/\/blog.zhaw.ch\/forschungssupport\/files\/2013\/06\/Energie-Cluster-300x39.jpg\" \/>\n<meta name=\"author\" content=\"Astrid Messerli\" \/>\n<meta name=\"twitter:card\" content=\"summary_large_image\" \/>\n<meta name=\"twitter:label1\" content=\"Verfasst von\" \/>\n\t<meta name=\"twitter:data1\" content=\"Astrid Messerli\" \/>\n<script type=\"application\/ld+json\" class=\"yoast-schema-graph\">{\"@context\":\"https:\/\/schema.org\",\"@graph\":[{\"@type\":\"Article\",\"@id\":\"https:\/\/blog.zhaw.ch\/forschungssupport\/stromeffizienz-als-zentraler-pfeiler-der-energiewende\/#article\",\"isPartOf\":{\"@id\":\"https:\/\/blog.zhaw.ch\/forschungssupport\/stromeffizienz-als-zentraler-pfeiler-der-energiewende\/\"},\"author\":{\"name\":\"Astrid Messerli\",\"@id\":\"https:\/\/blog.zhaw.ch\/forschungssupport\/#\/schema\/person\/bf606b7969f0f063b04f76c3247f44e2\"},\"headline\":\"Jahrestagung energie-cluster.ch: Stromeffizienz als zentraler Pfeiler der Energiewende\",\"datePublished\":\"2013-06-13T09:33:49+00:00\",\"dateModified\":\"2013-06-14T06:39:56+00:00\",\"mainEntityOfPage\":{\"@id\":\"https:\/\/blog.zhaw.ch\/forschungssupport\/stromeffizienz-als-zentraler-pfeiler-der-energiewende\/\"},\"wordCount\":50,\"commentCount\":0,\"image\":{\"@id\":\"https:\/\/blog.zhaw.ch\/forschungssupport\/stromeffizienz-als-zentraler-pfeiler-der-energiewende\/#primaryimage\"},\"thumbnailUrl\":\"http:\/\/blog.zhaw.ch\/forschungssupport\/files\/2013\/06\/Energie-Cluster-300x39.jpg\",\"keywords\":[\"Energie\",\"Veranstaltungenen extern\"],\"articleSection\":[\"Uncategorized\",\"Veranstaltungen extern\"],\"inLanguage\":\"de\",\"potentialAction\":[{\"@type\":\"CommentAction\",\"name\":\"Comment\",\"target\":[\"https:\/\/blog.zhaw.ch\/forschungssupport\/stromeffizienz-als-zentraler-pfeiler-der-energiewende\/#respond\"]}]},{\"@type\":\"WebPage\",\"@id\":\"https:\/\/blog.zhaw.ch\/forschungssupport\/stromeffizienz-als-zentraler-pfeiler-der-energiewende\/\",\"url\":\"https:\/\/blog.zhaw.ch\/forschungssupport\/stromeffizienz-als-zentraler-pfeiler-der-energiewende\/\",\"name\":\"Jahrestagung energie-cluster.ch: Stromeffizienz als zentraler Pfeiler der Energiewende - Blog f\u00fcr Forschung und Entwicklung\",\"isPartOf\":{\"@id\":\"https:\/\/blog.zhaw.ch\/forschungssupport\/#website\"},\"primaryImageOfPage\":{\"@id\":\"https:\/\/blog.zhaw.ch\/forschungssupport\/stromeffizienz-als-zentraler-pfeiler-der-energiewende\/#primaryimage\"},\"image\":{\"@id\":\"https:\/\/blog.zhaw.ch\/forschungssupport\/stromeffizienz-als-zentraler-pfeiler-der-energiewende\/#primaryimage\"},\"thumbnailUrl\":\"http:\/\/blog.zhaw.ch\/forschungssupport\/files\/2013\/06\/Energie-Cluster-300x39.jpg\",\"datePublished\":\"2013-06-13T09:33:49+00:00\",\"dateModified\":\"2013-06-14T06:39:56+00:00\",\"author\":{\"@id\":\"https:\/\/blog.zhaw.ch\/forschungssupport\/#\/schema\/person\/bf606b7969f0f063b04f76c3247f44e2\"},\"breadcrumb\":{\"@id\":\"https:\/\/blog.zhaw.ch\/forschungssupport\/stromeffizienz-als-zentraler-pfeiler-der-energiewende\/#breadcrumb\"},\"inLanguage\":\"de\",\"potentialAction\":[{\"@type\":\"ReadAction\",\"target\":[\"https:\/\/blog.zhaw.ch\/forschungssupport\/stromeffizienz-als-zentraler-pfeiler-der-energiewende\/\"]}]},{\"@type\":\"ImageObject\",\"inLanguage\":\"de\",\"@id\":\"https:\/\/blog.zhaw.ch\/forschungssupport\/stromeffizienz-als-zentraler-pfeiler-der-energiewende\/#primaryimage\",\"url\":\"https:\/\/blog.zhaw.ch\/forschungssupport\/files\/2013\/06\/Energie-Cluster.jpg\",\"contentUrl\":\"https:\/\/blog.zhaw.ch\/forschungssupport\/files\/2013\/06\/Energie-Cluster.jpg\",\"width\":345,\"height\":45},{\"@type\":\"BreadcrumbList\",\"@id\":\"https:\/\/blog.zhaw.ch\/forschungssupport\/stromeffizienz-als-zentraler-pfeiler-der-energiewende\/#breadcrumb\",\"itemListElement\":[{\"@type\":\"ListItem\",\"position\":1,\"name\":\"Startseite\",\"item\":\"https:\/\/blog.zhaw.ch\/forschungssupport\/\"},{\"@type\":\"ListItem\",\"position\":2,\"name\":\"Jahrestagung energie-cluster.ch: Stromeffizienz als zentraler Pfeiler der Energiewende\"}]},{\"@type\":\"WebSite\",\"@id\":\"https:\/\/blog.zhaw.ch\/forschungssupport\/#website\",\"url\":\"https:\/\/blog.zhaw.ch\/forschungssupport\/\",\"name\":\"Blog f\u00fcr Forschung und Entwicklung\",\"description\":\"Ein Blog der ZHAW Z\u00fcrcher Hochschule f\u00fcr Angewandte Wissenschaften\",\"potentialAction\":[{\"@type\":\"SearchAction\",\"target\":{\"@type\":\"EntryPoint\",\"urlTemplate\":\"https:\/\/blog.zhaw.ch\/forschungssupport\/?s={search_term_string}\"},\"query-input\":{\"@type\":\"PropertyValueSpecification\",\"valueRequired\":true,\"valueName\":\"search_term_string\"}}],\"inLanguage\":\"de\"},{\"@type\":\"Person\",\"@id\":\"https:\/\/blog.zhaw.ch\/forschungssupport\/#\/schema\/person\/bf606b7969f0f063b04f76c3247f44e2\",\"name\":\"Astrid Messerli\",\"image\":{\"@type\":\"ImageObject\",\"inLanguage\":\"de\",\"@id\":\"https:\/\/secure.gravatar.com\/avatar\/f628da30eca51e8b5a96a797d181689a48260bd1bcb7d3be9d4d4bc798f25b3f?s=96&d=mm&r=g\",\"url\":\"https:\/\/secure.gravatar.com\/avatar\/f628da30eca51e8b5a96a797d181689a48260bd1bcb7d3be9d4d4bc798f25b3f?s=96&d=mm&r=g\",\"contentUrl\":\"https:\/\/secure.gravatar.com\/avatar\/f628da30eca51e8b5a96a797d181689a48260bd1bcb7d3be9d4d4bc798f25b3f?s=96&d=mm&r=g\",\"caption\":\"Astrid Messerli\"},\"url\":\"https:\/\/blog.zhaw.ch\/forschungssupport\/author\/mess\/\"}]}<\/script>\n<!-- \/ Yoast SEO Premium plugin. -->","yoast_head_json":{"title":"Jahrestagung energie-cluster.ch: Stromeffizienz als zentraler Pfeiler der Energiewende - Blog f\u00fcr Forschung und Entwicklung","robots":{"index":"index","follow":"follow","max-snippet":"max-snippet:-1","max-image-preview":"max-image-preview:large","max-video-preview":"max-video-preview:-1"},"canonical":"https:\/\/blog.zhaw.ch\/forschungssupport\/stromeffizienz-als-zentraler-pfeiler-der-energiewende\/","og_locale":"de_DE","og_type":"article","og_title":"Jahrestagung energie-cluster.ch: Stromeffizienz als zentraler Pfeiler der Energiewende","og_description":"\u00a0Energie-Cluster.ch l\u00e4dt zur Jahrestagung 2013 ein: Stromeffizienz als zentraler Pfeiler der Energiewende \u2013Potenziale, Hemmnisse, Massnahmen, konkrete Beispiele Dienstag, 25. Juni 2013, 9.00 bis 17.00 Uhr Umwelt Arena, T\u00fcrliackerstrasse 4, 8957 Spreitenbach Einladung Programm Anmeldung per Mail an: andrea.herrmann(at)energie-cluster.ch Weitere Informationen &nbsp; Schlagw\u00f6rter: Energie, Veranstaltungenen extern","og_url":"https:\/\/blog.zhaw.ch\/forschungssupport\/stromeffizienz-als-zentraler-pfeiler-der-energiewende\/","og_site_name":"Blog f\u00fcr Forschung und Entwicklung","article_published_time":"2013-06-13T09:33:49+00:00","article_modified_time":"2013-06-14T06:39:56+00:00","og_image":[{"url":"http:\/\/blog.zhaw.ch\/forschungssupport\/files\/2013\/06\/Energie-Cluster-300x39.jpg","type":"","width":"","height":""}],"author":"Astrid Messerli","twitter_card":"summary_large_image","twitter_misc":{"Verfasst von":"Astrid Messerli"},"schema":{"@context":"https:\/\/schema.org","@graph":[{"@type":"Article","@id":"https:\/\/blog.zhaw.ch\/forschungssupport\/stromeffizienz-als-zentraler-pfeiler-der-energiewende\/#article","isPartOf":{"@id":"https:\/\/blog.zhaw.ch\/forschungssupport\/stromeffizienz-als-zentraler-pfeiler-der-energiewende\/"},"author":{"name":"Astrid Messerli","@id":"https:\/\/blog.zhaw.ch\/forschungssupport\/#\/schema\/person\/bf606b7969f0f063b04f76c3247f44e2"},"headline":"Jahrestagung energie-cluster.ch: Stromeffizienz als zentraler Pfeiler der Energiewende","datePublished":"2013-06-13T09:33:49+00:00","dateModified":"2013-06-14T06:39:56+00:00","mainEntityOfPage":{"@id":"https:\/\/blog.zhaw.ch\/forschungssupport\/stromeffizienz-als-zentraler-pfeiler-der-energiewende\/"},"wordCount":50,"commentCount":0,"image":{"@id":"https:\/\/blog.zhaw.ch\/forschungssupport\/stromeffizienz-als-zentraler-pfeiler-der-energiewende\/#primaryimage"},"thumbnailUrl":"http:\/\/blog.zhaw.ch\/forschungssupport\/files\/2013\/06\/Energie-Cluster-300x39.jpg","keywords":["Energie","Veranstaltungenen extern"],"articleSection":["Uncategorized","Veranstaltungen extern"],"inLanguage":"de","potentialAction":[{"@type":"CommentAction","name":"Comment","target":["https:\/\/blog.zhaw.ch\/forschungssupport\/stromeffizienz-als-zentraler-pfeiler-der-energiewende\/#respond"]}]},{"@type":"WebPage","@id":"https:\/\/blog.zhaw.ch\/forschungssupport\/stromeffizienz-als-zentraler-pfeiler-der-energiewende\/","url":"https:\/\/blog.zhaw.ch\/forschungssupport\/stromeffizienz-als-zentraler-pfeiler-der-energiewende\/","name":"Jahrestagung energie-cluster.ch: Stromeffizienz als zentraler Pfeiler der Energiewende - Blog f\u00fcr Forschung und Entwicklung","isPartOf":{"@id":"https:\/\/blog.zhaw.ch\/forschungssupport\/#website"},"primaryImageOfPage":{"@id":"https:\/\/blog.zhaw.ch\/forschungssupport\/stromeffizienz-als-zentraler-pfeiler-der-energiewende\/#primaryimage"},"image":{"@id":"https:\/\/blog.zhaw.ch\/forschungssupport\/stromeffizienz-als-zentraler-pfeiler-der-energiewende\/#primaryimage"},"thumbnailUrl":"http:\/\/blog.zhaw.ch\/forschungssupport\/files\/2013\/06\/Energie-Cluster-300x39.jpg","datePublished":"2013-06-13T09:33:49+00:00","dateModified":"2013-06-14T06:39:56+00:00","author":{"@id":"https:\/\/blog.zhaw.ch\/forschungssupport\/#\/schema\/person\/bf606b7969f0f063b04f76c3247f44e2"},"breadcrumb":{"@id":"https:\/\/blog.zhaw.ch\/forschungssupport\/stromeffizienz-als-zentraler-pfeiler-der-energiewende\/#breadcrumb"},"inLanguage":"de","potentialAction":[{"@type":"ReadAction","target":["https:\/\/blog.zhaw.ch\/forschungssupport\/stromeffizienz-als-zentraler-pfeiler-der-energiewende\/"]}]},{"@type":"ImageObject","inLanguage":"de","@id":"https:\/\/blog.zhaw.ch\/forschungssupport\/stromeffizienz-als-zentraler-pfeiler-der-energiewende\/#primaryimage","url":"https:\/\/blog.zhaw.ch\/forschungssupport\/files\/2013\/06\/Energie-Cluster.jpg","contentUrl":"https:\/\/blog.zhaw.ch\/forschungssupport\/files\/2013\/06\/Energie-Cluster.jpg","width":345,"height":45},{"@type":"BreadcrumbList","@id":"https:\/\/blog.zhaw.ch\/forschungssupport\/stromeffizienz-als-zentraler-pfeiler-der-energiewende\/#breadcrumb","itemListElement":[{"@type":"ListItem","position":1,"name":"Startseite","item":"https:\/\/blog.zhaw.ch\/forschungssupport\/"},{"@type":"ListItem","position":2,"name":"Jahrestagung energie-cluster.ch: Stromeffizienz als zentraler Pfeiler der Energiewende"}]},{"@type":"WebSite","@id":"https:\/\/blog.zhaw.ch\/forschungssupport\/#website","url":"https:\/\/blog.zhaw.ch\/forschungssupport\/","name":"Blog f\u00fcr Forschung und Entwicklung","description":"Ein Blog der ZHAW Z\u00fcrcher Hochschule f\u00fcr Angewandte Wissenschaften","potentialAction":[{"@type":"SearchAction","target":{"@type":"EntryPoint","urlTemplate":"https:\/\/blog.zhaw.ch\/forschungssupport\/?s={search_term_string}"},"query-input":{"@type":"PropertyValueSpecification","valueRequired":true,"valueName":"search_term_string"}}],"inLanguage":"de"},{"@type":"Person","@id":"https:\/\/blog.zhaw.ch\/forschungssupport\/#\/schema\/person\/bf606b7969f0f063b04f76c3247f44e2","name":"Astrid Messerli","image":{"@type":"ImageObject","inLanguage":"de","@id":"https:\/\/secure.gravatar.com\/avatar\/f628da30eca51e8b5a96a797d181689a48260bd1bcb7d3be9d4d4bc798f25b3f?s=96&d=mm&r=g","url":"https:\/\/secure.gravatar.com\/avatar\/f628da30eca51e8b5a96a797d181689a48260bd1bcb7d3be9d4d4bc798f25b3f?s=96&d=mm&r=g","contentUrl":"https:\/\/secure.gravatar.com\/avatar\/f628da30eca51e8b5a96a797d181689a48260bd1bcb7d3be9d4d4bc798f25b3f?s=96&d=mm&r=g","caption":"Astrid Messerli"},"url":"https:\/\/blog.zhaw.ch\/forschungssupport\/author\/mess\/"}]}},"_links":{"self":[{"href":"https:\/\/blog.zhaw.ch\/forschungssupport\/wp-json\/wp\/v2\/posts\/3613","targetHints":{"allow":["GET"]}}],"collection":[{"href":"https:\/\/blog.zhaw.ch\/forschungssupport\/wp-json\/wp\/v2\/posts"}],"about":[{"href":"https:\/\/blog.zhaw.ch\/forschungssupport\/wp-json\/wp\/v2\/types\/post"}],"author":[{"embeddable":true,"href":"https:\/\/blog.zhaw.ch\/forschungssupport\/wp-json\/wp\/v2\/users\/11"}],"replies":[{"embeddable":true,"href":"https:\/\/blog.zhaw.ch\/forschungssupport\/wp-json\/wp\/v2\/comments?post=3613"}],"version-history":[{"count":12,"href":"https:\/\/blog.zhaw.ch\/forschungssupport\/wp-json\/wp\/v2\/posts\/3613\/revisions"}],"predecessor-version":[{"id":3631,"href":"https:\/\/blog.zhaw.ch\/forschungssupport\/wp-json\/wp\/v2\/posts\/3613\/revisions\/3631"}],"wp:attachment":[{"href":"https:\/\/blog.zhaw.ch\/forschungssupport\/wp-json\/wp\/v2\/media?parent=3613"}],"wp:term":[{"taxonomy":"category","embeddable":true,"href":"https:\/\/blog.zhaw.ch\/forschungssupport\/wp-json\/wp\/v2\/categories?post=3613"},{"taxonomy":"post_tag","embeddable":true,"href":"https:\/\/blog.zhaw.ch\/forschungssupport\/wp-json\/wp\/v2\/tags?post=3613"},{"taxonomy":"features","embeddable":true,"href":"https:\/\/blog.zhaw.ch\/forschungssupport\/wp-json\/wp\/v2\/features?post=3613"}],"curies":[{"name":"wp","href":"https:\/\/api.w.org\/{rel}","templated":true}]}}