{"id":27,"date":"2010-06-16T13:44:52","date_gmt":"2010-06-16T13:44:52","guid":{"rendered":"http:\/\/himeros.zhaw.ch\/forschungsblog\/?p=27"},"modified":"2010-06-16T13:44:52","modified_gmt":"2010-06-16T13:44:52","slug":"technopark-winterthur-tag-der-offenen-tur","status":"publish","type":"post","link":"https:\/\/blog.zhaw.ch\/forschungssupport\/technopark-winterthur-tag-der-offenen-tur\/","title":{"rendered":"Technopark Winterthur: Tag der offenen T\u00fcr"},"content":{"rendered":"<p><a href=\"http:\/\/blog.zhaw.ch\/forschungssupport\/files\/2010\/06\/technopark.jpg\"><img loading=\"lazy\" decoding=\"async\" class=\"alignleft size-full wp-image-29\" title=\"technopark\" src=\"http:\/\/blog.zhaw.ch\/forschungssupport\/files\/2010\/06\/technopark.jpg\" alt=\"\" width=\"400\" height=\"117\" srcset=\"https:\/\/blog.zhaw.ch\/forschungssupport\/files\/2010\/06\/technopark.jpg 400w, https:\/\/blog.zhaw.ch\/forschungssupport\/files\/2010\/06\/technopark-300x87.jpg 300w\" sizes=\"auto, (max-width: 400px) 100vw, 400px\" \/><\/a>Der Erweiterungsbau des Technoparks Winterthur ist fertiggestellt. Aus diesem Anlass findet am Samstag, den 29. Mai 2010 ein Tag der offenen T\u00fcr statt. Mehr als 30 Aussteller, darunter eine namhafte Anzahl von Instituten der ZHAW, stellen innovative Projekte aus Hochschule und Wirtschaft vor.<br \/>\nKommen Sie mit Ihrer Familie zur Er\u00f6ffnung des Erweiterungsbaues des Technoparks Winterthur. Nutzen Sie die Gelegenheit interessante Leute zu treffen und durch die Ausstellung mit Repr\u00e4sentanten des Technoparks und der ZHAW zu flanieren und die Attraktionen zu erleben.<br \/>\n<a title=\"Link zum Flyer\" href=\"http:\/\/www.technopark-winterthur.ch\/20100529\/FlyerTPW.pdf\" target=\"_blank\">Link zum Flyer<\/a><\/p>\n","protected":false},"excerpt":{"rendered":"<p>Der Erweiterungsbau des Technoparks Winterthur ist fertiggestellt. Aus diesem Anlass findet am Samstag, den 29. Mai 2010 ein Tag der offenen T\u00fcr statt. Mehr als 30 Aussteller, darunter eine namhafte Anzahl von Instituten der ZHAW, stellen innovative Projekte aus Hochschule und Wirtschaft vor. Kommen Sie mit Ihrer Familie zur Er\u00f6ffnung des Erweiterungsbaues des Technoparks Winterthur. [&hellip;]<\/p>\n","protected":false},"author":10,"featured_media":0,"comment_status":"open","ping_status":"open","sticky":false,"template":"","format":"standard","meta":{"ngg_post_thumbnail":0,"footnotes":""},"categories":[2],"tags":[],"features":[],"class_list":["post-27","post","type-post","status-publish","format-standard","hentry","category-allgemein"],"yoast_head":"<!-- This site is optimized with the Yoast SEO Premium plugin v27.2 (Yoast SEO v27.2) - https:\/\/yoast.com\/product\/yoast-seo-premium-wordpress\/ -->\n<title>Technopark Winterthur: Tag der offenen T\u00fcr - Blog f\u00fcr Forschung und Entwicklung<\/title>\n<meta name=\"robots\" content=\"index, follow, max-snippet:-1, max-image-preview:large, max-video-preview:-1\" \/>\n<link rel=\"canonical\" href=\"https:\/\/blog.zhaw.ch\/forschungssupport\/technopark-winterthur-tag-der-offenen-tur\/\" \/>\n<meta property=\"og:locale\" content=\"de_DE\" \/>\n<meta property=\"og:type\" content=\"article\" \/>\n<meta property=\"og:title\" content=\"Technopark Winterthur: Tag der offenen T\u00fcr\" \/>\n<meta property=\"og:description\" content=\"Der Erweiterungsbau des Technoparks Winterthur ist fertiggestellt. Aus diesem Anlass findet am Samstag, den 29. Mai 2010 ein Tag der offenen T\u00fcr statt. Mehr als 30 Aussteller, darunter eine namhafte Anzahl von Instituten der ZHAW, stellen innovative Projekte aus Hochschule und Wirtschaft vor. Kommen Sie mit Ihrer Familie zur Er\u00f6ffnung des Erweiterungsbaues des Technoparks Winterthur. [&hellip;]\" \/>\n<meta property=\"og:url\" content=\"https:\/\/blog.zhaw.ch\/forschungssupport\/technopark-winterthur-tag-der-offenen-tur\/\" \/>\n<meta property=\"og:site_name\" content=\"Blog f\u00fcr Forschung und Entwicklung\" \/>\n<meta property=\"article:published_time\" content=\"2010-06-16T13:44:52+00:00\" \/>\n<meta property=\"og:image\" content=\"http:\/\/blog.zhaw.ch\/forschungssupport\/files\/2010\/06\/technopark.jpg\" \/>\n<meta name=\"author\" content=\"Heinrich St\u00fclpnagel\" \/>\n<meta name=\"twitter:card\" content=\"summary_large_image\" \/>\n<meta name=\"twitter:label1\" content=\"Verfasst von\" \/>\n\t<meta name=\"twitter:data1\" content=\"Heinrich St\u00fclpnagel\" \/>\n<script type=\"application\/ld+json\" class=\"yoast-schema-graph\">{\"@context\":\"https:\/\/schema.org\",\"@graph\":[{\"@type\":\"Article\",\"@id\":\"https:\/\/blog.zhaw.ch\/forschungssupport\/technopark-winterthur-tag-der-offenen-tur\/#article\",\"isPartOf\":{\"@id\":\"https:\/\/blog.zhaw.ch\/forschungssupport\/technopark-winterthur-tag-der-offenen-tur\/\"},\"author\":{\"name\":\"Heinrich St\u00fclpnagel\",\"@id\":\"https:\/\/blog.zhaw.ch\/forschungssupport\/#\/schema\/person\/ac9b72054c9b75700c5fe6696ee3dfb0\"},\"headline\":\"Technopark Winterthur: Tag der offenen T\u00fcr\",\"datePublished\":\"2010-06-16T13:44:52+00:00\",\"mainEntityOfPage\":{\"@id\":\"https:\/\/blog.zhaw.ch\/forschungssupport\/technopark-winterthur-tag-der-offenen-tur\/\"},\"wordCount\":91,\"commentCount\":0,\"image\":{\"@id\":\"https:\/\/blog.zhaw.ch\/forschungssupport\/technopark-winterthur-tag-der-offenen-tur\/#primaryimage\"},\"thumbnailUrl\":\"http:\/\/blog.zhaw.ch\/forschungssupport\/files\/2010\/06\/technopark.jpg\",\"inLanguage\":\"de\",\"potentialAction\":[{\"@type\":\"CommentAction\",\"name\":\"Comment\",\"target\":[\"https:\/\/blog.zhaw.ch\/forschungssupport\/technopark-winterthur-tag-der-offenen-tur\/#respond\"]}]},{\"@type\":\"WebPage\",\"@id\":\"https:\/\/blog.zhaw.ch\/forschungssupport\/technopark-winterthur-tag-der-offenen-tur\/\",\"url\":\"https:\/\/blog.zhaw.ch\/forschungssupport\/technopark-winterthur-tag-der-offenen-tur\/\",\"name\":\"Technopark Winterthur: Tag der offenen T\u00fcr - Blog f\u00fcr Forschung und Entwicklung\",\"isPartOf\":{\"@id\":\"https:\/\/blog.zhaw.ch\/forschungssupport\/#website\"},\"primaryImageOfPage\":{\"@id\":\"https:\/\/blog.zhaw.ch\/forschungssupport\/technopark-winterthur-tag-der-offenen-tur\/#primaryimage\"},\"image\":{\"@id\":\"https:\/\/blog.zhaw.ch\/forschungssupport\/technopark-winterthur-tag-der-offenen-tur\/#primaryimage\"},\"thumbnailUrl\":\"http:\/\/blog.zhaw.ch\/forschungssupport\/files\/2010\/06\/technopark.jpg\",\"datePublished\":\"2010-06-16T13:44:52+00:00\",\"author\":{\"@id\":\"https:\/\/blog.zhaw.ch\/forschungssupport\/#\/schema\/person\/ac9b72054c9b75700c5fe6696ee3dfb0\"},\"breadcrumb\":{\"@id\":\"https:\/\/blog.zhaw.ch\/forschungssupport\/technopark-winterthur-tag-der-offenen-tur\/#breadcrumb\"},\"inLanguage\":\"de\",\"potentialAction\":[{\"@type\":\"ReadAction\",\"target\":[\"https:\/\/blog.zhaw.ch\/forschungssupport\/technopark-winterthur-tag-der-offenen-tur\/\"]}]},{\"@type\":\"ImageObject\",\"inLanguage\":\"de\",\"@id\":\"https:\/\/blog.zhaw.ch\/forschungssupport\/technopark-winterthur-tag-der-offenen-tur\/#primaryimage\",\"url\":\"http:\/\/blog.zhaw.ch\/forschungssupport\/files\/2010\/06\/technopark.jpg\",\"contentUrl\":\"http:\/\/blog.zhaw.ch\/forschungssupport\/files\/2010\/06\/technopark.jpg\"},{\"@type\":\"BreadcrumbList\",\"@id\":\"https:\/\/blog.zhaw.ch\/forschungssupport\/technopark-winterthur-tag-der-offenen-tur\/#breadcrumb\",\"itemListElement\":[{\"@type\":\"ListItem\",\"position\":1,\"name\":\"Startseite\",\"item\":\"https:\/\/blog.zhaw.ch\/forschungssupport\/\"},{\"@type\":\"ListItem\",\"position\":2,\"name\":\"Technopark Winterthur: Tag der offenen T\u00fcr\"}]},{\"@type\":\"WebSite\",\"@id\":\"https:\/\/blog.zhaw.ch\/forschungssupport\/#website\",\"url\":\"https:\/\/blog.zhaw.ch\/forschungssupport\/\",\"name\":\"Blog f\u00fcr Forschung und Entwicklung\",\"description\":\"Ein Blog der ZHAW Z\u00fcrcher Hochschule f\u00fcr Angewandte Wissenschaften\",\"potentialAction\":[{\"@type\":\"SearchAction\",\"target\":{\"@type\":\"EntryPoint\",\"urlTemplate\":\"https:\/\/blog.zhaw.ch\/forschungssupport\/?s={search_term_string}\"},\"query-input\":{\"@type\":\"PropertyValueSpecification\",\"valueRequired\":true,\"valueName\":\"search_term_string\"}}],\"inLanguage\":\"de\"},{\"@type\":\"Person\",\"@id\":\"https:\/\/blog.zhaw.ch\/forschungssupport\/#\/schema\/person\/ac9b72054c9b75700c5fe6696ee3dfb0\",\"name\":\"Heinrich St\u00fclpnagel\",\"image\":{\"@type\":\"ImageObject\",\"inLanguage\":\"de\",\"@id\":\"https:\/\/secure.gravatar.com\/avatar\/abb16a8086434b08b727ee8686cd30a270b9a039f415b3546c1ab03c85b7b91c?s=96&d=mm&r=g\",\"url\":\"https:\/\/secure.gravatar.com\/avatar\/abb16a8086434b08b727ee8686cd30a270b9a039f415b3546c1ab03c85b7b91c?s=96&d=mm&r=g\",\"contentUrl\":\"https:\/\/secure.gravatar.com\/avatar\/abb16a8086434b08b727ee8686cd30a270b9a039f415b3546c1ab03c85b7b91c?s=96&d=mm&r=g\",\"caption\":\"Heinrich St\u00fclpnagel\"},\"sameAs\":[\"http:\/\/www.zhaw.ch\/Forschung\"],\"url\":\"https:\/\/blog.zhaw.ch\/forschungssupport\/author\/stph\/\"}]}<\/script>\n<!-- \/ Yoast SEO Premium plugin. -->","yoast_head_json":{"title":"Technopark Winterthur: Tag der offenen T\u00fcr - Blog f\u00fcr Forschung und Entwicklung","robots":{"index":"index","follow":"follow","max-snippet":"max-snippet:-1","max-image-preview":"max-image-preview:large","max-video-preview":"max-video-preview:-1"},"canonical":"https:\/\/blog.zhaw.ch\/forschungssupport\/technopark-winterthur-tag-der-offenen-tur\/","og_locale":"de_DE","og_type":"article","og_title":"Technopark Winterthur: Tag der offenen T\u00fcr","og_description":"Der Erweiterungsbau des Technoparks Winterthur ist fertiggestellt. Aus diesem Anlass findet am Samstag, den 29. Mai 2010 ein Tag der offenen T\u00fcr statt. Mehr als 30 Aussteller, darunter eine namhafte Anzahl von Instituten der ZHAW, stellen innovative Projekte aus Hochschule und Wirtschaft vor. Kommen Sie mit Ihrer Familie zur Er\u00f6ffnung des Erweiterungsbaues des Technoparks Winterthur. [&hellip;]","og_url":"https:\/\/blog.zhaw.ch\/forschungssupport\/technopark-winterthur-tag-der-offenen-tur\/","og_site_name":"Blog f\u00fcr Forschung und Entwicklung","article_published_time":"2010-06-16T13:44:52+00:00","og_image":[{"url":"http:\/\/blog.zhaw.ch\/forschungssupport\/files\/2010\/06\/technopark.jpg","type":"","width":"","height":""}],"author":"Heinrich St\u00fclpnagel","twitter_card":"summary_large_image","twitter_misc":{"Verfasst von":"Heinrich St\u00fclpnagel"},"schema":{"@context":"https:\/\/schema.org","@graph":[{"@type":"Article","@id":"https:\/\/blog.zhaw.ch\/forschungssupport\/technopark-winterthur-tag-der-offenen-tur\/#article","isPartOf":{"@id":"https:\/\/blog.zhaw.ch\/forschungssupport\/technopark-winterthur-tag-der-offenen-tur\/"},"author":{"name":"Heinrich St\u00fclpnagel","@id":"https:\/\/blog.zhaw.ch\/forschungssupport\/#\/schema\/person\/ac9b72054c9b75700c5fe6696ee3dfb0"},"headline":"Technopark Winterthur: Tag der offenen T\u00fcr","datePublished":"2010-06-16T13:44:52+00:00","mainEntityOfPage":{"@id":"https:\/\/blog.zhaw.ch\/forschungssupport\/technopark-winterthur-tag-der-offenen-tur\/"},"wordCount":91,"commentCount":0,"image":{"@id":"https:\/\/blog.zhaw.ch\/forschungssupport\/technopark-winterthur-tag-der-offenen-tur\/#primaryimage"},"thumbnailUrl":"http:\/\/blog.zhaw.ch\/forschungssupport\/files\/2010\/06\/technopark.jpg","inLanguage":"de","potentialAction":[{"@type":"CommentAction","name":"Comment","target":["https:\/\/blog.zhaw.ch\/forschungssupport\/technopark-winterthur-tag-der-offenen-tur\/#respond"]}]},{"@type":"WebPage","@id":"https:\/\/blog.zhaw.ch\/forschungssupport\/technopark-winterthur-tag-der-offenen-tur\/","url":"https:\/\/blog.zhaw.ch\/forschungssupport\/technopark-winterthur-tag-der-offenen-tur\/","name":"Technopark Winterthur: Tag der offenen T\u00fcr - Blog f\u00fcr Forschung und Entwicklung","isPartOf":{"@id":"https:\/\/blog.zhaw.ch\/forschungssupport\/#website"},"primaryImageOfPage":{"@id":"https:\/\/blog.zhaw.ch\/forschungssupport\/technopark-winterthur-tag-der-offenen-tur\/#primaryimage"},"image":{"@id":"https:\/\/blog.zhaw.ch\/forschungssupport\/technopark-winterthur-tag-der-offenen-tur\/#primaryimage"},"thumbnailUrl":"http:\/\/blog.zhaw.ch\/forschungssupport\/files\/2010\/06\/technopark.jpg","datePublished":"2010-06-16T13:44:52+00:00","author":{"@id":"https:\/\/blog.zhaw.ch\/forschungssupport\/#\/schema\/person\/ac9b72054c9b75700c5fe6696ee3dfb0"},"breadcrumb":{"@id":"https:\/\/blog.zhaw.ch\/forschungssupport\/technopark-winterthur-tag-der-offenen-tur\/#breadcrumb"},"inLanguage":"de","potentialAction":[{"@type":"ReadAction","target":["https:\/\/blog.zhaw.ch\/forschungssupport\/technopark-winterthur-tag-der-offenen-tur\/"]}]},{"@type":"ImageObject","inLanguage":"de","@id":"https:\/\/blog.zhaw.ch\/forschungssupport\/technopark-winterthur-tag-der-offenen-tur\/#primaryimage","url":"http:\/\/blog.zhaw.ch\/forschungssupport\/files\/2010\/06\/technopark.jpg","contentUrl":"http:\/\/blog.zhaw.ch\/forschungssupport\/files\/2010\/06\/technopark.jpg"},{"@type":"BreadcrumbList","@id":"https:\/\/blog.zhaw.ch\/forschungssupport\/technopark-winterthur-tag-der-offenen-tur\/#breadcrumb","itemListElement":[{"@type":"ListItem","position":1,"name":"Startseite","item":"https:\/\/blog.zhaw.ch\/forschungssupport\/"},{"@type":"ListItem","position":2,"name":"Technopark Winterthur: Tag der offenen T\u00fcr"}]},{"@type":"WebSite","@id":"https:\/\/blog.zhaw.ch\/forschungssupport\/#website","url":"https:\/\/blog.zhaw.ch\/forschungssupport\/","name":"Blog f\u00fcr Forschung und Entwicklung","description":"Ein Blog der ZHAW Z\u00fcrcher Hochschule f\u00fcr Angewandte Wissenschaften","potentialAction":[{"@type":"SearchAction","target":{"@type":"EntryPoint","urlTemplate":"https:\/\/blog.zhaw.ch\/forschungssupport\/?s={search_term_string}"},"query-input":{"@type":"PropertyValueSpecification","valueRequired":true,"valueName":"search_term_string"}}],"inLanguage":"de"},{"@type":"Person","@id":"https:\/\/blog.zhaw.ch\/forschungssupport\/#\/schema\/person\/ac9b72054c9b75700c5fe6696ee3dfb0","name":"Heinrich St\u00fclpnagel","image":{"@type":"ImageObject","inLanguage":"de","@id":"https:\/\/secure.gravatar.com\/avatar\/abb16a8086434b08b727ee8686cd30a270b9a039f415b3546c1ab03c85b7b91c?s=96&d=mm&r=g","url":"https:\/\/secure.gravatar.com\/avatar\/abb16a8086434b08b727ee8686cd30a270b9a039f415b3546c1ab03c85b7b91c?s=96&d=mm&r=g","contentUrl":"https:\/\/secure.gravatar.com\/avatar\/abb16a8086434b08b727ee8686cd30a270b9a039f415b3546c1ab03c85b7b91c?s=96&d=mm&r=g","caption":"Heinrich St\u00fclpnagel"},"sameAs":["http:\/\/www.zhaw.ch\/Forschung"],"url":"https:\/\/blog.zhaw.ch\/forschungssupport\/author\/stph\/"}]}},"_links":{"self":[{"href":"https:\/\/blog.zhaw.ch\/forschungssupport\/wp-json\/wp\/v2\/posts\/27","targetHints":{"allow":["GET"]}}],"collection":[{"href":"https:\/\/blog.zhaw.ch\/forschungssupport\/wp-json\/wp\/v2\/posts"}],"about":[{"href":"https:\/\/blog.zhaw.ch\/forschungssupport\/wp-json\/wp\/v2\/types\/post"}],"author":[{"embeddable":true,"href":"https:\/\/blog.zhaw.ch\/forschungssupport\/wp-json\/wp\/v2\/users\/10"}],"replies":[{"embeddable":true,"href":"https:\/\/blog.zhaw.ch\/forschungssupport\/wp-json\/wp\/v2\/comments?post=27"}],"version-history":[{"count":0,"href":"https:\/\/blog.zhaw.ch\/forschungssupport\/wp-json\/wp\/v2\/posts\/27\/revisions"}],"wp:attachment":[{"href":"https:\/\/blog.zhaw.ch\/forschungssupport\/wp-json\/wp\/v2\/media?parent=27"}],"wp:term":[{"taxonomy":"category","embeddable":true,"href":"https:\/\/blog.zhaw.ch\/forschungssupport\/wp-json\/wp\/v2\/categories?post=27"},{"taxonomy":"post_tag","embeddable":true,"href":"https:\/\/blog.zhaw.ch\/forschungssupport\/wp-json\/wp\/v2\/tags?post=27"},{"taxonomy":"features","embeddable":true,"href":"https:\/\/blog.zhaw.ch\/forschungssupport\/wp-json\/wp\/v2\/features?post=27"}],"curies":[{"name":"wp","href":"https:\/\/api.w.org\/{rel}","templated":true}]}}