{"id":2357,"date":"2012-07-24T13:14:05","date_gmt":"2012-07-24T12:14:05","guid":{"rendered":"http:\/\/www.forschungssupport.ch\/?p=2357"},"modified":"2012-07-24T13:14:05","modified_gmt":"2012-07-24T12:14:05","slug":"i-know-internationale-tagung-wissensmanagement","status":"publish","type":"post","link":"https:\/\/blog.zhaw.ch\/forschungssupport\/i-know-internationale-tagung-wissensmanagement\/","title":{"rendered":"i-KNOW internationale Tagung Wissensmanagement"},"content":{"rendered":"<p><a href=\"http:\/\/blog.zhaw.ch\/forschungssupport\/files\/2012\/07\/iKNOW.jpg\"><img loading=\"lazy\" decoding=\"async\" class=\"alignleft size-full wp-image-2358\" title=\"iKNOW\" src=\"http:\/\/blog.zhaw.ch\/forschungssupport\/files\/2012\/07\/iKNOW.jpg\" alt=\"\" width=\"205\" height=\"108\" srcset=\"https:\/\/blog.zhaw.ch\/forschungssupport\/files\/2012\/07\/iKNOW.jpg 309w, https:\/\/blog.zhaw.ch\/forschungssupport\/files\/2012\/07\/iKNOW-300x158.jpg 300w\" sizes=\"auto, (max-width: 205px) 100vw, 205px\" \/><\/a>Die internationale Fachtagung f\u00fcr Wissensmanagement i-Know findet am 05.-07. September 2012 in Graz statt. Sie ber\u00fchrt eine Reihe von Themen, die f\u00fcr die anwendungsorientierte Forschung der ZHAW interessant sind.<!--more-->As in previous years i-KNOW will offer its participants a unique platform either to present latest and leading edge developments or to catch up with the developments of most innovative IT technologies, content applications, knowledge management trends and emerging market opportunities.<\/p>\n<p>With the aimto promote the exchange of knowledge and international cooperation between Researchers and Industry we feature a large <strong>International Matchmaking Event<\/strong> in conjunction with the Styrian Business Promotion Agency (SFG), Styrian Internationalization Centre (ICS) and the Enterprise Europe Network (EEN).<\/p>\n<p><strong>Outstanding Industry Experts<\/strong>from IBM Watson and Beskin &amp; Partners, as well as <strong>Renowned Researchers<\/strong> from Catholic University Leuven and University of Amsterdam followed our invitation for giving keynotes at i-KNOW 2012.<\/p>\n<p>For the first time i-KNOW will feature <strong>three Industry-Specific Tracks<\/strong> discussing the role of knowledge management within the Health Industry (<strong>SMART Health<\/strong>), Bio-Pharmaceutical Engineering <strong>(SMART Pharma<\/strong>) and the Automotive &amp; Rail Production Processes (<strong>SMART Mobility<\/strong>).<\/p>\n<p>i-KNOW 2012 will also feature<br \/>\n<strong>two Scientific Tracks<\/strong>with specific focus on \u201cTheory and Applications of Visual Analytics (TAVA)\u201d and \u201cResearch 2.0\u201d<br \/>\nmore than <strong>30 high-quality research talks<\/strong> within the i-KNOW and i-SEMANTICS Scientific Tracks<br \/>\nmore than <strong>20 iPraxis Application-oriented Presentations<\/strong> by leading companies.<br \/>\na <strong>large Demonstration &amp; Poster Session<\/strong>, including the <strong>Best Demo Award, Best Paper Awards<\/strong> as well as the PhD Student Award<\/p>\n<p>Please keep in mind the deadline for the early bird registration until July 31!<\/p>\n<p>For more detailed information please visit the website <a href=\"http:\/\/tugraz.us2.list-manage.com\/track\/click?u=3289815adb7d0128d25c2c670&amp;id=f299ae0c85&amp;e=c36cbddec7\" target=\"_blank\">www.i-know.at<\/a><\/p>\n<div class=\"pt-sm\">Schlagw\u00f6rter: <a href=\"https:\/\/blog.zhaw.ch\/forschungssupport\/tag\/gesundheit\/\">Gesundheit<\/a>, <a href=\"https:\/\/blog.zhaw.ch\/forschungssupport\/tag\/ict\/\">ICT<\/a>, <a href=\"https:\/\/blog.zhaw.ch\/forschungssupport\/tag\/mobilitat\/\">Mobilit\u00e4t<\/a>, <a href=\"https:\/\/blog.zhaw.ch\/forschungssupport\/tag\/wissensmanagement\/\">Wissensmanagement<\/a><br><\/div>","protected":false},"excerpt":{"rendered":"<p>Die internationale Fachtagung f\u00fcr Wissensmanagement i-Know findet am 05.-07. September 2012 in Graz statt. Sie ber\u00fchrt eine Reihe von Themen, die f\u00fcr die anwendungsorientierte Forschung der ZHAW interessant sind. Schlagw\u00f6rter: Gesundheit, ICT, Mobilit\u00e4t, Wissensmanagement<\/p>\n","protected":false},"author":10,"featured_media":0,"comment_status":"open","ping_status":"open","sticky":false,"template":"","format":"standard","meta":{"ngg_post_thumbnail":0,"footnotes":""},"categories":[8,16],"tags":[94,102,134,200],"features":[],"class_list":["post-2357","post","type-post","status-publish","format-standard","hentry","category-internationales","category-veranstaltungen-extern","tag-gesundheit","tag-ict","tag-mobilitat","tag-wissensmanagement"],"yoast_head":"<!-- This site is optimized with the Yoast SEO Premium plugin v27.2 (Yoast SEO v27.2) - https:\/\/yoast.com\/product\/yoast-seo-premium-wordpress\/ -->\n<title>i-KNOW internationale Tagung Wissensmanagement - Blog f\u00fcr Forschung und Entwicklung<\/title>\n<meta name=\"robots\" content=\"index, follow, max-snippet:-1, max-image-preview:large, max-video-preview:-1\" \/>\n<link rel=\"canonical\" href=\"https:\/\/blog.zhaw.ch\/forschungssupport\/i-know-internationale-tagung-wissensmanagement\/\" \/>\n<meta property=\"og:locale\" content=\"de_DE\" \/>\n<meta property=\"og:type\" content=\"article\" \/>\n<meta property=\"og:title\" content=\"i-KNOW internationale Tagung Wissensmanagement\" \/>\n<meta property=\"og:description\" content=\"Die internationale Fachtagung f\u00fcr Wissensmanagement i-Know findet am 05.-07. September 2012 in Graz statt. Sie ber\u00fchrt eine Reihe von Themen, die f\u00fcr die anwendungsorientierte Forschung der ZHAW interessant sind. Schlagw\u00f6rter: Gesundheit, ICT, Mobilit\u00e4t, Wissensmanagement\" \/>\n<meta property=\"og:url\" content=\"https:\/\/blog.zhaw.ch\/forschungssupport\/i-know-internationale-tagung-wissensmanagement\/\" \/>\n<meta property=\"og:site_name\" content=\"Blog f\u00fcr Forschung und Entwicklung\" \/>\n<meta property=\"article:published_time\" content=\"2012-07-24T12:14:05+00:00\" \/>\n<meta property=\"og:image\" content=\"http:\/\/blog.zhaw.ch\/forschungssupport\/files\/2012\/07\/iKNOW.jpg\" \/>\n<meta name=\"author\" content=\"Heinrich St\u00fclpnagel\" \/>\n<meta name=\"twitter:card\" content=\"summary_large_image\" \/>\n<meta name=\"twitter:label1\" content=\"Verfasst von\" \/>\n\t<meta name=\"twitter:data1\" content=\"Heinrich St\u00fclpnagel\" \/>\n\t<meta name=\"twitter:label2\" content=\"Gesch\u00e4tzte Lesezeit\" \/>\n\t<meta name=\"twitter:data2\" content=\"1\u00a0Minute\" \/>\n<script type=\"application\/ld+json\" class=\"yoast-schema-graph\">{\"@context\":\"https:\/\/schema.org\",\"@graph\":[{\"@type\":\"Article\",\"@id\":\"https:\/\/blog.zhaw.ch\/forschungssupport\/i-know-internationale-tagung-wissensmanagement\/#article\",\"isPartOf\":{\"@id\":\"https:\/\/blog.zhaw.ch\/forschungssupport\/i-know-internationale-tagung-wissensmanagement\/\"},\"author\":{\"name\":\"Heinrich St\u00fclpnagel\",\"@id\":\"https:\/\/blog.zhaw.ch\/forschungssupport\/#\/schema\/person\/ac9b72054c9b75700c5fe6696ee3dfb0\"},\"headline\":\"i-KNOW internationale Tagung Wissensmanagement\",\"datePublished\":\"2012-07-24T12:14:05+00:00\",\"mainEntityOfPage\":{\"@id\":\"https:\/\/blog.zhaw.ch\/forschungssupport\/i-know-internationale-tagung-wissensmanagement\/\"},\"wordCount\":266,\"commentCount\":1,\"image\":{\"@id\":\"https:\/\/blog.zhaw.ch\/forschungssupport\/i-know-internationale-tagung-wissensmanagement\/#primaryimage\"},\"thumbnailUrl\":\"http:\/\/blog.zhaw.ch\/forschungssupport\/files\/2012\/07\/iKNOW.jpg\",\"keywords\":[\"Gesundheit\",\"ICT\",\"Mobilit\u00e4t\",\"Wissensmanagement\"],\"articleSection\":[\"Internationales\",\"Veranstaltungen extern\"],\"inLanguage\":\"de\",\"potentialAction\":[{\"@type\":\"CommentAction\",\"name\":\"Comment\",\"target\":[\"https:\/\/blog.zhaw.ch\/forschungssupport\/i-know-internationale-tagung-wissensmanagement\/#respond\"]}]},{\"@type\":\"WebPage\",\"@id\":\"https:\/\/blog.zhaw.ch\/forschungssupport\/i-know-internationale-tagung-wissensmanagement\/\",\"url\":\"https:\/\/blog.zhaw.ch\/forschungssupport\/i-know-internationale-tagung-wissensmanagement\/\",\"name\":\"i-KNOW internationale Tagung Wissensmanagement - Blog f\u00fcr Forschung und Entwicklung\",\"isPartOf\":{\"@id\":\"https:\/\/blog.zhaw.ch\/forschungssupport\/#website\"},\"primaryImageOfPage\":{\"@id\":\"https:\/\/blog.zhaw.ch\/forschungssupport\/i-know-internationale-tagung-wissensmanagement\/#primaryimage\"},\"image\":{\"@id\":\"https:\/\/blog.zhaw.ch\/forschungssupport\/i-know-internationale-tagung-wissensmanagement\/#primaryimage\"},\"thumbnailUrl\":\"http:\/\/blog.zhaw.ch\/forschungssupport\/files\/2012\/07\/iKNOW.jpg\",\"datePublished\":\"2012-07-24T12:14:05+00:00\",\"author\":{\"@id\":\"https:\/\/blog.zhaw.ch\/forschungssupport\/#\/schema\/person\/ac9b72054c9b75700c5fe6696ee3dfb0\"},\"breadcrumb\":{\"@id\":\"https:\/\/blog.zhaw.ch\/forschungssupport\/i-know-internationale-tagung-wissensmanagement\/#breadcrumb\"},\"inLanguage\":\"de\",\"potentialAction\":[{\"@type\":\"ReadAction\",\"target\":[\"https:\/\/blog.zhaw.ch\/forschungssupport\/i-know-internationale-tagung-wissensmanagement\/\"]}]},{\"@type\":\"ImageObject\",\"inLanguage\":\"de\",\"@id\":\"https:\/\/blog.zhaw.ch\/forschungssupport\/i-know-internationale-tagung-wissensmanagement\/#primaryimage\",\"url\":\"http:\/\/blog.zhaw.ch\/forschungssupport\/files\/2012\/07\/iKNOW.jpg\",\"contentUrl\":\"http:\/\/blog.zhaw.ch\/forschungssupport\/files\/2012\/07\/iKNOW.jpg\"},{\"@type\":\"BreadcrumbList\",\"@id\":\"https:\/\/blog.zhaw.ch\/forschungssupport\/i-know-internationale-tagung-wissensmanagement\/#breadcrumb\",\"itemListElement\":[{\"@type\":\"ListItem\",\"position\":1,\"name\":\"Startseite\",\"item\":\"https:\/\/blog.zhaw.ch\/forschungssupport\/\"},{\"@type\":\"ListItem\",\"position\":2,\"name\":\"i-KNOW internationale Tagung Wissensmanagement\"}]},{\"@type\":\"WebSite\",\"@id\":\"https:\/\/blog.zhaw.ch\/forschungssupport\/#website\",\"url\":\"https:\/\/blog.zhaw.ch\/forschungssupport\/\",\"name\":\"Blog f\u00fcr Forschung und Entwicklung\",\"description\":\"Ein Blog der ZHAW Z\u00fcrcher Hochschule f\u00fcr Angewandte Wissenschaften\",\"potentialAction\":[{\"@type\":\"SearchAction\",\"target\":{\"@type\":\"EntryPoint\",\"urlTemplate\":\"https:\/\/blog.zhaw.ch\/forschungssupport\/?s={search_term_string}\"},\"query-input\":{\"@type\":\"PropertyValueSpecification\",\"valueRequired\":true,\"valueName\":\"search_term_string\"}}],\"inLanguage\":\"de\"},{\"@type\":\"Person\",\"@id\":\"https:\/\/blog.zhaw.ch\/forschungssupport\/#\/schema\/person\/ac9b72054c9b75700c5fe6696ee3dfb0\",\"name\":\"Heinrich St\u00fclpnagel\",\"image\":{\"@type\":\"ImageObject\",\"inLanguage\":\"de\",\"@id\":\"https:\/\/secure.gravatar.com\/avatar\/abb16a8086434b08b727ee8686cd30a270b9a039f415b3546c1ab03c85b7b91c?s=96&d=mm&r=g\",\"url\":\"https:\/\/secure.gravatar.com\/avatar\/abb16a8086434b08b727ee8686cd30a270b9a039f415b3546c1ab03c85b7b91c?s=96&d=mm&r=g\",\"contentUrl\":\"https:\/\/secure.gravatar.com\/avatar\/abb16a8086434b08b727ee8686cd30a270b9a039f415b3546c1ab03c85b7b91c?s=96&d=mm&r=g\",\"caption\":\"Heinrich St\u00fclpnagel\"},\"sameAs\":[\"http:\/\/www.zhaw.ch\/Forschung\"],\"url\":\"https:\/\/blog.zhaw.ch\/forschungssupport\/author\/stph\/\"}]}<\/script>\n<!-- \/ Yoast SEO Premium plugin. -->","yoast_head_json":{"title":"i-KNOW internationale Tagung Wissensmanagement - Blog f\u00fcr Forschung und Entwicklung","robots":{"index":"index","follow":"follow","max-snippet":"max-snippet:-1","max-image-preview":"max-image-preview:large","max-video-preview":"max-video-preview:-1"},"canonical":"https:\/\/blog.zhaw.ch\/forschungssupport\/i-know-internationale-tagung-wissensmanagement\/","og_locale":"de_DE","og_type":"article","og_title":"i-KNOW internationale Tagung Wissensmanagement","og_description":"Die internationale Fachtagung f\u00fcr Wissensmanagement i-Know findet am 05.-07. September 2012 in Graz statt. Sie ber\u00fchrt eine Reihe von Themen, die f\u00fcr die anwendungsorientierte Forschung der ZHAW interessant sind. Schlagw\u00f6rter: Gesundheit, ICT, Mobilit\u00e4t, Wissensmanagement","og_url":"https:\/\/blog.zhaw.ch\/forschungssupport\/i-know-internationale-tagung-wissensmanagement\/","og_site_name":"Blog f\u00fcr Forschung und Entwicklung","article_published_time":"2012-07-24T12:14:05+00:00","og_image":[{"url":"http:\/\/blog.zhaw.ch\/forschungssupport\/files\/2012\/07\/iKNOW.jpg","type":"","width":"","height":""}],"author":"Heinrich St\u00fclpnagel","twitter_card":"summary_large_image","twitter_misc":{"Verfasst von":"Heinrich St\u00fclpnagel","Gesch\u00e4tzte Lesezeit":"1\u00a0Minute"},"schema":{"@context":"https:\/\/schema.org","@graph":[{"@type":"Article","@id":"https:\/\/blog.zhaw.ch\/forschungssupport\/i-know-internationale-tagung-wissensmanagement\/#article","isPartOf":{"@id":"https:\/\/blog.zhaw.ch\/forschungssupport\/i-know-internationale-tagung-wissensmanagement\/"},"author":{"name":"Heinrich St\u00fclpnagel","@id":"https:\/\/blog.zhaw.ch\/forschungssupport\/#\/schema\/person\/ac9b72054c9b75700c5fe6696ee3dfb0"},"headline":"i-KNOW internationale Tagung Wissensmanagement","datePublished":"2012-07-24T12:14:05+00:00","mainEntityOfPage":{"@id":"https:\/\/blog.zhaw.ch\/forschungssupport\/i-know-internationale-tagung-wissensmanagement\/"},"wordCount":266,"commentCount":1,"image":{"@id":"https:\/\/blog.zhaw.ch\/forschungssupport\/i-know-internationale-tagung-wissensmanagement\/#primaryimage"},"thumbnailUrl":"http:\/\/blog.zhaw.ch\/forschungssupport\/files\/2012\/07\/iKNOW.jpg","keywords":["Gesundheit","ICT","Mobilit\u00e4t","Wissensmanagement"],"articleSection":["Internationales","Veranstaltungen extern"],"inLanguage":"de","potentialAction":[{"@type":"CommentAction","name":"Comment","target":["https:\/\/blog.zhaw.ch\/forschungssupport\/i-know-internationale-tagung-wissensmanagement\/#respond"]}]},{"@type":"WebPage","@id":"https:\/\/blog.zhaw.ch\/forschungssupport\/i-know-internationale-tagung-wissensmanagement\/","url":"https:\/\/blog.zhaw.ch\/forschungssupport\/i-know-internationale-tagung-wissensmanagement\/","name":"i-KNOW internationale Tagung Wissensmanagement - Blog f\u00fcr Forschung und Entwicklung","isPartOf":{"@id":"https:\/\/blog.zhaw.ch\/forschungssupport\/#website"},"primaryImageOfPage":{"@id":"https:\/\/blog.zhaw.ch\/forschungssupport\/i-know-internationale-tagung-wissensmanagement\/#primaryimage"},"image":{"@id":"https:\/\/blog.zhaw.ch\/forschungssupport\/i-know-internationale-tagung-wissensmanagement\/#primaryimage"},"thumbnailUrl":"http:\/\/blog.zhaw.ch\/forschungssupport\/files\/2012\/07\/iKNOW.jpg","datePublished":"2012-07-24T12:14:05+00:00","author":{"@id":"https:\/\/blog.zhaw.ch\/forschungssupport\/#\/schema\/person\/ac9b72054c9b75700c5fe6696ee3dfb0"},"breadcrumb":{"@id":"https:\/\/blog.zhaw.ch\/forschungssupport\/i-know-internationale-tagung-wissensmanagement\/#breadcrumb"},"inLanguage":"de","potentialAction":[{"@type":"ReadAction","target":["https:\/\/blog.zhaw.ch\/forschungssupport\/i-know-internationale-tagung-wissensmanagement\/"]}]},{"@type":"ImageObject","inLanguage":"de","@id":"https:\/\/blog.zhaw.ch\/forschungssupport\/i-know-internationale-tagung-wissensmanagement\/#primaryimage","url":"http:\/\/blog.zhaw.ch\/forschungssupport\/files\/2012\/07\/iKNOW.jpg","contentUrl":"http:\/\/blog.zhaw.ch\/forschungssupport\/files\/2012\/07\/iKNOW.jpg"},{"@type":"BreadcrumbList","@id":"https:\/\/blog.zhaw.ch\/forschungssupport\/i-know-internationale-tagung-wissensmanagement\/#breadcrumb","itemListElement":[{"@type":"ListItem","position":1,"name":"Startseite","item":"https:\/\/blog.zhaw.ch\/forschungssupport\/"},{"@type":"ListItem","position":2,"name":"i-KNOW internationale Tagung Wissensmanagement"}]},{"@type":"WebSite","@id":"https:\/\/blog.zhaw.ch\/forschungssupport\/#website","url":"https:\/\/blog.zhaw.ch\/forschungssupport\/","name":"Blog f\u00fcr Forschung und Entwicklung","description":"Ein Blog der ZHAW Z\u00fcrcher Hochschule f\u00fcr Angewandte Wissenschaften","potentialAction":[{"@type":"SearchAction","target":{"@type":"EntryPoint","urlTemplate":"https:\/\/blog.zhaw.ch\/forschungssupport\/?s={search_term_string}"},"query-input":{"@type":"PropertyValueSpecification","valueRequired":true,"valueName":"search_term_string"}}],"inLanguage":"de"},{"@type":"Person","@id":"https:\/\/blog.zhaw.ch\/forschungssupport\/#\/schema\/person\/ac9b72054c9b75700c5fe6696ee3dfb0","name":"Heinrich St\u00fclpnagel","image":{"@type":"ImageObject","inLanguage":"de","@id":"https:\/\/secure.gravatar.com\/avatar\/abb16a8086434b08b727ee8686cd30a270b9a039f415b3546c1ab03c85b7b91c?s=96&d=mm&r=g","url":"https:\/\/secure.gravatar.com\/avatar\/abb16a8086434b08b727ee8686cd30a270b9a039f415b3546c1ab03c85b7b91c?s=96&d=mm&r=g","contentUrl":"https:\/\/secure.gravatar.com\/avatar\/abb16a8086434b08b727ee8686cd30a270b9a039f415b3546c1ab03c85b7b91c?s=96&d=mm&r=g","caption":"Heinrich St\u00fclpnagel"},"sameAs":["http:\/\/www.zhaw.ch\/Forschung"],"url":"https:\/\/blog.zhaw.ch\/forschungssupport\/author\/stph\/"}]}},"_links":{"self":[{"href":"https:\/\/blog.zhaw.ch\/forschungssupport\/wp-json\/wp\/v2\/posts\/2357","targetHints":{"allow":["GET"]}}],"collection":[{"href":"https:\/\/blog.zhaw.ch\/forschungssupport\/wp-json\/wp\/v2\/posts"}],"about":[{"href":"https:\/\/blog.zhaw.ch\/forschungssupport\/wp-json\/wp\/v2\/types\/post"}],"author":[{"embeddable":true,"href":"https:\/\/blog.zhaw.ch\/forschungssupport\/wp-json\/wp\/v2\/users\/10"}],"replies":[{"embeddable":true,"href":"https:\/\/blog.zhaw.ch\/forschungssupport\/wp-json\/wp\/v2\/comments?post=2357"}],"version-history":[{"count":0,"href":"https:\/\/blog.zhaw.ch\/forschungssupport\/wp-json\/wp\/v2\/posts\/2357\/revisions"}],"wp:attachment":[{"href":"https:\/\/blog.zhaw.ch\/forschungssupport\/wp-json\/wp\/v2\/media?parent=2357"}],"wp:term":[{"taxonomy":"category","embeddable":true,"href":"https:\/\/blog.zhaw.ch\/forschungssupport\/wp-json\/wp\/v2\/categories?post=2357"},{"taxonomy":"post_tag","embeddable":true,"href":"https:\/\/blog.zhaw.ch\/forschungssupport\/wp-json\/wp\/v2\/tags?post=2357"},{"taxonomy":"features","embeddable":true,"href":"https:\/\/blog.zhaw.ch\/forschungssupport\/wp-json\/wp\/v2\/features?post=2357"}],"curies":[{"name":"wp","href":"https:\/\/api.w.org\/{rel}","templated":true}]}}