{"id":2306,"date":"2012-07-10T10:41:20","date_gmt":"2012-07-10T09:41:20","guid":{"rendered":"http:\/\/www.forschungssupport.ch\/?p=2306"},"modified":"2012-07-10T10:41:20","modified_gmt":"2012-07-10T09:41:20","slug":"sport-kann-alles-kongress-20-und-21-september-2012-in-bern","status":"publish","type":"post","link":"https:\/\/blog.zhaw.ch\/forschungssupport\/sport-kann-alles-kongress-20-und-21-september-2012-in-bern\/","title":{"rendered":"Kongress \u00abSport kann alles?\u00bb 20.\/21. September Bern"},"content":{"rendered":"<p><a href=\"http:\/\/blog.zhaw.ch\/forschungssupport\/files\/2012\/07\/idee-sport.jpg\"><img loading=\"lazy\" decoding=\"async\" class=\"alignleft size-full wp-image-2308\" title=\"idee sport\" src=\"http:\/\/blog.zhaw.ch\/forschungssupport\/files\/2012\/07\/idee-sport.jpg\" alt=\"\" width=\"178\" height=\"45\" \/><\/a>Der dritte interdisziplin\u00e4re Kongress zu Gegenwart und Zukunft von Sport im Sozial- und Pr\u00e4ventionsbereich findet am 20. und 21. September im Kornhausforum Bern statt.<\/p>\n<p><!--more--><\/p>\n<p>Mit dem Fokus auf Kinder und Jugendliche beleuchtet der Kongress die M\u00f6glichkeiten und Grenzen des Sports in Feldern wie Integration, Raumplanung, Gender, Vereinsstrukturen oder pers\u00f6nliche Entwicklung.<\/p>\n<p>Ausgehend von einem breiten Sportbegriff befasst sich der Kongress mit Fragen wie:<\/p>\n<ul>\n<li>Eignet sich der \u00f6ffentliche Raum, um den Bewegungsdrang auszuleben?<\/li>\n<li>Haben alle den gleichen Zugang zu bestehenden Sportangeboten?<\/li>\n<li>Welche Rolle haben Sportvereine in unserer Gesellschaft?<\/li>\n<\/ul>\n<p>Anmeldung: bis <strong>27. August 2012<\/strong> unter <a href=\"http:\/\/www.sportkannalles.ch\" target=\"_blank\">www.sportkannalles.ch<\/a><\/p>\n<p>Kosten: 2 Tage 260.-, 1 Tag 200.- (Reduktionen f\u00fcr Studierende und f\u00fcr Mitglieder des id\u00e9e:sport Networks)<\/p>\n<p>Weitere Informationen:<\/p>\n<p><a href=\"http:\/\/www.ideesport.ch\/\" target=\"_blank\">Stiftung id\u00e9e:sport<\/a><\/p>\n<div class=\"pt-sm\">Schlagw\u00f6rter: <a href=\"https:\/\/blog.zhaw.ch\/forschungssupport\/tag\/gesundheit\/\">Gesundheit<\/a>, <a href=\"https:\/\/blog.zhaw.ch\/forschungssupport\/tag\/kongress\/\">Kongress<\/a><br><\/div>","protected":false},"excerpt":{"rendered":"<p>Der dritte interdisziplin\u00e4re Kongress zu Gegenwart und Zukunft von Sport im Sozial- und Pr\u00e4ventionsbereich findet am 20. und 21. September im Kornhausforum Bern statt. Schlagw\u00f6rter: Gesundheit, Kongress<\/p>\n","protected":false},"author":10,"featured_media":0,"comment_status":"open","ping_status":"open","sticky":false,"template":"","format":"standard","meta":{"ngg_post_thumbnail":0,"footnotes":""},"categories":[2,16],"tags":[94,124],"features":[],"class_list":["post-2306","post","type-post","status-publish","format-standard","hentry","category-allgemein","category-veranstaltungen-extern","tag-gesundheit","tag-kongress"],"yoast_head":"<!-- This site is optimized with the Yoast SEO Premium plugin v27.2 (Yoast SEO v27.2) - https:\/\/yoast.com\/product\/yoast-seo-premium-wordpress\/ -->\n<title>Kongress \u00abSport kann alles?\u00bb 20.\/21. September Bern - Blog f\u00fcr Forschung und Entwicklung<\/title>\n<meta name=\"robots\" content=\"index, follow, max-snippet:-1, max-image-preview:large, max-video-preview:-1\" \/>\n<link rel=\"canonical\" href=\"https:\/\/blog.zhaw.ch\/forschungssupport\/sport-kann-alles-kongress-20-und-21-september-2012-in-bern\/\" \/>\n<meta property=\"og:locale\" content=\"de_DE\" \/>\n<meta property=\"og:type\" content=\"article\" \/>\n<meta property=\"og:title\" content=\"Kongress \u00abSport kann alles?\u00bb 20.\/21. September Bern\" \/>\n<meta property=\"og:description\" content=\"Der dritte interdisziplin\u00e4re Kongress zu Gegenwart und Zukunft von Sport im Sozial- und Pr\u00e4ventionsbereich findet am 20. und 21. September im Kornhausforum Bern statt. Schlagw\u00f6rter: Gesundheit, Kongress\" \/>\n<meta property=\"og:url\" content=\"https:\/\/blog.zhaw.ch\/forschungssupport\/sport-kann-alles-kongress-20-und-21-september-2012-in-bern\/\" \/>\n<meta property=\"og:site_name\" content=\"Blog f\u00fcr Forschung und Entwicklung\" \/>\n<meta property=\"article:published_time\" content=\"2012-07-10T09:41:20+00:00\" \/>\n<meta property=\"og:image\" content=\"http:\/\/blog.zhaw.ch\/forschungssupport\/files\/2012\/07\/idee-sport.jpg\" \/>\n<meta name=\"author\" content=\"Heinrich St\u00fclpnagel\" \/>\n<meta name=\"twitter:card\" content=\"summary_large_image\" \/>\n<meta name=\"twitter:label1\" content=\"Verfasst von\" \/>\n\t<meta name=\"twitter:data1\" content=\"Heinrich St\u00fclpnagel\" \/>\n\t<meta name=\"twitter:label2\" content=\"Gesch\u00e4tzte Lesezeit\" \/>\n\t<meta name=\"twitter:data2\" content=\"1\u00a0Minute\" \/>\n<script type=\"application\/ld+json\" class=\"yoast-schema-graph\">{\"@context\":\"https:\/\/schema.org\",\"@graph\":[{\"@type\":\"Article\",\"@id\":\"https:\/\/blog.zhaw.ch\/forschungssupport\/sport-kann-alles-kongress-20-und-21-september-2012-in-bern\/#article\",\"isPartOf\":{\"@id\":\"https:\/\/blog.zhaw.ch\/forschungssupport\/sport-kann-alles-kongress-20-und-21-september-2012-in-bern\/\"},\"author\":{\"name\":\"Heinrich St\u00fclpnagel\",\"@id\":\"https:\/\/blog.zhaw.ch\/forschungssupport\/#\/schema\/person\/ac9b72054c9b75700c5fe6696ee3dfb0\"},\"headline\":\"Kongress \u00abSport kann alles?\u00bb 20.\/21. September Bern\",\"datePublished\":\"2012-07-10T09:41:20+00:00\",\"mainEntityOfPage\":{\"@id\":\"https:\/\/blog.zhaw.ch\/forschungssupport\/sport-kann-alles-kongress-20-und-21-september-2012-in-bern\/\"},\"wordCount\":125,\"commentCount\":0,\"image\":{\"@id\":\"https:\/\/blog.zhaw.ch\/forschungssupport\/sport-kann-alles-kongress-20-und-21-september-2012-in-bern\/#primaryimage\"},\"thumbnailUrl\":\"http:\/\/blog.zhaw.ch\/forschungssupport\/files\/2012\/07\/idee-sport.jpg\",\"keywords\":[\"Gesundheit\",\"Kongress\"],\"articleSection\":{\"1\":\"Veranstaltungen extern\"},\"inLanguage\":\"de\",\"potentialAction\":[{\"@type\":\"CommentAction\",\"name\":\"Comment\",\"target\":[\"https:\/\/blog.zhaw.ch\/forschungssupport\/sport-kann-alles-kongress-20-und-21-september-2012-in-bern\/#respond\"]}]},{\"@type\":\"WebPage\",\"@id\":\"https:\/\/blog.zhaw.ch\/forschungssupport\/sport-kann-alles-kongress-20-und-21-september-2012-in-bern\/\",\"url\":\"https:\/\/blog.zhaw.ch\/forschungssupport\/sport-kann-alles-kongress-20-und-21-september-2012-in-bern\/\",\"name\":\"Kongress \u00abSport kann alles?\u00bb 20.\/21. September Bern - Blog f\u00fcr Forschung und Entwicklung\",\"isPartOf\":{\"@id\":\"https:\/\/blog.zhaw.ch\/forschungssupport\/#website\"},\"primaryImageOfPage\":{\"@id\":\"https:\/\/blog.zhaw.ch\/forschungssupport\/sport-kann-alles-kongress-20-und-21-september-2012-in-bern\/#primaryimage\"},\"image\":{\"@id\":\"https:\/\/blog.zhaw.ch\/forschungssupport\/sport-kann-alles-kongress-20-und-21-september-2012-in-bern\/#primaryimage\"},\"thumbnailUrl\":\"http:\/\/blog.zhaw.ch\/forschungssupport\/files\/2012\/07\/idee-sport.jpg\",\"datePublished\":\"2012-07-10T09:41:20+00:00\",\"author\":{\"@id\":\"https:\/\/blog.zhaw.ch\/forschungssupport\/#\/schema\/person\/ac9b72054c9b75700c5fe6696ee3dfb0\"},\"breadcrumb\":{\"@id\":\"https:\/\/blog.zhaw.ch\/forschungssupport\/sport-kann-alles-kongress-20-und-21-september-2012-in-bern\/#breadcrumb\"},\"inLanguage\":\"de\",\"potentialAction\":[{\"@type\":\"ReadAction\",\"target\":[\"https:\/\/blog.zhaw.ch\/forschungssupport\/sport-kann-alles-kongress-20-und-21-september-2012-in-bern\/\"]}]},{\"@type\":\"ImageObject\",\"inLanguage\":\"de\",\"@id\":\"https:\/\/blog.zhaw.ch\/forschungssupport\/sport-kann-alles-kongress-20-und-21-september-2012-in-bern\/#primaryimage\",\"url\":\"http:\/\/blog.zhaw.ch\/forschungssupport\/files\/2012\/07\/idee-sport.jpg\",\"contentUrl\":\"http:\/\/blog.zhaw.ch\/forschungssupport\/files\/2012\/07\/idee-sport.jpg\"},{\"@type\":\"BreadcrumbList\",\"@id\":\"https:\/\/blog.zhaw.ch\/forschungssupport\/sport-kann-alles-kongress-20-und-21-september-2012-in-bern\/#breadcrumb\",\"itemListElement\":[{\"@type\":\"ListItem\",\"position\":1,\"name\":\"Startseite\",\"item\":\"https:\/\/blog.zhaw.ch\/forschungssupport\/\"},{\"@type\":\"ListItem\",\"position\":2,\"name\":\"Kongress \u00abSport kann alles?\u00bb 20.\/21. September Bern\"}]},{\"@type\":\"WebSite\",\"@id\":\"https:\/\/blog.zhaw.ch\/forschungssupport\/#website\",\"url\":\"https:\/\/blog.zhaw.ch\/forschungssupport\/\",\"name\":\"Blog f\u00fcr Forschung und Entwicklung\",\"description\":\"Ein Blog der ZHAW Z\u00fcrcher Hochschule f\u00fcr Angewandte Wissenschaften\",\"potentialAction\":[{\"@type\":\"SearchAction\",\"target\":{\"@type\":\"EntryPoint\",\"urlTemplate\":\"https:\/\/blog.zhaw.ch\/forschungssupport\/?s={search_term_string}\"},\"query-input\":{\"@type\":\"PropertyValueSpecification\",\"valueRequired\":true,\"valueName\":\"search_term_string\"}}],\"inLanguage\":\"de\"},{\"@type\":\"Person\",\"@id\":\"https:\/\/blog.zhaw.ch\/forschungssupport\/#\/schema\/person\/ac9b72054c9b75700c5fe6696ee3dfb0\",\"name\":\"Heinrich St\u00fclpnagel\",\"image\":{\"@type\":\"ImageObject\",\"inLanguage\":\"de\",\"@id\":\"https:\/\/secure.gravatar.com\/avatar\/abb16a8086434b08b727ee8686cd30a270b9a039f415b3546c1ab03c85b7b91c?s=96&d=mm&r=g\",\"url\":\"https:\/\/secure.gravatar.com\/avatar\/abb16a8086434b08b727ee8686cd30a270b9a039f415b3546c1ab03c85b7b91c?s=96&d=mm&r=g\",\"contentUrl\":\"https:\/\/secure.gravatar.com\/avatar\/abb16a8086434b08b727ee8686cd30a270b9a039f415b3546c1ab03c85b7b91c?s=96&d=mm&r=g\",\"caption\":\"Heinrich St\u00fclpnagel\"},\"sameAs\":[\"http:\/\/www.zhaw.ch\/Forschung\"],\"url\":\"https:\/\/blog.zhaw.ch\/forschungssupport\/author\/stph\/\"}]}<\/script>\n<!-- \/ Yoast SEO Premium plugin. -->","yoast_head_json":{"title":"Kongress \u00abSport kann alles?\u00bb 20.\/21. September Bern - Blog f\u00fcr Forschung und Entwicklung","robots":{"index":"index","follow":"follow","max-snippet":"max-snippet:-1","max-image-preview":"max-image-preview:large","max-video-preview":"max-video-preview:-1"},"canonical":"https:\/\/blog.zhaw.ch\/forschungssupport\/sport-kann-alles-kongress-20-und-21-september-2012-in-bern\/","og_locale":"de_DE","og_type":"article","og_title":"Kongress \u00abSport kann alles?\u00bb 20.\/21. September Bern","og_description":"Der dritte interdisziplin\u00e4re Kongress zu Gegenwart und Zukunft von Sport im Sozial- und Pr\u00e4ventionsbereich findet am 20. und 21. September im Kornhausforum Bern statt. Schlagw\u00f6rter: Gesundheit, Kongress","og_url":"https:\/\/blog.zhaw.ch\/forschungssupport\/sport-kann-alles-kongress-20-und-21-september-2012-in-bern\/","og_site_name":"Blog f\u00fcr Forschung und Entwicklung","article_published_time":"2012-07-10T09:41:20+00:00","og_image":[{"url":"http:\/\/blog.zhaw.ch\/forschungssupport\/files\/2012\/07\/idee-sport.jpg","type":"","width":"","height":""}],"author":"Heinrich St\u00fclpnagel","twitter_card":"summary_large_image","twitter_misc":{"Verfasst von":"Heinrich St\u00fclpnagel","Gesch\u00e4tzte Lesezeit":"1\u00a0Minute"},"schema":{"@context":"https:\/\/schema.org","@graph":[{"@type":"Article","@id":"https:\/\/blog.zhaw.ch\/forschungssupport\/sport-kann-alles-kongress-20-und-21-september-2012-in-bern\/#article","isPartOf":{"@id":"https:\/\/blog.zhaw.ch\/forschungssupport\/sport-kann-alles-kongress-20-und-21-september-2012-in-bern\/"},"author":{"name":"Heinrich St\u00fclpnagel","@id":"https:\/\/blog.zhaw.ch\/forschungssupport\/#\/schema\/person\/ac9b72054c9b75700c5fe6696ee3dfb0"},"headline":"Kongress \u00abSport kann alles?\u00bb 20.\/21. September Bern","datePublished":"2012-07-10T09:41:20+00:00","mainEntityOfPage":{"@id":"https:\/\/blog.zhaw.ch\/forschungssupport\/sport-kann-alles-kongress-20-und-21-september-2012-in-bern\/"},"wordCount":125,"commentCount":0,"image":{"@id":"https:\/\/blog.zhaw.ch\/forschungssupport\/sport-kann-alles-kongress-20-und-21-september-2012-in-bern\/#primaryimage"},"thumbnailUrl":"http:\/\/blog.zhaw.ch\/forschungssupport\/files\/2012\/07\/idee-sport.jpg","keywords":["Gesundheit","Kongress"],"articleSection":{"1":"Veranstaltungen extern"},"inLanguage":"de","potentialAction":[{"@type":"CommentAction","name":"Comment","target":["https:\/\/blog.zhaw.ch\/forschungssupport\/sport-kann-alles-kongress-20-und-21-september-2012-in-bern\/#respond"]}]},{"@type":"WebPage","@id":"https:\/\/blog.zhaw.ch\/forschungssupport\/sport-kann-alles-kongress-20-und-21-september-2012-in-bern\/","url":"https:\/\/blog.zhaw.ch\/forschungssupport\/sport-kann-alles-kongress-20-und-21-september-2012-in-bern\/","name":"Kongress \u00abSport kann alles?\u00bb 20.\/21. September Bern - Blog f\u00fcr Forschung und Entwicklung","isPartOf":{"@id":"https:\/\/blog.zhaw.ch\/forschungssupport\/#website"},"primaryImageOfPage":{"@id":"https:\/\/blog.zhaw.ch\/forschungssupport\/sport-kann-alles-kongress-20-und-21-september-2012-in-bern\/#primaryimage"},"image":{"@id":"https:\/\/blog.zhaw.ch\/forschungssupport\/sport-kann-alles-kongress-20-und-21-september-2012-in-bern\/#primaryimage"},"thumbnailUrl":"http:\/\/blog.zhaw.ch\/forschungssupport\/files\/2012\/07\/idee-sport.jpg","datePublished":"2012-07-10T09:41:20+00:00","author":{"@id":"https:\/\/blog.zhaw.ch\/forschungssupport\/#\/schema\/person\/ac9b72054c9b75700c5fe6696ee3dfb0"},"breadcrumb":{"@id":"https:\/\/blog.zhaw.ch\/forschungssupport\/sport-kann-alles-kongress-20-und-21-september-2012-in-bern\/#breadcrumb"},"inLanguage":"de","potentialAction":[{"@type":"ReadAction","target":["https:\/\/blog.zhaw.ch\/forschungssupport\/sport-kann-alles-kongress-20-und-21-september-2012-in-bern\/"]}]},{"@type":"ImageObject","inLanguage":"de","@id":"https:\/\/blog.zhaw.ch\/forschungssupport\/sport-kann-alles-kongress-20-und-21-september-2012-in-bern\/#primaryimage","url":"http:\/\/blog.zhaw.ch\/forschungssupport\/files\/2012\/07\/idee-sport.jpg","contentUrl":"http:\/\/blog.zhaw.ch\/forschungssupport\/files\/2012\/07\/idee-sport.jpg"},{"@type":"BreadcrumbList","@id":"https:\/\/blog.zhaw.ch\/forschungssupport\/sport-kann-alles-kongress-20-und-21-september-2012-in-bern\/#breadcrumb","itemListElement":[{"@type":"ListItem","position":1,"name":"Startseite","item":"https:\/\/blog.zhaw.ch\/forschungssupport\/"},{"@type":"ListItem","position":2,"name":"Kongress \u00abSport kann alles?\u00bb 20.\/21. September Bern"}]},{"@type":"WebSite","@id":"https:\/\/blog.zhaw.ch\/forschungssupport\/#website","url":"https:\/\/blog.zhaw.ch\/forschungssupport\/","name":"Blog f\u00fcr Forschung und Entwicklung","description":"Ein Blog der ZHAW Z\u00fcrcher Hochschule f\u00fcr Angewandte Wissenschaften","potentialAction":[{"@type":"SearchAction","target":{"@type":"EntryPoint","urlTemplate":"https:\/\/blog.zhaw.ch\/forschungssupport\/?s={search_term_string}"},"query-input":{"@type":"PropertyValueSpecification","valueRequired":true,"valueName":"search_term_string"}}],"inLanguage":"de"},{"@type":"Person","@id":"https:\/\/blog.zhaw.ch\/forschungssupport\/#\/schema\/person\/ac9b72054c9b75700c5fe6696ee3dfb0","name":"Heinrich St\u00fclpnagel","image":{"@type":"ImageObject","inLanguage":"de","@id":"https:\/\/secure.gravatar.com\/avatar\/abb16a8086434b08b727ee8686cd30a270b9a039f415b3546c1ab03c85b7b91c?s=96&d=mm&r=g","url":"https:\/\/secure.gravatar.com\/avatar\/abb16a8086434b08b727ee8686cd30a270b9a039f415b3546c1ab03c85b7b91c?s=96&d=mm&r=g","contentUrl":"https:\/\/secure.gravatar.com\/avatar\/abb16a8086434b08b727ee8686cd30a270b9a039f415b3546c1ab03c85b7b91c?s=96&d=mm&r=g","caption":"Heinrich St\u00fclpnagel"},"sameAs":["http:\/\/www.zhaw.ch\/Forschung"],"url":"https:\/\/blog.zhaw.ch\/forschungssupport\/author\/stph\/"}]}},"_links":{"self":[{"href":"https:\/\/blog.zhaw.ch\/forschungssupport\/wp-json\/wp\/v2\/posts\/2306","targetHints":{"allow":["GET"]}}],"collection":[{"href":"https:\/\/blog.zhaw.ch\/forschungssupport\/wp-json\/wp\/v2\/posts"}],"about":[{"href":"https:\/\/blog.zhaw.ch\/forschungssupport\/wp-json\/wp\/v2\/types\/post"}],"author":[{"embeddable":true,"href":"https:\/\/blog.zhaw.ch\/forschungssupport\/wp-json\/wp\/v2\/users\/10"}],"replies":[{"embeddable":true,"href":"https:\/\/blog.zhaw.ch\/forschungssupport\/wp-json\/wp\/v2\/comments?post=2306"}],"version-history":[{"count":0,"href":"https:\/\/blog.zhaw.ch\/forschungssupport\/wp-json\/wp\/v2\/posts\/2306\/revisions"}],"wp:attachment":[{"href":"https:\/\/blog.zhaw.ch\/forschungssupport\/wp-json\/wp\/v2\/media?parent=2306"}],"wp:term":[{"taxonomy":"category","embeddable":true,"href":"https:\/\/blog.zhaw.ch\/forschungssupport\/wp-json\/wp\/v2\/categories?post=2306"},{"taxonomy":"post_tag","embeddable":true,"href":"https:\/\/blog.zhaw.ch\/forschungssupport\/wp-json\/wp\/v2\/tags?post=2306"},{"taxonomy":"features","embeddable":true,"href":"https:\/\/blog.zhaw.ch\/forschungssupport\/wp-json\/wp\/v2\/features?post=2306"}],"curies":[{"name":"wp","href":"https:\/\/api.w.org\/{rel}","templated":true}]}}