{"id":1723,"date":"2012-02-09T15:09:58","date_gmt":"2012-02-09T14:09:58","guid":{"rendered":"http:\/\/www.forschungssupport.ch\/?p=1723"},"modified":"2012-02-09T15:09:58","modified_gmt":"2012-02-09T14:09:58","slug":"cleanteccity-13-15-marz-messe-bern","status":"publish","type":"post","link":"https:\/\/blog.zhaw.ch\/forschungssupport\/cleanteccity-13-15-marz-messe-bern\/","title":{"rendered":"cleanteccity 13.-15. M\u00e4rz Messe Bern"},"content":{"rendered":"<p><a href=\"http:\/\/blog.zhaw.ch\/forschungssupport\/files\/2012\/02\/logo_ctc_aktiv.png\"><img loading=\"lazy\" decoding=\"async\" class=\"alignleft size-full wp-image-1724\" title=\"logo_ctc_aktiv\" src=\"http:\/\/blog.zhaw.ch\/forschungssupport\/files\/2012\/02\/logo_ctc_aktiv.png\" alt=\"\" width=\"151\" height=\"143\" srcset=\"https:\/\/blog.zhaw.ch\/forschungssupport\/files\/2012\/02\/logo_ctc_aktiv.png 151w, https:\/\/blog.zhaw.ch\/forschungssupport\/files\/2012\/02\/logo_ctc_aktiv-150x143.png 150w\" sizes=\"auto, (max-width: 151px) 100vw, 151px\" \/><\/a>Die Cleantec City ist die erste Schweizer Plattform f\u00fcr nachhaltige  Entwicklung von Gemeinde, Stadt und Unternehmen. Die Fachmesse geht  erstmals auf die Frage ein, wie eine Gemeinde, Stadt oder ein  Privatunternehmen aussieht, wenn sie auf nachhaltige Technologien und  Verfahren setzt, und ist so Branchen- und Begegnungsplattform f\u00fcr  Cleantechnologie in der Schweiz.<br \/>\n<!--more-->Mit beispielhaften Projekten aus den Bereichen Energie, Bau, Wasserversorgung, Mobilit\u00e4t und Umwelt zeigen wir, wie Forschungs-ergebnisse helfen k\u00f6nnen, in St\u00e4dten und Gemeinden Ressourcen zu sparen und nachhaltig zu wirtschaften.<\/p>\n<p>Weitere Informationen:<\/p>\n<ul>\n<li><a href=\"http:\/\/www.cleanteccity.ch\" target=\"_blank\">Cleanteccity Website<\/a><\/li>\n<li><a href=\"http:\/\/www.cleanteccity.ch\/desktopdefault.aspx\/tabid-1255\/1124_read-1950\/\" target=\"_blank\">ZHAW Projekt UrbanFarmers<\/a><\/li>\n<\/ul>\n<div class=\"pt-sm\">Schlagw\u00f6rter: <a href=\"https:\/\/blog.zhaw.ch\/forschungssupport\/tag\/nachhaltige-entwicklung\/\">Nachhaltige Entwicklung<\/a>, <a href=\"https:\/\/blog.zhaw.ch\/forschungssupport\/tag\/umwelt\/\">Umwelt<\/a><br><\/div>","protected":false},"excerpt":{"rendered":"<p>Die Cleantec City ist die erste Schweizer Plattform f\u00fcr nachhaltige Entwicklung von Gemeinde, Stadt und Unternehmen. Die Fachmesse geht erstmals auf die Frage ein, wie eine Gemeinde, Stadt oder ein Privatunternehmen aussieht, wenn sie auf nachhaltige Technologien und Verfahren setzt, und ist so Branchen- und Begegnungsplattform f\u00fcr Cleantechnologie in der Schweiz. Schlagw\u00f6rter: Nachhaltige Entwicklung, Umwelt<\/p>\n","protected":false},"author":10,"featured_media":0,"comment_status":"open","ping_status":"open","sticky":false,"template":"","format":"standard","meta":{"ngg_post_thumbnail":0,"footnotes":""},"categories":[16],"tags":[135,189],"features":[],"class_list":["post-1723","post","type-post","status-publish","format-standard","hentry","category-veranstaltungen-extern","tag-nachhaltige-entwicklung","tag-umwelt"],"yoast_head":"<!-- This site is optimized with the Yoast SEO Premium plugin v27.2 (Yoast SEO v27.2) - https:\/\/yoast.com\/product\/yoast-seo-premium-wordpress\/ -->\n<title>cleanteccity 13.-15. M\u00e4rz Messe Bern - Blog f\u00fcr Forschung und Entwicklung<\/title>\n<meta name=\"robots\" content=\"index, follow, max-snippet:-1, max-image-preview:large, max-video-preview:-1\" \/>\n<link rel=\"canonical\" href=\"https:\/\/blog.zhaw.ch\/forschungssupport\/cleanteccity-13-15-marz-messe-bern\/\" \/>\n<meta property=\"og:locale\" content=\"de_DE\" \/>\n<meta property=\"og:type\" content=\"article\" \/>\n<meta property=\"og:title\" content=\"cleanteccity 13.-15. M\u00e4rz Messe Bern\" \/>\n<meta property=\"og:description\" content=\"Die Cleantec City ist die erste Schweizer Plattform f\u00fcr nachhaltige Entwicklung von Gemeinde, Stadt und Unternehmen. Die Fachmesse geht erstmals auf die Frage ein, wie eine Gemeinde, Stadt oder ein Privatunternehmen aussieht, wenn sie auf nachhaltige Technologien und Verfahren setzt, und ist so Branchen- und Begegnungsplattform f\u00fcr Cleantechnologie in der Schweiz. Schlagw\u00f6rter: Nachhaltige Entwicklung, Umwelt\" \/>\n<meta property=\"og:url\" content=\"https:\/\/blog.zhaw.ch\/forschungssupport\/cleanteccity-13-15-marz-messe-bern\/\" \/>\n<meta property=\"og:site_name\" content=\"Blog f\u00fcr Forschung und Entwicklung\" \/>\n<meta property=\"article:published_time\" content=\"2012-02-09T14:09:58+00:00\" \/>\n<meta property=\"og:image\" content=\"http:\/\/blog.zhaw.ch\/forschungssupport\/files\/2012\/02\/logo_ctc_aktiv.png\" \/>\n<meta name=\"author\" content=\"Heinrich St\u00fclpnagel\" \/>\n<meta name=\"twitter:card\" content=\"summary_large_image\" \/>\n<meta name=\"twitter:label1\" content=\"Verfasst von\" \/>\n\t<meta name=\"twitter:data1\" content=\"Heinrich St\u00fclpnagel\" \/>\n<script type=\"application\/ld+json\" class=\"yoast-schema-graph\">{\"@context\":\"https:\/\/schema.org\",\"@graph\":[{\"@type\":\"Article\",\"@id\":\"https:\/\/blog.zhaw.ch\/forschungssupport\/cleanteccity-13-15-marz-messe-bern\/#article\",\"isPartOf\":{\"@id\":\"https:\/\/blog.zhaw.ch\/forschungssupport\/cleanteccity-13-15-marz-messe-bern\/\"},\"author\":{\"name\":\"Heinrich St\u00fclpnagel\",\"@id\":\"https:\/\/blog.zhaw.ch\/forschungssupport\/#\/schema\/person\/ac9b72054c9b75700c5fe6696ee3dfb0\"},\"headline\":\"cleanteccity 13.-15. M\u00e4rz Messe Bern\",\"datePublished\":\"2012-02-09T14:09:58+00:00\",\"mainEntityOfPage\":{\"@id\":\"https:\/\/blog.zhaw.ch\/forschungssupport\/cleanteccity-13-15-marz-messe-bern\/\"},\"wordCount\":98,\"commentCount\":0,\"image\":{\"@id\":\"https:\/\/blog.zhaw.ch\/forschungssupport\/cleanteccity-13-15-marz-messe-bern\/#primaryimage\"},\"thumbnailUrl\":\"http:\/\/blog.zhaw.ch\/forschungssupport\/files\/2012\/02\/logo_ctc_aktiv.png\",\"keywords\":[\"Nachhaltige Entwicklung\",\"Umwelt\"],\"articleSection\":[\"Veranstaltungen extern\"],\"inLanguage\":\"de\",\"potentialAction\":[{\"@type\":\"CommentAction\",\"name\":\"Comment\",\"target\":[\"https:\/\/blog.zhaw.ch\/forschungssupport\/cleanteccity-13-15-marz-messe-bern\/#respond\"]}]},{\"@type\":\"WebPage\",\"@id\":\"https:\/\/blog.zhaw.ch\/forschungssupport\/cleanteccity-13-15-marz-messe-bern\/\",\"url\":\"https:\/\/blog.zhaw.ch\/forschungssupport\/cleanteccity-13-15-marz-messe-bern\/\",\"name\":\"cleanteccity 13.-15. M\u00e4rz Messe Bern - Blog f\u00fcr Forschung und Entwicklung\",\"isPartOf\":{\"@id\":\"https:\/\/blog.zhaw.ch\/forschungssupport\/#website\"},\"primaryImageOfPage\":{\"@id\":\"https:\/\/blog.zhaw.ch\/forschungssupport\/cleanteccity-13-15-marz-messe-bern\/#primaryimage\"},\"image\":{\"@id\":\"https:\/\/blog.zhaw.ch\/forschungssupport\/cleanteccity-13-15-marz-messe-bern\/#primaryimage\"},\"thumbnailUrl\":\"http:\/\/blog.zhaw.ch\/forschungssupport\/files\/2012\/02\/logo_ctc_aktiv.png\",\"datePublished\":\"2012-02-09T14:09:58+00:00\",\"author\":{\"@id\":\"https:\/\/blog.zhaw.ch\/forschungssupport\/#\/schema\/person\/ac9b72054c9b75700c5fe6696ee3dfb0\"},\"breadcrumb\":{\"@id\":\"https:\/\/blog.zhaw.ch\/forschungssupport\/cleanteccity-13-15-marz-messe-bern\/#breadcrumb\"},\"inLanguage\":\"de\",\"potentialAction\":[{\"@type\":\"ReadAction\",\"target\":[\"https:\/\/blog.zhaw.ch\/forschungssupport\/cleanteccity-13-15-marz-messe-bern\/\"]}]},{\"@type\":\"ImageObject\",\"inLanguage\":\"de\",\"@id\":\"https:\/\/blog.zhaw.ch\/forschungssupport\/cleanteccity-13-15-marz-messe-bern\/#primaryimage\",\"url\":\"http:\/\/blog.zhaw.ch\/forschungssupport\/files\/2012\/02\/logo_ctc_aktiv.png\",\"contentUrl\":\"http:\/\/blog.zhaw.ch\/forschungssupport\/files\/2012\/02\/logo_ctc_aktiv.png\"},{\"@type\":\"BreadcrumbList\",\"@id\":\"https:\/\/blog.zhaw.ch\/forschungssupport\/cleanteccity-13-15-marz-messe-bern\/#breadcrumb\",\"itemListElement\":[{\"@type\":\"ListItem\",\"position\":1,\"name\":\"Startseite\",\"item\":\"https:\/\/blog.zhaw.ch\/forschungssupport\/\"},{\"@type\":\"ListItem\",\"position\":2,\"name\":\"cleanteccity 13.-15. M\u00e4rz Messe Bern\"}]},{\"@type\":\"WebSite\",\"@id\":\"https:\/\/blog.zhaw.ch\/forschungssupport\/#website\",\"url\":\"https:\/\/blog.zhaw.ch\/forschungssupport\/\",\"name\":\"Blog f\u00fcr Forschung und Entwicklung\",\"description\":\"Ein Blog der ZHAW Z\u00fcrcher Hochschule f\u00fcr Angewandte Wissenschaften\",\"potentialAction\":[{\"@type\":\"SearchAction\",\"target\":{\"@type\":\"EntryPoint\",\"urlTemplate\":\"https:\/\/blog.zhaw.ch\/forschungssupport\/?s={search_term_string}\"},\"query-input\":{\"@type\":\"PropertyValueSpecification\",\"valueRequired\":true,\"valueName\":\"search_term_string\"}}],\"inLanguage\":\"de\"},{\"@type\":\"Person\",\"@id\":\"https:\/\/blog.zhaw.ch\/forschungssupport\/#\/schema\/person\/ac9b72054c9b75700c5fe6696ee3dfb0\",\"name\":\"Heinrich St\u00fclpnagel\",\"image\":{\"@type\":\"ImageObject\",\"inLanguage\":\"de\",\"@id\":\"https:\/\/secure.gravatar.com\/avatar\/abb16a8086434b08b727ee8686cd30a270b9a039f415b3546c1ab03c85b7b91c?s=96&d=mm&r=g\",\"url\":\"https:\/\/secure.gravatar.com\/avatar\/abb16a8086434b08b727ee8686cd30a270b9a039f415b3546c1ab03c85b7b91c?s=96&d=mm&r=g\",\"contentUrl\":\"https:\/\/secure.gravatar.com\/avatar\/abb16a8086434b08b727ee8686cd30a270b9a039f415b3546c1ab03c85b7b91c?s=96&d=mm&r=g\",\"caption\":\"Heinrich St\u00fclpnagel\"},\"sameAs\":[\"http:\/\/www.zhaw.ch\/Forschung\"],\"url\":\"https:\/\/blog.zhaw.ch\/forschungssupport\/author\/stph\/\"}]}<\/script>\n<!-- \/ Yoast SEO Premium plugin. -->","yoast_head_json":{"title":"cleanteccity 13.-15. M\u00e4rz Messe Bern - Blog f\u00fcr Forschung und Entwicklung","robots":{"index":"index","follow":"follow","max-snippet":"max-snippet:-1","max-image-preview":"max-image-preview:large","max-video-preview":"max-video-preview:-1"},"canonical":"https:\/\/blog.zhaw.ch\/forschungssupport\/cleanteccity-13-15-marz-messe-bern\/","og_locale":"de_DE","og_type":"article","og_title":"cleanteccity 13.-15. M\u00e4rz Messe Bern","og_description":"Die Cleantec City ist die erste Schweizer Plattform f\u00fcr nachhaltige Entwicklung von Gemeinde, Stadt und Unternehmen. Die Fachmesse geht erstmals auf die Frage ein, wie eine Gemeinde, Stadt oder ein Privatunternehmen aussieht, wenn sie auf nachhaltige Technologien und Verfahren setzt, und ist so Branchen- und Begegnungsplattform f\u00fcr Cleantechnologie in der Schweiz. Schlagw\u00f6rter: Nachhaltige Entwicklung, Umwelt","og_url":"https:\/\/blog.zhaw.ch\/forschungssupport\/cleanteccity-13-15-marz-messe-bern\/","og_site_name":"Blog f\u00fcr Forschung und Entwicklung","article_published_time":"2012-02-09T14:09:58+00:00","og_image":[{"url":"http:\/\/blog.zhaw.ch\/forschungssupport\/files\/2012\/02\/logo_ctc_aktiv.png","type":"","width":"","height":""}],"author":"Heinrich St\u00fclpnagel","twitter_card":"summary_large_image","twitter_misc":{"Verfasst von":"Heinrich St\u00fclpnagel"},"schema":{"@context":"https:\/\/schema.org","@graph":[{"@type":"Article","@id":"https:\/\/blog.zhaw.ch\/forschungssupport\/cleanteccity-13-15-marz-messe-bern\/#article","isPartOf":{"@id":"https:\/\/blog.zhaw.ch\/forschungssupport\/cleanteccity-13-15-marz-messe-bern\/"},"author":{"name":"Heinrich St\u00fclpnagel","@id":"https:\/\/blog.zhaw.ch\/forschungssupport\/#\/schema\/person\/ac9b72054c9b75700c5fe6696ee3dfb0"},"headline":"cleanteccity 13.-15. M\u00e4rz Messe Bern","datePublished":"2012-02-09T14:09:58+00:00","mainEntityOfPage":{"@id":"https:\/\/blog.zhaw.ch\/forschungssupport\/cleanteccity-13-15-marz-messe-bern\/"},"wordCount":98,"commentCount":0,"image":{"@id":"https:\/\/blog.zhaw.ch\/forschungssupport\/cleanteccity-13-15-marz-messe-bern\/#primaryimage"},"thumbnailUrl":"http:\/\/blog.zhaw.ch\/forschungssupport\/files\/2012\/02\/logo_ctc_aktiv.png","keywords":["Nachhaltige Entwicklung","Umwelt"],"articleSection":["Veranstaltungen extern"],"inLanguage":"de","potentialAction":[{"@type":"CommentAction","name":"Comment","target":["https:\/\/blog.zhaw.ch\/forschungssupport\/cleanteccity-13-15-marz-messe-bern\/#respond"]}]},{"@type":"WebPage","@id":"https:\/\/blog.zhaw.ch\/forschungssupport\/cleanteccity-13-15-marz-messe-bern\/","url":"https:\/\/blog.zhaw.ch\/forschungssupport\/cleanteccity-13-15-marz-messe-bern\/","name":"cleanteccity 13.-15. M\u00e4rz Messe Bern - Blog f\u00fcr Forschung und Entwicklung","isPartOf":{"@id":"https:\/\/blog.zhaw.ch\/forschungssupport\/#website"},"primaryImageOfPage":{"@id":"https:\/\/blog.zhaw.ch\/forschungssupport\/cleanteccity-13-15-marz-messe-bern\/#primaryimage"},"image":{"@id":"https:\/\/blog.zhaw.ch\/forschungssupport\/cleanteccity-13-15-marz-messe-bern\/#primaryimage"},"thumbnailUrl":"http:\/\/blog.zhaw.ch\/forschungssupport\/files\/2012\/02\/logo_ctc_aktiv.png","datePublished":"2012-02-09T14:09:58+00:00","author":{"@id":"https:\/\/blog.zhaw.ch\/forschungssupport\/#\/schema\/person\/ac9b72054c9b75700c5fe6696ee3dfb0"},"breadcrumb":{"@id":"https:\/\/blog.zhaw.ch\/forschungssupport\/cleanteccity-13-15-marz-messe-bern\/#breadcrumb"},"inLanguage":"de","potentialAction":[{"@type":"ReadAction","target":["https:\/\/blog.zhaw.ch\/forschungssupport\/cleanteccity-13-15-marz-messe-bern\/"]}]},{"@type":"ImageObject","inLanguage":"de","@id":"https:\/\/blog.zhaw.ch\/forschungssupport\/cleanteccity-13-15-marz-messe-bern\/#primaryimage","url":"http:\/\/blog.zhaw.ch\/forschungssupport\/files\/2012\/02\/logo_ctc_aktiv.png","contentUrl":"http:\/\/blog.zhaw.ch\/forschungssupport\/files\/2012\/02\/logo_ctc_aktiv.png"},{"@type":"BreadcrumbList","@id":"https:\/\/blog.zhaw.ch\/forschungssupport\/cleanteccity-13-15-marz-messe-bern\/#breadcrumb","itemListElement":[{"@type":"ListItem","position":1,"name":"Startseite","item":"https:\/\/blog.zhaw.ch\/forschungssupport\/"},{"@type":"ListItem","position":2,"name":"cleanteccity 13.-15. M\u00e4rz Messe Bern"}]},{"@type":"WebSite","@id":"https:\/\/blog.zhaw.ch\/forschungssupport\/#website","url":"https:\/\/blog.zhaw.ch\/forschungssupport\/","name":"Blog f\u00fcr Forschung und Entwicklung","description":"Ein Blog der ZHAW Z\u00fcrcher Hochschule f\u00fcr Angewandte Wissenschaften","potentialAction":[{"@type":"SearchAction","target":{"@type":"EntryPoint","urlTemplate":"https:\/\/blog.zhaw.ch\/forschungssupport\/?s={search_term_string}"},"query-input":{"@type":"PropertyValueSpecification","valueRequired":true,"valueName":"search_term_string"}}],"inLanguage":"de"},{"@type":"Person","@id":"https:\/\/blog.zhaw.ch\/forschungssupport\/#\/schema\/person\/ac9b72054c9b75700c5fe6696ee3dfb0","name":"Heinrich St\u00fclpnagel","image":{"@type":"ImageObject","inLanguage":"de","@id":"https:\/\/secure.gravatar.com\/avatar\/abb16a8086434b08b727ee8686cd30a270b9a039f415b3546c1ab03c85b7b91c?s=96&d=mm&r=g","url":"https:\/\/secure.gravatar.com\/avatar\/abb16a8086434b08b727ee8686cd30a270b9a039f415b3546c1ab03c85b7b91c?s=96&d=mm&r=g","contentUrl":"https:\/\/secure.gravatar.com\/avatar\/abb16a8086434b08b727ee8686cd30a270b9a039f415b3546c1ab03c85b7b91c?s=96&d=mm&r=g","caption":"Heinrich St\u00fclpnagel"},"sameAs":["http:\/\/www.zhaw.ch\/Forschung"],"url":"https:\/\/blog.zhaw.ch\/forschungssupport\/author\/stph\/"}]}},"_links":{"self":[{"href":"https:\/\/blog.zhaw.ch\/forschungssupport\/wp-json\/wp\/v2\/posts\/1723","targetHints":{"allow":["GET"]}}],"collection":[{"href":"https:\/\/blog.zhaw.ch\/forschungssupport\/wp-json\/wp\/v2\/posts"}],"about":[{"href":"https:\/\/blog.zhaw.ch\/forschungssupport\/wp-json\/wp\/v2\/types\/post"}],"author":[{"embeddable":true,"href":"https:\/\/blog.zhaw.ch\/forschungssupport\/wp-json\/wp\/v2\/users\/10"}],"replies":[{"embeddable":true,"href":"https:\/\/blog.zhaw.ch\/forschungssupport\/wp-json\/wp\/v2\/comments?post=1723"}],"version-history":[{"count":0,"href":"https:\/\/blog.zhaw.ch\/forschungssupport\/wp-json\/wp\/v2\/posts\/1723\/revisions"}],"wp:attachment":[{"href":"https:\/\/blog.zhaw.ch\/forschungssupport\/wp-json\/wp\/v2\/media?parent=1723"}],"wp:term":[{"taxonomy":"category","embeddable":true,"href":"https:\/\/blog.zhaw.ch\/forschungssupport\/wp-json\/wp\/v2\/categories?post=1723"},{"taxonomy":"post_tag","embeddable":true,"href":"https:\/\/blog.zhaw.ch\/forschungssupport\/wp-json\/wp\/v2\/tags?post=1723"},{"taxonomy":"features","embeddable":true,"href":"https:\/\/blog.zhaw.ch\/forschungssupport\/wp-json\/wp\/v2\/features?post=1723"}],"curies":[{"name":"wp","href":"https:\/\/api.w.org\/{rel}","templated":true}]}}